{"id":8529,"date":"2024-12-19T13:30:05","date_gmt":"2024-12-19T19:30:05","guid":{"rendered":"https:\/\/www.nexoinformativo.mx\/?p=8529"},"modified":"2024-12-19T15:45:34","modified_gmt":"2024-12-19T21:45:34","slug":"corregidora-asegura-que-no-hay-afectados-por-fraude-al-infonavit","status":"publish","type":"post","link":"https:\/\/www.nexoinformativo.mx\/index.php\/2024\/12\/19\/corregidora-asegura-que-no-hay-afectados-por-fraude-al-infonavit\/","title":{"rendered":"Corregidora asegura que no hay afectados por fraude al Infonavit"},"content":{"rendered":"<p style=\"text-align: justify;\" data-sourcepos=\"11:1-11:350\">Hasta el momento, el municipio de Corregidora no ha recibido ninguna denuncia por parte de ciudadanos afectados por el fraude inmobiliario que involucra al Infonavit y que ha sido denunciado a nivel nacional.<\/p>\n<p>&nbsp;<\/p>\n<p style=\"text-align: justify;\" data-sourcepos=\"11:1-11:350\">As\u00ed lo asegur\u00f3 el presidente municipal, Josu\u00e9 Guerrero, quien hizo un llamado a la poblaci\u00f3n a denunciar cualquier irregularidad.<\/p>\n<p>&nbsp;<\/p>\n<p style=\"text-align: justify;\" data-sourcepos=\"13:1-13:307\"><strong>&#8220;Estamos atentos y abiertos a recibir cualquier tipo de queja o solicitud de apoyo por parte de nuestros ciudadanos&#8221;<\/strong>, afirm\u00f3 el alcalde. Guerrero Tr\u00e1pala subray\u00f3 que el gobierno municipal est\u00e1 dispuesto a brindar toda la orientaci\u00f3n necesaria a quienes puedan ser v\u00edctimas de este tipo de fraudes.<\/p>\n<p>&nbsp;<\/p>\n<p style=\"text-align: justify;\" data-sourcepos=\"15:1-15:265\">Para evitar que m\u00e1s personas sean enga\u00f1adas, el presidente municipal anunci\u00f3 que trabajar\u00e1 de manera coordinada con el Colegio de Notarios de Quer\u00e9taro para garantizar la transparencia y legalidad de todos los tr\u00e1mites inmobiliarios que se realicen en el municipio.<\/p>\n<p>&nbsp;<\/p>\n<p style=\"text-align: justify;\" data-sourcepos=\"17:1-17:189\">&#8220;Es importante que los ciudadanos est\u00e9n informados y que acudan a las instituciones correspondientes para realizar sus tr\u00e1mites y evitar caer en fraudes&#8221;, se\u00f1al\u00f3 Josu\u00e9 Guerrero.<\/p>\n<p>&nbsp;<\/p>\n<p style=\"text-align: center;\" data-sourcepos=\"17:1-17:189\"><em><strong>\u00a1Informaci\u00f3n que transforma!<\/strong><\/em><\/p>\n","protected":false},"excerpt":{"rendered":"<p>Hasta el momento, el municipio de Corregidora no ha recibido ninguna denuncia por parte de ciudadanos afectados por el fraude inmobiliario que involucra al Infonavit y que ha sido denunciado a nivel nacional.<\/p>\n","protected":false},"author":3,"featured_media":8530,"comment_status":"open","ping_status":"open","sticky":false,"template":"","format":"standard","meta":{"footnotes":""},"categories":[65,58],"tags":[233,2752,176,131],"class_list":["post-8529","post","type-post","status-publish","format-standard","has-post-thumbnail","hentry","category-municipios","category-ultima-hora","tag-corregidora","tag-fraudeinmobiliario","tag-infonavit","tag-seguridad"],"yoast_head":"<!-- This site is optimized with the Yoast SEO plugin v25.0 - https:\/\/yoast.com\/wordpress\/plugins\/seo\/ -->\n<title>Corregidora asegura que no hay afectados por fraude al Infonavit | Nexo Informativo Santiago de Quer\u00e9taro<\/title>\n<meta name=\"description\" content=\"Corregidora asegura que no hay afectados por fraude al Infonavit\" \/>\n<meta name=\"robots\" content=\"index, follow, max-snippet:-1, max-image-preview:large, max-video-preview:-1\" \/>\n<link rel=\"canonical\" href=\"https:\/\/www.nexoinformativo.mx\/index.php\/2024\/12\/19\/corregidora-asegura-que-no-hay-afectados-por-fraude-al-infonavit\/\" \/>\n<meta property=\"og:locale\" content=\"es_MX\" \/>\n<meta property=\"og:type\" content=\"article\" \/>\n<meta property=\"og:title\" content=\"Corregidora asegura que no hay afectados por fraude al Infonavit | Nexo Informativo Santiago de Quer\u00e9taro\" \/>\n<meta property=\"og:description\" content=\"Corregidora asegura que no hay afectados por fraude al Infonavit\" \/>\n<meta property=\"og:url\" content=\"https:\/\/www.nexoinformativo.mx\/index.php\/2024\/12\/19\/corregidora-asegura-que-no-hay-afectados-por-fraude-al-infonavit\/\" \/>\n<meta property=\"og:site_name\" content=\"Nexo Informativo Santiago de Quer\u00e9taro\" \/>\n<meta property=\"article:publisher\" content=\"https:\/\/www.facebook.com\/people\/Nexo-Informativo\/61564066885511\/\" \/>\n<meta property=\"article:published_time\" content=\"2024-12-19T19:30:05+00:00\" \/>\n<meta property=\"article:modified_time\" content=\"2024-12-19T21:45:34+00:00\" \/>\n<meta property=\"og:image\" content=\"https:\/\/www.nexoinformativo.mx\/wp-content\/uploads\/2024\/12\/f510af73-3cd8-4a20-b353-41bdb159d386-e1734644671938.jpg\" \/>\n\t<meta property=\"og:image:width\" content=\"800\" \/>\n\t<meta property=\"og:image:height\" content=\"600\" \/>\n\t<meta property=\"og:image:type\" content=\"image\/jpeg\" \/>\n<meta name=\"author\" content=\"Nexo Informativo\" \/>\n<meta name=\"twitter:card\" content=\"summary_large_image\" \/>\n<meta name=\"twitter:label1\" content=\"Escrito por\" \/>\n\t<meta name=\"twitter:data1\" content=\"Nexo Informativo\" \/>\n\t<meta name=\"twitter:label2\" content=\"Tiempo de lectura\" \/>\n\t<meta name=\"twitter:data2\" content=\"1 minuto\" \/>\n<script type=\"application\/ld+json\" class=\"yoast-schema-graph\">{\"@context\":\"https:\/\/schema.org\",\"@graph\":[{\"@type\":\"Article\",\"@id\":\"https:\/\/www.nexoinformativo.mx\/index.php\/2024\/12\/19\/corregidora-asegura-que-no-hay-afectados-por-fraude-al-infonavit\/#article\",\"isPartOf\":{\"@id\":\"https:\/\/www.nexoinformativo.mx\/index.php\/2024\/12\/19\/corregidora-asegura-que-no-hay-afectados-por-fraude-al-infonavit\/\"},\"author\":{\"name\":\"Nexo Informativo\",\"@id\":\"https:\/\/www.nexoinformativo.mx\/#\/schema\/person\/7749d380ba08c8ca00d7bc76fd907b7d\"},\"headline\":\"Corregidora asegura que no hay afectados por fraude al Infonavit\",\"datePublished\":\"2024-12-19T19:30:05+00:00\",\"dateModified\":\"2024-12-19T21:45:34+00:00\",\"mainEntityOfPage\":{\"@id\":\"https:\/\/www.nexoinformativo.mx\/index.php\/2024\/12\/19\/corregidora-asegura-que-no-hay-afectados-por-fraude-al-infonavit\/\"},\"wordCount\":195,\"commentCount\":0,\"publisher\":{\"@id\":\"https:\/\/www.nexoinformativo.mx\/#organization\"},\"image\":{\"@id\":\"https:\/\/www.nexoinformativo.mx\/index.php\/2024\/12\/19\/corregidora-asegura-que-no-hay-afectados-por-fraude-al-infonavit\/#primaryimage\"},\"thumbnailUrl\":\"https:\/\/www.nexoinformativo.mx\/wp-content\/uploads\/2024\/12\/f510af73-3cd8-4a20-b353-41bdb159d386-e1734644671938.jpg\",\"keywords\":[\"Corregidora\",\"FraudeInmobiliario\",\"Infonavit\",\"Seguridad\"],\"articleSection\":[\"Municipios\",\"\u00daltima Hora\"],\"inLanguage\":\"es\",\"potentialAction\":[{\"@type\":\"CommentAction\",\"name\":\"Comment\",\"target\":[\"https:\/\/www.nexoinformativo.mx\/index.php\/2024\/12\/19\/corregidora-asegura-que-no-hay-afectados-por-fraude-al-infonavit\/#respond\"]}]},{\"@type\":\"WebPage\",\"@id\":\"https:\/\/www.nexoinformativo.mx\/index.php\/2024\/12\/19\/corregidora-asegura-que-no-hay-afectados-por-fraude-al-infonavit\/\",\"url\":\"https:\/\/www.nexoinformativo.mx\/index.php\/2024\/12\/19\/corregidora-asegura-que-no-hay-afectados-por-fraude-al-infonavit\/\",\"name\":\"Corregidora asegura que no hay afectados por fraude al Infonavit | Nexo Informativo Santiago de Quer\u00e9taro\",\"isPartOf\":{\"@id\":\"https:\/\/www.nexoinformativo.mx\/#website\"},\"primaryImageOfPage\":{\"@id\":\"https:\/\/www.nexoinformativo.mx\/index.php\/2024\/12\/19\/corregidora-asegura-que-no-hay-afectados-por-fraude-al-infonavit\/#primaryimage\"},\"image\":{\"@id\":\"https:\/\/www.nexoinformativo.mx\/index.php\/2024\/12\/19\/corregidora-asegura-que-no-hay-afectados-por-fraude-al-infonavit\/#primaryimage\"},\"thumbnailUrl\":\"https:\/\/www.nexoinformativo.mx\/wp-content\/uploads\/2024\/12\/f510af73-3cd8-4a20-b353-41bdb159d386-e1734644671938.jpg\",\"datePublished\":\"2024-12-19T19:30:05+00:00\",\"dateModified\":\"2024-12-19T21:45:34+00:00\",\"description\":\"Corregidora asegura que no hay afectados por fraude al Infonavit\",\"breadcrumb\":{\"@id\":\"https:\/\/www.nexoinformativo.mx\/index.php\/2024\/12\/19\/corregidora-asegura-que-no-hay-afectados-por-fraude-al-infonavit\/#breadcrumb\"},\"inLanguage\":\"es\",\"potentialAction\":[{\"@type\":\"ReadAction\",\"target\":[\"https:\/\/www.nexoinformativo.mx\/index.php\/2024\/12\/19\/corregidora-asegura-que-no-hay-afectados-por-fraude-al-infonavit\/\"]}]},{\"@type\":\"ImageObject\",\"inLanguage\":\"es\",\"@id\":\"https:\/\/www.nexoinformativo.mx\/index.php\/2024\/12\/19\/corregidora-asegura-que-no-hay-afectados-por-fraude-al-infonavit\/#primaryimage\",\"url\":\"https:\/\/www.nexoinformativo.mx\/wp-content\/uploads\/2024\/12\/f510af73-3cd8-4a20-b353-41bdb159d386-e1734644671938.jpg\",\"contentUrl\":\"https:\/\/www.nexoinformativo.mx\/wp-content\/uploads\/2024\/12\/f510af73-3cd8-4a20-b353-41bdb159d386-e1734644671938.jpg\",\"width\":800,\"height\":600},{\"@type\":\"BreadcrumbList\",\"@id\":\"https:\/\/www.nexoinformativo.mx\/index.php\/2024\/12\/19\/corregidora-asegura-que-no-hay-afectados-por-fraude-al-infonavit\/#breadcrumb\",\"itemListElement\":[{\"@type\":\"ListItem\",\"position\":1,\"name\":\"Inicio\",\"item\":\"https:\/\/www.nexoinformativo.mx\/\"},{\"@type\":\"ListItem\",\"position\":2,\"name\":\"Corregidora asegura que no hay afectados por fraude al Infonavit\"}]},{\"@type\":\"WebSite\",\"@id\":\"https:\/\/www.nexoinformativo.mx\/#website\",\"url\":\"https:\/\/www.nexoinformativo.mx\/\",\"name\":\"Nexo Informativo Santiago de Quer\u00e9taro\",\"description\":\"Explora NexoInformativo y convi\u00e9rtete en parte de una comunidad que valora el conocimiento y la verdad. Tu nexoinformativo es tu puente hacia una comprensi\u00f3n m\u00e1s profunda del mundo que te rodea.\",\"publisher\":{\"@id\":\"https:\/\/www.nexoinformativo.mx\/#organization\"},\"potentialAction\":[{\"@type\":\"SearchAction\",\"target\":{\"@type\":\"EntryPoint\",\"urlTemplate\":\"https:\/\/www.nexoinformativo.mx\/?s={search_term_string}\"},\"query-input\":{\"@type\":\"PropertyValueSpecification\",\"valueRequired\":true,\"valueName\":\"search_term_string\"}}],\"inLanguage\":\"es\"},{\"@type\":\"Organization\",\"@id\":\"https:\/\/www.nexoinformativo.mx\/#organization\",\"name\":\"Nexo Informativo Santiago de Quer\u00e9taro\",\"url\":\"https:\/\/www.nexoinformativo.mx\/\",\"logo\":{\"@type\":\"ImageObject\",\"inLanguage\":\"es\",\"@id\":\"https:\/\/www.nexoinformativo.mx\/#\/schema\/logo\/image\/\",\"url\":\"https:\/\/www.nexoinformativo.mx\/wp-content\/uploads\/2024\/07\/nexoi-trasparente-2.png\",\"contentUrl\":\"https:\/\/www.nexoinformativo.mx\/wp-content\/uploads\/2024\/07\/nexoi-trasparente-2.png\",\"width\":816,\"height\":339,\"caption\":\"Nexo Informativo Santiago de Quer\u00e9taro\"},\"image\":{\"@id\":\"https:\/\/www.nexoinformativo.mx\/#\/schema\/logo\/image\/\"},\"sameAs\":[\"https:\/\/www.facebook.com\/people\/Nexo-Informativo\/61564066885511\/\"]},{\"@type\":\"Person\",\"@id\":\"https:\/\/www.nexoinformativo.mx\/#\/schema\/person\/7749d380ba08c8ca00d7bc76fd907b7d\",\"name\":\"Nexo Informativo\",\"image\":{\"@type\":\"ImageObject\",\"inLanguage\":\"es\",\"@id\":\"https:\/\/www.nexoinformativo.mx\/#\/schema\/person\/image\/\",\"url\":\"https:\/\/secure.gravatar.com\/avatar\/dde2928154642a13d95f87ddf1ea9718fe2b46760a005c53e41ff5ad610704e6?s=96&d=mm&r=g\",\"contentUrl\":\"https:\/\/secure.gravatar.com\/avatar\/dde2928154642a13d95f87ddf1ea9718fe2b46760a005c53e41ff5ad610704e6?s=96&d=mm&r=g\",\"caption\":\"Nexo Informativo\"},\"url\":\"https:\/\/www.nexoinformativo.mx\/index.php\/author\/edicion\/\"}]}<\/script>\n<!-- \/ Yoast SEO plugin. -->","yoast_head_json":{"title":"Corregidora asegura que no hay afectados por fraude al Infonavit | Nexo Informativo Santiago de Quer\u00e9taro","description":"Corregidora asegura que no hay afectados por fraude al Infonavit","robots":{"index":"index","follow":"follow","max-snippet":"max-snippet:-1","max-image-preview":"max-image-preview:large","max-video-preview":"max-video-preview:-1"},"canonical":"https:\/\/www.nexoinformativo.mx\/index.php\/2024\/12\/19\/corregidora-asegura-que-no-hay-afectados-por-fraude-al-infonavit\/","og_locale":"es_MX","og_type":"article","og_title":"Corregidora asegura que no hay afectados por fraude al Infonavit | Nexo Informativo Santiago de Quer\u00e9taro","og_description":"Corregidora asegura que no hay afectados por fraude al Infonavit","og_url":"https:\/\/www.nexoinformativo.mx\/index.php\/2024\/12\/19\/corregidora-asegura-que-no-hay-afectados-por-fraude-al-infonavit\/","og_site_name":"Nexo Informativo Santiago de Quer\u00e9taro","article_publisher":"https:\/\/www.facebook.com\/people\/Nexo-Informativo\/61564066885511\/","article_published_time":"2024-12-19T19:30:05+00:00","article_modified_time":"2024-12-19T21:45:34+00:00","og_image":[{"width":800,"height":600,"url":"https:\/\/www.nexoinformativo.mx\/wp-content\/uploads\/2024\/12\/f510af73-3cd8-4a20-b353-41bdb159d386-e1734644671938.jpg","type":"image\/jpeg"}],"author":"Nexo Informativo","twitter_card":"summary_large_image","twitter_misc":{"Escrito por":"Nexo Informativo","Tiempo de lectura":"1 minuto"},"schema":{"@context":"https:\/\/schema.org","@graph":[{"@type":"Article","@id":"https:\/\/www.nexoinformativo.mx\/index.php\/2024\/12\/19\/corregidora-asegura-que-no-hay-afectados-por-fraude-al-infonavit\/#article","isPartOf":{"@id":"https:\/\/www.nexoinformativo.mx\/index.php\/2024\/12\/19\/corregidora-asegura-que-no-hay-afectados-por-fraude-al-infonavit\/"},"author":{"name":"Nexo Informativo","@id":"https:\/\/www.nexoinformativo.mx\/#\/schema\/person\/7749d380ba08c8ca00d7bc76fd907b7d"},"headline":"Corregidora asegura que no hay afectados por fraude al Infonavit","datePublished":"2024-12-19T19:30:05+00:00","dateModified":"2024-12-19T21:45:34+00:00","mainEntityOfPage":{"@id":"https:\/\/www.nexoinformativo.mx\/index.php\/2024\/12\/19\/corregidora-asegura-que-no-hay-afectados-por-fraude-al-infonavit\/"},"wordCount":195,"commentCount":0,"publisher":{"@id":"https:\/\/www.nexoinformativo.mx\/#organization"},"image":{"@id":"https:\/\/www.nexoinformativo.mx\/index.php\/2024\/12\/19\/corregidora-asegura-que-no-hay-afectados-por-fraude-al-infonavit\/#primaryimage"},"thumbnailUrl":"https:\/\/www.nexoinformativo.mx\/wp-content\/uploads\/2024\/12\/f510af73-3cd8-4a20-b353-41bdb159d386-e1734644671938.jpg","keywords":["Corregidora","FraudeInmobiliario","Infonavit","Seguridad"],"articleSection":["Municipios","\u00daltima Hora"],"inLanguage":"es","potentialAction":[{"@type":"CommentAction","name":"Comment","target":["https:\/\/www.nexoinformativo.mx\/index.php\/2024\/12\/19\/corregidora-asegura-que-no-hay-afectados-por-fraude-al-infonavit\/#respond"]}]},{"@type":"WebPage","@id":"https:\/\/www.nexoinformativo.mx\/index.php\/2024\/12\/19\/corregidora-asegura-que-no-hay-afectados-por-fraude-al-infonavit\/","url":"https:\/\/www.nexoinformativo.mx\/index.php\/2024\/12\/19\/corregidora-asegura-que-no-hay-afectados-por-fraude-al-infonavit\/","name":"Corregidora asegura que no hay afectados por fraude al Infonavit | Nexo Informativo Santiago de Quer\u00e9taro","isPartOf":{"@id":"https:\/\/www.nexoinformativo.mx\/#website"},"primaryImageOfPage":{"@id":"https:\/\/www.nexoinformativo.mx\/index.php\/2024\/12\/19\/corregidora-asegura-que-no-hay-afectados-por-fraude-al-infonavit\/#primaryimage"},"image":{"@id":"https:\/\/www.nexoinformativo.mx\/index.php\/2024\/12\/19\/corregidora-asegura-que-no-hay-afectados-por-fraude-al-infonavit\/#primaryimage"},"thumbnailUrl":"https:\/\/www.nexoinformativo.mx\/wp-content\/uploads\/2024\/12\/f510af73-3cd8-4a20-b353-41bdb159d386-e1734644671938.jpg","datePublished":"2024-12-19T19:30:05+00:00","dateModified":"2024-12-19T21:45:34+00:00","description":"Corregidora asegura que no hay afectados por fraude al Infonavit","breadcrumb":{"@id":"https:\/\/www.nexoinformativo.mx\/index.php\/2024\/12\/19\/corregidora-asegura-que-no-hay-afectados-por-fraude-al-infonavit\/#breadcrumb"},"inLanguage":"es","potentialAction":[{"@type":"ReadAction","target":["https:\/\/www.nexoinformativo.mx\/index.php\/2024\/12\/19\/corregidora-asegura-que-no-hay-afectados-por-fraude-al-infonavit\/"]}]},{"@type":"ImageObject","inLanguage":"es","@id":"https:\/\/www.nexoinformativo.mx\/index.php\/2024\/12\/19\/corregidora-asegura-que-no-hay-afectados-por-fraude-al-infonavit\/#primaryimage","url":"https:\/\/www.nexoinformativo.mx\/wp-content\/uploads\/2024\/12\/f510af73-3cd8-4a20-b353-41bdb159d386-e1734644671938.jpg","contentUrl":"https:\/\/www.nexoinformativo.mx\/wp-content\/uploads\/2024\/12\/f510af73-3cd8-4a20-b353-41bdb159d386-e1734644671938.jpg","width":800,"height":600},{"@type":"BreadcrumbList","@id":"https:\/\/www.nexoinformativo.mx\/index.php\/2024\/12\/19\/corregidora-asegura-que-no-hay-afectados-por-fraude-al-infonavit\/#breadcrumb","itemListElement":[{"@type":"ListItem","position":1,"name":"Inicio","item":"https:\/\/www.nexoinformativo.mx\/"},{"@type":"ListItem","position":2,"name":"Corregidora asegura que no hay afectados por fraude al Infonavit"}]},{"@type":"WebSite","@id":"https:\/\/www.nexoinformativo.mx\/#website","url":"https:\/\/www.nexoinformativo.mx\/","name":"Nexo Informativo Santiago de Quer\u00e9taro","description":"Explora NexoInformativo y convi\u00e9rtete en parte de una comunidad que valora el conocimiento y la verdad. Tu nexoinformativo es tu puente hacia una comprensi\u00f3n m\u00e1s profunda del mundo que te rodea.","publisher":{"@id":"https:\/\/www.nexoinformativo.mx\/#organization"},"potentialAction":[{"@type":"SearchAction","target":{"@type":"EntryPoint","urlTemplate":"https:\/\/www.nexoinformativo.mx\/?s={search_term_string}"},"query-input":{"@type":"PropertyValueSpecification","valueRequired":true,"valueName":"search_term_string"}}],"inLanguage":"es"},{"@type":"Organization","@id":"https:\/\/www.nexoinformativo.mx\/#organization","name":"Nexo Informativo Santiago de Quer\u00e9taro","url":"https:\/\/www.nexoinformativo.mx\/","logo":{"@type":"ImageObject","inLanguage":"es","@id":"https:\/\/www.nexoinformativo.mx\/#\/schema\/logo\/image\/","url":"https:\/\/www.nexoinformativo.mx\/wp-content\/uploads\/2024\/07\/nexoi-trasparente-2.png","contentUrl":"https:\/\/www.nexoinformativo.mx\/wp-content\/uploads\/2024\/07\/nexoi-trasparente-2.png","width":816,"height":339,"caption":"Nexo Informativo Santiago de Quer\u00e9taro"},"image":{"@id":"https:\/\/www.nexoinformativo.mx\/#\/schema\/logo\/image\/"},"sameAs":["https:\/\/www.facebook.com\/people\/Nexo-Informativo\/61564066885511\/"]},{"@type":"Person","@id":"https:\/\/www.nexoinformativo.mx\/#\/schema\/person\/7749d380ba08c8ca00d7bc76fd907b7d","name":"Nexo Informativo","image":{"@type":"ImageObject","inLanguage":"es","@id":"https:\/\/www.nexoinformativo.mx\/#\/schema\/person\/image\/","url":"https:\/\/secure.gravatar.com\/avatar\/dde2928154642a13d95f87ddf1ea9718fe2b46760a005c53e41ff5ad610704e6?s=96&d=mm&r=g","contentUrl":"https:\/\/secure.gravatar.com\/avatar\/dde2928154642a13d95f87ddf1ea9718fe2b46760a005c53e41ff5ad610704e6?s=96&d=mm&r=g","caption":"Nexo Informativo"},"url":"https:\/\/www.nexoinformativo.mx\/index.php\/author\/edicion\/"}]}},"_links":{"self":[{"href":"https:\/\/www.nexoinformativo.mx\/index.php\/wp-json\/wp\/v2\/posts\/8529","targetHints":{"allow":["GET"]}}],"collection":[{"href":"https:\/\/www.nexoinformativo.mx\/index.php\/wp-json\/wp\/v2\/posts"}],"about":[{"href":"https:\/\/www.nexoinformativo.mx\/index.php\/wp-json\/wp\/v2\/types\/post"}],"author":[{"embeddable":true,"href":"https:\/\/www.nexoinformativo.mx\/index.php\/wp-json\/wp\/v2\/users\/3"}],"replies":[{"embeddable":true,"href":"https:\/\/www.nexoinformativo.mx\/index.php\/wp-json\/wp\/v2\/comments?post=8529"}],"version-history":[{"count":4,"href":"https:\/\/www.nexoinformativo.mx\/index.php\/wp-json\/wp\/v2\/posts\/8529\/revisions"}],"predecessor-version":[{"id":8534,"href":"https:\/\/www.nexoinformativo.mx\/index.php\/wp-json\/wp\/v2\/posts\/8529\/revisions\/8534"}],"wp:featuredmedia":[{"embeddable":true,"href":"https:\/\/www.nexoinformativo.mx\/index.php\/wp-json\/wp\/v2\/media\/8530"}],"wp:attachment":[{"href":"https:\/\/www.nexoinformativo.mx\/index.php\/wp-json\/wp\/v2\/media?parent=8529"}],"wp:term":[{"taxonomy":"category","embeddable":true,"href":"https:\/\/www.nexoinformativo.mx\/index.php\/wp-json\/wp\/v2\/categories?post=8529"},{"taxonomy":"post_tag","embeddable":true,"href":"https:\/\/www.nexoinformativo.mx\/index.php\/wp-json\/wp\/v2\/tags?post=8529"}],"curies":[{"name":"wp","href":"https:\/\/api.w.org\/{rel}","templated":true}]}}