{"id":8535,"date":"2024-12-20T06:00:38","date_gmt":"2024-12-20T12:00:38","guid":{"rendered":"https:\/\/www.nexoinformativo.mx\/?p=8535"},"modified":"2024-12-20T07:17:54","modified_gmt":"2024-12-20T13:17:54","slug":"queretaro-instala-consejo-consultivo-de-cultura-un-nuevo-impulso-para-el-arte-local","status":"publish","type":"post","link":"https:\/\/www.nexoinformativo.mx\/index.php\/2024\/12\/20\/queretaro-instala-consejo-consultivo-de-cultura-un-nuevo-impulso-para-el-arte-local\/","title":{"rendered":"Quer\u00e9taro instala Consejo Consultivo de Cultura: Un nuevo impulso para el arte local"},"content":{"rendered":"<p style=\"text-align: justify;\" data-sourcepos=\"11:1-11:376\">Con el objetivo de impulsar el desarrollo cultural y art\u00edstico del municipio, Quer\u00e9taro dio un paso importante al instalar el Consejo Consultivo Ciudadano de la Secretar\u00eda de Cultura.<\/p>\n<p>&nbsp;<\/p>\n<p style=\"text-align: justify;\" data-sourcepos=\"11:1-11:376\">Este nuevo \u00f3rgano, conformado por expertos y representantes de la sociedad civil, trabajar\u00e1 de manera conjunta para analizar y proponer soluciones que fortalezcan el sector cultural local.<\/p>\n<p>&nbsp;<\/p>\n<p style=\"text-align: justify;\" data-sourcepos=\"13:1-13:369\">La titular de la Secretar\u00eda de Cultura, Dani Salgado, destac\u00f3 que este Consejo es un reflejo del compromiso de la administraci\u00f3n municipal por fomentar la creaci\u00f3n art\u00edstica y cultural.<\/p>\n<p>&nbsp;<\/p>\n<p style=\"text-align: justify;\" data-sourcepos=\"13:1-13:369\"><strong>&#8220;El Consejo se centrar\u00e1 en el fomento a la creaci\u00f3n cultural y art\u00edstica local, a trav\u00e9s del acceso de la comunidad a los beneficios de nuestra instituci\u00f3n&#8221;<\/strong>, afirm\u00f3 Salgado.<\/p>\n<p>&nbsp;<\/p>\n<p style=\"text-align: justify;\" data-sourcepos=\"15:1-15:420\">El Consejo Consultivo Ciudadano estar\u00e1 integrado por diversos perfiles, incluyendo artistas, acad\u00e9micos, representantes de instituciones culturales y ciudadanos interesados en el desarrollo cultural.<\/p>\n<p>&nbsp;<\/p>\n<p style=\"text-align: justify;\" data-sourcepos=\"15:1-15:420\">Entre sus funciones se encuentra el an\u00e1lisis de las necesidades y propuestas de la comunidad art\u00edstica, la elaboraci\u00f3n de programas y proyectos culturales, y la evaluaci\u00f3n de las pol\u00edticas p\u00fablicas en materia de cultura.<\/p>\n<p>&nbsp;<\/p>\n<p style=\"text-align: justify;\" data-sourcepos=\"17:1-17:282\">Los integrantes del Consejo se mostraron entusiasmados ante esta nueva oportunidad para trabajar en conjunto y fortalecer el tejido cultural del municipio.<\/p>\n<p>&nbsp;<\/p>\n<p style=\"text-align: justify;\" data-sourcepos=\"17:1-17:282\">Coincidieron en la importancia de impulsar la participaci\u00f3n ciudadana y de brindar un mayor apoyo a los creadores locales.<\/p>\n<p>&nbsp;<\/p>\n<p style=\"text-align: center;\" data-sourcepos=\"17:1-17:282\"><em><strong>\u00a1Informaci\u00f3n que transforma!<\/strong><\/em><\/p>\n","protected":false},"excerpt":{"rendered":"<p>Con el objetivo de impulsar el desarrollo cultural y art\u00edstico del municipio, Quer\u00e9taro dio un paso importante al instalar el Consejo Consultivo Ciudadano de la Secretar\u00eda de Cultura.<\/p>\n","protected":false},"author":3,"featured_media":8536,"comment_status":"open","ping_status":"open","sticky":false,"template":"","format":"standard","meta":{"footnotes":""},"categories":[42,58],"tags":[2754,2753,417,2330],"class_list":["post-8535","post","type-post","status-publish","format-standard","has-post-thumbnail","hentry","category-estado","category-ultima-hora","tag-artelocal","tag-consejoconsultivo","tag-culturaqueretaro","tag-desarrollocultural"],"yoast_head":"<!-- This site is optimized with the Yoast SEO plugin v25.0 - https:\/\/yoast.com\/wordpress\/plugins\/seo\/ -->\n<title>Quer\u00e9taro instala Consejo Consultivo de Cultura: Un nuevo impulso para el arte local | Nexo Informativo Santiago de Quer\u00e9taro<\/title>\n<meta name=\"description\" content=\"Quer\u00e9taro instala Consejo Consultivo de Cultura: Un nuevo impulso para el arte local\" \/>\n<meta name=\"robots\" content=\"index, follow, max-snippet:-1, max-image-preview:large, max-video-preview:-1\" \/>\n<link rel=\"canonical\" href=\"https:\/\/www.nexoinformativo.mx\/index.php\/2024\/12\/20\/queretaro-instala-consejo-consultivo-de-cultura-un-nuevo-impulso-para-el-arte-local\/\" \/>\n<meta property=\"og:locale\" content=\"es_MX\" \/>\n<meta property=\"og:type\" content=\"article\" \/>\n<meta property=\"og:title\" content=\"Quer\u00e9taro instala Consejo Consultivo de Cultura: Un nuevo impulso para el arte local | Nexo Informativo Santiago de Quer\u00e9taro\" \/>\n<meta property=\"og:description\" content=\"Quer\u00e9taro instala Consejo Consultivo de Cultura: Un nuevo impulso para el arte local\" \/>\n<meta property=\"og:url\" content=\"https:\/\/www.nexoinformativo.mx\/index.php\/2024\/12\/20\/queretaro-instala-consejo-consultivo-de-cultura-un-nuevo-impulso-para-el-arte-local\/\" \/>\n<meta property=\"og:site_name\" content=\"Nexo Informativo Santiago de Quer\u00e9taro\" \/>\n<meta property=\"article:publisher\" content=\"https:\/\/www.facebook.com\/people\/Nexo-Informativo\/61564066885511\/\" \/>\n<meta property=\"article:published_time\" content=\"2024-12-20T12:00:38+00:00\" \/>\n<meta property=\"article:modified_time\" content=\"2024-12-20T13:17:54+00:00\" \/>\n<meta property=\"og:image\" content=\"https:\/\/www.nexoinformativo.mx\/wp-content\/uploads\/2024\/12\/PHOTO-2024-12-19-18-09-17-e1734700613357.jpg\" \/>\n\t<meta property=\"og:image:width\" content=\"800\" \/>\n\t<meta property=\"og:image:height\" content=\"533\" \/>\n\t<meta property=\"og:image:type\" content=\"image\/jpeg\" \/>\n<meta name=\"author\" content=\"Nexo Informativo\" \/>\n<meta name=\"twitter:card\" content=\"summary_large_image\" \/>\n<meta name=\"twitter:label1\" content=\"Escrito por\" \/>\n\t<meta name=\"twitter:data1\" content=\"Nexo Informativo\" \/>\n\t<meta name=\"twitter:label2\" content=\"Tiempo de lectura\" \/>\n\t<meta name=\"twitter:data2\" content=\"2 minutos\" \/>\n<script type=\"application\/ld+json\" class=\"yoast-schema-graph\">{\"@context\":\"https:\/\/schema.org\",\"@graph\":[{\"@type\":\"Article\",\"@id\":\"https:\/\/www.nexoinformativo.mx\/index.php\/2024\/12\/20\/queretaro-instala-consejo-consultivo-de-cultura-un-nuevo-impulso-para-el-arte-local\/#article\",\"isPartOf\":{\"@id\":\"https:\/\/www.nexoinformativo.mx\/index.php\/2024\/12\/20\/queretaro-instala-consejo-consultivo-de-cultura-un-nuevo-impulso-para-el-arte-local\/\"},\"author\":{\"name\":\"Nexo Informativo\",\"@id\":\"https:\/\/www.nexoinformativo.mx\/#\/schema\/person\/7749d380ba08c8ca00d7bc76fd907b7d\"},\"headline\":\"Quer\u00e9taro instala Consejo Consultivo de Cultura: Un nuevo impulso para el arte local\",\"datePublished\":\"2024-12-20T12:00:38+00:00\",\"dateModified\":\"2024-12-20T13:17:54+00:00\",\"mainEntityOfPage\":{\"@id\":\"https:\/\/www.nexoinformativo.mx\/index.php\/2024\/12\/20\/queretaro-instala-consejo-consultivo-de-cultura-un-nuevo-impulso-para-el-arte-local\/\"},\"wordCount\":256,\"commentCount\":0,\"publisher\":{\"@id\":\"https:\/\/www.nexoinformativo.mx\/#organization\"},\"image\":{\"@id\":\"https:\/\/www.nexoinformativo.mx\/index.php\/2024\/12\/20\/queretaro-instala-consejo-consultivo-de-cultura-un-nuevo-impulso-para-el-arte-local\/#primaryimage\"},\"thumbnailUrl\":\"https:\/\/www.nexoinformativo.mx\/wp-content\/uploads\/2024\/12\/PHOTO-2024-12-19-18-09-17-e1734700613357.jpg\",\"keywords\":[\"ArteLocal\",\"ConsejoConsultivo\",\"CulturaQuer\u00e9taro\",\"DesarrolloCultural\"],\"articleSection\":[\"Estado\",\"\u00daltima Hora\"],\"inLanguage\":\"es\",\"potentialAction\":[{\"@type\":\"CommentAction\",\"name\":\"Comment\",\"target\":[\"https:\/\/www.nexoinformativo.mx\/index.php\/2024\/12\/20\/queretaro-instala-consejo-consultivo-de-cultura-un-nuevo-impulso-para-el-arte-local\/#respond\"]}]},{\"@type\":\"WebPage\",\"@id\":\"https:\/\/www.nexoinformativo.mx\/index.php\/2024\/12\/20\/queretaro-instala-consejo-consultivo-de-cultura-un-nuevo-impulso-para-el-arte-local\/\",\"url\":\"https:\/\/www.nexoinformativo.mx\/index.php\/2024\/12\/20\/queretaro-instala-consejo-consultivo-de-cultura-un-nuevo-impulso-para-el-arte-local\/\",\"name\":\"Quer\u00e9taro instala Consejo Consultivo de Cultura: Un nuevo impulso para el arte local | Nexo Informativo Santiago de Quer\u00e9taro\",\"isPartOf\":{\"@id\":\"https:\/\/www.nexoinformativo.mx\/#website\"},\"primaryImageOfPage\":{\"@id\":\"https:\/\/www.nexoinformativo.mx\/index.php\/2024\/12\/20\/queretaro-instala-consejo-consultivo-de-cultura-un-nuevo-impulso-para-el-arte-local\/#primaryimage\"},\"image\":{\"@id\":\"https:\/\/www.nexoinformativo.mx\/index.php\/2024\/12\/20\/queretaro-instala-consejo-consultivo-de-cultura-un-nuevo-impulso-para-el-arte-local\/#primaryimage\"},\"thumbnailUrl\":\"https:\/\/www.nexoinformativo.mx\/wp-content\/uploads\/2024\/12\/PHOTO-2024-12-19-18-09-17-e1734700613357.jpg\",\"datePublished\":\"2024-12-20T12:00:38+00:00\",\"dateModified\":\"2024-12-20T13:17:54+00:00\",\"description\":\"Quer\u00e9taro instala Consejo Consultivo de Cultura: Un nuevo impulso para el arte local\",\"breadcrumb\":{\"@id\":\"https:\/\/www.nexoinformativo.mx\/index.php\/2024\/12\/20\/queretaro-instala-consejo-consultivo-de-cultura-un-nuevo-impulso-para-el-arte-local\/#breadcrumb\"},\"inLanguage\":\"es\",\"potentialAction\":[{\"@type\":\"ReadAction\",\"target\":[\"https:\/\/www.nexoinformativo.mx\/index.php\/2024\/12\/20\/queretaro-instala-consejo-consultivo-de-cultura-un-nuevo-impulso-para-el-arte-local\/\"]}]},{\"@type\":\"ImageObject\",\"inLanguage\":\"es\",\"@id\":\"https:\/\/www.nexoinformativo.mx\/index.php\/2024\/12\/20\/queretaro-instala-consejo-consultivo-de-cultura-un-nuevo-impulso-para-el-arte-local\/#primaryimage\",\"url\":\"https:\/\/www.nexoinformativo.mx\/wp-content\/uploads\/2024\/12\/PHOTO-2024-12-19-18-09-17-e1734700613357.jpg\",\"contentUrl\":\"https:\/\/www.nexoinformativo.mx\/wp-content\/uploads\/2024\/12\/PHOTO-2024-12-19-18-09-17-e1734700613357.jpg\",\"width\":800,\"height\":533},{\"@type\":\"BreadcrumbList\",\"@id\":\"https:\/\/www.nexoinformativo.mx\/index.php\/2024\/12\/20\/queretaro-instala-consejo-consultivo-de-cultura-un-nuevo-impulso-para-el-arte-local\/#breadcrumb\",\"itemListElement\":[{\"@type\":\"ListItem\",\"position\":1,\"name\":\"Inicio\",\"item\":\"https:\/\/www.nexoinformativo.mx\/\"},{\"@type\":\"ListItem\",\"position\":2,\"name\":\"Quer\u00e9taro instala Consejo Consultivo de Cultura: Un nuevo impulso para el arte local\"}]},{\"@type\":\"WebSite\",\"@id\":\"https:\/\/www.nexoinformativo.mx\/#website\",\"url\":\"https:\/\/www.nexoinformativo.mx\/\",\"name\":\"Nexo Informativo Santiago de Quer\u00e9taro\",\"description\":\"Explora NexoInformativo y convi\u00e9rtete en parte de una comunidad que valora el conocimiento y la verdad. Tu nexoinformativo es tu puente hacia una comprensi\u00f3n m\u00e1s profunda del mundo que te rodea.\",\"publisher\":{\"@id\":\"https:\/\/www.nexoinformativo.mx\/#organization\"},\"potentialAction\":[{\"@type\":\"SearchAction\",\"target\":{\"@type\":\"EntryPoint\",\"urlTemplate\":\"https:\/\/www.nexoinformativo.mx\/?s={search_term_string}\"},\"query-input\":{\"@type\":\"PropertyValueSpecification\",\"valueRequired\":true,\"valueName\":\"search_term_string\"}}],\"inLanguage\":\"es\"},{\"@type\":\"Organization\",\"@id\":\"https:\/\/www.nexoinformativo.mx\/#organization\",\"name\":\"Nexo Informativo Santiago de Quer\u00e9taro\",\"url\":\"https:\/\/www.nexoinformativo.mx\/\",\"logo\":{\"@type\":\"ImageObject\",\"inLanguage\":\"es\",\"@id\":\"https:\/\/www.nexoinformativo.mx\/#\/schema\/logo\/image\/\",\"url\":\"https:\/\/www.nexoinformativo.mx\/wp-content\/uploads\/2024\/07\/nexoi-trasparente-2.png\",\"contentUrl\":\"https:\/\/www.nexoinformativo.mx\/wp-content\/uploads\/2024\/07\/nexoi-trasparente-2.png\",\"width\":816,\"height\":339,\"caption\":\"Nexo Informativo Santiago de Quer\u00e9taro\"},\"image\":{\"@id\":\"https:\/\/www.nexoinformativo.mx\/#\/schema\/logo\/image\/\"},\"sameAs\":[\"https:\/\/www.facebook.com\/people\/Nexo-Informativo\/61564066885511\/\"]},{\"@type\":\"Person\",\"@id\":\"https:\/\/www.nexoinformativo.mx\/#\/schema\/person\/7749d380ba08c8ca00d7bc76fd907b7d\",\"name\":\"Nexo Informativo\",\"image\":{\"@type\":\"ImageObject\",\"inLanguage\":\"es\",\"@id\":\"https:\/\/www.nexoinformativo.mx\/#\/schema\/person\/image\/\",\"url\":\"https:\/\/secure.gravatar.com\/avatar\/dde2928154642a13d95f87ddf1ea9718fe2b46760a005c53e41ff5ad610704e6?s=96&d=mm&r=g\",\"contentUrl\":\"https:\/\/secure.gravatar.com\/avatar\/dde2928154642a13d95f87ddf1ea9718fe2b46760a005c53e41ff5ad610704e6?s=96&d=mm&r=g\",\"caption\":\"Nexo Informativo\"},\"url\":\"https:\/\/www.nexoinformativo.mx\/index.php\/author\/edicion\/\"}]}<\/script>\n<!-- \/ Yoast SEO plugin. -->","yoast_head_json":{"title":"Quer\u00e9taro instala Consejo Consultivo de Cultura: Un nuevo impulso para el arte local | Nexo Informativo Santiago de Quer\u00e9taro","description":"Quer\u00e9taro instala Consejo Consultivo de Cultura: Un nuevo impulso para el arte local","robots":{"index":"index","follow":"follow","max-snippet":"max-snippet:-1","max-image-preview":"max-image-preview:large","max-video-preview":"max-video-preview:-1"},"canonical":"https:\/\/www.nexoinformativo.mx\/index.php\/2024\/12\/20\/queretaro-instala-consejo-consultivo-de-cultura-un-nuevo-impulso-para-el-arte-local\/","og_locale":"es_MX","og_type":"article","og_title":"Quer\u00e9taro instala Consejo Consultivo de Cultura: Un nuevo impulso para el arte local | Nexo Informativo Santiago de Quer\u00e9taro","og_description":"Quer\u00e9taro instala Consejo Consultivo de Cultura: Un nuevo impulso para el arte local","og_url":"https:\/\/www.nexoinformativo.mx\/index.php\/2024\/12\/20\/queretaro-instala-consejo-consultivo-de-cultura-un-nuevo-impulso-para-el-arte-local\/","og_site_name":"Nexo Informativo Santiago de Quer\u00e9taro","article_publisher":"https:\/\/www.facebook.com\/people\/Nexo-Informativo\/61564066885511\/","article_published_time":"2024-12-20T12:00:38+00:00","article_modified_time":"2024-12-20T13:17:54+00:00","og_image":[{"width":800,"height":533,"url":"https:\/\/www.nexoinformativo.mx\/wp-content\/uploads\/2024\/12\/PHOTO-2024-12-19-18-09-17-e1734700613357.jpg","type":"image\/jpeg"}],"author":"Nexo Informativo","twitter_card":"summary_large_image","twitter_misc":{"Escrito por":"Nexo Informativo","Tiempo de lectura":"2 minutos"},"schema":{"@context":"https:\/\/schema.org","@graph":[{"@type":"Article","@id":"https:\/\/www.nexoinformativo.mx\/index.php\/2024\/12\/20\/queretaro-instala-consejo-consultivo-de-cultura-un-nuevo-impulso-para-el-arte-local\/#article","isPartOf":{"@id":"https:\/\/www.nexoinformativo.mx\/index.php\/2024\/12\/20\/queretaro-instala-consejo-consultivo-de-cultura-un-nuevo-impulso-para-el-arte-local\/"},"author":{"name":"Nexo Informativo","@id":"https:\/\/www.nexoinformativo.mx\/#\/schema\/person\/7749d380ba08c8ca00d7bc76fd907b7d"},"headline":"Quer\u00e9taro instala Consejo Consultivo de Cultura: Un nuevo impulso para el arte local","datePublished":"2024-12-20T12:00:38+00:00","dateModified":"2024-12-20T13:17:54+00:00","mainEntityOfPage":{"@id":"https:\/\/www.nexoinformativo.mx\/index.php\/2024\/12\/20\/queretaro-instala-consejo-consultivo-de-cultura-un-nuevo-impulso-para-el-arte-local\/"},"wordCount":256,"commentCount":0,"publisher":{"@id":"https:\/\/www.nexoinformativo.mx\/#organization"},"image":{"@id":"https:\/\/www.nexoinformativo.mx\/index.php\/2024\/12\/20\/queretaro-instala-consejo-consultivo-de-cultura-un-nuevo-impulso-para-el-arte-local\/#primaryimage"},"thumbnailUrl":"https:\/\/www.nexoinformativo.mx\/wp-content\/uploads\/2024\/12\/PHOTO-2024-12-19-18-09-17-e1734700613357.jpg","keywords":["ArteLocal","ConsejoConsultivo","CulturaQuer\u00e9taro","DesarrolloCultural"],"articleSection":["Estado","\u00daltima Hora"],"inLanguage":"es","potentialAction":[{"@type":"CommentAction","name":"Comment","target":["https:\/\/www.nexoinformativo.mx\/index.php\/2024\/12\/20\/queretaro-instala-consejo-consultivo-de-cultura-un-nuevo-impulso-para-el-arte-local\/#respond"]}]},{"@type":"WebPage","@id":"https:\/\/www.nexoinformativo.mx\/index.php\/2024\/12\/20\/queretaro-instala-consejo-consultivo-de-cultura-un-nuevo-impulso-para-el-arte-local\/","url":"https:\/\/www.nexoinformativo.mx\/index.php\/2024\/12\/20\/queretaro-instala-consejo-consultivo-de-cultura-un-nuevo-impulso-para-el-arte-local\/","name":"Quer\u00e9taro instala Consejo Consultivo de Cultura: Un nuevo impulso para el arte local | Nexo Informativo Santiago de Quer\u00e9taro","isPartOf":{"@id":"https:\/\/www.nexoinformativo.mx\/#website"},"primaryImageOfPage":{"@id":"https:\/\/www.nexoinformativo.mx\/index.php\/2024\/12\/20\/queretaro-instala-consejo-consultivo-de-cultura-un-nuevo-impulso-para-el-arte-local\/#primaryimage"},"image":{"@id":"https:\/\/www.nexoinformativo.mx\/index.php\/2024\/12\/20\/queretaro-instala-consejo-consultivo-de-cultura-un-nuevo-impulso-para-el-arte-local\/#primaryimage"},"thumbnailUrl":"https:\/\/www.nexoinformativo.mx\/wp-content\/uploads\/2024\/12\/PHOTO-2024-12-19-18-09-17-e1734700613357.jpg","datePublished":"2024-12-20T12:00:38+00:00","dateModified":"2024-12-20T13:17:54+00:00","description":"Quer\u00e9taro instala Consejo Consultivo de Cultura: Un nuevo impulso para el arte local","breadcrumb":{"@id":"https:\/\/www.nexoinformativo.mx\/index.php\/2024\/12\/20\/queretaro-instala-consejo-consultivo-de-cultura-un-nuevo-impulso-para-el-arte-local\/#breadcrumb"},"inLanguage":"es","potentialAction":[{"@type":"ReadAction","target":["https:\/\/www.nexoinformativo.mx\/index.php\/2024\/12\/20\/queretaro-instala-consejo-consultivo-de-cultura-un-nuevo-impulso-para-el-arte-local\/"]}]},{"@type":"ImageObject","inLanguage":"es","@id":"https:\/\/www.nexoinformativo.mx\/index.php\/2024\/12\/20\/queretaro-instala-consejo-consultivo-de-cultura-un-nuevo-impulso-para-el-arte-local\/#primaryimage","url":"https:\/\/www.nexoinformativo.mx\/wp-content\/uploads\/2024\/12\/PHOTO-2024-12-19-18-09-17-e1734700613357.jpg","contentUrl":"https:\/\/www.nexoinformativo.mx\/wp-content\/uploads\/2024\/12\/PHOTO-2024-12-19-18-09-17-e1734700613357.jpg","width":800,"height":533},{"@type":"BreadcrumbList","@id":"https:\/\/www.nexoinformativo.mx\/index.php\/2024\/12\/20\/queretaro-instala-consejo-consultivo-de-cultura-un-nuevo-impulso-para-el-arte-local\/#breadcrumb","itemListElement":[{"@type":"ListItem","position":1,"name":"Inicio","item":"https:\/\/www.nexoinformativo.mx\/"},{"@type":"ListItem","position":2,"name":"Quer\u00e9taro instala Consejo Consultivo de Cultura: Un nuevo impulso para el arte local"}]},{"@type":"WebSite","@id":"https:\/\/www.nexoinformativo.mx\/#website","url":"https:\/\/www.nexoinformativo.mx\/","name":"Nexo Informativo Santiago de Quer\u00e9taro","description":"Explora NexoInformativo y convi\u00e9rtete en parte de una comunidad que valora el conocimiento y la verdad. Tu nexoinformativo es tu puente hacia una comprensi\u00f3n m\u00e1s profunda del mundo que te rodea.","publisher":{"@id":"https:\/\/www.nexoinformativo.mx\/#organization"},"potentialAction":[{"@type":"SearchAction","target":{"@type":"EntryPoint","urlTemplate":"https:\/\/www.nexoinformativo.mx\/?s={search_term_string}"},"query-input":{"@type":"PropertyValueSpecification","valueRequired":true,"valueName":"search_term_string"}}],"inLanguage":"es"},{"@type":"Organization","@id":"https:\/\/www.nexoinformativo.mx\/#organization","name":"Nexo Informativo Santiago de Quer\u00e9taro","url":"https:\/\/www.nexoinformativo.mx\/","logo":{"@type":"ImageObject","inLanguage":"es","@id":"https:\/\/www.nexoinformativo.mx\/#\/schema\/logo\/image\/","url":"https:\/\/www.nexoinformativo.mx\/wp-content\/uploads\/2024\/07\/nexoi-trasparente-2.png","contentUrl":"https:\/\/www.nexoinformativo.mx\/wp-content\/uploads\/2024\/07\/nexoi-trasparente-2.png","width":816,"height":339,"caption":"Nexo Informativo Santiago de Quer\u00e9taro"},"image":{"@id":"https:\/\/www.nexoinformativo.mx\/#\/schema\/logo\/image\/"},"sameAs":["https:\/\/www.facebook.com\/people\/Nexo-Informativo\/61564066885511\/"]},{"@type":"Person","@id":"https:\/\/www.nexoinformativo.mx\/#\/schema\/person\/7749d380ba08c8ca00d7bc76fd907b7d","name":"Nexo Informativo","image":{"@type":"ImageObject","inLanguage":"es","@id":"https:\/\/www.nexoinformativo.mx\/#\/schema\/person\/image\/","url":"https:\/\/secure.gravatar.com\/avatar\/dde2928154642a13d95f87ddf1ea9718fe2b46760a005c53e41ff5ad610704e6?s=96&d=mm&r=g","contentUrl":"https:\/\/secure.gravatar.com\/avatar\/dde2928154642a13d95f87ddf1ea9718fe2b46760a005c53e41ff5ad610704e6?s=96&d=mm&r=g","caption":"Nexo Informativo"},"url":"https:\/\/www.nexoinformativo.mx\/index.php\/author\/edicion\/"}]}},"_links":{"self":[{"href":"https:\/\/www.nexoinformativo.mx\/index.php\/wp-json\/wp\/v2\/posts\/8535","targetHints":{"allow":["GET"]}}],"collection":[{"href":"https:\/\/www.nexoinformativo.mx\/index.php\/wp-json\/wp\/v2\/posts"}],"about":[{"href":"https:\/\/www.nexoinformativo.mx\/index.php\/wp-json\/wp\/v2\/types\/post"}],"author":[{"embeddable":true,"href":"https:\/\/www.nexoinformativo.mx\/index.php\/wp-json\/wp\/v2\/users\/3"}],"replies":[{"embeddable":true,"href":"https:\/\/www.nexoinformativo.mx\/index.php\/wp-json\/wp\/v2\/comments?post=8535"}],"version-history":[{"count":3,"href":"https:\/\/www.nexoinformativo.mx\/index.php\/wp-json\/wp\/v2\/posts\/8535\/revisions"}],"predecessor-version":[{"id":8539,"href":"https:\/\/www.nexoinformativo.mx\/index.php\/wp-json\/wp\/v2\/posts\/8535\/revisions\/8539"}],"wp:featuredmedia":[{"embeddable":true,"href":"https:\/\/www.nexoinformativo.mx\/index.php\/wp-json\/wp\/v2\/media\/8536"}],"wp:attachment":[{"href":"https:\/\/www.nexoinformativo.mx\/index.php\/wp-json\/wp\/v2\/media?parent=8535"}],"wp:term":[{"taxonomy":"category","embeddable":true,"href":"https:\/\/www.nexoinformativo.mx\/index.php\/wp-json\/wp\/v2\/categories?post=8535"},{"taxonomy":"post_tag","embeddable":true,"href":"https:\/\/www.nexoinformativo.mx\/index.php\/wp-json\/wp\/v2\/tags?post=8535"}],"curies":[{"name":"wp","href":"https:\/\/api.w.org\/{rel}","templated":true}]}}