{"id":8540,"date":"2024-12-20T06:15:12","date_gmt":"2024-12-20T12:15:12","guid":{"rendered":"https:\/\/www.nexoinformativo.mx\/?p=8540"},"modified":"2024-12-20T07:23:43","modified_gmt":"2024-12-20T13:23:43","slug":"mexico-celebra-50-anos-de-avances-en-politica-demografica-y-mira-hacia-el-futuro","status":"publish","type":"post","link":"https:\/\/www.nexoinformativo.mx\/index.php\/2024\/12\/20\/mexico-celebra-50-anos-de-avances-en-politica-demografica-y-mira-hacia-el-futuro\/","title":{"rendered":"M\u00e9xico celebra 50 a\u00f1os de avances en pol\u00edtica demogr\u00e1fica y mira hacia el futuro"},"content":{"rendered":"<p style=\"text-align: justify;\" data-sourcepos=\"11:1-11:431\"><strong>El Consejo Nacional de Poblaci\u00f3n<\/strong> (Conapo) celebr\u00f3 su 50 aniversario, un suceso que marca cinco d\u00e9cadas de avances significativos en materia de pol\u00edtica demogr\u00e1fica en M\u00e9xico.<\/p>\n<p>&nbsp;<\/p>\n<p style=\"text-align: justify;\" data-sourcepos=\"11:1-11:431\">Durante la sesi\u00f3n ordinaria del Consejo, encabezada por la secretaria de Gobernaci\u00f3n, Rosa Icela Rodr\u00edguez, se destacaron logros como el aumento en la esperanza de vida, la disminuci\u00f3n de la tasa de fecundidad y la reducci\u00f3n de la fecundidad adolescente.<\/p>\n<p>&nbsp;<\/p>\n<p style=\"text-align: justify;\" data-sourcepos=\"13:1-13:344\">Sin embargo, tambi\u00e9n se reconocieron nuevos desaf\u00edos que enfrenta el pa\u00eds, como el envejecimiento poblacional, las desigualdades territoriales y la migraci\u00f3n.<\/p>\n<p>&nbsp;<\/p>\n<p style=\"text-align: justify;\" data-sourcepos=\"13:1-13:344\"><strong>&#8220;M\u00e9xico est\u00e1 en un nuevo punto de inflexi\u00f3n&#8221;<\/strong>, advirti\u00f3 la secretaria Rodr\u00edguez, quien destac\u00f3 la necesidad de adaptar las pol\u00edticas p\u00fablicas a esta nueva realidad demogr\u00e1fica.<\/p>\n<p>&nbsp;<\/p>\n<p style=\"text-align: justify;\" data-sourcepos=\"15:1-15:339\">Entre los logros m\u00e1s destacados de las \u00faltimas d\u00e9cadas se encuentra el aumento en la esperanza de vida, que pas\u00f3 de 58 a 75 a\u00f1os, y la disminuci\u00f3n de la tasa de fecundidad, que se redujo de 6.5 a 1.6 hijos por mujer.<\/p>\n<p>&nbsp;<\/p>\n<p style=\"text-align: justify;\" data-sourcepos=\"15:1-15:339\">Adem\u00e1s, se ha registrado una importante disminuci\u00f3n en la fecundidad adolescente, especialmente en los \u00faltimos cinco a\u00f1os.\u00a0No obstante, estos avances tambi\u00e9n han tra\u00eddo consigo nuevos retos.<\/p>\n<p>&nbsp;<\/p>\n<p style=\"text-align: justify;\" data-sourcepos=\"15:1-15:339\">El envejecimiento de la poblaci\u00f3n, por ejemplo, plantea desaf\u00edos en materia de pensiones, salud y servicios sociales. Asimismo, las desigualdades regionales y la migraci\u00f3n siguen siendo problemas a abordar.<\/p>\n<p>&nbsp;<\/p>\n<p style=\"text-align: justify;\" data-sourcepos=\"19:1-19:281\"><strong>&#8220;Las nuevas estimaciones obligan a repensar el futuro con una visi\u00f3n clara y sostenible&#8221;<\/strong>, afirm\u00f3 la secretaria Rodr\u00edguez. En este sentido, se destac\u00f3 la importancia de articular las pol\u00edticas demogr\u00e1ficas con los objetivos de desarrollo sostenible y el impacto ambiental.<\/p>\n<p>&nbsp;<\/p>\n<p style=\"text-align: center;\" data-sourcepos=\"19:1-19:281\"><em><strong>\u00a1Informaci\u00f3n que transforma!<\/strong><\/em><\/p>\n","protected":false},"excerpt":{"rendered":"<p>El Consejo Nacional de Poblaci\u00f3n (Conapo) celebr\u00f3 su 50 aniversario, un suceso que marca cinco d\u00e9cadas de avances significativos en materia de pol\u00edtica demogr\u00e1fica en M\u00e9xico.<\/p>\n","protected":false},"author":3,"featured_media":8544,"comment_status":"open","ping_status":"open","sticky":false,"template":"","format":"standard","meta":{"footnotes":""},"categories":[88,58],"tags":[2755,1060,1610,2756],"class_list":["post-8540","post","type-post","status-publish","format-standard","has-post-thumbnail","hentry","category-nacional","category-ultima-hora","tag-conapo50anos","tag-desarrollosostenible","tag-mexico","tag-politicademografica"],"yoast_head":"<!-- This site is optimized with the Yoast SEO plugin v25.0 - https:\/\/yoast.com\/wordpress\/plugins\/seo\/ -->\n<title>M\u00e9xico celebra 50 a\u00f1os de avances en pol\u00edtica demogr\u00e1fica y mira hacia el futuro | Nexo Informativo Santiago de Quer\u00e9taro<\/title>\n<meta name=\"description\" content=\"M\u00e9xico celebra 50 a\u00f1os de avances en pol\u00edtica demogr\u00e1fica y mira hacia el futuro\" \/>\n<meta name=\"robots\" content=\"index, follow, max-snippet:-1, max-image-preview:large, max-video-preview:-1\" \/>\n<link rel=\"canonical\" href=\"https:\/\/www.nexoinformativo.mx\/index.php\/2024\/12\/20\/mexico-celebra-50-anos-de-avances-en-politica-demografica-y-mira-hacia-el-futuro\/\" \/>\n<meta property=\"og:locale\" content=\"es_MX\" \/>\n<meta property=\"og:type\" content=\"article\" \/>\n<meta property=\"og:title\" content=\"M\u00e9xico celebra 50 a\u00f1os de avances en pol\u00edtica demogr\u00e1fica y mira hacia el futuro | Nexo Informativo Santiago de Quer\u00e9taro\" \/>\n<meta property=\"og:description\" content=\"M\u00e9xico celebra 50 a\u00f1os de avances en pol\u00edtica demogr\u00e1fica y mira hacia el futuro\" \/>\n<meta property=\"og:url\" content=\"https:\/\/www.nexoinformativo.mx\/index.php\/2024\/12\/20\/mexico-celebra-50-anos-de-avances-en-politica-demografica-y-mira-hacia-el-futuro\/\" \/>\n<meta property=\"og:site_name\" content=\"Nexo Informativo Santiago de Quer\u00e9taro\" \/>\n<meta property=\"article:publisher\" content=\"https:\/\/www.facebook.com\/people\/Nexo-Informativo\/61564066885511\/\" \/>\n<meta property=\"article:published_time\" content=\"2024-12-20T12:15:12+00:00\" \/>\n<meta property=\"article:modified_time\" content=\"2024-12-20T13:23:43+00:00\" \/>\n<meta property=\"og:image\" content=\"https:\/\/www.nexoinformativo.mx\/wp-content\/uploads\/2024\/12\/IMG_8721.png\" \/>\n\t<meta property=\"og:image:width\" content=\"650\" \/>\n\t<meta property=\"og:image:height\" content=\"380\" \/>\n\t<meta property=\"og:image:type\" content=\"image\/png\" \/>\n<meta name=\"author\" content=\"Nexo Informativo\" \/>\n<meta name=\"twitter:card\" content=\"summary_large_image\" \/>\n<meta name=\"twitter:label1\" content=\"Escrito por\" \/>\n\t<meta name=\"twitter:data1\" content=\"Nexo Informativo\" \/>\n\t<meta name=\"twitter:label2\" content=\"Tiempo de lectura\" \/>\n\t<meta name=\"twitter:data2\" content=\"2 minutos\" \/>\n<script type=\"application\/ld+json\" class=\"yoast-schema-graph\">{\"@context\":\"https:\/\/schema.org\",\"@graph\":[{\"@type\":\"Article\",\"@id\":\"https:\/\/www.nexoinformativo.mx\/index.php\/2024\/12\/20\/mexico-celebra-50-anos-de-avances-en-politica-demografica-y-mira-hacia-el-futuro\/#article\",\"isPartOf\":{\"@id\":\"https:\/\/www.nexoinformativo.mx\/index.php\/2024\/12\/20\/mexico-celebra-50-anos-de-avances-en-politica-demografica-y-mira-hacia-el-futuro\/\"},\"author\":{\"name\":\"Nexo Informativo\",\"@id\":\"https:\/\/www.nexoinformativo.mx\/#\/schema\/person\/7749d380ba08c8ca00d7bc76fd907b7d\"},\"headline\":\"M\u00e9xico celebra 50 a\u00f1os de avances en pol\u00edtica demogr\u00e1fica y mira hacia el futuro\",\"datePublished\":\"2024-12-20T12:15:12+00:00\",\"dateModified\":\"2024-12-20T13:23:43+00:00\",\"mainEntityOfPage\":{\"@id\":\"https:\/\/www.nexoinformativo.mx\/index.php\/2024\/12\/20\/mexico-celebra-50-anos-de-avances-en-politica-demografica-y-mira-hacia-el-futuro\/\"},\"wordCount\":312,\"commentCount\":0,\"publisher\":{\"@id\":\"https:\/\/www.nexoinformativo.mx\/#organization\"},\"image\":{\"@id\":\"https:\/\/www.nexoinformativo.mx\/index.php\/2024\/12\/20\/mexico-celebra-50-anos-de-avances-en-politica-demografica-y-mira-hacia-el-futuro\/#primaryimage\"},\"thumbnailUrl\":\"https:\/\/www.nexoinformativo.mx\/wp-content\/uploads\/2024\/12\/IMG_8721.png\",\"keywords\":[\"Conapo50a\u00f1os\",\"DesarrolloSostenible\",\"M\u00e9xico\",\"Pol\u00edticaDemogr\u00e1fica\"],\"articleSection\":[\"Nacional\",\"\u00daltima Hora\"],\"inLanguage\":\"es\",\"potentialAction\":[{\"@type\":\"CommentAction\",\"name\":\"Comment\",\"target\":[\"https:\/\/www.nexoinformativo.mx\/index.php\/2024\/12\/20\/mexico-celebra-50-anos-de-avances-en-politica-demografica-y-mira-hacia-el-futuro\/#respond\"]}]},{\"@type\":\"WebPage\",\"@id\":\"https:\/\/www.nexoinformativo.mx\/index.php\/2024\/12\/20\/mexico-celebra-50-anos-de-avances-en-politica-demografica-y-mira-hacia-el-futuro\/\",\"url\":\"https:\/\/www.nexoinformativo.mx\/index.php\/2024\/12\/20\/mexico-celebra-50-anos-de-avances-en-politica-demografica-y-mira-hacia-el-futuro\/\",\"name\":\"M\u00e9xico celebra 50 a\u00f1os de avances en pol\u00edtica demogr\u00e1fica y mira hacia el futuro | Nexo Informativo Santiago de Quer\u00e9taro\",\"isPartOf\":{\"@id\":\"https:\/\/www.nexoinformativo.mx\/#website\"},\"primaryImageOfPage\":{\"@id\":\"https:\/\/www.nexoinformativo.mx\/index.php\/2024\/12\/20\/mexico-celebra-50-anos-de-avances-en-politica-demografica-y-mira-hacia-el-futuro\/#primaryimage\"},\"image\":{\"@id\":\"https:\/\/www.nexoinformativo.mx\/index.php\/2024\/12\/20\/mexico-celebra-50-anos-de-avances-en-politica-demografica-y-mira-hacia-el-futuro\/#primaryimage\"},\"thumbnailUrl\":\"https:\/\/www.nexoinformativo.mx\/wp-content\/uploads\/2024\/12\/IMG_8721.png\",\"datePublished\":\"2024-12-20T12:15:12+00:00\",\"dateModified\":\"2024-12-20T13:23:43+00:00\",\"description\":\"M\u00e9xico celebra 50 a\u00f1os de avances en pol\u00edtica demogr\u00e1fica y mira hacia el futuro\",\"breadcrumb\":{\"@id\":\"https:\/\/www.nexoinformativo.mx\/index.php\/2024\/12\/20\/mexico-celebra-50-anos-de-avances-en-politica-demografica-y-mira-hacia-el-futuro\/#breadcrumb\"},\"inLanguage\":\"es\",\"potentialAction\":[{\"@type\":\"ReadAction\",\"target\":[\"https:\/\/www.nexoinformativo.mx\/index.php\/2024\/12\/20\/mexico-celebra-50-anos-de-avances-en-politica-demografica-y-mira-hacia-el-futuro\/\"]}]},{\"@type\":\"ImageObject\",\"inLanguage\":\"es\",\"@id\":\"https:\/\/www.nexoinformativo.mx\/index.php\/2024\/12\/20\/mexico-celebra-50-anos-de-avances-en-politica-demografica-y-mira-hacia-el-futuro\/#primaryimage\",\"url\":\"https:\/\/www.nexoinformativo.mx\/wp-content\/uploads\/2024\/12\/IMG_8721.png\",\"contentUrl\":\"https:\/\/www.nexoinformativo.mx\/wp-content\/uploads\/2024\/12\/IMG_8721.png\",\"width\":650,\"height\":380},{\"@type\":\"BreadcrumbList\",\"@id\":\"https:\/\/www.nexoinformativo.mx\/index.php\/2024\/12\/20\/mexico-celebra-50-anos-de-avances-en-politica-demografica-y-mira-hacia-el-futuro\/#breadcrumb\",\"itemListElement\":[{\"@type\":\"ListItem\",\"position\":1,\"name\":\"Inicio\",\"item\":\"https:\/\/www.nexoinformativo.mx\/\"},{\"@type\":\"ListItem\",\"position\":2,\"name\":\"M\u00e9xico celebra 50 a\u00f1os de avances en pol\u00edtica demogr\u00e1fica y mira hacia el futuro\"}]},{\"@type\":\"WebSite\",\"@id\":\"https:\/\/www.nexoinformativo.mx\/#website\",\"url\":\"https:\/\/www.nexoinformativo.mx\/\",\"name\":\"Nexo Informativo Santiago de Quer\u00e9taro\",\"description\":\"Explora NexoInformativo y convi\u00e9rtete en parte de una comunidad que valora el conocimiento y la verdad. Tu nexoinformativo es tu puente hacia una comprensi\u00f3n m\u00e1s profunda del mundo que te rodea.\",\"publisher\":{\"@id\":\"https:\/\/www.nexoinformativo.mx\/#organization\"},\"potentialAction\":[{\"@type\":\"SearchAction\",\"target\":{\"@type\":\"EntryPoint\",\"urlTemplate\":\"https:\/\/www.nexoinformativo.mx\/?s={search_term_string}\"},\"query-input\":{\"@type\":\"PropertyValueSpecification\",\"valueRequired\":true,\"valueName\":\"search_term_string\"}}],\"inLanguage\":\"es\"},{\"@type\":\"Organization\",\"@id\":\"https:\/\/www.nexoinformativo.mx\/#organization\",\"name\":\"Nexo Informativo Santiago de Quer\u00e9taro\",\"url\":\"https:\/\/www.nexoinformativo.mx\/\",\"logo\":{\"@type\":\"ImageObject\",\"inLanguage\":\"es\",\"@id\":\"https:\/\/www.nexoinformativo.mx\/#\/schema\/logo\/image\/\",\"url\":\"https:\/\/www.nexoinformativo.mx\/wp-content\/uploads\/2024\/07\/nexoi-trasparente-2.png\",\"contentUrl\":\"https:\/\/www.nexoinformativo.mx\/wp-content\/uploads\/2024\/07\/nexoi-trasparente-2.png\",\"width\":816,\"height\":339,\"caption\":\"Nexo Informativo Santiago de Quer\u00e9taro\"},\"image\":{\"@id\":\"https:\/\/www.nexoinformativo.mx\/#\/schema\/logo\/image\/\"},\"sameAs\":[\"https:\/\/www.facebook.com\/people\/Nexo-Informativo\/61564066885511\/\"]},{\"@type\":\"Person\",\"@id\":\"https:\/\/www.nexoinformativo.mx\/#\/schema\/person\/7749d380ba08c8ca00d7bc76fd907b7d\",\"name\":\"Nexo Informativo\",\"image\":{\"@type\":\"ImageObject\",\"inLanguage\":\"es\",\"@id\":\"https:\/\/www.nexoinformativo.mx\/#\/schema\/person\/image\/\",\"url\":\"https:\/\/secure.gravatar.com\/avatar\/dde2928154642a13d95f87ddf1ea9718fe2b46760a005c53e41ff5ad610704e6?s=96&d=mm&r=g\",\"contentUrl\":\"https:\/\/secure.gravatar.com\/avatar\/dde2928154642a13d95f87ddf1ea9718fe2b46760a005c53e41ff5ad610704e6?s=96&d=mm&r=g\",\"caption\":\"Nexo Informativo\"},\"url\":\"https:\/\/www.nexoinformativo.mx\/index.php\/author\/edicion\/\"}]}<\/script>\n<!-- \/ Yoast SEO plugin. -->","yoast_head_json":{"title":"M\u00e9xico celebra 50 a\u00f1os de avances en pol\u00edtica demogr\u00e1fica y mira hacia el futuro | Nexo Informativo Santiago de Quer\u00e9taro","description":"M\u00e9xico celebra 50 a\u00f1os de avances en pol\u00edtica demogr\u00e1fica y mira hacia el futuro","robots":{"index":"index","follow":"follow","max-snippet":"max-snippet:-1","max-image-preview":"max-image-preview:large","max-video-preview":"max-video-preview:-1"},"canonical":"https:\/\/www.nexoinformativo.mx\/index.php\/2024\/12\/20\/mexico-celebra-50-anos-de-avances-en-politica-demografica-y-mira-hacia-el-futuro\/","og_locale":"es_MX","og_type":"article","og_title":"M\u00e9xico celebra 50 a\u00f1os de avances en pol\u00edtica demogr\u00e1fica y mira hacia el futuro | Nexo Informativo Santiago de Quer\u00e9taro","og_description":"M\u00e9xico celebra 50 a\u00f1os de avances en pol\u00edtica demogr\u00e1fica y mira hacia el futuro","og_url":"https:\/\/www.nexoinformativo.mx\/index.php\/2024\/12\/20\/mexico-celebra-50-anos-de-avances-en-politica-demografica-y-mira-hacia-el-futuro\/","og_site_name":"Nexo Informativo Santiago de Quer\u00e9taro","article_publisher":"https:\/\/www.facebook.com\/people\/Nexo-Informativo\/61564066885511\/","article_published_time":"2024-12-20T12:15:12+00:00","article_modified_time":"2024-12-20T13:23:43+00:00","og_image":[{"width":650,"height":380,"url":"https:\/\/www.nexoinformativo.mx\/wp-content\/uploads\/2024\/12\/IMG_8721.png","type":"image\/png"}],"author":"Nexo Informativo","twitter_card":"summary_large_image","twitter_misc":{"Escrito por":"Nexo Informativo","Tiempo de lectura":"2 minutos"},"schema":{"@context":"https:\/\/schema.org","@graph":[{"@type":"Article","@id":"https:\/\/www.nexoinformativo.mx\/index.php\/2024\/12\/20\/mexico-celebra-50-anos-de-avances-en-politica-demografica-y-mira-hacia-el-futuro\/#article","isPartOf":{"@id":"https:\/\/www.nexoinformativo.mx\/index.php\/2024\/12\/20\/mexico-celebra-50-anos-de-avances-en-politica-demografica-y-mira-hacia-el-futuro\/"},"author":{"name":"Nexo Informativo","@id":"https:\/\/www.nexoinformativo.mx\/#\/schema\/person\/7749d380ba08c8ca00d7bc76fd907b7d"},"headline":"M\u00e9xico celebra 50 a\u00f1os de avances en pol\u00edtica demogr\u00e1fica y mira hacia el futuro","datePublished":"2024-12-20T12:15:12+00:00","dateModified":"2024-12-20T13:23:43+00:00","mainEntityOfPage":{"@id":"https:\/\/www.nexoinformativo.mx\/index.php\/2024\/12\/20\/mexico-celebra-50-anos-de-avances-en-politica-demografica-y-mira-hacia-el-futuro\/"},"wordCount":312,"commentCount":0,"publisher":{"@id":"https:\/\/www.nexoinformativo.mx\/#organization"},"image":{"@id":"https:\/\/www.nexoinformativo.mx\/index.php\/2024\/12\/20\/mexico-celebra-50-anos-de-avances-en-politica-demografica-y-mira-hacia-el-futuro\/#primaryimage"},"thumbnailUrl":"https:\/\/www.nexoinformativo.mx\/wp-content\/uploads\/2024\/12\/IMG_8721.png","keywords":["Conapo50a\u00f1os","DesarrolloSostenible","M\u00e9xico","Pol\u00edticaDemogr\u00e1fica"],"articleSection":["Nacional","\u00daltima Hora"],"inLanguage":"es","potentialAction":[{"@type":"CommentAction","name":"Comment","target":["https:\/\/www.nexoinformativo.mx\/index.php\/2024\/12\/20\/mexico-celebra-50-anos-de-avances-en-politica-demografica-y-mira-hacia-el-futuro\/#respond"]}]},{"@type":"WebPage","@id":"https:\/\/www.nexoinformativo.mx\/index.php\/2024\/12\/20\/mexico-celebra-50-anos-de-avances-en-politica-demografica-y-mira-hacia-el-futuro\/","url":"https:\/\/www.nexoinformativo.mx\/index.php\/2024\/12\/20\/mexico-celebra-50-anos-de-avances-en-politica-demografica-y-mira-hacia-el-futuro\/","name":"M\u00e9xico celebra 50 a\u00f1os de avances en pol\u00edtica demogr\u00e1fica y mira hacia el futuro | Nexo Informativo Santiago de Quer\u00e9taro","isPartOf":{"@id":"https:\/\/www.nexoinformativo.mx\/#website"},"primaryImageOfPage":{"@id":"https:\/\/www.nexoinformativo.mx\/index.php\/2024\/12\/20\/mexico-celebra-50-anos-de-avances-en-politica-demografica-y-mira-hacia-el-futuro\/#primaryimage"},"image":{"@id":"https:\/\/www.nexoinformativo.mx\/index.php\/2024\/12\/20\/mexico-celebra-50-anos-de-avances-en-politica-demografica-y-mira-hacia-el-futuro\/#primaryimage"},"thumbnailUrl":"https:\/\/www.nexoinformativo.mx\/wp-content\/uploads\/2024\/12\/IMG_8721.png","datePublished":"2024-12-20T12:15:12+00:00","dateModified":"2024-12-20T13:23:43+00:00","description":"M\u00e9xico celebra 50 a\u00f1os de avances en pol\u00edtica demogr\u00e1fica y mira hacia el futuro","breadcrumb":{"@id":"https:\/\/www.nexoinformativo.mx\/index.php\/2024\/12\/20\/mexico-celebra-50-anos-de-avances-en-politica-demografica-y-mira-hacia-el-futuro\/#breadcrumb"},"inLanguage":"es","potentialAction":[{"@type":"ReadAction","target":["https:\/\/www.nexoinformativo.mx\/index.php\/2024\/12\/20\/mexico-celebra-50-anos-de-avances-en-politica-demografica-y-mira-hacia-el-futuro\/"]}]},{"@type":"ImageObject","inLanguage":"es","@id":"https:\/\/www.nexoinformativo.mx\/index.php\/2024\/12\/20\/mexico-celebra-50-anos-de-avances-en-politica-demografica-y-mira-hacia-el-futuro\/#primaryimage","url":"https:\/\/www.nexoinformativo.mx\/wp-content\/uploads\/2024\/12\/IMG_8721.png","contentUrl":"https:\/\/www.nexoinformativo.mx\/wp-content\/uploads\/2024\/12\/IMG_8721.png","width":650,"height":380},{"@type":"BreadcrumbList","@id":"https:\/\/www.nexoinformativo.mx\/index.php\/2024\/12\/20\/mexico-celebra-50-anos-de-avances-en-politica-demografica-y-mira-hacia-el-futuro\/#breadcrumb","itemListElement":[{"@type":"ListItem","position":1,"name":"Inicio","item":"https:\/\/www.nexoinformativo.mx\/"},{"@type":"ListItem","position":2,"name":"M\u00e9xico celebra 50 a\u00f1os de avances en pol\u00edtica demogr\u00e1fica y mira hacia el futuro"}]},{"@type":"WebSite","@id":"https:\/\/www.nexoinformativo.mx\/#website","url":"https:\/\/www.nexoinformativo.mx\/","name":"Nexo Informativo Santiago de Quer\u00e9taro","description":"Explora NexoInformativo y convi\u00e9rtete en parte de una comunidad que valora el conocimiento y la verdad. Tu nexoinformativo es tu puente hacia una comprensi\u00f3n m\u00e1s profunda del mundo que te rodea.","publisher":{"@id":"https:\/\/www.nexoinformativo.mx\/#organization"},"potentialAction":[{"@type":"SearchAction","target":{"@type":"EntryPoint","urlTemplate":"https:\/\/www.nexoinformativo.mx\/?s={search_term_string}"},"query-input":{"@type":"PropertyValueSpecification","valueRequired":true,"valueName":"search_term_string"}}],"inLanguage":"es"},{"@type":"Organization","@id":"https:\/\/www.nexoinformativo.mx\/#organization","name":"Nexo Informativo Santiago de Quer\u00e9taro","url":"https:\/\/www.nexoinformativo.mx\/","logo":{"@type":"ImageObject","inLanguage":"es","@id":"https:\/\/www.nexoinformativo.mx\/#\/schema\/logo\/image\/","url":"https:\/\/www.nexoinformativo.mx\/wp-content\/uploads\/2024\/07\/nexoi-trasparente-2.png","contentUrl":"https:\/\/www.nexoinformativo.mx\/wp-content\/uploads\/2024\/07\/nexoi-trasparente-2.png","width":816,"height":339,"caption":"Nexo Informativo Santiago de Quer\u00e9taro"},"image":{"@id":"https:\/\/www.nexoinformativo.mx\/#\/schema\/logo\/image\/"},"sameAs":["https:\/\/www.facebook.com\/people\/Nexo-Informativo\/61564066885511\/"]},{"@type":"Person","@id":"https:\/\/www.nexoinformativo.mx\/#\/schema\/person\/7749d380ba08c8ca00d7bc76fd907b7d","name":"Nexo Informativo","image":{"@type":"ImageObject","inLanguage":"es","@id":"https:\/\/www.nexoinformativo.mx\/#\/schema\/person\/image\/","url":"https:\/\/secure.gravatar.com\/avatar\/dde2928154642a13d95f87ddf1ea9718fe2b46760a005c53e41ff5ad610704e6?s=96&d=mm&r=g","contentUrl":"https:\/\/secure.gravatar.com\/avatar\/dde2928154642a13d95f87ddf1ea9718fe2b46760a005c53e41ff5ad610704e6?s=96&d=mm&r=g","caption":"Nexo Informativo"},"url":"https:\/\/www.nexoinformativo.mx\/index.php\/author\/edicion\/"}]}},"_links":{"self":[{"href":"https:\/\/www.nexoinformativo.mx\/index.php\/wp-json\/wp\/v2\/posts\/8540","targetHints":{"allow":["GET"]}}],"collection":[{"href":"https:\/\/www.nexoinformativo.mx\/index.php\/wp-json\/wp\/v2\/posts"}],"about":[{"href":"https:\/\/www.nexoinformativo.mx\/index.php\/wp-json\/wp\/v2\/types\/post"}],"author":[{"embeddable":true,"href":"https:\/\/www.nexoinformativo.mx\/index.php\/wp-json\/wp\/v2\/users\/3"}],"replies":[{"embeddable":true,"href":"https:\/\/www.nexoinformativo.mx\/index.php\/wp-json\/wp\/v2\/comments?post=8540"}],"version-history":[{"count":3,"href":"https:\/\/www.nexoinformativo.mx\/index.php\/wp-json\/wp\/v2\/posts\/8540\/revisions"}],"predecessor-version":[{"id":8543,"href":"https:\/\/www.nexoinformativo.mx\/index.php\/wp-json\/wp\/v2\/posts\/8540\/revisions\/8543"}],"wp:featuredmedia":[{"embeddable":true,"href":"https:\/\/www.nexoinformativo.mx\/index.php\/wp-json\/wp\/v2\/media\/8544"}],"wp:attachment":[{"href":"https:\/\/www.nexoinformativo.mx\/index.php\/wp-json\/wp\/v2\/media?parent=8540"}],"wp:term":[{"taxonomy":"category","embeddable":true,"href":"https:\/\/www.nexoinformativo.mx\/index.php\/wp-json\/wp\/v2\/categories?post=8540"},{"taxonomy":"post_tag","embeddable":true,"href":"https:\/\/www.nexoinformativo.mx\/index.php\/wp-json\/wp\/v2\/tags?post=8540"}],"curies":[{"name":"wp","href":"https:\/\/api.w.org\/{rel}","templated":true}]}}