{"id":8552,"date":"2024-12-20T06:45:03","date_gmt":"2024-12-20T12:45:03","guid":{"rendered":"https:\/\/www.nexoinformativo.mx\/?p=8552"},"modified":"2024-12-20T07:46:25","modified_gmt":"2024-12-20T13:46:25","slug":"sep-distingue-a-josefa-ortiz-de-dominguez-en-mujeres-en-la-historia","status":"publish","type":"post","link":"https:\/\/www.nexoinformativo.mx\/index.php\/2024\/12\/20\/sep-distingue-a-josefa-ortiz-de-dominguez-en-mujeres-en-la-historia\/","title":{"rendered":"SEP Distingue a Josefa Ortiz de Dom\u00ednguez en \u201cMujeres en la Historia&#8221;"},"content":{"rendered":"<p style=\"text-align: justify;\">En la secci\u00f3n <strong>\u201cMujeres en la historia\u201d<\/strong> de la <strong>\u201cMa\u00f1anera del Pueblo\u201d<\/strong>, encabezada por la presidenta de M\u00e9xico, Claudia Sheinbaum, la subsecretaria de Educaci\u00f3n B\u00e1sica, Ang\u00e9lica Noem\u00ed Ju\u00e1rez, present\u00f3 un video sobre la participaci\u00f3n de Josefa Ortiz de Dom\u00ednguez en la lucha por la independencia.<\/p>\n<p>&nbsp;<\/p>\n<p style=\"text-align: justify;\">Esta iniciativa busca eliminar estereotipos sobre la intervenci\u00f3n de las mujeres en los hechos hist\u00f3ricos del pa\u00eds.\u00a0La subsecretaria enfatiz\u00f3 la importancia de reconocer las decisiones y convicciones de Josefa Ortiz en el movimiento insurgente.<\/p>\n<p>&nbsp;<\/p>\n<p style=\"text-align: justify;\">Josefa Ortiz fue una mujer de convicciones firmes que luch\u00f3 por una naci\u00f3n justa y libre. Organiz\u00f3 veladas literarias para planificar la insurrecci\u00f3n y estuvo en contacto con insurrectos, brindando apoyo a la causa.<\/p>\n<p>&nbsp;<\/p>\n<p style=\"text-align: justify;\">Tras el descubrimiento de la conspiraci\u00f3n en Quer\u00e9taro, Ortiz fue aprehendida pero continu\u00f3 apoyando el movimiento incluso desde la reclusi\u00f3n. Rechaz\u00f3 formar parte de la corte imperial tras la independencia por contradecir sus principios, demostrando su congruencia hasta el final de sus d\u00edas.<\/p>\n<p>&nbsp;<\/p>\n<p style=\"text-align: justify;\">La llamada Casa de la Corregidora en el Centro de la ciudad, donde Josefa resid\u00eda durante la conspiraci\u00f3n. Actualmente es el Palacio de Gobierno del Estado.<\/p>\n<p>&nbsp;<\/p>\n<p style=\"text-align: justify;\">Ang\u00e9lica Ju\u00e1rez \u00a0resalt\u00f3 la necesidad de recuperar y visibilizar la participaci\u00f3n de mujeres como Josefa Ortiz en la historia de M\u00e9xico.<\/p>\n<p>&nbsp;<\/p>\n<p style=\"text-align: justify;\">Esta secci\u00f3n es un esfuerzo por reconocer y celebrar las contribuciones fundamentales de mujeres en la construcci\u00f3n de la naci\u00f3n.<\/p>\n<p>&nbsp;<\/p>\n<p style=\"text-align: center;\"><em><strong>\u00a1Informaci\u00f3n que transforma!<\/strong><\/em><\/p>\n","protected":false},"excerpt":{"rendered":"<p>En la secci\u00f3n \u201cMujeres en la historia\u201d de la \u201cMa\u00f1anera del Pueblo\u201d, encabezada por la presidenta de M\u00e9xico, Claudia Sheinbaum, la subsecretaria de Educaci\u00f3n B\u00e1sica, Ang\u00e9lica Noem\u00ed Ju\u00e1rez, present\u00f3 un video sobre la participaci\u00f3n de Josefa Ortiz de Dom\u00ednguez en la lucha por la independencia.<\/p>\n","protected":false},"author":3,"featured_media":8553,"comment_status":"open","ping_status":"open","sticky":false,"template":"","format":"standard","meta":{"footnotes":""},"categories":[88,58],"tags":[2762,2761,2760,538],"class_list":["post-8552","post","type-post","status-publish","format-standard","has-post-thumbnail","hentry","category-nacional","category-ultima-hora","tag-independencia","tag-josefaortiz","tag-mujeresenlahistoria","tag-sep"],"yoast_head":"<!-- This site is optimized with the Yoast SEO plugin v25.0 - https:\/\/yoast.com\/wordpress\/plugins\/seo\/ -->\n<title>SEP Distingue a Josefa Ortiz de Dom\u00ednguez en \u201cMujeres en la Historia&quot; | Nexo Informativo Santiago de Quer\u00e9taro<\/title>\n<meta name=\"description\" content=\"SEP Distingue a Josefa Ortiz de Dom\u00ednguez en \u201cMujeres en la Historia&quot;\" \/>\n<meta name=\"robots\" content=\"index, follow, max-snippet:-1, max-image-preview:large, max-video-preview:-1\" \/>\n<link rel=\"canonical\" href=\"https:\/\/www.nexoinformativo.mx\/index.php\/2024\/12\/20\/sep-distingue-a-josefa-ortiz-de-dominguez-en-mujeres-en-la-historia\/\" \/>\n<meta property=\"og:locale\" content=\"es_MX\" \/>\n<meta property=\"og:type\" content=\"article\" \/>\n<meta property=\"og:title\" content=\"SEP Distingue a Josefa Ortiz de Dom\u00ednguez en \u201cMujeres en la Historia&quot; | Nexo Informativo Santiago de Quer\u00e9taro\" \/>\n<meta property=\"og:description\" content=\"SEP Distingue a Josefa Ortiz de Dom\u00ednguez en \u201cMujeres en la Historia&quot;\" \/>\n<meta property=\"og:url\" content=\"https:\/\/www.nexoinformativo.mx\/index.php\/2024\/12\/20\/sep-distingue-a-josefa-ortiz-de-dominguez-en-mujeres-en-la-historia\/\" \/>\n<meta property=\"og:site_name\" content=\"Nexo Informativo Santiago de Quer\u00e9taro\" \/>\n<meta property=\"article:publisher\" content=\"https:\/\/www.facebook.com\/people\/Nexo-Informativo\/61564066885511\/\" \/>\n<meta property=\"article:published_time\" content=\"2024-12-20T12:45:03+00:00\" \/>\n<meta property=\"article:modified_time\" content=\"2024-12-20T13:46:25+00:00\" \/>\n<meta property=\"og:image\" content=\"https:\/\/www.nexoinformativo.mx\/wp-content\/uploads\/2024\/12\/IMG_8725.jpg\" \/>\n\t<meta property=\"og:image:width\" content=\"650\" \/>\n\t<meta property=\"og:image:height\" content=\"380\" \/>\n\t<meta property=\"og:image:type\" content=\"image\/jpeg\" \/>\n<meta name=\"author\" content=\"Nexo Informativo\" \/>\n<meta name=\"twitter:card\" content=\"summary_large_image\" \/>\n<meta name=\"twitter:label1\" content=\"Escrito por\" \/>\n\t<meta name=\"twitter:data1\" content=\"Nexo Informativo\" \/>\n\t<meta name=\"twitter:label2\" content=\"Tiempo de lectura\" \/>\n\t<meta name=\"twitter:data2\" content=\"2 minutos\" \/>\n<script type=\"application\/ld+json\" class=\"yoast-schema-graph\">{\"@context\":\"https:\/\/schema.org\",\"@graph\":[{\"@type\":\"Article\",\"@id\":\"https:\/\/www.nexoinformativo.mx\/index.php\/2024\/12\/20\/sep-distingue-a-josefa-ortiz-de-dominguez-en-mujeres-en-la-historia\/#article\",\"isPartOf\":{\"@id\":\"https:\/\/www.nexoinformativo.mx\/index.php\/2024\/12\/20\/sep-distingue-a-josefa-ortiz-de-dominguez-en-mujeres-en-la-historia\/\"},\"author\":{\"name\":\"Nexo Informativo\",\"@id\":\"https:\/\/www.nexoinformativo.mx\/#\/schema\/person\/7749d380ba08c8ca00d7bc76fd907b7d\"},\"headline\":\"SEP Distingue a Josefa Ortiz de Dom\u00ednguez en \u201cMujeres en la Historia&#8221;\",\"datePublished\":\"2024-12-20T12:45:03+00:00\",\"dateModified\":\"2024-12-20T13:46:25+00:00\",\"mainEntityOfPage\":{\"@id\":\"https:\/\/www.nexoinformativo.mx\/index.php\/2024\/12\/20\/sep-distingue-a-josefa-ortiz-de-dominguez-en-mujeres-en-la-historia\/\"},\"wordCount\":275,\"commentCount\":0,\"publisher\":{\"@id\":\"https:\/\/www.nexoinformativo.mx\/#organization\"},\"image\":{\"@id\":\"https:\/\/www.nexoinformativo.mx\/index.php\/2024\/12\/20\/sep-distingue-a-josefa-ortiz-de-dominguez-en-mujeres-en-la-historia\/#primaryimage\"},\"thumbnailUrl\":\"https:\/\/www.nexoinformativo.mx\/wp-content\/uploads\/2024\/12\/IMG_8725.jpg\",\"keywords\":[\"Independencia\",\"JosefaOrtiz\",\"MujeresEnLaHistoria\",\"SEP\"],\"articleSection\":[\"Nacional\",\"\u00daltima Hora\"],\"inLanguage\":\"es\",\"potentialAction\":[{\"@type\":\"CommentAction\",\"name\":\"Comment\",\"target\":[\"https:\/\/www.nexoinformativo.mx\/index.php\/2024\/12\/20\/sep-distingue-a-josefa-ortiz-de-dominguez-en-mujeres-en-la-historia\/#respond\"]}]},{\"@type\":\"WebPage\",\"@id\":\"https:\/\/www.nexoinformativo.mx\/index.php\/2024\/12\/20\/sep-distingue-a-josefa-ortiz-de-dominguez-en-mujeres-en-la-historia\/\",\"url\":\"https:\/\/www.nexoinformativo.mx\/index.php\/2024\/12\/20\/sep-distingue-a-josefa-ortiz-de-dominguez-en-mujeres-en-la-historia\/\",\"name\":\"SEP Distingue a Josefa Ortiz de Dom\u00ednguez en \u201cMujeres en la Historia\\\" | Nexo Informativo Santiago de Quer\u00e9taro\",\"isPartOf\":{\"@id\":\"https:\/\/www.nexoinformativo.mx\/#website\"},\"primaryImageOfPage\":{\"@id\":\"https:\/\/www.nexoinformativo.mx\/index.php\/2024\/12\/20\/sep-distingue-a-josefa-ortiz-de-dominguez-en-mujeres-en-la-historia\/#primaryimage\"},\"image\":{\"@id\":\"https:\/\/www.nexoinformativo.mx\/index.php\/2024\/12\/20\/sep-distingue-a-josefa-ortiz-de-dominguez-en-mujeres-en-la-historia\/#primaryimage\"},\"thumbnailUrl\":\"https:\/\/www.nexoinformativo.mx\/wp-content\/uploads\/2024\/12\/IMG_8725.jpg\",\"datePublished\":\"2024-12-20T12:45:03+00:00\",\"dateModified\":\"2024-12-20T13:46:25+00:00\",\"description\":\"SEP Distingue a Josefa Ortiz de Dom\u00ednguez en \u201cMujeres en la Historia\\\"\",\"breadcrumb\":{\"@id\":\"https:\/\/www.nexoinformativo.mx\/index.php\/2024\/12\/20\/sep-distingue-a-josefa-ortiz-de-dominguez-en-mujeres-en-la-historia\/#breadcrumb\"},\"inLanguage\":\"es\",\"potentialAction\":[{\"@type\":\"ReadAction\",\"target\":[\"https:\/\/www.nexoinformativo.mx\/index.php\/2024\/12\/20\/sep-distingue-a-josefa-ortiz-de-dominguez-en-mujeres-en-la-historia\/\"]}]},{\"@type\":\"ImageObject\",\"inLanguage\":\"es\",\"@id\":\"https:\/\/www.nexoinformativo.mx\/index.php\/2024\/12\/20\/sep-distingue-a-josefa-ortiz-de-dominguez-en-mujeres-en-la-historia\/#primaryimage\",\"url\":\"https:\/\/www.nexoinformativo.mx\/wp-content\/uploads\/2024\/12\/IMG_8725.jpg\",\"contentUrl\":\"https:\/\/www.nexoinformativo.mx\/wp-content\/uploads\/2024\/12\/IMG_8725.jpg\",\"width\":650,\"height\":380},{\"@type\":\"BreadcrumbList\",\"@id\":\"https:\/\/www.nexoinformativo.mx\/index.php\/2024\/12\/20\/sep-distingue-a-josefa-ortiz-de-dominguez-en-mujeres-en-la-historia\/#breadcrumb\",\"itemListElement\":[{\"@type\":\"ListItem\",\"position\":1,\"name\":\"Inicio\",\"item\":\"https:\/\/www.nexoinformativo.mx\/\"},{\"@type\":\"ListItem\",\"position\":2,\"name\":\"SEP Distingue a Josefa Ortiz de Dom\u00ednguez en \u201cMujeres en la Historia&#8221;\"}]},{\"@type\":\"WebSite\",\"@id\":\"https:\/\/www.nexoinformativo.mx\/#website\",\"url\":\"https:\/\/www.nexoinformativo.mx\/\",\"name\":\"Nexo Informativo Santiago de Quer\u00e9taro\",\"description\":\"Explora NexoInformativo y convi\u00e9rtete en parte de una comunidad que valora el conocimiento y la verdad. Tu nexoinformativo es tu puente hacia una comprensi\u00f3n m\u00e1s profunda del mundo que te rodea.\",\"publisher\":{\"@id\":\"https:\/\/www.nexoinformativo.mx\/#organization\"},\"potentialAction\":[{\"@type\":\"SearchAction\",\"target\":{\"@type\":\"EntryPoint\",\"urlTemplate\":\"https:\/\/www.nexoinformativo.mx\/?s={search_term_string}\"},\"query-input\":{\"@type\":\"PropertyValueSpecification\",\"valueRequired\":true,\"valueName\":\"search_term_string\"}}],\"inLanguage\":\"es\"},{\"@type\":\"Organization\",\"@id\":\"https:\/\/www.nexoinformativo.mx\/#organization\",\"name\":\"Nexo Informativo Santiago de Quer\u00e9taro\",\"url\":\"https:\/\/www.nexoinformativo.mx\/\",\"logo\":{\"@type\":\"ImageObject\",\"inLanguage\":\"es\",\"@id\":\"https:\/\/www.nexoinformativo.mx\/#\/schema\/logo\/image\/\",\"url\":\"https:\/\/www.nexoinformativo.mx\/wp-content\/uploads\/2024\/07\/nexoi-trasparente-2.png\",\"contentUrl\":\"https:\/\/www.nexoinformativo.mx\/wp-content\/uploads\/2024\/07\/nexoi-trasparente-2.png\",\"width\":816,\"height\":339,\"caption\":\"Nexo Informativo Santiago de Quer\u00e9taro\"},\"image\":{\"@id\":\"https:\/\/www.nexoinformativo.mx\/#\/schema\/logo\/image\/\"},\"sameAs\":[\"https:\/\/www.facebook.com\/people\/Nexo-Informativo\/61564066885511\/\"]},{\"@type\":\"Person\",\"@id\":\"https:\/\/www.nexoinformativo.mx\/#\/schema\/person\/7749d380ba08c8ca00d7bc76fd907b7d\",\"name\":\"Nexo Informativo\",\"image\":{\"@type\":\"ImageObject\",\"inLanguage\":\"es\",\"@id\":\"https:\/\/www.nexoinformativo.mx\/#\/schema\/person\/image\/\",\"url\":\"https:\/\/secure.gravatar.com\/avatar\/dde2928154642a13d95f87ddf1ea9718fe2b46760a005c53e41ff5ad610704e6?s=96&d=mm&r=g\",\"contentUrl\":\"https:\/\/secure.gravatar.com\/avatar\/dde2928154642a13d95f87ddf1ea9718fe2b46760a005c53e41ff5ad610704e6?s=96&d=mm&r=g\",\"caption\":\"Nexo Informativo\"},\"url\":\"https:\/\/www.nexoinformativo.mx\/index.php\/author\/edicion\/\"}]}<\/script>\n<!-- \/ Yoast SEO plugin. -->","yoast_head_json":{"title":"SEP Distingue a Josefa Ortiz de Dom\u00ednguez en \u201cMujeres en la Historia\" | Nexo Informativo Santiago de Quer\u00e9taro","description":"SEP Distingue a Josefa Ortiz de Dom\u00ednguez en \u201cMujeres en la Historia\"","robots":{"index":"index","follow":"follow","max-snippet":"max-snippet:-1","max-image-preview":"max-image-preview:large","max-video-preview":"max-video-preview:-1"},"canonical":"https:\/\/www.nexoinformativo.mx\/index.php\/2024\/12\/20\/sep-distingue-a-josefa-ortiz-de-dominguez-en-mujeres-en-la-historia\/","og_locale":"es_MX","og_type":"article","og_title":"SEP Distingue a Josefa Ortiz de Dom\u00ednguez en \u201cMujeres en la Historia\" | Nexo Informativo Santiago de Quer\u00e9taro","og_description":"SEP Distingue a Josefa Ortiz de Dom\u00ednguez en \u201cMujeres en la Historia\"","og_url":"https:\/\/www.nexoinformativo.mx\/index.php\/2024\/12\/20\/sep-distingue-a-josefa-ortiz-de-dominguez-en-mujeres-en-la-historia\/","og_site_name":"Nexo Informativo Santiago de Quer\u00e9taro","article_publisher":"https:\/\/www.facebook.com\/people\/Nexo-Informativo\/61564066885511\/","article_published_time":"2024-12-20T12:45:03+00:00","article_modified_time":"2024-12-20T13:46:25+00:00","og_image":[{"width":650,"height":380,"url":"https:\/\/www.nexoinformativo.mx\/wp-content\/uploads\/2024\/12\/IMG_8725.jpg","type":"image\/jpeg"}],"author":"Nexo Informativo","twitter_card":"summary_large_image","twitter_misc":{"Escrito por":"Nexo Informativo","Tiempo de lectura":"2 minutos"},"schema":{"@context":"https:\/\/schema.org","@graph":[{"@type":"Article","@id":"https:\/\/www.nexoinformativo.mx\/index.php\/2024\/12\/20\/sep-distingue-a-josefa-ortiz-de-dominguez-en-mujeres-en-la-historia\/#article","isPartOf":{"@id":"https:\/\/www.nexoinformativo.mx\/index.php\/2024\/12\/20\/sep-distingue-a-josefa-ortiz-de-dominguez-en-mujeres-en-la-historia\/"},"author":{"name":"Nexo Informativo","@id":"https:\/\/www.nexoinformativo.mx\/#\/schema\/person\/7749d380ba08c8ca00d7bc76fd907b7d"},"headline":"SEP Distingue a Josefa Ortiz de Dom\u00ednguez en \u201cMujeres en la Historia&#8221;","datePublished":"2024-12-20T12:45:03+00:00","dateModified":"2024-12-20T13:46:25+00:00","mainEntityOfPage":{"@id":"https:\/\/www.nexoinformativo.mx\/index.php\/2024\/12\/20\/sep-distingue-a-josefa-ortiz-de-dominguez-en-mujeres-en-la-historia\/"},"wordCount":275,"commentCount":0,"publisher":{"@id":"https:\/\/www.nexoinformativo.mx\/#organization"},"image":{"@id":"https:\/\/www.nexoinformativo.mx\/index.php\/2024\/12\/20\/sep-distingue-a-josefa-ortiz-de-dominguez-en-mujeres-en-la-historia\/#primaryimage"},"thumbnailUrl":"https:\/\/www.nexoinformativo.mx\/wp-content\/uploads\/2024\/12\/IMG_8725.jpg","keywords":["Independencia","JosefaOrtiz","MujeresEnLaHistoria","SEP"],"articleSection":["Nacional","\u00daltima Hora"],"inLanguage":"es","potentialAction":[{"@type":"CommentAction","name":"Comment","target":["https:\/\/www.nexoinformativo.mx\/index.php\/2024\/12\/20\/sep-distingue-a-josefa-ortiz-de-dominguez-en-mujeres-en-la-historia\/#respond"]}]},{"@type":"WebPage","@id":"https:\/\/www.nexoinformativo.mx\/index.php\/2024\/12\/20\/sep-distingue-a-josefa-ortiz-de-dominguez-en-mujeres-en-la-historia\/","url":"https:\/\/www.nexoinformativo.mx\/index.php\/2024\/12\/20\/sep-distingue-a-josefa-ortiz-de-dominguez-en-mujeres-en-la-historia\/","name":"SEP Distingue a Josefa Ortiz de Dom\u00ednguez en \u201cMujeres en la Historia\" | Nexo Informativo Santiago de Quer\u00e9taro","isPartOf":{"@id":"https:\/\/www.nexoinformativo.mx\/#website"},"primaryImageOfPage":{"@id":"https:\/\/www.nexoinformativo.mx\/index.php\/2024\/12\/20\/sep-distingue-a-josefa-ortiz-de-dominguez-en-mujeres-en-la-historia\/#primaryimage"},"image":{"@id":"https:\/\/www.nexoinformativo.mx\/index.php\/2024\/12\/20\/sep-distingue-a-josefa-ortiz-de-dominguez-en-mujeres-en-la-historia\/#primaryimage"},"thumbnailUrl":"https:\/\/www.nexoinformativo.mx\/wp-content\/uploads\/2024\/12\/IMG_8725.jpg","datePublished":"2024-12-20T12:45:03+00:00","dateModified":"2024-12-20T13:46:25+00:00","description":"SEP Distingue a Josefa Ortiz de Dom\u00ednguez en \u201cMujeres en la Historia\"","breadcrumb":{"@id":"https:\/\/www.nexoinformativo.mx\/index.php\/2024\/12\/20\/sep-distingue-a-josefa-ortiz-de-dominguez-en-mujeres-en-la-historia\/#breadcrumb"},"inLanguage":"es","potentialAction":[{"@type":"ReadAction","target":["https:\/\/www.nexoinformativo.mx\/index.php\/2024\/12\/20\/sep-distingue-a-josefa-ortiz-de-dominguez-en-mujeres-en-la-historia\/"]}]},{"@type":"ImageObject","inLanguage":"es","@id":"https:\/\/www.nexoinformativo.mx\/index.php\/2024\/12\/20\/sep-distingue-a-josefa-ortiz-de-dominguez-en-mujeres-en-la-historia\/#primaryimage","url":"https:\/\/www.nexoinformativo.mx\/wp-content\/uploads\/2024\/12\/IMG_8725.jpg","contentUrl":"https:\/\/www.nexoinformativo.mx\/wp-content\/uploads\/2024\/12\/IMG_8725.jpg","width":650,"height":380},{"@type":"BreadcrumbList","@id":"https:\/\/www.nexoinformativo.mx\/index.php\/2024\/12\/20\/sep-distingue-a-josefa-ortiz-de-dominguez-en-mujeres-en-la-historia\/#breadcrumb","itemListElement":[{"@type":"ListItem","position":1,"name":"Inicio","item":"https:\/\/www.nexoinformativo.mx\/"},{"@type":"ListItem","position":2,"name":"SEP Distingue a Josefa Ortiz de Dom\u00ednguez en \u201cMujeres en la Historia&#8221;"}]},{"@type":"WebSite","@id":"https:\/\/www.nexoinformativo.mx\/#website","url":"https:\/\/www.nexoinformativo.mx\/","name":"Nexo Informativo Santiago de Quer\u00e9taro","description":"Explora NexoInformativo y convi\u00e9rtete en parte de una comunidad que valora el conocimiento y la verdad. Tu nexoinformativo es tu puente hacia una comprensi\u00f3n m\u00e1s profunda del mundo que te rodea.","publisher":{"@id":"https:\/\/www.nexoinformativo.mx\/#organization"},"potentialAction":[{"@type":"SearchAction","target":{"@type":"EntryPoint","urlTemplate":"https:\/\/www.nexoinformativo.mx\/?s={search_term_string}"},"query-input":{"@type":"PropertyValueSpecification","valueRequired":true,"valueName":"search_term_string"}}],"inLanguage":"es"},{"@type":"Organization","@id":"https:\/\/www.nexoinformativo.mx\/#organization","name":"Nexo Informativo Santiago de Quer\u00e9taro","url":"https:\/\/www.nexoinformativo.mx\/","logo":{"@type":"ImageObject","inLanguage":"es","@id":"https:\/\/www.nexoinformativo.mx\/#\/schema\/logo\/image\/","url":"https:\/\/www.nexoinformativo.mx\/wp-content\/uploads\/2024\/07\/nexoi-trasparente-2.png","contentUrl":"https:\/\/www.nexoinformativo.mx\/wp-content\/uploads\/2024\/07\/nexoi-trasparente-2.png","width":816,"height":339,"caption":"Nexo Informativo Santiago de Quer\u00e9taro"},"image":{"@id":"https:\/\/www.nexoinformativo.mx\/#\/schema\/logo\/image\/"},"sameAs":["https:\/\/www.facebook.com\/people\/Nexo-Informativo\/61564066885511\/"]},{"@type":"Person","@id":"https:\/\/www.nexoinformativo.mx\/#\/schema\/person\/7749d380ba08c8ca00d7bc76fd907b7d","name":"Nexo Informativo","image":{"@type":"ImageObject","inLanguage":"es","@id":"https:\/\/www.nexoinformativo.mx\/#\/schema\/person\/image\/","url":"https:\/\/secure.gravatar.com\/avatar\/dde2928154642a13d95f87ddf1ea9718fe2b46760a005c53e41ff5ad610704e6?s=96&d=mm&r=g","contentUrl":"https:\/\/secure.gravatar.com\/avatar\/dde2928154642a13d95f87ddf1ea9718fe2b46760a005c53e41ff5ad610704e6?s=96&d=mm&r=g","caption":"Nexo Informativo"},"url":"https:\/\/www.nexoinformativo.mx\/index.php\/author\/edicion\/"}]}},"_links":{"self":[{"href":"https:\/\/www.nexoinformativo.mx\/index.php\/wp-json\/wp\/v2\/posts\/8552","targetHints":{"allow":["GET"]}}],"collection":[{"href":"https:\/\/www.nexoinformativo.mx\/index.php\/wp-json\/wp\/v2\/posts"}],"about":[{"href":"https:\/\/www.nexoinformativo.mx\/index.php\/wp-json\/wp\/v2\/types\/post"}],"author":[{"embeddable":true,"href":"https:\/\/www.nexoinformativo.mx\/index.php\/wp-json\/wp\/v2\/users\/3"}],"replies":[{"embeddable":true,"href":"https:\/\/www.nexoinformativo.mx\/index.php\/wp-json\/wp\/v2\/comments?post=8552"}],"version-history":[{"count":4,"href":"https:\/\/www.nexoinformativo.mx\/index.php\/wp-json\/wp\/v2\/posts\/8552\/revisions"}],"predecessor-version":[{"id":8556,"href":"https:\/\/www.nexoinformativo.mx\/index.php\/wp-json\/wp\/v2\/posts\/8552\/revisions\/8556"}],"wp:featuredmedia":[{"embeddable":true,"href":"https:\/\/www.nexoinformativo.mx\/index.php\/wp-json\/wp\/v2\/media\/8553"}],"wp:attachment":[{"href":"https:\/\/www.nexoinformativo.mx\/index.php\/wp-json\/wp\/v2\/media?parent=8552"}],"wp:term":[{"taxonomy":"category","embeddable":true,"href":"https:\/\/www.nexoinformativo.mx\/index.php\/wp-json\/wp\/v2\/categories?post=8552"},{"taxonomy":"post_tag","embeddable":true,"href":"https:\/\/www.nexoinformativo.mx\/index.php\/wp-json\/wp\/v2\/tags?post=8552"}],"curies":[{"name":"wp","href":"https:\/\/api.w.org\/{rel}","templated":true}]}}