{"id":8566,"date":"2024-12-20T07:15:45","date_gmt":"2024-12-20T13:15:45","guid":{"rendered":"https:\/\/www.nexoinformativo.mx\/?p=8566"},"modified":"2024-12-20T08:20:27","modified_gmt":"2024-12-20T14:20:27","slug":"mauricio-kuri-queretaro-siga-siendo-ejemplo-nacional-en-seguridad-y-procuracion-de-justicia","status":"publish","type":"post","link":"https:\/\/www.nexoinformativo.mx\/index.php\/2024\/12\/20\/mauricio-kuri-queretaro-siga-siendo-ejemplo-nacional-en-seguridad-y-procuracion-de-justicia\/","title":{"rendered":"Mauricio Kuri: Espera que Quer\u00e9taro siga siendo ejemplo nacional en seguridad y procuraci\u00f3n de justicia"},"content":{"rendered":"<p style=\"text-align: justify;\" data-sourcepos=\"11:1-11:254\">Quer\u00e9taro contin\u00faa posicion\u00e1ndose como uno de los estados m\u00e1s seguros de M\u00e9xico gracias al s\u00f3lido trabajo de su Fiscal\u00eda General. As\u00ed lo destac\u00f3 el gobernador Mauricio Kuri durante la entrega de reconocimientos al personal de la instituci\u00f3n.<\/p>\n<p>&nbsp;<\/p>\n<p style=\"text-align: justify;\" data-sourcepos=\"13:1-13:287\">Kuri resalt\u00f3 que la Fiscal\u00eda ha sido fundamental para que Quer\u00e9taro se ubique como el primer lugar en Estado de Derecho a nivel nacional, seg\u00fan el World Justice Project. <strong>&#8220;Gracias a ustedes, podemos atraer inversi\u00f3n y generar m\u00e1s empleos&#8221;<\/strong>, afirm\u00f3 el mandatario estatal.<\/p>\n<p>&nbsp;<\/p>\n<p style=\"text-align: justify;\" data-sourcepos=\"15:1-15:260\">El fiscal general, V\u00edctor Antonio de Jes\u00fas Hern\u00e1ndez coincidi\u00f3 con el gobernador y destac\u00f3 los logros de la instituci\u00f3n, como el 100% de eficacia en el esclarecimiento de feminicidios y el 70% en homicidios dolosos, cifras muy por encima de la media nacional.<\/p>\n<p>&nbsp;<\/p>\n<p style=\"text-align: justify;\" data-sourcepos=\"17:1-17:174\">Adem\u00e1s, la Fiscal\u00eda de Quer\u00e9taro se ha destacado a nivel nacional por su compromiso con la profesionalizaci\u00f3n de su personal y la implementaci\u00f3n de tecnolog\u00edas de vanguardia.<\/p>\n<p>&nbsp;<\/p>\n<p style=\"text-align: justify;\" data-sourcepos=\"19:1-19:247\">El gobernador refrend\u00f3 su compromiso de seguir apoyando a la Fiscal\u00eda con los recursos necesarios para que contin\u00fae su labor. Anunci\u00f3 la inversi\u00f3n en nuevas herramientas y equipos, con mejoras en las condiciones laborales del personal.<\/p>\n<p>&nbsp;<\/p>\n<p style=\"text-align: justify;\" data-sourcepos=\"21:1-21:167\">Con estas acciones, el gobierno de Quer\u00e9taro reafirma su compromiso con la seguridad y la justicia, consolidando a la entidad como un referente nacional en la materia.<\/p>\n<p>&nbsp;<\/p>\n<p style=\"text-align: center;\" data-sourcepos=\"21:1-21:167\"><em><strong>\u00a1Informaci\u00f3n que transforma!<\/strong><\/em><\/p>\n","protected":false},"excerpt":{"rendered":"<p>Quer\u00e9taro contin\u00faa posicion\u00e1ndose como uno de los estados m\u00e1s seguros de M\u00e9xico gracias al s\u00f3lido trabajo de su Fiscal\u00eda General. As\u00ed lo destac\u00f3 el gobernador Mauricio Kuri durante la entrega de reconocimientos al personal de la instituci\u00f3n.<\/p>\n","protected":false},"author":3,"featured_media":8567,"comment_status":"open","ping_status":"open","sticky":false,"template":"","format":"standard","meta":{"footnotes":""},"categories":[42,58],"tags":[275,500,157,266],"class_list":["post-8566","post","type-post","status-publish","format-standard","has-post-thumbnail","hentry","category-estado","category-ultima-hora","tag-estadodederecho","tag-fiscaliaqueretaro","tag-seguridadciudadana","tag-seguridadqueretaro"],"yoast_head":"<!-- This site is optimized with the Yoast SEO plugin v25.0 - https:\/\/yoast.com\/wordpress\/plugins\/seo\/ -->\n<title>Mauricio Kuri: Espera que Quer\u00e9taro siga siendo ejemplo nacional en seguridad y procuraci\u00f3n de justicia | Nexo Informativo Santiago de Quer\u00e9taro<\/title>\n<meta name=\"description\" content=\"Mauricio Kuri: Espera que Quer\u00e9taro siga siendo ejemplo nacional en seguridad y procuraci\u00f3n de justicia\" \/>\n<meta name=\"robots\" content=\"index, follow, max-snippet:-1, max-image-preview:large, max-video-preview:-1\" \/>\n<link rel=\"canonical\" href=\"https:\/\/www.nexoinformativo.mx\/index.php\/2024\/12\/20\/mauricio-kuri-queretaro-siga-siendo-ejemplo-nacional-en-seguridad-y-procuracion-de-justicia\/\" \/>\n<meta property=\"og:locale\" content=\"es_MX\" \/>\n<meta property=\"og:type\" content=\"article\" \/>\n<meta property=\"og:title\" content=\"Mauricio Kuri: Espera que Quer\u00e9taro siga siendo ejemplo nacional en seguridad y procuraci\u00f3n de justicia | Nexo Informativo Santiago de Quer\u00e9taro\" \/>\n<meta property=\"og:description\" content=\"Mauricio Kuri: Espera que Quer\u00e9taro siga siendo ejemplo nacional en seguridad y procuraci\u00f3n de justicia\" \/>\n<meta property=\"og:url\" content=\"https:\/\/www.nexoinformativo.mx\/index.php\/2024\/12\/20\/mauricio-kuri-queretaro-siga-siendo-ejemplo-nacional-en-seguridad-y-procuracion-de-justicia\/\" \/>\n<meta property=\"og:site_name\" content=\"Nexo Informativo Santiago de Quer\u00e9taro\" \/>\n<meta property=\"article:publisher\" content=\"https:\/\/www.facebook.com\/people\/Nexo-Informativo\/61564066885511\/\" \/>\n<meta property=\"article:published_time\" content=\"2024-12-20T13:15:45+00:00\" \/>\n<meta property=\"article:modified_time\" content=\"2024-12-20T14:20:27+00:00\" \/>\n<meta property=\"og:image\" content=\"https:\/\/www.nexoinformativo.mx\/wp-content\/uploads\/2024\/12\/PHOTO-2024-12-20-06-14-25-e1734703587108.jpg\" \/>\n\t<meta property=\"og:image:width\" content=\"800\" \/>\n\t<meta property=\"og:image:height\" content=\"533\" \/>\n\t<meta property=\"og:image:type\" content=\"image\/jpeg\" \/>\n<meta name=\"author\" content=\"Nexo Informativo\" \/>\n<meta name=\"twitter:card\" content=\"summary_large_image\" \/>\n<meta name=\"twitter:label1\" content=\"Escrito por\" \/>\n\t<meta name=\"twitter:data1\" content=\"Nexo Informativo\" \/>\n\t<meta name=\"twitter:label2\" content=\"Tiempo de lectura\" \/>\n\t<meta name=\"twitter:data2\" content=\"2 minutos\" \/>\n<script type=\"application\/ld+json\" class=\"yoast-schema-graph\">{\"@context\":\"https:\/\/schema.org\",\"@graph\":[{\"@type\":\"Article\",\"@id\":\"https:\/\/www.nexoinformativo.mx\/index.php\/2024\/12\/20\/mauricio-kuri-queretaro-siga-siendo-ejemplo-nacional-en-seguridad-y-procuracion-de-justicia\/#article\",\"isPartOf\":{\"@id\":\"https:\/\/www.nexoinformativo.mx\/index.php\/2024\/12\/20\/mauricio-kuri-queretaro-siga-siendo-ejemplo-nacional-en-seguridad-y-procuracion-de-justicia\/\"},\"author\":{\"name\":\"Nexo Informativo\",\"@id\":\"https:\/\/www.nexoinformativo.mx\/#\/schema\/person\/7749d380ba08c8ca00d7bc76fd907b7d\"},\"headline\":\"Mauricio Kuri: Espera que Quer\u00e9taro siga siendo ejemplo nacional en seguridad y procuraci\u00f3n de justicia\",\"datePublished\":\"2024-12-20T13:15:45+00:00\",\"dateModified\":\"2024-12-20T14:20:27+00:00\",\"mainEntityOfPage\":{\"@id\":\"https:\/\/www.nexoinformativo.mx\/index.php\/2024\/12\/20\/mauricio-kuri-queretaro-siga-siendo-ejemplo-nacional-en-seguridad-y-procuracion-de-justicia\/\"},\"wordCount\":265,\"commentCount\":0,\"publisher\":{\"@id\":\"https:\/\/www.nexoinformativo.mx\/#organization\"},\"image\":{\"@id\":\"https:\/\/www.nexoinformativo.mx\/index.php\/2024\/12\/20\/mauricio-kuri-queretaro-siga-siendo-ejemplo-nacional-en-seguridad-y-procuracion-de-justicia\/#primaryimage\"},\"thumbnailUrl\":\"https:\/\/www.nexoinformativo.mx\/wp-content\/uploads\/2024\/12\/PHOTO-2024-12-20-06-14-25-e1734703587108.jpg\",\"keywords\":[\"EstadodeDerecho\",\"Fiscal\u00edaQuer\u00e9taro\",\"SeguridadCiudadana\",\"SeguridadQueretaro\"],\"articleSection\":[\"Estado\",\"\u00daltima Hora\"],\"inLanguage\":\"es\",\"potentialAction\":[{\"@type\":\"CommentAction\",\"name\":\"Comment\",\"target\":[\"https:\/\/www.nexoinformativo.mx\/index.php\/2024\/12\/20\/mauricio-kuri-queretaro-siga-siendo-ejemplo-nacional-en-seguridad-y-procuracion-de-justicia\/#respond\"]}]},{\"@type\":\"WebPage\",\"@id\":\"https:\/\/www.nexoinformativo.mx\/index.php\/2024\/12\/20\/mauricio-kuri-queretaro-siga-siendo-ejemplo-nacional-en-seguridad-y-procuracion-de-justicia\/\",\"url\":\"https:\/\/www.nexoinformativo.mx\/index.php\/2024\/12\/20\/mauricio-kuri-queretaro-siga-siendo-ejemplo-nacional-en-seguridad-y-procuracion-de-justicia\/\",\"name\":\"Mauricio Kuri: Espera que Quer\u00e9taro siga siendo ejemplo nacional en seguridad y procuraci\u00f3n de justicia | Nexo Informativo Santiago de Quer\u00e9taro\",\"isPartOf\":{\"@id\":\"https:\/\/www.nexoinformativo.mx\/#website\"},\"primaryImageOfPage\":{\"@id\":\"https:\/\/www.nexoinformativo.mx\/index.php\/2024\/12\/20\/mauricio-kuri-queretaro-siga-siendo-ejemplo-nacional-en-seguridad-y-procuracion-de-justicia\/#primaryimage\"},\"image\":{\"@id\":\"https:\/\/www.nexoinformativo.mx\/index.php\/2024\/12\/20\/mauricio-kuri-queretaro-siga-siendo-ejemplo-nacional-en-seguridad-y-procuracion-de-justicia\/#primaryimage\"},\"thumbnailUrl\":\"https:\/\/www.nexoinformativo.mx\/wp-content\/uploads\/2024\/12\/PHOTO-2024-12-20-06-14-25-e1734703587108.jpg\",\"datePublished\":\"2024-12-20T13:15:45+00:00\",\"dateModified\":\"2024-12-20T14:20:27+00:00\",\"description\":\"Mauricio Kuri: Espera que Quer\u00e9taro siga siendo ejemplo nacional en seguridad y procuraci\u00f3n de justicia\",\"breadcrumb\":{\"@id\":\"https:\/\/www.nexoinformativo.mx\/index.php\/2024\/12\/20\/mauricio-kuri-queretaro-siga-siendo-ejemplo-nacional-en-seguridad-y-procuracion-de-justicia\/#breadcrumb\"},\"inLanguage\":\"es\",\"potentialAction\":[{\"@type\":\"ReadAction\",\"target\":[\"https:\/\/www.nexoinformativo.mx\/index.php\/2024\/12\/20\/mauricio-kuri-queretaro-siga-siendo-ejemplo-nacional-en-seguridad-y-procuracion-de-justicia\/\"]}]},{\"@type\":\"ImageObject\",\"inLanguage\":\"es\",\"@id\":\"https:\/\/www.nexoinformativo.mx\/index.php\/2024\/12\/20\/mauricio-kuri-queretaro-siga-siendo-ejemplo-nacional-en-seguridad-y-procuracion-de-justicia\/#primaryimage\",\"url\":\"https:\/\/www.nexoinformativo.mx\/wp-content\/uploads\/2024\/12\/PHOTO-2024-12-20-06-14-25-e1734703587108.jpg\",\"contentUrl\":\"https:\/\/www.nexoinformativo.mx\/wp-content\/uploads\/2024\/12\/PHOTO-2024-12-20-06-14-25-e1734703587108.jpg\",\"width\":800,\"height\":533},{\"@type\":\"BreadcrumbList\",\"@id\":\"https:\/\/www.nexoinformativo.mx\/index.php\/2024\/12\/20\/mauricio-kuri-queretaro-siga-siendo-ejemplo-nacional-en-seguridad-y-procuracion-de-justicia\/#breadcrumb\",\"itemListElement\":[{\"@type\":\"ListItem\",\"position\":1,\"name\":\"Inicio\",\"item\":\"https:\/\/www.nexoinformativo.mx\/\"},{\"@type\":\"ListItem\",\"position\":2,\"name\":\"Mauricio Kuri: Espera que Quer\u00e9taro siga siendo ejemplo nacional en seguridad y procuraci\u00f3n de justicia\"}]},{\"@type\":\"WebSite\",\"@id\":\"https:\/\/www.nexoinformativo.mx\/#website\",\"url\":\"https:\/\/www.nexoinformativo.mx\/\",\"name\":\"Nexo Informativo Santiago de Quer\u00e9taro\",\"description\":\"Explora NexoInformativo y convi\u00e9rtete en parte de una comunidad que valora el conocimiento y la verdad. Tu nexoinformativo es tu puente hacia una comprensi\u00f3n m\u00e1s profunda del mundo que te rodea.\",\"publisher\":{\"@id\":\"https:\/\/www.nexoinformativo.mx\/#organization\"},\"potentialAction\":[{\"@type\":\"SearchAction\",\"target\":{\"@type\":\"EntryPoint\",\"urlTemplate\":\"https:\/\/www.nexoinformativo.mx\/?s={search_term_string}\"},\"query-input\":{\"@type\":\"PropertyValueSpecification\",\"valueRequired\":true,\"valueName\":\"search_term_string\"}}],\"inLanguage\":\"es\"},{\"@type\":\"Organization\",\"@id\":\"https:\/\/www.nexoinformativo.mx\/#organization\",\"name\":\"Nexo Informativo Santiago de Quer\u00e9taro\",\"url\":\"https:\/\/www.nexoinformativo.mx\/\",\"logo\":{\"@type\":\"ImageObject\",\"inLanguage\":\"es\",\"@id\":\"https:\/\/www.nexoinformativo.mx\/#\/schema\/logo\/image\/\",\"url\":\"https:\/\/www.nexoinformativo.mx\/wp-content\/uploads\/2024\/07\/nexoi-trasparente-2.png\",\"contentUrl\":\"https:\/\/www.nexoinformativo.mx\/wp-content\/uploads\/2024\/07\/nexoi-trasparente-2.png\",\"width\":816,\"height\":339,\"caption\":\"Nexo Informativo Santiago de Quer\u00e9taro\"},\"image\":{\"@id\":\"https:\/\/www.nexoinformativo.mx\/#\/schema\/logo\/image\/\"},\"sameAs\":[\"https:\/\/www.facebook.com\/people\/Nexo-Informativo\/61564066885511\/\"]},{\"@type\":\"Person\",\"@id\":\"https:\/\/www.nexoinformativo.mx\/#\/schema\/person\/7749d380ba08c8ca00d7bc76fd907b7d\",\"name\":\"Nexo Informativo\",\"image\":{\"@type\":\"ImageObject\",\"inLanguage\":\"es\",\"@id\":\"https:\/\/www.nexoinformativo.mx\/#\/schema\/person\/image\/\",\"url\":\"https:\/\/secure.gravatar.com\/avatar\/dde2928154642a13d95f87ddf1ea9718fe2b46760a005c53e41ff5ad610704e6?s=96&d=mm&r=g\",\"contentUrl\":\"https:\/\/secure.gravatar.com\/avatar\/dde2928154642a13d95f87ddf1ea9718fe2b46760a005c53e41ff5ad610704e6?s=96&d=mm&r=g\",\"caption\":\"Nexo Informativo\"},\"url\":\"https:\/\/www.nexoinformativo.mx\/index.php\/author\/edicion\/\"}]}<\/script>\n<!-- \/ Yoast SEO plugin. -->","yoast_head_json":{"title":"Mauricio Kuri: Espera que Quer\u00e9taro siga siendo ejemplo nacional en seguridad y procuraci\u00f3n de justicia | Nexo Informativo Santiago de Quer\u00e9taro","description":"Mauricio Kuri: Espera que Quer\u00e9taro siga siendo ejemplo nacional en seguridad y procuraci\u00f3n de justicia","robots":{"index":"index","follow":"follow","max-snippet":"max-snippet:-1","max-image-preview":"max-image-preview:large","max-video-preview":"max-video-preview:-1"},"canonical":"https:\/\/www.nexoinformativo.mx\/index.php\/2024\/12\/20\/mauricio-kuri-queretaro-siga-siendo-ejemplo-nacional-en-seguridad-y-procuracion-de-justicia\/","og_locale":"es_MX","og_type":"article","og_title":"Mauricio Kuri: Espera que Quer\u00e9taro siga siendo ejemplo nacional en seguridad y procuraci\u00f3n de justicia | Nexo Informativo Santiago de Quer\u00e9taro","og_description":"Mauricio Kuri: Espera que Quer\u00e9taro siga siendo ejemplo nacional en seguridad y procuraci\u00f3n de justicia","og_url":"https:\/\/www.nexoinformativo.mx\/index.php\/2024\/12\/20\/mauricio-kuri-queretaro-siga-siendo-ejemplo-nacional-en-seguridad-y-procuracion-de-justicia\/","og_site_name":"Nexo Informativo Santiago de Quer\u00e9taro","article_publisher":"https:\/\/www.facebook.com\/people\/Nexo-Informativo\/61564066885511\/","article_published_time":"2024-12-20T13:15:45+00:00","article_modified_time":"2024-12-20T14:20:27+00:00","og_image":[{"width":800,"height":533,"url":"https:\/\/www.nexoinformativo.mx\/wp-content\/uploads\/2024\/12\/PHOTO-2024-12-20-06-14-25-e1734703587108.jpg","type":"image\/jpeg"}],"author":"Nexo Informativo","twitter_card":"summary_large_image","twitter_misc":{"Escrito por":"Nexo Informativo","Tiempo de lectura":"2 minutos"},"schema":{"@context":"https:\/\/schema.org","@graph":[{"@type":"Article","@id":"https:\/\/www.nexoinformativo.mx\/index.php\/2024\/12\/20\/mauricio-kuri-queretaro-siga-siendo-ejemplo-nacional-en-seguridad-y-procuracion-de-justicia\/#article","isPartOf":{"@id":"https:\/\/www.nexoinformativo.mx\/index.php\/2024\/12\/20\/mauricio-kuri-queretaro-siga-siendo-ejemplo-nacional-en-seguridad-y-procuracion-de-justicia\/"},"author":{"name":"Nexo Informativo","@id":"https:\/\/www.nexoinformativo.mx\/#\/schema\/person\/7749d380ba08c8ca00d7bc76fd907b7d"},"headline":"Mauricio Kuri: Espera que Quer\u00e9taro siga siendo ejemplo nacional en seguridad y procuraci\u00f3n de justicia","datePublished":"2024-12-20T13:15:45+00:00","dateModified":"2024-12-20T14:20:27+00:00","mainEntityOfPage":{"@id":"https:\/\/www.nexoinformativo.mx\/index.php\/2024\/12\/20\/mauricio-kuri-queretaro-siga-siendo-ejemplo-nacional-en-seguridad-y-procuracion-de-justicia\/"},"wordCount":265,"commentCount":0,"publisher":{"@id":"https:\/\/www.nexoinformativo.mx\/#organization"},"image":{"@id":"https:\/\/www.nexoinformativo.mx\/index.php\/2024\/12\/20\/mauricio-kuri-queretaro-siga-siendo-ejemplo-nacional-en-seguridad-y-procuracion-de-justicia\/#primaryimage"},"thumbnailUrl":"https:\/\/www.nexoinformativo.mx\/wp-content\/uploads\/2024\/12\/PHOTO-2024-12-20-06-14-25-e1734703587108.jpg","keywords":["EstadodeDerecho","Fiscal\u00edaQuer\u00e9taro","SeguridadCiudadana","SeguridadQueretaro"],"articleSection":["Estado","\u00daltima Hora"],"inLanguage":"es","potentialAction":[{"@type":"CommentAction","name":"Comment","target":["https:\/\/www.nexoinformativo.mx\/index.php\/2024\/12\/20\/mauricio-kuri-queretaro-siga-siendo-ejemplo-nacional-en-seguridad-y-procuracion-de-justicia\/#respond"]}]},{"@type":"WebPage","@id":"https:\/\/www.nexoinformativo.mx\/index.php\/2024\/12\/20\/mauricio-kuri-queretaro-siga-siendo-ejemplo-nacional-en-seguridad-y-procuracion-de-justicia\/","url":"https:\/\/www.nexoinformativo.mx\/index.php\/2024\/12\/20\/mauricio-kuri-queretaro-siga-siendo-ejemplo-nacional-en-seguridad-y-procuracion-de-justicia\/","name":"Mauricio Kuri: Espera que Quer\u00e9taro siga siendo ejemplo nacional en seguridad y procuraci\u00f3n de justicia | Nexo Informativo Santiago de Quer\u00e9taro","isPartOf":{"@id":"https:\/\/www.nexoinformativo.mx\/#website"},"primaryImageOfPage":{"@id":"https:\/\/www.nexoinformativo.mx\/index.php\/2024\/12\/20\/mauricio-kuri-queretaro-siga-siendo-ejemplo-nacional-en-seguridad-y-procuracion-de-justicia\/#primaryimage"},"image":{"@id":"https:\/\/www.nexoinformativo.mx\/index.php\/2024\/12\/20\/mauricio-kuri-queretaro-siga-siendo-ejemplo-nacional-en-seguridad-y-procuracion-de-justicia\/#primaryimage"},"thumbnailUrl":"https:\/\/www.nexoinformativo.mx\/wp-content\/uploads\/2024\/12\/PHOTO-2024-12-20-06-14-25-e1734703587108.jpg","datePublished":"2024-12-20T13:15:45+00:00","dateModified":"2024-12-20T14:20:27+00:00","description":"Mauricio Kuri: Espera que Quer\u00e9taro siga siendo ejemplo nacional en seguridad y procuraci\u00f3n de justicia","breadcrumb":{"@id":"https:\/\/www.nexoinformativo.mx\/index.php\/2024\/12\/20\/mauricio-kuri-queretaro-siga-siendo-ejemplo-nacional-en-seguridad-y-procuracion-de-justicia\/#breadcrumb"},"inLanguage":"es","potentialAction":[{"@type":"ReadAction","target":["https:\/\/www.nexoinformativo.mx\/index.php\/2024\/12\/20\/mauricio-kuri-queretaro-siga-siendo-ejemplo-nacional-en-seguridad-y-procuracion-de-justicia\/"]}]},{"@type":"ImageObject","inLanguage":"es","@id":"https:\/\/www.nexoinformativo.mx\/index.php\/2024\/12\/20\/mauricio-kuri-queretaro-siga-siendo-ejemplo-nacional-en-seguridad-y-procuracion-de-justicia\/#primaryimage","url":"https:\/\/www.nexoinformativo.mx\/wp-content\/uploads\/2024\/12\/PHOTO-2024-12-20-06-14-25-e1734703587108.jpg","contentUrl":"https:\/\/www.nexoinformativo.mx\/wp-content\/uploads\/2024\/12\/PHOTO-2024-12-20-06-14-25-e1734703587108.jpg","width":800,"height":533},{"@type":"BreadcrumbList","@id":"https:\/\/www.nexoinformativo.mx\/index.php\/2024\/12\/20\/mauricio-kuri-queretaro-siga-siendo-ejemplo-nacional-en-seguridad-y-procuracion-de-justicia\/#breadcrumb","itemListElement":[{"@type":"ListItem","position":1,"name":"Inicio","item":"https:\/\/www.nexoinformativo.mx\/"},{"@type":"ListItem","position":2,"name":"Mauricio Kuri: Espera que Quer\u00e9taro siga siendo ejemplo nacional en seguridad y procuraci\u00f3n de justicia"}]},{"@type":"WebSite","@id":"https:\/\/www.nexoinformativo.mx\/#website","url":"https:\/\/www.nexoinformativo.mx\/","name":"Nexo Informativo Santiago de Quer\u00e9taro","description":"Explora NexoInformativo y convi\u00e9rtete en parte de una comunidad que valora el conocimiento y la verdad. Tu nexoinformativo es tu puente hacia una comprensi\u00f3n m\u00e1s profunda del mundo que te rodea.","publisher":{"@id":"https:\/\/www.nexoinformativo.mx\/#organization"},"potentialAction":[{"@type":"SearchAction","target":{"@type":"EntryPoint","urlTemplate":"https:\/\/www.nexoinformativo.mx\/?s={search_term_string}"},"query-input":{"@type":"PropertyValueSpecification","valueRequired":true,"valueName":"search_term_string"}}],"inLanguage":"es"},{"@type":"Organization","@id":"https:\/\/www.nexoinformativo.mx\/#organization","name":"Nexo Informativo Santiago de Quer\u00e9taro","url":"https:\/\/www.nexoinformativo.mx\/","logo":{"@type":"ImageObject","inLanguage":"es","@id":"https:\/\/www.nexoinformativo.mx\/#\/schema\/logo\/image\/","url":"https:\/\/www.nexoinformativo.mx\/wp-content\/uploads\/2024\/07\/nexoi-trasparente-2.png","contentUrl":"https:\/\/www.nexoinformativo.mx\/wp-content\/uploads\/2024\/07\/nexoi-trasparente-2.png","width":816,"height":339,"caption":"Nexo Informativo Santiago de Quer\u00e9taro"},"image":{"@id":"https:\/\/www.nexoinformativo.mx\/#\/schema\/logo\/image\/"},"sameAs":["https:\/\/www.facebook.com\/people\/Nexo-Informativo\/61564066885511\/"]},{"@type":"Person","@id":"https:\/\/www.nexoinformativo.mx\/#\/schema\/person\/7749d380ba08c8ca00d7bc76fd907b7d","name":"Nexo Informativo","image":{"@type":"ImageObject","inLanguage":"es","@id":"https:\/\/www.nexoinformativo.mx\/#\/schema\/person\/image\/","url":"https:\/\/secure.gravatar.com\/avatar\/dde2928154642a13d95f87ddf1ea9718fe2b46760a005c53e41ff5ad610704e6?s=96&d=mm&r=g","contentUrl":"https:\/\/secure.gravatar.com\/avatar\/dde2928154642a13d95f87ddf1ea9718fe2b46760a005c53e41ff5ad610704e6?s=96&d=mm&r=g","caption":"Nexo Informativo"},"url":"https:\/\/www.nexoinformativo.mx\/index.php\/author\/edicion\/"}]}},"_links":{"self":[{"href":"https:\/\/www.nexoinformativo.mx\/index.php\/wp-json\/wp\/v2\/posts\/8566","targetHints":{"allow":["GET"]}}],"collection":[{"href":"https:\/\/www.nexoinformativo.mx\/index.php\/wp-json\/wp\/v2\/posts"}],"about":[{"href":"https:\/\/www.nexoinformativo.mx\/index.php\/wp-json\/wp\/v2\/types\/post"}],"author":[{"embeddable":true,"href":"https:\/\/www.nexoinformativo.mx\/index.php\/wp-json\/wp\/v2\/users\/3"}],"replies":[{"embeddable":true,"href":"https:\/\/www.nexoinformativo.mx\/index.php\/wp-json\/wp\/v2\/comments?post=8566"}],"version-history":[{"count":3,"href":"https:\/\/www.nexoinformativo.mx\/index.php\/wp-json\/wp\/v2\/posts\/8566\/revisions"}],"predecessor-version":[{"id":8578,"href":"https:\/\/www.nexoinformativo.mx\/index.php\/wp-json\/wp\/v2\/posts\/8566\/revisions\/8578"}],"wp:featuredmedia":[{"embeddable":true,"href":"https:\/\/www.nexoinformativo.mx\/index.php\/wp-json\/wp\/v2\/media\/8567"}],"wp:attachment":[{"href":"https:\/\/www.nexoinformativo.mx\/index.php\/wp-json\/wp\/v2\/media?parent=8566"}],"wp:term":[{"taxonomy":"category","embeddable":true,"href":"https:\/\/www.nexoinformativo.mx\/index.php\/wp-json\/wp\/v2\/categories?post=8566"},{"taxonomy":"post_tag","embeddable":true,"href":"https:\/\/www.nexoinformativo.mx\/index.php\/wp-json\/wp\/v2\/tags?post=8566"}],"curies":[{"name":"wp","href":"https:\/\/api.w.org\/{rel}","templated":true}]}}