{"id":8591,"date":"2024-12-20T10:30:16","date_gmt":"2024-12-20T16:30:16","guid":{"rendered":"https:\/\/www.nexoinformativo.mx\/?p=8591"},"modified":"2024-12-20T12:06:44","modified_gmt":"2024-12-20T18:06:44","slug":"santa-rosa-jauregui-se-llena-de-magia-navidena-con-el-festival-alegria-queretaro","status":"publish","type":"post","link":"https:\/\/www.nexoinformativo.mx\/index.php\/2024\/12\/20\/santa-rosa-jauregui-se-llena-de-magia-navidena-con-el-festival-alegria-queretaro\/","title":{"rendered":"Santa Rosa J\u00e1uregui se llena de magia navide\u00f1a con el Festival Alegr\u00eda Quer\u00e9taro"},"content":{"rendered":"<p style=\"text-align: justify;\" data-sourcepos=\"11:1-11:216\">La magia de la Navidad lleg\u00f3 a Santa Rosa J\u00e1uregui con el <strong>Festival Alegr\u00eda Quer\u00e9taro Contigo 2024<\/strong>, un evento organizado por el Gobierno del Estado a trav\u00e9s del Sistema Estatal DIF que reuni\u00f3 a m\u00e1s de 12 mil personas.<\/p>\n<p>&nbsp;<\/p>\n<p style=\"text-align: justify;\" data-sourcepos=\"13:1-13:320\">El evento principal fue un espectacular desfile navide\u00f1o que recorri\u00f3 las principales calles de la delegaci\u00f3n, con 18 plataformas adornadas con luces, m\u00fasica y los personajes favoritos de pel\u00edculas y caricaturas. Los asistentes disfrutaron de un espect\u00e1culo inolvidable que llen\u00f3 de alegr\u00eda y emoci\u00f3n a grandes y chicos.<\/p>\n<p>&nbsp;<\/p>\n<p style=\"text-align: justify;\" data-sourcepos=\"15:1-15:367\">La Presidenta del Patronato del Sistema Municipal DIF, Adriana Olvera de Mac\u00edas, agradeci\u00f3 al Gobernador Mauricio Kuri y a su esposa Car Herrera por llevar este evento a Santa Rosa J\u00e1uregui.<\/p>\n<p>&nbsp;<\/p>\n<p style=\"text-align: justify;\" data-sourcepos=\"15:1-15:367\"><strong>&#8220;Celebramos en familia la alegr\u00eda de estar juntos&#8221;<\/strong>, expres\u00f3 Olvera, quien destac\u00f3 la importancia de estos eventos para fortalecer los lazos familiares y comunitarios.<\/p>\n<p>&nbsp;<\/p>\n<p style=\"text-align: justify;\" data-sourcepos=\"17:1-17:215\">Este desfile navide\u00f1o es solo una de las muchas actividades que se est\u00e1n realizando en el marco del Festival Alegr\u00eda Quer\u00e9taro Contigo 2024, que busca llevar la alegr\u00eda de la Navidad a todos los rincones del estado.<\/p>\n<p>&nbsp;<\/p>\n<p style=\"text-align: center;\" data-sourcepos=\"17:1-17:215\"><em><strong>\u00a1Informaci\u00f3n que transforma!<\/strong><\/em><\/p>\n","protected":false},"excerpt":{"rendered":"<p>La magia de la Navidad lleg\u00f3 a Santa Rosa J\u00e1uregui con el Festival Alegr\u00eda Quer\u00e9taro Contigo 2024, un evento organizado por el Gobierno del Estado a trav\u00e9s del Sistema Estatal DIF que reuni\u00f3 a m\u00e1s de 12 mil personas.<\/p>\n","protected":false},"author":3,"featured_media":8595,"comment_status":"open","ping_status":"open","sticky":false,"template":"","format":"standard","meta":{"footnotes":""},"categories":[50,58],"tags":[2767,2766,2271,575],"class_list":["post-8591","post","type-post","status-publish","format-standard","has-post-thumbnail","hentry","category-espectaculos","category-ultima-hora","tag-desfilenavideno","tag-festivalalegriaqueretaro","tag-navidadenqueretaro","tag-santarosajauregui"],"yoast_head":"<!-- This site is optimized with the Yoast SEO plugin v25.0 - https:\/\/yoast.com\/wordpress\/plugins\/seo\/ -->\n<title>Santa Rosa J\u00e1uregui se llena de magia navide\u00f1a con el Festival Alegr\u00eda Quer\u00e9taro | Nexo Informativo Santiago de Quer\u00e9taro<\/title>\n<meta name=\"description\" content=\"Santa Rosa J\u00e1uregui se llena de magia navide\u00f1a con el Festival Alegr\u00eda Quer\u00e9taro\" \/>\n<meta name=\"robots\" content=\"index, follow, max-snippet:-1, max-image-preview:large, max-video-preview:-1\" \/>\n<link rel=\"canonical\" href=\"https:\/\/www.nexoinformativo.mx\/index.php\/2024\/12\/20\/santa-rosa-jauregui-se-llena-de-magia-navidena-con-el-festival-alegria-queretaro\/\" \/>\n<meta property=\"og:locale\" content=\"es_MX\" \/>\n<meta property=\"og:type\" content=\"article\" \/>\n<meta property=\"og:title\" content=\"Santa Rosa J\u00e1uregui se llena de magia navide\u00f1a con el Festival Alegr\u00eda Quer\u00e9taro | Nexo Informativo Santiago de Quer\u00e9taro\" \/>\n<meta property=\"og:description\" content=\"Santa Rosa J\u00e1uregui se llena de magia navide\u00f1a con el Festival Alegr\u00eda Quer\u00e9taro\" \/>\n<meta property=\"og:url\" content=\"https:\/\/www.nexoinformativo.mx\/index.php\/2024\/12\/20\/santa-rosa-jauregui-se-llena-de-magia-navidena-con-el-festival-alegria-queretaro\/\" \/>\n<meta property=\"og:site_name\" content=\"Nexo Informativo Santiago de Quer\u00e9taro\" \/>\n<meta property=\"article:publisher\" content=\"https:\/\/www.facebook.com\/people\/Nexo-Informativo\/61564066885511\/\" \/>\n<meta property=\"article:published_time\" content=\"2024-12-20T16:30:16+00:00\" \/>\n<meta property=\"article:modified_time\" content=\"2024-12-20T18:06:44+00:00\" \/>\n<meta property=\"og:image\" content=\"https:\/\/www.nexoinformativo.mx\/wp-content\/uploads\/2024\/12\/PHOTO-2024-12-20-10-08-48-e1734717925775.jpg\" \/>\n\t<meta property=\"og:image:width\" content=\"800\" \/>\n\t<meta property=\"og:image:height\" content=\"534\" \/>\n\t<meta property=\"og:image:type\" content=\"image\/jpeg\" \/>\n<meta name=\"author\" content=\"Nexo Informativo\" \/>\n<meta name=\"twitter:card\" content=\"summary_large_image\" \/>\n<meta name=\"twitter:label1\" content=\"Escrito por\" \/>\n\t<meta name=\"twitter:data1\" content=\"Nexo Informativo\" \/>\n\t<meta name=\"twitter:label2\" content=\"Tiempo de lectura\" \/>\n\t<meta name=\"twitter:data2\" content=\"2 minutos\" \/>\n<script type=\"application\/ld+json\" class=\"yoast-schema-graph\">{\"@context\":\"https:\/\/schema.org\",\"@graph\":[{\"@type\":\"Article\",\"@id\":\"https:\/\/www.nexoinformativo.mx\/index.php\/2024\/12\/20\/santa-rosa-jauregui-se-llena-de-magia-navidena-con-el-festival-alegria-queretaro\/#article\",\"isPartOf\":{\"@id\":\"https:\/\/www.nexoinformativo.mx\/index.php\/2024\/12\/20\/santa-rosa-jauregui-se-llena-de-magia-navidena-con-el-festival-alegria-queretaro\/\"},\"author\":{\"name\":\"Nexo Informativo\",\"@id\":\"https:\/\/www.nexoinformativo.mx\/#\/schema\/person\/7749d380ba08c8ca00d7bc76fd907b7d\"},\"headline\":\"Santa Rosa J\u00e1uregui se llena de magia navide\u00f1a con el Festival Alegr\u00eda Quer\u00e9taro\",\"datePublished\":\"2024-12-20T16:30:16+00:00\",\"dateModified\":\"2024-12-20T18:06:44+00:00\",\"mainEntityOfPage\":{\"@id\":\"https:\/\/www.nexoinformativo.mx\/index.php\/2024\/12\/20\/santa-rosa-jauregui-se-llena-de-magia-navidena-con-el-festival-alegria-queretaro\/\"},\"wordCount\":221,\"commentCount\":0,\"publisher\":{\"@id\":\"https:\/\/www.nexoinformativo.mx\/#organization\"},\"image\":{\"@id\":\"https:\/\/www.nexoinformativo.mx\/index.php\/2024\/12\/20\/santa-rosa-jauregui-se-llena-de-magia-navidena-con-el-festival-alegria-queretaro\/#primaryimage\"},\"thumbnailUrl\":\"https:\/\/www.nexoinformativo.mx\/wp-content\/uploads\/2024\/12\/PHOTO-2024-12-20-10-08-48-e1734717925775.jpg\",\"keywords\":[\"DesfileNavide\u00f1o\",\"FestivalAlegr\u00edaQuer\u00e9taro\",\"NavidadEnQuer\u00e9taro\",\"SantaRosaJ\u00e1uregui\"],\"articleSection\":[\"Espect\u00e1culos\",\"\u00daltima Hora\"],\"inLanguage\":\"es\",\"potentialAction\":[{\"@type\":\"CommentAction\",\"name\":\"Comment\",\"target\":[\"https:\/\/www.nexoinformativo.mx\/index.php\/2024\/12\/20\/santa-rosa-jauregui-se-llena-de-magia-navidena-con-el-festival-alegria-queretaro\/#respond\"]}]},{\"@type\":\"WebPage\",\"@id\":\"https:\/\/www.nexoinformativo.mx\/index.php\/2024\/12\/20\/santa-rosa-jauregui-se-llena-de-magia-navidena-con-el-festival-alegria-queretaro\/\",\"url\":\"https:\/\/www.nexoinformativo.mx\/index.php\/2024\/12\/20\/santa-rosa-jauregui-se-llena-de-magia-navidena-con-el-festival-alegria-queretaro\/\",\"name\":\"Santa Rosa J\u00e1uregui se llena de magia navide\u00f1a con el Festival Alegr\u00eda Quer\u00e9taro | Nexo Informativo Santiago de Quer\u00e9taro\",\"isPartOf\":{\"@id\":\"https:\/\/www.nexoinformativo.mx\/#website\"},\"primaryImageOfPage\":{\"@id\":\"https:\/\/www.nexoinformativo.mx\/index.php\/2024\/12\/20\/santa-rosa-jauregui-se-llena-de-magia-navidena-con-el-festival-alegria-queretaro\/#primaryimage\"},\"image\":{\"@id\":\"https:\/\/www.nexoinformativo.mx\/index.php\/2024\/12\/20\/santa-rosa-jauregui-se-llena-de-magia-navidena-con-el-festival-alegria-queretaro\/#primaryimage\"},\"thumbnailUrl\":\"https:\/\/www.nexoinformativo.mx\/wp-content\/uploads\/2024\/12\/PHOTO-2024-12-20-10-08-48-e1734717925775.jpg\",\"datePublished\":\"2024-12-20T16:30:16+00:00\",\"dateModified\":\"2024-12-20T18:06:44+00:00\",\"description\":\"Santa Rosa J\u00e1uregui se llena de magia navide\u00f1a con el Festival Alegr\u00eda Quer\u00e9taro\",\"breadcrumb\":{\"@id\":\"https:\/\/www.nexoinformativo.mx\/index.php\/2024\/12\/20\/santa-rosa-jauregui-se-llena-de-magia-navidena-con-el-festival-alegria-queretaro\/#breadcrumb\"},\"inLanguage\":\"es\",\"potentialAction\":[{\"@type\":\"ReadAction\",\"target\":[\"https:\/\/www.nexoinformativo.mx\/index.php\/2024\/12\/20\/santa-rosa-jauregui-se-llena-de-magia-navidena-con-el-festival-alegria-queretaro\/\"]}]},{\"@type\":\"ImageObject\",\"inLanguage\":\"es\",\"@id\":\"https:\/\/www.nexoinformativo.mx\/index.php\/2024\/12\/20\/santa-rosa-jauregui-se-llena-de-magia-navidena-con-el-festival-alegria-queretaro\/#primaryimage\",\"url\":\"https:\/\/www.nexoinformativo.mx\/wp-content\/uploads\/2024\/12\/PHOTO-2024-12-20-10-08-48-e1734717925775.jpg\",\"contentUrl\":\"https:\/\/www.nexoinformativo.mx\/wp-content\/uploads\/2024\/12\/PHOTO-2024-12-20-10-08-48-e1734717925775.jpg\",\"width\":800,\"height\":534},{\"@type\":\"BreadcrumbList\",\"@id\":\"https:\/\/www.nexoinformativo.mx\/index.php\/2024\/12\/20\/santa-rosa-jauregui-se-llena-de-magia-navidena-con-el-festival-alegria-queretaro\/#breadcrumb\",\"itemListElement\":[{\"@type\":\"ListItem\",\"position\":1,\"name\":\"Inicio\",\"item\":\"https:\/\/www.nexoinformativo.mx\/\"},{\"@type\":\"ListItem\",\"position\":2,\"name\":\"Santa Rosa J\u00e1uregui se llena de magia navide\u00f1a con el Festival Alegr\u00eda Quer\u00e9taro\"}]},{\"@type\":\"WebSite\",\"@id\":\"https:\/\/www.nexoinformativo.mx\/#website\",\"url\":\"https:\/\/www.nexoinformativo.mx\/\",\"name\":\"Nexo Informativo Santiago de Quer\u00e9taro\",\"description\":\"Explora NexoInformativo y convi\u00e9rtete en parte de una comunidad que valora el conocimiento y la verdad. Tu nexoinformativo es tu puente hacia una comprensi\u00f3n m\u00e1s profunda del mundo que te rodea.\",\"publisher\":{\"@id\":\"https:\/\/www.nexoinformativo.mx\/#organization\"},\"potentialAction\":[{\"@type\":\"SearchAction\",\"target\":{\"@type\":\"EntryPoint\",\"urlTemplate\":\"https:\/\/www.nexoinformativo.mx\/?s={search_term_string}\"},\"query-input\":{\"@type\":\"PropertyValueSpecification\",\"valueRequired\":true,\"valueName\":\"search_term_string\"}}],\"inLanguage\":\"es\"},{\"@type\":\"Organization\",\"@id\":\"https:\/\/www.nexoinformativo.mx\/#organization\",\"name\":\"Nexo Informativo Santiago de Quer\u00e9taro\",\"url\":\"https:\/\/www.nexoinformativo.mx\/\",\"logo\":{\"@type\":\"ImageObject\",\"inLanguage\":\"es\",\"@id\":\"https:\/\/www.nexoinformativo.mx\/#\/schema\/logo\/image\/\",\"url\":\"https:\/\/www.nexoinformativo.mx\/wp-content\/uploads\/2024\/07\/nexoi-trasparente-2.png\",\"contentUrl\":\"https:\/\/www.nexoinformativo.mx\/wp-content\/uploads\/2024\/07\/nexoi-trasparente-2.png\",\"width\":816,\"height\":339,\"caption\":\"Nexo Informativo Santiago de Quer\u00e9taro\"},\"image\":{\"@id\":\"https:\/\/www.nexoinformativo.mx\/#\/schema\/logo\/image\/\"},\"sameAs\":[\"https:\/\/www.facebook.com\/people\/Nexo-Informativo\/61564066885511\/\"]},{\"@type\":\"Person\",\"@id\":\"https:\/\/www.nexoinformativo.mx\/#\/schema\/person\/7749d380ba08c8ca00d7bc76fd907b7d\",\"name\":\"Nexo Informativo\",\"image\":{\"@type\":\"ImageObject\",\"inLanguage\":\"es\",\"@id\":\"https:\/\/www.nexoinformativo.mx\/#\/schema\/person\/image\/\",\"url\":\"https:\/\/secure.gravatar.com\/avatar\/dde2928154642a13d95f87ddf1ea9718fe2b46760a005c53e41ff5ad610704e6?s=96&d=mm&r=g\",\"contentUrl\":\"https:\/\/secure.gravatar.com\/avatar\/dde2928154642a13d95f87ddf1ea9718fe2b46760a005c53e41ff5ad610704e6?s=96&d=mm&r=g\",\"caption\":\"Nexo Informativo\"},\"url\":\"https:\/\/www.nexoinformativo.mx\/index.php\/author\/edicion\/\"}]}<\/script>\n<!-- \/ Yoast SEO plugin. -->","yoast_head_json":{"title":"Santa Rosa J\u00e1uregui se llena de magia navide\u00f1a con el Festival Alegr\u00eda Quer\u00e9taro | Nexo Informativo Santiago de Quer\u00e9taro","description":"Santa Rosa J\u00e1uregui se llena de magia navide\u00f1a con el Festival Alegr\u00eda Quer\u00e9taro","robots":{"index":"index","follow":"follow","max-snippet":"max-snippet:-1","max-image-preview":"max-image-preview:large","max-video-preview":"max-video-preview:-1"},"canonical":"https:\/\/www.nexoinformativo.mx\/index.php\/2024\/12\/20\/santa-rosa-jauregui-se-llena-de-magia-navidena-con-el-festival-alegria-queretaro\/","og_locale":"es_MX","og_type":"article","og_title":"Santa Rosa J\u00e1uregui se llena de magia navide\u00f1a con el Festival Alegr\u00eda Quer\u00e9taro | Nexo Informativo Santiago de Quer\u00e9taro","og_description":"Santa Rosa J\u00e1uregui se llena de magia navide\u00f1a con el Festival Alegr\u00eda Quer\u00e9taro","og_url":"https:\/\/www.nexoinformativo.mx\/index.php\/2024\/12\/20\/santa-rosa-jauregui-se-llena-de-magia-navidena-con-el-festival-alegria-queretaro\/","og_site_name":"Nexo Informativo Santiago de Quer\u00e9taro","article_publisher":"https:\/\/www.facebook.com\/people\/Nexo-Informativo\/61564066885511\/","article_published_time":"2024-12-20T16:30:16+00:00","article_modified_time":"2024-12-20T18:06:44+00:00","og_image":[{"width":800,"height":534,"url":"https:\/\/www.nexoinformativo.mx\/wp-content\/uploads\/2024\/12\/PHOTO-2024-12-20-10-08-48-e1734717925775.jpg","type":"image\/jpeg"}],"author":"Nexo Informativo","twitter_card":"summary_large_image","twitter_misc":{"Escrito por":"Nexo Informativo","Tiempo de lectura":"2 minutos"},"schema":{"@context":"https:\/\/schema.org","@graph":[{"@type":"Article","@id":"https:\/\/www.nexoinformativo.mx\/index.php\/2024\/12\/20\/santa-rosa-jauregui-se-llena-de-magia-navidena-con-el-festival-alegria-queretaro\/#article","isPartOf":{"@id":"https:\/\/www.nexoinformativo.mx\/index.php\/2024\/12\/20\/santa-rosa-jauregui-se-llena-de-magia-navidena-con-el-festival-alegria-queretaro\/"},"author":{"name":"Nexo Informativo","@id":"https:\/\/www.nexoinformativo.mx\/#\/schema\/person\/7749d380ba08c8ca00d7bc76fd907b7d"},"headline":"Santa Rosa J\u00e1uregui se llena de magia navide\u00f1a con el Festival Alegr\u00eda Quer\u00e9taro","datePublished":"2024-12-20T16:30:16+00:00","dateModified":"2024-12-20T18:06:44+00:00","mainEntityOfPage":{"@id":"https:\/\/www.nexoinformativo.mx\/index.php\/2024\/12\/20\/santa-rosa-jauregui-se-llena-de-magia-navidena-con-el-festival-alegria-queretaro\/"},"wordCount":221,"commentCount":0,"publisher":{"@id":"https:\/\/www.nexoinformativo.mx\/#organization"},"image":{"@id":"https:\/\/www.nexoinformativo.mx\/index.php\/2024\/12\/20\/santa-rosa-jauregui-se-llena-de-magia-navidena-con-el-festival-alegria-queretaro\/#primaryimage"},"thumbnailUrl":"https:\/\/www.nexoinformativo.mx\/wp-content\/uploads\/2024\/12\/PHOTO-2024-12-20-10-08-48-e1734717925775.jpg","keywords":["DesfileNavide\u00f1o","FestivalAlegr\u00edaQuer\u00e9taro","NavidadEnQuer\u00e9taro","SantaRosaJ\u00e1uregui"],"articleSection":["Espect\u00e1culos","\u00daltima Hora"],"inLanguage":"es","potentialAction":[{"@type":"CommentAction","name":"Comment","target":["https:\/\/www.nexoinformativo.mx\/index.php\/2024\/12\/20\/santa-rosa-jauregui-se-llena-de-magia-navidena-con-el-festival-alegria-queretaro\/#respond"]}]},{"@type":"WebPage","@id":"https:\/\/www.nexoinformativo.mx\/index.php\/2024\/12\/20\/santa-rosa-jauregui-se-llena-de-magia-navidena-con-el-festival-alegria-queretaro\/","url":"https:\/\/www.nexoinformativo.mx\/index.php\/2024\/12\/20\/santa-rosa-jauregui-se-llena-de-magia-navidena-con-el-festival-alegria-queretaro\/","name":"Santa Rosa J\u00e1uregui se llena de magia navide\u00f1a con el Festival Alegr\u00eda Quer\u00e9taro | Nexo Informativo Santiago de Quer\u00e9taro","isPartOf":{"@id":"https:\/\/www.nexoinformativo.mx\/#website"},"primaryImageOfPage":{"@id":"https:\/\/www.nexoinformativo.mx\/index.php\/2024\/12\/20\/santa-rosa-jauregui-se-llena-de-magia-navidena-con-el-festival-alegria-queretaro\/#primaryimage"},"image":{"@id":"https:\/\/www.nexoinformativo.mx\/index.php\/2024\/12\/20\/santa-rosa-jauregui-se-llena-de-magia-navidena-con-el-festival-alegria-queretaro\/#primaryimage"},"thumbnailUrl":"https:\/\/www.nexoinformativo.mx\/wp-content\/uploads\/2024\/12\/PHOTO-2024-12-20-10-08-48-e1734717925775.jpg","datePublished":"2024-12-20T16:30:16+00:00","dateModified":"2024-12-20T18:06:44+00:00","description":"Santa Rosa J\u00e1uregui se llena de magia navide\u00f1a con el Festival Alegr\u00eda Quer\u00e9taro","breadcrumb":{"@id":"https:\/\/www.nexoinformativo.mx\/index.php\/2024\/12\/20\/santa-rosa-jauregui-se-llena-de-magia-navidena-con-el-festival-alegria-queretaro\/#breadcrumb"},"inLanguage":"es","potentialAction":[{"@type":"ReadAction","target":["https:\/\/www.nexoinformativo.mx\/index.php\/2024\/12\/20\/santa-rosa-jauregui-se-llena-de-magia-navidena-con-el-festival-alegria-queretaro\/"]}]},{"@type":"ImageObject","inLanguage":"es","@id":"https:\/\/www.nexoinformativo.mx\/index.php\/2024\/12\/20\/santa-rosa-jauregui-se-llena-de-magia-navidena-con-el-festival-alegria-queretaro\/#primaryimage","url":"https:\/\/www.nexoinformativo.mx\/wp-content\/uploads\/2024\/12\/PHOTO-2024-12-20-10-08-48-e1734717925775.jpg","contentUrl":"https:\/\/www.nexoinformativo.mx\/wp-content\/uploads\/2024\/12\/PHOTO-2024-12-20-10-08-48-e1734717925775.jpg","width":800,"height":534},{"@type":"BreadcrumbList","@id":"https:\/\/www.nexoinformativo.mx\/index.php\/2024\/12\/20\/santa-rosa-jauregui-se-llena-de-magia-navidena-con-el-festival-alegria-queretaro\/#breadcrumb","itemListElement":[{"@type":"ListItem","position":1,"name":"Inicio","item":"https:\/\/www.nexoinformativo.mx\/"},{"@type":"ListItem","position":2,"name":"Santa Rosa J\u00e1uregui se llena de magia navide\u00f1a con el Festival Alegr\u00eda Quer\u00e9taro"}]},{"@type":"WebSite","@id":"https:\/\/www.nexoinformativo.mx\/#website","url":"https:\/\/www.nexoinformativo.mx\/","name":"Nexo Informativo Santiago de Quer\u00e9taro","description":"Explora NexoInformativo y convi\u00e9rtete en parte de una comunidad que valora el conocimiento y la verdad. Tu nexoinformativo es tu puente hacia una comprensi\u00f3n m\u00e1s profunda del mundo que te rodea.","publisher":{"@id":"https:\/\/www.nexoinformativo.mx\/#organization"},"potentialAction":[{"@type":"SearchAction","target":{"@type":"EntryPoint","urlTemplate":"https:\/\/www.nexoinformativo.mx\/?s={search_term_string}"},"query-input":{"@type":"PropertyValueSpecification","valueRequired":true,"valueName":"search_term_string"}}],"inLanguage":"es"},{"@type":"Organization","@id":"https:\/\/www.nexoinformativo.mx\/#organization","name":"Nexo Informativo Santiago de Quer\u00e9taro","url":"https:\/\/www.nexoinformativo.mx\/","logo":{"@type":"ImageObject","inLanguage":"es","@id":"https:\/\/www.nexoinformativo.mx\/#\/schema\/logo\/image\/","url":"https:\/\/www.nexoinformativo.mx\/wp-content\/uploads\/2024\/07\/nexoi-trasparente-2.png","contentUrl":"https:\/\/www.nexoinformativo.mx\/wp-content\/uploads\/2024\/07\/nexoi-trasparente-2.png","width":816,"height":339,"caption":"Nexo Informativo Santiago de Quer\u00e9taro"},"image":{"@id":"https:\/\/www.nexoinformativo.mx\/#\/schema\/logo\/image\/"},"sameAs":["https:\/\/www.facebook.com\/people\/Nexo-Informativo\/61564066885511\/"]},{"@type":"Person","@id":"https:\/\/www.nexoinformativo.mx\/#\/schema\/person\/7749d380ba08c8ca00d7bc76fd907b7d","name":"Nexo Informativo","image":{"@type":"ImageObject","inLanguage":"es","@id":"https:\/\/www.nexoinformativo.mx\/#\/schema\/person\/image\/","url":"https:\/\/secure.gravatar.com\/avatar\/dde2928154642a13d95f87ddf1ea9718fe2b46760a005c53e41ff5ad610704e6?s=96&d=mm&r=g","contentUrl":"https:\/\/secure.gravatar.com\/avatar\/dde2928154642a13d95f87ddf1ea9718fe2b46760a005c53e41ff5ad610704e6?s=96&d=mm&r=g","caption":"Nexo Informativo"},"url":"https:\/\/www.nexoinformativo.mx\/index.php\/author\/edicion\/"}]}},"_links":{"self":[{"href":"https:\/\/www.nexoinformativo.mx\/index.php\/wp-json\/wp\/v2\/posts\/8591","targetHints":{"allow":["GET"]}}],"collection":[{"href":"https:\/\/www.nexoinformativo.mx\/index.php\/wp-json\/wp\/v2\/posts"}],"about":[{"href":"https:\/\/www.nexoinformativo.mx\/index.php\/wp-json\/wp\/v2\/types\/post"}],"author":[{"embeddable":true,"href":"https:\/\/www.nexoinformativo.mx\/index.php\/wp-json\/wp\/v2\/users\/3"}],"replies":[{"embeddable":true,"href":"https:\/\/www.nexoinformativo.mx\/index.php\/wp-json\/wp\/v2\/comments?post=8591"}],"version-history":[{"count":2,"href":"https:\/\/www.nexoinformativo.mx\/index.php\/wp-json\/wp\/v2\/posts\/8591\/revisions"}],"predecessor-version":[{"id":8593,"href":"https:\/\/www.nexoinformativo.mx\/index.php\/wp-json\/wp\/v2\/posts\/8591\/revisions\/8593"}],"wp:featuredmedia":[{"embeddable":true,"href":"https:\/\/www.nexoinformativo.mx\/index.php\/wp-json\/wp\/v2\/media\/8595"}],"wp:attachment":[{"href":"https:\/\/www.nexoinformativo.mx\/index.php\/wp-json\/wp\/v2\/media?parent=8591"}],"wp:term":[{"taxonomy":"category","embeddable":true,"href":"https:\/\/www.nexoinformativo.mx\/index.php\/wp-json\/wp\/v2\/categories?post=8591"},{"taxonomy":"post_tag","embeddable":true,"href":"https:\/\/www.nexoinformativo.mx\/index.php\/wp-json\/wp\/v2\/tags?post=8591"}],"curies":[{"name":"wp","href":"https:\/\/api.w.org\/{rel}","templated":true}]}}