{"id":8596,"date":"2024-12-20T11:00:49","date_gmt":"2024-12-20T17:00:49","guid":{"rendered":"https:\/\/www.nexoinformativo.mx\/?p=8596"},"modified":"2024-12-20T12:16:29","modified_gmt":"2024-12-20T18:16:29","slug":"operativo-en-el-marques-da-como-resultado-detencion-de-sujeto-armado","status":"publish","type":"post","link":"https:\/\/www.nexoinformativo.mx\/index.php\/2024\/12\/20\/operativo-en-el-marques-da-como-resultado-detencion-de-sujeto-armado\/","title":{"rendered":"Operativo en El Marqu\u00e9s da como resultado detenci\u00f3n de sujeto armado"},"content":{"rendered":"<p style=\"text-align: justify;\" data-sourcepos=\"11:1-11:215\">En un operativo de rutina, elementos de la Secretar\u00eda de Seguridad P\u00fablica y Tr\u00e1nsito Municipal de El Marqu\u00e9s lograron la detenci\u00f3n de una persona que portaba un arma de fuego sin los permisos correspondientes.<\/p>\n<p>&nbsp;<\/p>\n<p style=\"text-align: justify;\" data-sourcepos=\"13:1-13:344\">Los hechos ocurrieron en la zona de El Colorado, cuando los oficiales realizaban labores de patrullaje preventivo. Al notar una actitud evasiva por parte de un individuo, decidieron realizar una inspecci\u00f3n de seguridad.<\/p>\n<p>&nbsp;<\/p>\n<p style=\"text-align: justify;\" data-sourcepos=\"13:1-13:344\">Durante la revisi\u00f3n, encontraron entre las pertenencias del sujeto un arma de fuego, por lo que procedieron a su detenci\u00f3n.<\/p>\n<p>&nbsp;<\/p>\n<p style=\"text-align: justify;\" data-sourcepos=\"15:1-15:158\">El detenido fue informado de sus derechos y puesto a disposici\u00f3n de las autoridades correspondientes, quienes se encargar\u00e1n de determinar su situaci\u00f3n legal.<\/p>\n<p>&nbsp;<\/p>\n<p style=\"text-align: justify;\" data-sourcepos=\"17:1-17:237\">Este hecho demuestra el compromiso de la Polic\u00eda Municipal de El Marqu\u00e9s por garantizar la seguridad de los ciudadanos y combatir la delincuencia. Los operativos de vigilancia y prevenci\u00f3n continuar\u00e1n realiz\u00e1ndose en toda la demarcaci\u00f3n.<\/p>\n<p>&nbsp;<\/p>\n<p style=\"text-align: center;\" data-sourcepos=\"17:1-17:237\"><em><strong>\u00a1Informaci\u00f3n que transforma!<\/strong><\/em><\/p>\n","protected":false},"excerpt":{"rendered":"<p>En un operativo de rutina, elementos de la Secretar\u00eda de Seguridad P\u00fablica y Tr\u00e1nsito Municipal de El Marqu\u00e9s lograron la detenci\u00f3n de una persona que portaba un arma de fuego sin los permisos correspondientes.<\/p>\n","protected":false},"author":3,"featured_media":8597,"comment_status":"open","ping_status":"open","sticky":false,"template":"","format":"standard","meta":{"footnotes":""},"categories":[137,58],"tags":[2768,307,2099,157],"class_list":["post-8596","post","type-post","status-publish","format-standard","has-post-thumbnail","hentry","category-sucesos","category-ultima-hora","tag-detencionarmadefuego","tag-elmarquesseguro","tag-operativospoliciales","tag-seguridadciudadana"],"yoast_head":"<!-- This site is optimized with the Yoast SEO plugin v25.0 - https:\/\/yoast.com\/wordpress\/plugins\/seo\/ -->\n<title>Operativo en El Marqu\u00e9s da como resultado detenci\u00f3n de sujeto armado | Nexo Informativo Santiago de Quer\u00e9taro<\/title>\n<meta name=\"description\" content=\"Operativo en El Marqu\u00e9s da como resultado detenci\u00f3n de sujeto armado\" \/>\n<meta name=\"robots\" content=\"index, follow, max-snippet:-1, max-image-preview:large, max-video-preview:-1\" \/>\n<link rel=\"canonical\" href=\"https:\/\/www.nexoinformativo.mx\/index.php\/2024\/12\/20\/operativo-en-el-marques-da-como-resultado-detencion-de-sujeto-armado\/\" \/>\n<meta property=\"og:locale\" content=\"es_MX\" \/>\n<meta property=\"og:type\" content=\"article\" \/>\n<meta property=\"og:title\" content=\"Operativo en El Marqu\u00e9s da como resultado detenci\u00f3n de sujeto armado | Nexo Informativo Santiago de Quer\u00e9taro\" \/>\n<meta property=\"og:description\" content=\"Operativo en El Marqu\u00e9s da como resultado detenci\u00f3n de sujeto armado\" \/>\n<meta property=\"og:url\" content=\"https:\/\/www.nexoinformativo.mx\/index.php\/2024\/12\/20\/operativo-en-el-marques-da-como-resultado-detencion-de-sujeto-armado\/\" \/>\n<meta property=\"og:site_name\" content=\"Nexo Informativo Santiago de Quer\u00e9taro\" \/>\n<meta property=\"article:publisher\" content=\"https:\/\/www.facebook.com\/people\/Nexo-Informativo\/61564066885511\/\" \/>\n<meta property=\"article:published_time\" content=\"2024-12-20T17:00:49+00:00\" \/>\n<meta property=\"article:modified_time\" content=\"2024-12-20T18:16:29+00:00\" \/>\n<meta property=\"og:image\" content=\"https:\/\/www.nexoinformativo.mx\/wp-content\/uploads\/2024\/12\/PHOTO-2024-12-20-10-09-04-e1734718572194.jpg\" \/>\n\t<meta property=\"og:image:width\" content=\"450\" \/>\n\t<meta property=\"og:image:height\" content=\"600\" \/>\n\t<meta property=\"og:image:type\" content=\"image\/jpeg\" \/>\n<meta name=\"author\" content=\"Nexo Informativo\" \/>\n<meta name=\"twitter:card\" content=\"summary_large_image\" \/>\n<meta name=\"twitter:label1\" content=\"Escrito por\" \/>\n\t<meta name=\"twitter:data1\" content=\"Nexo Informativo\" \/>\n\t<meta name=\"twitter:label2\" content=\"Tiempo de lectura\" \/>\n\t<meta name=\"twitter:data2\" content=\"1 minuto\" \/>\n<script type=\"application\/ld+json\" class=\"yoast-schema-graph\">{\"@context\":\"https:\/\/schema.org\",\"@graph\":[{\"@type\":\"Article\",\"@id\":\"https:\/\/www.nexoinformativo.mx\/index.php\/2024\/12\/20\/operativo-en-el-marques-da-como-resultado-detencion-de-sujeto-armado\/#article\",\"isPartOf\":{\"@id\":\"https:\/\/www.nexoinformativo.mx\/index.php\/2024\/12\/20\/operativo-en-el-marques-da-como-resultado-detencion-de-sujeto-armado\/\"},\"author\":{\"name\":\"Nexo Informativo\",\"@id\":\"https:\/\/www.nexoinformativo.mx\/#\/schema\/person\/7749d380ba08c8ca00d7bc76fd907b7d\"},\"headline\":\"Operativo en El Marqu\u00e9s da como resultado detenci\u00f3n de sujeto armado\",\"datePublished\":\"2024-12-20T17:00:49+00:00\",\"dateModified\":\"2024-12-20T18:16:29+00:00\",\"mainEntityOfPage\":{\"@id\":\"https:\/\/www.nexoinformativo.mx\/index.php\/2024\/12\/20\/operativo-en-el-marques-da-como-resultado-detencion-de-sujeto-armado\/\"},\"wordCount\":184,\"commentCount\":0,\"publisher\":{\"@id\":\"https:\/\/www.nexoinformativo.mx\/#organization\"},\"image\":{\"@id\":\"https:\/\/www.nexoinformativo.mx\/index.php\/2024\/12\/20\/operativo-en-el-marques-da-como-resultado-detencion-de-sujeto-armado\/#primaryimage\"},\"thumbnailUrl\":\"https:\/\/www.nexoinformativo.mx\/wp-content\/uploads\/2024\/12\/PHOTO-2024-12-20-10-09-04-e1734718572194.jpg\",\"keywords\":[\"Detenci\u00f3nArmaDeFuego\",\"ElMarqu\u00e9sSeguro\",\"OperativosPoliciales\",\"SeguridadCiudadana\"],\"articleSection\":[\"Sucesos\",\"\u00daltima Hora\"],\"inLanguage\":\"es\",\"potentialAction\":[{\"@type\":\"CommentAction\",\"name\":\"Comment\",\"target\":[\"https:\/\/www.nexoinformativo.mx\/index.php\/2024\/12\/20\/operativo-en-el-marques-da-como-resultado-detencion-de-sujeto-armado\/#respond\"]}]},{\"@type\":\"WebPage\",\"@id\":\"https:\/\/www.nexoinformativo.mx\/index.php\/2024\/12\/20\/operativo-en-el-marques-da-como-resultado-detencion-de-sujeto-armado\/\",\"url\":\"https:\/\/www.nexoinformativo.mx\/index.php\/2024\/12\/20\/operativo-en-el-marques-da-como-resultado-detencion-de-sujeto-armado\/\",\"name\":\"Operativo en El Marqu\u00e9s da como resultado detenci\u00f3n de sujeto armado | Nexo Informativo Santiago de Quer\u00e9taro\",\"isPartOf\":{\"@id\":\"https:\/\/www.nexoinformativo.mx\/#website\"},\"primaryImageOfPage\":{\"@id\":\"https:\/\/www.nexoinformativo.mx\/index.php\/2024\/12\/20\/operativo-en-el-marques-da-como-resultado-detencion-de-sujeto-armado\/#primaryimage\"},\"image\":{\"@id\":\"https:\/\/www.nexoinformativo.mx\/index.php\/2024\/12\/20\/operativo-en-el-marques-da-como-resultado-detencion-de-sujeto-armado\/#primaryimage\"},\"thumbnailUrl\":\"https:\/\/www.nexoinformativo.mx\/wp-content\/uploads\/2024\/12\/PHOTO-2024-12-20-10-09-04-e1734718572194.jpg\",\"datePublished\":\"2024-12-20T17:00:49+00:00\",\"dateModified\":\"2024-12-20T18:16:29+00:00\",\"description\":\"Operativo en El Marqu\u00e9s da como resultado detenci\u00f3n de sujeto armado\",\"breadcrumb\":{\"@id\":\"https:\/\/www.nexoinformativo.mx\/index.php\/2024\/12\/20\/operativo-en-el-marques-da-como-resultado-detencion-de-sujeto-armado\/#breadcrumb\"},\"inLanguage\":\"es\",\"potentialAction\":[{\"@type\":\"ReadAction\",\"target\":[\"https:\/\/www.nexoinformativo.mx\/index.php\/2024\/12\/20\/operativo-en-el-marques-da-como-resultado-detencion-de-sujeto-armado\/\"]}]},{\"@type\":\"ImageObject\",\"inLanguage\":\"es\",\"@id\":\"https:\/\/www.nexoinformativo.mx\/index.php\/2024\/12\/20\/operativo-en-el-marques-da-como-resultado-detencion-de-sujeto-armado\/#primaryimage\",\"url\":\"https:\/\/www.nexoinformativo.mx\/wp-content\/uploads\/2024\/12\/PHOTO-2024-12-20-10-09-04-e1734718572194.jpg\",\"contentUrl\":\"https:\/\/www.nexoinformativo.mx\/wp-content\/uploads\/2024\/12\/PHOTO-2024-12-20-10-09-04-e1734718572194.jpg\",\"width\":450,\"height\":600},{\"@type\":\"BreadcrumbList\",\"@id\":\"https:\/\/www.nexoinformativo.mx\/index.php\/2024\/12\/20\/operativo-en-el-marques-da-como-resultado-detencion-de-sujeto-armado\/#breadcrumb\",\"itemListElement\":[{\"@type\":\"ListItem\",\"position\":1,\"name\":\"Inicio\",\"item\":\"https:\/\/www.nexoinformativo.mx\/\"},{\"@type\":\"ListItem\",\"position\":2,\"name\":\"Operativo en El Marqu\u00e9s da como resultado detenci\u00f3n de sujeto armado\"}]},{\"@type\":\"WebSite\",\"@id\":\"https:\/\/www.nexoinformativo.mx\/#website\",\"url\":\"https:\/\/www.nexoinformativo.mx\/\",\"name\":\"Nexo Informativo Santiago de Quer\u00e9taro\",\"description\":\"Explora NexoInformativo y convi\u00e9rtete en parte de una comunidad que valora el conocimiento y la verdad. Tu nexoinformativo es tu puente hacia una comprensi\u00f3n m\u00e1s profunda del mundo que te rodea.\",\"publisher\":{\"@id\":\"https:\/\/www.nexoinformativo.mx\/#organization\"},\"potentialAction\":[{\"@type\":\"SearchAction\",\"target\":{\"@type\":\"EntryPoint\",\"urlTemplate\":\"https:\/\/www.nexoinformativo.mx\/?s={search_term_string}\"},\"query-input\":{\"@type\":\"PropertyValueSpecification\",\"valueRequired\":true,\"valueName\":\"search_term_string\"}}],\"inLanguage\":\"es\"},{\"@type\":\"Organization\",\"@id\":\"https:\/\/www.nexoinformativo.mx\/#organization\",\"name\":\"Nexo Informativo Santiago de Quer\u00e9taro\",\"url\":\"https:\/\/www.nexoinformativo.mx\/\",\"logo\":{\"@type\":\"ImageObject\",\"inLanguage\":\"es\",\"@id\":\"https:\/\/www.nexoinformativo.mx\/#\/schema\/logo\/image\/\",\"url\":\"https:\/\/www.nexoinformativo.mx\/wp-content\/uploads\/2024\/07\/nexoi-trasparente-2.png\",\"contentUrl\":\"https:\/\/www.nexoinformativo.mx\/wp-content\/uploads\/2024\/07\/nexoi-trasparente-2.png\",\"width\":816,\"height\":339,\"caption\":\"Nexo Informativo Santiago de Quer\u00e9taro\"},\"image\":{\"@id\":\"https:\/\/www.nexoinformativo.mx\/#\/schema\/logo\/image\/\"},\"sameAs\":[\"https:\/\/www.facebook.com\/people\/Nexo-Informativo\/61564066885511\/\"]},{\"@type\":\"Person\",\"@id\":\"https:\/\/www.nexoinformativo.mx\/#\/schema\/person\/7749d380ba08c8ca00d7bc76fd907b7d\",\"name\":\"Nexo Informativo\",\"image\":{\"@type\":\"ImageObject\",\"inLanguage\":\"es\",\"@id\":\"https:\/\/www.nexoinformativo.mx\/#\/schema\/person\/image\/\",\"url\":\"https:\/\/secure.gravatar.com\/avatar\/dde2928154642a13d95f87ddf1ea9718fe2b46760a005c53e41ff5ad610704e6?s=96&d=mm&r=g\",\"contentUrl\":\"https:\/\/secure.gravatar.com\/avatar\/dde2928154642a13d95f87ddf1ea9718fe2b46760a005c53e41ff5ad610704e6?s=96&d=mm&r=g\",\"caption\":\"Nexo Informativo\"},\"url\":\"https:\/\/www.nexoinformativo.mx\/index.php\/author\/edicion\/\"}]}<\/script>\n<!-- \/ Yoast SEO plugin. -->","yoast_head_json":{"title":"Operativo en El Marqu\u00e9s da como resultado detenci\u00f3n de sujeto armado | Nexo Informativo Santiago de Quer\u00e9taro","description":"Operativo en El Marqu\u00e9s da como resultado detenci\u00f3n de sujeto armado","robots":{"index":"index","follow":"follow","max-snippet":"max-snippet:-1","max-image-preview":"max-image-preview:large","max-video-preview":"max-video-preview:-1"},"canonical":"https:\/\/www.nexoinformativo.mx\/index.php\/2024\/12\/20\/operativo-en-el-marques-da-como-resultado-detencion-de-sujeto-armado\/","og_locale":"es_MX","og_type":"article","og_title":"Operativo en El Marqu\u00e9s da como resultado detenci\u00f3n de sujeto armado | Nexo Informativo Santiago de Quer\u00e9taro","og_description":"Operativo en El Marqu\u00e9s da como resultado detenci\u00f3n de sujeto armado","og_url":"https:\/\/www.nexoinformativo.mx\/index.php\/2024\/12\/20\/operativo-en-el-marques-da-como-resultado-detencion-de-sujeto-armado\/","og_site_name":"Nexo Informativo Santiago de Quer\u00e9taro","article_publisher":"https:\/\/www.facebook.com\/people\/Nexo-Informativo\/61564066885511\/","article_published_time":"2024-12-20T17:00:49+00:00","article_modified_time":"2024-12-20T18:16:29+00:00","og_image":[{"width":450,"height":600,"url":"https:\/\/www.nexoinformativo.mx\/wp-content\/uploads\/2024\/12\/PHOTO-2024-12-20-10-09-04-e1734718572194.jpg","type":"image\/jpeg"}],"author":"Nexo Informativo","twitter_card":"summary_large_image","twitter_misc":{"Escrito por":"Nexo Informativo","Tiempo de lectura":"1 minuto"},"schema":{"@context":"https:\/\/schema.org","@graph":[{"@type":"Article","@id":"https:\/\/www.nexoinformativo.mx\/index.php\/2024\/12\/20\/operativo-en-el-marques-da-como-resultado-detencion-de-sujeto-armado\/#article","isPartOf":{"@id":"https:\/\/www.nexoinformativo.mx\/index.php\/2024\/12\/20\/operativo-en-el-marques-da-como-resultado-detencion-de-sujeto-armado\/"},"author":{"name":"Nexo Informativo","@id":"https:\/\/www.nexoinformativo.mx\/#\/schema\/person\/7749d380ba08c8ca00d7bc76fd907b7d"},"headline":"Operativo en El Marqu\u00e9s da como resultado detenci\u00f3n de sujeto armado","datePublished":"2024-12-20T17:00:49+00:00","dateModified":"2024-12-20T18:16:29+00:00","mainEntityOfPage":{"@id":"https:\/\/www.nexoinformativo.mx\/index.php\/2024\/12\/20\/operativo-en-el-marques-da-como-resultado-detencion-de-sujeto-armado\/"},"wordCount":184,"commentCount":0,"publisher":{"@id":"https:\/\/www.nexoinformativo.mx\/#organization"},"image":{"@id":"https:\/\/www.nexoinformativo.mx\/index.php\/2024\/12\/20\/operativo-en-el-marques-da-como-resultado-detencion-de-sujeto-armado\/#primaryimage"},"thumbnailUrl":"https:\/\/www.nexoinformativo.mx\/wp-content\/uploads\/2024\/12\/PHOTO-2024-12-20-10-09-04-e1734718572194.jpg","keywords":["Detenci\u00f3nArmaDeFuego","ElMarqu\u00e9sSeguro","OperativosPoliciales","SeguridadCiudadana"],"articleSection":["Sucesos","\u00daltima Hora"],"inLanguage":"es","potentialAction":[{"@type":"CommentAction","name":"Comment","target":["https:\/\/www.nexoinformativo.mx\/index.php\/2024\/12\/20\/operativo-en-el-marques-da-como-resultado-detencion-de-sujeto-armado\/#respond"]}]},{"@type":"WebPage","@id":"https:\/\/www.nexoinformativo.mx\/index.php\/2024\/12\/20\/operativo-en-el-marques-da-como-resultado-detencion-de-sujeto-armado\/","url":"https:\/\/www.nexoinformativo.mx\/index.php\/2024\/12\/20\/operativo-en-el-marques-da-como-resultado-detencion-de-sujeto-armado\/","name":"Operativo en El Marqu\u00e9s da como resultado detenci\u00f3n de sujeto armado | Nexo Informativo Santiago de Quer\u00e9taro","isPartOf":{"@id":"https:\/\/www.nexoinformativo.mx\/#website"},"primaryImageOfPage":{"@id":"https:\/\/www.nexoinformativo.mx\/index.php\/2024\/12\/20\/operativo-en-el-marques-da-como-resultado-detencion-de-sujeto-armado\/#primaryimage"},"image":{"@id":"https:\/\/www.nexoinformativo.mx\/index.php\/2024\/12\/20\/operativo-en-el-marques-da-como-resultado-detencion-de-sujeto-armado\/#primaryimage"},"thumbnailUrl":"https:\/\/www.nexoinformativo.mx\/wp-content\/uploads\/2024\/12\/PHOTO-2024-12-20-10-09-04-e1734718572194.jpg","datePublished":"2024-12-20T17:00:49+00:00","dateModified":"2024-12-20T18:16:29+00:00","description":"Operativo en El Marqu\u00e9s da como resultado detenci\u00f3n de sujeto armado","breadcrumb":{"@id":"https:\/\/www.nexoinformativo.mx\/index.php\/2024\/12\/20\/operativo-en-el-marques-da-como-resultado-detencion-de-sujeto-armado\/#breadcrumb"},"inLanguage":"es","potentialAction":[{"@type":"ReadAction","target":["https:\/\/www.nexoinformativo.mx\/index.php\/2024\/12\/20\/operativo-en-el-marques-da-como-resultado-detencion-de-sujeto-armado\/"]}]},{"@type":"ImageObject","inLanguage":"es","@id":"https:\/\/www.nexoinformativo.mx\/index.php\/2024\/12\/20\/operativo-en-el-marques-da-como-resultado-detencion-de-sujeto-armado\/#primaryimage","url":"https:\/\/www.nexoinformativo.mx\/wp-content\/uploads\/2024\/12\/PHOTO-2024-12-20-10-09-04-e1734718572194.jpg","contentUrl":"https:\/\/www.nexoinformativo.mx\/wp-content\/uploads\/2024\/12\/PHOTO-2024-12-20-10-09-04-e1734718572194.jpg","width":450,"height":600},{"@type":"BreadcrumbList","@id":"https:\/\/www.nexoinformativo.mx\/index.php\/2024\/12\/20\/operativo-en-el-marques-da-como-resultado-detencion-de-sujeto-armado\/#breadcrumb","itemListElement":[{"@type":"ListItem","position":1,"name":"Inicio","item":"https:\/\/www.nexoinformativo.mx\/"},{"@type":"ListItem","position":2,"name":"Operativo en El Marqu\u00e9s da como resultado detenci\u00f3n de sujeto armado"}]},{"@type":"WebSite","@id":"https:\/\/www.nexoinformativo.mx\/#website","url":"https:\/\/www.nexoinformativo.mx\/","name":"Nexo Informativo Santiago de Quer\u00e9taro","description":"Explora NexoInformativo y convi\u00e9rtete en parte de una comunidad que valora el conocimiento y la verdad. Tu nexoinformativo es tu puente hacia una comprensi\u00f3n m\u00e1s profunda del mundo que te rodea.","publisher":{"@id":"https:\/\/www.nexoinformativo.mx\/#organization"},"potentialAction":[{"@type":"SearchAction","target":{"@type":"EntryPoint","urlTemplate":"https:\/\/www.nexoinformativo.mx\/?s={search_term_string}"},"query-input":{"@type":"PropertyValueSpecification","valueRequired":true,"valueName":"search_term_string"}}],"inLanguage":"es"},{"@type":"Organization","@id":"https:\/\/www.nexoinformativo.mx\/#organization","name":"Nexo Informativo Santiago de Quer\u00e9taro","url":"https:\/\/www.nexoinformativo.mx\/","logo":{"@type":"ImageObject","inLanguage":"es","@id":"https:\/\/www.nexoinformativo.mx\/#\/schema\/logo\/image\/","url":"https:\/\/www.nexoinformativo.mx\/wp-content\/uploads\/2024\/07\/nexoi-trasparente-2.png","contentUrl":"https:\/\/www.nexoinformativo.mx\/wp-content\/uploads\/2024\/07\/nexoi-trasparente-2.png","width":816,"height":339,"caption":"Nexo Informativo Santiago de Quer\u00e9taro"},"image":{"@id":"https:\/\/www.nexoinformativo.mx\/#\/schema\/logo\/image\/"},"sameAs":["https:\/\/www.facebook.com\/people\/Nexo-Informativo\/61564066885511\/"]},{"@type":"Person","@id":"https:\/\/www.nexoinformativo.mx\/#\/schema\/person\/7749d380ba08c8ca00d7bc76fd907b7d","name":"Nexo Informativo","image":{"@type":"ImageObject","inLanguage":"es","@id":"https:\/\/www.nexoinformativo.mx\/#\/schema\/person\/image\/","url":"https:\/\/secure.gravatar.com\/avatar\/dde2928154642a13d95f87ddf1ea9718fe2b46760a005c53e41ff5ad610704e6?s=96&d=mm&r=g","contentUrl":"https:\/\/secure.gravatar.com\/avatar\/dde2928154642a13d95f87ddf1ea9718fe2b46760a005c53e41ff5ad610704e6?s=96&d=mm&r=g","caption":"Nexo Informativo"},"url":"https:\/\/www.nexoinformativo.mx\/index.php\/author\/edicion\/"}]}},"_links":{"self":[{"href":"https:\/\/www.nexoinformativo.mx\/index.php\/wp-json\/wp\/v2\/posts\/8596","targetHints":{"allow":["GET"]}}],"collection":[{"href":"https:\/\/www.nexoinformativo.mx\/index.php\/wp-json\/wp\/v2\/posts"}],"about":[{"href":"https:\/\/www.nexoinformativo.mx\/index.php\/wp-json\/wp\/v2\/types\/post"}],"author":[{"embeddable":true,"href":"https:\/\/www.nexoinformativo.mx\/index.php\/wp-json\/wp\/v2\/users\/3"}],"replies":[{"embeddable":true,"href":"https:\/\/www.nexoinformativo.mx\/index.php\/wp-json\/wp\/v2\/comments?post=8596"}],"version-history":[{"count":3,"href":"https:\/\/www.nexoinformativo.mx\/index.php\/wp-json\/wp\/v2\/posts\/8596\/revisions"}],"predecessor-version":[{"id":8606,"href":"https:\/\/www.nexoinformativo.mx\/index.php\/wp-json\/wp\/v2\/posts\/8596\/revisions\/8606"}],"wp:featuredmedia":[{"embeddable":true,"href":"https:\/\/www.nexoinformativo.mx\/index.php\/wp-json\/wp\/v2\/media\/8597"}],"wp:attachment":[{"href":"https:\/\/www.nexoinformativo.mx\/index.php\/wp-json\/wp\/v2\/media?parent=8596"}],"wp:term":[{"taxonomy":"category","embeddable":true,"href":"https:\/\/www.nexoinformativo.mx\/index.php\/wp-json\/wp\/v2\/categories?post=8596"},{"taxonomy":"post_tag","embeddable":true,"href":"https:\/\/www.nexoinformativo.mx\/index.php\/wp-json\/wp\/v2\/tags?post=8596"}],"curies":[{"name":"wp","href":"https:\/\/api.w.org\/{rel}","templated":true}]}}