{"id":861,"date":"2024-08-24T15:00:00","date_gmt":"2024-08-24T21:00:00","guid":{"rendered":"https:\/\/www.nexoinformativo.mx\/?p=861"},"modified":"2024-08-27T20:11:12","modified_gmt":"2024-08-28T02:11:12","slug":"tragico-accidente-ferroviario-en-el-marques-deja-cuatro-muertos-y-tres-heridos-graves","status":"publish","type":"post","link":"https:\/\/www.nexoinformativo.mx\/index.php\/2024\/08\/24\/tragico-accidente-ferroviario-en-el-marques-deja-cuatro-muertos-y-tres-heridos-graves\/","title":{"rendered":"Tr\u00e1gico accidente ferroviario en El Marqu\u00e9s deja cuatro muertos y tres heridos graves"},"content":{"rendered":"\r\n<p style=\"text-align: justify;\">Un grave accidente ferroviario ocurrido la ma\u00f1ana de este s\u00e1bado en las cercan\u00edas de la comunidad de Amazcala, en el municipio de El Marqu\u00e9s, dej\u00f3 un saldo tr\u00e1gico de cuatro personas fallecidas y tres m\u00e1s gravemente lesionadas. De acuerdo con los primeros reportes, el siniestro ocurri\u00f3 cuando el conductor de un veh\u00edculo particular intent\u00f3 cruzar las v\u00edas antes de que pasara el tren, pero no logr\u00f3 hacerlo a tiempo y fue embestido por la locomotora.\u00a0<\/p>\r\n<p class=\"justificado\" style=\"margin-top: var(--wp--preset--spacing--10); margin-bottom: var(--wp--preset--spacing--10);\">\r\n\r\n<\/p>\r\n<p style=\"text-align: justify;\">La fuerza del impacto provoc\u00f3 que el veh\u00edculo quedara destruido, cobrando la vida de cuatro de sus ocupantes en el acto. Los servicios de emergencia respondieron r\u00e1pidamente al llamado, y param\u00e9dicos de Protecci\u00f3n Civil de El Marqu\u00e9s arribaron al lugar para brindar atenci\u00f3n prehospitalaria a los heridos.<\/p>\r\n<p>&nbsp;<\/p>\r\n<p style=\"text-align: justify;\">Tras estabilizar a los lesionados, uno de ellos, que presentaba heridas de gravedad, fue trasladado por el helic\u00f3ptero ambulancia &#8220;Conin&#8221; a un hospital cercano para recibir atenci\u00f3n especializada. Elementos de la Direcci\u00f3n de Servicios Periciales de la Fiscal\u00eda General del Estado (FGE) acudieron al lugar del accidente para iniciar las investigaciones correspondientes.\u00a0<\/p>\r\n<p class=\"justificado\" style=\"margin-top: var(--wp--preset--spacing--10); margin-bottom: var(--wp--preset--spacing--10);\">\r\n\r\n<\/p>\r\n<p style=\"text-align: justify;\">Posteriormente, los cuerpos de las v\u00edctimas fueron trasladados a la morgue por los m\u00e9dicos forenses para la realizaci\u00f3n de las necropsias de ley. Este lamentable accidente se suma a otros tres incidentes similares ocurridos en este tramo ferroviario en lo que va del a\u00f1o, lo que ha generado preocupaci\u00f3n entre los habitantes de la regi\u00f3n por la peligrosidad de este cruce.\u00a0<\/p>\r\n<p class=\"justificado\" style=\"margin-top: var(--wp--preset--spacing--10); margin-bottom: var(--wp--preset--spacing--10);\"><\/p>","protected":false},"excerpt":{"rendered":"<p>Un grave accidente ferroviario ocurrido la ma\u00f1ana de este s\u00e1bado en las cercan\u00edas de la comunidad de Amazcala, en el municipio de El Marqu\u00e9s, dej\u00f3 un saldo tr\u00e1gico de cuatro personas fallecidas y tres m\u00e1s gravemente lesionadas. De acuerdo con los primeros reportes, el siniestro ocurri\u00f3 cuando el conductor de un veh\u00edculo particular intent\u00f3 cruzar [&hellip;]<\/p>\n","protected":false},"author":3,"featured_media":862,"comment_status":"open","ping_status":"open","sticky":false,"template":"","format":"standard","meta":{"footnotes":""},"categories":[65,137],"tags":[153,148,149,154,133,151],"class_list":["post-861","post","type-post","status-publish","format-standard","has-post-thumbnail","hentry","category-municipios","category-sucesos","tag-accidente","tag-accidenteferroviario","tag-elmarques","tag-proteccioncivil","tag-queretaro","tag-seguridadvial"],"yoast_head":"<!-- This site is optimized with the Yoast SEO plugin v25.0 - https:\/\/yoast.com\/wordpress\/plugins\/seo\/ -->\n<title>Tr\u00e1gico accidente ferroviario en El Marqu\u00e9s deja cuatro muertos y tres heridos graves | Nexo Informativo Santiago de Quer\u00e9taro<\/title>\n<meta name=\"robots\" content=\"index, follow, max-snippet:-1, max-image-preview:large, max-video-preview:-1\" \/>\n<link rel=\"canonical\" href=\"https:\/\/www.nexoinformativo.mx\/index.php\/2024\/08\/24\/tragico-accidente-ferroviario-en-el-marques-deja-cuatro-muertos-y-tres-heridos-graves\/\" \/>\n<meta property=\"og:locale\" content=\"es_MX\" \/>\n<meta property=\"og:type\" content=\"article\" \/>\n<meta property=\"og:title\" content=\"Tr\u00e1gico accidente ferroviario en El Marqu\u00e9s deja cuatro muertos y tres heridos graves | Nexo Informativo Santiago de Quer\u00e9taro\" \/>\n<meta property=\"og:description\" content=\"Un grave accidente ferroviario ocurrido la ma\u00f1ana de este s\u00e1bado en las cercan\u00edas de la comunidad de Amazcala, en el municipio de El Marqu\u00e9s, dej\u00f3 un saldo tr\u00e1gico de cuatro personas fallecidas y tres m\u00e1s gravemente lesionadas. De acuerdo con los primeros reportes, el siniestro ocurri\u00f3 cuando el conductor de un veh\u00edculo particular intent\u00f3 cruzar [&hellip;]\" \/>\n<meta property=\"og:url\" content=\"https:\/\/www.nexoinformativo.mx\/index.php\/2024\/08\/24\/tragico-accidente-ferroviario-en-el-marques-deja-cuatro-muertos-y-tres-heridos-graves\/\" \/>\n<meta property=\"og:site_name\" content=\"Nexo Informativo Santiago de Quer\u00e9taro\" \/>\n<meta property=\"article:publisher\" content=\"https:\/\/www.facebook.com\/people\/Nexo-Informativo\/61564066885511\/\" \/>\n<meta property=\"article:published_time\" content=\"2024-08-24T21:00:00+00:00\" \/>\n<meta property=\"article:modified_time\" content=\"2024-08-28T02:11:12+00:00\" \/>\n<meta property=\"og:image\" content=\"https:\/\/www.nexoinformativo.mx\/wp-content\/uploads\/2024\/08\/PHOTO-2024-08-25-12-32-40-e1724612110980.jpg\" \/>\n\t<meta property=\"og:image:width\" content=\"800\" \/>\n\t<meta property=\"og:image:height\" content=\"904\" \/>\n\t<meta property=\"og:image:type\" content=\"image\/jpeg\" \/>\n<meta name=\"author\" content=\"Nexo Informativo\" \/>\n<meta name=\"twitter:card\" content=\"summary_large_image\" \/>\n<meta name=\"twitter:label1\" content=\"Escrito por\" \/>\n\t<meta name=\"twitter:data1\" content=\"Nexo Informativo\" \/>\n\t<meta name=\"twitter:label2\" content=\"Tiempo de lectura\" \/>\n\t<meta name=\"twitter:data2\" content=\"1 minuto\" \/>\n<script type=\"application\/ld+json\" class=\"yoast-schema-graph\">{\"@context\":\"https:\/\/schema.org\",\"@graph\":[{\"@type\":\"Article\",\"@id\":\"https:\/\/www.nexoinformativo.mx\/index.php\/2024\/08\/24\/tragico-accidente-ferroviario-en-el-marques-deja-cuatro-muertos-y-tres-heridos-graves\/#article\",\"isPartOf\":{\"@id\":\"https:\/\/www.nexoinformativo.mx\/index.php\/2024\/08\/24\/tragico-accidente-ferroviario-en-el-marques-deja-cuatro-muertos-y-tres-heridos-graves\/\"},\"author\":{\"name\":\"Nexo Informativo\",\"@id\":\"https:\/\/www.nexoinformativo.mx\/#\/schema\/person\/7749d380ba08c8ca00d7bc76fd907b7d\"},\"headline\":\"Tr\u00e1gico accidente ferroviario en El Marqu\u00e9s deja cuatro muertos y tres heridos graves\",\"datePublished\":\"2024-08-24T21:00:00+00:00\",\"dateModified\":\"2024-08-28T02:11:12+00:00\",\"mainEntityOfPage\":{\"@id\":\"https:\/\/www.nexoinformativo.mx\/index.php\/2024\/08\/24\/tragico-accidente-ferroviario-en-el-marques-deja-cuatro-muertos-y-tres-heridos-graves\/\"},\"wordCount\":275,\"commentCount\":0,\"publisher\":{\"@id\":\"https:\/\/www.nexoinformativo.mx\/#organization\"},\"image\":{\"@id\":\"https:\/\/www.nexoinformativo.mx\/index.php\/2024\/08\/24\/tragico-accidente-ferroviario-en-el-marques-deja-cuatro-muertos-y-tres-heridos-graves\/#primaryimage\"},\"thumbnailUrl\":\"https:\/\/www.nexoinformativo.mx\/wp-content\/uploads\/2024\/08\/PHOTO-2024-08-25-12-32-40-e1724612110980.jpg\",\"keywords\":[\"accidente\",\"accidenteferroviario\",\"elmarques\",\"proteccioncivil\",\"Quer\u00e9taro\",\"seguridadvial\"],\"articleSection\":[\"Municipios\",\"Sucesos\"],\"inLanguage\":\"es\",\"potentialAction\":[{\"@type\":\"CommentAction\",\"name\":\"Comment\",\"target\":[\"https:\/\/www.nexoinformativo.mx\/index.php\/2024\/08\/24\/tragico-accidente-ferroviario-en-el-marques-deja-cuatro-muertos-y-tres-heridos-graves\/#respond\"]}]},{\"@type\":\"WebPage\",\"@id\":\"https:\/\/www.nexoinformativo.mx\/index.php\/2024\/08\/24\/tragico-accidente-ferroviario-en-el-marques-deja-cuatro-muertos-y-tres-heridos-graves\/\",\"url\":\"https:\/\/www.nexoinformativo.mx\/index.php\/2024\/08\/24\/tragico-accidente-ferroviario-en-el-marques-deja-cuatro-muertos-y-tres-heridos-graves\/\",\"name\":\"Tr\u00e1gico accidente ferroviario en El Marqu\u00e9s deja cuatro muertos y tres heridos graves | Nexo Informativo Santiago de Quer\u00e9taro\",\"isPartOf\":{\"@id\":\"https:\/\/www.nexoinformativo.mx\/#website\"},\"primaryImageOfPage\":{\"@id\":\"https:\/\/www.nexoinformativo.mx\/index.php\/2024\/08\/24\/tragico-accidente-ferroviario-en-el-marques-deja-cuatro-muertos-y-tres-heridos-graves\/#primaryimage\"},\"image\":{\"@id\":\"https:\/\/www.nexoinformativo.mx\/index.php\/2024\/08\/24\/tragico-accidente-ferroviario-en-el-marques-deja-cuatro-muertos-y-tres-heridos-graves\/#primaryimage\"},\"thumbnailUrl\":\"https:\/\/www.nexoinformativo.mx\/wp-content\/uploads\/2024\/08\/PHOTO-2024-08-25-12-32-40-e1724612110980.jpg\",\"datePublished\":\"2024-08-24T21:00:00+00:00\",\"dateModified\":\"2024-08-28T02:11:12+00:00\",\"breadcrumb\":{\"@id\":\"https:\/\/www.nexoinformativo.mx\/index.php\/2024\/08\/24\/tragico-accidente-ferroviario-en-el-marques-deja-cuatro-muertos-y-tres-heridos-graves\/#breadcrumb\"},\"inLanguage\":\"es\",\"potentialAction\":[{\"@type\":\"ReadAction\",\"target\":[\"https:\/\/www.nexoinformativo.mx\/index.php\/2024\/08\/24\/tragico-accidente-ferroviario-en-el-marques-deja-cuatro-muertos-y-tres-heridos-graves\/\"]}]},{\"@type\":\"ImageObject\",\"inLanguage\":\"es\",\"@id\":\"https:\/\/www.nexoinformativo.mx\/index.php\/2024\/08\/24\/tragico-accidente-ferroviario-en-el-marques-deja-cuatro-muertos-y-tres-heridos-graves\/#primaryimage\",\"url\":\"https:\/\/www.nexoinformativo.mx\/wp-content\/uploads\/2024\/08\/PHOTO-2024-08-25-12-32-40-e1724612110980.jpg\",\"contentUrl\":\"https:\/\/www.nexoinformativo.mx\/wp-content\/uploads\/2024\/08\/PHOTO-2024-08-25-12-32-40-e1724612110980.jpg\",\"width\":800,\"height\":904},{\"@type\":\"BreadcrumbList\",\"@id\":\"https:\/\/www.nexoinformativo.mx\/index.php\/2024\/08\/24\/tragico-accidente-ferroviario-en-el-marques-deja-cuatro-muertos-y-tres-heridos-graves\/#breadcrumb\",\"itemListElement\":[{\"@type\":\"ListItem\",\"position\":1,\"name\":\"Inicio\",\"item\":\"https:\/\/www.nexoinformativo.mx\/\"},{\"@type\":\"ListItem\",\"position\":2,\"name\":\"Tr\u00e1gico accidente ferroviario en El Marqu\u00e9s deja cuatro muertos y tres heridos graves\"}]},{\"@type\":\"WebSite\",\"@id\":\"https:\/\/www.nexoinformativo.mx\/#website\",\"url\":\"https:\/\/www.nexoinformativo.mx\/\",\"name\":\"Nexo Informativo Santiago de Quer\u00e9taro\",\"description\":\"Explora NexoInformativo y convi\u00e9rtete en parte de una comunidad que valora el conocimiento y la verdad. Tu nexoinformativo es tu puente hacia una comprensi\u00f3n m\u00e1s profunda del mundo que te rodea.\",\"publisher\":{\"@id\":\"https:\/\/www.nexoinformativo.mx\/#organization\"},\"potentialAction\":[{\"@type\":\"SearchAction\",\"target\":{\"@type\":\"EntryPoint\",\"urlTemplate\":\"https:\/\/www.nexoinformativo.mx\/?s={search_term_string}\"},\"query-input\":{\"@type\":\"PropertyValueSpecification\",\"valueRequired\":true,\"valueName\":\"search_term_string\"}}],\"inLanguage\":\"es\"},{\"@type\":\"Organization\",\"@id\":\"https:\/\/www.nexoinformativo.mx\/#organization\",\"name\":\"Nexo Informativo Santiago de Quer\u00e9taro\",\"url\":\"https:\/\/www.nexoinformativo.mx\/\",\"logo\":{\"@type\":\"ImageObject\",\"inLanguage\":\"es\",\"@id\":\"https:\/\/www.nexoinformativo.mx\/#\/schema\/logo\/image\/\",\"url\":\"https:\/\/www.nexoinformativo.mx\/wp-content\/uploads\/2024\/07\/nexoi-trasparente-2.png\",\"contentUrl\":\"https:\/\/www.nexoinformativo.mx\/wp-content\/uploads\/2024\/07\/nexoi-trasparente-2.png\",\"width\":816,\"height\":339,\"caption\":\"Nexo Informativo Santiago de Quer\u00e9taro\"},\"image\":{\"@id\":\"https:\/\/www.nexoinformativo.mx\/#\/schema\/logo\/image\/\"},\"sameAs\":[\"https:\/\/www.facebook.com\/people\/Nexo-Informativo\/61564066885511\/\"]},{\"@type\":\"Person\",\"@id\":\"https:\/\/www.nexoinformativo.mx\/#\/schema\/person\/7749d380ba08c8ca00d7bc76fd907b7d\",\"name\":\"Nexo Informativo\",\"image\":{\"@type\":\"ImageObject\",\"inLanguage\":\"es\",\"@id\":\"https:\/\/www.nexoinformativo.mx\/#\/schema\/person\/image\/\",\"url\":\"https:\/\/secure.gravatar.com\/avatar\/dde2928154642a13d95f87ddf1ea9718fe2b46760a005c53e41ff5ad610704e6?s=96&d=mm&r=g\",\"contentUrl\":\"https:\/\/secure.gravatar.com\/avatar\/dde2928154642a13d95f87ddf1ea9718fe2b46760a005c53e41ff5ad610704e6?s=96&d=mm&r=g\",\"caption\":\"Nexo Informativo\"},\"url\":\"https:\/\/www.nexoinformativo.mx\/index.php\/author\/edicion\/\"}]}<\/script>\n<!-- \/ Yoast SEO plugin. -->","yoast_head_json":{"title":"Tr\u00e1gico accidente ferroviario en El Marqu\u00e9s deja cuatro muertos y tres heridos graves | Nexo Informativo Santiago de Quer\u00e9taro","robots":{"index":"index","follow":"follow","max-snippet":"max-snippet:-1","max-image-preview":"max-image-preview:large","max-video-preview":"max-video-preview:-1"},"canonical":"https:\/\/www.nexoinformativo.mx\/index.php\/2024\/08\/24\/tragico-accidente-ferroviario-en-el-marques-deja-cuatro-muertos-y-tres-heridos-graves\/","og_locale":"es_MX","og_type":"article","og_title":"Tr\u00e1gico accidente ferroviario en El Marqu\u00e9s deja cuatro muertos y tres heridos graves | Nexo Informativo Santiago de Quer\u00e9taro","og_description":"Un grave accidente ferroviario ocurrido la ma\u00f1ana de este s\u00e1bado en las cercan\u00edas de la comunidad de Amazcala, en el municipio de El Marqu\u00e9s, dej\u00f3 un saldo tr\u00e1gico de cuatro personas fallecidas y tres m\u00e1s gravemente lesionadas. De acuerdo con los primeros reportes, el siniestro ocurri\u00f3 cuando el conductor de un veh\u00edculo particular intent\u00f3 cruzar [&hellip;]","og_url":"https:\/\/www.nexoinformativo.mx\/index.php\/2024\/08\/24\/tragico-accidente-ferroviario-en-el-marques-deja-cuatro-muertos-y-tres-heridos-graves\/","og_site_name":"Nexo Informativo Santiago de Quer\u00e9taro","article_publisher":"https:\/\/www.facebook.com\/people\/Nexo-Informativo\/61564066885511\/","article_published_time":"2024-08-24T21:00:00+00:00","article_modified_time":"2024-08-28T02:11:12+00:00","og_image":[{"width":800,"height":904,"url":"https:\/\/www.nexoinformativo.mx\/wp-content\/uploads\/2024\/08\/PHOTO-2024-08-25-12-32-40-e1724612110980.jpg","type":"image\/jpeg"}],"author":"Nexo Informativo","twitter_card":"summary_large_image","twitter_misc":{"Escrito por":"Nexo Informativo","Tiempo de lectura":"1 minuto"},"schema":{"@context":"https:\/\/schema.org","@graph":[{"@type":"Article","@id":"https:\/\/www.nexoinformativo.mx\/index.php\/2024\/08\/24\/tragico-accidente-ferroviario-en-el-marques-deja-cuatro-muertos-y-tres-heridos-graves\/#article","isPartOf":{"@id":"https:\/\/www.nexoinformativo.mx\/index.php\/2024\/08\/24\/tragico-accidente-ferroviario-en-el-marques-deja-cuatro-muertos-y-tres-heridos-graves\/"},"author":{"name":"Nexo Informativo","@id":"https:\/\/www.nexoinformativo.mx\/#\/schema\/person\/7749d380ba08c8ca00d7bc76fd907b7d"},"headline":"Tr\u00e1gico accidente ferroviario en El Marqu\u00e9s deja cuatro muertos y tres heridos graves","datePublished":"2024-08-24T21:00:00+00:00","dateModified":"2024-08-28T02:11:12+00:00","mainEntityOfPage":{"@id":"https:\/\/www.nexoinformativo.mx\/index.php\/2024\/08\/24\/tragico-accidente-ferroviario-en-el-marques-deja-cuatro-muertos-y-tres-heridos-graves\/"},"wordCount":275,"commentCount":0,"publisher":{"@id":"https:\/\/www.nexoinformativo.mx\/#organization"},"image":{"@id":"https:\/\/www.nexoinformativo.mx\/index.php\/2024\/08\/24\/tragico-accidente-ferroviario-en-el-marques-deja-cuatro-muertos-y-tres-heridos-graves\/#primaryimage"},"thumbnailUrl":"https:\/\/www.nexoinformativo.mx\/wp-content\/uploads\/2024\/08\/PHOTO-2024-08-25-12-32-40-e1724612110980.jpg","keywords":["accidente","accidenteferroviario","elmarques","proteccioncivil","Quer\u00e9taro","seguridadvial"],"articleSection":["Municipios","Sucesos"],"inLanguage":"es","potentialAction":[{"@type":"CommentAction","name":"Comment","target":["https:\/\/www.nexoinformativo.mx\/index.php\/2024\/08\/24\/tragico-accidente-ferroviario-en-el-marques-deja-cuatro-muertos-y-tres-heridos-graves\/#respond"]}]},{"@type":"WebPage","@id":"https:\/\/www.nexoinformativo.mx\/index.php\/2024\/08\/24\/tragico-accidente-ferroviario-en-el-marques-deja-cuatro-muertos-y-tres-heridos-graves\/","url":"https:\/\/www.nexoinformativo.mx\/index.php\/2024\/08\/24\/tragico-accidente-ferroviario-en-el-marques-deja-cuatro-muertos-y-tres-heridos-graves\/","name":"Tr\u00e1gico accidente ferroviario en El Marqu\u00e9s deja cuatro muertos y tres heridos graves | Nexo Informativo Santiago de Quer\u00e9taro","isPartOf":{"@id":"https:\/\/www.nexoinformativo.mx\/#website"},"primaryImageOfPage":{"@id":"https:\/\/www.nexoinformativo.mx\/index.php\/2024\/08\/24\/tragico-accidente-ferroviario-en-el-marques-deja-cuatro-muertos-y-tres-heridos-graves\/#primaryimage"},"image":{"@id":"https:\/\/www.nexoinformativo.mx\/index.php\/2024\/08\/24\/tragico-accidente-ferroviario-en-el-marques-deja-cuatro-muertos-y-tres-heridos-graves\/#primaryimage"},"thumbnailUrl":"https:\/\/www.nexoinformativo.mx\/wp-content\/uploads\/2024\/08\/PHOTO-2024-08-25-12-32-40-e1724612110980.jpg","datePublished":"2024-08-24T21:00:00+00:00","dateModified":"2024-08-28T02:11:12+00:00","breadcrumb":{"@id":"https:\/\/www.nexoinformativo.mx\/index.php\/2024\/08\/24\/tragico-accidente-ferroviario-en-el-marques-deja-cuatro-muertos-y-tres-heridos-graves\/#breadcrumb"},"inLanguage":"es","potentialAction":[{"@type":"ReadAction","target":["https:\/\/www.nexoinformativo.mx\/index.php\/2024\/08\/24\/tragico-accidente-ferroviario-en-el-marques-deja-cuatro-muertos-y-tres-heridos-graves\/"]}]},{"@type":"ImageObject","inLanguage":"es","@id":"https:\/\/www.nexoinformativo.mx\/index.php\/2024\/08\/24\/tragico-accidente-ferroviario-en-el-marques-deja-cuatro-muertos-y-tres-heridos-graves\/#primaryimage","url":"https:\/\/www.nexoinformativo.mx\/wp-content\/uploads\/2024\/08\/PHOTO-2024-08-25-12-32-40-e1724612110980.jpg","contentUrl":"https:\/\/www.nexoinformativo.mx\/wp-content\/uploads\/2024\/08\/PHOTO-2024-08-25-12-32-40-e1724612110980.jpg","width":800,"height":904},{"@type":"BreadcrumbList","@id":"https:\/\/www.nexoinformativo.mx\/index.php\/2024\/08\/24\/tragico-accidente-ferroviario-en-el-marques-deja-cuatro-muertos-y-tres-heridos-graves\/#breadcrumb","itemListElement":[{"@type":"ListItem","position":1,"name":"Inicio","item":"https:\/\/www.nexoinformativo.mx\/"},{"@type":"ListItem","position":2,"name":"Tr\u00e1gico accidente ferroviario en El Marqu\u00e9s deja cuatro muertos y tres heridos graves"}]},{"@type":"WebSite","@id":"https:\/\/www.nexoinformativo.mx\/#website","url":"https:\/\/www.nexoinformativo.mx\/","name":"Nexo Informativo Santiago de Quer\u00e9taro","description":"Explora NexoInformativo y convi\u00e9rtete en parte de una comunidad que valora el conocimiento y la verdad. Tu nexoinformativo es tu puente hacia una comprensi\u00f3n m\u00e1s profunda del mundo que te rodea.","publisher":{"@id":"https:\/\/www.nexoinformativo.mx\/#organization"},"potentialAction":[{"@type":"SearchAction","target":{"@type":"EntryPoint","urlTemplate":"https:\/\/www.nexoinformativo.mx\/?s={search_term_string}"},"query-input":{"@type":"PropertyValueSpecification","valueRequired":true,"valueName":"search_term_string"}}],"inLanguage":"es"},{"@type":"Organization","@id":"https:\/\/www.nexoinformativo.mx\/#organization","name":"Nexo Informativo Santiago de Quer\u00e9taro","url":"https:\/\/www.nexoinformativo.mx\/","logo":{"@type":"ImageObject","inLanguage":"es","@id":"https:\/\/www.nexoinformativo.mx\/#\/schema\/logo\/image\/","url":"https:\/\/www.nexoinformativo.mx\/wp-content\/uploads\/2024\/07\/nexoi-trasparente-2.png","contentUrl":"https:\/\/www.nexoinformativo.mx\/wp-content\/uploads\/2024\/07\/nexoi-trasparente-2.png","width":816,"height":339,"caption":"Nexo Informativo Santiago de Quer\u00e9taro"},"image":{"@id":"https:\/\/www.nexoinformativo.mx\/#\/schema\/logo\/image\/"},"sameAs":["https:\/\/www.facebook.com\/people\/Nexo-Informativo\/61564066885511\/"]},{"@type":"Person","@id":"https:\/\/www.nexoinformativo.mx\/#\/schema\/person\/7749d380ba08c8ca00d7bc76fd907b7d","name":"Nexo Informativo","image":{"@type":"ImageObject","inLanguage":"es","@id":"https:\/\/www.nexoinformativo.mx\/#\/schema\/person\/image\/","url":"https:\/\/secure.gravatar.com\/avatar\/dde2928154642a13d95f87ddf1ea9718fe2b46760a005c53e41ff5ad610704e6?s=96&d=mm&r=g","contentUrl":"https:\/\/secure.gravatar.com\/avatar\/dde2928154642a13d95f87ddf1ea9718fe2b46760a005c53e41ff5ad610704e6?s=96&d=mm&r=g","caption":"Nexo Informativo"},"url":"https:\/\/www.nexoinformativo.mx\/index.php\/author\/edicion\/"}]}},"_links":{"self":[{"href":"https:\/\/www.nexoinformativo.mx\/index.php\/wp-json\/wp\/v2\/posts\/861","targetHints":{"allow":["GET"]}}],"collection":[{"href":"https:\/\/www.nexoinformativo.mx\/index.php\/wp-json\/wp\/v2\/posts"}],"about":[{"href":"https:\/\/www.nexoinformativo.mx\/index.php\/wp-json\/wp\/v2\/types\/post"}],"author":[{"embeddable":true,"href":"https:\/\/www.nexoinformativo.mx\/index.php\/wp-json\/wp\/v2\/users\/3"}],"replies":[{"embeddable":true,"href":"https:\/\/www.nexoinformativo.mx\/index.php\/wp-json\/wp\/v2\/comments?post=861"}],"version-history":[{"count":5,"href":"https:\/\/www.nexoinformativo.mx\/index.php\/wp-json\/wp\/v2\/posts\/861\/revisions"}],"predecessor-version":[{"id":1043,"href":"https:\/\/www.nexoinformativo.mx\/index.php\/wp-json\/wp\/v2\/posts\/861\/revisions\/1043"}],"wp:featuredmedia":[{"embeddable":true,"href":"https:\/\/www.nexoinformativo.mx\/index.php\/wp-json\/wp\/v2\/media\/862"}],"wp:attachment":[{"href":"https:\/\/www.nexoinformativo.mx\/index.php\/wp-json\/wp\/v2\/media?parent=861"}],"wp:term":[{"taxonomy":"category","embeddable":true,"href":"https:\/\/www.nexoinformativo.mx\/index.php\/wp-json\/wp\/v2\/categories?post=861"},{"taxonomy":"post_tag","embeddable":true,"href":"https:\/\/www.nexoinformativo.mx\/index.php\/wp-json\/wp\/v2\/tags?post=861"}],"curies":[{"name":"wp","href":"https:\/\/api.w.org\/{rel}","templated":true}]}}