{"id":8612,"date":"2024-12-20T12:15:51","date_gmt":"2024-12-20T18:15:51","guid":{"rendered":"https:\/\/www.nexoinformativo.mx\/?p=8612"},"modified":"2024-12-20T12:40:32","modified_gmt":"2024-12-20T18:40:32","slug":"exito-total-mas-de-20-mil-paisanos-llegan-a-queretaro-en-caravana-ordenada-y-segura","status":"publish","type":"post","link":"https:\/\/www.nexoinformativo.mx\/index.php\/2024\/12\/20\/exito-total-mas-de-20-mil-paisanos-llegan-a-queretaro-en-caravana-ordenada-y-segura\/","title":{"rendered":"\u00c9xito total: M\u00e1s de 20 mil paisanos llegan a Quer\u00e9taro en caravana ordenada y segura"},"content":{"rendered":"<p style=\"text-align: justify;\" data-sourcepos=\"11:1-11:201\">La Caravana Migrante 2024, con la participaci\u00f3n de m\u00e1s de 20 mil personas a bordo de 4,500 veh\u00edculos, lleg\u00f3 con \u00e9xito al estado de Quer\u00e9taro tras un recorrido seguro y ordenado desde Laredo, Texas.<\/p>\n<p>&nbsp;<\/p>\n<p style=\"text-align: justify;\" data-sourcepos=\"13:1-13:327\">Las autoridades estatales reportaron un saldo blanco en este evento anual, destacando \u00fanicamente algunas atenciones menores relacionadas con fallas mec\u00e1nicas en los veh\u00edculos.<\/p>\n<p>&nbsp;<\/p>\n<p style=\"text-align: justify;\" data-sourcepos=\"13:1-13:327\">Este resultado se debe a la excelente organizaci\u00f3n de la caravana y al cumplimiento de las recomendaciones de seguridad por parte de los participantes.<\/p>\n<p>&nbsp;<\/p>\n<p style=\"text-align: justify;\" data-sourcepos=\"15:1-15:251\">Cuerpos de seguridad y de emergencias de la entidad, como Protecci\u00f3n Civil de El Marqu\u00e9s, Corregidora y el municipio de Quer\u00e9taro, trabajaron de manera coordinada para garantizar la seguridad de los integrantes de la caravana durante todo el trayecto.<\/p>\n<p>&nbsp;<\/p>\n<p style=\"text-align: justify;\" data-sourcepos=\"17:1-17:207\">La <strong>&#8220;18a Caravana del Orden y la Legalidad&#8221;<\/strong> se caracteriz\u00f3 por su orden y civilidad, lo que permiti\u00f3 que los participantes disfrutaran de un viaje tranquilo y seguro hacia sus lugares de origen.<\/p>\n<p>&nbsp;<\/p>\n<p style=\"text-align: justify;\" data-sourcepos=\"19:1-19:147\">Las autoridades estatales agradecieron a los integrantes de la caravana por su colaboraci\u00f3n y por seguir las recomendaciones para un viaje exitoso.<\/p>\n<p>&nbsp;<\/p>\n<p style=\"text-align: center;\" data-sourcepos=\"19:1-19:147\"><em><strong>\u00a1Informaci\u00f3n que transforma!<\/strong><\/em><\/p>\n","protected":false},"excerpt":{"rendered":"<p>La Caravana Migrante 2024, con la participaci\u00f3n de m\u00e1s de 20 mil personas a bordo de 4,500 veh\u00edculos, lleg\u00f3 con \u00e9xito al estado de Quer\u00e9taro tras un recorrido seguro y ordenado desde Laredo, Texas.<\/p>\n","protected":false},"author":3,"featured_media":8613,"comment_status":"open","ping_status":"open","sticky":false,"template":"","format":"standard","meta":{"footnotes":""},"categories":[42,58],"tags":[2324,133,2771,151],"class_list":["post-8612","post","type-post","status-publish","format-standard","has-post-thumbnail","hentry","category-estado","category-ultima-hora","tag-caravanamigrante","tag-queretaro","tag-regresoacasa","tag-seguridadvial"],"yoast_head":"<!-- This site is optimized with the Yoast SEO plugin v25.0 - https:\/\/yoast.com\/wordpress\/plugins\/seo\/ -->\n<title>\u00c9xito total: M\u00e1s de 20 mil paisanos llegan a Quer\u00e9taro en caravana ordenada y segura | Nexo Informativo Santiago de Quer\u00e9taro<\/title>\n<meta name=\"description\" content=\"\u00c9xito total: M\u00e1s de 20 mil paisanos llegan a Quer\u00e9taro en caravana ordenada y segura\" \/>\n<meta name=\"robots\" content=\"index, follow, max-snippet:-1, max-image-preview:large, max-video-preview:-1\" \/>\n<link rel=\"canonical\" href=\"https:\/\/www.nexoinformativo.mx\/index.php\/2024\/12\/20\/exito-total-mas-de-20-mil-paisanos-llegan-a-queretaro-en-caravana-ordenada-y-segura\/\" \/>\n<meta property=\"og:locale\" content=\"es_MX\" \/>\n<meta property=\"og:type\" content=\"article\" \/>\n<meta property=\"og:title\" content=\"\u00c9xito total: M\u00e1s de 20 mil paisanos llegan a Quer\u00e9taro en caravana ordenada y segura | Nexo Informativo Santiago de Quer\u00e9taro\" \/>\n<meta property=\"og:description\" content=\"\u00c9xito total: M\u00e1s de 20 mil paisanos llegan a Quer\u00e9taro en caravana ordenada y segura\" \/>\n<meta property=\"og:url\" content=\"https:\/\/www.nexoinformativo.mx\/index.php\/2024\/12\/20\/exito-total-mas-de-20-mil-paisanos-llegan-a-queretaro-en-caravana-ordenada-y-segura\/\" \/>\n<meta property=\"og:site_name\" content=\"Nexo Informativo Santiago de Quer\u00e9taro\" \/>\n<meta property=\"article:publisher\" content=\"https:\/\/www.facebook.com\/people\/Nexo-Informativo\/61564066885511\/\" \/>\n<meta property=\"article:published_time\" content=\"2024-12-20T18:15:51+00:00\" \/>\n<meta property=\"article:modified_time\" content=\"2024-12-20T18:40:32+00:00\" \/>\n<meta property=\"og:image\" content=\"https:\/\/www.nexoinformativo.mx\/wp-content\/uploads\/2024\/12\/2d8383fb-52cf-46c8-a82d-14dc549cc281-e1734719967248.jpg\" \/>\n\t<meta property=\"og:image:width\" content=\"800\" \/>\n\t<meta property=\"og:image:height\" content=\"537\" \/>\n\t<meta property=\"og:image:type\" content=\"image\/jpeg\" \/>\n<meta name=\"author\" content=\"Nexo Informativo\" \/>\n<meta name=\"twitter:card\" content=\"summary_large_image\" \/>\n<meta name=\"twitter:label1\" content=\"Escrito por\" \/>\n\t<meta name=\"twitter:data1\" content=\"Nexo Informativo\" \/>\n\t<meta name=\"twitter:label2\" content=\"Tiempo de lectura\" \/>\n\t<meta name=\"twitter:data2\" content=\"2 minutos\" \/>\n<script type=\"application\/ld+json\" class=\"yoast-schema-graph\">{\"@context\":\"https:\/\/schema.org\",\"@graph\":[{\"@type\":\"Article\",\"@id\":\"https:\/\/www.nexoinformativo.mx\/index.php\/2024\/12\/20\/exito-total-mas-de-20-mil-paisanos-llegan-a-queretaro-en-caravana-ordenada-y-segura\/#article\",\"isPartOf\":{\"@id\":\"https:\/\/www.nexoinformativo.mx\/index.php\/2024\/12\/20\/exito-total-mas-de-20-mil-paisanos-llegan-a-queretaro-en-caravana-ordenada-y-segura\/\"},\"author\":{\"name\":\"Nexo Informativo\",\"@id\":\"https:\/\/www.nexoinformativo.mx\/#\/schema\/person\/7749d380ba08c8ca00d7bc76fd907b7d\"},\"headline\":\"\u00c9xito total: M\u00e1s de 20 mil paisanos llegan a Quer\u00e9taro en caravana ordenada y segura\",\"datePublished\":\"2024-12-20T18:15:51+00:00\",\"dateModified\":\"2024-12-20T18:40:32+00:00\",\"mainEntityOfPage\":{\"@id\":\"https:\/\/www.nexoinformativo.mx\/index.php\/2024\/12\/20\/exito-total-mas-de-20-mil-paisanos-llegan-a-queretaro-en-caravana-ordenada-y-segura\/\"},\"wordCount\":209,\"commentCount\":0,\"publisher\":{\"@id\":\"https:\/\/www.nexoinformativo.mx\/#organization\"},\"image\":{\"@id\":\"https:\/\/www.nexoinformativo.mx\/index.php\/2024\/12\/20\/exito-total-mas-de-20-mil-paisanos-llegan-a-queretaro-en-caravana-ordenada-y-segura\/#primaryimage\"},\"thumbnailUrl\":\"https:\/\/www.nexoinformativo.mx\/wp-content\/uploads\/2024\/12\/2d8383fb-52cf-46c8-a82d-14dc549cc281-e1734719967248.jpg\",\"keywords\":[\"CaravanaMigrante\",\"Quer\u00e9taro\",\"RegresoACasa\",\"seguridadvial\"],\"articleSection\":[\"Estado\",\"\u00daltima Hora\"],\"inLanguage\":\"es\",\"potentialAction\":[{\"@type\":\"CommentAction\",\"name\":\"Comment\",\"target\":[\"https:\/\/www.nexoinformativo.mx\/index.php\/2024\/12\/20\/exito-total-mas-de-20-mil-paisanos-llegan-a-queretaro-en-caravana-ordenada-y-segura\/#respond\"]}]},{\"@type\":\"WebPage\",\"@id\":\"https:\/\/www.nexoinformativo.mx\/index.php\/2024\/12\/20\/exito-total-mas-de-20-mil-paisanos-llegan-a-queretaro-en-caravana-ordenada-y-segura\/\",\"url\":\"https:\/\/www.nexoinformativo.mx\/index.php\/2024\/12\/20\/exito-total-mas-de-20-mil-paisanos-llegan-a-queretaro-en-caravana-ordenada-y-segura\/\",\"name\":\"\u00c9xito total: M\u00e1s de 20 mil paisanos llegan a Quer\u00e9taro en caravana ordenada y segura | Nexo Informativo Santiago de Quer\u00e9taro\",\"isPartOf\":{\"@id\":\"https:\/\/www.nexoinformativo.mx\/#website\"},\"primaryImageOfPage\":{\"@id\":\"https:\/\/www.nexoinformativo.mx\/index.php\/2024\/12\/20\/exito-total-mas-de-20-mil-paisanos-llegan-a-queretaro-en-caravana-ordenada-y-segura\/#primaryimage\"},\"image\":{\"@id\":\"https:\/\/www.nexoinformativo.mx\/index.php\/2024\/12\/20\/exito-total-mas-de-20-mil-paisanos-llegan-a-queretaro-en-caravana-ordenada-y-segura\/#primaryimage\"},\"thumbnailUrl\":\"https:\/\/www.nexoinformativo.mx\/wp-content\/uploads\/2024\/12\/2d8383fb-52cf-46c8-a82d-14dc549cc281-e1734719967248.jpg\",\"datePublished\":\"2024-12-20T18:15:51+00:00\",\"dateModified\":\"2024-12-20T18:40:32+00:00\",\"description\":\"\u00c9xito total: M\u00e1s de 20 mil paisanos llegan a Quer\u00e9taro en caravana ordenada y segura\",\"breadcrumb\":{\"@id\":\"https:\/\/www.nexoinformativo.mx\/index.php\/2024\/12\/20\/exito-total-mas-de-20-mil-paisanos-llegan-a-queretaro-en-caravana-ordenada-y-segura\/#breadcrumb\"},\"inLanguage\":\"es\",\"potentialAction\":[{\"@type\":\"ReadAction\",\"target\":[\"https:\/\/www.nexoinformativo.mx\/index.php\/2024\/12\/20\/exito-total-mas-de-20-mil-paisanos-llegan-a-queretaro-en-caravana-ordenada-y-segura\/\"]}]},{\"@type\":\"ImageObject\",\"inLanguage\":\"es\",\"@id\":\"https:\/\/www.nexoinformativo.mx\/index.php\/2024\/12\/20\/exito-total-mas-de-20-mil-paisanos-llegan-a-queretaro-en-caravana-ordenada-y-segura\/#primaryimage\",\"url\":\"https:\/\/www.nexoinformativo.mx\/wp-content\/uploads\/2024\/12\/2d8383fb-52cf-46c8-a82d-14dc549cc281-e1734719967248.jpg\",\"contentUrl\":\"https:\/\/www.nexoinformativo.mx\/wp-content\/uploads\/2024\/12\/2d8383fb-52cf-46c8-a82d-14dc549cc281-e1734719967248.jpg\",\"width\":800,\"height\":537},{\"@type\":\"BreadcrumbList\",\"@id\":\"https:\/\/www.nexoinformativo.mx\/index.php\/2024\/12\/20\/exito-total-mas-de-20-mil-paisanos-llegan-a-queretaro-en-caravana-ordenada-y-segura\/#breadcrumb\",\"itemListElement\":[{\"@type\":\"ListItem\",\"position\":1,\"name\":\"Inicio\",\"item\":\"https:\/\/www.nexoinformativo.mx\/\"},{\"@type\":\"ListItem\",\"position\":2,\"name\":\"\u00c9xito total: M\u00e1s de 20 mil paisanos llegan a Quer\u00e9taro en caravana ordenada y segura\"}]},{\"@type\":\"WebSite\",\"@id\":\"https:\/\/www.nexoinformativo.mx\/#website\",\"url\":\"https:\/\/www.nexoinformativo.mx\/\",\"name\":\"Nexo Informativo Santiago de Quer\u00e9taro\",\"description\":\"Explora NexoInformativo y convi\u00e9rtete en parte de una comunidad que valora el conocimiento y la verdad. Tu nexoinformativo es tu puente hacia una comprensi\u00f3n m\u00e1s profunda del mundo que te rodea.\",\"publisher\":{\"@id\":\"https:\/\/www.nexoinformativo.mx\/#organization\"},\"potentialAction\":[{\"@type\":\"SearchAction\",\"target\":{\"@type\":\"EntryPoint\",\"urlTemplate\":\"https:\/\/www.nexoinformativo.mx\/?s={search_term_string}\"},\"query-input\":{\"@type\":\"PropertyValueSpecification\",\"valueRequired\":true,\"valueName\":\"search_term_string\"}}],\"inLanguage\":\"es\"},{\"@type\":\"Organization\",\"@id\":\"https:\/\/www.nexoinformativo.mx\/#organization\",\"name\":\"Nexo Informativo Santiago de Quer\u00e9taro\",\"url\":\"https:\/\/www.nexoinformativo.mx\/\",\"logo\":{\"@type\":\"ImageObject\",\"inLanguage\":\"es\",\"@id\":\"https:\/\/www.nexoinformativo.mx\/#\/schema\/logo\/image\/\",\"url\":\"https:\/\/www.nexoinformativo.mx\/wp-content\/uploads\/2024\/07\/nexoi-trasparente-2.png\",\"contentUrl\":\"https:\/\/www.nexoinformativo.mx\/wp-content\/uploads\/2024\/07\/nexoi-trasparente-2.png\",\"width\":816,\"height\":339,\"caption\":\"Nexo Informativo Santiago de Quer\u00e9taro\"},\"image\":{\"@id\":\"https:\/\/www.nexoinformativo.mx\/#\/schema\/logo\/image\/\"},\"sameAs\":[\"https:\/\/www.facebook.com\/people\/Nexo-Informativo\/61564066885511\/\"]},{\"@type\":\"Person\",\"@id\":\"https:\/\/www.nexoinformativo.mx\/#\/schema\/person\/7749d380ba08c8ca00d7bc76fd907b7d\",\"name\":\"Nexo Informativo\",\"image\":{\"@type\":\"ImageObject\",\"inLanguage\":\"es\",\"@id\":\"https:\/\/www.nexoinformativo.mx\/#\/schema\/person\/image\/\",\"url\":\"https:\/\/secure.gravatar.com\/avatar\/dde2928154642a13d95f87ddf1ea9718fe2b46760a005c53e41ff5ad610704e6?s=96&d=mm&r=g\",\"contentUrl\":\"https:\/\/secure.gravatar.com\/avatar\/dde2928154642a13d95f87ddf1ea9718fe2b46760a005c53e41ff5ad610704e6?s=96&d=mm&r=g\",\"caption\":\"Nexo Informativo\"},\"url\":\"https:\/\/www.nexoinformativo.mx\/index.php\/author\/edicion\/\"}]}<\/script>\n<!-- \/ Yoast SEO plugin. -->","yoast_head_json":{"title":"\u00c9xito total: M\u00e1s de 20 mil paisanos llegan a Quer\u00e9taro en caravana ordenada y segura | Nexo Informativo Santiago de Quer\u00e9taro","description":"\u00c9xito total: M\u00e1s de 20 mil paisanos llegan a Quer\u00e9taro en caravana ordenada y segura","robots":{"index":"index","follow":"follow","max-snippet":"max-snippet:-1","max-image-preview":"max-image-preview:large","max-video-preview":"max-video-preview:-1"},"canonical":"https:\/\/www.nexoinformativo.mx\/index.php\/2024\/12\/20\/exito-total-mas-de-20-mil-paisanos-llegan-a-queretaro-en-caravana-ordenada-y-segura\/","og_locale":"es_MX","og_type":"article","og_title":"\u00c9xito total: M\u00e1s de 20 mil paisanos llegan a Quer\u00e9taro en caravana ordenada y segura | Nexo Informativo Santiago de Quer\u00e9taro","og_description":"\u00c9xito total: M\u00e1s de 20 mil paisanos llegan a Quer\u00e9taro en caravana ordenada y segura","og_url":"https:\/\/www.nexoinformativo.mx\/index.php\/2024\/12\/20\/exito-total-mas-de-20-mil-paisanos-llegan-a-queretaro-en-caravana-ordenada-y-segura\/","og_site_name":"Nexo Informativo Santiago de Quer\u00e9taro","article_publisher":"https:\/\/www.facebook.com\/people\/Nexo-Informativo\/61564066885511\/","article_published_time":"2024-12-20T18:15:51+00:00","article_modified_time":"2024-12-20T18:40:32+00:00","og_image":[{"width":800,"height":537,"url":"https:\/\/www.nexoinformativo.mx\/wp-content\/uploads\/2024\/12\/2d8383fb-52cf-46c8-a82d-14dc549cc281-e1734719967248.jpg","type":"image\/jpeg"}],"author":"Nexo Informativo","twitter_card":"summary_large_image","twitter_misc":{"Escrito por":"Nexo Informativo","Tiempo de lectura":"2 minutos"},"schema":{"@context":"https:\/\/schema.org","@graph":[{"@type":"Article","@id":"https:\/\/www.nexoinformativo.mx\/index.php\/2024\/12\/20\/exito-total-mas-de-20-mil-paisanos-llegan-a-queretaro-en-caravana-ordenada-y-segura\/#article","isPartOf":{"@id":"https:\/\/www.nexoinformativo.mx\/index.php\/2024\/12\/20\/exito-total-mas-de-20-mil-paisanos-llegan-a-queretaro-en-caravana-ordenada-y-segura\/"},"author":{"name":"Nexo Informativo","@id":"https:\/\/www.nexoinformativo.mx\/#\/schema\/person\/7749d380ba08c8ca00d7bc76fd907b7d"},"headline":"\u00c9xito total: M\u00e1s de 20 mil paisanos llegan a Quer\u00e9taro en caravana ordenada y segura","datePublished":"2024-12-20T18:15:51+00:00","dateModified":"2024-12-20T18:40:32+00:00","mainEntityOfPage":{"@id":"https:\/\/www.nexoinformativo.mx\/index.php\/2024\/12\/20\/exito-total-mas-de-20-mil-paisanos-llegan-a-queretaro-en-caravana-ordenada-y-segura\/"},"wordCount":209,"commentCount":0,"publisher":{"@id":"https:\/\/www.nexoinformativo.mx\/#organization"},"image":{"@id":"https:\/\/www.nexoinformativo.mx\/index.php\/2024\/12\/20\/exito-total-mas-de-20-mil-paisanos-llegan-a-queretaro-en-caravana-ordenada-y-segura\/#primaryimage"},"thumbnailUrl":"https:\/\/www.nexoinformativo.mx\/wp-content\/uploads\/2024\/12\/2d8383fb-52cf-46c8-a82d-14dc549cc281-e1734719967248.jpg","keywords":["CaravanaMigrante","Quer\u00e9taro","RegresoACasa","seguridadvial"],"articleSection":["Estado","\u00daltima Hora"],"inLanguage":"es","potentialAction":[{"@type":"CommentAction","name":"Comment","target":["https:\/\/www.nexoinformativo.mx\/index.php\/2024\/12\/20\/exito-total-mas-de-20-mil-paisanos-llegan-a-queretaro-en-caravana-ordenada-y-segura\/#respond"]}]},{"@type":"WebPage","@id":"https:\/\/www.nexoinformativo.mx\/index.php\/2024\/12\/20\/exito-total-mas-de-20-mil-paisanos-llegan-a-queretaro-en-caravana-ordenada-y-segura\/","url":"https:\/\/www.nexoinformativo.mx\/index.php\/2024\/12\/20\/exito-total-mas-de-20-mil-paisanos-llegan-a-queretaro-en-caravana-ordenada-y-segura\/","name":"\u00c9xito total: M\u00e1s de 20 mil paisanos llegan a Quer\u00e9taro en caravana ordenada y segura | Nexo Informativo Santiago de Quer\u00e9taro","isPartOf":{"@id":"https:\/\/www.nexoinformativo.mx\/#website"},"primaryImageOfPage":{"@id":"https:\/\/www.nexoinformativo.mx\/index.php\/2024\/12\/20\/exito-total-mas-de-20-mil-paisanos-llegan-a-queretaro-en-caravana-ordenada-y-segura\/#primaryimage"},"image":{"@id":"https:\/\/www.nexoinformativo.mx\/index.php\/2024\/12\/20\/exito-total-mas-de-20-mil-paisanos-llegan-a-queretaro-en-caravana-ordenada-y-segura\/#primaryimage"},"thumbnailUrl":"https:\/\/www.nexoinformativo.mx\/wp-content\/uploads\/2024\/12\/2d8383fb-52cf-46c8-a82d-14dc549cc281-e1734719967248.jpg","datePublished":"2024-12-20T18:15:51+00:00","dateModified":"2024-12-20T18:40:32+00:00","description":"\u00c9xito total: M\u00e1s de 20 mil paisanos llegan a Quer\u00e9taro en caravana ordenada y segura","breadcrumb":{"@id":"https:\/\/www.nexoinformativo.mx\/index.php\/2024\/12\/20\/exito-total-mas-de-20-mil-paisanos-llegan-a-queretaro-en-caravana-ordenada-y-segura\/#breadcrumb"},"inLanguage":"es","potentialAction":[{"@type":"ReadAction","target":["https:\/\/www.nexoinformativo.mx\/index.php\/2024\/12\/20\/exito-total-mas-de-20-mil-paisanos-llegan-a-queretaro-en-caravana-ordenada-y-segura\/"]}]},{"@type":"ImageObject","inLanguage":"es","@id":"https:\/\/www.nexoinformativo.mx\/index.php\/2024\/12\/20\/exito-total-mas-de-20-mil-paisanos-llegan-a-queretaro-en-caravana-ordenada-y-segura\/#primaryimage","url":"https:\/\/www.nexoinformativo.mx\/wp-content\/uploads\/2024\/12\/2d8383fb-52cf-46c8-a82d-14dc549cc281-e1734719967248.jpg","contentUrl":"https:\/\/www.nexoinformativo.mx\/wp-content\/uploads\/2024\/12\/2d8383fb-52cf-46c8-a82d-14dc549cc281-e1734719967248.jpg","width":800,"height":537},{"@type":"BreadcrumbList","@id":"https:\/\/www.nexoinformativo.mx\/index.php\/2024\/12\/20\/exito-total-mas-de-20-mil-paisanos-llegan-a-queretaro-en-caravana-ordenada-y-segura\/#breadcrumb","itemListElement":[{"@type":"ListItem","position":1,"name":"Inicio","item":"https:\/\/www.nexoinformativo.mx\/"},{"@type":"ListItem","position":2,"name":"\u00c9xito total: M\u00e1s de 20 mil paisanos llegan a Quer\u00e9taro en caravana ordenada y segura"}]},{"@type":"WebSite","@id":"https:\/\/www.nexoinformativo.mx\/#website","url":"https:\/\/www.nexoinformativo.mx\/","name":"Nexo Informativo Santiago de Quer\u00e9taro","description":"Explora NexoInformativo y convi\u00e9rtete en parte de una comunidad que valora el conocimiento y la verdad. Tu nexoinformativo es tu puente hacia una comprensi\u00f3n m\u00e1s profunda del mundo que te rodea.","publisher":{"@id":"https:\/\/www.nexoinformativo.mx\/#organization"},"potentialAction":[{"@type":"SearchAction","target":{"@type":"EntryPoint","urlTemplate":"https:\/\/www.nexoinformativo.mx\/?s={search_term_string}"},"query-input":{"@type":"PropertyValueSpecification","valueRequired":true,"valueName":"search_term_string"}}],"inLanguage":"es"},{"@type":"Organization","@id":"https:\/\/www.nexoinformativo.mx\/#organization","name":"Nexo Informativo Santiago de Quer\u00e9taro","url":"https:\/\/www.nexoinformativo.mx\/","logo":{"@type":"ImageObject","inLanguage":"es","@id":"https:\/\/www.nexoinformativo.mx\/#\/schema\/logo\/image\/","url":"https:\/\/www.nexoinformativo.mx\/wp-content\/uploads\/2024\/07\/nexoi-trasparente-2.png","contentUrl":"https:\/\/www.nexoinformativo.mx\/wp-content\/uploads\/2024\/07\/nexoi-trasparente-2.png","width":816,"height":339,"caption":"Nexo Informativo Santiago de Quer\u00e9taro"},"image":{"@id":"https:\/\/www.nexoinformativo.mx\/#\/schema\/logo\/image\/"},"sameAs":["https:\/\/www.facebook.com\/people\/Nexo-Informativo\/61564066885511\/"]},{"@type":"Person","@id":"https:\/\/www.nexoinformativo.mx\/#\/schema\/person\/7749d380ba08c8ca00d7bc76fd907b7d","name":"Nexo Informativo","image":{"@type":"ImageObject","inLanguage":"es","@id":"https:\/\/www.nexoinformativo.mx\/#\/schema\/person\/image\/","url":"https:\/\/secure.gravatar.com\/avatar\/dde2928154642a13d95f87ddf1ea9718fe2b46760a005c53e41ff5ad610704e6?s=96&d=mm&r=g","contentUrl":"https:\/\/secure.gravatar.com\/avatar\/dde2928154642a13d95f87ddf1ea9718fe2b46760a005c53e41ff5ad610704e6?s=96&d=mm&r=g","caption":"Nexo Informativo"},"url":"https:\/\/www.nexoinformativo.mx\/index.php\/author\/edicion\/"}]}},"_links":{"self":[{"href":"https:\/\/www.nexoinformativo.mx\/index.php\/wp-json\/wp\/v2\/posts\/8612","targetHints":{"allow":["GET"]}}],"collection":[{"href":"https:\/\/www.nexoinformativo.mx\/index.php\/wp-json\/wp\/v2\/posts"}],"about":[{"href":"https:\/\/www.nexoinformativo.mx\/index.php\/wp-json\/wp\/v2\/types\/post"}],"author":[{"embeddable":true,"href":"https:\/\/www.nexoinformativo.mx\/index.php\/wp-json\/wp\/v2\/users\/3"}],"replies":[{"embeddable":true,"href":"https:\/\/www.nexoinformativo.mx\/index.php\/wp-json\/wp\/v2\/comments?post=8612"}],"version-history":[{"count":3,"href":"https:\/\/www.nexoinformativo.mx\/index.php\/wp-json\/wp\/v2\/posts\/8612\/revisions"}],"predecessor-version":[{"id":8616,"href":"https:\/\/www.nexoinformativo.mx\/index.php\/wp-json\/wp\/v2\/posts\/8612\/revisions\/8616"}],"wp:featuredmedia":[{"embeddable":true,"href":"https:\/\/www.nexoinformativo.mx\/index.php\/wp-json\/wp\/v2\/media\/8613"}],"wp:attachment":[{"href":"https:\/\/www.nexoinformativo.mx\/index.php\/wp-json\/wp\/v2\/media?parent=8612"}],"wp:term":[{"taxonomy":"category","embeddable":true,"href":"https:\/\/www.nexoinformativo.mx\/index.php\/wp-json\/wp\/v2\/categories?post=8612"},{"taxonomy":"post_tag","embeddable":true,"href":"https:\/\/www.nexoinformativo.mx\/index.php\/wp-json\/wp\/v2\/tags?post=8612"}],"curies":[{"name":"wp","href":"https:\/\/api.w.org\/{rel}","templated":true}]}}