{"id":8629,"date":"2024-12-22T06:30:16","date_gmt":"2024-12-22T12:30:16","guid":{"rendered":"https:\/\/www.nexoinformativo.mx\/?p=8629"},"modified":"2024-12-21T23:21:31","modified_gmt":"2024-12-22T05:21:31","slug":"mexico-defendera-la-soberania-alimentaria-tras-fallo-del-t-mec-sobre-el-maiz-transgenico","status":"publish","type":"post","link":"https:\/\/www.nexoinformativo.mx\/index.php\/2024\/12\/22\/mexico-defendera-la-soberania-alimentaria-tras-fallo-del-t-mec-sobre-el-maiz-transgenico\/","title":{"rendered":"M\u00e9xico defender\u00e1 la soberan\u00eda alimentaria tras fallo del T-MEC sobre el ma\u00edz transg\u00e9nico"},"content":{"rendered":"<p style=\"text-align: justify;\" data-sourcepos=\"11:1-11:255\">El gobierno de M\u00e9xico ha expresado su desacuerdo con la decisi\u00f3n del panel de resoluci\u00f3n de disputas del Tratado entre M\u00e9xico, Estados Unidos y Canad\u00e1 (T-MEC), que fall\u00f3 en contra de las restricciones impuestas a las importaciones de ma\u00edz transg\u00e9nico.<\/p>\n<p>&nbsp;<\/p>\n<p style=\"text-align: justify;\" data-sourcepos=\"13:1-13:297\">A pesar de la decisi\u00f3n, el gobierno mexicano asegur\u00f3 que respetar\u00e1 el fallo, ya que el sistema de soluci\u00f3n de controversias del T-MEC es una pieza clave del tratado. Sin embargo, reiter\u00f3 su compromiso de proteger la salud p\u00fablica, los derechos de los pueblos ind\u00edgenas y la soberan\u00eda alimentaria.<\/p>\n<p>&nbsp;<\/p>\n<p style=\"text-align: justify;\" data-sourcepos=\"15:1-15:337\">Las medidas impuestas por M\u00e9xico buscaban proteger la diversidad del ma\u00edz nativo y evitar los riesgos asociados al consumo de ma\u00edz transg\u00e9nico y el uso del herbicida glifosato.<\/p>\n<p>&nbsp;<\/p>\n<p style=\"text-align: justify;\" data-sourcepos=\"15:1-15:337\">Sin embargo, el panel consider\u00f3 que estas medidas no estaban basadas en una evaluaci\u00f3n de riesgo adecuada y que restring\u00edan el comercio de manera injustificada.<\/p>\n<p>&nbsp;<\/p>\n<p style=\"text-align: justify;\" data-sourcepos=\"17:1-17:249\">El gobierno mexicano argument\u00f3 que la decisi\u00f3n del panel no reconoce la importancia del ma\u00edz en la cultura y la alimentaci\u00f3n de los mexicanos, ni los riesgos potenciales para la salud y el medio ambiente asociados al consumo de ma\u00edz transg\u00e9nico.<\/p>\n<p>&nbsp;<\/p>\n<p style=\"text-align: justify;\" data-sourcepos=\"19:1-19:213\">A pesar de este rev\u00e9s, el gobierno mexicano asegur\u00f3 que seguir\u00e1 buscando mecanismos para proteger la soberan\u00eda alimentaria y la diversidad de ma\u00edz nativo, que son fundamentales para la identidad cultural del pa\u00eds.<\/p>\n<p>&nbsp;<\/p>\n<p style=\"text-align: center;\" data-sourcepos=\"19:1-19:213\"><em><strong>\u00a1Informaci\u00f3n que transforma!<\/strong><\/em><\/p>\n","protected":false},"excerpt":{"rendered":"<p>El gobierno de M\u00e9xico ha expresado su desacuerdo con la decisi\u00f3n del panel de resoluci\u00f3n de disputas del Tratado entre M\u00e9xico, Estados Unidos y Canad\u00e1 (T-MEC), que fall\u00f3 en contra de las restricciones impuestas a las importaciones de ma\u00edz transg\u00e9nico.<\/p>\n","protected":false},"author":3,"featured_media":8630,"comment_status":"open","ping_status":"open","sticky":false,"template":"","format":"standard","meta":{"footnotes":""},"categories":[5,88,58],"tags":[2773,1610,1206,1437],"class_list":["post-8629","post","type-post","status-publish","format-standard","has-post-thumbnail","hentry","category-economia","category-nacional","category-ultima-hora","tag-maiztransgenico","tag-mexico","tag-soberaniaalimentaria","tag-tmec"],"yoast_head":"<!-- This site is optimized with the Yoast SEO plugin v25.0 - https:\/\/yoast.com\/wordpress\/plugins\/seo\/ -->\n<title>M\u00e9xico defender\u00e1 la soberan\u00eda alimentaria tras fallo del T-MEC sobre el ma\u00edz transg\u00e9nico | Nexo Informativo Santiago de Quer\u00e9taro<\/title>\n<meta name=\"description\" content=\"M\u00e9xico defender\u00e1 la soberan\u00eda alimentaria tras fallo del T-MEC sobre el ma\u00edz transg\u00e9nico\" \/>\n<meta name=\"robots\" content=\"index, follow, max-snippet:-1, max-image-preview:large, max-video-preview:-1\" \/>\n<link rel=\"canonical\" href=\"https:\/\/www.nexoinformativo.mx\/index.php\/2024\/12\/22\/mexico-defendera-la-soberania-alimentaria-tras-fallo-del-t-mec-sobre-el-maiz-transgenico\/\" \/>\n<meta property=\"og:locale\" content=\"es_MX\" \/>\n<meta property=\"og:type\" content=\"article\" \/>\n<meta property=\"og:title\" content=\"M\u00e9xico defender\u00e1 la soberan\u00eda alimentaria tras fallo del T-MEC sobre el ma\u00edz transg\u00e9nico | Nexo Informativo Santiago de Quer\u00e9taro\" \/>\n<meta property=\"og:description\" content=\"M\u00e9xico defender\u00e1 la soberan\u00eda alimentaria tras fallo del T-MEC sobre el ma\u00edz transg\u00e9nico\" \/>\n<meta property=\"og:url\" content=\"https:\/\/www.nexoinformativo.mx\/index.php\/2024\/12\/22\/mexico-defendera-la-soberania-alimentaria-tras-fallo-del-t-mec-sobre-el-maiz-transgenico\/\" \/>\n<meta property=\"og:site_name\" content=\"Nexo Informativo Santiago de Quer\u00e9taro\" \/>\n<meta property=\"article:publisher\" content=\"https:\/\/www.facebook.com\/people\/Nexo-Informativo\/61564066885511\/\" \/>\n<meta property=\"article:published_time\" content=\"2024-12-22T12:30:16+00:00\" \/>\n<meta property=\"og:image\" content=\"https:\/\/www.nexoinformativo.mx\/wp-content\/uploads\/2024\/12\/pexels-freestockpro-12944752-e1734844773330.jpeg\" \/>\n\t<meta property=\"og:image:width\" content=\"800\" \/>\n\t<meta property=\"og:image:height\" content=\"533\" \/>\n\t<meta property=\"og:image:type\" content=\"image\/jpeg\" \/>\n<meta name=\"author\" content=\"Nexo Informativo\" \/>\n<meta name=\"twitter:card\" content=\"summary_large_image\" \/>\n<meta name=\"twitter:label1\" content=\"Escrito por\" \/>\n\t<meta name=\"twitter:data1\" content=\"Nexo Informativo\" \/>\n\t<meta name=\"twitter:label2\" content=\"Tiempo de lectura\" \/>\n\t<meta name=\"twitter:data2\" content=\"2 minutos\" \/>\n<script type=\"application\/ld+json\" class=\"yoast-schema-graph\">{\"@context\":\"https:\/\/schema.org\",\"@graph\":[{\"@type\":\"Article\",\"@id\":\"https:\/\/www.nexoinformativo.mx\/index.php\/2024\/12\/22\/mexico-defendera-la-soberania-alimentaria-tras-fallo-del-t-mec-sobre-el-maiz-transgenico\/#article\",\"isPartOf\":{\"@id\":\"https:\/\/www.nexoinformativo.mx\/index.php\/2024\/12\/22\/mexico-defendera-la-soberania-alimentaria-tras-fallo-del-t-mec-sobre-el-maiz-transgenico\/\"},\"author\":{\"name\":\"Nexo Informativo\",\"@id\":\"https:\/\/www.nexoinformativo.mx\/#\/schema\/person\/7749d380ba08c8ca00d7bc76fd907b7d\"},\"headline\":\"M\u00e9xico defender\u00e1 la soberan\u00eda alimentaria tras fallo del T-MEC sobre el ma\u00edz transg\u00e9nico\",\"datePublished\":\"2024-12-22T12:30:16+00:00\",\"mainEntityOfPage\":{\"@id\":\"https:\/\/www.nexoinformativo.mx\/index.php\/2024\/12\/22\/mexico-defendera-la-soberania-alimentaria-tras-fallo-del-t-mec-sobre-el-maiz-transgenico\/\"},\"wordCount\":269,\"commentCount\":0,\"publisher\":{\"@id\":\"https:\/\/www.nexoinformativo.mx\/#organization\"},\"image\":{\"@id\":\"https:\/\/www.nexoinformativo.mx\/index.php\/2024\/12\/22\/mexico-defendera-la-soberania-alimentaria-tras-fallo-del-t-mec-sobre-el-maiz-transgenico\/#primaryimage\"},\"thumbnailUrl\":\"https:\/\/www.nexoinformativo.mx\/wp-content\/uploads\/2024\/12\/pexels-freestockpro-12944752-e1734844773330.jpeg\",\"keywords\":[\"Ma\u00edzTransg\u00e9nico\",\"M\u00e9xico\",\"SoberaniaAlimentaria\",\"TMEC\"],\"articleSection\":[\"Econom\u00eda\",\"Nacional\",\"\u00daltima Hora\"],\"inLanguage\":\"es\",\"potentialAction\":[{\"@type\":\"CommentAction\",\"name\":\"Comment\",\"target\":[\"https:\/\/www.nexoinformativo.mx\/index.php\/2024\/12\/22\/mexico-defendera-la-soberania-alimentaria-tras-fallo-del-t-mec-sobre-el-maiz-transgenico\/#respond\"]}]},{\"@type\":\"WebPage\",\"@id\":\"https:\/\/www.nexoinformativo.mx\/index.php\/2024\/12\/22\/mexico-defendera-la-soberania-alimentaria-tras-fallo-del-t-mec-sobre-el-maiz-transgenico\/\",\"url\":\"https:\/\/www.nexoinformativo.mx\/index.php\/2024\/12\/22\/mexico-defendera-la-soberania-alimentaria-tras-fallo-del-t-mec-sobre-el-maiz-transgenico\/\",\"name\":\"M\u00e9xico defender\u00e1 la soberan\u00eda alimentaria tras fallo del T-MEC sobre el ma\u00edz transg\u00e9nico | Nexo Informativo Santiago de Quer\u00e9taro\",\"isPartOf\":{\"@id\":\"https:\/\/www.nexoinformativo.mx\/#website\"},\"primaryImageOfPage\":{\"@id\":\"https:\/\/www.nexoinformativo.mx\/index.php\/2024\/12\/22\/mexico-defendera-la-soberania-alimentaria-tras-fallo-del-t-mec-sobre-el-maiz-transgenico\/#primaryimage\"},\"image\":{\"@id\":\"https:\/\/www.nexoinformativo.mx\/index.php\/2024\/12\/22\/mexico-defendera-la-soberania-alimentaria-tras-fallo-del-t-mec-sobre-el-maiz-transgenico\/#primaryimage\"},\"thumbnailUrl\":\"https:\/\/www.nexoinformativo.mx\/wp-content\/uploads\/2024\/12\/pexels-freestockpro-12944752-e1734844773330.jpeg\",\"datePublished\":\"2024-12-22T12:30:16+00:00\",\"description\":\"M\u00e9xico defender\u00e1 la soberan\u00eda alimentaria tras fallo del T-MEC sobre el ma\u00edz transg\u00e9nico\",\"breadcrumb\":{\"@id\":\"https:\/\/www.nexoinformativo.mx\/index.php\/2024\/12\/22\/mexico-defendera-la-soberania-alimentaria-tras-fallo-del-t-mec-sobre-el-maiz-transgenico\/#breadcrumb\"},\"inLanguage\":\"es\",\"potentialAction\":[{\"@type\":\"ReadAction\",\"target\":[\"https:\/\/www.nexoinformativo.mx\/index.php\/2024\/12\/22\/mexico-defendera-la-soberania-alimentaria-tras-fallo-del-t-mec-sobre-el-maiz-transgenico\/\"]}]},{\"@type\":\"ImageObject\",\"inLanguage\":\"es\",\"@id\":\"https:\/\/www.nexoinformativo.mx\/index.php\/2024\/12\/22\/mexico-defendera-la-soberania-alimentaria-tras-fallo-del-t-mec-sobre-el-maiz-transgenico\/#primaryimage\",\"url\":\"https:\/\/www.nexoinformativo.mx\/wp-content\/uploads\/2024\/12\/pexels-freestockpro-12944752-e1734844773330.jpeg\",\"contentUrl\":\"https:\/\/www.nexoinformativo.mx\/wp-content\/uploads\/2024\/12\/pexels-freestockpro-12944752-e1734844773330.jpeg\",\"width\":800,\"height\":533},{\"@type\":\"BreadcrumbList\",\"@id\":\"https:\/\/www.nexoinformativo.mx\/index.php\/2024\/12\/22\/mexico-defendera-la-soberania-alimentaria-tras-fallo-del-t-mec-sobre-el-maiz-transgenico\/#breadcrumb\",\"itemListElement\":[{\"@type\":\"ListItem\",\"position\":1,\"name\":\"Inicio\",\"item\":\"https:\/\/www.nexoinformativo.mx\/\"},{\"@type\":\"ListItem\",\"position\":2,\"name\":\"M\u00e9xico defender\u00e1 la soberan\u00eda alimentaria tras fallo del T-MEC sobre el ma\u00edz transg\u00e9nico\"}]},{\"@type\":\"WebSite\",\"@id\":\"https:\/\/www.nexoinformativo.mx\/#website\",\"url\":\"https:\/\/www.nexoinformativo.mx\/\",\"name\":\"Nexo Informativo Santiago de Quer\u00e9taro\",\"description\":\"Explora NexoInformativo y convi\u00e9rtete en parte de una comunidad que valora el conocimiento y la verdad. Tu nexoinformativo es tu puente hacia una comprensi\u00f3n m\u00e1s profunda del mundo que te rodea.\",\"publisher\":{\"@id\":\"https:\/\/www.nexoinformativo.mx\/#organization\"},\"potentialAction\":[{\"@type\":\"SearchAction\",\"target\":{\"@type\":\"EntryPoint\",\"urlTemplate\":\"https:\/\/www.nexoinformativo.mx\/?s={search_term_string}\"},\"query-input\":{\"@type\":\"PropertyValueSpecification\",\"valueRequired\":true,\"valueName\":\"search_term_string\"}}],\"inLanguage\":\"es\"},{\"@type\":\"Organization\",\"@id\":\"https:\/\/www.nexoinformativo.mx\/#organization\",\"name\":\"Nexo Informativo Santiago de Quer\u00e9taro\",\"url\":\"https:\/\/www.nexoinformativo.mx\/\",\"logo\":{\"@type\":\"ImageObject\",\"inLanguage\":\"es\",\"@id\":\"https:\/\/www.nexoinformativo.mx\/#\/schema\/logo\/image\/\",\"url\":\"https:\/\/www.nexoinformativo.mx\/wp-content\/uploads\/2024\/07\/nexoi-trasparente-2.png\",\"contentUrl\":\"https:\/\/www.nexoinformativo.mx\/wp-content\/uploads\/2024\/07\/nexoi-trasparente-2.png\",\"width\":816,\"height\":339,\"caption\":\"Nexo Informativo Santiago de Quer\u00e9taro\"},\"image\":{\"@id\":\"https:\/\/www.nexoinformativo.mx\/#\/schema\/logo\/image\/\"},\"sameAs\":[\"https:\/\/www.facebook.com\/people\/Nexo-Informativo\/61564066885511\/\"]},{\"@type\":\"Person\",\"@id\":\"https:\/\/www.nexoinformativo.mx\/#\/schema\/person\/7749d380ba08c8ca00d7bc76fd907b7d\",\"name\":\"Nexo Informativo\",\"image\":{\"@type\":\"ImageObject\",\"inLanguage\":\"es\",\"@id\":\"https:\/\/www.nexoinformativo.mx\/#\/schema\/person\/image\/\",\"url\":\"https:\/\/secure.gravatar.com\/avatar\/dde2928154642a13d95f87ddf1ea9718fe2b46760a005c53e41ff5ad610704e6?s=96&d=mm&r=g\",\"contentUrl\":\"https:\/\/secure.gravatar.com\/avatar\/dde2928154642a13d95f87ddf1ea9718fe2b46760a005c53e41ff5ad610704e6?s=96&d=mm&r=g\",\"caption\":\"Nexo Informativo\"},\"url\":\"https:\/\/www.nexoinformativo.mx\/index.php\/author\/edicion\/\"}]}<\/script>\n<!-- \/ Yoast SEO plugin. -->","yoast_head_json":{"title":"M\u00e9xico defender\u00e1 la soberan\u00eda alimentaria tras fallo del T-MEC sobre el ma\u00edz transg\u00e9nico | Nexo Informativo Santiago de Quer\u00e9taro","description":"M\u00e9xico defender\u00e1 la soberan\u00eda alimentaria tras fallo del T-MEC sobre el ma\u00edz transg\u00e9nico","robots":{"index":"index","follow":"follow","max-snippet":"max-snippet:-1","max-image-preview":"max-image-preview:large","max-video-preview":"max-video-preview:-1"},"canonical":"https:\/\/www.nexoinformativo.mx\/index.php\/2024\/12\/22\/mexico-defendera-la-soberania-alimentaria-tras-fallo-del-t-mec-sobre-el-maiz-transgenico\/","og_locale":"es_MX","og_type":"article","og_title":"M\u00e9xico defender\u00e1 la soberan\u00eda alimentaria tras fallo del T-MEC sobre el ma\u00edz transg\u00e9nico | Nexo Informativo Santiago de Quer\u00e9taro","og_description":"M\u00e9xico defender\u00e1 la soberan\u00eda alimentaria tras fallo del T-MEC sobre el ma\u00edz transg\u00e9nico","og_url":"https:\/\/www.nexoinformativo.mx\/index.php\/2024\/12\/22\/mexico-defendera-la-soberania-alimentaria-tras-fallo-del-t-mec-sobre-el-maiz-transgenico\/","og_site_name":"Nexo Informativo Santiago de Quer\u00e9taro","article_publisher":"https:\/\/www.facebook.com\/people\/Nexo-Informativo\/61564066885511\/","article_published_time":"2024-12-22T12:30:16+00:00","og_image":[{"width":800,"height":533,"url":"https:\/\/www.nexoinformativo.mx\/wp-content\/uploads\/2024\/12\/pexels-freestockpro-12944752-e1734844773330.jpeg","type":"image\/jpeg"}],"author":"Nexo Informativo","twitter_card":"summary_large_image","twitter_misc":{"Escrito por":"Nexo Informativo","Tiempo de lectura":"2 minutos"},"schema":{"@context":"https:\/\/schema.org","@graph":[{"@type":"Article","@id":"https:\/\/www.nexoinformativo.mx\/index.php\/2024\/12\/22\/mexico-defendera-la-soberania-alimentaria-tras-fallo-del-t-mec-sobre-el-maiz-transgenico\/#article","isPartOf":{"@id":"https:\/\/www.nexoinformativo.mx\/index.php\/2024\/12\/22\/mexico-defendera-la-soberania-alimentaria-tras-fallo-del-t-mec-sobre-el-maiz-transgenico\/"},"author":{"name":"Nexo Informativo","@id":"https:\/\/www.nexoinformativo.mx\/#\/schema\/person\/7749d380ba08c8ca00d7bc76fd907b7d"},"headline":"M\u00e9xico defender\u00e1 la soberan\u00eda alimentaria tras fallo del T-MEC sobre el ma\u00edz transg\u00e9nico","datePublished":"2024-12-22T12:30:16+00:00","mainEntityOfPage":{"@id":"https:\/\/www.nexoinformativo.mx\/index.php\/2024\/12\/22\/mexico-defendera-la-soberania-alimentaria-tras-fallo-del-t-mec-sobre-el-maiz-transgenico\/"},"wordCount":269,"commentCount":0,"publisher":{"@id":"https:\/\/www.nexoinformativo.mx\/#organization"},"image":{"@id":"https:\/\/www.nexoinformativo.mx\/index.php\/2024\/12\/22\/mexico-defendera-la-soberania-alimentaria-tras-fallo-del-t-mec-sobre-el-maiz-transgenico\/#primaryimage"},"thumbnailUrl":"https:\/\/www.nexoinformativo.mx\/wp-content\/uploads\/2024\/12\/pexels-freestockpro-12944752-e1734844773330.jpeg","keywords":["Ma\u00edzTransg\u00e9nico","M\u00e9xico","SoberaniaAlimentaria","TMEC"],"articleSection":["Econom\u00eda","Nacional","\u00daltima Hora"],"inLanguage":"es","potentialAction":[{"@type":"CommentAction","name":"Comment","target":["https:\/\/www.nexoinformativo.mx\/index.php\/2024\/12\/22\/mexico-defendera-la-soberania-alimentaria-tras-fallo-del-t-mec-sobre-el-maiz-transgenico\/#respond"]}]},{"@type":"WebPage","@id":"https:\/\/www.nexoinformativo.mx\/index.php\/2024\/12\/22\/mexico-defendera-la-soberania-alimentaria-tras-fallo-del-t-mec-sobre-el-maiz-transgenico\/","url":"https:\/\/www.nexoinformativo.mx\/index.php\/2024\/12\/22\/mexico-defendera-la-soberania-alimentaria-tras-fallo-del-t-mec-sobre-el-maiz-transgenico\/","name":"M\u00e9xico defender\u00e1 la soberan\u00eda alimentaria tras fallo del T-MEC sobre el ma\u00edz transg\u00e9nico | Nexo Informativo Santiago de Quer\u00e9taro","isPartOf":{"@id":"https:\/\/www.nexoinformativo.mx\/#website"},"primaryImageOfPage":{"@id":"https:\/\/www.nexoinformativo.mx\/index.php\/2024\/12\/22\/mexico-defendera-la-soberania-alimentaria-tras-fallo-del-t-mec-sobre-el-maiz-transgenico\/#primaryimage"},"image":{"@id":"https:\/\/www.nexoinformativo.mx\/index.php\/2024\/12\/22\/mexico-defendera-la-soberania-alimentaria-tras-fallo-del-t-mec-sobre-el-maiz-transgenico\/#primaryimage"},"thumbnailUrl":"https:\/\/www.nexoinformativo.mx\/wp-content\/uploads\/2024\/12\/pexels-freestockpro-12944752-e1734844773330.jpeg","datePublished":"2024-12-22T12:30:16+00:00","description":"M\u00e9xico defender\u00e1 la soberan\u00eda alimentaria tras fallo del T-MEC sobre el ma\u00edz transg\u00e9nico","breadcrumb":{"@id":"https:\/\/www.nexoinformativo.mx\/index.php\/2024\/12\/22\/mexico-defendera-la-soberania-alimentaria-tras-fallo-del-t-mec-sobre-el-maiz-transgenico\/#breadcrumb"},"inLanguage":"es","potentialAction":[{"@type":"ReadAction","target":["https:\/\/www.nexoinformativo.mx\/index.php\/2024\/12\/22\/mexico-defendera-la-soberania-alimentaria-tras-fallo-del-t-mec-sobre-el-maiz-transgenico\/"]}]},{"@type":"ImageObject","inLanguage":"es","@id":"https:\/\/www.nexoinformativo.mx\/index.php\/2024\/12\/22\/mexico-defendera-la-soberania-alimentaria-tras-fallo-del-t-mec-sobre-el-maiz-transgenico\/#primaryimage","url":"https:\/\/www.nexoinformativo.mx\/wp-content\/uploads\/2024\/12\/pexels-freestockpro-12944752-e1734844773330.jpeg","contentUrl":"https:\/\/www.nexoinformativo.mx\/wp-content\/uploads\/2024\/12\/pexels-freestockpro-12944752-e1734844773330.jpeg","width":800,"height":533},{"@type":"BreadcrumbList","@id":"https:\/\/www.nexoinformativo.mx\/index.php\/2024\/12\/22\/mexico-defendera-la-soberania-alimentaria-tras-fallo-del-t-mec-sobre-el-maiz-transgenico\/#breadcrumb","itemListElement":[{"@type":"ListItem","position":1,"name":"Inicio","item":"https:\/\/www.nexoinformativo.mx\/"},{"@type":"ListItem","position":2,"name":"M\u00e9xico defender\u00e1 la soberan\u00eda alimentaria tras fallo del T-MEC sobre el ma\u00edz transg\u00e9nico"}]},{"@type":"WebSite","@id":"https:\/\/www.nexoinformativo.mx\/#website","url":"https:\/\/www.nexoinformativo.mx\/","name":"Nexo Informativo Santiago de Quer\u00e9taro","description":"Explora NexoInformativo y convi\u00e9rtete en parte de una comunidad que valora el conocimiento y la verdad. Tu nexoinformativo es tu puente hacia una comprensi\u00f3n m\u00e1s profunda del mundo que te rodea.","publisher":{"@id":"https:\/\/www.nexoinformativo.mx\/#organization"},"potentialAction":[{"@type":"SearchAction","target":{"@type":"EntryPoint","urlTemplate":"https:\/\/www.nexoinformativo.mx\/?s={search_term_string}"},"query-input":{"@type":"PropertyValueSpecification","valueRequired":true,"valueName":"search_term_string"}}],"inLanguage":"es"},{"@type":"Organization","@id":"https:\/\/www.nexoinformativo.mx\/#organization","name":"Nexo Informativo Santiago de Quer\u00e9taro","url":"https:\/\/www.nexoinformativo.mx\/","logo":{"@type":"ImageObject","inLanguage":"es","@id":"https:\/\/www.nexoinformativo.mx\/#\/schema\/logo\/image\/","url":"https:\/\/www.nexoinformativo.mx\/wp-content\/uploads\/2024\/07\/nexoi-trasparente-2.png","contentUrl":"https:\/\/www.nexoinformativo.mx\/wp-content\/uploads\/2024\/07\/nexoi-trasparente-2.png","width":816,"height":339,"caption":"Nexo Informativo Santiago de Quer\u00e9taro"},"image":{"@id":"https:\/\/www.nexoinformativo.mx\/#\/schema\/logo\/image\/"},"sameAs":["https:\/\/www.facebook.com\/people\/Nexo-Informativo\/61564066885511\/"]},{"@type":"Person","@id":"https:\/\/www.nexoinformativo.mx\/#\/schema\/person\/7749d380ba08c8ca00d7bc76fd907b7d","name":"Nexo Informativo","image":{"@type":"ImageObject","inLanguage":"es","@id":"https:\/\/www.nexoinformativo.mx\/#\/schema\/person\/image\/","url":"https:\/\/secure.gravatar.com\/avatar\/dde2928154642a13d95f87ddf1ea9718fe2b46760a005c53e41ff5ad610704e6?s=96&d=mm&r=g","contentUrl":"https:\/\/secure.gravatar.com\/avatar\/dde2928154642a13d95f87ddf1ea9718fe2b46760a005c53e41ff5ad610704e6?s=96&d=mm&r=g","caption":"Nexo Informativo"},"url":"https:\/\/www.nexoinformativo.mx\/index.php\/author\/edicion\/"}]}},"_links":{"self":[{"href":"https:\/\/www.nexoinformativo.mx\/index.php\/wp-json\/wp\/v2\/posts\/8629","targetHints":{"allow":["GET"]}}],"collection":[{"href":"https:\/\/www.nexoinformativo.mx\/index.php\/wp-json\/wp\/v2\/posts"}],"about":[{"href":"https:\/\/www.nexoinformativo.mx\/index.php\/wp-json\/wp\/v2\/types\/post"}],"author":[{"embeddable":true,"href":"https:\/\/www.nexoinformativo.mx\/index.php\/wp-json\/wp\/v2\/users\/3"}],"replies":[{"embeddable":true,"href":"https:\/\/www.nexoinformativo.mx\/index.php\/wp-json\/wp\/v2\/comments?post=8629"}],"version-history":[{"count":5,"href":"https:\/\/www.nexoinformativo.mx\/index.php\/wp-json\/wp\/v2\/posts\/8629\/revisions"}],"predecessor-version":[{"id":8633,"href":"https:\/\/www.nexoinformativo.mx\/index.php\/wp-json\/wp\/v2\/posts\/8629\/revisions\/8633"}],"wp:featuredmedia":[{"embeddable":true,"href":"https:\/\/www.nexoinformativo.mx\/index.php\/wp-json\/wp\/v2\/media\/8630"}],"wp:attachment":[{"href":"https:\/\/www.nexoinformativo.mx\/index.php\/wp-json\/wp\/v2\/media?parent=8629"}],"wp:term":[{"taxonomy":"category","embeddable":true,"href":"https:\/\/www.nexoinformativo.mx\/index.php\/wp-json\/wp\/v2\/categories?post=8629"},{"taxonomy":"post_tag","embeddable":true,"href":"https:\/\/www.nexoinformativo.mx\/index.php\/wp-json\/wp\/v2\/tags?post=8629"}],"curies":[{"name":"wp","href":"https:\/\/api.w.org\/{rel}","templated":true}]}}