{"id":8636,"date":"2024-12-22T07:00:47","date_gmt":"2024-12-22T13:00:47","guid":{"rendered":"https:\/\/www.nexoinformativo.mx\/?p=8636"},"modified":"2024-12-21T23:34:36","modified_gmt":"2024-12-22T05:34:36","slug":"el-costo-emocional-de-la-navidad-como-la-depresion-afecta-el-trabajo","status":"publish","type":"post","link":"https:\/\/www.nexoinformativo.mx\/index.php\/2024\/12\/22\/el-costo-emocional-de-la-navidad-como-la-depresion-afecta-el-trabajo\/","title":{"rendered":"El costo emocional de la Navidad: c\u00f3mo la depresi\u00f3n afecta el trabajo"},"content":{"rendered":"<p style=\"text-align: justify;\" data-sourcepos=\"11:1-11:322\">La Navidad, sin\u00f3nimo de alegr\u00eda y reuniones familiares, tambi\u00e9n puede ser una \u00e9poca de gran estr\u00e9s y tristeza para muchas personas.<\/p>\n<p>&nbsp;<\/p>\n<p style=\"text-align: justify;\" data-sourcepos=\"11:1-11:322\">La presi\u00f3n social, las expectativas poco realistas y los problemas econ\u00f3micos pueden desencadenar o agravar cuadros de depresi\u00f3n, afectando significativamente la vida personal y laboral.<\/p>\n<p>&nbsp;<\/p>\n<p style=\"text-align: justify;\" data-sourcepos=\"11:1-11:322\">Seg\u00fan la Asociaci\u00f3n Americana de Psicolog\u00eda, un alto porcentaje de personas experimenta los niveles m\u00e1s altos de estr\u00e9s durante la temporada navide\u00f1a. Las preocupaciones econ\u00f3micas, la soledad y la p\u00e9rdida de seres queridos son algunos de los factores que contribuyen a este malestar emocional.<\/p>\n<p>&nbsp;<\/p>\n<p style=\"text-align: justify;\" data-sourcepos=\"15:1-15:333\">La depresi\u00f3n navide\u00f1a puede tener un impacto negativo en la productividad laboral. La falta de concentraci\u00f3n, la disminuci\u00f3n de la motivaci\u00f3n y el aumento del ausentismo son algunas de las consecuencias de esta afecci\u00f3n. Estudios cient\u00edficos han demostrado que la depresi\u00f3n puede reducir la productividad laboral hasta en un 35%.<\/p>\n<p>&nbsp;<\/p>\n<p style=\"text-align: justify;\" data-sourcepos=\"17:1-17:244\">Las empresas tambi\u00e9n se ven afectadas por la depresi\u00f3n navide\u00f1a de sus empleados. La disminuci\u00f3n de la productividad, el aumento de los costos por ausentismo y la rotaci\u00f3n de personal son algunos de los impactos econ\u00f3micos de este problema.<\/p>\n<p>&nbsp;<\/p>\n<p style=\"text-align: justify;\" data-sourcepos=\"19:1-19:55\"><strong>\u00bfC\u00f3mo podemos hacer frente a la depresi\u00f3n navide\u00f1a?<\/strong><\/p>\n<p>*Buscar apoyo: Hablar con amigos, familiares o un profesional de la salud mental puede ser de gran ayuda.<\/p>\n<p>*Establecer l\u00edmites: Es importante aprender a decir no y evitar sobrecargarse de compromisos.<\/p>\n<p>*Cuidar de uno mismo: Dedicar tiempo a actividades que relajen y disfruten, como practicar ejercicio o realizar hobbies.<\/p>\n<p>*Buscar ayuda profesional: Si los s\u00edntomas de depresi\u00f3n son severos, es recomendable buscar ayuda de un terapeuta o psiquiatra.<\/p>\n<p>&nbsp;<\/p>\n<p style=\"text-align: justify;\" data-sourcepos=\"26:1-26:297\">Es importante reconocer que la depresi\u00f3n navide\u00f1a es una realidad y que buscar ayuda no es una se\u00f1al de debilidad, sino de fortaleza.<\/p>\n<p>&nbsp;<\/p>\n<p style=\"text-align: justify;\" data-sourcepos=\"26:1-26:297\">Las empresas tambi\u00e9n pueden jugar un papel importante al crear un ambiente de trabajo m\u00e1s comprensivo y ofreciendo recursos para el bienestar de sus empleados.<\/p>\n<p>&nbsp;<\/p>\n<p style=\"text-align: center;\" data-sourcepos=\"26:1-26:297\"><em><strong>\u00a1Informaci\u00f3n que transforma!<\/strong><\/em><\/p>\n","protected":false},"excerpt":{"rendered":"<p>La Navidad, sin\u00f3nimo de alegr\u00eda y reuniones familiares, tambi\u00e9n puede ser una \u00e9poca de gran estr\u00e9s y tristeza para muchas personas. La presi\u00f3n social, las expectativas poco realistas y los problemas econ\u00f3micos pueden desencadenar o agravar cuadros de depresi\u00f3n, afectando significativamente la vida personal y laboral.<\/p>\n","protected":false},"author":3,"featured_media":8637,"comment_status":"open","ping_status":"open","sticky":false,"template":"","format":"standard","meta":{"footnotes":""},"categories":[88,58],"tags":[679,2774,2775,751],"class_list":["post-8636","post","type-post","status-publish","format-standard","has-post-thumbnail","hentry","category-nacional","category-ultima-hora","tag-bienestar","tag-depresionnavidena","tag-productividadlaboral","tag-saludmental"],"yoast_head":"<!-- This site is optimized with the Yoast SEO plugin v25.0 - https:\/\/yoast.com\/wordpress\/plugins\/seo\/ -->\n<title>El costo emocional de la Navidad: c\u00f3mo la depresi\u00f3n afecta el trabajo | Nexo Informativo Santiago de Quer\u00e9taro<\/title>\n<meta name=\"description\" content=\"El costo emocional de la Navidad: c\u00f3mo la depresi\u00f3n afecta el trabajo\" \/>\n<meta name=\"robots\" content=\"index, follow, max-snippet:-1, max-image-preview:large, max-video-preview:-1\" \/>\n<link rel=\"canonical\" href=\"https:\/\/www.nexoinformativo.mx\/index.php\/2024\/12\/22\/el-costo-emocional-de-la-navidad-como-la-depresion-afecta-el-trabajo\/\" \/>\n<meta property=\"og:locale\" content=\"es_MX\" \/>\n<meta property=\"og:type\" content=\"article\" \/>\n<meta property=\"og:title\" content=\"El costo emocional de la Navidad: c\u00f3mo la depresi\u00f3n afecta el trabajo | Nexo Informativo Santiago de Quer\u00e9taro\" \/>\n<meta property=\"og:description\" content=\"El costo emocional de la Navidad: c\u00f3mo la depresi\u00f3n afecta el trabajo\" \/>\n<meta property=\"og:url\" content=\"https:\/\/www.nexoinformativo.mx\/index.php\/2024\/12\/22\/el-costo-emocional-de-la-navidad-como-la-depresion-afecta-el-trabajo\/\" \/>\n<meta property=\"og:site_name\" content=\"Nexo Informativo Santiago de Quer\u00e9taro\" \/>\n<meta property=\"article:publisher\" content=\"https:\/\/www.facebook.com\/people\/Nexo-Informativo\/61564066885511\/\" \/>\n<meta property=\"article:published_time\" content=\"2024-12-22T13:00:47+00:00\" \/>\n<meta property=\"og:image\" content=\"https:\/\/www.nexoinformativo.mx\/wp-content\/uploads\/2024\/12\/pexels-olia-danilevich-6033009-scaled-e1734845619521.jpeg\" \/>\n\t<meta property=\"og:image:width\" content=\"500\" \/>\n\t<meta property=\"og:image:height\" content=\"750\" \/>\n\t<meta property=\"og:image:type\" content=\"image\/jpeg\" \/>\n<meta name=\"author\" content=\"Nexo Informativo\" \/>\n<meta name=\"twitter:card\" content=\"summary_large_image\" \/>\n<meta name=\"twitter:label1\" content=\"Escrito por\" \/>\n\t<meta name=\"twitter:data1\" content=\"Nexo Informativo\" \/>\n\t<meta name=\"twitter:label2\" content=\"Tiempo de lectura\" \/>\n\t<meta name=\"twitter:data2\" content=\"2 minutos\" \/>\n<script type=\"application\/ld+json\" class=\"yoast-schema-graph\">{\"@context\":\"https:\/\/schema.org\",\"@graph\":[{\"@type\":\"Article\",\"@id\":\"https:\/\/www.nexoinformativo.mx\/index.php\/2024\/12\/22\/el-costo-emocional-de-la-navidad-como-la-depresion-afecta-el-trabajo\/#article\",\"isPartOf\":{\"@id\":\"https:\/\/www.nexoinformativo.mx\/index.php\/2024\/12\/22\/el-costo-emocional-de-la-navidad-como-la-depresion-afecta-el-trabajo\/\"},\"author\":{\"name\":\"Nexo Informativo\",\"@id\":\"https:\/\/www.nexoinformativo.mx\/#\/schema\/person\/7749d380ba08c8ca00d7bc76fd907b7d\"},\"headline\":\"El costo emocional de la Navidad: c\u00f3mo la depresi\u00f3n afecta el trabajo\",\"datePublished\":\"2024-12-22T13:00:47+00:00\",\"mainEntityOfPage\":{\"@id\":\"https:\/\/www.nexoinformativo.mx\/index.php\/2024\/12\/22\/el-costo-emocional-de-la-navidad-como-la-depresion-afecta-el-trabajo\/\"},\"wordCount\":368,\"commentCount\":0,\"publisher\":{\"@id\":\"https:\/\/www.nexoinformativo.mx\/#organization\"},\"image\":{\"@id\":\"https:\/\/www.nexoinformativo.mx\/index.php\/2024\/12\/22\/el-costo-emocional-de-la-navidad-como-la-depresion-afecta-el-trabajo\/#primaryimage\"},\"thumbnailUrl\":\"https:\/\/www.nexoinformativo.mx\/wp-content\/uploads\/2024\/12\/pexels-olia-danilevich-6033009-scaled-e1734845619521.jpeg\",\"keywords\":[\"Bienestar\",\"Depresi\u00f3nNavide\u00f1a\",\"ProductividadLaboral\",\"SaludMental\"],\"articleSection\":[\"Nacional\",\"\u00daltima Hora\"],\"inLanguage\":\"es\",\"potentialAction\":[{\"@type\":\"CommentAction\",\"name\":\"Comment\",\"target\":[\"https:\/\/www.nexoinformativo.mx\/index.php\/2024\/12\/22\/el-costo-emocional-de-la-navidad-como-la-depresion-afecta-el-trabajo\/#respond\"]}]},{\"@type\":\"WebPage\",\"@id\":\"https:\/\/www.nexoinformativo.mx\/index.php\/2024\/12\/22\/el-costo-emocional-de-la-navidad-como-la-depresion-afecta-el-trabajo\/\",\"url\":\"https:\/\/www.nexoinformativo.mx\/index.php\/2024\/12\/22\/el-costo-emocional-de-la-navidad-como-la-depresion-afecta-el-trabajo\/\",\"name\":\"El costo emocional de la Navidad: c\u00f3mo la depresi\u00f3n afecta el trabajo | Nexo Informativo Santiago de Quer\u00e9taro\",\"isPartOf\":{\"@id\":\"https:\/\/www.nexoinformativo.mx\/#website\"},\"primaryImageOfPage\":{\"@id\":\"https:\/\/www.nexoinformativo.mx\/index.php\/2024\/12\/22\/el-costo-emocional-de-la-navidad-como-la-depresion-afecta-el-trabajo\/#primaryimage\"},\"image\":{\"@id\":\"https:\/\/www.nexoinformativo.mx\/index.php\/2024\/12\/22\/el-costo-emocional-de-la-navidad-como-la-depresion-afecta-el-trabajo\/#primaryimage\"},\"thumbnailUrl\":\"https:\/\/www.nexoinformativo.mx\/wp-content\/uploads\/2024\/12\/pexels-olia-danilevich-6033009-scaled-e1734845619521.jpeg\",\"datePublished\":\"2024-12-22T13:00:47+00:00\",\"description\":\"El costo emocional de la Navidad: c\u00f3mo la depresi\u00f3n afecta el trabajo\",\"breadcrumb\":{\"@id\":\"https:\/\/www.nexoinformativo.mx\/index.php\/2024\/12\/22\/el-costo-emocional-de-la-navidad-como-la-depresion-afecta-el-trabajo\/#breadcrumb\"},\"inLanguage\":\"es\",\"potentialAction\":[{\"@type\":\"ReadAction\",\"target\":[\"https:\/\/www.nexoinformativo.mx\/index.php\/2024\/12\/22\/el-costo-emocional-de-la-navidad-como-la-depresion-afecta-el-trabajo\/\"]}]},{\"@type\":\"ImageObject\",\"inLanguage\":\"es\",\"@id\":\"https:\/\/www.nexoinformativo.mx\/index.php\/2024\/12\/22\/el-costo-emocional-de-la-navidad-como-la-depresion-afecta-el-trabajo\/#primaryimage\",\"url\":\"https:\/\/www.nexoinformativo.mx\/wp-content\/uploads\/2024\/12\/pexels-olia-danilevich-6033009-scaled-e1734845619521.jpeg\",\"contentUrl\":\"https:\/\/www.nexoinformativo.mx\/wp-content\/uploads\/2024\/12\/pexels-olia-danilevich-6033009-scaled-e1734845619521.jpeg\",\"width\":500,\"height\":750},{\"@type\":\"BreadcrumbList\",\"@id\":\"https:\/\/www.nexoinformativo.mx\/index.php\/2024\/12\/22\/el-costo-emocional-de-la-navidad-como-la-depresion-afecta-el-trabajo\/#breadcrumb\",\"itemListElement\":[{\"@type\":\"ListItem\",\"position\":1,\"name\":\"Inicio\",\"item\":\"https:\/\/www.nexoinformativo.mx\/\"},{\"@type\":\"ListItem\",\"position\":2,\"name\":\"El costo emocional de la Navidad: c\u00f3mo la depresi\u00f3n afecta el trabajo\"}]},{\"@type\":\"WebSite\",\"@id\":\"https:\/\/www.nexoinformativo.mx\/#website\",\"url\":\"https:\/\/www.nexoinformativo.mx\/\",\"name\":\"Nexo Informativo Santiago de Quer\u00e9taro\",\"description\":\"Explora NexoInformativo y convi\u00e9rtete en parte de una comunidad que valora el conocimiento y la verdad. Tu nexoinformativo es tu puente hacia una comprensi\u00f3n m\u00e1s profunda del mundo que te rodea.\",\"publisher\":{\"@id\":\"https:\/\/www.nexoinformativo.mx\/#organization\"},\"potentialAction\":[{\"@type\":\"SearchAction\",\"target\":{\"@type\":\"EntryPoint\",\"urlTemplate\":\"https:\/\/www.nexoinformativo.mx\/?s={search_term_string}\"},\"query-input\":{\"@type\":\"PropertyValueSpecification\",\"valueRequired\":true,\"valueName\":\"search_term_string\"}}],\"inLanguage\":\"es\"},{\"@type\":\"Organization\",\"@id\":\"https:\/\/www.nexoinformativo.mx\/#organization\",\"name\":\"Nexo Informativo Santiago de Quer\u00e9taro\",\"url\":\"https:\/\/www.nexoinformativo.mx\/\",\"logo\":{\"@type\":\"ImageObject\",\"inLanguage\":\"es\",\"@id\":\"https:\/\/www.nexoinformativo.mx\/#\/schema\/logo\/image\/\",\"url\":\"https:\/\/www.nexoinformativo.mx\/wp-content\/uploads\/2024\/07\/nexoi-trasparente-2.png\",\"contentUrl\":\"https:\/\/www.nexoinformativo.mx\/wp-content\/uploads\/2024\/07\/nexoi-trasparente-2.png\",\"width\":816,\"height\":339,\"caption\":\"Nexo Informativo Santiago de Quer\u00e9taro\"},\"image\":{\"@id\":\"https:\/\/www.nexoinformativo.mx\/#\/schema\/logo\/image\/\"},\"sameAs\":[\"https:\/\/www.facebook.com\/people\/Nexo-Informativo\/61564066885511\/\"]},{\"@type\":\"Person\",\"@id\":\"https:\/\/www.nexoinformativo.mx\/#\/schema\/person\/7749d380ba08c8ca00d7bc76fd907b7d\",\"name\":\"Nexo Informativo\",\"image\":{\"@type\":\"ImageObject\",\"inLanguage\":\"es\",\"@id\":\"https:\/\/www.nexoinformativo.mx\/#\/schema\/person\/image\/\",\"url\":\"https:\/\/secure.gravatar.com\/avatar\/dde2928154642a13d95f87ddf1ea9718fe2b46760a005c53e41ff5ad610704e6?s=96&d=mm&r=g\",\"contentUrl\":\"https:\/\/secure.gravatar.com\/avatar\/dde2928154642a13d95f87ddf1ea9718fe2b46760a005c53e41ff5ad610704e6?s=96&d=mm&r=g\",\"caption\":\"Nexo Informativo\"},\"url\":\"https:\/\/www.nexoinformativo.mx\/index.php\/author\/edicion\/\"}]}<\/script>\n<!-- \/ Yoast SEO plugin. -->","yoast_head_json":{"title":"El costo emocional de la Navidad: c\u00f3mo la depresi\u00f3n afecta el trabajo | Nexo Informativo Santiago de Quer\u00e9taro","description":"El costo emocional de la Navidad: c\u00f3mo la depresi\u00f3n afecta el trabajo","robots":{"index":"index","follow":"follow","max-snippet":"max-snippet:-1","max-image-preview":"max-image-preview:large","max-video-preview":"max-video-preview:-1"},"canonical":"https:\/\/www.nexoinformativo.mx\/index.php\/2024\/12\/22\/el-costo-emocional-de-la-navidad-como-la-depresion-afecta-el-trabajo\/","og_locale":"es_MX","og_type":"article","og_title":"El costo emocional de la Navidad: c\u00f3mo la depresi\u00f3n afecta el trabajo | Nexo Informativo Santiago de Quer\u00e9taro","og_description":"El costo emocional de la Navidad: c\u00f3mo la depresi\u00f3n afecta el trabajo","og_url":"https:\/\/www.nexoinformativo.mx\/index.php\/2024\/12\/22\/el-costo-emocional-de-la-navidad-como-la-depresion-afecta-el-trabajo\/","og_site_name":"Nexo Informativo Santiago de Quer\u00e9taro","article_publisher":"https:\/\/www.facebook.com\/people\/Nexo-Informativo\/61564066885511\/","article_published_time":"2024-12-22T13:00:47+00:00","og_image":[{"width":500,"height":750,"url":"https:\/\/www.nexoinformativo.mx\/wp-content\/uploads\/2024\/12\/pexels-olia-danilevich-6033009-scaled-e1734845619521.jpeg","type":"image\/jpeg"}],"author":"Nexo Informativo","twitter_card":"summary_large_image","twitter_misc":{"Escrito por":"Nexo Informativo","Tiempo de lectura":"2 minutos"},"schema":{"@context":"https:\/\/schema.org","@graph":[{"@type":"Article","@id":"https:\/\/www.nexoinformativo.mx\/index.php\/2024\/12\/22\/el-costo-emocional-de-la-navidad-como-la-depresion-afecta-el-trabajo\/#article","isPartOf":{"@id":"https:\/\/www.nexoinformativo.mx\/index.php\/2024\/12\/22\/el-costo-emocional-de-la-navidad-como-la-depresion-afecta-el-trabajo\/"},"author":{"name":"Nexo Informativo","@id":"https:\/\/www.nexoinformativo.mx\/#\/schema\/person\/7749d380ba08c8ca00d7bc76fd907b7d"},"headline":"El costo emocional de la Navidad: c\u00f3mo la depresi\u00f3n afecta el trabajo","datePublished":"2024-12-22T13:00:47+00:00","mainEntityOfPage":{"@id":"https:\/\/www.nexoinformativo.mx\/index.php\/2024\/12\/22\/el-costo-emocional-de-la-navidad-como-la-depresion-afecta-el-trabajo\/"},"wordCount":368,"commentCount":0,"publisher":{"@id":"https:\/\/www.nexoinformativo.mx\/#organization"},"image":{"@id":"https:\/\/www.nexoinformativo.mx\/index.php\/2024\/12\/22\/el-costo-emocional-de-la-navidad-como-la-depresion-afecta-el-trabajo\/#primaryimage"},"thumbnailUrl":"https:\/\/www.nexoinformativo.mx\/wp-content\/uploads\/2024\/12\/pexels-olia-danilevich-6033009-scaled-e1734845619521.jpeg","keywords":["Bienestar","Depresi\u00f3nNavide\u00f1a","ProductividadLaboral","SaludMental"],"articleSection":["Nacional","\u00daltima Hora"],"inLanguage":"es","potentialAction":[{"@type":"CommentAction","name":"Comment","target":["https:\/\/www.nexoinformativo.mx\/index.php\/2024\/12\/22\/el-costo-emocional-de-la-navidad-como-la-depresion-afecta-el-trabajo\/#respond"]}]},{"@type":"WebPage","@id":"https:\/\/www.nexoinformativo.mx\/index.php\/2024\/12\/22\/el-costo-emocional-de-la-navidad-como-la-depresion-afecta-el-trabajo\/","url":"https:\/\/www.nexoinformativo.mx\/index.php\/2024\/12\/22\/el-costo-emocional-de-la-navidad-como-la-depresion-afecta-el-trabajo\/","name":"El costo emocional de la Navidad: c\u00f3mo la depresi\u00f3n afecta el trabajo | Nexo Informativo Santiago de Quer\u00e9taro","isPartOf":{"@id":"https:\/\/www.nexoinformativo.mx\/#website"},"primaryImageOfPage":{"@id":"https:\/\/www.nexoinformativo.mx\/index.php\/2024\/12\/22\/el-costo-emocional-de-la-navidad-como-la-depresion-afecta-el-trabajo\/#primaryimage"},"image":{"@id":"https:\/\/www.nexoinformativo.mx\/index.php\/2024\/12\/22\/el-costo-emocional-de-la-navidad-como-la-depresion-afecta-el-trabajo\/#primaryimage"},"thumbnailUrl":"https:\/\/www.nexoinformativo.mx\/wp-content\/uploads\/2024\/12\/pexels-olia-danilevich-6033009-scaled-e1734845619521.jpeg","datePublished":"2024-12-22T13:00:47+00:00","description":"El costo emocional de la Navidad: c\u00f3mo la depresi\u00f3n afecta el trabajo","breadcrumb":{"@id":"https:\/\/www.nexoinformativo.mx\/index.php\/2024\/12\/22\/el-costo-emocional-de-la-navidad-como-la-depresion-afecta-el-trabajo\/#breadcrumb"},"inLanguage":"es","potentialAction":[{"@type":"ReadAction","target":["https:\/\/www.nexoinformativo.mx\/index.php\/2024\/12\/22\/el-costo-emocional-de-la-navidad-como-la-depresion-afecta-el-trabajo\/"]}]},{"@type":"ImageObject","inLanguage":"es","@id":"https:\/\/www.nexoinformativo.mx\/index.php\/2024\/12\/22\/el-costo-emocional-de-la-navidad-como-la-depresion-afecta-el-trabajo\/#primaryimage","url":"https:\/\/www.nexoinformativo.mx\/wp-content\/uploads\/2024\/12\/pexels-olia-danilevich-6033009-scaled-e1734845619521.jpeg","contentUrl":"https:\/\/www.nexoinformativo.mx\/wp-content\/uploads\/2024\/12\/pexels-olia-danilevich-6033009-scaled-e1734845619521.jpeg","width":500,"height":750},{"@type":"BreadcrumbList","@id":"https:\/\/www.nexoinformativo.mx\/index.php\/2024\/12\/22\/el-costo-emocional-de-la-navidad-como-la-depresion-afecta-el-trabajo\/#breadcrumb","itemListElement":[{"@type":"ListItem","position":1,"name":"Inicio","item":"https:\/\/www.nexoinformativo.mx\/"},{"@type":"ListItem","position":2,"name":"El costo emocional de la Navidad: c\u00f3mo la depresi\u00f3n afecta el trabajo"}]},{"@type":"WebSite","@id":"https:\/\/www.nexoinformativo.mx\/#website","url":"https:\/\/www.nexoinformativo.mx\/","name":"Nexo Informativo Santiago de Quer\u00e9taro","description":"Explora NexoInformativo y convi\u00e9rtete en parte de una comunidad que valora el conocimiento y la verdad. Tu nexoinformativo es tu puente hacia una comprensi\u00f3n m\u00e1s profunda del mundo que te rodea.","publisher":{"@id":"https:\/\/www.nexoinformativo.mx\/#organization"},"potentialAction":[{"@type":"SearchAction","target":{"@type":"EntryPoint","urlTemplate":"https:\/\/www.nexoinformativo.mx\/?s={search_term_string}"},"query-input":{"@type":"PropertyValueSpecification","valueRequired":true,"valueName":"search_term_string"}}],"inLanguage":"es"},{"@type":"Organization","@id":"https:\/\/www.nexoinformativo.mx\/#organization","name":"Nexo Informativo Santiago de Quer\u00e9taro","url":"https:\/\/www.nexoinformativo.mx\/","logo":{"@type":"ImageObject","inLanguage":"es","@id":"https:\/\/www.nexoinformativo.mx\/#\/schema\/logo\/image\/","url":"https:\/\/www.nexoinformativo.mx\/wp-content\/uploads\/2024\/07\/nexoi-trasparente-2.png","contentUrl":"https:\/\/www.nexoinformativo.mx\/wp-content\/uploads\/2024\/07\/nexoi-trasparente-2.png","width":816,"height":339,"caption":"Nexo Informativo Santiago de Quer\u00e9taro"},"image":{"@id":"https:\/\/www.nexoinformativo.mx\/#\/schema\/logo\/image\/"},"sameAs":["https:\/\/www.facebook.com\/people\/Nexo-Informativo\/61564066885511\/"]},{"@type":"Person","@id":"https:\/\/www.nexoinformativo.mx\/#\/schema\/person\/7749d380ba08c8ca00d7bc76fd907b7d","name":"Nexo Informativo","image":{"@type":"ImageObject","inLanguage":"es","@id":"https:\/\/www.nexoinformativo.mx\/#\/schema\/person\/image\/","url":"https:\/\/secure.gravatar.com\/avatar\/dde2928154642a13d95f87ddf1ea9718fe2b46760a005c53e41ff5ad610704e6?s=96&d=mm&r=g","contentUrl":"https:\/\/secure.gravatar.com\/avatar\/dde2928154642a13d95f87ddf1ea9718fe2b46760a005c53e41ff5ad610704e6?s=96&d=mm&r=g","caption":"Nexo Informativo"},"url":"https:\/\/www.nexoinformativo.mx\/index.php\/author\/edicion\/"}]}},"_links":{"self":[{"href":"https:\/\/www.nexoinformativo.mx\/index.php\/wp-json\/wp\/v2\/posts\/8636","targetHints":{"allow":["GET"]}}],"collection":[{"href":"https:\/\/www.nexoinformativo.mx\/index.php\/wp-json\/wp\/v2\/posts"}],"about":[{"href":"https:\/\/www.nexoinformativo.mx\/index.php\/wp-json\/wp\/v2\/types\/post"}],"author":[{"embeddable":true,"href":"https:\/\/www.nexoinformativo.mx\/index.php\/wp-json\/wp\/v2\/users\/3"}],"replies":[{"embeddable":true,"href":"https:\/\/www.nexoinformativo.mx\/index.php\/wp-json\/wp\/v2\/comments?post=8636"}],"version-history":[{"count":6,"href":"https:\/\/www.nexoinformativo.mx\/index.php\/wp-json\/wp\/v2\/posts\/8636\/revisions"}],"predecessor-version":[{"id":8643,"href":"https:\/\/www.nexoinformativo.mx\/index.php\/wp-json\/wp\/v2\/posts\/8636\/revisions\/8643"}],"wp:featuredmedia":[{"embeddable":true,"href":"https:\/\/www.nexoinformativo.mx\/index.php\/wp-json\/wp\/v2\/media\/8637"}],"wp:attachment":[{"href":"https:\/\/www.nexoinformativo.mx\/index.php\/wp-json\/wp\/v2\/media?parent=8636"}],"wp:term":[{"taxonomy":"category","embeddable":true,"href":"https:\/\/www.nexoinformativo.mx\/index.php\/wp-json\/wp\/v2\/categories?post=8636"},{"taxonomy":"post_tag","embeddable":true,"href":"https:\/\/www.nexoinformativo.mx\/index.php\/wp-json\/wp\/v2\/tags?post=8636"}],"curies":[{"name":"wp","href":"https:\/\/api.w.org\/{rel}","templated":true}]}}