{"id":864,"date":"2024-08-25T13:19:01","date_gmt":"2024-08-25T19:19:01","guid":{"rendered":"https:\/\/www.nexoinformativo.mx\/?p=864"},"modified":"2024-08-27T20:04:38","modified_gmt":"2024-08-28T02:04:38","slug":"detenido-por-presunto-robo-a-casa-habitacion-en-el-pueblito","status":"publish","type":"post","link":"https:\/\/www.nexoinformativo.mx\/index.php\/2024\/08\/25\/detenido-por-presunto-robo-a-casa-habitacion-en-el-pueblito\/","title":{"rendered":"Detenido por presunto robo a casa habitaci\u00f3n en El Pueblito"},"content":{"rendered":"\r\n<p style=\"text-align: justify;\">Un hombre fue detenido presuntamente por intentar robar en una casa habitaci\u00f3n, gracias a la r\u00e1pida respuesta de la polic\u00eda municipal de Corregidora. Todo comenz\u00f3 cuando un ciudadano report\u00f3 un posible robo en curso en El Pueblito. Tras recibir el aviso, las autoridades se dirigieron al lugar para iniciar la b\u00fasqueda del sospechoso.\u00a0<\/p>\r\n<p class=\"justificado\" style=\"margin-top: var(--wp--preset--spacing--10); margin-bottom: var(--wp--preset--spacing--10);\">\r\n\r\n<\/p>\r\n<p style=\"text-align: justify;\">En las inmediaciones, los polic\u00edas identificaron a un hombre que coincid\u00eda con la descripci\u00f3n proporcionada por el reportante. El individuo fue interrogado por los oficiales y no pudo justificar la posesi\u00f3n de varios objetos encontrados en su poder. Debido a esto, fue detenido y puesto a disposici\u00f3n de la Fiscal\u00eda General del Estado (FGE), donde se determinar\u00e1 su situaci\u00f3n jur\u00eddica.\u00a0<\/p>\r\n<p class=\"justificado\" style=\"margin-top: var(--wp--preset--spacing--10); margin-bottom: var(--wp--preset--spacing--10);\">\r\n\r\n<\/p>\r\n<p style=\"text-align: justify;\">La actuaci\u00f3n r\u00e1pida de la ciudadan\u00eda y la polic\u00eda ayud\u00f3 a prevenir un posible delito y garantizar que el sospechoso enfrente las consecuencias legales correspondientes.\u00a0<\/p>\r\n<p class=\"justificado\" style=\"margin-top: var(--wp--preset--spacing--10); margin-bottom: var(--wp--preset--spacing--10);\"><\/p>","protected":false},"excerpt":{"rendered":"<p>Un hombre fue detenido presuntamente por intentar robar en una casa habitaci\u00f3n, gracias a la r\u00e1pida respuesta de la polic\u00eda municipal de Corregidora. Todo comenz\u00f3 cuando un ciudadano report\u00f3 un posible robo en curso en El Pueblito. Tras recibir el aviso, las autoridades se dirigieron al lugar para iniciar la b\u00fasqueda del sospechoso.\u00a0 En las [&hellip;]<\/p>\n","protected":false},"author":3,"featured_media":865,"comment_status":"open","ping_status":"open","sticky":false,"template":"","format":"standard","meta":{"footnotes":""},"categories":[65,137],"tags":[155,156,160,159,133,158,157],"class_list":["post-864","post","type-post","status-publish","format-standard","has-post-thumbnail","hentry","category-municipios","category-sucesos","tag-detencion","tag-justiciamexico","tag-municipio","tag-policiacorregidora","tag-queretaro","tag-roboelpueblito","tag-seguridadciudadana"],"yoast_head":"<!-- This site is optimized with the Yoast SEO plugin v25.0 - https:\/\/yoast.com\/wordpress\/plugins\/seo\/ -->\n<title>Detenido por presunto robo a casa habitaci\u00f3n en El Pueblito | Nexo Informativo Santiago de Quer\u00e9taro<\/title>\n<meta name=\"robots\" content=\"index, follow, max-snippet:-1, max-image-preview:large, max-video-preview:-1\" \/>\n<link rel=\"canonical\" href=\"https:\/\/www.nexoinformativo.mx\/index.php\/2024\/08\/25\/detenido-por-presunto-robo-a-casa-habitacion-en-el-pueblito\/\" \/>\n<meta property=\"og:locale\" content=\"es_MX\" \/>\n<meta property=\"og:type\" content=\"article\" \/>\n<meta property=\"og:title\" content=\"Detenido por presunto robo a casa habitaci\u00f3n en El Pueblito | Nexo Informativo Santiago de Quer\u00e9taro\" \/>\n<meta property=\"og:description\" content=\"Un hombre fue detenido presuntamente por intentar robar en una casa habitaci\u00f3n, gracias a la r\u00e1pida respuesta de la polic\u00eda municipal de Corregidora. Todo comenz\u00f3 cuando un ciudadano report\u00f3 un posible robo en curso en El Pueblito. Tras recibir el aviso, las autoridades se dirigieron al lugar para iniciar la b\u00fasqueda del sospechoso.\u00a0 En las [&hellip;]\" \/>\n<meta property=\"og:url\" content=\"https:\/\/www.nexoinformativo.mx\/index.php\/2024\/08\/25\/detenido-por-presunto-robo-a-casa-habitacion-en-el-pueblito\/\" \/>\n<meta property=\"og:site_name\" content=\"Nexo Informativo Santiago de Quer\u00e9taro\" \/>\n<meta property=\"article:publisher\" content=\"https:\/\/www.facebook.com\/people\/Nexo-Informativo\/61564066885511\/\" \/>\n<meta property=\"article:published_time\" content=\"2024-08-25T19:19:01+00:00\" \/>\n<meta property=\"article:modified_time\" content=\"2024-08-28T02:04:38+00:00\" \/>\n<meta property=\"og:image\" content=\"https:\/\/www.nexoinformativo.mx\/wp-content\/uploads\/2024\/08\/PHOTO-2024-08-25-12-32-40-2-e1724613383585.jpg\" \/>\n\t<meta property=\"og:image:width\" content=\"800\" \/>\n\t<meta property=\"og:image:height\" content=\"1066\" \/>\n\t<meta property=\"og:image:type\" content=\"image\/jpeg\" \/>\n<meta name=\"author\" content=\"Nexo Informativo\" \/>\n<meta name=\"twitter:card\" content=\"summary_large_image\" \/>\n<meta name=\"twitter:label1\" content=\"Escrito por\" \/>\n\t<meta name=\"twitter:data1\" content=\"Nexo Informativo\" \/>\n\t<meta name=\"twitter:label2\" content=\"Tiempo de lectura\" \/>\n\t<meta name=\"twitter:data2\" content=\"1 minuto\" \/>\n<script type=\"application\/ld+json\" class=\"yoast-schema-graph\">{\"@context\":\"https:\/\/schema.org\",\"@graph\":[{\"@type\":\"Article\",\"@id\":\"https:\/\/www.nexoinformativo.mx\/index.php\/2024\/08\/25\/detenido-por-presunto-robo-a-casa-habitacion-en-el-pueblito\/#article\",\"isPartOf\":{\"@id\":\"https:\/\/www.nexoinformativo.mx\/index.php\/2024\/08\/25\/detenido-por-presunto-robo-a-casa-habitacion-en-el-pueblito\/\"},\"author\":{\"name\":\"Nexo Informativo\",\"@id\":\"https:\/\/www.nexoinformativo.mx\/#\/schema\/person\/7749d380ba08c8ca00d7bc76fd907b7d\"},\"headline\":\"Detenido por presunto robo a casa habitaci\u00f3n en El Pueblito\",\"datePublished\":\"2024-08-25T19:19:01+00:00\",\"dateModified\":\"2024-08-28T02:04:38+00:00\",\"mainEntityOfPage\":{\"@id\":\"https:\/\/www.nexoinformativo.mx\/index.php\/2024\/08\/25\/detenido-por-presunto-robo-a-casa-habitacion-en-el-pueblito\/\"},\"wordCount\":165,\"commentCount\":0,\"publisher\":{\"@id\":\"https:\/\/www.nexoinformativo.mx\/#organization\"},\"image\":{\"@id\":\"https:\/\/www.nexoinformativo.mx\/index.php\/2024\/08\/25\/detenido-por-presunto-robo-a-casa-habitacion-en-el-pueblito\/#primaryimage\"},\"thumbnailUrl\":\"https:\/\/www.nexoinformativo.mx\/wp-content\/uploads\/2024\/08\/PHOTO-2024-08-25-12-32-40-2-e1724613383585.jpg\",\"keywords\":[\"Detenci\u00f3n\",\"JusticiaM\u00e9xico\",\"municipio\",\"Polic\u00edaCorregidora\",\"Quer\u00e9taro\",\"RoboElPueblito\",\"SeguridadCiudadana\"],\"articleSection\":[\"Municipios\",\"Sucesos\"],\"inLanguage\":\"es\",\"potentialAction\":[{\"@type\":\"CommentAction\",\"name\":\"Comment\",\"target\":[\"https:\/\/www.nexoinformativo.mx\/index.php\/2024\/08\/25\/detenido-por-presunto-robo-a-casa-habitacion-en-el-pueblito\/#respond\"]}]},{\"@type\":\"WebPage\",\"@id\":\"https:\/\/www.nexoinformativo.mx\/index.php\/2024\/08\/25\/detenido-por-presunto-robo-a-casa-habitacion-en-el-pueblito\/\",\"url\":\"https:\/\/www.nexoinformativo.mx\/index.php\/2024\/08\/25\/detenido-por-presunto-robo-a-casa-habitacion-en-el-pueblito\/\",\"name\":\"Detenido por presunto robo a casa habitaci\u00f3n en El Pueblito | Nexo Informativo Santiago de Quer\u00e9taro\",\"isPartOf\":{\"@id\":\"https:\/\/www.nexoinformativo.mx\/#website\"},\"primaryImageOfPage\":{\"@id\":\"https:\/\/www.nexoinformativo.mx\/index.php\/2024\/08\/25\/detenido-por-presunto-robo-a-casa-habitacion-en-el-pueblito\/#primaryimage\"},\"image\":{\"@id\":\"https:\/\/www.nexoinformativo.mx\/index.php\/2024\/08\/25\/detenido-por-presunto-robo-a-casa-habitacion-en-el-pueblito\/#primaryimage\"},\"thumbnailUrl\":\"https:\/\/www.nexoinformativo.mx\/wp-content\/uploads\/2024\/08\/PHOTO-2024-08-25-12-32-40-2-e1724613383585.jpg\",\"datePublished\":\"2024-08-25T19:19:01+00:00\",\"dateModified\":\"2024-08-28T02:04:38+00:00\",\"breadcrumb\":{\"@id\":\"https:\/\/www.nexoinformativo.mx\/index.php\/2024\/08\/25\/detenido-por-presunto-robo-a-casa-habitacion-en-el-pueblito\/#breadcrumb\"},\"inLanguage\":\"es\",\"potentialAction\":[{\"@type\":\"ReadAction\",\"target\":[\"https:\/\/www.nexoinformativo.mx\/index.php\/2024\/08\/25\/detenido-por-presunto-robo-a-casa-habitacion-en-el-pueblito\/\"]}]},{\"@type\":\"ImageObject\",\"inLanguage\":\"es\",\"@id\":\"https:\/\/www.nexoinformativo.mx\/index.php\/2024\/08\/25\/detenido-por-presunto-robo-a-casa-habitacion-en-el-pueblito\/#primaryimage\",\"url\":\"https:\/\/www.nexoinformativo.mx\/wp-content\/uploads\/2024\/08\/PHOTO-2024-08-25-12-32-40-2-e1724613383585.jpg\",\"contentUrl\":\"https:\/\/www.nexoinformativo.mx\/wp-content\/uploads\/2024\/08\/PHOTO-2024-08-25-12-32-40-2-e1724613383585.jpg\",\"width\":800,\"height\":1066},{\"@type\":\"BreadcrumbList\",\"@id\":\"https:\/\/www.nexoinformativo.mx\/index.php\/2024\/08\/25\/detenido-por-presunto-robo-a-casa-habitacion-en-el-pueblito\/#breadcrumb\",\"itemListElement\":[{\"@type\":\"ListItem\",\"position\":1,\"name\":\"Inicio\",\"item\":\"https:\/\/www.nexoinformativo.mx\/\"},{\"@type\":\"ListItem\",\"position\":2,\"name\":\"Detenido por presunto robo a casa habitaci\u00f3n en El Pueblito\"}]},{\"@type\":\"WebSite\",\"@id\":\"https:\/\/www.nexoinformativo.mx\/#website\",\"url\":\"https:\/\/www.nexoinformativo.mx\/\",\"name\":\"Nexo Informativo Santiago de Quer\u00e9taro\",\"description\":\"Explora NexoInformativo y convi\u00e9rtete en parte de una comunidad que valora el conocimiento y la verdad. Tu nexoinformativo es tu puente hacia una comprensi\u00f3n m\u00e1s profunda del mundo que te rodea.\",\"publisher\":{\"@id\":\"https:\/\/www.nexoinformativo.mx\/#organization\"},\"potentialAction\":[{\"@type\":\"SearchAction\",\"target\":{\"@type\":\"EntryPoint\",\"urlTemplate\":\"https:\/\/www.nexoinformativo.mx\/?s={search_term_string}\"},\"query-input\":{\"@type\":\"PropertyValueSpecification\",\"valueRequired\":true,\"valueName\":\"search_term_string\"}}],\"inLanguage\":\"es\"},{\"@type\":\"Organization\",\"@id\":\"https:\/\/www.nexoinformativo.mx\/#organization\",\"name\":\"Nexo Informativo Santiago de Quer\u00e9taro\",\"url\":\"https:\/\/www.nexoinformativo.mx\/\",\"logo\":{\"@type\":\"ImageObject\",\"inLanguage\":\"es\",\"@id\":\"https:\/\/www.nexoinformativo.mx\/#\/schema\/logo\/image\/\",\"url\":\"https:\/\/www.nexoinformativo.mx\/wp-content\/uploads\/2024\/07\/nexoi-trasparente-2.png\",\"contentUrl\":\"https:\/\/www.nexoinformativo.mx\/wp-content\/uploads\/2024\/07\/nexoi-trasparente-2.png\",\"width\":816,\"height\":339,\"caption\":\"Nexo Informativo Santiago de Quer\u00e9taro\"},\"image\":{\"@id\":\"https:\/\/www.nexoinformativo.mx\/#\/schema\/logo\/image\/\"},\"sameAs\":[\"https:\/\/www.facebook.com\/people\/Nexo-Informativo\/61564066885511\/\"]},{\"@type\":\"Person\",\"@id\":\"https:\/\/www.nexoinformativo.mx\/#\/schema\/person\/7749d380ba08c8ca00d7bc76fd907b7d\",\"name\":\"Nexo Informativo\",\"image\":{\"@type\":\"ImageObject\",\"inLanguage\":\"es\",\"@id\":\"https:\/\/www.nexoinformativo.mx\/#\/schema\/person\/image\/\",\"url\":\"https:\/\/secure.gravatar.com\/avatar\/dde2928154642a13d95f87ddf1ea9718fe2b46760a005c53e41ff5ad610704e6?s=96&d=mm&r=g\",\"contentUrl\":\"https:\/\/secure.gravatar.com\/avatar\/dde2928154642a13d95f87ddf1ea9718fe2b46760a005c53e41ff5ad610704e6?s=96&d=mm&r=g\",\"caption\":\"Nexo Informativo\"},\"url\":\"https:\/\/www.nexoinformativo.mx\/index.php\/author\/edicion\/\"}]}<\/script>\n<!-- \/ Yoast SEO plugin. -->","yoast_head_json":{"title":"Detenido por presunto robo a casa habitaci\u00f3n en El Pueblito | Nexo Informativo Santiago de Quer\u00e9taro","robots":{"index":"index","follow":"follow","max-snippet":"max-snippet:-1","max-image-preview":"max-image-preview:large","max-video-preview":"max-video-preview:-1"},"canonical":"https:\/\/www.nexoinformativo.mx\/index.php\/2024\/08\/25\/detenido-por-presunto-robo-a-casa-habitacion-en-el-pueblito\/","og_locale":"es_MX","og_type":"article","og_title":"Detenido por presunto robo a casa habitaci\u00f3n en El Pueblito | Nexo Informativo Santiago de Quer\u00e9taro","og_description":"Un hombre fue detenido presuntamente por intentar robar en una casa habitaci\u00f3n, gracias a la r\u00e1pida respuesta de la polic\u00eda municipal de Corregidora. Todo comenz\u00f3 cuando un ciudadano report\u00f3 un posible robo en curso en El Pueblito. Tras recibir el aviso, las autoridades se dirigieron al lugar para iniciar la b\u00fasqueda del sospechoso.\u00a0 En las [&hellip;]","og_url":"https:\/\/www.nexoinformativo.mx\/index.php\/2024\/08\/25\/detenido-por-presunto-robo-a-casa-habitacion-en-el-pueblito\/","og_site_name":"Nexo Informativo Santiago de Quer\u00e9taro","article_publisher":"https:\/\/www.facebook.com\/people\/Nexo-Informativo\/61564066885511\/","article_published_time":"2024-08-25T19:19:01+00:00","article_modified_time":"2024-08-28T02:04:38+00:00","og_image":[{"width":800,"height":1066,"url":"https:\/\/www.nexoinformativo.mx\/wp-content\/uploads\/2024\/08\/PHOTO-2024-08-25-12-32-40-2-e1724613383585.jpg","type":"image\/jpeg"}],"author":"Nexo Informativo","twitter_card":"summary_large_image","twitter_misc":{"Escrito por":"Nexo Informativo","Tiempo de lectura":"1 minuto"},"schema":{"@context":"https:\/\/schema.org","@graph":[{"@type":"Article","@id":"https:\/\/www.nexoinformativo.mx\/index.php\/2024\/08\/25\/detenido-por-presunto-robo-a-casa-habitacion-en-el-pueblito\/#article","isPartOf":{"@id":"https:\/\/www.nexoinformativo.mx\/index.php\/2024\/08\/25\/detenido-por-presunto-robo-a-casa-habitacion-en-el-pueblito\/"},"author":{"name":"Nexo Informativo","@id":"https:\/\/www.nexoinformativo.mx\/#\/schema\/person\/7749d380ba08c8ca00d7bc76fd907b7d"},"headline":"Detenido por presunto robo a casa habitaci\u00f3n en El Pueblito","datePublished":"2024-08-25T19:19:01+00:00","dateModified":"2024-08-28T02:04:38+00:00","mainEntityOfPage":{"@id":"https:\/\/www.nexoinformativo.mx\/index.php\/2024\/08\/25\/detenido-por-presunto-robo-a-casa-habitacion-en-el-pueblito\/"},"wordCount":165,"commentCount":0,"publisher":{"@id":"https:\/\/www.nexoinformativo.mx\/#organization"},"image":{"@id":"https:\/\/www.nexoinformativo.mx\/index.php\/2024\/08\/25\/detenido-por-presunto-robo-a-casa-habitacion-en-el-pueblito\/#primaryimage"},"thumbnailUrl":"https:\/\/www.nexoinformativo.mx\/wp-content\/uploads\/2024\/08\/PHOTO-2024-08-25-12-32-40-2-e1724613383585.jpg","keywords":["Detenci\u00f3n","JusticiaM\u00e9xico","municipio","Polic\u00edaCorregidora","Quer\u00e9taro","RoboElPueblito","SeguridadCiudadana"],"articleSection":["Municipios","Sucesos"],"inLanguage":"es","potentialAction":[{"@type":"CommentAction","name":"Comment","target":["https:\/\/www.nexoinformativo.mx\/index.php\/2024\/08\/25\/detenido-por-presunto-robo-a-casa-habitacion-en-el-pueblito\/#respond"]}]},{"@type":"WebPage","@id":"https:\/\/www.nexoinformativo.mx\/index.php\/2024\/08\/25\/detenido-por-presunto-robo-a-casa-habitacion-en-el-pueblito\/","url":"https:\/\/www.nexoinformativo.mx\/index.php\/2024\/08\/25\/detenido-por-presunto-robo-a-casa-habitacion-en-el-pueblito\/","name":"Detenido por presunto robo a casa habitaci\u00f3n en El Pueblito | Nexo Informativo Santiago de Quer\u00e9taro","isPartOf":{"@id":"https:\/\/www.nexoinformativo.mx\/#website"},"primaryImageOfPage":{"@id":"https:\/\/www.nexoinformativo.mx\/index.php\/2024\/08\/25\/detenido-por-presunto-robo-a-casa-habitacion-en-el-pueblito\/#primaryimage"},"image":{"@id":"https:\/\/www.nexoinformativo.mx\/index.php\/2024\/08\/25\/detenido-por-presunto-robo-a-casa-habitacion-en-el-pueblito\/#primaryimage"},"thumbnailUrl":"https:\/\/www.nexoinformativo.mx\/wp-content\/uploads\/2024\/08\/PHOTO-2024-08-25-12-32-40-2-e1724613383585.jpg","datePublished":"2024-08-25T19:19:01+00:00","dateModified":"2024-08-28T02:04:38+00:00","breadcrumb":{"@id":"https:\/\/www.nexoinformativo.mx\/index.php\/2024\/08\/25\/detenido-por-presunto-robo-a-casa-habitacion-en-el-pueblito\/#breadcrumb"},"inLanguage":"es","potentialAction":[{"@type":"ReadAction","target":["https:\/\/www.nexoinformativo.mx\/index.php\/2024\/08\/25\/detenido-por-presunto-robo-a-casa-habitacion-en-el-pueblito\/"]}]},{"@type":"ImageObject","inLanguage":"es","@id":"https:\/\/www.nexoinformativo.mx\/index.php\/2024\/08\/25\/detenido-por-presunto-robo-a-casa-habitacion-en-el-pueblito\/#primaryimage","url":"https:\/\/www.nexoinformativo.mx\/wp-content\/uploads\/2024\/08\/PHOTO-2024-08-25-12-32-40-2-e1724613383585.jpg","contentUrl":"https:\/\/www.nexoinformativo.mx\/wp-content\/uploads\/2024\/08\/PHOTO-2024-08-25-12-32-40-2-e1724613383585.jpg","width":800,"height":1066},{"@type":"BreadcrumbList","@id":"https:\/\/www.nexoinformativo.mx\/index.php\/2024\/08\/25\/detenido-por-presunto-robo-a-casa-habitacion-en-el-pueblito\/#breadcrumb","itemListElement":[{"@type":"ListItem","position":1,"name":"Inicio","item":"https:\/\/www.nexoinformativo.mx\/"},{"@type":"ListItem","position":2,"name":"Detenido por presunto robo a casa habitaci\u00f3n en El Pueblito"}]},{"@type":"WebSite","@id":"https:\/\/www.nexoinformativo.mx\/#website","url":"https:\/\/www.nexoinformativo.mx\/","name":"Nexo Informativo Santiago de Quer\u00e9taro","description":"Explora NexoInformativo y convi\u00e9rtete en parte de una comunidad que valora el conocimiento y la verdad. Tu nexoinformativo es tu puente hacia una comprensi\u00f3n m\u00e1s profunda del mundo que te rodea.","publisher":{"@id":"https:\/\/www.nexoinformativo.mx\/#organization"},"potentialAction":[{"@type":"SearchAction","target":{"@type":"EntryPoint","urlTemplate":"https:\/\/www.nexoinformativo.mx\/?s={search_term_string}"},"query-input":{"@type":"PropertyValueSpecification","valueRequired":true,"valueName":"search_term_string"}}],"inLanguage":"es"},{"@type":"Organization","@id":"https:\/\/www.nexoinformativo.mx\/#organization","name":"Nexo Informativo Santiago de Quer\u00e9taro","url":"https:\/\/www.nexoinformativo.mx\/","logo":{"@type":"ImageObject","inLanguage":"es","@id":"https:\/\/www.nexoinformativo.mx\/#\/schema\/logo\/image\/","url":"https:\/\/www.nexoinformativo.mx\/wp-content\/uploads\/2024\/07\/nexoi-trasparente-2.png","contentUrl":"https:\/\/www.nexoinformativo.mx\/wp-content\/uploads\/2024\/07\/nexoi-trasparente-2.png","width":816,"height":339,"caption":"Nexo Informativo Santiago de Quer\u00e9taro"},"image":{"@id":"https:\/\/www.nexoinformativo.mx\/#\/schema\/logo\/image\/"},"sameAs":["https:\/\/www.facebook.com\/people\/Nexo-Informativo\/61564066885511\/"]},{"@type":"Person","@id":"https:\/\/www.nexoinformativo.mx\/#\/schema\/person\/7749d380ba08c8ca00d7bc76fd907b7d","name":"Nexo Informativo","image":{"@type":"ImageObject","inLanguage":"es","@id":"https:\/\/www.nexoinformativo.mx\/#\/schema\/person\/image\/","url":"https:\/\/secure.gravatar.com\/avatar\/dde2928154642a13d95f87ddf1ea9718fe2b46760a005c53e41ff5ad610704e6?s=96&d=mm&r=g","contentUrl":"https:\/\/secure.gravatar.com\/avatar\/dde2928154642a13d95f87ddf1ea9718fe2b46760a005c53e41ff5ad610704e6?s=96&d=mm&r=g","caption":"Nexo Informativo"},"url":"https:\/\/www.nexoinformativo.mx\/index.php\/author\/edicion\/"}]}},"_links":{"self":[{"href":"https:\/\/www.nexoinformativo.mx\/index.php\/wp-json\/wp\/v2\/posts\/864","targetHints":{"allow":["GET"]}}],"collection":[{"href":"https:\/\/www.nexoinformativo.mx\/index.php\/wp-json\/wp\/v2\/posts"}],"about":[{"href":"https:\/\/www.nexoinformativo.mx\/index.php\/wp-json\/wp\/v2\/types\/post"}],"author":[{"embeddable":true,"href":"https:\/\/www.nexoinformativo.mx\/index.php\/wp-json\/wp\/v2\/users\/3"}],"replies":[{"embeddable":true,"href":"https:\/\/www.nexoinformativo.mx\/index.php\/wp-json\/wp\/v2\/comments?post=864"}],"version-history":[{"count":6,"href":"https:\/\/www.nexoinformativo.mx\/index.php\/wp-json\/wp\/v2\/posts\/864\/revisions"}],"predecessor-version":[{"id":1034,"href":"https:\/\/www.nexoinformativo.mx\/index.php\/wp-json\/wp\/v2\/posts\/864\/revisions\/1034"}],"wp:featuredmedia":[{"embeddable":true,"href":"https:\/\/www.nexoinformativo.mx\/index.php\/wp-json\/wp\/v2\/media\/865"}],"wp:attachment":[{"href":"https:\/\/www.nexoinformativo.mx\/index.php\/wp-json\/wp\/v2\/media?parent=864"}],"wp:term":[{"taxonomy":"category","embeddable":true,"href":"https:\/\/www.nexoinformativo.mx\/index.php\/wp-json\/wp\/v2\/categories?post=864"},{"taxonomy":"post_tag","embeddable":true,"href":"https:\/\/www.nexoinformativo.mx\/index.php\/wp-json\/wp\/v2\/tags?post=864"}],"curies":[{"name":"wp","href":"https:\/\/api.w.org\/{rel}","templated":true}]}}