{"id":8644,"date":"2024-12-22T07:30:41","date_gmt":"2024-12-22T13:30:41","guid":{"rendered":"https:\/\/www.nexoinformativo.mx\/?p=8644"},"modified":"2024-12-21T23:42:29","modified_gmt":"2024-12-22T05:42:29","slug":"atencion-planifica-tu-ruta-cierres-viales-por-el-festival-de-la-alegria-hoy-22-de-diciembre","status":"publish","type":"post","link":"https:\/\/www.nexoinformativo.mx\/index.php\/2024\/12\/22\/atencion-planifica-tu-ruta-cierres-viales-por-el-festival-de-la-alegria-hoy-22-de-diciembre\/","title":{"rendered":"\u00a1Atenci\u00f3n! Planifica tu ruta: Cierres viales por el Festival de la Alegr\u00eda hoy 22 de diciembre"},"content":{"rendered":"<p style=\"text-align: justify;\" data-sourcepos=\"11:1-11:346\">El pr\u00f3ximo 22 de diciembre, a partir de las 17:00 horas, se llevar\u00e1n a cabo cierres viales en el Centro Hist\u00f3rico de Quer\u00e9taro debido al Festival de la Alegr\u00eda Contigo 2024.<\/p>\n<p>&nbsp;<\/p>\n<p style=\"text-align: justify;\" data-sourcepos=\"11:1-11:346\">El desfile navide\u00f1o, uno de los eventos m\u00e1s esperados de la temporada, provocar\u00e1 modificaciones en las rutas habituales de transporte p\u00fablico y veh\u00edculos particulares.<\/p>\n<p>&nbsp;<\/p>\n<p style=\"text-align: justify;\" data-sourcepos=\"13:1-13:316\">Las autoridades municipales han informado que el cierre vial afectar\u00e1 principalmente a la Avenida Ej\u00e9rcito Republicano y Ezequiel Montes. Se recomienda a los conductores tomar precauciones y buscar rutas alternas para evitar contratiempos.<\/p>\n<p>&nbsp;<\/p>\n<p style=\"text-align: justify;\" data-sourcepos=\"13:1-13:316\">Estos cierres son necesarios para garantizar la seguridad de los asistentes al desfile y facilitar el paso de los carros aleg\u00f3ricos y participantes. Se recomienda a quienes planeen visitar el Centro Hist\u00f3rico ese d\u00eda, llegar con anticipaci\u00f3n y considerar utilizar el transporte p\u00fablico.<\/p>\n<p>&nbsp;<\/p>\n<p style=\"text-align: justify;\" data-sourcepos=\"18:1-18:41\"><strong>Recomendaciones para los conductores:<\/strong><\/p>\n<p style=\"text-align: justify;\"><strong>*Informarse:<\/strong> Mantenerse al tanto de las \u00faltimas actualizaciones sobre los cierres viales a trav\u00e9s de las redes sociales oficiales del municipio.<\/p>\n<p style=\"text-align: justify;\"><strong>*Planificar rutas alternas:<\/strong> Utilizar aplicaciones de navegaci\u00f3n para encontrar la mejor ruta y evitar zonas con tr\u00e1fico pesado.<\/p>\n<p style=\"text-align: justify;\"><strong>*Considerar el transporte p\u00fablico:<\/strong> Utilizar el transporte p\u00fablico puede ser una buena opci\u00f3n para evitar el tr\u00e1fico y contribuir a la movilidad sostenible.<\/p>\n<p style=\"text-align: justify;\"><strong>*Ser paciente:<\/strong> Se espera que el tr\u00e1fico sea intenso, por lo que se recomienda mantener la calma y respetar las indicaciones de las autoridades.<\/p>\n<p>&nbsp;<\/p>\n<p style=\"text-align: justify;\" data-sourcepos=\"24:1-24:95\">Disfruta del Festival de la Alegr\u00eda Contigo 2024 y colabora con la movilidad de la ciudad.<\/p>\n<p>&nbsp;<\/p>\n<p style=\"text-align: center;\" data-sourcepos=\"24:1-24:95\"><em><strong>\u00a1Informaci\u00f3n que transforma!<\/strong><\/em><\/p>\n","protected":false},"excerpt":{"rendered":"<p>El pr\u00f3ximo 22 de diciembre, a partir de las 17:00 horas, se llevar\u00e1n a cabo cierres viales en el Centro Hist\u00f3rico de Quer\u00e9taro debido al Festival de la Alegr\u00eda Contigo 2024.<\/p>\n","protected":false},"author":3,"featured_media":8647,"comment_status":"open","ping_status":"open","sticky":false,"template":"","format":"standard","meta":{"footnotes":""},"categories":[65,58],"tags":[2776,2777,2271,133],"class_list":["post-8644","post","type-post","status-publish","format-standard","has-post-thumbnail","hentry","category-municipios","category-ultima-hora","tag-cierresvialesqro","tag-festivaldelaalegria","tag-navidadenqueretaro","tag-queretaro"],"yoast_head":"<!-- This site is optimized with the Yoast SEO plugin v25.0 - https:\/\/yoast.com\/wordpress\/plugins\/seo\/ -->\n<title>\u00a1Atenci\u00f3n! Planifica tu ruta: Cierres viales por el Festival de la Alegr\u00eda hoy 22 de diciembre | Nexo Informativo Santiago de Quer\u00e9taro<\/title>\n<meta name=\"description\" content=\"\u00a1Atenci\u00f3n! Planifica tu ruta: Cierres viales por el Festival de la Alegr\u00eda hoy 22 de diciembre\" \/>\n<meta name=\"robots\" content=\"index, follow, max-snippet:-1, max-image-preview:large, max-video-preview:-1\" \/>\n<link rel=\"canonical\" href=\"https:\/\/www.nexoinformativo.mx\/index.php\/2024\/12\/22\/atencion-planifica-tu-ruta-cierres-viales-por-el-festival-de-la-alegria-hoy-22-de-diciembre\/\" \/>\n<meta property=\"og:locale\" content=\"es_MX\" \/>\n<meta property=\"og:type\" content=\"article\" \/>\n<meta property=\"og:title\" content=\"\u00a1Atenci\u00f3n! Planifica tu ruta: Cierres viales por el Festival de la Alegr\u00eda hoy 22 de diciembre | Nexo Informativo Santiago de Quer\u00e9taro\" \/>\n<meta property=\"og:description\" content=\"\u00a1Atenci\u00f3n! Planifica tu ruta: Cierres viales por el Festival de la Alegr\u00eda hoy 22 de diciembre\" \/>\n<meta property=\"og:url\" content=\"https:\/\/www.nexoinformativo.mx\/index.php\/2024\/12\/22\/atencion-planifica-tu-ruta-cierres-viales-por-el-festival-de-la-alegria-hoy-22-de-diciembre\/\" \/>\n<meta property=\"og:site_name\" content=\"Nexo Informativo Santiago de Quer\u00e9taro\" \/>\n<meta property=\"article:publisher\" content=\"https:\/\/www.facebook.com\/people\/Nexo-Informativo\/61564066885511\/\" \/>\n<meta property=\"article:published_time\" content=\"2024-12-22T13:30:41+00:00\" \/>\n<meta property=\"og:image\" content=\"https:\/\/www.nexoinformativo.mx\/wp-content\/uploads\/2024\/12\/IMG_8675-e1734846063468.jpg\" \/>\n\t<meta property=\"og:image:width\" content=\"700\" \/>\n\t<meta property=\"og:image:height\" content=\"700\" \/>\n\t<meta property=\"og:image:type\" content=\"image\/jpeg\" \/>\n<meta name=\"author\" content=\"Nexo Informativo\" \/>\n<meta name=\"twitter:card\" content=\"summary_large_image\" \/>\n<meta name=\"twitter:label1\" content=\"Escrito por\" \/>\n\t<meta name=\"twitter:data1\" content=\"Nexo Informativo\" \/>\n\t<meta name=\"twitter:label2\" content=\"Tiempo de lectura\" \/>\n\t<meta name=\"twitter:data2\" content=\"2 minutos\" \/>\n<script type=\"application\/ld+json\" class=\"yoast-schema-graph\">{\"@context\":\"https:\/\/schema.org\",\"@graph\":[{\"@type\":\"Article\",\"@id\":\"https:\/\/www.nexoinformativo.mx\/index.php\/2024\/12\/22\/atencion-planifica-tu-ruta-cierres-viales-por-el-festival-de-la-alegria-hoy-22-de-diciembre\/#article\",\"isPartOf\":{\"@id\":\"https:\/\/www.nexoinformativo.mx\/index.php\/2024\/12\/22\/atencion-planifica-tu-ruta-cierres-viales-por-el-festival-de-la-alegria-hoy-22-de-diciembre\/\"},\"author\":{\"name\":\"Nexo Informativo\",\"@id\":\"https:\/\/www.nexoinformativo.mx\/#\/schema\/person\/7749d380ba08c8ca00d7bc76fd907b7d\"},\"headline\":\"\u00a1Atenci\u00f3n! Planifica tu ruta: Cierres viales por el Festival de la Alegr\u00eda hoy 22 de diciembre\",\"datePublished\":\"2024-12-22T13:30:41+00:00\",\"mainEntityOfPage\":{\"@id\":\"https:\/\/www.nexoinformativo.mx\/index.php\/2024\/12\/22\/atencion-planifica-tu-ruta-cierres-viales-por-el-festival-de-la-alegria-hoy-22-de-diciembre\/\"},\"wordCount\":284,\"commentCount\":0,\"publisher\":{\"@id\":\"https:\/\/www.nexoinformativo.mx\/#organization\"},\"image\":{\"@id\":\"https:\/\/www.nexoinformativo.mx\/index.php\/2024\/12\/22\/atencion-planifica-tu-ruta-cierres-viales-por-el-festival-de-la-alegria-hoy-22-de-diciembre\/#primaryimage\"},\"thumbnailUrl\":\"https:\/\/www.nexoinformativo.mx\/wp-content\/uploads\/2024\/12\/IMG_8675-e1734846063468.jpg\",\"keywords\":[\"CierresVialesQro\",\"FestivalDeLaAlegr\u00eda\",\"NavidadEnQuer\u00e9taro\",\"Quer\u00e9taro\"],\"articleSection\":[\"Municipios\",\"\u00daltima Hora\"],\"inLanguage\":\"es\",\"potentialAction\":[{\"@type\":\"CommentAction\",\"name\":\"Comment\",\"target\":[\"https:\/\/www.nexoinformativo.mx\/index.php\/2024\/12\/22\/atencion-planifica-tu-ruta-cierres-viales-por-el-festival-de-la-alegria-hoy-22-de-diciembre\/#respond\"]}]},{\"@type\":\"WebPage\",\"@id\":\"https:\/\/www.nexoinformativo.mx\/index.php\/2024\/12\/22\/atencion-planifica-tu-ruta-cierres-viales-por-el-festival-de-la-alegria-hoy-22-de-diciembre\/\",\"url\":\"https:\/\/www.nexoinformativo.mx\/index.php\/2024\/12\/22\/atencion-planifica-tu-ruta-cierres-viales-por-el-festival-de-la-alegria-hoy-22-de-diciembre\/\",\"name\":\"\u00a1Atenci\u00f3n! Planifica tu ruta: Cierres viales por el Festival de la Alegr\u00eda hoy 22 de diciembre | Nexo Informativo Santiago de Quer\u00e9taro\",\"isPartOf\":{\"@id\":\"https:\/\/www.nexoinformativo.mx\/#website\"},\"primaryImageOfPage\":{\"@id\":\"https:\/\/www.nexoinformativo.mx\/index.php\/2024\/12\/22\/atencion-planifica-tu-ruta-cierres-viales-por-el-festival-de-la-alegria-hoy-22-de-diciembre\/#primaryimage\"},\"image\":{\"@id\":\"https:\/\/www.nexoinformativo.mx\/index.php\/2024\/12\/22\/atencion-planifica-tu-ruta-cierres-viales-por-el-festival-de-la-alegria-hoy-22-de-diciembre\/#primaryimage\"},\"thumbnailUrl\":\"https:\/\/www.nexoinformativo.mx\/wp-content\/uploads\/2024\/12\/IMG_8675-e1734846063468.jpg\",\"datePublished\":\"2024-12-22T13:30:41+00:00\",\"description\":\"\u00a1Atenci\u00f3n! Planifica tu ruta: Cierres viales por el Festival de la Alegr\u00eda hoy 22 de diciembre\",\"breadcrumb\":{\"@id\":\"https:\/\/www.nexoinformativo.mx\/index.php\/2024\/12\/22\/atencion-planifica-tu-ruta-cierres-viales-por-el-festival-de-la-alegria-hoy-22-de-diciembre\/#breadcrumb\"},\"inLanguage\":\"es\",\"potentialAction\":[{\"@type\":\"ReadAction\",\"target\":[\"https:\/\/www.nexoinformativo.mx\/index.php\/2024\/12\/22\/atencion-planifica-tu-ruta-cierres-viales-por-el-festival-de-la-alegria-hoy-22-de-diciembre\/\"]}]},{\"@type\":\"ImageObject\",\"inLanguage\":\"es\",\"@id\":\"https:\/\/www.nexoinformativo.mx\/index.php\/2024\/12\/22\/atencion-planifica-tu-ruta-cierres-viales-por-el-festival-de-la-alegria-hoy-22-de-diciembre\/#primaryimage\",\"url\":\"https:\/\/www.nexoinformativo.mx\/wp-content\/uploads\/2024\/12\/IMG_8675-e1734846063468.jpg\",\"contentUrl\":\"https:\/\/www.nexoinformativo.mx\/wp-content\/uploads\/2024\/12\/IMG_8675-e1734846063468.jpg\",\"width\":700,\"height\":700},{\"@type\":\"BreadcrumbList\",\"@id\":\"https:\/\/www.nexoinformativo.mx\/index.php\/2024\/12\/22\/atencion-planifica-tu-ruta-cierres-viales-por-el-festival-de-la-alegria-hoy-22-de-diciembre\/#breadcrumb\",\"itemListElement\":[{\"@type\":\"ListItem\",\"position\":1,\"name\":\"Inicio\",\"item\":\"https:\/\/www.nexoinformativo.mx\/\"},{\"@type\":\"ListItem\",\"position\":2,\"name\":\"\u00a1Atenci\u00f3n! Planifica tu ruta: Cierres viales por el Festival de la Alegr\u00eda hoy 22 de diciembre\"}]},{\"@type\":\"WebSite\",\"@id\":\"https:\/\/www.nexoinformativo.mx\/#website\",\"url\":\"https:\/\/www.nexoinformativo.mx\/\",\"name\":\"Nexo Informativo Santiago de Quer\u00e9taro\",\"description\":\"Explora NexoInformativo y convi\u00e9rtete en parte de una comunidad que valora el conocimiento y la verdad. Tu nexoinformativo es tu puente hacia una comprensi\u00f3n m\u00e1s profunda del mundo que te rodea.\",\"publisher\":{\"@id\":\"https:\/\/www.nexoinformativo.mx\/#organization\"},\"potentialAction\":[{\"@type\":\"SearchAction\",\"target\":{\"@type\":\"EntryPoint\",\"urlTemplate\":\"https:\/\/www.nexoinformativo.mx\/?s={search_term_string}\"},\"query-input\":{\"@type\":\"PropertyValueSpecification\",\"valueRequired\":true,\"valueName\":\"search_term_string\"}}],\"inLanguage\":\"es\"},{\"@type\":\"Organization\",\"@id\":\"https:\/\/www.nexoinformativo.mx\/#organization\",\"name\":\"Nexo Informativo Santiago de Quer\u00e9taro\",\"url\":\"https:\/\/www.nexoinformativo.mx\/\",\"logo\":{\"@type\":\"ImageObject\",\"inLanguage\":\"es\",\"@id\":\"https:\/\/www.nexoinformativo.mx\/#\/schema\/logo\/image\/\",\"url\":\"https:\/\/www.nexoinformativo.mx\/wp-content\/uploads\/2024\/07\/nexoi-trasparente-2.png\",\"contentUrl\":\"https:\/\/www.nexoinformativo.mx\/wp-content\/uploads\/2024\/07\/nexoi-trasparente-2.png\",\"width\":816,\"height\":339,\"caption\":\"Nexo Informativo Santiago de Quer\u00e9taro\"},\"image\":{\"@id\":\"https:\/\/www.nexoinformativo.mx\/#\/schema\/logo\/image\/\"},\"sameAs\":[\"https:\/\/www.facebook.com\/people\/Nexo-Informativo\/61564066885511\/\"]},{\"@type\":\"Person\",\"@id\":\"https:\/\/www.nexoinformativo.mx\/#\/schema\/person\/7749d380ba08c8ca00d7bc76fd907b7d\",\"name\":\"Nexo Informativo\",\"image\":{\"@type\":\"ImageObject\",\"inLanguage\":\"es\",\"@id\":\"https:\/\/www.nexoinformativo.mx\/#\/schema\/person\/image\/\",\"url\":\"https:\/\/secure.gravatar.com\/avatar\/dde2928154642a13d95f87ddf1ea9718fe2b46760a005c53e41ff5ad610704e6?s=96&d=mm&r=g\",\"contentUrl\":\"https:\/\/secure.gravatar.com\/avatar\/dde2928154642a13d95f87ddf1ea9718fe2b46760a005c53e41ff5ad610704e6?s=96&d=mm&r=g\",\"caption\":\"Nexo Informativo\"},\"url\":\"https:\/\/www.nexoinformativo.mx\/index.php\/author\/edicion\/\"}]}<\/script>\n<!-- \/ Yoast SEO plugin. -->","yoast_head_json":{"title":"\u00a1Atenci\u00f3n! Planifica tu ruta: Cierres viales por el Festival de la Alegr\u00eda hoy 22 de diciembre | Nexo Informativo Santiago de Quer\u00e9taro","description":"\u00a1Atenci\u00f3n! Planifica tu ruta: Cierres viales por el Festival de la Alegr\u00eda hoy 22 de diciembre","robots":{"index":"index","follow":"follow","max-snippet":"max-snippet:-1","max-image-preview":"max-image-preview:large","max-video-preview":"max-video-preview:-1"},"canonical":"https:\/\/www.nexoinformativo.mx\/index.php\/2024\/12\/22\/atencion-planifica-tu-ruta-cierres-viales-por-el-festival-de-la-alegria-hoy-22-de-diciembre\/","og_locale":"es_MX","og_type":"article","og_title":"\u00a1Atenci\u00f3n! Planifica tu ruta: Cierres viales por el Festival de la Alegr\u00eda hoy 22 de diciembre | Nexo Informativo Santiago de Quer\u00e9taro","og_description":"\u00a1Atenci\u00f3n! Planifica tu ruta: Cierres viales por el Festival de la Alegr\u00eda hoy 22 de diciembre","og_url":"https:\/\/www.nexoinformativo.mx\/index.php\/2024\/12\/22\/atencion-planifica-tu-ruta-cierres-viales-por-el-festival-de-la-alegria-hoy-22-de-diciembre\/","og_site_name":"Nexo Informativo Santiago de Quer\u00e9taro","article_publisher":"https:\/\/www.facebook.com\/people\/Nexo-Informativo\/61564066885511\/","article_published_time":"2024-12-22T13:30:41+00:00","og_image":[{"width":700,"height":700,"url":"https:\/\/www.nexoinformativo.mx\/wp-content\/uploads\/2024\/12\/IMG_8675-e1734846063468.jpg","type":"image\/jpeg"}],"author":"Nexo Informativo","twitter_card":"summary_large_image","twitter_misc":{"Escrito por":"Nexo Informativo","Tiempo de lectura":"2 minutos"},"schema":{"@context":"https:\/\/schema.org","@graph":[{"@type":"Article","@id":"https:\/\/www.nexoinformativo.mx\/index.php\/2024\/12\/22\/atencion-planifica-tu-ruta-cierres-viales-por-el-festival-de-la-alegria-hoy-22-de-diciembre\/#article","isPartOf":{"@id":"https:\/\/www.nexoinformativo.mx\/index.php\/2024\/12\/22\/atencion-planifica-tu-ruta-cierres-viales-por-el-festival-de-la-alegria-hoy-22-de-diciembre\/"},"author":{"name":"Nexo Informativo","@id":"https:\/\/www.nexoinformativo.mx\/#\/schema\/person\/7749d380ba08c8ca00d7bc76fd907b7d"},"headline":"\u00a1Atenci\u00f3n! Planifica tu ruta: Cierres viales por el Festival de la Alegr\u00eda hoy 22 de diciembre","datePublished":"2024-12-22T13:30:41+00:00","mainEntityOfPage":{"@id":"https:\/\/www.nexoinformativo.mx\/index.php\/2024\/12\/22\/atencion-planifica-tu-ruta-cierres-viales-por-el-festival-de-la-alegria-hoy-22-de-diciembre\/"},"wordCount":284,"commentCount":0,"publisher":{"@id":"https:\/\/www.nexoinformativo.mx\/#organization"},"image":{"@id":"https:\/\/www.nexoinformativo.mx\/index.php\/2024\/12\/22\/atencion-planifica-tu-ruta-cierres-viales-por-el-festival-de-la-alegria-hoy-22-de-diciembre\/#primaryimage"},"thumbnailUrl":"https:\/\/www.nexoinformativo.mx\/wp-content\/uploads\/2024\/12\/IMG_8675-e1734846063468.jpg","keywords":["CierresVialesQro","FestivalDeLaAlegr\u00eda","NavidadEnQuer\u00e9taro","Quer\u00e9taro"],"articleSection":["Municipios","\u00daltima Hora"],"inLanguage":"es","potentialAction":[{"@type":"CommentAction","name":"Comment","target":["https:\/\/www.nexoinformativo.mx\/index.php\/2024\/12\/22\/atencion-planifica-tu-ruta-cierres-viales-por-el-festival-de-la-alegria-hoy-22-de-diciembre\/#respond"]}]},{"@type":"WebPage","@id":"https:\/\/www.nexoinformativo.mx\/index.php\/2024\/12\/22\/atencion-planifica-tu-ruta-cierres-viales-por-el-festival-de-la-alegria-hoy-22-de-diciembre\/","url":"https:\/\/www.nexoinformativo.mx\/index.php\/2024\/12\/22\/atencion-planifica-tu-ruta-cierres-viales-por-el-festival-de-la-alegria-hoy-22-de-diciembre\/","name":"\u00a1Atenci\u00f3n! Planifica tu ruta: Cierres viales por el Festival de la Alegr\u00eda hoy 22 de diciembre | Nexo Informativo Santiago de Quer\u00e9taro","isPartOf":{"@id":"https:\/\/www.nexoinformativo.mx\/#website"},"primaryImageOfPage":{"@id":"https:\/\/www.nexoinformativo.mx\/index.php\/2024\/12\/22\/atencion-planifica-tu-ruta-cierres-viales-por-el-festival-de-la-alegria-hoy-22-de-diciembre\/#primaryimage"},"image":{"@id":"https:\/\/www.nexoinformativo.mx\/index.php\/2024\/12\/22\/atencion-planifica-tu-ruta-cierres-viales-por-el-festival-de-la-alegria-hoy-22-de-diciembre\/#primaryimage"},"thumbnailUrl":"https:\/\/www.nexoinformativo.mx\/wp-content\/uploads\/2024\/12\/IMG_8675-e1734846063468.jpg","datePublished":"2024-12-22T13:30:41+00:00","description":"\u00a1Atenci\u00f3n! Planifica tu ruta: Cierres viales por el Festival de la Alegr\u00eda hoy 22 de diciembre","breadcrumb":{"@id":"https:\/\/www.nexoinformativo.mx\/index.php\/2024\/12\/22\/atencion-planifica-tu-ruta-cierres-viales-por-el-festival-de-la-alegria-hoy-22-de-diciembre\/#breadcrumb"},"inLanguage":"es","potentialAction":[{"@type":"ReadAction","target":["https:\/\/www.nexoinformativo.mx\/index.php\/2024\/12\/22\/atencion-planifica-tu-ruta-cierres-viales-por-el-festival-de-la-alegria-hoy-22-de-diciembre\/"]}]},{"@type":"ImageObject","inLanguage":"es","@id":"https:\/\/www.nexoinformativo.mx\/index.php\/2024\/12\/22\/atencion-planifica-tu-ruta-cierres-viales-por-el-festival-de-la-alegria-hoy-22-de-diciembre\/#primaryimage","url":"https:\/\/www.nexoinformativo.mx\/wp-content\/uploads\/2024\/12\/IMG_8675-e1734846063468.jpg","contentUrl":"https:\/\/www.nexoinformativo.mx\/wp-content\/uploads\/2024\/12\/IMG_8675-e1734846063468.jpg","width":700,"height":700},{"@type":"BreadcrumbList","@id":"https:\/\/www.nexoinformativo.mx\/index.php\/2024\/12\/22\/atencion-planifica-tu-ruta-cierres-viales-por-el-festival-de-la-alegria-hoy-22-de-diciembre\/#breadcrumb","itemListElement":[{"@type":"ListItem","position":1,"name":"Inicio","item":"https:\/\/www.nexoinformativo.mx\/"},{"@type":"ListItem","position":2,"name":"\u00a1Atenci\u00f3n! Planifica tu ruta: Cierres viales por el Festival de la Alegr\u00eda hoy 22 de diciembre"}]},{"@type":"WebSite","@id":"https:\/\/www.nexoinformativo.mx\/#website","url":"https:\/\/www.nexoinformativo.mx\/","name":"Nexo Informativo Santiago de Quer\u00e9taro","description":"Explora NexoInformativo y convi\u00e9rtete en parte de una comunidad que valora el conocimiento y la verdad. Tu nexoinformativo es tu puente hacia una comprensi\u00f3n m\u00e1s profunda del mundo que te rodea.","publisher":{"@id":"https:\/\/www.nexoinformativo.mx\/#organization"},"potentialAction":[{"@type":"SearchAction","target":{"@type":"EntryPoint","urlTemplate":"https:\/\/www.nexoinformativo.mx\/?s={search_term_string}"},"query-input":{"@type":"PropertyValueSpecification","valueRequired":true,"valueName":"search_term_string"}}],"inLanguage":"es"},{"@type":"Organization","@id":"https:\/\/www.nexoinformativo.mx\/#organization","name":"Nexo Informativo Santiago de Quer\u00e9taro","url":"https:\/\/www.nexoinformativo.mx\/","logo":{"@type":"ImageObject","inLanguage":"es","@id":"https:\/\/www.nexoinformativo.mx\/#\/schema\/logo\/image\/","url":"https:\/\/www.nexoinformativo.mx\/wp-content\/uploads\/2024\/07\/nexoi-trasparente-2.png","contentUrl":"https:\/\/www.nexoinformativo.mx\/wp-content\/uploads\/2024\/07\/nexoi-trasparente-2.png","width":816,"height":339,"caption":"Nexo Informativo Santiago de Quer\u00e9taro"},"image":{"@id":"https:\/\/www.nexoinformativo.mx\/#\/schema\/logo\/image\/"},"sameAs":["https:\/\/www.facebook.com\/people\/Nexo-Informativo\/61564066885511\/"]},{"@type":"Person","@id":"https:\/\/www.nexoinformativo.mx\/#\/schema\/person\/7749d380ba08c8ca00d7bc76fd907b7d","name":"Nexo Informativo","image":{"@type":"ImageObject","inLanguage":"es","@id":"https:\/\/www.nexoinformativo.mx\/#\/schema\/person\/image\/","url":"https:\/\/secure.gravatar.com\/avatar\/dde2928154642a13d95f87ddf1ea9718fe2b46760a005c53e41ff5ad610704e6?s=96&d=mm&r=g","contentUrl":"https:\/\/secure.gravatar.com\/avatar\/dde2928154642a13d95f87ddf1ea9718fe2b46760a005c53e41ff5ad610704e6?s=96&d=mm&r=g","caption":"Nexo Informativo"},"url":"https:\/\/www.nexoinformativo.mx\/index.php\/author\/edicion\/"}]}},"_links":{"self":[{"href":"https:\/\/www.nexoinformativo.mx\/index.php\/wp-json\/wp\/v2\/posts\/8644","targetHints":{"allow":["GET"]}}],"collection":[{"href":"https:\/\/www.nexoinformativo.mx\/index.php\/wp-json\/wp\/v2\/posts"}],"about":[{"href":"https:\/\/www.nexoinformativo.mx\/index.php\/wp-json\/wp\/v2\/types\/post"}],"author":[{"embeddable":true,"href":"https:\/\/www.nexoinformativo.mx\/index.php\/wp-json\/wp\/v2\/users\/3"}],"replies":[{"embeddable":true,"href":"https:\/\/www.nexoinformativo.mx\/index.php\/wp-json\/wp\/v2\/comments?post=8644"}],"version-history":[{"count":5,"href":"https:\/\/www.nexoinformativo.mx\/index.php\/wp-json\/wp\/v2\/posts\/8644\/revisions"}],"predecessor-version":[{"id":8669,"href":"https:\/\/www.nexoinformativo.mx\/index.php\/wp-json\/wp\/v2\/posts\/8644\/revisions\/8669"}],"wp:featuredmedia":[{"embeddable":true,"href":"https:\/\/www.nexoinformativo.mx\/index.php\/wp-json\/wp\/v2\/media\/8647"}],"wp:attachment":[{"href":"https:\/\/www.nexoinformativo.mx\/index.php\/wp-json\/wp\/v2\/media?parent=8644"}],"wp:term":[{"taxonomy":"category","embeddable":true,"href":"https:\/\/www.nexoinformativo.mx\/index.php\/wp-json\/wp\/v2\/categories?post=8644"},{"taxonomy":"post_tag","embeddable":true,"href":"https:\/\/www.nexoinformativo.mx\/index.php\/wp-json\/wp\/v2\/tags?post=8644"}],"curies":[{"name":"wp","href":"https:\/\/api.w.org\/{rel}","templated":true}]}}