{"id":8652,"date":"2024-12-22T08:00:50","date_gmt":"2024-12-22T14:00:50","guid":{"rendered":"https:\/\/www.nexoinformativo.mx\/?p=8652"},"modified":"2024-12-22T11:40:56","modified_gmt":"2024-12-22T17:40:56","slug":"tragedia-en-queretaro-mujer-muere-atropellada-por-qrobus-en-san-pedrito-penuelas","status":"publish","type":"post","link":"https:\/\/www.nexoinformativo.mx\/index.php\/2024\/12\/22\/tragedia-en-queretaro-mujer-muere-atropellada-por-qrobus-en-san-pedrito-penuelas\/","title":{"rendered":"Tragedia en Quer\u00e9taro: Mujer muere atropellada por QroBus en San Pedrito Pe\u00f1uelas"},"content":{"rendered":"<p style=\"text-align: justify;\" data-sourcepos=\"11:1-11:232\">Un tr\u00e1gico accidente conmocion\u00f3 a los habitantes de la colonia San Pedrito Pe\u00f1uelas en Quer\u00e9taro, luego de que una mujer de aproximadamente 30 a\u00f1os perdiera la vida al ser atropellada por una unidad de transporte p\u00fablico QroBus.<\/p>\n<p>&nbsp;<\/p>\n<p style=\"text-align: justify;\" data-sourcepos=\"13:1-13:317\">El incidente ocurri\u00f3 en el cruce de las avenidas Calzada de Bel\u00e9n y Pie de la Cuesta, cuando la v\u00edctima fue embestida por un cami\u00f3n de la ruta C-48. A pesar de la r\u00e1pida intervenci\u00f3n de los servicios de emergencia, param\u00e9dicos de CRUM y Protecci\u00f3n Civil municipal solo pudieron confirmar el fallecimiento de la mujer.<\/p>\n<p>&nbsp;<\/p>\n<p style=\"text-align: justify;\" data-sourcepos=\"15:1-15:292\">Elementos de la Polic\u00eda Municipal de Quer\u00e9taro arribaron al lugar para acordonar la zona y dar parte a la Fiscal\u00eda General del Estado (FGE). Peritos de la Fiscal\u00eda realizaron las diligencias correspondientes y ordenaron el levantamiento del cuerpo para trasladarlo al Servicio M\u00e9dico Forense.<\/p>\n<p>&nbsp;<\/p>\n<p style=\"text-align: justify;\" data-sourcepos=\"17:1-17:233\">El conductor del cami\u00f3n responsable del accidente fue detenido y puesto a disposici\u00f3n de las autoridades para determinar su responsabilidad en los hechos. Las investigaciones contin\u00faan para esclarecer las causas del fatal suceso.<\/p>\n<p>&nbsp;<\/p>\n<p style=\"text-align: justify;\" data-sourcepos=\"19:1-19:164\">Este lamentable incidente ha generado consternaci\u00f3n entre los habitantes de la zona y ha puesto en el centro del debate la seguridad vial en la ciudad de Quer\u00e9taro.<\/p>\n<p>&nbsp;<\/p>\n<p style=\"text-align: center;\" data-sourcepos=\"19:1-19:164\"><em><strong>\u00a1Informaci\u00f3n que transforma!<\/strong><\/em><\/p>\n","protected":false},"excerpt":{"rendered":"<p>Un tr\u00e1gico accidente conmocion\u00f3 a los habitantes de la colonia San Pedrito Pe\u00f1uelas en Quer\u00e9taro, luego de que una mujer de aproximadamente 30 a\u00f1os perdiera la vida al ser atropellada por una unidad de transporte p\u00fablico QroBus.<\/p>\n","protected":false},"author":3,"featured_media":8653,"comment_status":"open","ping_status":"open","sticky":false,"template":"","format":"standard","meta":{"footnotes":""},"categories":[137,58],"tags":[369,480,359,151],"class_list":["post-8652","post","type-post","status-publish","format-standard","has-post-thumbnail","hentry","category-sucesos","category-ultima-hora","tag-accidentequeretaro","tag-justicia","tag-qrobus","tag-seguridadvial"],"yoast_head":"<!-- This site is optimized with the Yoast SEO plugin v25.0 - https:\/\/yoast.com\/wordpress\/plugins\/seo\/ -->\n<title>Tragedia en Quer\u00e9taro: Mujer muere atropellada por QroBus en San Pedrito Pe\u00f1uelas | Nexo Informativo Santiago de Quer\u00e9taro<\/title>\n<meta name=\"description\" content=\"Tragedia en Quer\u00e9taro: Mujer muere atropellada por QroBus en San Pedrito Pe\u00f1uelas\" \/>\n<meta name=\"robots\" content=\"index, follow, max-snippet:-1, max-image-preview:large, max-video-preview:-1\" \/>\n<link rel=\"canonical\" href=\"https:\/\/www.nexoinformativo.mx\/index.php\/2024\/12\/22\/tragedia-en-queretaro-mujer-muere-atropellada-por-qrobus-en-san-pedrito-penuelas\/\" \/>\n<meta property=\"og:locale\" content=\"es_MX\" \/>\n<meta property=\"og:type\" content=\"article\" \/>\n<meta property=\"og:title\" content=\"Tragedia en Quer\u00e9taro: Mujer muere atropellada por QroBus en San Pedrito Pe\u00f1uelas | Nexo Informativo Santiago de Quer\u00e9taro\" \/>\n<meta property=\"og:description\" content=\"Tragedia en Quer\u00e9taro: Mujer muere atropellada por QroBus en San Pedrito Pe\u00f1uelas\" \/>\n<meta property=\"og:url\" content=\"https:\/\/www.nexoinformativo.mx\/index.php\/2024\/12\/22\/tragedia-en-queretaro-mujer-muere-atropellada-por-qrobus-en-san-pedrito-penuelas\/\" \/>\n<meta property=\"og:site_name\" content=\"Nexo Informativo Santiago de Quer\u00e9taro\" \/>\n<meta property=\"article:publisher\" content=\"https:\/\/www.facebook.com\/people\/Nexo-Informativo\/61564066885511\/\" \/>\n<meta property=\"article:published_time\" content=\"2024-12-22T14:00:50+00:00\" \/>\n<meta property=\"article:modified_time\" content=\"2024-12-22T17:40:56+00:00\" \/>\n<meta property=\"og:image\" content=\"https:\/\/www.nexoinformativo.mx\/wp-content\/uploads\/2024\/12\/PHOTO-2024-12-22-08-34-01-e1734889200538.jpg\" \/>\n\t<meta property=\"og:image:width\" content=\"800\" \/>\n\t<meta property=\"og:image:height\" content=\"600\" \/>\n\t<meta property=\"og:image:type\" content=\"image\/jpeg\" \/>\n<meta name=\"author\" content=\"Nexo Informativo\" \/>\n<meta name=\"twitter:card\" content=\"summary_large_image\" \/>\n<meta name=\"twitter:label1\" content=\"Escrito por\" \/>\n\t<meta name=\"twitter:data1\" content=\"Nexo Informativo\" \/>\n\t<meta name=\"twitter:label2\" content=\"Tiempo de lectura\" \/>\n\t<meta name=\"twitter:data2\" content=\"2 minutos\" \/>\n<script type=\"application\/ld+json\" class=\"yoast-schema-graph\">{\"@context\":\"https:\/\/schema.org\",\"@graph\":[{\"@type\":\"Article\",\"@id\":\"https:\/\/www.nexoinformativo.mx\/index.php\/2024\/12\/22\/tragedia-en-queretaro-mujer-muere-atropellada-por-qrobus-en-san-pedrito-penuelas\/#article\",\"isPartOf\":{\"@id\":\"https:\/\/www.nexoinformativo.mx\/index.php\/2024\/12\/22\/tragedia-en-queretaro-mujer-muere-atropellada-por-qrobus-en-san-pedrito-penuelas\/\"},\"author\":{\"name\":\"Nexo Informativo\",\"@id\":\"https:\/\/www.nexoinformativo.mx\/#\/schema\/person\/7749d380ba08c8ca00d7bc76fd907b7d\"},\"headline\":\"Tragedia en Quer\u00e9taro: Mujer muere atropellada por QroBus en San Pedrito Pe\u00f1uelas\",\"datePublished\":\"2024-12-22T14:00:50+00:00\",\"dateModified\":\"2024-12-22T17:40:56+00:00\",\"mainEntityOfPage\":{\"@id\":\"https:\/\/www.nexoinformativo.mx\/index.php\/2024\/12\/22\/tragedia-en-queretaro-mujer-muere-atropellada-por-qrobus-en-san-pedrito-penuelas\/\"},\"wordCount\":241,\"commentCount\":0,\"publisher\":{\"@id\":\"https:\/\/www.nexoinformativo.mx\/#organization\"},\"image\":{\"@id\":\"https:\/\/www.nexoinformativo.mx\/index.php\/2024\/12\/22\/tragedia-en-queretaro-mujer-muere-atropellada-por-qrobus-en-san-pedrito-penuelas\/#primaryimage\"},\"thumbnailUrl\":\"https:\/\/www.nexoinformativo.mx\/wp-content\/uploads\/2024\/12\/PHOTO-2024-12-22-08-34-01-e1734889200538.jpg\",\"keywords\":[\"AccidenteQuer\u00e9taro\",\"Justicia\",\"QroB\u00fas\",\"seguridadvial\"],\"articleSection\":[\"Sucesos\",\"\u00daltima Hora\"],\"inLanguage\":\"es\",\"potentialAction\":[{\"@type\":\"CommentAction\",\"name\":\"Comment\",\"target\":[\"https:\/\/www.nexoinformativo.mx\/index.php\/2024\/12\/22\/tragedia-en-queretaro-mujer-muere-atropellada-por-qrobus-en-san-pedrito-penuelas\/#respond\"]}]},{\"@type\":\"WebPage\",\"@id\":\"https:\/\/www.nexoinformativo.mx\/index.php\/2024\/12\/22\/tragedia-en-queretaro-mujer-muere-atropellada-por-qrobus-en-san-pedrito-penuelas\/\",\"url\":\"https:\/\/www.nexoinformativo.mx\/index.php\/2024\/12\/22\/tragedia-en-queretaro-mujer-muere-atropellada-por-qrobus-en-san-pedrito-penuelas\/\",\"name\":\"Tragedia en Quer\u00e9taro: Mujer muere atropellada por QroBus en San Pedrito Pe\u00f1uelas | Nexo Informativo Santiago de Quer\u00e9taro\",\"isPartOf\":{\"@id\":\"https:\/\/www.nexoinformativo.mx\/#website\"},\"primaryImageOfPage\":{\"@id\":\"https:\/\/www.nexoinformativo.mx\/index.php\/2024\/12\/22\/tragedia-en-queretaro-mujer-muere-atropellada-por-qrobus-en-san-pedrito-penuelas\/#primaryimage\"},\"image\":{\"@id\":\"https:\/\/www.nexoinformativo.mx\/index.php\/2024\/12\/22\/tragedia-en-queretaro-mujer-muere-atropellada-por-qrobus-en-san-pedrito-penuelas\/#primaryimage\"},\"thumbnailUrl\":\"https:\/\/www.nexoinformativo.mx\/wp-content\/uploads\/2024\/12\/PHOTO-2024-12-22-08-34-01-e1734889200538.jpg\",\"datePublished\":\"2024-12-22T14:00:50+00:00\",\"dateModified\":\"2024-12-22T17:40:56+00:00\",\"description\":\"Tragedia en Quer\u00e9taro: Mujer muere atropellada por QroBus en San Pedrito Pe\u00f1uelas\",\"breadcrumb\":{\"@id\":\"https:\/\/www.nexoinformativo.mx\/index.php\/2024\/12\/22\/tragedia-en-queretaro-mujer-muere-atropellada-por-qrobus-en-san-pedrito-penuelas\/#breadcrumb\"},\"inLanguage\":\"es\",\"potentialAction\":[{\"@type\":\"ReadAction\",\"target\":[\"https:\/\/www.nexoinformativo.mx\/index.php\/2024\/12\/22\/tragedia-en-queretaro-mujer-muere-atropellada-por-qrobus-en-san-pedrito-penuelas\/\"]}]},{\"@type\":\"ImageObject\",\"inLanguage\":\"es\",\"@id\":\"https:\/\/www.nexoinformativo.mx\/index.php\/2024\/12\/22\/tragedia-en-queretaro-mujer-muere-atropellada-por-qrobus-en-san-pedrito-penuelas\/#primaryimage\",\"url\":\"https:\/\/www.nexoinformativo.mx\/wp-content\/uploads\/2024\/12\/PHOTO-2024-12-22-08-34-01-e1734889200538.jpg\",\"contentUrl\":\"https:\/\/www.nexoinformativo.mx\/wp-content\/uploads\/2024\/12\/PHOTO-2024-12-22-08-34-01-e1734889200538.jpg\",\"width\":800,\"height\":600},{\"@type\":\"BreadcrumbList\",\"@id\":\"https:\/\/www.nexoinformativo.mx\/index.php\/2024\/12\/22\/tragedia-en-queretaro-mujer-muere-atropellada-por-qrobus-en-san-pedrito-penuelas\/#breadcrumb\",\"itemListElement\":[{\"@type\":\"ListItem\",\"position\":1,\"name\":\"Inicio\",\"item\":\"https:\/\/www.nexoinformativo.mx\/\"},{\"@type\":\"ListItem\",\"position\":2,\"name\":\"Tragedia en Quer\u00e9taro: Mujer muere atropellada por QroBus en San Pedrito Pe\u00f1uelas\"}]},{\"@type\":\"WebSite\",\"@id\":\"https:\/\/www.nexoinformativo.mx\/#website\",\"url\":\"https:\/\/www.nexoinformativo.mx\/\",\"name\":\"Nexo Informativo Santiago de Quer\u00e9taro\",\"description\":\"Explora NexoInformativo y convi\u00e9rtete en parte de una comunidad que valora el conocimiento y la verdad. Tu nexoinformativo es tu puente hacia una comprensi\u00f3n m\u00e1s profunda del mundo que te rodea.\",\"publisher\":{\"@id\":\"https:\/\/www.nexoinformativo.mx\/#organization\"},\"potentialAction\":[{\"@type\":\"SearchAction\",\"target\":{\"@type\":\"EntryPoint\",\"urlTemplate\":\"https:\/\/www.nexoinformativo.mx\/?s={search_term_string}\"},\"query-input\":{\"@type\":\"PropertyValueSpecification\",\"valueRequired\":true,\"valueName\":\"search_term_string\"}}],\"inLanguage\":\"es\"},{\"@type\":\"Organization\",\"@id\":\"https:\/\/www.nexoinformativo.mx\/#organization\",\"name\":\"Nexo Informativo Santiago de Quer\u00e9taro\",\"url\":\"https:\/\/www.nexoinformativo.mx\/\",\"logo\":{\"@type\":\"ImageObject\",\"inLanguage\":\"es\",\"@id\":\"https:\/\/www.nexoinformativo.mx\/#\/schema\/logo\/image\/\",\"url\":\"https:\/\/www.nexoinformativo.mx\/wp-content\/uploads\/2024\/07\/nexoi-trasparente-2.png\",\"contentUrl\":\"https:\/\/www.nexoinformativo.mx\/wp-content\/uploads\/2024\/07\/nexoi-trasparente-2.png\",\"width\":816,\"height\":339,\"caption\":\"Nexo Informativo Santiago de Quer\u00e9taro\"},\"image\":{\"@id\":\"https:\/\/www.nexoinformativo.mx\/#\/schema\/logo\/image\/\"},\"sameAs\":[\"https:\/\/www.facebook.com\/people\/Nexo-Informativo\/61564066885511\/\"]},{\"@type\":\"Person\",\"@id\":\"https:\/\/www.nexoinformativo.mx\/#\/schema\/person\/7749d380ba08c8ca00d7bc76fd907b7d\",\"name\":\"Nexo Informativo\",\"image\":{\"@type\":\"ImageObject\",\"inLanguage\":\"es\",\"@id\":\"https:\/\/www.nexoinformativo.mx\/#\/schema\/person\/image\/\",\"url\":\"https:\/\/secure.gravatar.com\/avatar\/dde2928154642a13d95f87ddf1ea9718fe2b46760a005c53e41ff5ad610704e6?s=96&d=mm&r=g\",\"contentUrl\":\"https:\/\/secure.gravatar.com\/avatar\/dde2928154642a13d95f87ddf1ea9718fe2b46760a005c53e41ff5ad610704e6?s=96&d=mm&r=g\",\"caption\":\"Nexo Informativo\"},\"url\":\"https:\/\/www.nexoinformativo.mx\/index.php\/author\/edicion\/\"}]}<\/script>\n<!-- \/ Yoast SEO plugin. -->","yoast_head_json":{"title":"Tragedia en Quer\u00e9taro: Mujer muere atropellada por QroBus en San Pedrito Pe\u00f1uelas | Nexo Informativo Santiago de Quer\u00e9taro","description":"Tragedia en Quer\u00e9taro: Mujer muere atropellada por QroBus en San Pedrito Pe\u00f1uelas","robots":{"index":"index","follow":"follow","max-snippet":"max-snippet:-1","max-image-preview":"max-image-preview:large","max-video-preview":"max-video-preview:-1"},"canonical":"https:\/\/www.nexoinformativo.mx\/index.php\/2024\/12\/22\/tragedia-en-queretaro-mujer-muere-atropellada-por-qrobus-en-san-pedrito-penuelas\/","og_locale":"es_MX","og_type":"article","og_title":"Tragedia en Quer\u00e9taro: Mujer muere atropellada por QroBus en San Pedrito Pe\u00f1uelas | Nexo Informativo Santiago de Quer\u00e9taro","og_description":"Tragedia en Quer\u00e9taro: Mujer muere atropellada por QroBus en San Pedrito Pe\u00f1uelas","og_url":"https:\/\/www.nexoinformativo.mx\/index.php\/2024\/12\/22\/tragedia-en-queretaro-mujer-muere-atropellada-por-qrobus-en-san-pedrito-penuelas\/","og_site_name":"Nexo Informativo Santiago de Quer\u00e9taro","article_publisher":"https:\/\/www.facebook.com\/people\/Nexo-Informativo\/61564066885511\/","article_published_time":"2024-12-22T14:00:50+00:00","article_modified_time":"2024-12-22T17:40:56+00:00","og_image":[{"width":800,"height":600,"url":"https:\/\/www.nexoinformativo.mx\/wp-content\/uploads\/2024\/12\/PHOTO-2024-12-22-08-34-01-e1734889200538.jpg","type":"image\/jpeg"}],"author":"Nexo Informativo","twitter_card":"summary_large_image","twitter_misc":{"Escrito por":"Nexo Informativo","Tiempo de lectura":"2 minutos"},"schema":{"@context":"https:\/\/schema.org","@graph":[{"@type":"Article","@id":"https:\/\/www.nexoinformativo.mx\/index.php\/2024\/12\/22\/tragedia-en-queretaro-mujer-muere-atropellada-por-qrobus-en-san-pedrito-penuelas\/#article","isPartOf":{"@id":"https:\/\/www.nexoinformativo.mx\/index.php\/2024\/12\/22\/tragedia-en-queretaro-mujer-muere-atropellada-por-qrobus-en-san-pedrito-penuelas\/"},"author":{"name":"Nexo Informativo","@id":"https:\/\/www.nexoinformativo.mx\/#\/schema\/person\/7749d380ba08c8ca00d7bc76fd907b7d"},"headline":"Tragedia en Quer\u00e9taro: Mujer muere atropellada por QroBus en San Pedrito Pe\u00f1uelas","datePublished":"2024-12-22T14:00:50+00:00","dateModified":"2024-12-22T17:40:56+00:00","mainEntityOfPage":{"@id":"https:\/\/www.nexoinformativo.mx\/index.php\/2024\/12\/22\/tragedia-en-queretaro-mujer-muere-atropellada-por-qrobus-en-san-pedrito-penuelas\/"},"wordCount":241,"commentCount":0,"publisher":{"@id":"https:\/\/www.nexoinformativo.mx\/#organization"},"image":{"@id":"https:\/\/www.nexoinformativo.mx\/index.php\/2024\/12\/22\/tragedia-en-queretaro-mujer-muere-atropellada-por-qrobus-en-san-pedrito-penuelas\/#primaryimage"},"thumbnailUrl":"https:\/\/www.nexoinformativo.mx\/wp-content\/uploads\/2024\/12\/PHOTO-2024-12-22-08-34-01-e1734889200538.jpg","keywords":["AccidenteQuer\u00e9taro","Justicia","QroB\u00fas","seguridadvial"],"articleSection":["Sucesos","\u00daltima Hora"],"inLanguage":"es","potentialAction":[{"@type":"CommentAction","name":"Comment","target":["https:\/\/www.nexoinformativo.mx\/index.php\/2024\/12\/22\/tragedia-en-queretaro-mujer-muere-atropellada-por-qrobus-en-san-pedrito-penuelas\/#respond"]}]},{"@type":"WebPage","@id":"https:\/\/www.nexoinformativo.mx\/index.php\/2024\/12\/22\/tragedia-en-queretaro-mujer-muere-atropellada-por-qrobus-en-san-pedrito-penuelas\/","url":"https:\/\/www.nexoinformativo.mx\/index.php\/2024\/12\/22\/tragedia-en-queretaro-mujer-muere-atropellada-por-qrobus-en-san-pedrito-penuelas\/","name":"Tragedia en Quer\u00e9taro: Mujer muere atropellada por QroBus en San Pedrito Pe\u00f1uelas | Nexo Informativo Santiago de Quer\u00e9taro","isPartOf":{"@id":"https:\/\/www.nexoinformativo.mx\/#website"},"primaryImageOfPage":{"@id":"https:\/\/www.nexoinformativo.mx\/index.php\/2024\/12\/22\/tragedia-en-queretaro-mujer-muere-atropellada-por-qrobus-en-san-pedrito-penuelas\/#primaryimage"},"image":{"@id":"https:\/\/www.nexoinformativo.mx\/index.php\/2024\/12\/22\/tragedia-en-queretaro-mujer-muere-atropellada-por-qrobus-en-san-pedrito-penuelas\/#primaryimage"},"thumbnailUrl":"https:\/\/www.nexoinformativo.mx\/wp-content\/uploads\/2024\/12\/PHOTO-2024-12-22-08-34-01-e1734889200538.jpg","datePublished":"2024-12-22T14:00:50+00:00","dateModified":"2024-12-22T17:40:56+00:00","description":"Tragedia en Quer\u00e9taro: Mujer muere atropellada por QroBus en San Pedrito Pe\u00f1uelas","breadcrumb":{"@id":"https:\/\/www.nexoinformativo.mx\/index.php\/2024\/12\/22\/tragedia-en-queretaro-mujer-muere-atropellada-por-qrobus-en-san-pedrito-penuelas\/#breadcrumb"},"inLanguage":"es","potentialAction":[{"@type":"ReadAction","target":["https:\/\/www.nexoinformativo.mx\/index.php\/2024\/12\/22\/tragedia-en-queretaro-mujer-muere-atropellada-por-qrobus-en-san-pedrito-penuelas\/"]}]},{"@type":"ImageObject","inLanguage":"es","@id":"https:\/\/www.nexoinformativo.mx\/index.php\/2024\/12\/22\/tragedia-en-queretaro-mujer-muere-atropellada-por-qrobus-en-san-pedrito-penuelas\/#primaryimage","url":"https:\/\/www.nexoinformativo.mx\/wp-content\/uploads\/2024\/12\/PHOTO-2024-12-22-08-34-01-e1734889200538.jpg","contentUrl":"https:\/\/www.nexoinformativo.mx\/wp-content\/uploads\/2024\/12\/PHOTO-2024-12-22-08-34-01-e1734889200538.jpg","width":800,"height":600},{"@type":"BreadcrumbList","@id":"https:\/\/www.nexoinformativo.mx\/index.php\/2024\/12\/22\/tragedia-en-queretaro-mujer-muere-atropellada-por-qrobus-en-san-pedrito-penuelas\/#breadcrumb","itemListElement":[{"@type":"ListItem","position":1,"name":"Inicio","item":"https:\/\/www.nexoinformativo.mx\/"},{"@type":"ListItem","position":2,"name":"Tragedia en Quer\u00e9taro: Mujer muere atropellada por QroBus en San Pedrito Pe\u00f1uelas"}]},{"@type":"WebSite","@id":"https:\/\/www.nexoinformativo.mx\/#website","url":"https:\/\/www.nexoinformativo.mx\/","name":"Nexo Informativo Santiago de Quer\u00e9taro","description":"Explora NexoInformativo y convi\u00e9rtete en parte de una comunidad que valora el conocimiento y la verdad. Tu nexoinformativo es tu puente hacia una comprensi\u00f3n m\u00e1s profunda del mundo que te rodea.","publisher":{"@id":"https:\/\/www.nexoinformativo.mx\/#organization"},"potentialAction":[{"@type":"SearchAction","target":{"@type":"EntryPoint","urlTemplate":"https:\/\/www.nexoinformativo.mx\/?s={search_term_string}"},"query-input":{"@type":"PropertyValueSpecification","valueRequired":true,"valueName":"search_term_string"}}],"inLanguage":"es"},{"@type":"Organization","@id":"https:\/\/www.nexoinformativo.mx\/#organization","name":"Nexo Informativo Santiago de Quer\u00e9taro","url":"https:\/\/www.nexoinformativo.mx\/","logo":{"@type":"ImageObject","inLanguage":"es","@id":"https:\/\/www.nexoinformativo.mx\/#\/schema\/logo\/image\/","url":"https:\/\/www.nexoinformativo.mx\/wp-content\/uploads\/2024\/07\/nexoi-trasparente-2.png","contentUrl":"https:\/\/www.nexoinformativo.mx\/wp-content\/uploads\/2024\/07\/nexoi-trasparente-2.png","width":816,"height":339,"caption":"Nexo Informativo Santiago de Quer\u00e9taro"},"image":{"@id":"https:\/\/www.nexoinformativo.mx\/#\/schema\/logo\/image\/"},"sameAs":["https:\/\/www.facebook.com\/people\/Nexo-Informativo\/61564066885511\/"]},{"@type":"Person","@id":"https:\/\/www.nexoinformativo.mx\/#\/schema\/person\/7749d380ba08c8ca00d7bc76fd907b7d","name":"Nexo Informativo","image":{"@type":"ImageObject","inLanguage":"es","@id":"https:\/\/www.nexoinformativo.mx\/#\/schema\/person\/image\/","url":"https:\/\/secure.gravatar.com\/avatar\/dde2928154642a13d95f87ddf1ea9718fe2b46760a005c53e41ff5ad610704e6?s=96&d=mm&r=g","contentUrl":"https:\/\/secure.gravatar.com\/avatar\/dde2928154642a13d95f87ddf1ea9718fe2b46760a005c53e41ff5ad610704e6?s=96&d=mm&r=g","caption":"Nexo Informativo"},"url":"https:\/\/www.nexoinformativo.mx\/index.php\/author\/edicion\/"}]}},"_links":{"self":[{"href":"https:\/\/www.nexoinformativo.mx\/index.php\/wp-json\/wp\/v2\/posts\/8652","targetHints":{"allow":["GET"]}}],"collection":[{"href":"https:\/\/www.nexoinformativo.mx\/index.php\/wp-json\/wp\/v2\/posts"}],"about":[{"href":"https:\/\/www.nexoinformativo.mx\/index.php\/wp-json\/wp\/v2\/types\/post"}],"author":[{"embeddable":true,"href":"https:\/\/www.nexoinformativo.mx\/index.php\/wp-json\/wp\/v2\/users\/3"}],"replies":[{"embeddable":true,"href":"https:\/\/www.nexoinformativo.mx\/index.php\/wp-json\/wp\/v2\/comments?post=8652"}],"version-history":[{"count":3,"href":"https:\/\/www.nexoinformativo.mx\/index.php\/wp-json\/wp\/v2\/posts\/8652\/revisions"}],"predecessor-version":[{"id":8656,"href":"https:\/\/www.nexoinformativo.mx\/index.php\/wp-json\/wp\/v2\/posts\/8652\/revisions\/8656"}],"wp:featuredmedia":[{"embeddable":true,"href":"https:\/\/www.nexoinformativo.mx\/index.php\/wp-json\/wp\/v2\/media\/8653"}],"wp:attachment":[{"href":"https:\/\/www.nexoinformativo.mx\/index.php\/wp-json\/wp\/v2\/media?parent=8652"}],"wp:term":[{"taxonomy":"category","embeddable":true,"href":"https:\/\/www.nexoinformativo.mx\/index.php\/wp-json\/wp\/v2\/categories?post=8652"},{"taxonomy":"post_tag","embeddable":true,"href":"https:\/\/www.nexoinformativo.mx\/index.php\/wp-json\/wp\/v2\/tags?post=8652"}],"curies":[{"name":"wp","href":"https:\/\/api.w.org\/{rel}","templated":true}]}}