{"id":8657,"date":"2024-12-22T08:30:16","date_gmt":"2024-12-22T14:30:16","guid":{"rendered":"https:\/\/www.nexoinformativo.mx\/?p=8657"},"modified":"2024-12-22T11:45:24","modified_gmt":"2024-12-22T17:45:24","slug":"mas-de-100-jovenes-queretanos-viven-una-experiencia-unica-gracias-a-las-becas-vive-mexico","status":"publish","type":"post","link":"https:\/\/www.nexoinformativo.mx\/index.php\/2024\/12\/22\/mas-de-100-jovenes-queretanos-viven-una-experiencia-unica-gracias-a-las-becas-vive-mexico\/","title":{"rendered":"M\u00e1s de 100 j\u00f3venes queretanos viven una experiencia \u00fanica gracias a las Becas Vive M\u00e9xico"},"content":{"rendered":"<p style=\"text-align: justify;\" data-sourcepos=\"11:1-11:305\">M\u00e1s de 100 j\u00f3venes queretanos transformaron sus vidas en el 2024 gracias al programa de Becas Vive M\u00e9xico. Esta iniciativa, impulsada por el Municipio de Quer\u00e9taro, permiti\u00f3 a estudiantes realizar voluntariados en diversos pa\u00edses del mundo, adquiriendo nuevas habilidades y ampliando su visi\u00f3n global.<\/p>\n<p>&nbsp;<\/p>\n<p style=\"text-align: justify;\" data-sourcepos=\"13:1-13:341\">Los j\u00f3venes seleccionados tuvieron la oportunidad de vivir experiencias \u00fanicas en pa\u00edses de Europa, Asia, Sudam\u00e9rica y \u00c1frica. A trav\u00e9s de estos voluntariados, no solo desarrollaron competencias profesionales, sino que tambi\u00e9n convivieron con personas de diferentes culturas, aprendieron nuevos idiomas y enriquecieron su formaci\u00f3n integral.<\/p>\n<p>&nbsp;<\/p>\n<p style=\"text-align: justify;\" data-sourcepos=\"15:1-15:327\"><strong>&#8220;Regularmente los chicos escogen destinos de Europa, especialmente Espa\u00f1a y Croacia&#8221;<\/strong>, coment\u00f3 Alejandro Luna Montes, director del Instituto Municipal de la Juventud. Sin embargo, el programa ofrece una amplia variedad de destinos para que los j\u00f3venes puedan elegir aquel que m\u00e1s se adapte a sus intereses y objetivos.<\/p>\n<p>&nbsp;<\/p>\n<p style=\"text-align: justify;\" data-sourcepos=\"17:1-17:285\">Las becas cubren los gastos de hospedaje, transporte interno y alimentaci\u00f3n durante el voluntariado, facilitando as\u00ed la participaci\u00f3n de los j\u00f3venes. Para el pr\u00f3ximo a\u00f1o, se espera lanzar una nueva convocatoria que permita a m\u00e1s j\u00f3venes queretanos acceder a esta incre\u00edble oportunidad.<\/p>\n<p>&nbsp;<\/p>\n<p style=\"text-align: justify;\" data-sourcepos=\"19:1-19:40\"><strong>Beneficios de las Becas Vive M\u00e9xico:<\/strong><\/p>\n<p style=\"text-align: justify;\">*Desarrollo de habilidades: Los j\u00f3venes adquieren competencias profesionales y personales que les ser\u00e1n \u00fatiles en su futuro.<\/p>\n<p style=\"text-align: justify;\">*Ampliaci\u00f3n de la visi\u00f3n del mundo: La convivencia con personas de diferentes culturas les permite tener una perspectiva m\u00e1s global.<\/p>\n<p style=\"text-align: justify;\">*Enriquecimiento cultural: Los j\u00f3venes aprenden nuevos idiomas y conocen diferentes costumbres y tradiciones.<\/p>\n<p style=\"text-align: justify;\">*Preparaci\u00f3n para el futuro: Las experiencias adquiridas en el extranjero preparan a los j\u00f3venes para enfrentar retos en un mundo globalizado.<\/p>\n<p style=\"text-align: justify;\">\n<p style=\"text-align: justify;\" data-sourcepos=\"26:1-26:167\">El programa de Becas Vive M\u00e9xico es un ejemplo de c\u00f3mo el gobierno municipal puede apoyar a los j\u00f3venes a alcanzar su m\u00e1ximo potencial y construir un futuro mejor.<\/p>\n<p>&nbsp;<\/p>\n<p style=\"text-align: center;\" data-sourcepos=\"26:1-26:167\"><em><strong>\u00a1Informaci\u00f3n que transforma!<\/strong><\/em><\/p>\n","protected":false},"excerpt":{"rendered":"<p>M\u00e1s de 100 j\u00f3venes queretanos transformaron sus vidas en el 2024 gracias al programa de Becas Vive M\u00e9xico. Esta iniciativa, impulsada por el Municipio de Quer\u00e9taro, permiti\u00f3 a estudiantes realizar voluntariados en diversos pa\u00edses del mundo, adquiriendo nuevas habilidades y ampliando su visi\u00f3n global.<\/p>\n","protected":false},"author":3,"featured_media":8658,"comment_status":"open","ping_status":"open","sticky":false,"template":"","format":"standard","meta":{"footnotes":""},"categories":[42,58],"tags":[2778,2781,2779,2780],"class_list":["post-8657","post","type-post","status-publish","format-standard","has-post-thumbnail","hentry","category-estado","category-ultima-hora","tag-becasvivemexico","tag-desarrollopersonal","tag-jovenesqueretanos","tag-voluntariado"],"yoast_head":"<!-- This site is optimized with the Yoast SEO plugin v25.0 - https:\/\/yoast.com\/wordpress\/plugins\/seo\/ -->\n<title>M\u00e1s de 100 j\u00f3venes queretanos viven una experiencia \u00fanica gracias a las Becas Vive M\u00e9xico | Nexo Informativo Santiago de Quer\u00e9taro<\/title>\n<meta name=\"description\" content=\"M\u00e1s de 100 j\u00f3venes queretanos viven una experiencia \u00fanica gracias a las Becas Vive M\u00e9xico\" \/>\n<meta name=\"robots\" content=\"index, follow, max-snippet:-1, max-image-preview:large, max-video-preview:-1\" \/>\n<link rel=\"canonical\" href=\"https:\/\/www.nexoinformativo.mx\/index.php\/2024\/12\/22\/mas-de-100-jovenes-queretanos-viven-una-experiencia-unica-gracias-a-las-becas-vive-mexico\/\" \/>\n<meta property=\"og:locale\" content=\"es_MX\" \/>\n<meta property=\"og:type\" content=\"article\" \/>\n<meta property=\"og:title\" content=\"M\u00e1s de 100 j\u00f3venes queretanos viven una experiencia \u00fanica gracias a las Becas Vive M\u00e9xico | Nexo Informativo Santiago de Quer\u00e9taro\" \/>\n<meta property=\"og:description\" content=\"M\u00e1s de 100 j\u00f3venes queretanos viven una experiencia \u00fanica gracias a las Becas Vive M\u00e9xico\" \/>\n<meta property=\"og:url\" content=\"https:\/\/www.nexoinformativo.mx\/index.php\/2024\/12\/22\/mas-de-100-jovenes-queretanos-viven-una-experiencia-unica-gracias-a-las-becas-vive-mexico\/\" \/>\n<meta property=\"og:site_name\" content=\"Nexo Informativo Santiago de Quer\u00e9taro\" \/>\n<meta property=\"article:publisher\" content=\"https:\/\/www.facebook.com\/people\/Nexo-Informativo\/61564066885511\/\" \/>\n<meta property=\"article:published_time\" content=\"2024-12-22T14:30:16+00:00\" \/>\n<meta property=\"article:modified_time\" content=\"2024-12-22T17:45:24+00:00\" \/>\n<meta property=\"og:image\" content=\"https:\/\/www.nexoinformativo.mx\/wp-content\/uploads\/2024\/12\/PHOTO-2024-12-22-08-34-02-e1734889443106.jpg\" \/>\n\t<meta property=\"og:image:width\" content=\"800\" \/>\n\t<meta property=\"og:image:height\" content=\"600\" \/>\n\t<meta property=\"og:image:type\" content=\"image\/jpeg\" \/>\n<meta name=\"author\" content=\"Nexo Informativo\" \/>\n<meta name=\"twitter:card\" content=\"summary_large_image\" \/>\n<meta name=\"twitter:label1\" content=\"Escrito por\" \/>\n\t<meta name=\"twitter:data1\" content=\"Nexo Informativo\" \/>\n\t<meta name=\"twitter:label2\" content=\"Tiempo de lectura\" \/>\n\t<meta name=\"twitter:data2\" content=\"2 minutos\" \/>\n<script type=\"application\/ld+json\" class=\"yoast-schema-graph\">{\"@context\":\"https:\/\/schema.org\",\"@graph\":[{\"@type\":\"Article\",\"@id\":\"https:\/\/www.nexoinformativo.mx\/index.php\/2024\/12\/22\/mas-de-100-jovenes-queretanos-viven-una-experiencia-unica-gracias-a-las-becas-vive-mexico\/#article\",\"isPartOf\":{\"@id\":\"https:\/\/www.nexoinformativo.mx\/index.php\/2024\/12\/22\/mas-de-100-jovenes-queretanos-viven-una-experiencia-unica-gracias-a-las-becas-vive-mexico\/\"},\"author\":{\"name\":\"Nexo Informativo\",\"@id\":\"https:\/\/www.nexoinformativo.mx\/#\/schema\/person\/7749d380ba08c8ca00d7bc76fd907b7d\"},\"headline\":\"M\u00e1s de 100 j\u00f3venes queretanos viven una experiencia \u00fanica gracias a las Becas Vive M\u00e9xico\",\"datePublished\":\"2024-12-22T14:30:16+00:00\",\"dateModified\":\"2024-12-22T17:45:24+00:00\",\"mainEntityOfPage\":{\"@id\":\"https:\/\/www.nexoinformativo.mx\/index.php\/2024\/12\/22\/mas-de-100-jovenes-queretanos-viven-una-experiencia-unica-gracias-a-las-becas-vive-mexico\/\"},\"wordCount\":345,\"commentCount\":0,\"publisher\":{\"@id\":\"https:\/\/www.nexoinformativo.mx\/#organization\"},\"image\":{\"@id\":\"https:\/\/www.nexoinformativo.mx\/index.php\/2024\/12\/22\/mas-de-100-jovenes-queretanos-viven-una-experiencia-unica-gracias-a-las-becas-vive-mexico\/#primaryimage\"},\"thumbnailUrl\":\"https:\/\/www.nexoinformativo.mx\/wp-content\/uploads\/2024\/12\/PHOTO-2024-12-22-08-34-02-e1734889443106.jpg\",\"keywords\":[\"BecasViveM\u00e9xico\",\"DesarrolloPersonal\",\"J\u00f3venesQueretanos\",\"Voluntariado\"],\"articleSection\":[\"Estado\",\"\u00daltima Hora\"],\"inLanguage\":\"es\",\"potentialAction\":[{\"@type\":\"CommentAction\",\"name\":\"Comment\",\"target\":[\"https:\/\/www.nexoinformativo.mx\/index.php\/2024\/12\/22\/mas-de-100-jovenes-queretanos-viven-una-experiencia-unica-gracias-a-las-becas-vive-mexico\/#respond\"]}]},{\"@type\":\"WebPage\",\"@id\":\"https:\/\/www.nexoinformativo.mx\/index.php\/2024\/12\/22\/mas-de-100-jovenes-queretanos-viven-una-experiencia-unica-gracias-a-las-becas-vive-mexico\/\",\"url\":\"https:\/\/www.nexoinformativo.mx\/index.php\/2024\/12\/22\/mas-de-100-jovenes-queretanos-viven-una-experiencia-unica-gracias-a-las-becas-vive-mexico\/\",\"name\":\"M\u00e1s de 100 j\u00f3venes queretanos viven una experiencia \u00fanica gracias a las Becas Vive M\u00e9xico | Nexo Informativo Santiago de Quer\u00e9taro\",\"isPartOf\":{\"@id\":\"https:\/\/www.nexoinformativo.mx\/#website\"},\"primaryImageOfPage\":{\"@id\":\"https:\/\/www.nexoinformativo.mx\/index.php\/2024\/12\/22\/mas-de-100-jovenes-queretanos-viven-una-experiencia-unica-gracias-a-las-becas-vive-mexico\/#primaryimage\"},\"image\":{\"@id\":\"https:\/\/www.nexoinformativo.mx\/index.php\/2024\/12\/22\/mas-de-100-jovenes-queretanos-viven-una-experiencia-unica-gracias-a-las-becas-vive-mexico\/#primaryimage\"},\"thumbnailUrl\":\"https:\/\/www.nexoinformativo.mx\/wp-content\/uploads\/2024\/12\/PHOTO-2024-12-22-08-34-02-e1734889443106.jpg\",\"datePublished\":\"2024-12-22T14:30:16+00:00\",\"dateModified\":\"2024-12-22T17:45:24+00:00\",\"description\":\"M\u00e1s de 100 j\u00f3venes queretanos viven una experiencia \u00fanica gracias a las Becas Vive M\u00e9xico\",\"breadcrumb\":{\"@id\":\"https:\/\/www.nexoinformativo.mx\/index.php\/2024\/12\/22\/mas-de-100-jovenes-queretanos-viven-una-experiencia-unica-gracias-a-las-becas-vive-mexico\/#breadcrumb\"},\"inLanguage\":\"es\",\"potentialAction\":[{\"@type\":\"ReadAction\",\"target\":[\"https:\/\/www.nexoinformativo.mx\/index.php\/2024\/12\/22\/mas-de-100-jovenes-queretanos-viven-una-experiencia-unica-gracias-a-las-becas-vive-mexico\/\"]}]},{\"@type\":\"ImageObject\",\"inLanguage\":\"es\",\"@id\":\"https:\/\/www.nexoinformativo.mx\/index.php\/2024\/12\/22\/mas-de-100-jovenes-queretanos-viven-una-experiencia-unica-gracias-a-las-becas-vive-mexico\/#primaryimage\",\"url\":\"https:\/\/www.nexoinformativo.mx\/wp-content\/uploads\/2024\/12\/PHOTO-2024-12-22-08-34-02-e1734889443106.jpg\",\"contentUrl\":\"https:\/\/www.nexoinformativo.mx\/wp-content\/uploads\/2024\/12\/PHOTO-2024-12-22-08-34-02-e1734889443106.jpg\",\"width\":800,\"height\":600},{\"@type\":\"BreadcrumbList\",\"@id\":\"https:\/\/www.nexoinformativo.mx\/index.php\/2024\/12\/22\/mas-de-100-jovenes-queretanos-viven-una-experiencia-unica-gracias-a-las-becas-vive-mexico\/#breadcrumb\",\"itemListElement\":[{\"@type\":\"ListItem\",\"position\":1,\"name\":\"Inicio\",\"item\":\"https:\/\/www.nexoinformativo.mx\/\"},{\"@type\":\"ListItem\",\"position\":2,\"name\":\"M\u00e1s de 100 j\u00f3venes queretanos viven una experiencia \u00fanica gracias a las Becas Vive M\u00e9xico\"}]},{\"@type\":\"WebSite\",\"@id\":\"https:\/\/www.nexoinformativo.mx\/#website\",\"url\":\"https:\/\/www.nexoinformativo.mx\/\",\"name\":\"Nexo Informativo Santiago de Quer\u00e9taro\",\"description\":\"Explora NexoInformativo y convi\u00e9rtete en parte de una comunidad que valora el conocimiento y la verdad. Tu nexoinformativo es tu puente hacia una comprensi\u00f3n m\u00e1s profunda del mundo que te rodea.\",\"publisher\":{\"@id\":\"https:\/\/www.nexoinformativo.mx\/#organization\"},\"potentialAction\":[{\"@type\":\"SearchAction\",\"target\":{\"@type\":\"EntryPoint\",\"urlTemplate\":\"https:\/\/www.nexoinformativo.mx\/?s={search_term_string}\"},\"query-input\":{\"@type\":\"PropertyValueSpecification\",\"valueRequired\":true,\"valueName\":\"search_term_string\"}}],\"inLanguage\":\"es\"},{\"@type\":\"Organization\",\"@id\":\"https:\/\/www.nexoinformativo.mx\/#organization\",\"name\":\"Nexo Informativo Santiago de Quer\u00e9taro\",\"url\":\"https:\/\/www.nexoinformativo.mx\/\",\"logo\":{\"@type\":\"ImageObject\",\"inLanguage\":\"es\",\"@id\":\"https:\/\/www.nexoinformativo.mx\/#\/schema\/logo\/image\/\",\"url\":\"https:\/\/www.nexoinformativo.mx\/wp-content\/uploads\/2024\/07\/nexoi-trasparente-2.png\",\"contentUrl\":\"https:\/\/www.nexoinformativo.mx\/wp-content\/uploads\/2024\/07\/nexoi-trasparente-2.png\",\"width\":816,\"height\":339,\"caption\":\"Nexo Informativo Santiago de Quer\u00e9taro\"},\"image\":{\"@id\":\"https:\/\/www.nexoinformativo.mx\/#\/schema\/logo\/image\/\"},\"sameAs\":[\"https:\/\/www.facebook.com\/people\/Nexo-Informativo\/61564066885511\/\"]},{\"@type\":\"Person\",\"@id\":\"https:\/\/www.nexoinformativo.mx\/#\/schema\/person\/7749d380ba08c8ca00d7bc76fd907b7d\",\"name\":\"Nexo Informativo\",\"image\":{\"@type\":\"ImageObject\",\"inLanguage\":\"es\",\"@id\":\"https:\/\/www.nexoinformativo.mx\/#\/schema\/person\/image\/\",\"url\":\"https:\/\/secure.gravatar.com\/avatar\/dde2928154642a13d95f87ddf1ea9718fe2b46760a005c53e41ff5ad610704e6?s=96&d=mm&r=g\",\"contentUrl\":\"https:\/\/secure.gravatar.com\/avatar\/dde2928154642a13d95f87ddf1ea9718fe2b46760a005c53e41ff5ad610704e6?s=96&d=mm&r=g\",\"caption\":\"Nexo Informativo\"},\"url\":\"https:\/\/www.nexoinformativo.mx\/index.php\/author\/edicion\/\"}]}<\/script>\n<!-- \/ Yoast SEO plugin. -->","yoast_head_json":{"title":"M\u00e1s de 100 j\u00f3venes queretanos viven una experiencia \u00fanica gracias a las Becas Vive M\u00e9xico | Nexo Informativo Santiago de Quer\u00e9taro","description":"M\u00e1s de 100 j\u00f3venes queretanos viven una experiencia \u00fanica gracias a las Becas Vive M\u00e9xico","robots":{"index":"index","follow":"follow","max-snippet":"max-snippet:-1","max-image-preview":"max-image-preview:large","max-video-preview":"max-video-preview:-1"},"canonical":"https:\/\/www.nexoinformativo.mx\/index.php\/2024\/12\/22\/mas-de-100-jovenes-queretanos-viven-una-experiencia-unica-gracias-a-las-becas-vive-mexico\/","og_locale":"es_MX","og_type":"article","og_title":"M\u00e1s de 100 j\u00f3venes queretanos viven una experiencia \u00fanica gracias a las Becas Vive M\u00e9xico | Nexo Informativo Santiago de Quer\u00e9taro","og_description":"M\u00e1s de 100 j\u00f3venes queretanos viven una experiencia \u00fanica gracias a las Becas Vive M\u00e9xico","og_url":"https:\/\/www.nexoinformativo.mx\/index.php\/2024\/12\/22\/mas-de-100-jovenes-queretanos-viven-una-experiencia-unica-gracias-a-las-becas-vive-mexico\/","og_site_name":"Nexo Informativo Santiago de Quer\u00e9taro","article_publisher":"https:\/\/www.facebook.com\/people\/Nexo-Informativo\/61564066885511\/","article_published_time":"2024-12-22T14:30:16+00:00","article_modified_time":"2024-12-22T17:45:24+00:00","og_image":[{"width":800,"height":600,"url":"https:\/\/www.nexoinformativo.mx\/wp-content\/uploads\/2024\/12\/PHOTO-2024-12-22-08-34-02-e1734889443106.jpg","type":"image\/jpeg"}],"author":"Nexo Informativo","twitter_card":"summary_large_image","twitter_misc":{"Escrito por":"Nexo Informativo","Tiempo de lectura":"2 minutos"},"schema":{"@context":"https:\/\/schema.org","@graph":[{"@type":"Article","@id":"https:\/\/www.nexoinformativo.mx\/index.php\/2024\/12\/22\/mas-de-100-jovenes-queretanos-viven-una-experiencia-unica-gracias-a-las-becas-vive-mexico\/#article","isPartOf":{"@id":"https:\/\/www.nexoinformativo.mx\/index.php\/2024\/12\/22\/mas-de-100-jovenes-queretanos-viven-una-experiencia-unica-gracias-a-las-becas-vive-mexico\/"},"author":{"name":"Nexo Informativo","@id":"https:\/\/www.nexoinformativo.mx\/#\/schema\/person\/7749d380ba08c8ca00d7bc76fd907b7d"},"headline":"M\u00e1s de 100 j\u00f3venes queretanos viven una experiencia \u00fanica gracias a las Becas Vive M\u00e9xico","datePublished":"2024-12-22T14:30:16+00:00","dateModified":"2024-12-22T17:45:24+00:00","mainEntityOfPage":{"@id":"https:\/\/www.nexoinformativo.mx\/index.php\/2024\/12\/22\/mas-de-100-jovenes-queretanos-viven-una-experiencia-unica-gracias-a-las-becas-vive-mexico\/"},"wordCount":345,"commentCount":0,"publisher":{"@id":"https:\/\/www.nexoinformativo.mx\/#organization"},"image":{"@id":"https:\/\/www.nexoinformativo.mx\/index.php\/2024\/12\/22\/mas-de-100-jovenes-queretanos-viven-una-experiencia-unica-gracias-a-las-becas-vive-mexico\/#primaryimage"},"thumbnailUrl":"https:\/\/www.nexoinformativo.mx\/wp-content\/uploads\/2024\/12\/PHOTO-2024-12-22-08-34-02-e1734889443106.jpg","keywords":["BecasViveM\u00e9xico","DesarrolloPersonal","J\u00f3venesQueretanos","Voluntariado"],"articleSection":["Estado","\u00daltima Hora"],"inLanguage":"es","potentialAction":[{"@type":"CommentAction","name":"Comment","target":["https:\/\/www.nexoinformativo.mx\/index.php\/2024\/12\/22\/mas-de-100-jovenes-queretanos-viven-una-experiencia-unica-gracias-a-las-becas-vive-mexico\/#respond"]}]},{"@type":"WebPage","@id":"https:\/\/www.nexoinformativo.mx\/index.php\/2024\/12\/22\/mas-de-100-jovenes-queretanos-viven-una-experiencia-unica-gracias-a-las-becas-vive-mexico\/","url":"https:\/\/www.nexoinformativo.mx\/index.php\/2024\/12\/22\/mas-de-100-jovenes-queretanos-viven-una-experiencia-unica-gracias-a-las-becas-vive-mexico\/","name":"M\u00e1s de 100 j\u00f3venes queretanos viven una experiencia \u00fanica gracias a las Becas Vive M\u00e9xico | Nexo Informativo Santiago de Quer\u00e9taro","isPartOf":{"@id":"https:\/\/www.nexoinformativo.mx\/#website"},"primaryImageOfPage":{"@id":"https:\/\/www.nexoinformativo.mx\/index.php\/2024\/12\/22\/mas-de-100-jovenes-queretanos-viven-una-experiencia-unica-gracias-a-las-becas-vive-mexico\/#primaryimage"},"image":{"@id":"https:\/\/www.nexoinformativo.mx\/index.php\/2024\/12\/22\/mas-de-100-jovenes-queretanos-viven-una-experiencia-unica-gracias-a-las-becas-vive-mexico\/#primaryimage"},"thumbnailUrl":"https:\/\/www.nexoinformativo.mx\/wp-content\/uploads\/2024\/12\/PHOTO-2024-12-22-08-34-02-e1734889443106.jpg","datePublished":"2024-12-22T14:30:16+00:00","dateModified":"2024-12-22T17:45:24+00:00","description":"M\u00e1s de 100 j\u00f3venes queretanos viven una experiencia \u00fanica gracias a las Becas Vive M\u00e9xico","breadcrumb":{"@id":"https:\/\/www.nexoinformativo.mx\/index.php\/2024\/12\/22\/mas-de-100-jovenes-queretanos-viven-una-experiencia-unica-gracias-a-las-becas-vive-mexico\/#breadcrumb"},"inLanguage":"es","potentialAction":[{"@type":"ReadAction","target":["https:\/\/www.nexoinformativo.mx\/index.php\/2024\/12\/22\/mas-de-100-jovenes-queretanos-viven-una-experiencia-unica-gracias-a-las-becas-vive-mexico\/"]}]},{"@type":"ImageObject","inLanguage":"es","@id":"https:\/\/www.nexoinformativo.mx\/index.php\/2024\/12\/22\/mas-de-100-jovenes-queretanos-viven-una-experiencia-unica-gracias-a-las-becas-vive-mexico\/#primaryimage","url":"https:\/\/www.nexoinformativo.mx\/wp-content\/uploads\/2024\/12\/PHOTO-2024-12-22-08-34-02-e1734889443106.jpg","contentUrl":"https:\/\/www.nexoinformativo.mx\/wp-content\/uploads\/2024\/12\/PHOTO-2024-12-22-08-34-02-e1734889443106.jpg","width":800,"height":600},{"@type":"BreadcrumbList","@id":"https:\/\/www.nexoinformativo.mx\/index.php\/2024\/12\/22\/mas-de-100-jovenes-queretanos-viven-una-experiencia-unica-gracias-a-las-becas-vive-mexico\/#breadcrumb","itemListElement":[{"@type":"ListItem","position":1,"name":"Inicio","item":"https:\/\/www.nexoinformativo.mx\/"},{"@type":"ListItem","position":2,"name":"M\u00e1s de 100 j\u00f3venes queretanos viven una experiencia \u00fanica gracias a las Becas Vive M\u00e9xico"}]},{"@type":"WebSite","@id":"https:\/\/www.nexoinformativo.mx\/#website","url":"https:\/\/www.nexoinformativo.mx\/","name":"Nexo Informativo Santiago de Quer\u00e9taro","description":"Explora NexoInformativo y convi\u00e9rtete en parte de una comunidad que valora el conocimiento y la verdad. Tu nexoinformativo es tu puente hacia una comprensi\u00f3n m\u00e1s profunda del mundo que te rodea.","publisher":{"@id":"https:\/\/www.nexoinformativo.mx\/#organization"},"potentialAction":[{"@type":"SearchAction","target":{"@type":"EntryPoint","urlTemplate":"https:\/\/www.nexoinformativo.mx\/?s={search_term_string}"},"query-input":{"@type":"PropertyValueSpecification","valueRequired":true,"valueName":"search_term_string"}}],"inLanguage":"es"},{"@type":"Organization","@id":"https:\/\/www.nexoinformativo.mx\/#organization","name":"Nexo Informativo Santiago de Quer\u00e9taro","url":"https:\/\/www.nexoinformativo.mx\/","logo":{"@type":"ImageObject","inLanguage":"es","@id":"https:\/\/www.nexoinformativo.mx\/#\/schema\/logo\/image\/","url":"https:\/\/www.nexoinformativo.mx\/wp-content\/uploads\/2024\/07\/nexoi-trasparente-2.png","contentUrl":"https:\/\/www.nexoinformativo.mx\/wp-content\/uploads\/2024\/07\/nexoi-trasparente-2.png","width":816,"height":339,"caption":"Nexo Informativo Santiago de Quer\u00e9taro"},"image":{"@id":"https:\/\/www.nexoinformativo.mx\/#\/schema\/logo\/image\/"},"sameAs":["https:\/\/www.facebook.com\/people\/Nexo-Informativo\/61564066885511\/"]},{"@type":"Person","@id":"https:\/\/www.nexoinformativo.mx\/#\/schema\/person\/7749d380ba08c8ca00d7bc76fd907b7d","name":"Nexo Informativo","image":{"@type":"ImageObject","inLanguage":"es","@id":"https:\/\/www.nexoinformativo.mx\/#\/schema\/person\/image\/","url":"https:\/\/secure.gravatar.com\/avatar\/dde2928154642a13d95f87ddf1ea9718fe2b46760a005c53e41ff5ad610704e6?s=96&d=mm&r=g","contentUrl":"https:\/\/secure.gravatar.com\/avatar\/dde2928154642a13d95f87ddf1ea9718fe2b46760a005c53e41ff5ad610704e6?s=96&d=mm&r=g","caption":"Nexo Informativo"},"url":"https:\/\/www.nexoinformativo.mx\/index.php\/author\/edicion\/"}]}},"_links":{"self":[{"href":"https:\/\/www.nexoinformativo.mx\/index.php\/wp-json\/wp\/v2\/posts\/8657","targetHints":{"allow":["GET"]}}],"collection":[{"href":"https:\/\/www.nexoinformativo.mx\/index.php\/wp-json\/wp\/v2\/posts"}],"about":[{"href":"https:\/\/www.nexoinformativo.mx\/index.php\/wp-json\/wp\/v2\/types\/post"}],"author":[{"embeddable":true,"href":"https:\/\/www.nexoinformativo.mx\/index.php\/wp-json\/wp\/v2\/users\/3"}],"replies":[{"embeddable":true,"href":"https:\/\/www.nexoinformativo.mx\/index.php\/wp-json\/wp\/v2\/comments?post=8657"}],"version-history":[{"count":4,"href":"https:\/\/www.nexoinformativo.mx\/index.php\/wp-json\/wp\/v2\/posts\/8657\/revisions"}],"predecessor-version":[{"id":8662,"href":"https:\/\/www.nexoinformativo.mx\/index.php\/wp-json\/wp\/v2\/posts\/8657\/revisions\/8662"}],"wp:featuredmedia":[{"embeddable":true,"href":"https:\/\/www.nexoinformativo.mx\/index.php\/wp-json\/wp\/v2\/media\/8658"}],"wp:attachment":[{"href":"https:\/\/www.nexoinformativo.mx\/index.php\/wp-json\/wp\/v2\/media?parent=8657"}],"wp:term":[{"taxonomy":"category","embeddable":true,"href":"https:\/\/www.nexoinformativo.mx\/index.php\/wp-json\/wp\/v2\/categories?post=8657"},{"taxonomy":"post_tag","embeddable":true,"href":"https:\/\/www.nexoinformativo.mx\/index.php\/wp-json\/wp\/v2\/tags?post=8657"}],"curies":[{"name":"wp","href":"https:\/\/api.w.org\/{rel}","templated":true}]}}