{"id":8670,"date":"2024-12-23T07:00:00","date_gmt":"2024-12-23T13:00:00","guid":{"rendered":"https:\/\/www.nexoinformativo.mx\/?p=8670"},"modified":"2024-12-23T11:45:52","modified_gmt":"2024-12-23T17:45:52","slug":"senadora-robles-fortalece-lazos-con-comunidades-de-la-sierra-gorda-y-presenta-logros-legislativos","status":"publish","type":"post","link":"https:\/\/www.nexoinformativo.mx\/index.php\/2024\/12\/23\/senadora-robles-fortalece-lazos-con-comunidades-de-la-sierra-gorda-y-presenta-logros-legislativos\/","title":{"rendered":"Senadora Robles fortalece lazos con comunidades de la Sierra Gorda y presenta logros legislativos"},"content":{"rendered":"<p style=\"text-align: justify;\" data-sourcepos=\"11:1-11:444\">La senadora Bety Robles realiz\u00f3 una gira de trabajo por la Sierra Gorda de Quer\u00e9taro este domingo, con el objetivo de presentar los avances legislativos logrados durante el primer periodo de sesiones en el Senado de la Rep\u00fablica.<\/p>\n<p>&nbsp;<\/p>\n<p style=\"text-align: justify;\" data-sourcepos=\"11:1-11:444\">Acompa\u00f1ada por regidores y l\u00edderes sociales de la regi\u00f3n, la legisladora destac\u00f3 los beneficios de las reformas aprobadas en materia de salud, seguridad, desarrollo social, bienestar animal y equidad de g\u00e9nero.<\/p>\n<p>&nbsp;<\/p>\n<p style=\"text-align: justify;\" data-sourcepos=\"13:1-13:498\">En reuniones con la comunidad en Jalpan de Serra y Pinal de Amoles, Robles enfatiz\u00f3 la importancia de la unidad y el trabajo en equipo para lograr una transformaci\u00f3n profunda en Quer\u00e9taro.<\/p>\n<p>&nbsp;<\/p>\n<p style=\"text-align: justify;\" data-sourcepos=\"13:1-13:498\">Entre los principales logros mencionados se encuentran la prohibici\u00f3n de cigarrillos electr\u00f3nicos y sustancias peligrosas, la implementaci\u00f3n de reformas en materia de seguridad y justicia, as\u00ed como el impulso a programas sociales para mejorar la calidad de vida de los habitantes de las zonas m\u00e1s vulnerables.<\/p>\n<p>&nbsp;<\/p>\n<p style=\"text-align: justify;\" data-sourcepos=\"15:1-15:304\">La senadora tambi\u00e9n escuch\u00f3 las peticiones de los ciudadanos, comprometi\u00e9ndose a trabajar de manera conjunta para atender sus necesidades. M\u00e1s de 100 solicitudes fueron recolectadas durante las reuniones, las cuales ser\u00e1n canalizadas a las instancias correspondientes para dar seguimiento y soluci\u00f3n.<\/p>\n<p>&nbsp;<\/p>\n<p style=\"text-align: justify;\" data-sourcepos=\"17:1-17:223\"><strong>&#8220;Mi compromiso es seguir recorriendo nuestras comunidades, escuchando y trabajando con la gente para que la Cuarta Transformaci\u00f3n siga avanzando y haciendo la diferencia en Quer\u00e9taro y todo M\u00e9xico&#8221;<\/strong>, afirm\u00f3 Robles.<\/p>\n<p>&nbsp;<\/p>\n<p style=\"text-align: justify;\" data-sourcepos=\"19:1-19:221\">Con esta gira, la senadora reafirma su compromiso con la Sierra Gorda y demuestra que la Cuarta Transformaci\u00f3n est\u00e1 llegando a las comunidades m\u00e1s alejadas, trabajando para mejorar la calidad de vida de los mexicanos.<\/p>\n<p>&nbsp;<\/p>\n<p style=\"text-align: center;\" data-sourcepos=\"19:1-19:221\"><em><strong>\u00a1Informaci\u00f3n que transforma!<\/strong><\/em><\/p>\n","protected":false},"excerpt":{"rendered":"<p>La senadora Bety Robles realiz\u00f3 una gira de trabajo por la Sierra Gorda de Quer\u00e9taro este domingo, con el objetivo de presentar los avances legislativos logrados durante el primer periodo de sesiones en el Senado de la Rep\u00fablica.<\/p>\n","protected":false},"author":3,"featured_media":8671,"comment_status":"open","ping_status":"open","sticky":false,"template":"","format":"standard","meta":{"footnotes":""},"categories":[65,58],"tags":[2782,2653,133,1545],"class_list":["post-8670","post","type-post","status-publish","format-standard","has-post-thumbnail","hentry","category-municipios","category-ultima-hora","tag-4t","tag-betyrobles","tag-queretaro","tag-sierragorda"],"yoast_head":"<!-- This site is optimized with the Yoast SEO plugin v25.0 - https:\/\/yoast.com\/wordpress\/plugins\/seo\/ -->\n<title>Senadora Robles fortalece lazos con comunidades de la Sierra Gorda y presenta logros legislativos | Nexo Informativo Santiago de Quer\u00e9taro<\/title>\n<meta name=\"description\" content=\"Senadora Robles fortalece lazos con comunidades de la Sierra Gorda y presenta logros legislativos\" \/>\n<meta name=\"robots\" content=\"index, follow, max-snippet:-1, max-image-preview:large, max-video-preview:-1\" \/>\n<link rel=\"canonical\" href=\"https:\/\/www.nexoinformativo.mx\/index.php\/2024\/12\/23\/senadora-robles-fortalece-lazos-con-comunidades-de-la-sierra-gorda-y-presenta-logros-legislativos\/\" \/>\n<meta property=\"og:locale\" content=\"es_MX\" \/>\n<meta property=\"og:type\" content=\"article\" \/>\n<meta property=\"og:title\" content=\"Senadora Robles fortalece lazos con comunidades de la Sierra Gorda y presenta logros legislativos | Nexo Informativo Santiago de Quer\u00e9taro\" \/>\n<meta property=\"og:description\" content=\"Senadora Robles fortalece lazos con comunidades de la Sierra Gorda y presenta logros legislativos\" \/>\n<meta property=\"og:url\" content=\"https:\/\/www.nexoinformativo.mx\/index.php\/2024\/12\/23\/senadora-robles-fortalece-lazos-con-comunidades-de-la-sierra-gorda-y-presenta-logros-legislativos\/\" \/>\n<meta property=\"og:site_name\" content=\"Nexo Informativo Santiago de Quer\u00e9taro\" \/>\n<meta property=\"article:publisher\" content=\"https:\/\/www.facebook.com\/people\/Nexo-Informativo\/61564066885511\/\" \/>\n<meta property=\"article:published_time\" content=\"2024-12-23T13:00:00+00:00\" \/>\n<meta property=\"article:modified_time\" content=\"2024-12-23T17:45:52+00:00\" \/>\n<meta property=\"og:image\" content=\"https:\/\/www.nexoinformativo.mx\/wp-content\/uploads\/2024\/12\/PHOTO-2024-12-23-09-28-37-scaled-e1734975847661.jpg\" \/>\n\t<meta property=\"og:image:width\" content=\"800\" \/>\n\t<meta property=\"og:image:height\" content=\"523\" \/>\n\t<meta property=\"og:image:type\" content=\"image\/jpeg\" \/>\n<meta name=\"author\" content=\"Nexo Informativo\" \/>\n<meta name=\"twitter:card\" content=\"summary_large_image\" \/>\n<meta name=\"twitter:label1\" content=\"Escrito por\" \/>\n\t<meta name=\"twitter:data1\" content=\"Nexo Informativo\" \/>\n\t<meta name=\"twitter:label2\" content=\"Tiempo de lectura\" \/>\n\t<meta name=\"twitter:data2\" content=\"2 minutos\" \/>\n<script type=\"application\/ld+json\" class=\"yoast-schema-graph\">{\"@context\":\"https:\/\/schema.org\",\"@graph\":[{\"@type\":\"Article\",\"@id\":\"https:\/\/www.nexoinformativo.mx\/index.php\/2024\/12\/23\/senadora-robles-fortalece-lazos-con-comunidades-de-la-sierra-gorda-y-presenta-logros-legislativos\/#article\",\"isPartOf\":{\"@id\":\"https:\/\/www.nexoinformativo.mx\/index.php\/2024\/12\/23\/senadora-robles-fortalece-lazos-con-comunidades-de-la-sierra-gorda-y-presenta-logros-legislativos\/\"},\"author\":{\"name\":\"Nexo Informativo\",\"@id\":\"https:\/\/www.nexoinformativo.mx\/#\/schema\/person\/7749d380ba08c8ca00d7bc76fd907b7d\"},\"headline\":\"Senadora Robles fortalece lazos con comunidades de la Sierra Gorda y presenta logros legislativos\",\"datePublished\":\"2024-12-23T13:00:00+00:00\",\"dateModified\":\"2024-12-23T17:45:52+00:00\",\"mainEntityOfPage\":{\"@id\":\"https:\/\/www.nexoinformativo.mx\/index.php\/2024\/12\/23\/senadora-robles-fortalece-lazos-con-comunidades-de-la-sierra-gorda-y-presenta-logros-legislativos\/\"},\"wordCount\":300,\"commentCount\":0,\"publisher\":{\"@id\":\"https:\/\/www.nexoinformativo.mx\/#organization\"},\"image\":{\"@id\":\"https:\/\/www.nexoinformativo.mx\/index.php\/2024\/12\/23\/senadora-robles-fortalece-lazos-con-comunidades-de-la-sierra-gorda-y-presenta-logros-legislativos\/#primaryimage\"},\"thumbnailUrl\":\"https:\/\/www.nexoinformativo.mx\/wp-content\/uploads\/2024\/12\/PHOTO-2024-12-23-09-28-37-scaled-e1734975847661.jpg\",\"keywords\":[\"4T\",\"BetyRobles\",\"Quer\u00e9taro\",\"SierraGorda\"],\"articleSection\":[\"Municipios\",\"\u00daltima Hora\"],\"inLanguage\":\"es\",\"potentialAction\":[{\"@type\":\"CommentAction\",\"name\":\"Comment\",\"target\":[\"https:\/\/www.nexoinformativo.mx\/index.php\/2024\/12\/23\/senadora-robles-fortalece-lazos-con-comunidades-de-la-sierra-gorda-y-presenta-logros-legislativos\/#respond\"]}]},{\"@type\":\"WebPage\",\"@id\":\"https:\/\/www.nexoinformativo.mx\/index.php\/2024\/12\/23\/senadora-robles-fortalece-lazos-con-comunidades-de-la-sierra-gorda-y-presenta-logros-legislativos\/\",\"url\":\"https:\/\/www.nexoinformativo.mx\/index.php\/2024\/12\/23\/senadora-robles-fortalece-lazos-con-comunidades-de-la-sierra-gorda-y-presenta-logros-legislativos\/\",\"name\":\"Senadora Robles fortalece lazos con comunidades de la Sierra Gorda y presenta logros legislativos | Nexo Informativo Santiago de Quer\u00e9taro\",\"isPartOf\":{\"@id\":\"https:\/\/www.nexoinformativo.mx\/#website\"},\"primaryImageOfPage\":{\"@id\":\"https:\/\/www.nexoinformativo.mx\/index.php\/2024\/12\/23\/senadora-robles-fortalece-lazos-con-comunidades-de-la-sierra-gorda-y-presenta-logros-legislativos\/#primaryimage\"},\"image\":{\"@id\":\"https:\/\/www.nexoinformativo.mx\/index.php\/2024\/12\/23\/senadora-robles-fortalece-lazos-con-comunidades-de-la-sierra-gorda-y-presenta-logros-legislativos\/#primaryimage\"},\"thumbnailUrl\":\"https:\/\/www.nexoinformativo.mx\/wp-content\/uploads\/2024\/12\/PHOTO-2024-12-23-09-28-37-scaled-e1734975847661.jpg\",\"datePublished\":\"2024-12-23T13:00:00+00:00\",\"dateModified\":\"2024-12-23T17:45:52+00:00\",\"description\":\"Senadora Robles fortalece lazos con comunidades de la Sierra Gorda y presenta logros legislativos\",\"breadcrumb\":{\"@id\":\"https:\/\/www.nexoinformativo.mx\/index.php\/2024\/12\/23\/senadora-robles-fortalece-lazos-con-comunidades-de-la-sierra-gorda-y-presenta-logros-legislativos\/#breadcrumb\"},\"inLanguage\":\"es\",\"potentialAction\":[{\"@type\":\"ReadAction\",\"target\":[\"https:\/\/www.nexoinformativo.mx\/index.php\/2024\/12\/23\/senadora-robles-fortalece-lazos-con-comunidades-de-la-sierra-gorda-y-presenta-logros-legislativos\/\"]}]},{\"@type\":\"ImageObject\",\"inLanguage\":\"es\",\"@id\":\"https:\/\/www.nexoinformativo.mx\/index.php\/2024\/12\/23\/senadora-robles-fortalece-lazos-con-comunidades-de-la-sierra-gorda-y-presenta-logros-legislativos\/#primaryimage\",\"url\":\"https:\/\/www.nexoinformativo.mx\/wp-content\/uploads\/2024\/12\/PHOTO-2024-12-23-09-28-37-scaled-e1734975847661.jpg\",\"contentUrl\":\"https:\/\/www.nexoinformativo.mx\/wp-content\/uploads\/2024\/12\/PHOTO-2024-12-23-09-28-37-scaled-e1734975847661.jpg\",\"width\":800,\"height\":523},{\"@type\":\"BreadcrumbList\",\"@id\":\"https:\/\/www.nexoinformativo.mx\/index.php\/2024\/12\/23\/senadora-robles-fortalece-lazos-con-comunidades-de-la-sierra-gorda-y-presenta-logros-legislativos\/#breadcrumb\",\"itemListElement\":[{\"@type\":\"ListItem\",\"position\":1,\"name\":\"Inicio\",\"item\":\"https:\/\/www.nexoinformativo.mx\/\"},{\"@type\":\"ListItem\",\"position\":2,\"name\":\"Senadora Robles fortalece lazos con comunidades de la Sierra Gorda y presenta logros legislativos\"}]},{\"@type\":\"WebSite\",\"@id\":\"https:\/\/www.nexoinformativo.mx\/#website\",\"url\":\"https:\/\/www.nexoinformativo.mx\/\",\"name\":\"Nexo Informativo Santiago de Quer\u00e9taro\",\"description\":\"Explora NexoInformativo y convi\u00e9rtete en parte de una comunidad que valora el conocimiento y la verdad. Tu nexoinformativo es tu puente hacia una comprensi\u00f3n m\u00e1s profunda del mundo que te rodea.\",\"publisher\":{\"@id\":\"https:\/\/www.nexoinformativo.mx\/#organization\"},\"potentialAction\":[{\"@type\":\"SearchAction\",\"target\":{\"@type\":\"EntryPoint\",\"urlTemplate\":\"https:\/\/www.nexoinformativo.mx\/?s={search_term_string}\"},\"query-input\":{\"@type\":\"PropertyValueSpecification\",\"valueRequired\":true,\"valueName\":\"search_term_string\"}}],\"inLanguage\":\"es\"},{\"@type\":\"Organization\",\"@id\":\"https:\/\/www.nexoinformativo.mx\/#organization\",\"name\":\"Nexo Informativo Santiago de Quer\u00e9taro\",\"url\":\"https:\/\/www.nexoinformativo.mx\/\",\"logo\":{\"@type\":\"ImageObject\",\"inLanguage\":\"es\",\"@id\":\"https:\/\/www.nexoinformativo.mx\/#\/schema\/logo\/image\/\",\"url\":\"https:\/\/www.nexoinformativo.mx\/wp-content\/uploads\/2024\/07\/nexoi-trasparente-2.png\",\"contentUrl\":\"https:\/\/www.nexoinformativo.mx\/wp-content\/uploads\/2024\/07\/nexoi-trasparente-2.png\",\"width\":816,\"height\":339,\"caption\":\"Nexo Informativo Santiago de Quer\u00e9taro\"},\"image\":{\"@id\":\"https:\/\/www.nexoinformativo.mx\/#\/schema\/logo\/image\/\"},\"sameAs\":[\"https:\/\/www.facebook.com\/people\/Nexo-Informativo\/61564066885511\/\"]},{\"@type\":\"Person\",\"@id\":\"https:\/\/www.nexoinformativo.mx\/#\/schema\/person\/7749d380ba08c8ca00d7bc76fd907b7d\",\"name\":\"Nexo Informativo\",\"image\":{\"@type\":\"ImageObject\",\"inLanguage\":\"es\",\"@id\":\"https:\/\/www.nexoinformativo.mx\/#\/schema\/person\/image\/\",\"url\":\"https:\/\/secure.gravatar.com\/avatar\/dde2928154642a13d95f87ddf1ea9718fe2b46760a005c53e41ff5ad610704e6?s=96&d=mm&r=g\",\"contentUrl\":\"https:\/\/secure.gravatar.com\/avatar\/dde2928154642a13d95f87ddf1ea9718fe2b46760a005c53e41ff5ad610704e6?s=96&d=mm&r=g\",\"caption\":\"Nexo Informativo\"},\"url\":\"https:\/\/www.nexoinformativo.mx\/index.php\/author\/edicion\/\"}]}<\/script>\n<!-- \/ Yoast SEO plugin. -->","yoast_head_json":{"title":"Senadora Robles fortalece lazos con comunidades de la Sierra Gorda y presenta logros legislativos | Nexo Informativo Santiago de Quer\u00e9taro","description":"Senadora Robles fortalece lazos con comunidades de la Sierra Gorda y presenta logros legislativos","robots":{"index":"index","follow":"follow","max-snippet":"max-snippet:-1","max-image-preview":"max-image-preview:large","max-video-preview":"max-video-preview:-1"},"canonical":"https:\/\/www.nexoinformativo.mx\/index.php\/2024\/12\/23\/senadora-robles-fortalece-lazos-con-comunidades-de-la-sierra-gorda-y-presenta-logros-legislativos\/","og_locale":"es_MX","og_type":"article","og_title":"Senadora Robles fortalece lazos con comunidades de la Sierra Gorda y presenta logros legislativos | Nexo Informativo Santiago de Quer\u00e9taro","og_description":"Senadora Robles fortalece lazos con comunidades de la Sierra Gorda y presenta logros legislativos","og_url":"https:\/\/www.nexoinformativo.mx\/index.php\/2024\/12\/23\/senadora-robles-fortalece-lazos-con-comunidades-de-la-sierra-gorda-y-presenta-logros-legislativos\/","og_site_name":"Nexo Informativo Santiago de Quer\u00e9taro","article_publisher":"https:\/\/www.facebook.com\/people\/Nexo-Informativo\/61564066885511\/","article_published_time":"2024-12-23T13:00:00+00:00","article_modified_time":"2024-12-23T17:45:52+00:00","og_image":[{"width":800,"height":523,"url":"https:\/\/www.nexoinformativo.mx\/wp-content\/uploads\/2024\/12\/PHOTO-2024-12-23-09-28-37-scaled-e1734975847661.jpg","type":"image\/jpeg"}],"author":"Nexo Informativo","twitter_card":"summary_large_image","twitter_misc":{"Escrito por":"Nexo Informativo","Tiempo de lectura":"2 minutos"},"schema":{"@context":"https:\/\/schema.org","@graph":[{"@type":"Article","@id":"https:\/\/www.nexoinformativo.mx\/index.php\/2024\/12\/23\/senadora-robles-fortalece-lazos-con-comunidades-de-la-sierra-gorda-y-presenta-logros-legislativos\/#article","isPartOf":{"@id":"https:\/\/www.nexoinformativo.mx\/index.php\/2024\/12\/23\/senadora-robles-fortalece-lazos-con-comunidades-de-la-sierra-gorda-y-presenta-logros-legislativos\/"},"author":{"name":"Nexo Informativo","@id":"https:\/\/www.nexoinformativo.mx\/#\/schema\/person\/7749d380ba08c8ca00d7bc76fd907b7d"},"headline":"Senadora Robles fortalece lazos con comunidades de la Sierra Gorda y presenta logros legislativos","datePublished":"2024-12-23T13:00:00+00:00","dateModified":"2024-12-23T17:45:52+00:00","mainEntityOfPage":{"@id":"https:\/\/www.nexoinformativo.mx\/index.php\/2024\/12\/23\/senadora-robles-fortalece-lazos-con-comunidades-de-la-sierra-gorda-y-presenta-logros-legislativos\/"},"wordCount":300,"commentCount":0,"publisher":{"@id":"https:\/\/www.nexoinformativo.mx\/#organization"},"image":{"@id":"https:\/\/www.nexoinformativo.mx\/index.php\/2024\/12\/23\/senadora-robles-fortalece-lazos-con-comunidades-de-la-sierra-gorda-y-presenta-logros-legislativos\/#primaryimage"},"thumbnailUrl":"https:\/\/www.nexoinformativo.mx\/wp-content\/uploads\/2024\/12\/PHOTO-2024-12-23-09-28-37-scaled-e1734975847661.jpg","keywords":["4T","BetyRobles","Quer\u00e9taro","SierraGorda"],"articleSection":["Municipios","\u00daltima Hora"],"inLanguage":"es","potentialAction":[{"@type":"CommentAction","name":"Comment","target":["https:\/\/www.nexoinformativo.mx\/index.php\/2024\/12\/23\/senadora-robles-fortalece-lazos-con-comunidades-de-la-sierra-gorda-y-presenta-logros-legislativos\/#respond"]}]},{"@type":"WebPage","@id":"https:\/\/www.nexoinformativo.mx\/index.php\/2024\/12\/23\/senadora-robles-fortalece-lazos-con-comunidades-de-la-sierra-gorda-y-presenta-logros-legislativos\/","url":"https:\/\/www.nexoinformativo.mx\/index.php\/2024\/12\/23\/senadora-robles-fortalece-lazos-con-comunidades-de-la-sierra-gorda-y-presenta-logros-legislativos\/","name":"Senadora Robles fortalece lazos con comunidades de la Sierra Gorda y presenta logros legislativos | Nexo Informativo Santiago de Quer\u00e9taro","isPartOf":{"@id":"https:\/\/www.nexoinformativo.mx\/#website"},"primaryImageOfPage":{"@id":"https:\/\/www.nexoinformativo.mx\/index.php\/2024\/12\/23\/senadora-robles-fortalece-lazos-con-comunidades-de-la-sierra-gorda-y-presenta-logros-legislativos\/#primaryimage"},"image":{"@id":"https:\/\/www.nexoinformativo.mx\/index.php\/2024\/12\/23\/senadora-robles-fortalece-lazos-con-comunidades-de-la-sierra-gorda-y-presenta-logros-legislativos\/#primaryimage"},"thumbnailUrl":"https:\/\/www.nexoinformativo.mx\/wp-content\/uploads\/2024\/12\/PHOTO-2024-12-23-09-28-37-scaled-e1734975847661.jpg","datePublished":"2024-12-23T13:00:00+00:00","dateModified":"2024-12-23T17:45:52+00:00","description":"Senadora Robles fortalece lazos con comunidades de la Sierra Gorda y presenta logros legislativos","breadcrumb":{"@id":"https:\/\/www.nexoinformativo.mx\/index.php\/2024\/12\/23\/senadora-robles-fortalece-lazos-con-comunidades-de-la-sierra-gorda-y-presenta-logros-legislativos\/#breadcrumb"},"inLanguage":"es","potentialAction":[{"@type":"ReadAction","target":["https:\/\/www.nexoinformativo.mx\/index.php\/2024\/12\/23\/senadora-robles-fortalece-lazos-con-comunidades-de-la-sierra-gorda-y-presenta-logros-legislativos\/"]}]},{"@type":"ImageObject","inLanguage":"es","@id":"https:\/\/www.nexoinformativo.mx\/index.php\/2024\/12\/23\/senadora-robles-fortalece-lazos-con-comunidades-de-la-sierra-gorda-y-presenta-logros-legislativos\/#primaryimage","url":"https:\/\/www.nexoinformativo.mx\/wp-content\/uploads\/2024\/12\/PHOTO-2024-12-23-09-28-37-scaled-e1734975847661.jpg","contentUrl":"https:\/\/www.nexoinformativo.mx\/wp-content\/uploads\/2024\/12\/PHOTO-2024-12-23-09-28-37-scaled-e1734975847661.jpg","width":800,"height":523},{"@type":"BreadcrumbList","@id":"https:\/\/www.nexoinformativo.mx\/index.php\/2024\/12\/23\/senadora-robles-fortalece-lazos-con-comunidades-de-la-sierra-gorda-y-presenta-logros-legislativos\/#breadcrumb","itemListElement":[{"@type":"ListItem","position":1,"name":"Inicio","item":"https:\/\/www.nexoinformativo.mx\/"},{"@type":"ListItem","position":2,"name":"Senadora Robles fortalece lazos con comunidades de la Sierra Gorda y presenta logros legislativos"}]},{"@type":"WebSite","@id":"https:\/\/www.nexoinformativo.mx\/#website","url":"https:\/\/www.nexoinformativo.mx\/","name":"Nexo Informativo Santiago de Quer\u00e9taro","description":"Explora NexoInformativo y convi\u00e9rtete en parte de una comunidad que valora el conocimiento y la verdad. Tu nexoinformativo es tu puente hacia una comprensi\u00f3n m\u00e1s profunda del mundo que te rodea.","publisher":{"@id":"https:\/\/www.nexoinformativo.mx\/#organization"},"potentialAction":[{"@type":"SearchAction","target":{"@type":"EntryPoint","urlTemplate":"https:\/\/www.nexoinformativo.mx\/?s={search_term_string}"},"query-input":{"@type":"PropertyValueSpecification","valueRequired":true,"valueName":"search_term_string"}}],"inLanguage":"es"},{"@type":"Organization","@id":"https:\/\/www.nexoinformativo.mx\/#organization","name":"Nexo Informativo Santiago de Quer\u00e9taro","url":"https:\/\/www.nexoinformativo.mx\/","logo":{"@type":"ImageObject","inLanguage":"es","@id":"https:\/\/www.nexoinformativo.mx\/#\/schema\/logo\/image\/","url":"https:\/\/www.nexoinformativo.mx\/wp-content\/uploads\/2024\/07\/nexoi-trasparente-2.png","contentUrl":"https:\/\/www.nexoinformativo.mx\/wp-content\/uploads\/2024\/07\/nexoi-trasparente-2.png","width":816,"height":339,"caption":"Nexo Informativo Santiago de Quer\u00e9taro"},"image":{"@id":"https:\/\/www.nexoinformativo.mx\/#\/schema\/logo\/image\/"},"sameAs":["https:\/\/www.facebook.com\/people\/Nexo-Informativo\/61564066885511\/"]},{"@type":"Person","@id":"https:\/\/www.nexoinformativo.mx\/#\/schema\/person\/7749d380ba08c8ca00d7bc76fd907b7d","name":"Nexo Informativo","image":{"@type":"ImageObject","inLanguage":"es","@id":"https:\/\/www.nexoinformativo.mx\/#\/schema\/person\/image\/","url":"https:\/\/secure.gravatar.com\/avatar\/dde2928154642a13d95f87ddf1ea9718fe2b46760a005c53e41ff5ad610704e6?s=96&d=mm&r=g","contentUrl":"https:\/\/secure.gravatar.com\/avatar\/dde2928154642a13d95f87ddf1ea9718fe2b46760a005c53e41ff5ad610704e6?s=96&d=mm&r=g","caption":"Nexo Informativo"},"url":"https:\/\/www.nexoinformativo.mx\/index.php\/author\/edicion\/"}]}},"_links":{"self":[{"href":"https:\/\/www.nexoinformativo.mx\/index.php\/wp-json\/wp\/v2\/posts\/8670","targetHints":{"allow":["GET"]}}],"collection":[{"href":"https:\/\/www.nexoinformativo.mx\/index.php\/wp-json\/wp\/v2\/posts"}],"about":[{"href":"https:\/\/www.nexoinformativo.mx\/index.php\/wp-json\/wp\/v2\/types\/post"}],"author":[{"embeddable":true,"href":"https:\/\/www.nexoinformativo.mx\/index.php\/wp-json\/wp\/v2\/users\/3"}],"replies":[{"embeddable":true,"href":"https:\/\/www.nexoinformativo.mx\/index.php\/wp-json\/wp\/v2\/comments?post=8670"}],"version-history":[{"count":3,"href":"https:\/\/www.nexoinformativo.mx\/index.php\/wp-json\/wp\/v2\/posts\/8670\/revisions"}],"predecessor-version":[{"id":8673,"href":"https:\/\/www.nexoinformativo.mx\/index.php\/wp-json\/wp\/v2\/posts\/8670\/revisions\/8673"}],"wp:featuredmedia":[{"embeddable":true,"href":"https:\/\/www.nexoinformativo.mx\/index.php\/wp-json\/wp\/v2\/media\/8671"}],"wp:attachment":[{"href":"https:\/\/www.nexoinformativo.mx\/index.php\/wp-json\/wp\/v2\/media?parent=8670"}],"wp:term":[{"taxonomy":"category","embeddable":true,"href":"https:\/\/www.nexoinformativo.mx\/index.php\/wp-json\/wp\/v2\/categories?post=8670"},{"taxonomy":"post_tag","embeddable":true,"href":"https:\/\/www.nexoinformativo.mx\/index.php\/wp-json\/wp\/v2\/tags?post=8670"}],"curies":[{"name":"wp","href":"https:\/\/api.w.org\/{rel}","templated":true}]}}