{"id":8675,"date":"2024-12-23T08:00:09","date_gmt":"2024-12-23T14:00:09","guid":{"rendered":"https:\/\/www.nexoinformativo.mx\/?p=8675"},"modified":"2024-12-23T11:51:07","modified_gmt":"2024-12-23T17:51:07","slug":"imss-queretaro-servicios-de-salud-disponibles-las-24-horas-el-25-de-diciembre","status":"publish","type":"post","link":"https:\/\/www.nexoinformativo.mx\/index.php\/2024\/12\/23\/imss-queretaro-servicios-de-salud-disponibles-las-24-horas-el-25-de-diciembre\/","title":{"rendered":"IMSS Quer\u00e9taro: Servicios de salud disponibles las 24 horas el 25 de diciembre"},"content":{"rendered":"<p style=\"text-align: justify;\" data-sourcepos=\"11:1-11:343\">El Instituto Mexicano del Seguro Social (IMSS) en Quer\u00e9taro ha informado que sus servicios de urgencias y atenci\u00f3n m\u00e9dica continua estar\u00e1n disponibles las 24 horas del 25 de diciembre.<\/p>\n<p>&nbsp;<\/p>\n<p style=\"text-align: justify;\" data-sourcepos=\"11:1-11:343\">Esta medida garantiza que los derechohabientes puedan recibir atenci\u00f3n m\u00e9dica oportuna en caso de cualquier emergencia durante las festividades navide\u00f1as.<\/p>\n<p>&nbsp;<\/p>\n<p style=\"text-align: justify;\" data-sourcepos=\"13:1-13:408\">Tanto los hospitales generales como las Unidades de Medicina Familiar (UMF) en el estado operar\u00e1n con normalidad, ofreciendo servicios de urgencias y atenci\u00f3n m\u00e9dica continua.<\/p>\n<p>&nbsp;<\/p>\n<p style=\"text-align: justify;\" data-sourcepos=\"13:1-13:408\">Los hospitales generales regionales (HGR) No. 1, No. 2 y No. 3, as\u00ed como varias UMF, brindar\u00e1n atenci\u00f3n las 24 horas del d\u00eda. Otras unidades m\u00e9dicas ofrecer\u00e1n servicio de atenci\u00f3n m\u00e9dica continua en un horario de 8:00 a 20:00 horas.<\/p>\n<p>&nbsp;<\/p>\n<p style=\"text-align: justify;\" data-sourcepos=\"15:1-15:287\">Es importante recordar que los servicios de urgencias est\u00e1n dise\u00f1ados para atender casos que ponen en riesgo la vida o alg\u00fan \u00f3rgano. Por lo tanto, el IMSS exhorta a la poblaci\u00f3n a utilizar este servicio de manera responsable y acudir \u00fanicamente en caso de emergencias m\u00e9dicas reales.<\/p>\n<p>&nbsp;<\/p>\n<p style=\"text-align: justify;\" data-sourcepos=\"17:1-17:179\">Con esta medida, el IMSS demuestra su compromiso con la salud y el bienestar de sus derechohabientes, asegurando que reciban la atenci\u00f3n m\u00e9dica necesaria en cualquier momento.<\/p>\n<p>&nbsp;<\/p>\n<p style=\"text-align: center;\" data-sourcepos=\"17:1-17:179\"><em><strong>\u00a1Informaci\u00f3n que transforma!<\/strong><\/em><\/p>\n","protected":false},"excerpt":{"rendered":"<p>El Instituto Mexicano del Seguro Social (IMSS) en Quer\u00e9taro ha informado que sus servicios de urgencias y atenci\u00f3n m\u00e9dica continua estar\u00e1n disponibles las 24 horas del 25 de diciembre.<\/p>\n","protected":false},"author":3,"featured_media":8678,"comment_status":"open","ping_status":"open","sticky":false,"template":"","format":"standard","meta":{"footnotes":""},"categories":[42,58],"tags":[1052,1882,139,2783],"class_list":["post-8675","post","type-post","status-publish","format-standard","has-post-thumbnail","hentry","category-estado","category-ultima-hora","tag-imssqueretaro","tag-navidad","tag-salud","tag-urgenciasmedicas"],"yoast_head":"<!-- This site is optimized with the Yoast SEO plugin v25.0 - https:\/\/yoast.com\/wordpress\/plugins\/seo\/ -->\n<title>IMSS Quer\u00e9taro: Servicios de salud disponibles las 24 horas el 25 de diciembre | Nexo Informativo Santiago de Quer\u00e9taro<\/title>\n<meta name=\"description\" content=\"IMSS Quer\u00e9taro: Servicios de salud disponibles las 24 horas el 25 de diciembre\" \/>\n<meta name=\"robots\" content=\"index, follow, max-snippet:-1, max-image-preview:large, max-video-preview:-1\" \/>\n<link rel=\"canonical\" href=\"https:\/\/www.nexoinformativo.mx\/index.php\/2024\/12\/23\/imss-queretaro-servicios-de-salud-disponibles-las-24-horas-el-25-de-diciembre\/\" \/>\n<meta property=\"og:locale\" content=\"es_MX\" \/>\n<meta property=\"og:type\" content=\"article\" \/>\n<meta property=\"og:title\" content=\"IMSS Quer\u00e9taro: Servicios de salud disponibles las 24 horas el 25 de diciembre | Nexo Informativo Santiago de Quer\u00e9taro\" \/>\n<meta property=\"og:description\" content=\"IMSS Quer\u00e9taro: Servicios de salud disponibles las 24 horas el 25 de diciembre\" \/>\n<meta property=\"og:url\" content=\"https:\/\/www.nexoinformativo.mx\/index.php\/2024\/12\/23\/imss-queretaro-servicios-de-salud-disponibles-las-24-horas-el-25-de-diciembre\/\" \/>\n<meta property=\"og:site_name\" content=\"Nexo Informativo Santiago de Quer\u00e9taro\" \/>\n<meta property=\"article:publisher\" content=\"https:\/\/www.facebook.com\/people\/Nexo-Informativo\/61564066885511\/\" \/>\n<meta property=\"article:published_time\" content=\"2024-12-23T14:00:09+00:00\" \/>\n<meta property=\"article:modified_time\" content=\"2024-12-23T17:51:07+00:00\" \/>\n<meta property=\"og:image\" content=\"https:\/\/www.nexoinformativo.mx\/wp-content\/uploads\/2024\/12\/PHOTO-2024-12-23-10-14-24-e1734976257358.jpg\" \/>\n\t<meta property=\"og:image:width\" content=\"800\" \/>\n\t<meta property=\"og:image:height\" content=\"600\" \/>\n\t<meta property=\"og:image:type\" content=\"image\/jpeg\" \/>\n<meta name=\"author\" content=\"Nexo Informativo\" \/>\n<meta name=\"twitter:card\" content=\"summary_large_image\" \/>\n<meta name=\"twitter:label1\" content=\"Escrito por\" \/>\n\t<meta name=\"twitter:data1\" content=\"Nexo Informativo\" \/>\n\t<meta name=\"twitter:label2\" content=\"Tiempo de lectura\" \/>\n\t<meta name=\"twitter:data2\" content=\"2 minutos\" \/>\n<script type=\"application\/ld+json\" class=\"yoast-schema-graph\">{\"@context\":\"https:\/\/schema.org\",\"@graph\":[{\"@type\":\"Article\",\"@id\":\"https:\/\/www.nexoinformativo.mx\/index.php\/2024\/12\/23\/imss-queretaro-servicios-de-salud-disponibles-las-24-horas-el-25-de-diciembre\/#article\",\"isPartOf\":{\"@id\":\"https:\/\/www.nexoinformativo.mx\/index.php\/2024\/12\/23\/imss-queretaro-servicios-de-salud-disponibles-las-24-horas-el-25-de-diciembre\/\"},\"author\":{\"name\":\"Nexo Informativo\",\"@id\":\"https:\/\/www.nexoinformativo.mx\/#\/schema\/person\/7749d380ba08c8ca00d7bc76fd907b7d\"},\"headline\":\"IMSS Quer\u00e9taro: Servicios de salud disponibles las 24 horas el 25 de diciembre\",\"datePublished\":\"2024-12-23T14:00:09+00:00\",\"dateModified\":\"2024-12-23T17:51:07+00:00\",\"mainEntityOfPage\":{\"@id\":\"https:\/\/www.nexoinformativo.mx\/index.php\/2024\/12\/23\/imss-queretaro-servicios-de-salud-disponibles-las-24-horas-el-25-de-diciembre\/\"},\"wordCount\":226,\"commentCount\":0,\"publisher\":{\"@id\":\"https:\/\/www.nexoinformativo.mx\/#organization\"},\"image\":{\"@id\":\"https:\/\/www.nexoinformativo.mx\/index.php\/2024\/12\/23\/imss-queretaro-servicios-de-salud-disponibles-las-24-horas-el-25-de-diciembre\/#primaryimage\"},\"thumbnailUrl\":\"https:\/\/www.nexoinformativo.mx\/wp-content\/uploads\/2024\/12\/PHOTO-2024-12-23-10-14-24-e1734976257358.jpg\",\"keywords\":[\"IMSSQuer\u00e9taro\",\"Navidad\",\"salud\",\"UrgenciasM\u00e9dicas\"],\"articleSection\":[\"Estado\",\"\u00daltima Hora\"],\"inLanguage\":\"es\",\"potentialAction\":[{\"@type\":\"CommentAction\",\"name\":\"Comment\",\"target\":[\"https:\/\/www.nexoinformativo.mx\/index.php\/2024\/12\/23\/imss-queretaro-servicios-de-salud-disponibles-las-24-horas-el-25-de-diciembre\/#respond\"]}]},{\"@type\":\"WebPage\",\"@id\":\"https:\/\/www.nexoinformativo.mx\/index.php\/2024\/12\/23\/imss-queretaro-servicios-de-salud-disponibles-las-24-horas-el-25-de-diciembre\/\",\"url\":\"https:\/\/www.nexoinformativo.mx\/index.php\/2024\/12\/23\/imss-queretaro-servicios-de-salud-disponibles-las-24-horas-el-25-de-diciembre\/\",\"name\":\"IMSS Quer\u00e9taro: Servicios de salud disponibles las 24 horas el 25 de diciembre | Nexo Informativo Santiago de Quer\u00e9taro\",\"isPartOf\":{\"@id\":\"https:\/\/www.nexoinformativo.mx\/#website\"},\"primaryImageOfPage\":{\"@id\":\"https:\/\/www.nexoinformativo.mx\/index.php\/2024\/12\/23\/imss-queretaro-servicios-de-salud-disponibles-las-24-horas-el-25-de-diciembre\/#primaryimage\"},\"image\":{\"@id\":\"https:\/\/www.nexoinformativo.mx\/index.php\/2024\/12\/23\/imss-queretaro-servicios-de-salud-disponibles-las-24-horas-el-25-de-diciembre\/#primaryimage\"},\"thumbnailUrl\":\"https:\/\/www.nexoinformativo.mx\/wp-content\/uploads\/2024\/12\/PHOTO-2024-12-23-10-14-24-e1734976257358.jpg\",\"datePublished\":\"2024-12-23T14:00:09+00:00\",\"dateModified\":\"2024-12-23T17:51:07+00:00\",\"description\":\"IMSS Quer\u00e9taro: Servicios de salud disponibles las 24 horas el 25 de diciembre\",\"breadcrumb\":{\"@id\":\"https:\/\/www.nexoinformativo.mx\/index.php\/2024\/12\/23\/imss-queretaro-servicios-de-salud-disponibles-las-24-horas-el-25-de-diciembre\/#breadcrumb\"},\"inLanguage\":\"es\",\"potentialAction\":[{\"@type\":\"ReadAction\",\"target\":[\"https:\/\/www.nexoinformativo.mx\/index.php\/2024\/12\/23\/imss-queretaro-servicios-de-salud-disponibles-las-24-horas-el-25-de-diciembre\/\"]}]},{\"@type\":\"ImageObject\",\"inLanguage\":\"es\",\"@id\":\"https:\/\/www.nexoinformativo.mx\/index.php\/2024\/12\/23\/imss-queretaro-servicios-de-salud-disponibles-las-24-horas-el-25-de-diciembre\/#primaryimage\",\"url\":\"https:\/\/www.nexoinformativo.mx\/wp-content\/uploads\/2024\/12\/PHOTO-2024-12-23-10-14-24-e1734976257358.jpg\",\"contentUrl\":\"https:\/\/www.nexoinformativo.mx\/wp-content\/uploads\/2024\/12\/PHOTO-2024-12-23-10-14-24-e1734976257358.jpg\",\"width\":800,\"height\":600},{\"@type\":\"BreadcrumbList\",\"@id\":\"https:\/\/www.nexoinformativo.mx\/index.php\/2024\/12\/23\/imss-queretaro-servicios-de-salud-disponibles-las-24-horas-el-25-de-diciembre\/#breadcrumb\",\"itemListElement\":[{\"@type\":\"ListItem\",\"position\":1,\"name\":\"Inicio\",\"item\":\"https:\/\/www.nexoinformativo.mx\/\"},{\"@type\":\"ListItem\",\"position\":2,\"name\":\"IMSS Quer\u00e9taro: Servicios de salud disponibles las 24 horas el 25 de diciembre\"}]},{\"@type\":\"WebSite\",\"@id\":\"https:\/\/www.nexoinformativo.mx\/#website\",\"url\":\"https:\/\/www.nexoinformativo.mx\/\",\"name\":\"Nexo Informativo Santiago de Quer\u00e9taro\",\"description\":\"Explora NexoInformativo y convi\u00e9rtete en parte de una comunidad que valora el conocimiento y la verdad. Tu nexoinformativo es tu puente hacia una comprensi\u00f3n m\u00e1s profunda del mundo que te rodea.\",\"publisher\":{\"@id\":\"https:\/\/www.nexoinformativo.mx\/#organization\"},\"potentialAction\":[{\"@type\":\"SearchAction\",\"target\":{\"@type\":\"EntryPoint\",\"urlTemplate\":\"https:\/\/www.nexoinformativo.mx\/?s={search_term_string}\"},\"query-input\":{\"@type\":\"PropertyValueSpecification\",\"valueRequired\":true,\"valueName\":\"search_term_string\"}}],\"inLanguage\":\"es\"},{\"@type\":\"Organization\",\"@id\":\"https:\/\/www.nexoinformativo.mx\/#organization\",\"name\":\"Nexo Informativo Santiago de Quer\u00e9taro\",\"url\":\"https:\/\/www.nexoinformativo.mx\/\",\"logo\":{\"@type\":\"ImageObject\",\"inLanguage\":\"es\",\"@id\":\"https:\/\/www.nexoinformativo.mx\/#\/schema\/logo\/image\/\",\"url\":\"https:\/\/www.nexoinformativo.mx\/wp-content\/uploads\/2024\/07\/nexoi-trasparente-2.png\",\"contentUrl\":\"https:\/\/www.nexoinformativo.mx\/wp-content\/uploads\/2024\/07\/nexoi-trasparente-2.png\",\"width\":816,\"height\":339,\"caption\":\"Nexo Informativo Santiago de Quer\u00e9taro\"},\"image\":{\"@id\":\"https:\/\/www.nexoinformativo.mx\/#\/schema\/logo\/image\/\"},\"sameAs\":[\"https:\/\/www.facebook.com\/people\/Nexo-Informativo\/61564066885511\/\"]},{\"@type\":\"Person\",\"@id\":\"https:\/\/www.nexoinformativo.mx\/#\/schema\/person\/7749d380ba08c8ca00d7bc76fd907b7d\",\"name\":\"Nexo Informativo\",\"image\":{\"@type\":\"ImageObject\",\"inLanguage\":\"es\",\"@id\":\"https:\/\/www.nexoinformativo.mx\/#\/schema\/person\/image\/\",\"url\":\"https:\/\/secure.gravatar.com\/avatar\/dde2928154642a13d95f87ddf1ea9718fe2b46760a005c53e41ff5ad610704e6?s=96&d=mm&r=g\",\"contentUrl\":\"https:\/\/secure.gravatar.com\/avatar\/dde2928154642a13d95f87ddf1ea9718fe2b46760a005c53e41ff5ad610704e6?s=96&d=mm&r=g\",\"caption\":\"Nexo Informativo\"},\"url\":\"https:\/\/www.nexoinformativo.mx\/index.php\/author\/edicion\/\"}]}<\/script>\n<!-- \/ Yoast SEO plugin. -->","yoast_head_json":{"title":"IMSS Quer\u00e9taro: Servicios de salud disponibles las 24 horas el 25 de diciembre | Nexo Informativo Santiago de Quer\u00e9taro","description":"IMSS Quer\u00e9taro: Servicios de salud disponibles las 24 horas el 25 de diciembre","robots":{"index":"index","follow":"follow","max-snippet":"max-snippet:-1","max-image-preview":"max-image-preview:large","max-video-preview":"max-video-preview:-1"},"canonical":"https:\/\/www.nexoinformativo.mx\/index.php\/2024\/12\/23\/imss-queretaro-servicios-de-salud-disponibles-las-24-horas-el-25-de-diciembre\/","og_locale":"es_MX","og_type":"article","og_title":"IMSS Quer\u00e9taro: Servicios de salud disponibles las 24 horas el 25 de diciembre | Nexo Informativo Santiago de Quer\u00e9taro","og_description":"IMSS Quer\u00e9taro: Servicios de salud disponibles las 24 horas el 25 de diciembre","og_url":"https:\/\/www.nexoinformativo.mx\/index.php\/2024\/12\/23\/imss-queretaro-servicios-de-salud-disponibles-las-24-horas-el-25-de-diciembre\/","og_site_name":"Nexo Informativo Santiago de Quer\u00e9taro","article_publisher":"https:\/\/www.facebook.com\/people\/Nexo-Informativo\/61564066885511\/","article_published_time":"2024-12-23T14:00:09+00:00","article_modified_time":"2024-12-23T17:51:07+00:00","og_image":[{"width":800,"height":600,"url":"https:\/\/www.nexoinformativo.mx\/wp-content\/uploads\/2024\/12\/PHOTO-2024-12-23-10-14-24-e1734976257358.jpg","type":"image\/jpeg"}],"author":"Nexo Informativo","twitter_card":"summary_large_image","twitter_misc":{"Escrito por":"Nexo Informativo","Tiempo de lectura":"2 minutos"},"schema":{"@context":"https:\/\/schema.org","@graph":[{"@type":"Article","@id":"https:\/\/www.nexoinformativo.mx\/index.php\/2024\/12\/23\/imss-queretaro-servicios-de-salud-disponibles-las-24-horas-el-25-de-diciembre\/#article","isPartOf":{"@id":"https:\/\/www.nexoinformativo.mx\/index.php\/2024\/12\/23\/imss-queretaro-servicios-de-salud-disponibles-las-24-horas-el-25-de-diciembre\/"},"author":{"name":"Nexo Informativo","@id":"https:\/\/www.nexoinformativo.mx\/#\/schema\/person\/7749d380ba08c8ca00d7bc76fd907b7d"},"headline":"IMSS Quer\u00e9taro: Servicios de salud disponibles las 24 horas el 25 de diciembre","datePublished":"2024-12-23T14:00:09+00:00","dateModified":"2024-12-23T17:51:07+00:00","mainEntityOfPage":{"@id":"https:\/\/www.nexoinformativo.mx\/index.php\/2024\/12\/23\/imss-queretaro-servicios-de-salud-disponibles-las-24-horas-el-25-de-diciembre\/"},"wordCount":226,"commentCount":0,"publisher":{"@id":"https:\/\/www.nexoinformativo.mx\/#organization"},"image":{"@id":"https:\/\/www.nexoinformativo.mx\/index.php\/2024\/12\/23\/imss-queretaro-servicios-de-salud-disponibles-las-24-horas-el-25-de-diciembre\/#primaryimage"},"thumbnailUrl":"https:\/\/www.nexoinformativo.mx\/wp-content\/uploads\/2024\/12\/PHOTO-2024-12-23-10-14-24-e1734976257358.jpg","keywords":["IMSSQuer\u00e9taro","Navidad","salud","UrgenciasM\u00e9dicas"],"articleSection":["Estado","\u00daltima Hora"],"inLanguage":"es","potentialAction":[{"@type":"CommentAction","name":"Comment","target":["https:\/\/www.nexoinformativo.mx\/index.php\/2024\/12\/23\/imss-queretaro-servicios-de-salud-disponibles-las-24-horas-el-25-de-diciembre\/#respond"]}]},{"@type":"WebPage","@id":"https:\/\/www.nexoinformativo.mx\/index.php\/2024\/12\/23\/imss-queretaro-servicios-de-salud-disponibles-las-24-horas-el-25-de-diciembre\/","url":"https:\/\/www.nexoinformativo.mx\/index.php\/2024\/12\/23\/imss-queretaro-servicios-de-salud-disponibles-las-24-horas-el-25-de-diciembre\/","name":"IMSS Quer\u00e9taro: Servicios de salud disponibles las 24 horas el 25 de diciembre | Nexo Informativo Santiago de Quer\u00e9taro","isPartOf":{"@id":"https:\/\/www.nexoinformativo.mx\/#website"},"primaryImageOfPage":{"@id":"https:\/\/www.nexoinformativo.mx\/index.php\/2024\/12\/23\/imss-queretaro-servicios-de-salud-disponibles-las-24-horas-el-25-de-diciembre\/#primaryimage"},"image":{"@id":"https:\/\/www.nexoinformativo.mx\/index.php\/2024\/12\/23\/imss-queretaro-servicios-de-salud-disponibles-las-24-horas-el-25-de-diciembre\/#primaryimage"},"thumbnailUrl":"https:\/\/www.nexoinformativo.mx\/wp-content\/uploads\/2024\/12\/PHOTO-2024-12-23-10-14-24-e1734976257358.jpg","datePublished":"2024-12-23T14:00:09+00:00","dateModified":"2024-12-23T17:51:07+00:00","description":"IMSS Quer\u00e9taro: Servicios de salud disponibles las 24 horas el 25 de diciembre","breadcrumb":{"@id":"https:\/\/www.nexoinformativo.mx\/index.php\/2024\/12\/23\/imss-queretaro-servicios-de-salud-disponibles-las-24-horas-el-25-de-diciembre\/#breadcrumb"},"inLanguage":"es","potentialAction":[{"@type":"ReadAction","target":["https:\/\/www.nexoinformativo.mx\/index.php\/2024\/12\/23\/imss-queretaro-servicios-de-salud-disponibles-las-24-horas-el-25-de-diciembre\/"]}]},{"@type":"ImageObject","inLanguage":"es","@id":"https:\/\/www.nexoinformativo.mx\/index.php\/2024\/12\/23\/imss-queretaro-servicios-de-salud-disponibles-las-24-horas-el-25-de-diciembre\/#primaryimage","url":"https:\/\/www.nexoinformativo.mx\/wp-content\/uploads\/2024\/12\/PHOTO-2024-12-23-10-14-24-e1734976257358.jpg","contentUrl":"https:\/\/www.nexoinformativo.mx\/wp-content\/uploads\/2024\/12\/PHOTO-2024-12-23-10-14-24-e1734976257358.jpg","width":800,"height":600},{"@type":"BreadcrumbList","@id":"https:\/\/www.nexoinformativo.mx\/index.php\/2024\/12\/23\/imss-queretaro-servicios-de-salud-disponibles-las-24-horas-el-25-de-diciembre\/#breadcrumb","itemListElement":[{"@type":"ListItem","position":1,"name":"Inicio","item":"https:\/\/www.nexoinformativo.mx\/"},{"@type":"ListItem","position":2,"name":"IMSS Quer\u00e9taro: Servicios de salud disponibles las 24 horas el 25 de diciembre"}]},{"@type":"WebSite","@id":"https:\/\/www.nexoinformativo.mx\/#website","url":"https:\/\/www.nexoinformativo.mx\/","name":"Nexo Informativo Santiago de Quer\u00e9taro","description":"Explora NexoInformativo y convi\u00e9rtete en parte de una comunidad que valora el conocimiento y la verdad. Tu nexoinformativo es tu puente hacia una comprensi\u00f3n m\u00e1s profunda del mundo que te rodea.","publisher":{"@id":"https:\/\/www.nexoinformativo.mx\/#organization"},"potentialAction":[{"@type":"SearchAction","target":{"@type":"EntryPoint","urlTemplate":"https:\/\/www.nexoinformativo.mx\/?s={search_term_string}"},"query-input":{"@type":"PropertyValueSpecification","valueRequired":true,"valueName":"search_term_string"}}],"inLanguage":"es"},{"@type":"Organization","@id":"https:\/\/www.nexoinformativo.mx\/#organization","name":"Nexo Informativo Santiago de Quer\u00e9taro","url":"https:\/\/www.nexoinformativo.mx\/","logo":{"@type":"ImageObject","inLanguage":"es","@id":"https:\/\/www.nexoinformativo.mx\/#\/schema\/logo\/image\/","url":"https:\/\/www.nexoinformativo.mx\/wp-content\/uploads\/2024\/07\/nexoi-trasparente-2.png","contentUrl":"https:\/\/www.nexoinformativo.mx\/wp-content\/uploads\/2024\/07\/nexoi-trasparente-2.png","width":816,"height":339,"caption":"Nexo Informativo Santiago de Quer\u00e9taro"},"image":{"@id":"https:\/\/www.nexoinformativo.mx\/#\/schema\/logo\/image\/"},"sameAs":["https:\/\/www.facebook.com\/people\/Nexo-Informativo\/61564066885511\/"]},{"@type":"Person","@id":"https:\/\/www.nexoinformativo.mx\/#\/schema\/person\/7749d380ba08c8ca00d7bc76fd907b7d","name":"Nexo Informativo","image":{"@type":"ImageObject","inLanguage":"es","@id":"https:\/\/www.nexoinformativo.mx\/#\/schema\/person\/image\/","url":"https:\/\/secure.gravatar.com\/avatar\/dde2928154642a13d95f87ddf1ea9718fe2b46760a005c53e41ff5ad610704e6?s=96&d=mm&r=g","contentUrl":"https:\/\/secure.gravatar.com\/avatar\/dde2928154642a13d95f87ddf1ea9718fe2b46760a005c53e41ff5ad610704e6?s=96&d=mm&r=g","caption":"Nexo Informativo"},"url":"https:\/\/www.nexoinformativo.mx\/index.php\/author\/edicion\/"}]}},"_links":{"self":[{"href":"https:\/\/www.nexoinformativo.mx\/index.php\/wp-json\/wp\/v2\/posts\/8675","targetHints":{"allow":["GET"]}}],"collection":[{"href":"https:\/\/www.nexoinformativo.mx\/index.php\/wp-json\/wp\/v2\/posts"}],"about":[{"href":"https:\/\/www.nexoinformativo.mx\/index.php\/wp-json\/wp\/v2\/types\/post"}],"author":[{"embeddable":true,"href":"https:\/\/www.nexoinformativo.mx\/index.php\/wp-json\/wp\/v2\/users\/3"}],"replies":[{"embeddable":true,"href":"https:\/\/www.nexoinformativo.mx\/index.php\/wp-json\/wp\/v2\/comments?post=8675"}],"version-history":[{"count":2,"href":"https:\/\/www.nexoinformativo.mx\/index.php\/wp-json\/wp\/v2\/posts\/8675\/revisions"}],"predecessor-version":[{"id":8677,"href":"https:\/\/www.nexoinformativo.mx\/index.php\/wp-json\/wp\/v2\/posts\/8675\/revisions\/8677"}],"wp:featuredmedia":[{"embeddable":true,"href":"https:\/\/www.nexoinformativo.mx\/index.php\/wp-json\/wp\/v2\/media\/8678"}],"wp:attachment":[{"href":"https:\/\/www.nexoinformativo.mx\/index.php\/wp-json\/wp\/v2\/media?parent=8675"}],"wp:term":[{"taxonomy":"category","embeddable":true,"href":"https:\/\/www.nexoinformativo.mx\/index.php\/wp-json\/wp\/v2\/categories?post=8675"},{"taxonomy":"post_tag","embeddable":true,"href":"https:\/\/www.nexoinformativo.mx\/index.php\/wp-json\/wp\/v2\/tags?post=8675"}],"curies":[{"name":"wp","href":"https:\/\/api.w.org\/{rel}","templated":true}]}}