{"id":8693,"date":"2024-12-23T10:00:59","date_gmt":"2024-12-23T16:00:59","guid":{"rendered":"https:\/\/www.nexoinformativo.mx\/?p=8693"},"modified":"2024-12-23T12:51:29","modified_gmt":"2024-12-23T18:51:29","slug":"segob-fortalece-proteccion-a-defensores-de-derechos-humanos-y-periodistas","status":"publish","type":"post","link":"https:\/\/www.nexoinformativo.mx\/index.php\/2024\/12\/23\/segob-fortalece-proteccion-a-defensores-de-derechos-humanos-y-periodistas\/","title":{"rendered":"Segob fortalece protecci\u00f3n a defensores de derechos humanos y periodistas"},"content":{"rendered":"<p style=\"text-align: justify;\" data-sourcepos=\"11:1-11:344\">La Secretar\u00eda de Gobernaci\u00f3n (Segob) ha redoblado esfuerzos para garantizar la protecci\u00f3n de personas defensoras de derechos humanos y periodistas en M\u00e9xico.<\/p>\n<p>&nbsp;<\/p>\n<p style=\"text-align: justify;\" data-sourcepos=\"11:1-11:344\">As\u00ed lo dio a conocer el subsecretario de Derechos Humanos, Poblaci\u00f3n y Migraci\u00f3n, Arturo Medina, durante la 139\u00aa Sesi\u00f3n Ordinaria de la Junta de Gobierno del Mecanismo de Protecci\u00f3n.<\/p>\n<p>&nbsp;<\/p>\n<p style=\"text-align: justify;\" data-sourcepos=\"13:1-13:316\">Medina destac\u00f3 que este a\u00f1o se ha triplicado la capacidad de atenci\u00f3n del Mecanismo, brindando protecci\u00f3n a m\u00e1s de 2 mil 352 personas. Adem\u00e1s, se han realizado importantes avances en materia de g\u00e9nero, con la presentaci\u00f3n de una gu\u00eda para transversalizar la perspectiva de g\u00e9nero en todas las acciones del Mecanismo.<\/p>\n<p>&nbsp;<\/p>\n<p style=\"text-align: justify;\" data-sourcepos=\"15:1-15:62\"><strong>Entre los logros m\u00e1s destacados de este a\u00f1o se encuentran:<\/strong><\/p>\n<p style=\"text-align: justify;\">\n<strong>*Colaboraci\u00f3n con entidades federativas:<\/strong> El Mecanismo ha participado en diversas actividades en estados como Chiapas, Guanajuato y Baja California Sur, fortaleciendo las capacidades locales para proteger a defensores y periodistas.<\/p>\n<p style=\"text-align: justify;\"><strong>*Avances en materia de g\u00e9nero:<\/strong> Se ha impulsado la igualdad de g\u00e9nero en el Mecanismo, a trav\u00e9s de la presentaci\u00f3n de una gu\u00eda y la realizaci\u00f3n de talleres.<\/p>\n<p style=\"text-align: justify;\"><strong>*Participaci\u00f3n en foros internacionales:<\/strong> El Mecanismo ha participado en foros internacionales sobre la defensa del medio ambiente, en el marco del Acuerdo de Escaz\u00fa.<\/p>\n<p style=\"text-align: justify;\">\n<p style=\"text-align: justify;\" data-sourcepos=\"21:1-21:295\">La Segob ha demostrado su compromiso con la protecci\u00f3n de quienes defienden los derechos humanos y la libertad de expresi\u00f3n en M\u00e9xico.<\/p>\n<p>&nbsp;<\/p>\n<p style=\"text-align: justify;\" data-sourcepos=\"21:1-21:295\">Al fortalecer el Mecanismo de Protecci\u00f3n, se contribuye a crear un entorno m\u00e1s seguro para quienes trabajan en favor de una sociedad mas justa y equitativa.<\/p>\n<p>&nbsp;<\/p>\n<p style=\"text-align: center;\" data-sourcepos=\"21:1-21:295\"><em><strong>\u00a1Informaci\u00f3n que transforma!<\/strong><\/em><\/p>\n","protected":false},"excerpt":{"rendered":"<p>La Secretar\u00eda de Gobernaci\u00f3n (Segob) ha redoblado esfuerzos para garantizar la protecci\u00f3n de personas defensoras de derechos humanos y periodistas en M\u00e9xico.<\/p>\n","protected":false},"author":3,"featured_media":8694,"comment_status":"open","ping_status":"open","sticky":false,"template":"","format":"standard","meta":{"footnotes":""},"categories":[88,58],"tags":[499,2785,2786,2214],"class_list":["post-8693","post","type-post","status-publish","format-standard","has-post-thumbnail","hentry","category-nacional","category-ultima-hora","tag-derechoshumanos","tag-periodistas","tag-proteccion","tag-segob"],"yoast_head":"<!-- This site is optimized with the Yoast SEO plugin v25.0 - https:\/\/yoast.com\/wordpress\/plugins\/seo\/ -->\n<title>Segob fortalece protecci\u00f3n a defensores de derechos humanos y periodistas | Nexo Informativo Santiago de Quer\u00e9taro<\/title>\n<meta name=\"description\" content=\"Segob fortalece protecci\u00f3n a defensores de derechos humanos y periodistas\" \/>\n<meta name=\"robots\" content=\"index, follow, max-snippet:-1, max-image-preview:large, max-video-preview:-1\" \/>\n<link rel=\"canonical\" href=\"https:\/\/www.nexoinformativo.mx\/index.php\/2024\/12\/23\/segob-fortalece-proteccion-a-defensores-de-derechos-humanos-y-periodistas\/\" \/>\n<meta property=\"og:locale\" content=\"es_MX\" \/>\n<meta property=\"og:type\" content=\"article\" \/>\n<meta property=\"og:title\" content=\"Segob fortalece protecci\u00f3n a defensores de derechos humanos y periodistas | Nexo Informativo Santiago de Quer\u00e9taro\" \/>\n<meta property=\"og:description\" content=\"Segob fortalece protecci\u00f3n a defensores de derechos humanos y periodistas\" \/>\n<meta property=\"og:url\" content=\"https:\/\/www.nexoinformativo.mx\/index.php\/2024\/12\/23\/segob-fortalece-proteccion-a-defensores-de-derechos-humanos-y-periodistas\/\" \/>\n<meta property=\"og:site_name\" content=\"Nexo Informativo Santiago de Quer\u00e9taro\" \/>\n<meta property=\"article:publisher\" content=\"https:\/\/www.facebook.com\/people\/Nexo-Informativo\/61564066885511\/\" \/>\n<meta property=\"article:published_time\" content=\"2024-12-23T16:00:59+00:00\" \/>\n<meta property=\"article:modified_time\" content=\"2024-12-23T18:51:29+00:00\" \/>\n<meta property=\"og:image\" content=\"https:\/\/www.nexoinformativo.mx\/wp-content\/uploads\/2024\/12\/IMG_8781.jpg\" \/>\n\t<meta property=\"og:image:width\" content=\"650\" \/>\n\t<meta property=\"og:image:height\" content=\"380\" \/>\n\t<meta property=\"og:image:type\" content=\"image\/jpeg\" \/>\n<meta name=\"author\" content=\"Nexo Informativo\" \/>\n<meta name=\"twitter:card\" content=\"summary_large_image\" \/>\n<meta name=\"twitter:label1\" content=\"Escrito por\" \/>\n\t<meta name=\"twitter:data1\" content=\"Nexo Informativo\" \/>\n\t<meta name=\"twitter:label2\" content=\"Tiempo de lectura\" \/>\n\t<meta name=\"twitter:data2\" content=\"2 minutos\" \/>\n<script type=\"application\/ld+json\" class=\"yoast-schema-graph\">{\"@context\":\"https:\/\/schema.org\",\"@graph\":[{\"@type\":\"Article\",\"@id\":\"https:\/\/www.nexoinformativo.mx\/index.php\/2024\/12\/23\/segob-fortalece-proteccion-a-defensores-de-derechos-humanos-y-periodistas\/#article\",\"isPartOf\":{\"@id\":\"https:\/\/www.nexoinformativo.mx\/index.php\/2024\/12\/23\/segob-fortalece-proteccion-a-defensores-de-derechos-humanos-y-periodistas\/\"},\"author\":{\"name\":\"Nexo Informativo\",\"@id\":\"https:\/\/www.nexoinformativo.mx\/#\/schema\/person\/7749d380ba08c8ca00d7bc76fd907b7d\"},\"headline\":\"Segob fortalece protecci\u00f3n a defensores de derechos humanos y periodistas\",\"datePublished\":\"2024-12-23T16:00:59+00:00\",\"dateModified\":\"2024-12-23T18:51:29+00:00\",\"mainEntityOfPage\":{\"@id\":\"https:\/\/www.nexoinformativo.mx\/index.php\/2024\/12\/23\/segob-fortalece-proteccion-a-defensores-de-derechos-humanos-y-periodistas\/\"},\"wordCount\":291,\"commentCount\":0,\"publisher\":{\"@id\":\"https:\/\/www.nexoinformativo.mx\/#organization\"},\"image\":{\"@id\":\"https:\/\/www.nexoinformativo.mx\/index.php\/2024\/12\/23\/segob-fortalece-proteccion-a-defensores-de-derechos-humanos-y-periodistas\/#primaryimage\"},\"thumbnailUrl\":\"https:\/\/www.nexoinformativo.mx\/wp-content\/uploads\/2024\/12\/IMG_8781.jpg\",\"keywords\":[\"DerechosHumanos\",\"Periodistas\",\"Protecci\u00f3n\",\"Segob\"],\"articleSection\":[\"Nacional\",\"\u00daltima Hora\"],\"inLanguage\":\"es\",\"potentialAction\":[{\"@type\":\"CommentAction\",\"name\":\"Comment\",\"target\":[\"https:\/\/www.nexoinformativo.mx\/index.php\/2024\/12\/23\/segob-fortalece-proteccion-a-defensores-de-derechos-humanos-y-periodistas\/#respond\"]}]},{\"@type\":\"WebPage\",\"@id\":\"https:\/\/www.nexoinformativo.mx\/index.php\/2024\/12\/23\/segob-fortalece-proteccion-a-defensores-de-derechos-humanos-y-periodistas\/\",\"url\":\"https:\/\/www.nexoinformativo.mx\/index.php\/2024\/12\/23\/segob-fortalece-proteccion-a-defensores-de-derechos-humanos-y-periodistas\/\",\"name\":\"Segob fortalece protecci\u00f3n a defensores de derechos humanos y periodistas | Nexo Informativo Santiago de Quer\u00e9taro\",\"isPartOf\":{\"@id\":\"https:\/\/www.nexoinformativo.mx\/#website\"},\"primaryImageOfPage\":{\"@id\":\"https:\/\/www.nexoinformativo.mx\/index.php\/2024\/12\/23\/segob-fortalece-proteccion-a-defensores-de-derechos-humanos-y-periodistas\/#primaryimage\"},\"image\":{\"@id\":\"https:\/\/www.nexoinformativo.mx\/index.php\/2024\/12\/23\/segob-fortalece-proteccion-a-defensores-de-derechos-humanos-y-periodistas\/#primaryimage\"},\"thumbnailUrl\":\"https:\/\/www.nexoinformativo.mx\/wp-content\/uploads\/2024\/12\/IMG_8781.jpg\",\"datePublished\":\"2024-12-23T16:00:59+00:00\",\"dateModified\":\"2024-12-23T18:51:29+00:00\",\"description\":\"Segob fortalece protecci\u00f3n a defensores de derechos humanos y periodistas\",\"breadcrumb\":{\"@id\":\"https:\/\/www.nexoinformativo.mx\/index.php\/2024\/12\/23\/segob-fortalece-proteccion-a-defensores-de-derechos-humanos-y-periodistas\/#breadcrumb\"},\"inLanguage\":\"es\",\"potentialAction\":[{\"@type\":\"ReadAction\",\"target\":[\"https:\/\/www.nexoinformativo.mx\/index.php\/2024\/12\/23\/segob-fortalece-proteccion-a-defensores-de-derechos-humanos-y-periodistas\/\"]}]},{\"@type\":\"ImageObject\",\"inLanguage\":\"es\",\"@id\":\"https:\/\/www.nexoinformativo.mx\/index.php\/2024\/12\/23\/segob-fortalece-proteccion-a-defensores-de-derechos-humanos-y-periodistas\/#primaryimage\",\"url\":\"https:\/\/www.nexoinformativo.mx\/wp-content\/uploads\/2024\/12\/IMG_8781.jpg\",\"contentUrl\":\"https:\/\/www.nexoinformativo.mx\/wp-content\/uploads\/2024\/12\/IMG_8781.jpg\",\"width\":650,\"height\":380},{\"@type\":\"BreadcrumbList\",\"@id\":\"https:\/\/www.nexoinformativo.mx\/index.php\/2024\/12\/23\/segob-fortalece-proteccion-a-defensores-de-derechos-humanos-y-periodistas\/#breadcrumb\",\"itemListElement\":[{\"@type\":\"ListItem\",\"position\":1,\"name\":\"Inicio\",\"item\":\"https:\/\/www.nexoinformativo.mx\/\"},{\"@type\":\"ListItem\",\"position\":2,\"name\":\"Segob fortalece protecci\u00f3n a defensores de derechos humanos y periodistas\"}]},{\"@type\":\"WebSite\",\"@id\":\"https:\/\/www.nexoinformativo.mx\/#website\",\"url\":\"https:\/\/www.nexoinformativo.mx\/\",\"name\":\"Nexo Informativo Santiago de Quer\u00e9taro\",\"description\":\"Explora NexoInformativo y convi\u00e9rtete en parte de una comunidad que valora el conocimiento y la verdad. Tu nexoinformativo es tu puente hacia una comprensi\u00f3n m\u00e1s profunda del mundo que te rodea.\",\"publisher\":{\"@id\":\"https:\/\/www.nexoinformativo.mx\/#organization\"},\"potentialAction\":[{\"@type\":\"SearchAction\",\"target\":{\"@type\":\"EntryPoint\",\"urlTemplate\":\"https:\/\/www.nexoinformativo.mx\/?s={search_term_string}\"},\"query-input\":{\"@type\":\"PropertyValueSpecification\",\"valueRequired\":true,\"valueName\":\"search_term_string\"}}],\"inLanguage\":\"es\"},{\"@type\":\"Organization\",\"@id\":\"https:\/\/www.nexoinformativo.mx\/#organization\",\"name\":\"Nexo Informativo Santiago de Quer\u00e9taro\",\"url\":\"https:\/\/www.nexoinformativo.mx\/\",\"logo\":{\"@type\":\"ImageObject\",\"inLanguage\":\"es\",\"@id\":\"https:\/\/www.nexoinformativo.mx\/#\/schema\/logo\/image\/\",\"url\":\"https:\/\/www.nexoinformativo.mx\/wp-content\/uploads\/2024\/07\/nexoi-trasparente-2.png\",\"contentUrl\":\"https:\/\/www.nexoinformativo.mx\/wp-content\/uploads\/2024\/07\/nexoi-trasparente-2.png\",\"width\":816,\"height\":339,\"caption\":\"Nexo Informativo Santiago de Quer\u00e9taro\"},\"image\":{\"@id\":\"https:\/\/www.nexoinformativo.mx\/#\/schema\/logo\/image\/\"},\"sameAs\":[\"https:\/\/www.facebook.com\/people\/Nexo-Informativo\/61564066885511\/\"]},{\"@type\":\"Person\",\"@id\":\"https:\/\/www.nexoinformativo.mx\/#\/schema\/person\/7749d380ba08c8ca00d7bc76fd907b7d\",\"name\":\"Nexo Informativo\",\"image\":{\"@type\":\"ImageObject\",\"inLanguage\":\"es\",\"@id\":\"https:\/\/www.nexoinformativo.mx\/#\/schema\/person\/image\/\",\"url\":\"https:\/\/secure.gravatar.com\/avatar\/dde2928154642a13d95f87ddf1ea9718fe2b46760a005c53e41ff5ad610704e6?s=96&d=mm&r=g\",\"contentUrl\":\"https:\/\/secure.gravatar.com\/avatar\/dde2928154642a13d95f87ddf1ea9718fe2b46760a005c53e41ff5ad610704e6?s=96&d=mm&r=g\",\"caption\":\"Nexo Informativo\"},\"url\":\"https:\/\/www.nexoinformativo.mx\/index.php\/author\/edicion\/\"}]}<\/script>\n<!-- \/ Yoast SEO plugin. -->","yoast_head_json":{"title":"Segob fortalece protecci\u00f3n a defensores de derechos humanos y periodistas | Nexo Informativo Santiago de Quer\u00e9taro","description":"Segob fortalece protecci\u00f3n a defensores de derechos humanos y periodistas","robots":{"index":"index","follow":"follow","max-snippet":"max-snippet:-1","max-image-preview":"max-image-preview:large","max-video-preview":"max-video-preview:-1"},"canonical":"https:\/\/www.nexoinformativo.mx\/index.php\/2024\/12\/23\/segob-fortalece-proteccion-a-defensores-de-derechos-humanos-y-periodistas\/","og_locale":"es_MX","og_type":"article","og_title":"Segob fortalece protecci\u00f3n a defensores de derechos humanos y periodistas | Nexo Informativo Santiago de Quer\u00e9taro","og_description":"Segob fortalece protecci\u00f3n a defensores de derechos humanos y periodistas","og_url":"https:\/\/www.nexoinformativo.mx\/index.php\/2024\/12\/23\/segob-fortalece-proteccion-a-defensores-de-derechos-humanos-y-periodistas\/","og_site_name":"Nexo Informativo Santiago de Quer\u00e9taro","article_publisher":"https:\/\/www.facebook.com\/people\/Nexo-Informativo\/61564066885511\/","article_published_time":"2024-12-23T16:00:59+00:00","article_modified_time":"2024-12-23T18:51:29+00:00","og_image":[{"width":650,"height":380,"url":"https:\/\/www.nexoinformativo.mx\/wp-content\/uploads\/2024\/12\/IMG_8781.jpg","type":"image\/jpeg"}],"author":"Nexo Informativo","twitter_card":"summary_large_image","twitter_misc":{"Escrito por":"Nexo Informativo","Tiempo de lectura":"2 minutos"},"schema":{"@context":"https:\/\/schema.org","@graph":[{"@type":"Article","@id":"https:\/\/www.nexoinformativo.mx\/index.php\/2024\/12\/23\/segob-fortalece-proteccion-a-defensores-de-derechos-humanos-y-periodistas\/#article","isPartOf":{"@id":"https:\/\/www.nexoinformativo.mx\/index.php\/2024\/12\/23\/segob-fortalece-proteccion-a-defensores-de-derechos-humanos-y-periodistas\/"},"author":{"name":"Nexo Informativo","@id":"https:\/\/www.nexoinformativo.mx\/#\/schema\/person\/7749d380ba08c8ca00d7bc76fd907b7d"},"headline":"Segob fortalece protecci\u00f3n a defensores de derechos humanos y periodistas","datePublished":"2024-12-23T16:00:59+00:00","dateModified":"2024-12-23T18:51:29+00:00","mainEntityOfPage":{"@id":"https:\/\/www.nexoinformativo.mx\/index.php\/2024\/12\/23\/segob-fortalece-proteccion-a-defensores-de-derechos-humanos-y-periodistas\/"},"wordCount":291,"commentCount":0,"publisher":{"@id":"https:\/\/www.nexoinformativo.mx\/#organization"},"image":{"@id":"https:\/\/www.nexoinformativo.mx\/index.php\/2024\/12\/23\/segob-fortalece-proteccion-a-defensores-de-derechos-humanos-y-periodistas\/#primaryimage"},"thumbnailUrl":"https:\/\/www.nexoinformativo.mx\/wp-content\/uploads\/2024\/12\/IMG_8781.jpg","keywords":["DerechosHumanos","Periodistas","Protecci\u00f3n","Segob"],"articleSection":["Nacional","\u00daltima Hora"],"inLanguage":"es","potentialAction":[{"@type":"CommentAction","name":"Comment","target":["https:\/\/www.nexoinformativo.mx\/index.php\/2024\/12\/23\/segob-fortalece-proteccion-a-defensores-de-derechos-humanos-y-periodistas\/#respond"]}]},{"@type":"WebPage","@id":"https:\/\/www.nexoinformativo.mx\/index.php\/2024\/12\/23\/segob-fortalece-proteccion-a-defensores-de-derechos-humanos-y-periodistas\/","url":"https:\/\/www.nexoinformativo.mx\/index.php\/2024\/12\/23\/segob-fortalece-proteccion-a-defensores-de-derechos-humanos-y-periodistas\/","name":"Segob fortalece protecci\u00f3n a defensores de derechos humanos y periodistas | Nexo Informativo Santiago de Quer\u00e9taro","isPartOf":{"@id":"https:\/\/www.nexoinformativo.mx\/#website"},"primaryImageOfPage":{"@id":"https:\/\/www.nexoinformativo.mx\/index.php\/2024\/12\/23\/segob-fortalece-proteccion-a-defensores-de-derechos-humanos-y-periodistas\/#primaryimage"},"image":{"@id":"https:\/\/www.nexoinformativo.mx\/index.php\/2024\/12\/23\/segob-fortalece-proteccion-a-defensores-de-derechos-humanos-y-periodistas\/#primaryimage"},"thumbnailUrl":"https:\/\/www.nexoinformativo.mx\/wp-content\/uploads\/2024\/12\/IMG_8781.jpg","datePublished":"2024-12-23T16:00:59+00:00","dateModified":"2024-12-23T18:51:29+00:00","description":"Segob fortalece protecci\u00f3n a defensores de derechos humanos y periodistas","breadcrumb":{"@id":"https:\/\/www.nexoinformativo.mx\/index.php\/2024\/12\/23\/segob-fortalece-proteccion-a-defensores-de-derechos-humanos-y-periodistas\/#breadcrumb"},"inLanguage":"es","potentialAction":[{"@type":"ReadAction","target":["https:\/\/www.nexoinformativo.mx\/index.php\/2024\/12\/23\/segob-fortalece-proteccion-a-defensores-de-derechos-humanos-y-periodistas\/"]}]},{"@type":"ImageObject","inLanguage":"es","@id":"https:\/\/www.nexoinformativo.mx\/index.php\/2024\/12\/23\/segob-fortalece-proteccion-a-defensores-de-derechos-humanos-y-periodistas\/#primaryimage","url":"https:\/\/www.nexoinformativo.mx\/wp-content\/uploads\/2024\/12\/IMG_8781.jpg","contentUrl":"https:\/\/www.nexoinformativo.mx\/wp-content\/uploads\/2024\/12\/IMG_8781.jpg","width":650,"height":380},{"@type":"BreadcrumbList","@id":"https:\/\/www.nexoinformativo.mx\/index.php\/2024\/12\/23\/segob-fortalece-proteccion-a-defensores-de-derechos-humanos-y-periodistas\/#breadcrumb","itemListElement":[{"@type":"ListItem","position":1,"name":"Inicio","item":"https:\/\/www.nexoinformativo.mx\/"},{"@type":"ListItem","position":2,"name":"Segob fortalece protecci\u00f3n a defensores de derechos humanos y periodistas"}]},{"@type":"WebSite","@id":"https:\/\/www.nexoinformativo.mx\/#website","url":"https:\/\/www.nexoinformativo.mx\/","name":"Nexo Informativo Santiago de Quer\u00e9taro","description":"Explora NexoInformativo y convi\u00e9rtete en parte de una comunidad que valora el conocimiento y la verdad. Tu nexoinformativo es tu puente hacia una comprensi\u00f3n m\u00e1s profunda del mundo que te rodea.","publisher":{"@id":"https:\/\/www.nexoinformativo.mx\/#organization"},"potentialAction":[{"@type":"SearchAction","target":{"@type":"EntryPoint","urlTemplate":"https:\/\/www.nexoinformativo.mx\/?s={search_term_string}"},"query-input":{"@type":"PropertyValueSpecification","valueRequired":true,"valueName":"search_term_string"}}],"inLanguage":"es"},{"@type":"Organization","@id":"https:\/\/www.nexoinformativo.mx\/#organization","name":"Nexo Informativo Santiago de Quer\u00e9taro","url":"https:\/\/www.nexoinformativo.mx\/","logo":{"@type":"ImageObject","inLanguage":"es","@id":"https:\/\/www.nexoinformativo.mx\/#\/schema\/logo\/image\/","url":"https:\/\/www.nexoinformativo.mx\/wp-content\/uploads\/2024\/07\/nexoi-trasparente-2.png","contentUrl":"https:\/\/www.nexoinformativo.mx\/wp-content\/uploads\/2024\/07\/nexoi-trasparente-2.png","width":816,"height":339,"caption":"Nexo Informativo Santiago de Quer\u00e9taro"},"image":{"@id":"https:\/\/www.nexoinformativo.mx\/#\/schema\/logo\/image\/"},"sameAs":["https:\/\/www.facebook.com\/people\/Nexo-Informativo\/61564066885511\/"]},{"@type":"Person","@id":"https:\/\/www.nexoinformativo.mx\/#\/schema\/person\/7749d380ba08c8ca00d7bc76fd907b7d","name":"Nexo Informativo","image":{"@type":"ImageObject","inLanguage":"es","@id":"https:\/\/www.nexoinformativo.mx\/#\/schema\/person\/image\/","url":"https:\/\/secure.gravatar.com\/avatar\/dde2928154642a13d95f87ddf1ea9718fe2b46760a005c53e41ff5ad610704e6?s=96&d=mm&r=g","contentUrl":"https:\/\/secure.gravatar.com\/avatar\/dde2928154642a13d95f87ddf1ea9718fe2b46760a005c53e41ff5ad610704e6?s=96&d=mm&r=g","caption":"Nexo Informativo"},"url":"https:\/\/www.nexoinformativo.mx\/index.php\/author\/edicion\/"}]}},"_links":{"self":[{"href":"https:\/\/www.nexoinformativo.mx\/index.php\/wp-json\/wp\/v2\/posts\/8693","targetHints":{"allow":["GET"]}}],"collection":[{"href":"https:\/\/www.nexoinformativo.mx\/index.php\/wp-json\/wp\/v2\/posts"}],"about":[{"href":"https:\/\/www.nexoinformativo.mx\/index.php\/wp-json\/wp\/v2\/types\/post"}],"author":[{"embeddable":true,"href":"https:\/\/www.nexoinformativo.mx\/index.php\/wp-json\/wp\/v2\/users\/3"}],"replies":[{"embeddable":true,"href":"https:\/\/www.nexoinformativo.mx\/index.php\/wp-json\/wp\/v2\/comments?post=8693"}],"version-history":[{"count":4,"href":"https:\/\/www.nexoinformativo.mx\/index.php\/wp-json\/wp\/v2\/posts\/8693\/revisions"}],"predecessor-version":[{"id":8697,"href":"https:\/\/www.nexoinformativo.mx\/index.php\/wp-json\/wp\/v2\/posts\/8693\/revisions\/8697"}],"wp:featuredmedia":[{"embeddable":true,"href":"https:\/\/www.nexoinformativo.mx\/index.php\/wp-json\/wp\/v2\/media\/8694"}],"wp:attachment":[{"href":"https:\/\/www.nexoinformativo.mx\/index.php\/wp-json\/wp\/v2\/media?parent=8693"}],"wp:term":[{"taxonomy":"category","embeddable":true,"href":"https:\/\/www.nexoinformativo.mx\/index.php\/wp-json\/wp\/v2\/categories?post=8693"},{"taxonomy":"post_tag","embeddable":true,"href":"https:\/\/www.nexoinformativo.mx\/index.php\/wp-json\/wp\/v2\/tags?post=8693"}],"curies":[{"name":"wp","href":"https:\/\/api.w.org\/{rel}","templated":true}]}}