{"id":8699,"date":"2024-12-23T10:30:49","date_gmt":"2024-12-23T16:30:49","guid":{"rendered":"https:\/\/www.nexoinformativo.mx\/?p=8699"},"modified":"2024-12-23T20:27:51","modified_gmt":"2024-12-24T02:27:51","slug":"los-angeles-reafirma-su-apoyo-a-mexico-en-la-defensa-de-los-connacionales","status":"publish","type":"post","link":"https:\/\/www.nexoinformativo.mx\/index.php\/2024\/12\/23\/los-angeles-reafirma-su-apoyo-a-mexico-en-la-defensa-de-los-connacionales\/","title":{"rendered":"Los \u00c1ngeles Reafirma su apoyo a M\u00e9xico en la defensa de los connacionales"},"content":{"rendered":"<p style=\"text-align: justify;\">La alcaldesa de Los \u00c1ngeles, Karen Bass, asegur\u00f3 al canciller Juan Ram\u00f3n de la Fuente que la ciudad seguir\u00e1 siendo aliada de M\u00e9xico en la defensa de los connacionales. Durante un encuentro, acordaron fortalecer la relaci\u00f3n y seguir impulsando proyectos binacionales que construyan puentes entre ambos pueblos.<\/p>\n<p>&nbsp;<\/p>\n<p style=\"text-align: justify;\">En la reuni\u00f3n, los concejales Hugo Soto Mart\u00ednez, Eunisses Hern\u00e1ndez e Imelda Padilla, quienes promovieron la declaraci\u00f3n de Los \u00c1ngeles como ciudad santuario, reafirmaron su compromiso de no cooperar con las autoridades federales en la aplicaci\u00f3n de leyes migratorias.<\/p>\n<p>&nbsp;<\/p>\n<p style=\"text-align: justify;\">De la Fuente agradeci\u00f3 esta iniciativa que ratifica el car\u00e1cter de aliada de la ciudad en la protecci\u00f3n y defensa de la comunidad mexicana.<\/p>\n<p>&nbsp;<\/p>\n<p style=\"text-align: justify;\">El canciller destac\u00f3 que la comunidad mexicana en Los \u00c1ngeles, la m\u00e1s numerosa en Estados Unidos, es fundamental para la econom\u00eda del estado y del pa\u00eds, por su contribuci\u00f3n al desarrollo y bienestar a trav\u00e9s del pago de impuestos, capacidad de consumo y altos \u00edndices de participaci\u00f3n laboral.<\/p>\n<p>&nbsp;<\/p>\n<p style=\"text-align: justify;\">La comitiva encabezada por De la Fuente, integrada por el embajador Esteban Moctezuma Barrag\u00e1n, el jefe de la Unidad para Am\u00e9rica del Norte, Roberto Velasco, el consultor jur\u00eddico Pablo Arrocha y el c\u00f3nsul general Carlos Gonz\u00e1lez Guti\u00e9rrez, reafirm\u00f3 el compromiso de M\u00e9xico con la protecci\u00f3n y defensa de los connacionales en Estados Unidos.<\/p>\n<p>&nbsp;<\/p>\n<p style=\"text-align: center;\"><em><strong>\u00a1Informaci\u00f3n que transforma!<\/strong><\/em><\/p>\n","protected":false},"excerpt":{"rendered":"<p>La alcaldesa de Los \u00c1ngeles, Karen Bass, asegur\u00f3 al canciller Juan Ram\u00f3n de la Fuente que la ciudad seguir\u00e1 siendo aliada de M\u00e9xico en la defensa de los connacionales. Durante un encuentro, acordaron fortalecer la relaci\u00f3n y seguir impulsando proyectos binacionales que construyan puentes entre ambos pueblos.<\/p>\n","protected":false},"author":3,"featured_media":8701,"comment_status":"open","ping_status":"open","sticky":false,"template":"","format":"standard","meta":{"footnotes":""},"categories":[88,58],"tags":[2787,2788,1637,2789],"class_list":["post-8699","post","type-post","status-publish","format-standard","has-post-thumbnail","hentry","category-nacional","category-ultima-hora","tag-apoyomigrante","tag-ciudadsantuario","tag-juanramondelafuente","tag-losangeles"],"yoast_head":"<!-- This site is optimized with the Yoast SEO plugin v25.0 - https:\/\/yoast.com\/wordpress\/plugins\/seo\/ -->\n<title>Los \u00c1ngeles Reafirma su apoyo a M\u00e9xico en la defensa de los connacionales | Nexo Informativo Santiago de Quer\u00e9taro<\/title>\n<meta name=\"description\" content=\"Los \u00c1ngeles Reafirma su Apoyo a M\u00e9xico en la Defensa de los Connacionales\" \/>\n<meta name=\"robots\" content=\"index, follow, max-snippet:-1, max-image-preview:large, max-video-preview:-1\" \/>\n<link rel=\"canonical\" href=\"https:\/\/www.nexoinformativo.mx\/index.php\/2024\/12\/23\/los-angeles-reafirma-su-apoyo-a-mexico-en-la-defensa-de-los-connacionales\/\" \/>\n<meta property=\"og:locale\" content=\"es_MX\" \/>\n<meta property=\"og:type\" content=\"article\" \/>\n<meta property=\"og:title\" content=\"Los \u00c1ngeles Reafirma su apoyo a M\u00e9xico en la defensa de los connacionales | Nexo Informativo Santiago de Quer\u00e9taro\" \/>\n<meta property=\"og:description\" content=\"Los \u00c1ngeles Reafirma su Apoyo a M\u00e9xico en la Defensa de los Connacionales\" \/>\n<meta property=\"og:url\" content=\"https:\/\/www.nexoinformativo.mx\/index.php\/2024\/12\/23\/los-angeles-reafirma-su-apoyo-a-mexico-en-la-defensa-de-los-connacionales\/\" \/>\n<meta property=\"og:site_name\" content=\"Nexo Informativo Santiago de Quer\u00e9taro\" \/>\n<meta property=\"article:publisher\" content=\"https:\/\/www.facebook.com\/people\/Nexo-Informativo\/61564066885511\/\" \/>\n<meta property=\"article:published_time\" content=\"2024-12-23T16:30:49+00:00\" \/>\n<meta property=\"article:modified_time\" content=\"2024-12-24T02:27:51+00:00\" \/>\n<meta property=\"og:image\" content=\"https:\/\/www.nexoinformativo.mx\/wp-content\/uploads\/2024\/12\/IMG_8782.jpg\" \/>\n\t<meta property=\"og:image:width\" content=\"629\" \/>\n\t<meta property=\"og:image:height\" content=\"380\" \/>\n\t<meta property=\"og:image:type\" content=\"image\/jpeg\" \/>\n<meta name=\"author\" content=\"Nexo Informativo\" \/>\n<meta name=\"twitter:card\" content=\"summary_large_image\" \/>\n<meta name=\"twitter:label1\" content=\"Escrito por\" \/>\n\t<meta name=\"twitter:data1\" content=\"Nexo Informativo\" \/>\n\t<meta name=\"twitter:label2\" content=\"Tiempo de lectura\" \/>\n\t<meta name=\"twitter:data2\" content=\"2 minutos\" \/>\n<script type=\"application\/ld+json\" class=\"yoast-schema-graph\">{\"@context\":\"https:\/\/schema.org\",\"@graph\":[{\"@type\":\"Article\",\"@id\":\"https:\/\/www.nexoinformativo.mx\/index.php\/2024\/12\/23\/los-angeles-reafirma-su-apoyo-a-mexico-en-la-defensa-de-los-connacionales\/#article\",\"isPartOf\":{\"@id\":\"https:\/\/www.nexoinformativo.mx\/index.php\/2024\/12\/23\/los-angeles-reafirma-su-apoyo-a-mexico-en-la-defensa-de-los-connacionales\/\"},\"author\":{\"name\":\"Nexo Informativo\",\"@id\":\"https:\/\/www.nexoinformativo.mx\/#\/schema\/person\/7749d380ba08c8ca00d7bc76fd907b7d\"},\"headline\":\"Los \u00c1ngeles Reafirma su apoyo a M\u00e9xico en la defensa de los connacionales\",\"datePublished\":\"2024-12-23T16:30:49+00:00\",\"dateModified\":\"2024-12-24T02:27:51+00:00\",\"mainEntityOfPage\":{\"@id\":\"https:\/\/www.nexoinformativo.mx\/index.php\/2024\/12\/23\/los-angeles-reafirma-su-apoyo-a-mexico-en-la-defensa-de-los-connacionales\/\"},\"wordCount\":258,\"commentCount\":0,\"publisher\":{\"@id\":\"https:\/\/www.nexoinformativo.mx\/#organization\"},\"image\":{\"@id\":\"https:\/\/www.nexoinformativo.mx\/index.php\/2024\/12\/23\/los-angeles-reafirma-su-apoyo-a-mexico-en-la-defensa-de-los-connacionales\/#primaryimage\"},\"thumbnailUrl\":\"https:\/\/www.nexoinformativo.mx\/wp-content\/uploads\/2024\/12\/IMG_8782.jpg\",\"keywords\":[\"ApoyoMigrante\",\"CiudadSantuario\",\"JuanRam\u00f3nDeLaFuente\",\"Los\u00c1ngeles\"],\"articleSection\":[\"Nacional\",\"\u00daltima Hora\"],\"inLanguage\":\"es\",\"potentialAction\":[{\"@type\":\"CommentAction\",\"name\":\"Comment\",\"target\":[\"https:\/\/www.nexoinformativo.mx\/index.php\/2024\/12\/23\/los-angeles-reafirma-su-apoyo-a-mexico-en-la-defensa-de-los-connacionales\/#respond\"]}]},{\"@type\":\"WebPage\",\"@id\":\"https:\/\/www.nexoinformativo.mx\/index.php\/2024\/12\/23\/los-angeles-reafirma-su-apoyo-a-mexico-en-la-defensa-de-los-connacionales\/\",\"url\":\"https:\/\/www.nexoinformativo.mx\/index.php\/2024\/12\/23\/los-angeles-reafirma-su-apoyo-a-mexico-en-la-defensa-de-los-connacionales\/\",\"name\":\"Los \u00c1ngeles Reafirma su apoyo a M\u00e9xico en la defensa de los connacionales | Nexo Informativo Santiago de Quer\u00e9taro\",\"isPartOf\":{\"@id\":\"https:\/\/www.nexoinformativo.mx\/#website\"},\"primaryImageOfPage\":{\"@id\":\"https:\/\/www.nexoinformativo.mx\/index.php\/2024\/12\/23\/los-angeles-reafirma-su-apoyo-a-mexico-en-la-defensa-de-los-connacionales\/#primaryimage\"},\"image\":{\"@id\":\"https:\/\/www.nexoinformativo.mx\/index.php\/2024\/12\/23\/los-angeles-reafirma-su-apoyo-a-mexico-en-la-defensa-de-los-connacionales\/#primaryimage\"},\"thumbnailUrl\":\"https:\/\/www.nexoinformativo.mx\/wp-content\/uploads\/2024\/12\/IMG_8782.jpg\",\"datePublished\":\"2024-12-23T16:30:49+00:00\",\"dateModified\":\"2024-12-24T02:27:51+00:00\",\"description\":\"Los \u00c1ngeles Reafirma su Apoyo a M\u00e9xico en la Defensa de los Connacionales\",\"breadcrumb\":{\"@id\":\"https:\/\/www.nexoinformativo.mx\/index.php\/2024\/12\/23\/los-angeles-reafirma-su-apoyo-a-mexico-en-la-defensa-de-los-connacionales\/#breadcrumb\"},\"inLanguage\":\"es\",\"potentialAction\":[{\"@type\":\"ReadAction\",\"target\":[\"https:\/\/www.nexoinformativo.mx\/index.php\/2024\/12\/23\/los-angeles-reafirma-su-apoyo-a-mexico-en-la-defensa-de-los-connacionales\/\"]}]},{\"@type\":\"ImageObject\",\"inLanguage\":\"es\",\"@id\":\"https:\/\/www.nexoinformativo.mx\/index.php\/2024\/12\/23\/los-angeles-reafirma-su-apoyo-a-mexico-en-la-defensa-de-los-connacionales\/#primaryimage\",\"url\":\"https:\/\/www.nexoinformativo.mx\/wp-content\/uploads\/2024\/12\/IMG_8782.jpg\",\"contentUrl\":\"https:\/\/www.nexoinformativo.mx\/wp-content\/uploads\/2024\/12\/IMG_8782.jpg\",\"width\":629,\"height\":380},{\"@type\":\"BreadcrumbList\",\"@id\":\"https:\/\/www.nexoinformativo.mx\/index.php\/2024\/12\/23\/los-angeles-reafirma-su-apoyo-a-mexico-en-la-defensa-de-los-connacionales\/#breadcrumb\",\"itemListElement\":[{\"@type\":\"ListItem\",\"position\":1,\"name\":\"Inicio\",\"item\":\"https:\/\/www.nexoinformativo.mx\/\"},{\"@type\":\"ListItem\",\"position\":2,\"name\":\"Los \u00c1ngeles Reafirma su apoyo a M\u00e9xico en la defensa de los connacionales\"}]},{\"@type\":\"WebSite\",\"@id\":\"https:\/\/www.nexoinformativo.mx\/#website\",\"url\":\"https:\/\/www.nexoinformativo.mx\/\",\"name\":\"Nexo Informativo Santiago de Quer\u00e9taro\",\"description\":\"Explora NexoInformativo y convi\u00e9rtete en parte de una comunidad que valora el conocimiento y la verdad. Tu nexoinformativo es tu puente hacia una comprensi\u00f3n m\u00e1s profunda del mundo que te rodea.\",\"publisher\":{\"@id\":\"https:\/\/www.nexoinformativo.mx\/#organization\"},\"potentialAction\":[{\"@type\":\"SearchAction\",\"target\":{\"@type\":\"EntryPoint\",\"urlTemplate\":\"https:\/\/www.nexoinformativo.mx\/?s={search_term_string}\"},\"query-input\":{\"@type\":\"PropertyValueSpecification\",\"valueRequired\":true,\"valueName\":\"search_term_string\"}}],\"inLanguage\":\"es\"},{\"@type\":\"Organization\",\"@id\":\"https:\/\/www.nexoinformativo.mx\/#organization\",\"name\":\"Nexo Informativo Santiago de Quer\u00e9taro\",\"url\":\"https:\/\/www.nexoinformativo.mx\/\",\"logo\":{\"@type\":\"ImageObject\",\"inLanguage\":\"es\",\"@id\":\"https:\/\/www.nexoinformativo.mx\/#\/schema\/logo\/image\/\",\"url\":\"https:\/\/www.nexoinformativo.mx\/wp-content\/uploads\/2024\/07\/nexoi-trasparente-2.png\",\"contentUrl\":\"https:\/\/www.nexoinformativo.mx\/wp-content\/uploads\/2024\/07\/nexoi-trasparente-2.png\",\"width\":816,\"height\":339,\"caption\":\"Nexo Informativo Santiago de Quer\u00e9taro\"},\"image\":{\"@id\":\"https:\/\/www.nexoinformativo.mx\/#\/schema\/logo\/image\/\"},\"sameAs\":[\"https:\/\/www.facebook.com\/people\/Nexo-Informativo\/61564066885511\/\"]},{\"@type\":\"Person\",\"@id\":\"https:\/\/www.nexoinformativo.mx\/#\/schema\/person\/7749d380ba08c8ca00d7bc76fd907b7d\",\"name\":\"Nexo Informativo\",\"image\":{\"@type\":\"ImageObject\",\"inLanguage\":\"es\",\"@id\":\"https:\/\/www.nexoinformativo.mx\/#\/schema\/person\/image\/\",\"url\":\"https:\/\/secure.gravatar.com\/avatar\/dde2928154642a13d95f87ddf1ea9718fe2b46760a005c53e41ff5ad610704e6?s=96&d=mm&r=g\",\"contentUrl\":\"https:\/\/secure.gravatar.com\/avatar\/dde2928154642a13d95f87ddf1ea9718fe2b46760a005c53e41ff5ad610704e6?s=96&d=mm&r=g\",\"caption\":\"Nexo Informativo\"},\"url\":\"https:\/\/www.nexoinformativo.mx\/index.php\/author\/edicion\/\"}]}<\/script>\n<!-- \/ Yoast SEO plugin. -->","yoast_head_json":{"title":"Los \u00c1ngeles Reafirma su apoyo a M\u00e9xico en la defensa de los connacionales | Nexo Informativo Santiago de Quer\u00e9taro","description":"Los \u00c1ngeles Reafirma su Apoyo a M\u00e9xico en la Defensa de los Connacionales","robots":{"index":"index","follow":"follow","max-snippet":"max-snippet:-1","max-image-preview":"max-image-preview:large","max-video-preview":"max-video-preview:-1"},"canonical":"https:\/\/www.nexoinformativo.mx\/index.php\/2024\/12\/23\/los-angeles-reafirma-su-apoyo-a-mexico-en-la-defensa-de-los-connacionales\/","og_locale":"es_MX","og_type":"article","og_title":"Los \u00c1ngeles Reafirma su apoyo a M\u00e9xico en la defensa de los connacionales | Nexo Informativo Santiago de Quer\u00e9taro","og_description":"Los \u00c1ngeles Reafirma su Apoyo a M\u00e9xico en la Defensa de los Connacionales","og_url":"https:\/\/www.nexoinformativo.mx\/index.php\/2024\/12\/23\/los-angeles-reafirma-su-apoyo-a-mexico-en-la-defensa-de-los-connacionales\/","og_site_name":"Nexo Informativo Santiago de Quer\u00e9taro","article_publisher":"https:\/\/www.facebook.com\/people\/Nexo-Informativo\/61564066885511\/","article_published_time":"2024-12-23T16:30:49+00:00","article_modified_time":"2024-12-24T02:27:51+00:00","og_image":[{"width":629,"height":380,"url":"https:\/\/www.nexoinformativo.mx\/wp-content\/uploads\/2024\/12\/IMG_8782.jpg","type":"image\/jpeg"}],"author":"Nexo Informativo","twitter_card":"summary_large_image","twitter_misc":{"Escrito por":"Nexo Informativo","Tiempo de lectura":"2 minutos"},"schema":{"@context":"https:\/\/schema.org","@graph":[{"@type":"Article","@id":"https:\/\/www.nexoinformativo.mx\/index.php\/2024\/12\/23\/los-angeles-reafirma-su-apoyo-a-mexico-en-la-defensa-de-los-connacionales\/#article","isPartOf":{"@id":"https:\/\/www.nexoinformativo.mx\/index.php\/2024\/12\/23\/los-angeles-reafirma-su-apoyo-a-mexico-en-la-defensa-de-los-connacionales\/"},"author":{"name":"Nexo Informativo","@id":"https:\/\/www.nexoinformativo.mx\/#\/schema\/person\/7749d380ba08c8ca00d7bc76fd907b7d"},"headline":"Los \u00c1ngeles Reafirma su apoyo a M\u00e9xico en la defensa de los connacionales","datePublished":"2024-12-23T16:30:49+00:00","dateModified":"2024-12-24T02:27:51+00:00","mainEntityOfPage":{"@id":"https:\/\/www.nexoinformativo.mx\/index.php\/2024\/12\/23\/los-angeles-reafirma-su-apoyo-a-mexico-en-la-defensa-de-los-connacionales\/"},"wordCount":258,"commentCount":0,"publisher":{"@id":"https:\/\/www.nexoinformativo.mx\/#organization"},"image":{"@id":"https:\/\/www.nexoinformativo.mx\/index.php\/2024\/12\/23\/los-angeles-reafirma-su-apoyo-a-mexico-en-la-defensa-de-los-connacionales\/#primaryimage"},"thumbnailUrl":"https:\/\/www.nexoinformativo.mx\/wp-content\/uploads\/2024\/12\/IMG_8782.jpg","keywords":["ApoyoMigrante","CiudadSantuario","JuanRam\u00f3nDeLaFuente","Los\u00c1ngeles"],"articleSection":["Nacional","\u00daltima Hora"],"inLanguage":"es","potentialAction":[{"@type":"CommentAction","name":"Comment","target":["https:\/\/www.nexoinformativo.mx\/index.php\/2024\/12\/23\/los-angeles-reafirma-su-apoyo-a-mexico-en-la-defensa-de-los-connacionales\/#respond"]}]},{"@type":"WebPage","@id":"https:\/\/www.nexoinformativo.mx\/index.php\/2024\/12\/23\/los-angeles-reafirma-su-apoyo-a-mexico-en-la-defensa-de-los-connacionales\/","url":"https:\/\/www.nexoinformativo.mx\/index.php\/2024\/12\/23\/los-angeles-reafirma-su-apoyo-a-mexico-en-la-defensa-de-los-connacionales\/","name":"Los \u00c1ngeles Reafirma su apoyo a M\u00e9xico en la defensa de los connacionales | Nexo Informativo Santiago de Quer\u00e9taro","isPartOf":{"@id":"https:\/\/www.nexoinformativo.mx\/#website"},"primaryImageOfPage":{"@id":"https:\/\/www.nexoinformativo.mx\/index.php\/2024\/12\/23\/los-angeles-reafirma-su-apoyo-a-mexico-en-la-defensa-de-los-connacionales\/#primaryimage"},"image":{"@id":"https:\/\/www.nexoinformativo.mx\/index.php\/2024\/12\/23\/los-angeles-reafirma-su-apoyo-a-mexico-en-la-defensa-de-los-connacionales\/#primaryimage"},"thumbnailUrl":"https:\/\/www.nexoinformativo.mx\/wp-content\/uploads\/2024\/12\/IMG_8782.jpg","datePublished":"2024-12-23T16:30:49+00:00","dateModified":"2024-12-24T02:27:51+00:00","description":"Los \u00c1ngeles Reafirma su Apoyo a M\u00e9xico en la Defensa de los Connacionales","breadcrumb":{"@id":"https:\/\/www.nexoinformativo.mx\/index.php\/2024\/12\/23\/los-angeles-reafirma-su-apoyo-a-mexico-en-la-defensa-de-los-connacionales\/#breadcrumb"},"inLanguage":"es","potentialAction":[{"@type":"ReadAction","target":["https:\/\/www.nexoinformativo.mx\/index.php\/2024\/12\/23\/los-angeles-reafirma-su-apoyo-a-mexico-en-la-defensa-de-los-connacionales\/"]}]},{"@type":"ImageObject","inLanguage":"es","@id":"https:\/\/www.nexoinformativo.mx\/index.php\/2024\/12\/23\/los-angeles-reafirma-su-apoyo-a-mexico-en-la-defensa-de-los-connacionales\/#primaryimage","url":"https:\/\/www.nexoinformativo.mx\/wp-content\/uploads\/2024\/12\/IMG_8782.jpg","contentUrl":"https:\/\/www.nexoinformativo.mx\/wp-content\/uploads\/2024\/12\/IMG_8782.jpg","width":629,"height":380},{"@type":"BreadcrumbList","@id":"https:\/\/www.nexoinformativo.mx\/index.php\/2024\/12\/23\/los-angeles-reafirma-su-apoyo-a-mexico-en-la-defensa-de-los-connacionales\/#breadcrumb","itemListElement":[{"@type":"ListItem","position":1,"name":"Inicio","item":"https:\/\/www.nexoinformativo.mx\/"},{"@type":"ListItem","position":2,"name":"Los \u00c1ngeles Reafirma su apoyo a M\u00e9xico en la defensa de los connacionales"}]},{"@type":"WebSite","@id":"https:\/\/www.nexoinformativo.mx\/#website","url":"https:\/\/www.nexoinformativo.mx\/","name":"Nexo Informativo Santiago de Quer\u00e9taro","description":"Explora NexoInformativo y convi\u00e9rtete en parte de una comunidad que valora el conocimiento y la verdad. Tu nexoinformativo es tu puente hacia una comprensi\u00f3n m\u00e1s profunda del mundo que te rodea.","publisher":{"@id":"https:\/\/www.nexoinformativo.mx\/#organization"},"potentialAction":[{"@type":"SearchAction","target":{"@type":"EntryPoint","urlTemplate":"https:\/\/www.nexoinformativo.mx\/?s={search_term_string}"},"query-input":{"@type":"PropertyValueSpecification","valueRequired":true,"valueName":"search_term_string"}}],"inLanguage":"es"},{"@type":"Organization","@id":"https:\/\/www.nexoinformativo.mx\/#organization","name":"Nexo Informativo Santiago de Quer\u00e9taro","url":"https:\/\/www.nexoinformativo.mx\/","logo":{"@type":"ImageObject","inLanguage":"es","@id":"https:\/\/www.nexoinformativo.mx\/#\/schema\/logo\/image\/","url":"https:\/\/www.nexoinformativo.mx\/wp-content\/uploads\/2024\/07\/nexoi-trasparente-2.png","contentUrl":"https:\/\/www.nexoinformativo.mx\/wp-content\/uploads\/2024\/07\/nexoi-trasparente-2.png","width":816,"height":339,"caption":"Nexo Informativo Santiago de Quer\u00e9taro"},"image":{"@id":"https:\/\/www.nexoinformativo.mx\/#\/schema\/logo\/image\/"},"sameAs":["https:\/\/www.facebook.com\/people\/Nexo-Informativo\/61564066885511\/"]},{"@type":"Person","@id":"https:\/\/www.nexoinformativo.mx\/#\/schema\/person\/7749d380ba08c8ca00d7bc76fd907b7d","name":"Nexo Informativo","image":{"@type":"ImageObject","inLanguage":"es","@id":"https:\/\/www.nexoinformativo.mx\/#\/schema\/person\/image\/","url":"https:\/\/secure.gravatar.com\/avatar\/dde2928154642a13d95f87ddf1ea9718fe2b46760a005c53e41ff5ad610704e6?s=96&d=mm&r=g","contentUrl":"https:\/\/secure.gravatar.com\/avatar\/dde2928154642a13d95f87ddf1ea9718fe2b46760a005c53e41ff5ad610704e6?s=96&d=mm&r=g","caption":"Nexo Informativo"},"url":"https:\/\/www.nexoinformativo.mx\/index.php\/author\/edicion\/"}]}},"_links":{"self":[{"href":"https:\/\/www.nexoinformativo.mx\/index.php\/wp-json\/wp\/v2\/posts\/8699","targetHints":{"allow":["GET"]}}],"collection":[{"href":"https:\/\/www.nexoinformativo.mx\/index.php\/wp-json\/wp\/v2\/posts"}],"about":[{"href":"https:\/\/www.nexoinformativo.mx\/index.php\/wp-json\/wp\/v2\/types\/post"}],"author":[{"embeddable":true,"href":"https:\/\/www.nexoinformativo.mx\/index.php\/wp-json\/wp\/v2\/users\/3"}],"replies":[{"embeddable":true,"href":"https:\/\/www.nexoinformativo.mx\/index.php\/wp-json\/wp\/v2\/comments?post=8699"}],"version-history":[{"count":4,"href":"https:\/\/www.nexoinformativo.mx\/index.php\/wp-json\/wp\/v2\/posts\/8699\/revisions"}],"predecessor-version":[{"id":8720,"href":"https:\/\/www.nexoinformativo.mx\/index.php\/wp-json\/wp\/v2\/posts\/8699\/revisions\/8720"}],"wp:featuredmedia":[{"embeddable":true,"href":"https:\/\/www.nexoinformativo.mx\/index.php\/wp-json\/wp\/v2\/media\/8701"}],"wp:attachment":[{"href":"https:\/\/www.nexoinformativo.mx\/index.php\/wp-json\/wp\/v2\/media?parent=8699"}],"wp:term":[{"taxonomy":"category","embeddable":true,"href":"https:\/\/www.nexoinformativo.mx\/index.php\/wp-json\/wp\/v2\/categories?post=8699"},{"taxonomy":"post_tag","embeddable":true,"href":"https:\/\/www.nexoinformativo.mx\/index.php\/wp-json\/wp\/v2\/tags?post=8699"}],"curies":[{"name":"wp","href":"https:\/\/api.w.org\/{rel}","templated":true}]}}