{"id":8703,"date":"2024-12-23T11:00:48","date_gmt":"2024-12-23T17:00:48","guid":{"rendered":"https:\/\/www.nexoinformativo.mx\/?p=8703"},"modified":"2024-12-23T13:41:32","modified_gmt":"2024-12-23T19:41:32","slug":"extremar-precauciones-fuertes-vientos-heladas-y-lluvias-en-gran-parte-de-mexico","status":"publish","type":"post","link":"https:\/\/www.nexoinformativo.mx\/index.php\/2024\/12\/23\/extremar-precauciones-fuertes-vientos-heladas-y-lluvias-en-gran-parte-de-mexico\/","title":{"rendered":"\u00a1Extremar precauciones! Fuertes vientos, heladas y lluvias en gran parte de M\u00e9xico"},"content":{"rendered":"<p style=\"text-align: justify;\" data-sourcepos=\"11:1-11:233\">M\u00e9xico se prepara para enfrentar un clima extremo durante las pr\u00f3ximas horas. El Servicio Meteorol\u00f3gico Nacional (SMN) ha emitido un aviso especial alertando sobre fuertes vientos, heladas y lluvias en diversas regiones del pa\u00eds.<\/p>\n<p>&nbsp;<\/p>\n<p style=\"text-align: justify;\" data-sourcepos=\"13:1-13:349\">Las bajas temperaturas ser\u00e1n las protagonistas en gran parte del territorio nacional. Se esperan heladas en zonas monta\u00f1osas de estados como Durango, Chihuahua, Sonora, Estado de M\u00e9xico, Hidalgo, Michoac\u00e1n, Puebla, Tlaxcala y Zacatecas. Incluso, en algunas zonas de Durango, se podr\u00edan registrar temperaturas m\u00ednimas de hasta -15 grados Celsius.<\/p>\n<p>&nbsp;<\/p>\n<p style=\"text-align: justify;\" data-sourcepos=\"15:1-15:249\">Por otro lado, las lluvias ser\u00e1n intensas en el centro, sur y sureste del pa\u00eds. Se esperan chubascos fuertes en estados como Ciudad de M\u00e9xico, Chiapas, Estado de M\u00e9xico, Guerrero, Jalisco, Michoac\u00e1n, Morelos, Oaxaca, Puebla, Tlaxcala y Veracruz.<\/p>\n<p>&nbsp;<\/p>\n<p style=\"text-align: justify;\" data-sourcepos=\"15:1-15:249\">Se prev\u00e9n <strong>temperaturas m\u00ednimas de 0 a 5 grados<\/strong> \u00a0Celsius con heladas en zonas monta\u00f1osas en\u00a0zonas monta\u00f1osas de\u00a0Aguascalientes, Baja California Sur, Ciudad de M\u00e9xico, Coahuila, Guanajuato, Jalisco, Morelos,\u00a0la sierra de Nayarit, Oaxaca, <strong>Quer\u00e9taro<\/strong>,\u00a0el occidente de San Luis Potos\u00ed,\u00a0la sierra de Sinaloa\u00a0y Veracruz.<\/p>\n<p>&nbsp;<\/p>\n<p style=\"text-align: justify;\" data-sourcepos=\"17:1-17:311\">Los fuertes vientos tampoco se har\u00e1n esperar. El istmo y Golfo de Tehuantepec, as\u00ed como Baja California, Coahuila, Nuevo Le\u00f3n, Chihuahua y Sonora, ser\u00e1n azotados por r\u00e1fagas de hasta 70 kil\u00f3metros por hora. Adem\u00e1s, se prev\u00e9 oleaje de hasta 4 metros en la costa occidental de la pen\u00ednsula de Baja California.<\/p>\n<p>&nbsp;<\/p>\n<p style=\"text-align: justify;\" data-sourcepos=\"19:1-19:67\"><strong>Ante este panorama, las autoridades recomiendan a la poblaci\u00f3n:<\/strong><\/p>\n<p>&nbsp;<\/p>\n<ul style=\"text-align: justify;\" data-sourcepos=\"21:1-26:0\">\n<li data-sourcepos=\"21:1-21:94\"><strong>Abrigarse adecuadamente:<\/strong> Utilizar ropa de abrigo y protegerse de las bajas temperaturas.<\/li>\n<li data-sourcepos=\"22:1-22:44\"><strong>Evitar cambios bruscos de temperatura.<\/strong><\/li>\n<li data-sourcepos=\"23:1-23:27\"><strong>Mantenerse hidratado.<\/strong><\/li>\n<li data-sourcepos=\"24:1-24:40\"><strong>Extremar precauciones al conducir.<\/strong><\/li>\n<li data-sourcepos=\"25:1-26:0\"><strong>Atender las recomendaciones de Protecci\u00f3n Civil.<\/strong><\/li>\n<\/ul>\n<p>&nbsp;<\/p>\n<p style=\"text-align: justify;\" data-sourcepos=\"27:1-27:152\">El SMN exhorta a la poblaci\u00f3n a mantenerse informada a trav\u00e9s de sus canales oficiales y a tomar las precauciones necesarias para evitar incidentes.<\/p>\n","protected":false},"excerpt":{"rendered":"<p>M\u00e9xico se prepara para enfrentar un clima extremo durante las pr\u00f3ximas horas. El Servicio Meteorol\u00f3gico Nacional (SMN) ha emitido un aviso especial alertando sobre fuertes vientos, heladas y lluvias en diversas regiones del pa\u00eds<\/p>\n","protected":false},"author":3,"featured_media":8704,"comment_status":"open","ping_status":"open","sticky":false,"template":"","format":"standard","meta":{"footnotes":""},"categories":[88,58],"tags":[2791,2790,2792,2793],"class_list":["post-8703","post","type-post","status-publish","format-standard","has-post-thumbnail","hentry","category-nacional","category-ultima-hora","tag-alertameteorologica","tag-climamexico","tag-frio","tag-lluvias"],"yoast_head":"<!-- This site is optimized with the Yoast SEO plugin v25.0 - https:\/\/yoast.com\/wordpress\/plugins\/seo\/ -->\n<title>\u00a1Extremar precauciones! Fuertes vientos, heladas y lluvias en gran parte de M\u00e9xico | Nexo Informativo Santiago de Quer\u00e9taro<\/title>\n<meta name=\"description\" content=\"\u00a1Extremar precauciones! Fuertes vientos, heladas y lluvias en gran parte de M\u00e9xico\" \/>\n<meta name=\"robots\" content=\"index, follow, max-snippet:-1, max-image-preview:large, max-video-preview:-1\" \/>\n<link rel=\"canonical\" href=\"https:\/\/www.nexoinformativo.mx\/index.php\/2024\/12\/23\/extremar-precauciones-fuertes-vientos-heladas-y-lluvias-en-gran-parte-de-mexico\/\" \/>\n<meta property=\"og:locale\" content=\"es_MX\" \/>\n<meta property=\"og:type\" content=\"article\" \/>\n<meta property=\"og:title\" content=\"\u00a1Extremar precauciones! Fuertes vientos, heladas y lluvias en gran parte de M\u00e9xico | Nexo Informativo Santiago de Quer\u00e9taro\" \/>\n<meta property=\"og:description\" content=\"\u00a1Extremar precauciones! Fuertes vientos, heladas y lluvias en gran parte de M\u00e9xico\" \/>\n<meta property=\"og:url\" content=\"https:\/\/www.nexoinformativo.mx\/index.php\/2024\/12\/23\/extremar-precauciones-fuertes-vientos-heladas-y-lluvias-en-gran-parte-de-mexico\/\" \/>\n<meta property=\"og:site_name\" content=\"Nexo Informativo Santiago de Quer\u00e9taro\" \/>\n<meta property=\"article:publisher\" content=\"https:\/\/www.facebook.com\/people\/Nexo-Informativo\/61564066885511\/\" \/>\n<meta property=\"article:published_time\" content=\"2024-12-23T17:00:48+00:00\" \/>\n<meta property=\"article:modified_time\" content=\"2024-12-23T19:41:32+00:00\" \/>\n<meta property=\"og:image\" content=\"https:\/\/www.nexoinformativo.mx\/wp-content\/uploads\/2024\/12\/IMG_8786.jpg\" \/>\n\t<meta property=\"og:image:width\" content=\"650\" \/>\n\t<meta property=\"og:image:height\" content=\"380\" \/>\n\t<meta property=\"og:image:type\" content=\"image\/jpeg\" \/>\n<meta name=\"author\" content=\"Nexo Informativo\" \/>\n<meta name=\"twitter:card\" content=\"summary_large_image\" \/>\n<meta name=\"twitter:label1\" content=\"Escrito por\" \/>\n\t<meta name=\"twitter:data1\" content=\"Nexo Informativo\" \/>\n\t<meta name=\"twitter:label2\" content=\"Tiempo de lectura\" \/>\n\t<meta name=\"twitter:data2\" content=\"2 minutos\" \/>\n<script type=\"application\/ld+json\" class=\"yoast-schema-graph\">{\"@context\":\"https:\/\/schema.org\",\"@graph\":[{\"@type\":\"Article\",\"@id\":\"https:\/\/www.nexoinformativo.mx\/index.php\/2024\/12\/23\/extremar-precauciones-fuertes-vientos-heladas-y-lluvias-en-gran-parte-de-mexico\/#article\",\"isPartOf\":{\"@id\":\"https:\/\/www.nexoinformativo.mx\/index.php\/2024\/12\/23\/extremar-precauciones-fuertes-vientos-heladas-y-lluvias-en-gran-parte-de-mexico\/\"},\"author\":{\"name\":\"Nexo Informativo\",\"@id\":\"https:\/\/www.nexoinformativo.mx\/#\/schema\/person\/7749d380ba08c8ca00d7bc76fd907b7d\"},\"headline\":\"\u00a1Extremar precauciones! Fuertes vientos, heladas y lluvias en gran parte de M\u00e9xico\",\"datePublished\":\"2024-12-23T17:00:48+00:00\",\"dateModified\":\"2024-12-23T19:41:32+00:00\",\"mainEntityOfPage\":{\"@id\":\"https:\/\/www.nexoinformativo.mx\/index.php\/2024\/12\/23\/extremar-precauciones-fuertes-vientos-heladas-y-lluvias-en-gran-parte-de-mexico\/\"},\"wordCount\":330,\"commentCount\":0,\"publisher\":{\"@id\":\"https:\/\/www.nexoinformativo.mx\/#organization\"},\"image\":{\"@id\":\"https:\/\/www.nexoinformativo.mx\/index.php\/2024\/12\/23\/extremar-precauciones-fuertes-vientos-heladas-y-lluvias-en-gran-parte-de-mexico\/#primaryimage\"},\"thumbnailUrl\":\"https:\/\/www.nexoinformativo.mx\/wp-content\/uploads\/2024\/12\/IMG_8786.jpg\",\"keywords\":[\"AlertaMeteorol\u00f3gica\",\"ClimaM\u00e9xico\",\"Fr\u00edo\",\"Lluvias\"],\"articleSection\":[\"Nacional\",\"\u00daltima Hora\"],\"inLanguage\":\"es\",\"potentialAction\":[{\"@type\":\"CommentAction\",\"name\":\"Comment\",\"target\":[\"https:\/\/www.nexoinformativo.mx\/index.php\/2024\/12\/23\/extremar-precauciones-fuertes-vientos-heladas-y-lluvias-en-gran-parte-de-mexico\/#respond\"]}]},{\"@type\":\"WebPage\",\"@id\":\"https:\/\/www.nexoinformativo.mx\/index.php\/2024\/12\/23\/extremar-precauciones-fuertes-vientos-heladas-y-lluvias-en-gran-parte-de-mexico\/\",\"url\":\"https:\/\/www.nexoinformativo.mx\/index.php\/2024\/12\/23\/extremar-precauciones-fuertes-vientos-heladas-y-lluvias-en-gran-parte-de-mexico\/\",\"name\":\"\u00a1Extremar precauciones! Fuertes vientos, heladas y lluvias en gran parte de M\u00e9xico | Nexo Informativo Santiago de Quer\u00e9taro\",\"isPartOf\":{\"@id\":\"https:\/\/www.nexoinformativo.mx\/#website\"},\"primaryImageOfPage\":{\"@id\":\"https:\/\/www.nexoinformativo.mx\/index.php\/2024\/12\/23\/extremar-precauciones-fuertes-vientos-heladas-y-lluvias-en-gran-parte-de-mexico\/#primaryimage\"},\"image\":{\"@id\":\"https:\/\/www.nexoinformativo.mx\/index.php\/2024\/12\/23\/extremar-precauciones-fuertes-vientos-heladas-y-lluvias-en-gran-parte-de-mexico\/#primaryimage\"},\"thumbnailUrl\":\"https:\/\/www.nexoinformativo.mx\/wp-content\/uploads\/2024\/12\/IMG_8786.jpg\",\"datePublished\":\"2024-12-23T17:00:48+00:00\",\"dateModified\":\"2024-12-23T19:41:32+00:00\",\"description\":\"\u00a1Extremar precauciones! Fuertes vientos, heladas y lluvias en gran parte de M\u00e9xico\",\"breadcrumb\":{\"@id\":\"https:\/\/www.nexoinformativo.mx\/index.php\/2024\/12\/23\/extremar-precauciones-fuertes-vientos-heladas-y-lluvias-en-gran-parte-de-mexico\/#breadcrumb\"},\"inLanguage\":\"es\",\"potentialAction\":[{\"@type\":\"ReadAction\",\"target\":[\"https:\/\/www.nexoinformativo.mx\/index.php\/2024\/12\/23\/extremar-precauciones-fuertes-vientos-heladas-y-lluvias-en-gran-parte-de-mexico\/\"]}]},{\"@type\":\"ImageObject\",\"inLanguage\":\"es\",\"@id\":\"https:\/\/www.nexoinformativo.mx\/index.php\/2024\/12\/23\/extremar-precauciones-fuertes-vientos-heladas-y-lluvias-en-gran-parte-de-mexico\/#primaryimage\",\"url\":\"https:\/\/www.nexoinformativo.mx\/wp-content\/uploads\/2024\/12\/IMG_8786.jpg\",\"contentUrl\":\"https:\/\/www.nexoinformativo.mx\/wp-content\/uploads\/2024\/12\/IMG_8786.jpg\",\"width\":650,\"height\":380},{\"@type\":\"BreadcrumbList\",\"@id\":\"https:\/\/www.nexoinformativo.mx\/index.php\/2024\/12\/23\/extremar-precauciones-fuertes-vientos-heladas-y-lluvias-en-gran-parte-de-mexico\/#breadcrumb\",\"itemListElement\":[{\"@type\":\"ListItem\",\"position\":1,\"name\":\"Inicio\",\"item\":\"https:\/\/www.nexoinformativo.mx\/\"},{\"@type\":\"ListItem\",\"position\":2,\"name\":\"\u00a1Extremar precauciones! Fuertes vientos, heladas y lluvias en gran parte de M\u00e9xico\"}]},{\"@type\":\"WebSite\",\"@id\":\"https:\/\/www.nexoinformativo.mx\/#website\",\"url\":\"https:\/\/www.nexoinformativo.mx\/\",\"name\":\"Nexo Informativo Santiago de Quer\u00e9taro\",\"description\":\"Explora NexoInformativo y convi\u00e9rtete en parte de una comunidad que valora el conocimiento y la verdad. Tu nexoinformativo es tu puente hacia una comprensi\u00f3n m\u00e1s profunda del mundo que te rodea.\",\"publisher\":{\"@id\":\"https:\/\/www.nexoinformativo.mx\/#organization\"},\"potentialAction\":[{\"@type\":\"SearchAction\",\"target\":{\"@type\":\"EntryPoint\",\"urlTemplate\":\"https:\/\/www.nexoinformativo.mx\/?s={search_term_string}\"},\"query-input\":{\"@type\":\"PropertyValueSpecification\",\"valueRequired\":true,\"valueName\":\"search_term_string\"}}],\"inLanguage\":\"es\"},{\"@type\":\"Organization\",\"@id\":\"https:\/\/www.nexoinformativo.mx\/#organization\",\"name\":\"Nexo Informativo Santiago de Quer\u00e9taro\",\"url\":\"https:\/\/www.nexoinformativo.mx\/\",\"logo\":{\"@type\":\"ImageObject\",\"inLanguage\":\"es\",\"@id\":\"https:\/\/www.nexoinformativo.mx\/#\/schema\/logo\/image\/\",\"url\":\"https:\/\/www.nexoinformativo.mx\/wp-content\/uploads\/2024\/07\/nexoi-trasparente-2.png\",\"contentUrl\":\"https:\/\/www.nexoinformativo.mx\/wp-content\/uploads\/2024\/07\/nexoi-trasparente-2.png\",\"width\":816,\"height\":339,\"caption\":\"Nexo Informativo Santiago de Quer\u00e9taro\"},\"image\":{\"@id\":\"https:\/\/www.nexoinformativo.mx\/#\/schema\/logo\/image\/\"},\"sameAs\":[\"https:\/\/www.facebook.com\/people\/Nexo-Informativo\/61564066885511\/\"]},{\"@type\":\"Person\",\"@id\":\"https:\/\/www.nexoinformativo.mx\/#\/schema\/person\/7749d380ba08c8ca00d7bc76fd907b7d\",\"name\":\"Nexo Informativo\",\"image\":{\"@type\":\"ImageObject\",\"inLanguage\":\"es\",\"@id\":\"https:\/\/www.nexoinformativo.mx\/#\/schema\/person\/image\/\",\"url\":\"https:\/\/secure.gravatar.com\/avatar\/dde2928154642a13d95f87ddf1ea9718fe2b46760a005c53e41ff5ad610704e6?s=96&d=mm&r=g\",\"contentUrl\":\"https:\/\/secure.gravatar.com\/avatar\/dde2928154642a13d95f87ddf1ea9718fe2b46760a005c53e41ff5ad610704e6?s=96&d=mm&r=g\",\"caption\":\"Nexo Informativo\"},\"url\":\"https:\/\/www.nexoinformativo.mx\/index.php\/author\/edicion\/\"}]}<\/script>\n<!-- \/ Yoast SEO plugin. -->","yoast_head_json":{"title":"\u00a1Extremar precauciones! Fuertes vientos, heladas y lluvias en gran parte de M\u00e9xico | Nexo Informativo Santiago de Quer\u00e9taro","description":"\u00a1Extremar precauciones! Fuertes vientos, heladas y lluvias en gran parte de M\u00e9xico","robots":{"index":"index","follow":"follow","max-snippet":"max-snippet:-1","max-image-preview":"max-image-preview:large","max-video-preview":"max-video-preview:-1"},"canonical":"https:\/\/www.nexoinformativo.mx\/index.php\/2024\/12\/23\/extremar-precauciones-fuertes-vientos-heladas-y-lluvias-en-gran-parte-de-mexico\/","og_locale":"es_MX","og_type":"article","og_title":"\u00a1Extremar precauciones! Fuertes vientos, heladas y lluvias en gran parte de M\u00e9xico | Nexo Informativo Santiago de Quer\u00e9taro","og_description":"\u00a1Extremar precauciones! Fuertes vientos, heladas y lluvias en gran parte de M\u00e9xico","og_url":"https:\/\/www.nexoinformativo.mx\/index.php\/2024\/12\/23\/extremar-precauciones-fuertes-vientos-heladas-y-lluvias-en-gran-parte-de-mexico\/","og_site_name":"Nexo Informativo Santiago de Quer\u00e9taro","article_publisher":"https:\/\/www.facebook.com\/people\/Nexo-Informativo\/61564066885511\/","article_published_time":"2024-12-23T17:00:48+00:00","article_modified_time":"2024-12-23T19:41:32+00:00","og_image":[{"width":650,"height":380,"url":"https:\/\/www.nexoinformativo.mx\/wp-content\/uploads\/2024\/12\/IMG_8786.jpg","type":"image\/jpeg"}],"author":"Nexo Informativo","twitter_card":"summary_large_image","twitter_misc":{"Escrito por":"Nexo Informativo","Tiempo de lectura":"2 minutos"},"schema":{"@context":"https:\/\/schema.org","@graph":[{"@type":"Article","@id":"https:\/\/www.nexoinformativo.mx\/index.php\/2024\/12\/23\/extremar-precauciones-fuertes-vientos-heladas-y-lluvias-en-gran-parte-de-mexico\/#article","isPartOf":{"@id":"https:\/\/www.nexoinformativo.mx\/index.php\/2024\/12\/23\/extremar-precauciones-fuertes-vientos-heladas-y-lluvias-en-gran-parte-de-mexico\/"},"author":{"name":"Nexo Informativo","@id":"https:\/\/www.nexoinformativo.mx\/#\/schema\/person\/7749d380ba08c8ca00d7bc76fd907b7d"},"headline":"\u00a1Extremar precauciones! Fuertes vientos, heladas y lluvias en gran parte de M\u00e9xico","datePublished":"2024-12-23T17:00:48+00:00","dateModified":"2024-12-23T19:41:32+00:00","mainEntityOfPage":{"@id":"https:\/\/www.nexoinformativo.mx\/index.php\/2024\/12\/23\/extremar-precauciones-fuertes-vientos-heladas-y-lluvias-en-gran-parte-de-mexico\/"},"wordCount":330,"commentCount":0,"publisher":{"@id":"https:\/\/www.nexoinformativo.mx\/#organization"},"image":{"@id":"https:\/\/www.nexoinformativo.mx\/index.php\/2024\/12\/23\/extremar-precauciones-fuertes-vientos-heladas-y-lluvias-en-gran-parte-de-mexico\/#primaryimage"},"thumbnailUrl":"https:\/\/www.nexoinformativo.mx\/wp-content\/uploads\/2024\/12\/IMG_8786.jpg","keywords":["AlertaMeteorol\u00f3gica","ClimaM\u00e9xico","Fr\u00edo","Lluvias"],"articleSection":["Nacional","\u00daltima Hora"],"inLanguage":"es","potentialAction":[{"@type":"CommentAction","name":"Comment","target":["https:\/\/www.nexoinformativo.mx\/index.php\/2024\/12\/23\/extremar-precauciones-fuertes-vientos-heladas-y-lluvias-en-gran-parte-de-mexico\/#respond"]}]},{"@type":"WebPage","@id":"https:\/\/www.nexoinformativo.mx\/index.php\/2024\/12\/23\/extremar-precauciones-fuertes-vientos-heladas-y-lluvias-en-gran-parte-de-mexico\/","url":"https:\/\/www.nexoinformativo.mx\/index.php\/2024\/12\/23\/extremar-precauciones-fuertes-vientos-heladas-y-lluvias-en-gran-parte-de-mexico\/","name":"\u00a1Extremar precauciones! Fuertes vientos, heladas y lluvias en gran parte de M\u00e9xico | Nexo Informativo Santiago de Quer\u00e9taro","isPartOf":{"@id":"https:\/\/www.nexoinformativo.mx\/#website"},"primaryImageOfPage":{"@id":"https:\/\/www.nexoinformativo.mx\/index.php\/2024\/12\/23\/extremar-precauciones-fuertes-vientos-heladas-y-lluvias-en-gran-parte-de-mexico\/#primaryimage"},"image":{"@id":"https:\/\/www.nexoinformativo.mx\/index.php\/2024\/12\/23\/extremar-precauciones-fuertes-vientos-heladas-y-lluvias-en-gran-parte-de-mexico\/#primaryimage"},"thumbnailUrl":"https:\/\/www.nexoinformativo.mx\/wp-content\/uploads\/2024\/12\/IMG_8786.jpg","datePublished":"2024-12-23T17:00:48+00:00","dateModified":"2024-12-23T19:41:32+00:00","description":"\u00a1Extremar precauciones! Fuertes vientos, heladas y lluvias en gran parte de M\u00e9xico","breadcrumb":{"@id":"https:\/\/www.nexoinformativo.mx\/index.php\/2024\/12\/23\/extremar-precauciones-fuertes-vientos-heladas-y-lluvias-en-gran-parte-de-mexico\/#breadcrumb"},"inLanguage":"es","potentialAction":[{"@type":"ReadAction","target":["https:\/\/www.nexoinformativo.mx\/index.php\/2024\/12\/23\/extremar-precauciones-fuertes-vientos-heladas-y-lluvias-en-gran-parte-de-mexico\/"]}]},{"@type":"ImageObject","inLanguage":"es","@id":"https:\/\/www.nexoinformativo.mx\/index.php\/2024\/12\/23\/extremar-precauciones-fuertes-vientos-heladas-y-lluvias-en-gran-parte-de-mexico\/#primaryimage","url":"https:\/\/www.nexoinformativo.mx\/wp-content\/uploads\/2024\/12\/IMG_8786.jpg","contentUrl":"https:\/\/www.nexoinformativo.mx\/wp-content\/uploads\/2024\/12\/IMG_8786.jpg","width":650,"height":380},{"@type":"BreadcrumbList","@id":"https:\/\/www.nexoinformativo.mx\/index.php\/2024\/12\/23\/extremar-precauciones-fuertes-vientos-heladas-y-lluvias-en-gran-parte-de-mexico\/#breadcrumb","itemListElement":[{"@type":"ListItem","position":1,"name":"Inicio","item":"https:\/\/www.nexoinformativo.mx\/"},{"@type":"ListItem","position":2,"name":"\u00a1Extremar precauciones! Fuertes vientos, heladas y lluvias en gran parte de M\u00e9xico"}]},{"@type":"WebSite","@id":"https:\/\/www.nexoinformativo.mx\/#website","url":"https:\/\/www.nexoinformativo.mx\/","name":"Nexo Informativo Santiago de Quer\u00e9taro","description":"Explora NexoInformativo y convi\u00e9rtete en parte de una comunidad que valora el conocimiento y la verdad. Tu nexoinformativo es tu puente hacia una comprensi\u00f3n m\u00e1s profunda del mundo que te rodea.","publisher":{"@id":"https:\/\/www.nexoinformativo.mx\/#organization"},"potentialAction":[{"@type":"SearchAction","target":{"@type":"EntryPoint","urlTemplate":"https:\/\/www.nexoinformativo.mx\/?s={search_term_string}"},"query-input":{"@type":"PropertyValueSpecification","valueRequired":true,"valueName":"search_term_string"}}],"inLanguage":"es"},{"@type":"Organization","@id":"https:\/\/www.nexoinformativo.mx\/#organization","name":"Nexo Informativo Santiago de Quer\u00e9taro","url":"https:\/\/www.nexoinformativo.mx\/","logo":{"@type":"ImageObject","inLanguage":"es","@id":"https:\/\/www.nexoinformativo.mx\/#\/schema\/logo\/image\/","url":"https:\/\/www.nexoinformativo.mx\/wp-content\/uploads\/2024\/07\/nexoi-trasparente-2.png","contentUrl":"https:\/\/www.nexoinformativo.mx\/wp-content\/uploads\/2024\/07\/nexoi-trasparente-2.png","width":816,"height":339,"caption":"Nexo Informativo Santiago de Quer\u00e9taro"},"image":{"@id":"https:\/\/www.nexoinformativo.mx\/#\/schema\/logo\/image\/"},"sameAs":["https:\/\/www.facebook.com\/people\/Nexo-Informativo\/61564066885511\/"]},{"@type":"Person","@id":"https:\/\/www.nexoinformativo.mx\/#\/schema\/person\/7749d380ba08c8ca00d7bc76fd907b7d","name":"Nexo Informativo","image":{"@type":"ImageObject","inLanguage":"es","@id":"https:\/\/www.nexoinformativo.mx\/#\/schema\/person\/image\/","url":"https:\/\/secure.gravatar.com\/avatar\/dde2928154642a13d95f87ddf1ea9718fe2b46760a005c53e41ff5ad610704e6?s=96&d=mm&r=g","contentUrl":"https:\/\/secure.gravatar.com\/avatar\/dde2928154642a13d95f87ddf1ea9718fe2b46760a005c53e41ff5ad610704e6?s=96&d=mm&r=g","caption":"Nexo Informativo"},"url":"https:\/\/www.nexoinformativo.mx\/index.php\/author\/edicion\/"}]}},"_links":{"self":[{"href":"https:\/\/www.nexoinformativo.mx\/index.php\/wp-json\/wp\/v2\/posts\/8703","targetHints":{"allow":["GET"]}}],"collection":[{"href":"https:\/\/www.nexoinformativo.mx\/index.php\/wp-json\/wp\/v2\/posts"}],"about":[{"href":"https:\/\/www.nexoinformativo.mx\/index.php\/wp-json\/wp\/v2\/types\/post"}],"author":[{"embeddable":true,"href":"https:\/\/www.nexoinformativo.mx\/index.php\/wp-json\/wp\/v2\/users\/3"}],"replies":[{"embeddable":true,"href":"https:\/\/www.nexoinformativo.mx\/index.php\/wp-json\/wp\/v2\/comments?post=8703"}],"version-history":[{"count":2,"href":"https:\/\/www.nexoinformativo.mx\/index.php\/wp-json\/wp\/v2\/posts\/8703\/revisions"}],"predecessor-version":[{"id":8706,"href":"https:\/\/www.nexoinformativo.mx\/index.php\/wp-json\/wp\/v2\/posts\/8703\/revisions\/8706"}],"wp:featuredmedia":[{"embeddable":true,"href":"https:\/\/www.nexoinformativo.mx\/index.php\/wp-json\/wp\/v2\/media\/8704"}],"wp:attachment":[{"href":"https:\/\/www.nexoinformativo.mx\/index.php\/wp-json\/wp\/v2\/media?parent=8703"}],"wp:term":[{"taxonomy":"category","embeddable":true,"href":"https:\/\/www.nexoinformativo.mx\/index.php\/wp-json\/wp\/v2\/categories?post=8703"},{"taxonomy":"post_tag","embeddable":true,"href":"https:\/\/www.nexoinformativo.mx\/index.php\/wp-json\/wp\/v2\/tags?post=8703"}],"curies":[{"name":"wp","href":"https:\/\/api.w.org\/{rel}","templated":true}]}}