{"id":8714,"date":"2024-12-23T12:00:38","date_gmt":"2024-12-23T18:00:38","guid":{"rendered":"https:\/\/www.nexoinformativo.mx\/?p=8714"},"modified":"2024-12-23T13:57:31","modified_gmt":"2024-12-23T19:57:31","slug":"atencion-automovilistas-sict-lanza-recomendaciones-para-viajar-seguro-en-estas-fiestas","status":"publish","type":"post","link":"https:\/\/www.nexoinformativo.mx\/index.php\/2024\/12\/23\/atencion-automovilistas-sict-lanza-recomendaciones-para-viajar-seguro-en-estas-fiestas\/","title":{"rendered":"\u00a1Atenci\u00f3n automovilistas! SICT lanza recomendaciones para viajar seguro en estas fiestas"},"content":{"rendered":"<p style=\"text-align: justify;\" data-sourcepos=\"11:1-11:205\"><strong>La Secretar\u00eda de Infraestructura, Comunicaciones y Transportes<\/strong> (SICT) exhorta a los automovilistas a extremar precauciones al viajar por las carreteras federales durante estas vacaciones de fin de a\u00f1o.<\/p>\n<p>&nbsp;<\/p>\n<p style=\"text-align: justify;\" data-sourcepos=\"13:1-13:179\">Con el objetivo de reducir el n\u00famero de accidentes viales, la SICT ha emitido una serie de recomendaciones para garantizar un viaje seguro. Entre las principales medidas destacan:<\/p>\n<p>&nbsp;<\/p>\n<ul style=\"text-align: justify;\" data-sourcepos=\"15:1-22:0\">\n<li data-sourcepos=\"15:1-15:173\"><strong>Utilizar el cintur\u00f3n de seguridad:<\/strong> Es fundamental abrocharse el cintur\u00f3n de seguridad antes de iniciar el viaje y asegurarse de que todos los pasajeros hagan lo mismo.<\/li>\n<li data-sourcepos=\"16:1-16:135\"><strong>Respetar los l\u00edmites de velocidad:<\/strong> Conducir a la velocidad permitida y mantener una distancia segura con el veh\u00edculo de adelante.<\/li>\n<li data-sourcepos=\"17:1-17:115\"><strong>Evitar distracciones:<\/strong> No utilizar el tel\u00e9fono celular ni otros dispositivos electr\u00f3nicos mientras se conduce.<\/li>\n<li data-sourcepos=\"18:1-18:160\"><strong>No consumir alcohol ni medicamentos:<\/strong> El consumo de alcohol o medicamentos que provoquen somnolencia reduce los reflejos y aumenta el riesgo de accidentes.<\/li>\n<li data-sourcepos=\"19:1-19:185\"><strong>Revisar el estado del veh\u00edculo:<\/strong> Antes de iniciar el viaje, es importante verificar las condiciones mec\u00e1nicas del veh\u00edculo, incluyendo llantas, frenos, luces y niveles de l\u00edquidos.<\/li>\n<li data-sourcepos=\"20:1-20:108\"><strong>Planificar la ruta:<\/strong> Consultar las condiciones de las carreteras y planificar la ruta con anticipaci\u00f3n.<\/li>\n<li data-sourcepos=\"21:1-22:0\"><strong>Conducir con precauci\u00f3n en condiciones clim\u00e1ticas adversas:<\/strong> Reducir la velocidad y encender las luces en caso de lluvia.<\/li>\n<\/ul>\n<p>&nbsp;<\/p>\n<p style=\"text-align: justify;\" data-sourcepos=\"23:1-23:236\">La SICT ha implementado diversas medidas para mejorar la seguridad en las carreteras, como la instalaci\u00f3n de se\u00f1alizaci\u00f3n vial y barreras de protecci\u00f3n. Sin embargo, la responsabilidad de prevenir accidentes recae en cada conductor.<\/p>\n<p>&nbsp;<\/p>\n<p style=\"text-align: justify;\" data-sourcepos=\"25:1-25:91\"><strong>&#8220;Las carreteras son m\u00e1s seguras si manejas con precauci\u00f3n&#8221;<\/strong>, enfatiz\u00f3 la SICT.<\/p>\n<p>&nbsp;<\/p>\n<p style=\"text-align: center;\" data-sourcepos=\"25:1-25:91\"><em><strong>\u00a1Informaci\u00f3n que transforma!<\/strong><\/em><\/p>\n","protected":false},"excerpt":{"rendered":"<p>La Secretar\u00eda de Infraestructura, Comunicaciones y Transportes (SICT) exhorta a los automovilistas a extremar precauciones al viajar por las carreteras federales durante estas vacaciones de fin de a\u00f1o.<\/p>\n","protected":false},"author":3,"featured_media":8715,"comment_status":"open","ping_status":"open","sticky":false,"template":"","format":"standard","meta":{"footnotes":""},"categories":[88,58],"tags":[2796,2437,151,2692],"class_list":["post-8714","post","type-post","status-publish","format-standard","has-post-thumbnail","hentry","category-nacional","category-ultima-hora","tag-manejaconprecaucion","tag-sct","tag-seguridadvial","tag-vacacionesseguras"],"yoast_head":"<!-- This site is optimized with the Yoast SEO plugin v25.0 - https:\/\/yoast.com\/wordpress\/plugins\/seo\/ -->\n<title>\u00a1Atenci\u00f3n automovilistas! SICT lanza recomendaciones para viajar seguro en estas fiestas | Nexo Informativo Santiago de Quer\u00e9taro<\/title>\n<meta name=\"description\" content=\"\u00a1Atenci\u00f3n automovilistas! SICT lanza recomendaciones para viajar seguro en estas fiestas\" \/>\n<meta name=\"robots\" content=\"index, follow, max-snippet:-1, max-image-preview:large, max-video-preview:-1\" \/>\n<link rel=\"canonical\" href=\"https:\/\/www.nexoinformativo.mx\/index.php\/2024\/12\/23\/atencion-automovilistas-sict-lanza-recomendaciones-para-viajar-seguro-en-estas-fiestas\/\" \/>\n<meta property=\"og:locale\" content=\"es_MX\" \/>\n<meta property=\"og:type\" content=\"article\" \/>\n<meta property=\"og:title\" content=\"\u00a1Atenci\u00f3n automovilistas! SICT lanza recomendaciones para viajar seguro en estas fiestas | Nexo Informativo Santiago de Quer\u00e9taro\" \/>\n<meta property=\"og:description\" content=\"\u00a1Atenci\u00f3n automovilistas! SICT lanza recomendaciones para viajar seguro en estas fiestas\" \/>\n<meta property=\"og:url\" content=\"https:\/\/www.nexoinformativo.mx\/index.php\/2024\/12\/23\/atencion-automovilistas-sict-lanza-recomendaciones-para-viajar-seguro-en-estas-fiestas\/\" \/>\n<meta property=\"og:site_name\" content=\"Nexo Informativo Santiago de Quer\u00e9taro\" \/>\n<meta property=\"article:publisher\" content=\"https:\/\/www.facebook.com\/people\/Nexo-Informativo\/61564066885511\/\" \/>\n<meta property=\"article:published_time\" content=\"2024-12-23T18:00:38+00:00\" \/>\n<meta property=\"article:modified_time\" content=\"2024-12-23T19:57:31+00:00\" \/>\n<meta property=\"og:image\" content=\"https:\/\/www.nexoinformativo.mx\/wp-content\/uploads\/2024\/12\/IMG_8788.jpg\" \/>\n\t<meta property=\"og:image:width\" content=\"650\" \/>\n\t<meta property=\"og:image:height\" content=\"380\" \/>\n\t<meta property=\"og:image:type\" content=\"image\/jpeg\" \/>\n<meta name=\"author\" content=\"Nexo Informativo\" \/>\n<meta name=\"twitter:card\" content=\"summary_large_image\" \/>\n<meta name=\"twitter:label1\" content=\"Escrito por\" \/>\n\t<meta name=\"twitter:data1\" content=\"Nexo Informativo\" \/>\n\t<meta name=\"twitter:label2\" content=\"Tiempo de lectura\" \/>\n\t<meta name=\"twitter:data2\" content=\"2 minutos\" \/>\n<script type=\"application\/ld+json\" class=\"yoast-schema-graph\">{\"@context\":\"https:\/\/schema.org\",\"@graph\":[{\"@type\":\"Article\",\"@id\":\"https:\/\/www.nexoinformativo.mx\/index.php\/2024\/12\/23\/atencion-automovilistas-sict-lanza-recomendaciones-para-viajar-seguro-en-estas-fiestas\/#article\",\"isPartOf\":{\"@id\":\"https:\/\/www.nexoinformativo.mx\/index.php\/2024\/12\/23\/atencion-automovilistas-sict-lanza-recomendaciones-para-viajar-seguro-en-estas-fiestas\/\"},\"author\":{\"name\":\"Nexo Informativo\",\"@id\":\"https:\/\/www.nexoinformativo.mx\/#\/schema\/person\/7749d380ba08c8ca00d7bc76fd907b7d\"},\"headline\":\"\u00a1Atenci\u00f3n automovilistas! SICT lanza recomendaciones para viajar seguro en estas fiestas\",\"datePublished\":\"2024-12-23T18:00:38+00:00\",\"dateModified\":\"2024-12-23T19:57:31+00:00\",\"mainEntityOfPage\":{\"@id\":\"https:\/\/www.nexoinformativo.mx\/index.php\/2024\/12\/23\/atencion-automovilistas-sict-lanza-recomendaciones-para-viajar-seguro-en-estas-fiestas\/\"},\"wordCount\":288,\"commentCount\":0,\"publisher\":{\"@id\":\"https:\/\/www.nexoinformativo.mx\/#organization\"},\"image\":{\"@id\":\"https:\/\/www.nexoinformativo.mx\/index.php\/2024\/12\/23\/atencion-automovilistas-sict-lanza-recomendaciones-para-viajar-seguro-en-estas-fiestas\/#primaryimage\"},\"thumbnailUrl\":\"https:\/\/www.nexoinformativo.mx\/wp-content\/uploads\/2024\/12\/IMG_8788.jpg\",\"keywords\":[\"ManejaConPrecauci\u00f3n\",\"SCT\",\"seguridadvial\",\"VacacionesSeguras\"],\"articleSection\":[\"Nacional\",\"\u00daltima Hora\"],\"inLanguage\":\"es\",\"potentialAction\":[{\"@type\":\"CommentAction\",\"name\":\"Comment\",\"target\":[\"https:\/\/www.nexoinformativo.mx\/index.php\/2024\/12\/23\/atencion-automovilistas-sict-lanza-recomendaciones-para-viajar-seguro-en-estas-fiestas\/#respond\"]}]},{\"@type\":\"WebPage\",\"@id\":\"https:\/\/www.nexoinformativo.mx\/index.php\/2024\/12\/23\/atencion-automovilistas-sict-lanza-recomendaciones-para-viajar-seguro-en-estas-fiestas\/\",\"url\":\"https:\/\/www.nexoinformativo.mx\/index.php\/2024\/12\/23\/atencion-automovilistas-sict-lanza-recomendaciones-para-viajar-seguro-en-estas-fiestas\/\",\"name\":\"\u00a1Atenci\u00f3n automovilistas! SICT lanza recomendaciones para viajar seguro en estas fiestas | Nexo Informativo Santiago de Quer\u00e9taro\",\"isPartOf\":{\"@id\":\"https:\/\/www.nexoinformativo.mx\/#website\"},\"primaryImageOfPage\":{\"@id\":\"https:\/\/www.nexoinformativo.mx\/index.php\/2024\/12\/23\/atencion-automovilistas-sict-lanza-recomendaciones-para-viajar-seguro-en-estas-fiestas\/#primaryimage\"},\"image\":{\"@id\":\"https:\/\/www.nexoinformativo.mx\/index.php\/2024\/12\/23\/atencion-automovilistas-sict-lanza-recomendaciones-para-viajar-seguro-en-estas-fiestas\/#primaryimage\"},\"thumbnailUrl\":\"https:\/\/www.nexoinformativo.mx\/wp-content\/uploads\/2024\/12\/IMG_8788.jpg\",\"datePublished\":\"2024-12-23T18:00:38+00:00\",\"dateModified\":\"2024-12-23T19:57:31+00:00\",\"description\":\"\u00a1Atenci\u00f3n automovilistas! SICT lanza recomendaciones para viajar seguro en estas fiestas\",\"breadcrumb\":{\"@id\":\"https:\/\/www.nexoinformativo.mx\/index.php\/2024\/12\/23\/atencion-automovilistas-sict-lanza-recomendaciones-para-viajar-seguro-en-estas-fiestas\/#breadcrumb\"},\"inLanguage\":\"es\",\"potentialAction\":[{\"@type\":\"ReadAction\",\"target\":[\"https:\/\/www.nexoinformativo.mx\/index.php\/2024\/12\/23\/atencion-automovilistas-sict-lanza-recomendaciones-para-viajar-seguro-en-estas-fiestas\/\"]}]},{\"@type\":\"ImageObject\",\"inLanguage\":\"es\",\"@id\":\"https:\/\/www.nexoinformativo.mx\/index.php\/2024\/12\/23\/atencion-automovilistas-sict-lanza-recomendaciones-para-viajar-seguro-en-estas-fiestas\/#primaryimage\",\"url\":\"https:\/\/www.nexoinformativo.mx\/wp-content\/uploads\/2024\/12\/IMG_8788.jpg\",\"contentUrl\":\"https:\/\/www.nexoinformativo.mx\/wp-content\/uploads\/2024\/12\/IMG_8788.jpg\",\"width\":650,\"height\":380},{\"@type\":\"BreadcrumbList\",\"@id\":\"https:\/\/www.nexoinformativo.mx\/index.php\/2024\/12\/23\/atencion-automovilistas-sict-lanza-recomendaciones-para-viajar-seguro-en-estas-fiestas\/#breadcrumb\",\"itemListElement\":[{\"@type\":\"ListItem\",\"position\":1,\"name\":\"Inicio\",\"item\":\"https:\/\/www.nexoinformativo.mx\/\"},{\"@type\":\"ListItem\",\"position\":2,\"name\":\"\u00a1Atenci\u00f3n automovilistas! SICT lanza recomendaciones para viajar seguro en estas fiestas\"}]},{\"@type\":\"WebSite\",\"@id\":\"https:\/\/www.nexoinformativo.mx\/#website\",\"url\":\"https:\/\/www.nexoinformativo.mx\/\",\"name\":\"Nexo Informativo Santiago de Quer\u00e9taro\",\"description\":\"Explora NexoInformativo y convi\u00e9rtete en parte de una comunidad que valora el conocimiento y la verdad. Tu nexoinformativo es tu puente hacia una comprensi\u00f3n m\u00e1s profunda del mundo que te rodea.\",\"publisher\":{\"@id\":\"https:\/\/www.nexoinformativo.mx\/#organization\"},\"potentialAction\":[{\"@type\":\"SearchAction\",\"target\":{\"@type\":\"EntryPoint\",\"urlTemplate\":\"https:\/\/www.nexoinformativo.mx\/?s={search_term_string}\"},\"query-input\":{\"@type\":\"PropertyValueSpecification\",\"valueRequired\":true,\"valueName\":\"search_term_string\"}}],\"inLanguage\":\"es\"},{\"@type\":\"Organization\",\"@id\":\"https:\/\/www.nexoinformativo.mx\/#organization\",\"name\":\"Nexo Informativo Santiago de Quer\u00e9taro\",\"url\":\"https:\/\/www.nexoinformativo.mx\/\",\"logo\":{\"@type\":\"ImageObject\",\"inLanguage\":\"es\",\"@id\":\"https:\/\/www.nexoinformativo.mx\/#\/schema\/logo\/image\/\",\"url\":\"https:\/\/www.nexoinformativo.mx\/wp-content\/uploads\/2024\/07\/nexoi-trasparente-2.png\",\"contentUrl\":\"https:\/\/www.nexoinformativo.mx\/wp-content\/uploads\/2024\/07\/nexoi-trasparente-2.png\",\"width\":816,\"height\":339,\"caption\":\"Nexo Informativo Santiago de Quer\u00e9taro\"},\"image\":{\"@id\":\"https:\/\/www.nexoinformativo.mx\/#\/schema\/logo\/image\/\"},\"sameAs\":[\"https:\/\/www.facebook.com\/people\/Nexo-Informativo\/61564066885511\/\"]},{\"@type\":\"Person\",\"@id\":\"https:\/\/www.nexoinformativo.mx\/#\/schema\/person\/7749d380ba08c8ca00d7bc76fd907b7d\",\"name\":\"Nexo Informativo\",\"image\":{\"@type\":\"ImageObject\",\"inLanguage\":\"es\",\"@id\":\"https:\/\/www.nexoinformativo.mx\/#\/schema\/person\/image\/\",\"url\":\"https:\/\/secure.gravatar.com\/avatar\/dde2928154642a13d95f87ddf1ea9718fe2b46760a005c53e41ff5ad610704e6?s=96&d=mm&r=g\",\"contentUrl\":\"https:\/\/secure.gravatar.com\/avatar\/dde2928154642a13d95f87ddf1ea9718fe2b46760a005c53e41ff5ad610704e6?s=96&d=mm&r=g\",\"caption\":\"Nexo Informativo\"},\"url\":\"https:\/\/www.nexoinformativo.mx\/index.php\/author\/edicion\/\"}]}<\/script>\n<!-- \/ Yoast SEO plugin. -->","yoast_head_json":{"title":"\u00a1Atenci\u00f3n automovilistas! SICT lanza recomendaciones para viajar seguro en estas fiestas | Nexo Informativo Santiago de Quer\u00e9taro","description":"\u00a1Atenci\u00f3n automovilistas! SICT lanza recomendaciones para viajar seguro en estas fiestas","robots":{"index":"index","follow":"follow","max-snippet":"max-snippet:-1","max-image-preview":"max-image-preview:large","max-video-preview":"max-video-preview:-1"},"canonical":"https:\/\/www.nexoinformativo.mx\/index.php\/2024\/12\/23\/atencion-automovilistas-sict-lanza-recomendaciones-para-viajar-seguro-en-estas-fiestas\/","og_locale":"es_MX","og_type":"article","og_title":"\u00a1Atenci\u00f3n automovilistas! SICT lanza recomendaciones para viajar seguro en estas fiestas | Nexo Informativo Santiago de Quer\u00e9taro","og_description":"\u00a1Atenci\u00f3n automovilistas! SICT lanza recomendaciones para viajar seguro en estas fiestas","og_url":"https:\/\/www.nexoinformativo.mx\/index.php\/2024\/12\/23\/atencion-automovilistas-sict-lanza-recomendaciones-para-viajar-seguro-en-estas-fiestas\/","og_site_name":"Nexo Informativo Santiago de Quer\u00e9taro","article_publisher":"https:\/\/www.facebook.com\/people\/Nexo-Informativo\/61564066885511\/","article_published_time":"2024-12-23T18:00:38+00:00","article_modified_time":"2024-12-23T19:57:31+00:00","og_image":[{"width":650,"height":380,"url":"https:\/\/www.nexoinformativo.mx\/wp-content\/uploads\/2024\/12\/IMG_8788.jpg","type":"image\/jpeg"}],"author":"Nexo Informativo","twitter_card":"summary_large_image","twitter_misc":{"Escrito por":"Nexo Informativo","Tiempo de lectura":"2 minutos"},"schema":{"@context":"https:\/\/schema.org","@graph":[{"@type":"Article","@id":"https:\/\/www.nexoinformativo.mx\/index.php\/2024\/12\/23\/atencion-automovilistas-sict-lanza-recomendaciones-para-viajar-seguro-en-estas-fiestas\/#article","isPartOf":{"@id":"https:\/\/www.nexoinformativo.mx\/index.php\/2024\/12\/23\/atencion-automovilistas-sict-lanza-recomendaciones-para-viajar-seguro-en-estas-fiestas\/"},"author":{"name":"Nexo Informativo","@id":"https:\/\/www.nexoinformativo.mx\/#\/schema\/person\/7749d380ba08c8ca00d7bc76fd907b7d"},"headline":"\u00a1Atenci\u00f3n automovilistas! SICT lanza recomendaciones para viajar seguro en estas fiestas","datePublished":"2024-12-23T18:00:38+00:00","dateModified":"2024-12-23T19:57:31+00:00","mainEntityOfPage":{"@id":"https:\/\/www.nexoinformativo.mx\/index.php\/2024\/12\/23\/atencion-automovilistas-sict-lanza-recomendaciones-para-viajar-seguro-en-estas-fiestas\/"},"wordCount":288,"commentCount":0,"publisher":{"@id":"https:\/\/www.nexoinformativo.mx\/#organization"},"image":{"@id":"https:\/\/www.nexoinformativo.mx\/index.php\/2024\/12\/23\/atencion-automovilistas-sict-lanza-recomendaciones-para-viajar-seguro-en-estas-fiestas\/#primaryimage"},"thumbnailUrl":"https:\/\/www.nexoinformativo.mx\/wp-content\/uploads\/2024\/12\/IMG_8788.jpg","keywords":["ManejaConPrecauci\u00f3n","SCT","seguridadvial","VacacionesSeguras"],"articleSection":["Nacional","\u00daltima Hora"],"inLanguage":"es","potentialAction":[{"@type":"CommentAction","name":"Comment","target":["https:\/\/www.nexoinformativo.mx\/index.php\/2024\/12\/23\/atencion-automovilistas-sict-lanza-recomendaciones-para-viajar-seguro-en-estas-fiestas\/#respond"]}]},{"@type":"WebPage","@id":"https:\/\/www.nexoinformativo.mx\/index.php\/2024\/12\/23\/atencion-automovilistas-sict-lanza-recomendaciones-para-viajar-seguro-en-estas-fiestas\/","url":"https:\/\/www.nexoinformativo.mx\/index.php\/2024\/12\/23\/atencion-automovilistas-sict-lanza-recomendaciones-para-viajar-seguro-en-estas-fiestas\/","name":"\u00a1Atenci\u00f3n automovilistas! SICT lanza recomendaciones para viajar seguro en estas fiestas | Nexo Informativo Santiago de Quer\u00e9taro","isPartOf":{"@id":"https:\/\/www.nexoinformativo.mx\/#website"},"primaryImageOfPage":{"@id":"https:\/\/www.nexoinformativo.mx\/index.php\/2024\/12\/23\/atencion-automovilistas-sict-lanza-recomendaciones-para-viajar-seguro-en-estas-fiestas\/#primaryimage"},"image":{"@id":"https:\/\/www.nexoinformativo.mx\/index.php\/2024\/12\/23\/atencion-automovilistas-sict-lanza-recomendaciones-para-viajar-seguro-en-estas-fiestas\/#primaryimage"},"thumbnailUrl":"https:\/\/www.nexoinformativo.mx\/wp-content\/uploads\/2024\/12\/IMG_8788.jpg","datePublished":"2024-12-23T18:00:38+00:00","dateModified":"2024-12-23T19:57:31+00:00","description":"\u00a1Atenci\u00f3n automovilistas! SICT lanza recomendaciones para viajar seguro en estas fiestas","breadcrumb":{"@id":"https:\/\/www.nexoinformativo.mx\/index.php\/2024\/12\/23\/atencion-automovilistas-sict-lanza-recomendaciones-para-viajar-seguro-en-estas-fiestas\/#breadcrumb"},"inLanguage":"es","potentialAction":[{"@type":"ReadAction","target":["https:\/\/www.nexoinformativo.mx\/index.php\/2024\/12\/23\/atencion-automovilistas-sict-lanza-recomendaciones-para-viajar-seguro-en-estas-fiestas\/"]}]},{"@type":"ImageObject","inLanguage":"es","@id":"https:\/\/www.nexoinformativo.mx\/index.php\/2024\/12\/23\/atencion-automovilistas-sict-lanza-recomendaciones-para-viajar-seguro-en-estas-fiestas\/#primaryimage","url":"https:\/\/www.nexoinformativo.mx\/wp-content\/uploads\/2024\/12\/IMG_8788.jpg","contentUrl":"https:\/\/www.nexoinformativo.mx\/wp-content\/uploads\/2024\/12\/IMG_8788.jpg","width":650,"height":380},{"@type":"BreadcrumbList","@id":"https:\/\/www.nexoinformativo.mx\/index.php\/2024\/12\/23\/atencion-automovilistas-sict-lanza-recomendaciones-para-viajar-seguro-en-estas-fiestas\/#breadcrumb","itemListElement":[{"@type":"ListItem","position":1,"name":"Inicio","item":"https:\/\/www.nexoinformativo.mx\/"},{"@type":"ListItem","position":2,"name":"\u00a1Atenci\u00f3n automovilistas! SICT lanza recomendaciones para viajar seguro en estas fiestas"}]},{"@type":"WebSite","@id":"https:\/\/www.nexoinformativo.mx\/#website","url":"https:\/\/www.nexoinformativo.mx\/","name":"Nexo Informativo Santiago de Quer\u00e9taro","description":"Explora NexoInformativo y convi\u00e9rtete en parte de una comunidad que valora el conocimiento y la verdad. Tu nexoinformativo es tu puente hacia una comprensi\u00f3n m\u00e1s profunda del mundo que te rodea.","publisher":{"@id":"https:\/\/www.nexoinformativo.mx\/#organization"},"potentialAction":[{"@type":"SearchAction","target":{"@type":"EntryPoint","urlTemplate":"https:\/\/www.nexoinformativo.mx\/?s={search_term_string}"},"query-input":{"@type":"PropertyValueSpecification","valueRequired":true,"valueName":"search_term_string"}}],"inLanguage":"es"},{"@type":"Organization","@id":"https:\/\/www.nexoinformativo.mx\/#organization","name":"Nexo Informativo Santiago de Quer\u00e9taro","url":"https:\/\/www.nexoinformativo.mx\/","logo":{"@type":"ImageObject","inLanguage":"es","@id":"https:\/\/www.nexoinformativo.mx\/#\/schema\/logo\/image\/","url":"https:\/\/www.nexoinformativo.mx\/wp-content\/uploads\/2024\/07\/nexoi-trasparente-2.png","contentUrl":"https:\/\/www.nexoinformativo.mx\/wp-content\/uploads\/2024\/07\/nexoi-trasparente-2.png","width":816,"height":339,"caption":"Nexo Informativo Santiago de Quer\u00e9taro"},"image":{"@id":"https:\/\/www.nexoinformativo.mx\/#\/schema\/logo\/image\/"},"sameAs":["https:\/\/www.facebook.com\/people\/Nexo-Informativo\/61564066885511\/"]},{"@type":"Person","@id":"https:\/\/www.nexoinformativo.mx\/#\/schema\/person\/7749d380ba08c8ca00d7bc76fd907b7d","name":"Nexo Informativo","image":{"@type":"ImageObject","inLanguage":"es","@id":"https:\/\/www.nexoinformativo.mx\/#\/schema\/person\/image\/","url":"https:\/\/secure.gravatar.com\/avatar\/dde2928154642a13d95f87ddf1ea9718fe2b46760a005c53e41ff5ad610704e6?s=96&d=mm&r=g","contentUrl":"https:\/\/secure.gravatar.com\/avatar\/dde2928154642a13d95f87ddf1ea9718fe2b46760a005c53e41ff5ad610704e6?s=96&d=mm&r=g","caption":"Nexo Informativo"},"url":"https:\/\/www.nexoinformativo.mx\/index.php\/author\/edicion\/"}]}},"_links":{"self":[{"href":"https:\/\/www.nexoinformativo.mx\/index.php\/wp-json\/wp\/v2\/posts\/8714","targetHints":{"allow":["GET"]}}],"collection":[{"href":"https:\/\/www.nexoinformativo.mx\/index.php\/wp-json\/wp\/v2\/posts"}],"about":[{"href":"https:\/\/www.nexoinformativo.mx\/index.php\/wp-json\/wp\/v2\/types\/post"}],"author":[{"embeddable":true,"href":"https:\/\/www.nexoinformativo.mx\/index.php\/wp-json\/wp\/v2\/users\/3"}],"replies":[{"embeddable":true,"href":"https:\/\/www.nexoinformativo.mx\/index.php\/wp-json\/wp\/v2\/comments?post=8714"}],"version-history":[{"count":3,"href":"https:\/\/www.nexoinformativo.mx\/index.php\/wp-json\/wp\/v2\/posts\/8714\/revisions"}],"predecessor-version":[{"id":8718,"href":"https:\/\/www.nexoinformativo.mx\/index.php\/wp-json\/wp\/v2\/posts\/8714\/revisions\/8718"}],"wp:featuredmedia":[{"embeddable":true,"href":"https:\/\/www.nexoinformativo.mx\/index.php\/wp-json\/wp\/v2\/media\/8715"}],"wp:attachment":[{"href":"https:\/\/www.nexoinformativo.mx\/index.php\/wp-json\/wp\/v2\/media?parent=8714"}],"wp:term":[{"taxonomy":"category","embeddable":true,"href":"https:\/\/www.nexoinformativo.mx\/index.php\/wp-json\/wp\/v2\/categories?post=8714"},{"taxonomy":"post_tag","embeddable":true,"href":"https:\/\/www.nexoinformativo.mx\/index.php\/wp-json\/wp\/v2\/tags?post=8714"}],"curies":[{"name":"wp","href":"https:\/\/api.w.org\/{rel}","templated":true}]}}