{"id":872,"date":"2024-08-25T12:00:00","date_gmt":"2024-08-25T18:00:00","guid":{"rendered":"https:\/\/www.nexoinformativo.mx\/?p=872"},"modified":"2024-08-27T20:06:06","modified_gmt":"2024-08-28T02:06:06","slug":"esclarece-fiscalia-robo-con-violencia-en-pedro-escobedo","status":"publish","type":"post","link":"https:\/\/www.nexoinformativo.mx\/index.php\/2024\/08\/25\/esclarece-fiscalia-robo-con-violencia-en-pedro-escobedo\/","title":{"rendered":"Esclarece Fiscal\u00eda robo con violencia en Pedro Escobedo"},"content":{"rendered":"\r\n<p class=\"justificado\" style=\"margin-top: var(--wp--preset--spacing--10); margin-bottom: var(--wp--preset--spacing--10);\"><p style=\"text-align: justify;\">La Fiscal\u00eda General del Estado ha logrado esclarecer el robo con violencia ocurrido en una tienda de abarrotes en la comunidad de La D Santa B\u00e1rbara, en el municipio de Pedro Escobedo. La detenci\u00f3n de dos imputados, El\u00edas \u201cN\u201d y Aldo \u201cN\u201d, ha sido clave para resolver este caso que tuvo lugar el pasado 22 de junio.<\/p>\r\n\r\n\r\n\r\n<p class=\"justificado\" style=\"margin-top: var(--wp--preset--spacing--10); margin-bottom: var(--wp--preset--spacing--10);\"><p style=\"text-align: justify;\">Desde el momento en que se report\u00f3 el incidente, el personal ministerial, pericial y policial inici\u00f3 las investigaciones correspondientes. Gracias a la recolecci\u00f3n de pruebas, se logr\u00f3 identificar un veh\u00edculo jeep azul relacionado con el robo, lo que permiti\u00f3 la localizaci\u00f3n y posterior detenci\u00f3n de los sospechosos.<\/p>\r\n\r\n\r\n\r\n<p class=\"justificado\" style=\"margin-top: var(--wp--preset--spacing--10); margin-bottom: var(--wp--preset--spacing--10);\"><p style=\"text-align: justify;\">La autoridad judicial emiti\u00f3 \u00f3rdenes de aprehensi\u00f3n para ambos imputados, as\u00ed como \u00f3rdenes de cateo para cinco domicilios, cuatro de ellos en Pedro Escobedo y uno en la capital del estado. En la audiencia inicial, un juez de control dict\u00f3 la vinculaci\u00f3n a proceso para uno de los acusados, imponiendo prisi\u00f3n preventiva justificada. La situaci\u00f3n jur\u00eddica del segundo imputado se resolver\u00e1 en los pr\u00f3ximos d\u00edas, despu\u00e9s de que su defensa solicitara la duplicidad del plazo.<\/p>\r\n\r\n\r\n\r\n<p class=\"justificado\" style=\"margin-top: var(--wp--preset--spacing--10); margin-bottom: var(--wp--preset--spacing--10);\"><p style=\"text-align: justify;\">Con estas acciones, la Fiscal\u00eda reafirma su compromiso con la seguridad y justicia en el estado, trabajando para esclarecer los delitos que afectan a la comunidad.<\/p>\r\n","protected":false},"excerpt":{"rendered":"<p>La Fiscal\u00eda General del Estado ha logrado esclarecer el robo con violencia ocurrido en una tienda de abarrotes en la comunidad de La D Santa B\u00e1rbara, en el municipio de Pedro Escobedo. La detenci\u00f3n de dos imputados, El\u00edas \u201cN\u201d y Aldo \u201cN\u201d, ha sido clave para resolver este caso que tuvo lugar el pasado 22 [&hellip;]<\/p>\n","protected":false},"author":3,"featured_media":874,"comment_status":"open","ping_status":"open","sticky":false,"template":"","format":"standard","meta":{"footnotes":""},"categories":[137],"tags":[166,163,162,167,133,165,164],"class_list":["post-872","post","type-post","status-publish","format-standard","has-post-thumbnail","hentry","category-sucesos","tag-comunidadsegura","tag-fiscaliaresuelve","tag-justiciaenpedroescobedo","tag-pedroescobedo","tag-queretaro","tag-roboesclarecido","tag-seguridadenaccion"],"yoast_head":"<!-- This site is optimized with the Yoast SEO plugin v25.0 - https:\/\/yoast.com\/wordpress\/plugins\/seo\/ -->\n<title>Esclarece Fiscal\u00eda robo con violencia en Pedro Escobedo | Nexo Informativo Santiago de Quer\u00e9taro<\/title>\n<meta name=\"robots\" content=\"index, follow, max-snippet:-1, max-image-preview:large, max-video-preview:-1\" \/>\n<link rel=\"canonical\" href=\"https:\/\/www.nexoinformativo.mx\/index.php\/2024\/08\/25\/esclarece-fiscalia-robo-con-violencia-en-pedro-escobedo\/\" \/>\n<meta property=\"og:locale\" content=\"es_MX\" \/>\n<meta property=\"og:type\" content=\"article\" \/>\n<meta property=\"og:title\" content=\"Esclarece Fiscal\u00eda robo con violencia en Pedro Escobedo | Nexo Informativo Santiago de Quer\u00e9taro\" \/>\n<meta property=\"og:description\" content=\"La Fiscal\u00eda General del Estado ha logrado esclarecer el robo con violencia ocurrido en una tienda de abarrotes en la comunidad de La D Santa B\u00e1rbara, en el municipio de Pedro Escobedo. La detenci\u00f3n de dos imputados, El\u00edas \u201cN\u201d y Aldo \u201cN\u201d, ha sido clave para resolver este caso que tuvo lugar el pasado 22 [&hellip;]\" \/>\n<meta property=\"og:url\" content=\"https:\/\/www.nexoinformativo.mx\/index.php\/2024\/08\/25\/esclarece-fiscalia-robo-con-violencia-en-pedro-escobedo\/\" \/>\n<meta property=\"og:site_name\" content=\"Nexo Informativo Santiago de Quer\u00e9taro\" \/>\n<meta property=\"article:publisher\" content=\"https:\/\/www.facebook.com\/people\/Nexo-Informativo\/61564066885511\/\" \/>\n<meta property=\"article:published_time\" content=\"2024-08-25T18:00:00+00:00\" \/>\n<meta property=\"article:modified_time\" content=\"2024-08-28T02:06:06+00:00\" \/>\n<meta property=\"og:image\" content=\"https:\/\/www.nexoinformativo.mx\/wp-content\/uploads\/2024\/08\/PHOTO-2024-08-26-10-42-30-e1724695465194.jpg\" \/>\n\t<meta property=\"og:image:width\" content=\"800\" \/>\n\t<meta property=\"og:image:height\" content=\"505\" \/>\n\t<meta property=\"og:image:type\" content=\"image\/jpeg\" \/>\n<meta name=\"author\" content=\"Nexo Informativo\" \/>\n<meta name=\"twitter:card\" content=\"summary_large_image\" \/>\n<meta name=\"twitter:label1\" content=\"Escrito por\" \/>\n\t<meta name=\"twitter:data1\" content=\"Nexo Informativo\" \/>\n\t<meta name=\"twitter:label2\" content=\"Tiempo de lectura\" \/>\n\t<meta name=\"twitter:data2\" content=\"1 minuto\" \/>\n<script type=\"application\/ld+json\" class=\"yoast-schema-graph\">{\"@context\":\"https:\/\/schema.org\",\"@graph\":[{\"@type\":\"Article\",\"@id\":\"https:\/\/www.nexoinformativo.mx\/index.php\/2024\/08\/25\/esclarece-fiscalia-robo-con-violencia-en-pedro-escobedo\/#article\",\"isPartOf\":{\"@id\":\"https:\/\/www.nexoinformativo.mx\/index.php\/2024\/08\/25\/esclarece-fiscalia-robo-con-violencia-en-pedro-escobedo\/\"},\"author\":{\"name\":\"Nexo Informativo\",\"@id\":\"https:\/\/www.nexoinformativo.mx\/#\/schema\/person\/7749d380ba08c8ca00d7bc76fd907b7d\"},\"headline\":\"Esclarece Fiscal\u00eda robo con violencia en Pedro Escobedo\",\"datePublished\":\"2024-08-25T18:00:00+00:00\",\"dateModified\":\"2024-08-28T02:06:06+00:00\",\"mainEntityOfPage\":{\"@id\":\"https:\/\/www.nexoinformativo.mx\/index.php\/2024\/08\/25\/esclarece-fiscalia-robo-con-violencia-en-pedro-escobedo\/\"},\"wordCount\":230,\"commentCount\":0,\"publisher\":{\"@id\":\"https:\/\/www.nexoinformativo.mx\/#organization\"},\"image\":{\"@id\":\"https:\/\/www.nexoinformativo.mx\/index.php\/2024\/08\/25\/esclarece-fiscalia-robo-con-violencia-en-pedro-escobedo\/#primaryimage\"},\"thumbnailUrl\":\"https:\/\/www.nexoinformativo.mx\/wp-content\/uploads\/2024\/08\/PHOTO-2024-08-26-10-42-30-e1724695465194.jpg\",\"keywords\":[\"comunidadsegura\",\"FiscaliaResuelve\",\"JusticiaenPedroEscobedo\",\"PedroEscobedo\",\"Quer\u00e9taro\",\"Roboesclarecido\",\"SeguridadenAcci\u00f3n\"],\"articleSection\":[\"Sucesos\"],\"inLanguage\":\"es\",\"potentialAction\":[{\"@type\":\"CommentAction\",\"name\":\"Comment\",\"target\":[\"https:\/\/www.nexoinformativo.mx\/index.php\/2024\/08\/25\/esclarece-fiscalia-robo-con-violencia-en-pedro-escobedo\/#respond\"]}]},{\"@type\":\"WebPage\",\"@id\":\"https:\/\/www.nexoinformativo.mx\/index.php\/2024\/08\/25\/esclarece-fiscalia-robo-con-violencia-en-pedro-escobedo\/\",\"url\":\"https:\/\/www.nexoinformativo.mx\/index.php\/2024\/08\/25\/esclarece-fiscalia-robo-con-violencia-en-pedro-escobedo\/\",\"name\":\"Esclarece Fiscal\u00eda robo con violencia en Pedro Escobedo | Nexo Informativo Santiago de Quer\u00e9taro\",\"isPartOf\":{\"@id\":\"https:\/\/www.nexoinformativo.mx\/#website\"},\"primaryImageOfPage\":{\"@id\":\"https:\/\/www.nexoinformativo.mx\/index.php\/2024\/08\/25\/esclarece-fiscalia-robo-con-violencia-en-pedro-escobedo\/#primaryimage\"},\"image\":{\"@id\":\"https:\/\/www.nexoinformativo.mx\/index.php\/2024\/08\/25\/esclarece-fiscalia-robo-con-violencia-en-pedro-escobedo\/#primaryimage\"},\"thumbnailUrl\":\"https:\/\/www.nexoinformativo.mx\/wp-content\/uploads\/2024\/08\/PHOTO-2024-08-26-10-42-30-e1724695465194.jpg\",\"datePublished\":\"2024-08-25T18:00:00+00:00\",\"dateModified\":\"2024-08-28T02:06:06+00:00\",\"breadcrumb\":{\"@id\":\"https:\/\/www.nexoinformativo.mx\/index.php\/2024\/08\/25\/esclarece-fiscalia-robo-con-violencia-en-pedro-escobedo\/#breadcrumb\"},\"inLanguage\":\"es\",\"potentialAction\":[{\"@type\":\"ReadAction\",\"target\":[\"https:\/\/www.nexoinformativo.mx\/index.php\/2024\/08\/25\/esclarece-fiscalia-robo-con-violencia-en-pedro-escobedo\/\"]}]},{\"@type\":\"ImageObject\",\"inLanguage\":\"es\",\"@id\":\"https:\/\/www.nexoinformativo.mx\/index.php\/2024\/08\/25\/esclarece-fiscalia-robo-con-violencia-en-pedro-escobedo\/#primaryimage\",\"url\":\"https:\/\/www.nexoinformativo.mx\/wp-content\/uploads\/2024\/08\/PHOTO-2024-08-26-10-42-30-e1724695465194.jpg\",\"contentUrl\":\"https:\/\/www.nexoinformativo.mx\/wp-content\/uploads\/2024\/08\/PHOTO-2024-08-26-10-42-30-e1724695465194.jpg\",\"width\":800,\"height\":505},{\"@type\":\"BreadcrumbList\",\"@id\":\"https:\/\/www.nexoinformativo.mx\/index.php\/2024\/08\/25\/esclarece-fiscalia-robo-con-violencia-en-pedro-escobedo\/#breadcrumb\",\"itemListElement\":[{\"@type\":\"ListItem\",\"position\":1,\"name\":\"Inicio\",\"item\":\"https:\/\/www.nexoinformativo.mx\/\"},{\"@type\":\"ListItem\",\"position\":2,\"name\":\"Esclarece Fiscal\u00eda robo con violencia en Pedro Escobedo\"}]},{\"@type\":\"WebSite\",\"@id\":\"https:\/\/www.nexoinformativo.mx\/#website\",\"url\":\"https:\/\/www.nexoinformativo.mx\/\",\"name\":\"Nexo Informativo Santiago de Quer\u00e9taro\",\"description\":\"Explora NexoInformativo y convi\u00e9rtete en parte de una comunidad que valora el conocimiento y la verdad. Tu nexoinformativo es tu puente hacia una comprensi\u00f3n m\u00e1s profunda del mundo que te rodea.\",\"publisher\":{\"@id\":\"https:\/\/www.nexoinformativo.mx\/#organization\"},\"potentialAction\":[{\"@type\":\"SearchAction\",\"target\":{\"@type\":\"EntryPoint\",\"urlTemplate\":\"https:\/\/www.nexoinformativo.mx\/?s={search_term_string}\"},\"query-input\":{\"@type\":\"PropertyValueSpecification\",\"valueRequired\":true,\"valueName\":\"search_term_string\"}}],\"inLanguage\":\"es\"},{\"@type\":\"Organization\",\"@id\":\"https:\/\/www.nexoinformativo.mx\/#organization\",\"name\":\"Nexo Informativo Santiago de Quer\u00e9taro\",\"url\":\"https:\/\/www.nexoinformativo.mx\/\",\"logo\":{\"@type\":\"ImageObject\",\"inLanguage\":\"es\",\"@id\":\"https:\/\/www.nexoinformativo.mx\/#\/schema\/logo\/image\/\",\"url\":\"https:\/\/www.nexoinformativo.mx\/wp-content\/uploads\/2024\/07\/nexoi-trasparente-2.png\",\"contentUrl\":\"https:\/\/www.nexoinformativo.mx\/wp-content\/uploads\/2024\/07\/nexoi-trasparente-2.png\",\"width\":816,\"height\":339,\"caption\":\"Nexo Informativo Santiago de Quer\u00e9taro\"},\"image\":{\"@id\":\"https:\/\/www.nexoinformativo.mx\/#\/schema\/logo\/image\/\"},\"sameAs\":[\"https:\/\/www.facebook.com\/people\/Nexo-Informativo\/61564066885511\/\"]},{\"@type\":\"Person\",\"@id\":\"https:\/\/www.nexoinformativo.mx\/#\/schema\/person\/7749d380ba08c8ca00d7bc76fd907b7d\",\"name\":\"Nexo Informativo\",\"image\":{\"@type\":\"ImageObject\",\"inLanguage\":\"es\",\"@id\":\"https:\/\/www.nexoinformativo.mx\/#\/schema\/person\/image\/\",\"url\":\"https:\/\/secure.gravatar.com\/avatar\/dde2928154642a13d95f87ddf1ea9718fe2b46760a005c53e41ff5ad610704e6?s=96&d=mm&r=g\",\"contentUrl\":\"https:\/\/secure.gravatar.com\/avatar\/dde2928154642a13d95f87ddf1ea9718fe2b46760a005c53e41ff5ad610704e6?s=96&d=mm&r=g\",\"caption\":\"Nexo Informativo\"},\"url\":\"https:\/\/www.nexoinformativo.mx\/index.php\/author\/edicion\/\"}]}<\/script>\n<!-- \/ Yoast SEO plugin. -->","yoast_head_json":{"title":"Esclarece Fiscal\u00eda robo con violencia en Pedro Escobedo | Nexo Informativo Santiago de Quer\u00e9taro","robots":{"index":"index","follow":"follow","max-snippet":"max-snippet:-1","max-image-preview":"max-image-preview:large","max-video-preview":"max-video-preview:-1"},"canonical":"https:\/\/www.nexoinformativo.mx\/index.php\/2024\/08\/25\/esclarece-fiscalia-robo-con-violencia-en-pedro-escobedo\/","og_locale":"es_MX","og_type":"article","og_title":"Esclarece Fiscal\u00eda robo con violencia en Pedro Escobedo | Nexo Informativo Santiago de Quer\u00e9taro","og_description":"La Fiscal\u00eda General del Estado ha logrado esclarecer el robo con violencia ocurrido en una tienda de abarrotes en la comunidad de La D Santa B\u00e1rbara, en el municipio de Pedro Escobedo. La detenci\u00f3n de dos imputados, El\u00edas \u201cN\u201d y Aldo \u201cN\u201d, ha sido clave para resolver este caso que tuvo lugar el pasado 22 [&hellip;]","og_url":"https:\/\/www.nexoinformativo.mx\/index.php\/2024\/08\/25\/esclarece-fiscalia-robo-con-violencia-en-pedro-escobedo\/","og_site_name":"Nexo Informativo Santiago de Quer\u00e9taro","article_publisher":"https:\/\/www.facebook.com\/people\/Nexo-Informativo\/61564066885511\/","article_published_time":"2024-08-25T18:00:00+00:00","article_modified_time":"2024-08-28T02:06:06+00:00","og_image":[{"width":800,"height":505,"url":"https:\/\/www.nexoinformativo.mx\/wp-content\/uploads\/2024\/08\/PHOTO-2024-08-26-10-42-30-e1724695465194.jpg","type":"image\/jpeg"}],"author":"Nexo Informativo","twitter_card":"summary_large_image","twitter_misc":{"Escrito por":"Nexo Informativo","Tiempo de lectura":"1 minuto"},"schema":{"@context":"https:\/\/schema.org","@graph":[{"@type":"Article","@id":"https:\/\/www.nexoinformativo.mx\/index.php\/2024\/08\/25\/esclarece-fiscalia-robo-con-violencia-en-pedro-escobedo\/#article","isPartOf":{"@id":"https:\/\/www.nexoinformativo.mx\/index.php\/2024\/08\/25\/esclarece-fiscalia-robo-con-violencia-en-pedro-escobedo\/"},"author":{"name":"Nexo Informativo","@id":"https:\/\/www.nexoinformativo.mx\/#\/schema\/person\/7749d380ba08c8ca00d7bc76fd907b7d"},"headline":"Esclarece Fiscal\u00eda robo con violencia en Pedro Escobedo","datePublished":"2024-08-25T18:00:00+00:00","dateModified":"2024-08-28T02:06:06+00:00","mainEntityOfPage":{"@id":"https:\/\/www.nexoinformativo.mx\/index.php\/2024\/08\/25\/esclarece-fiscalia-robo-con-violencia-en-pedro-escobedo\/"},"wordCount":230,"commentCount":0,"publisher":{"@id":"https:\/\/www.nexoinformativo.mx\/#organization"},"image":{"@id":"https:\/\/www.nexoinformativo.mx\/index.php\/2024\/08\/25\/esclarece-fiscalia-robo-con-violencia-en-pedro-escobedo\/#primaryimage"},"thumbnailUrl":"https:\/\/www.nexoinformativo.mx\/wp-content\/uploads\/2024\/08\/PHOTO-2024-08-26-10-42-30-e1724695465194.jpg","keywords":["comunidadsegura","FiscaliaResuelve","JusticiaenPedroEscobedo","PedroEscobedo","Quer\u00e9taro","Roboesclarecido","SeguridadenAcci\u00f3n"],"articleSection":["Sucesos"],"inLanguage":"es","potentialAction":[{"@type":"CommentAction","name":"Comment","target":["https:\/\/www.nexoinformativo.mx\/index.php\/2024\/08\/25\/esclarece-fiscalia-robo-con-violencia-en-pedro-escobedo\/#respond"]}]},{"@type":"WebPage","@id":"https:\/\/www.nexoinformativo.mx\/index.php\/2024\/08\/25\/esclarece-fiscalia-robo-con-violencia-en-pedro-escobedo\/","url":"https:\/\/www.nexoinformativo.mx\/index.php\/2024\/08\/25\/esclarece-fiscalia-robo-con-violencia-en-pedro-escobedo\/","name":"Esclarece Fiscal\u00eda robo con violencia en Pedro Escobedo | Nexo Informativo Santiago de Quer\u00e9taro","isPartOf":{"@id":"https:\/\/www.nexoinformativo.mx\/#website"},"primaryImageOfPage":{"@id":"https:\/\/www.nexoinformativo.mx\/index.php\/2024\/08\/25\/esclarece-fiscalia-robo-con-violencia-en-pedro-escobedo\/#primaryimage"},"image":{"@id":"https:\/\/www.nexoinformativo.mx\/index.php\/2024\/08\/25\/esclarece-fiscalia-robo-con-violencia-en-pedro-escobedo\/#primaryimage"},"thumbnailUrl":"https:\/\/www.nexoinformativo.mx\/wp-content\/uploads\/2024\/08\/PHOTO-2024-08-26-10-42-30-e1724695465194.jpg","datePublished":"2024-08-25T18:00:00+00:00","dateModified":"2024-08-28T02:06:06+00:00","breadcrumb":{"@id":"https:\/\/www.nexoinformativo.mx\/index.php\/2024\/08\/25\/esclarece-fiscalia-robo-con-violencia-en-pedro-escobedo\/#breadcrumb"},"inLanguage":"es","potentialAction":[{"@type":"ReadAction","target":["https:\/\/www.nexoinformativo.mx\/index.php\/2024\/08\/25\/esclarece-fiscalia-robo-con-violencia-en-pedro-escobedo\/"]}]},{"@type":"ImageObject","inLanguage":"es","@id":"https:\/\/www.nexoinformativo.mx\/index.php\/2024\/08\/25\/esclarece-fiscalia-robo-con-violencia-en-pedro-escobedo\/#primaryimage","url":"https:\/\/www.nexoinformativo.mx\/wp-content\/uploads\/2024\/08\/PHOTO-2024-08-26-10-42-30-e1724695465194.jpg","contentUrl":"https:\/\/www.nexoinformativo.mx\/wp-content\/uploads\/2024\/08\/PHOTO-2024-08-26-10-42-30-e1724695465194.jpg","width":800,"height":505},{"@type":"BreadcrumbList","@id":"https:\/\/www.nexoinformativo.mx\/index.php\/2024\/08\/25\/esclarece-fiscalia-robo-con-violencia-en-pedro-escobedo\/#breadcrumb","itemListElement":[{"@type":"ListItem","position":1,"name":"Inicio","item":"https:\/\/www.nexoinformativo.mx\/"},{"@type":"ListItem","position":2,"name":"Esclarece Fiscal\u00eda robo con violencia en Pedro Escobedo"}]},{"@type":"WebSite","@id":"https:\/\/www.nexoinformativo.mx\/#website","url":"https:\/\/www.nexoinformativo.mx\/","name":"Nexo Informativo Santiago de Quer\u00e9taro","description":"Explora NexoInformativo y convi\u00e9rtete en parte de una comunidad que valora el conocimiento y la verdad. Tu nexoinformativo es tu puente hacia una comprensi\u00f3n m\u00e1s profunda del mundo que te rodea.","publisher":{"@id":"https:\/\/www.nexoinformativo.mx\/#organization"},"potentialAction":[{"@type":"SearchAction","target":{"@type":"EntryPoint","urlTemplate":"https:\/\/www.nexoinformativo.mx\/?s={search_term_string}"},"query-input":{"@type":"PropertyValueSpecification","valueRequired":true,"valueName":"search_term_string"}}],"inLanguage":"es"},{"@type":"Organization","@id":"https:\/\/www.nexoinformativo.mx\/#organization","name":"Nexo Informativo Santiago de Quer\u00e9taro","url":"https:\/\/www.nexoinformativo.mx\/","logo":{"@type":"ImageObject","inLanguage":"es","@id":"https:\/\/www.nexoinformativo.mx\/#\/schema\/logo\/image\/","url":"https:\/\/www.nexoinformativo.mx\/wp-content\/uploads\/2024\/07\/nexoi-trasparente-2.png","contentUrl":"https:\/\/www.nexoinformativo.mx\/wp-content\/uploads\/2024\/07\/nexoi-trasparente-2.png","width":816,"height":339,"caption":"Nexo Informativo Santiago de Quer\u00e9taro"},"image":{"@id":"https:\/\/www.nexoinformativo.mx\/#\/schema\/logo\/image\/"},"sameAs":["https:\/\/www.facebook.com\/people\/Nexo-Informativo\/61564066885511\/"]},{"@type":"Person","@id":"https:\/\/www.nexoinformativo.mx\/#\/schema\/person\/7749d380ba08c8ca00d7bc76fd907b7d","name":"Nexo Informativo","image":{"@type":"ImageObject","inLanguage":"es","@id":"https:\/\/www.nexoinformativo.mx\/#\/schema\/person\/image\/","url":"https:\/\/secure.gravatar.com\/avatar\/dde2928154642a13d95f87ddf1ea9718fe2b46760a005c53e41ff5ad610704e6?s=96&d=mm&r=g","contentUrl":"https:\/\/secure.gravatar.com\/avatar\/dde2928154642a13d95f87ddf1ea9718fe2b46760a005c53e41ff5ad610704e6?s=96&d=mm&r=g","caption":"Nexo Informativo"},"url":"https:\/\/www.nexoinformativo.mx\/index.php\/author\/edicion\/"}]}},"_links":{"self":[{"href":"https:\/\/www.nexoinformativo.mx\/index.php\/wp-json\/wp\/v2\/posts\/872","targetHints":{"allow":["GET"]}}],"collection":[{"href":"https:\/\/www.nexoinformativo.mx\/index.php\/wp-json\/wp\/v2\/posts"}],"about":[{"href":"https:\/\/www.nexoinformativo.mx\/index.php\/wp-json\/wp\/v2\/types\/post"}],"author":[{"embeddable":true,"href":"https:\/\/www.nexoinformativo.mx\/index.php\/wp-json\/wp\/v2\/users\/3"}],"replies":[{"embeddable":true,"href":"https:\/\/www.nexoinformativo.mx\/index.php\/wp-json\/wp\/v2\/comments?post=872"}],"version-history":[{"count":3,"href":"https:\/\/www.nexoinformativo.mx\/index.php\/wp-json\/wp\/v2\/posts\/872\/revisions"}],"predecessor-version":[{"id":1036,"href":"https:\/\/www.nexoinformativo.mx\/index.php\/wp-json\/wp\/v2\/posts\/872\/revisions\/1036"}],"wp:featuredmedia":[{"embeddable":true,"href":"https:\/\/www.nexoinformativo.mx\/index.php\/wp-json\/wp\/v2\/media\/874"}],"wp:attachment":[{"href":"https:\/\/www.nexoinformativo.mx\/index.php\/wp-json\/wp\/v2\/media?parent=872"}],"wp:term":[{"taxonomy":"category","embeddable":true,"href":"https:\/\/www.nexoinformativo.mx\/index.php\/wp-json\/wp\/v2\/categories?post=872"},{"taxonomy":"post_tag","embeddable":true,"href":"https:\/\/www.nexoinformativo.mx\/index.php\/wp-json\/wp\/v2\/tags?post=872"}],"curies":[{"name":"wp","href":"https:\/\/api.w.org\/{rel}","templated":true}]}}