{"id":8727,"date":"2024-12-23T18:00:51","date_gmt":"2024-12-24T00:00:51","guid":{"rendered":"https:\/\/www.nexoinformativo.mx\/?p=8727"},"modified":"2024-12-23T21:03:45","modified_gmt":"2024-12-24T03:03:45","slug":"operativo-conjunto-en-queretaro-decomisan-vehiculos-con-irregularidades","status":"publish","type":"post","link":"https:\/\/www.nexoinformativo.mx\/index.php\/2024\/12\/23\/operativo-conjunto-en-queretaro-decomisan-vehiculos-con-irregularidades\/","title":{"rendered":"Operativo conjunto en Quer\u00e9taro: Decomisan veh\u00edculos con irregularidades"},"content":{"rendered":"<p style=\"text-align: justify;\">Un fuerte operativo de seguridad se despleg\u00f3 esta tarde en la colonia Tonatiuh, en Quer\u00e9taro, donde elementos de la Fiscal\u00eda General del Estado (FGE), en coordinaci\u00f3n con la Secretar\u00eda de la Defensa Nacional (SEDENA), la Guardia Nacional y la Polic\u00eda 1 Municipal, ejecutaron una orden de cateo en un inmueble.<\/p>\n<p>&nbsp;<\/p>\n<p style=\"text-align: justify;\" data-sourcepos=\"13:1-13:267\">Las autoridades informaron que las diligencias se llevaron a cabo como parte de una investigaci\u00f3n relacionada con el robo de veh\u00edculos. Durante el cateo, se aseguraron al menos dos autom\u00f3viles y un remolque, los cuales presentaban irregularidades en su documentaci\u00f3n.<\/p>\n<p>&nbsp;<\/p>\n<p style=\"text-align: justify;\" data-sourcepos=\"15:1-15:281\">El operativo se desarroll\u00f3 de manera coordinada, con el objetivo de garantizar la seguridad de los ciudadanos y el esclarecimiento de los hechos. Los elementos de las diferentes corporaciones participaron en el acordonamiento del per\u00edmetro y en la ejecuci\u00f3n de las diligencias.<\/p>\n<p>&nbsp;<\/p>\n<p style=\"text-align: justify;\" data-sourcepos=\"17:1-17:244\">Hasta el momento, no se reportan personas detenidas como resultado del cateo. Sin embargo, las autoridades ministeriales contin\u00faan con las investigaciones para determinar la procedencia de los veh\u00edculos asegurados y deslindar responsabilidades.<\/p>\n<p>&nbsp;<\/p>\n<p style=\"text-align: justify;\" data-sourcepos=\"19:1-19:147\">Este tipo de acciones refrendan el compromiso de las autoridades por combatir el robo de veh\u00edculos y garantizar la seguridad de los ciudadanos.<\/p>\n<p>&nbsp;<\/p>\n<p style=\"text-align: center;\" data-sourcepos=\"19:1-19:147\"><em><strong>\u00a1Informaci\u00f3n que transforma!<\/strong><\/em><\/p>\n","protected":false},"excerpt":{"rendered":"<p>Un fuerte operativo de seguridad se despleg\u00f3 esta tarde en la colonia Tonatiuh, en Quer\u00e9taro, donde elementos de la Fiscal\u00eda General del Estado (FGE), en coordinaci\u00f3n con la Secretar\u00eda de la Defensa Nacional (SEDENA), la Guardia Nacional y la Polic\u00eda 1 Municipal, ejecutaron una orden de cateo en un inmueble.<\/p>\n","protected":false},"author":3,"featured_media":8728,"comment_status":"open","ping_status":"open","sticky":false,"template":"","format":"standard","meta":{"footnotes":""},"categories":[137,58],"tags":[2800,2801,305,157],"class_list":["post-8727","post","type-post","status-publish","format-standard","has-post-thumbnail","hentry","category-sucesos","category-ultima-hora","tag-cateoqueretaro","tag-fge","tag-robodevehiculos","tag-seguridadciudadana"],"yoast_head":"<!-- This site is optimized with the Yoast SEO plugin v25.0 - https:\/\/yoast.com\/wordpress\/plugins\/seo\/ -->\n<title>Operativo conjunto en Quer\u00e9taro: Decomisan veh\u00edculos con irregularidades | Nexo Informativo Santiago de Quer\u00e9taro<\/title>\n<meta name=\"description\" content=\"Operativo conjunto en Quer\u00e9taro: Decomisan veh\u00edculos con irregularidades\" \/>\n<meta name=\"robots\" content=\"index, follow, max-snippet:-1, max-image-preview:large, max-video-preview:-1\" \/>\n<link rel=\"canonical\" href=\"https:\/\/www.nexoinformativo.mx\/index.php\/2024\/12\/23\/operativo-conjunto-en-queretaro-decomisan-vehiculos-con-irregularidades\/\" \/>\n<meta property=\"og:locale\" content=\"es_MX\" \/>\n<meta property=\"og:type\" content=\"article\" \/>\n<meta property=\"og:title\" content=\"Operativo conjunto en Quer\u00e9taro: Decomisan veh\u00edculos con irregularidades | Nexo Informativo Santiago de Quer\u00e9taro\" \/>\n<meta property=\"og:description\" content=\"Operativo conjunto en Quer\u00e9taro: Decomisan veh\u00edculos con irregularidades\" \/>\n<meta property=\"og:url\" content=\"https:\/\/www.nexoinformativo.mx\/index.php\/2024\/12\/23\/operativo-conjunto-en-queretaro-decomisan-vehiculos-con-irregularidades\/\" \/>\n<meta property=\"og:site_name\" content=\"Nexo Informativo Santiago de Quer\u00e9taro\" \/>\n<meta property=\"article:publisher\" content=\"https:\/\/www.facebook.com\/people\/Nexo-Informativo\/61564066885511\/\" \/>\n<meta property=\"article:published_time\" content=\"2024-12-24T00:00:51+00:00\" \/>\n<meta property=\"article:modified_time\" content=\"2024-12-24T03:03:45+00:00\" \/>\n<meta property=\"og:image\" content=\"https:\/\/www.nexoinformativo.mx\/wp-content\/uploads\/2024\/12\/IMG_8806.jpg\" \/>\n\t<meta property=\"og:image:width\" content=\"765\" \/>\n\t<meta property=\"og:image:height\" content=\"463\" \/>\n\t<meta property=\"og:image:type\" content=\"image\/jpeg\" \/>\n<meta name=\"author\" content=\"Nexo Informativo\" \/>\n<meta name=\"twitter:card\" content=\"summary_large_image\" \/>\n<meta name=\"twitter:label1\" content=\"Escrito por\" \/>\n\t<meta name=\"twitter:data1\" content=\"Nexo Informativo\" \/>\n\t<meta name=\"twitter:label2\" content=\"Tiempo de lectura\" \/>\n\t<meta name=\"twitter:data2\" content=\"2 minutos\" \/>\n<script type=\"application\/ld+json\" class=\"yoast-schema-graph\">{\"@context\":\"https:\/\/schema.org\",\"@graph\":[{\"@type\":\"Article\",\"@id\":\"https:\/\/www.nexoinformativo.mx\/index.php\/2024\/12\/23\/operativo-conjunto-en-queretaro-decomisan-vehiculos-con-irregularidades\/#article\",\"isPartOf\":{\"@id\":\"https:\/\/www.nexoinformativo.mx\/index.php\/2024\/12\/23\/operativo-conjunto-en-queretaro-decomisan-vehiculos-con-irregularidades\/\"},\"author\":{\"name\":\"Nexo Informativo\",\"@id\":\"https:\/\/www.nexoinformativo.mx\/#\/schema\/person\/7749d380ba08c8ca00d7bc76fd907b7d\"},\"headline\":\"Operativo conjunto en Quer\u00e9taro: Decomisan veh\u00edculos con irregularidades\",\"datePublished\":\"2024-12-24T00:00:51+00:00\",\"dateModified\":\"2024-12-24T03:03:45+00:00\",\"mainEntityOfPage\":{\"@id\":\"https:\/\/www.nexoinformativo.mx\/index.php\/2024\/12\/23\/operativo-conjunto-en-queretaro-decomisan-vehiculos-con-irregularidades\/\"},\"wordCount\":219,\"commentCount\":0,\"publisher\":{\"@id\":\"https:\/\/www.nexoinformativo.mx\/#organization\"},\"image\":{\"@id\":\"https:\/\/www.nexoinformativo.mx\/index.php\/2024\/12\/23\/operativo-conjunto-en-queretaro-decomisan-vehiculos-con-irregularidades\/#primaryimage\"},\"thumbnailUrl\":\"https:\/\/www.nexoinformativo.mx\/wp-content\/uploads\/2024\/12\/IMG_8806.jpg\",\"keywords\":[\"CateoQuer\u00e9taro\",\"FGE\",\"RoboDeVeh\u00edculos\",\"SeguridadCiudadana\"],\"articleSection\":[\"Sucesos\",\"\u00daltima Hora\"],\"inLanguage\":\"es\",\"potentialAction\":[{\"@type\":\"CommentAction\",\"name\":\"Comment\",\"target\":[\"https:\/\/www.nexoinformativo.mx\/index.php\/2024\/12\/23\/operativo-conjunto-en-queretaro-decomisan-vehiculos-con-irregularidades\/#respond\"]}]},{\"@type\":\"WebPage\",\"@id\":\"https:\/\/www.nexoinformativo.mx\/index.php\/2024\/12\/23\/operativo-conjunto-en-queretaro-decomisan-vehiculos-con-irregularidades\/\",\"url\":\"https:\/\/www.nexoinformativo.mx\/index.php\/2024\/12\/23\/operativo-conjunto-en-queretaro-decomisan-vehiculos-con-irregularidades\/\",\"name\":\"Operativo conjunto en Quer\u00e9taro: Decomisan veh\u00edculos con irregularidades | Nexo Informativo Santiago de Quer\u00e9taro\",\"isPartOf\":{\"@id\":\"https:\/\/www.nexoinformativo.mx\/#website\"},\"primaryImageOfPage\":{\"@id\":\"https:\/\/www.nexoinformativo.mx\/index.php\/2024\/12\/23\/operativo-conjunto-en-queretaro-decomisan-vehiculos-con-irregularidades\/#primaryimage\"},\"image\":{\"@id\":\"https:\/\/www.nexoinformativo.mx\/index.php\/2024\/12\/23\/operativo-conjunto-en-queretaro-decomisan-vehiculos-con-irregularidades\/#primaryimage\"},\"thumbnailUrl\":\"https:\/\/www.nexoinformativo.mx\/wp-content\/uploads\/2024\/12\/IMG_8806.jpg\",\"datePublished\":\"2024-12-24T00:00:51+00:00\",\"dateModified\":\"2024-12-24T03:03:45+00:00\",\"description\":\"Operativo conjunto en Quer\u00e9taro: Decomisan veh\u00edculos con irregularidades\",\"breadcrumb\":{\"@id\":\"https:\/\/www.nexoinformativo.mx\/index.php\/2024\/12\/23\/operativo-conjunto-en-queretaro-decomisan-vehiculos-con-irregularidades\/#breadcrumb\"},\"inLanguage\":\"es\",\"potentialAction\":[{\"@type\":\"ReadAction\",\"target\":[\"https:\/\/www.nexoinformativo.mx\/index.php\/2024\/12\/23\/operativo-conjunto-en-queretaro-decomisan-vehiculos-con-irregularidades\/\"]}]},{\"@type\":\"ImageObject\",\"inLanguage\":\"es\",\"@id\":\"https:\/\/www.nexoinformativo.mx\/index.php\/2024\/12\/23\/operativo-conjunto-en-queretaro-decomisan-vehiculos-con-irregularidades\/#primaryimage\",\"url\":\"https:\/\/www.nexoinformativo.mx\/wp-content\/uploads\/2024\/12\/IMG_8806.jpg\",\"contentUrl\":\"https:\/\/www.nexoinformativo.mx\/wp-content\/uploads\/2024\/12\/IMG_8806.jpg\",\"width\":765,\"height\":463,\"caption\":\"Screenshot\"},{\"@type\":\"BreadcrumbList\",\"@id\":\"https:\/\/www.nexoinformativo.mx\/index.php\/2024\/12\/23\/operativo-conjunto-en-queretaro-decomisan-vehiculos-con-irregularidades\/#breadcrumb\",\"itemListElement\":[{\"@type\":\"ListItem\",\"position\":1,\"name\":\"Inicio\",\"item\":\"https:\/\/www.nexoinformativo.mx\/\"},{\"@type\":\"ListItem\",\"position\":2,\"name\":\"Operativo conjunto en Quer\u00e9taro: Decomisan veh\u00edculos con irregularidades\"}]},{\"@type\":\"WebSite\",\"@id\":\"https:\/\/www.nexoinformativo.mx\/#website\",\"url\":\"https:\/\/www.nexoinformativo.mx\/\",\"name\":\"Nexo Informativo Santiago de Quer\u00e9taro\",\"description\":\"Explora NexoInformativo y convi\u00e9rtete en parte de una comunidad que valora el conocimiento y la verdad. Tu nexoinformativo es tu puente hacia una comprensi\u00f3n m\u00e1s profunda del mundo que te rodea.\",\"publisher\":{\"@id\":\"https:\/\/www.nexoinformativo.mx\/#organization\"},\"potentialAction\":[{\"@type\":\"SearchAction\",\"target\":{\"@type\":\"EntryPoint\",\"urlTemplate\":\"https:\/\/www.nexoinformativo.mx\/?s={search_term_string}\"},\"query-input\":{\"@type\":\"PropertyValueSpecification\",\"valueRequired\":true,\"valueName\":\"search_term_string\"}}],\"inLanguage\":\"es\"},{\"@type\":\"Organization\",\"@id\":\"https:\/\/www.nexoinformativo.mx\/#organization\",\"name\":\"Nexo Informativo Santiago de Quer\u00e9taro\",\"url\":\"https:\/\/www.nexoinformativo.mx\/\",\"logo\":{\"@type\":\"ImageObject\",\"inLanguage\":\"es\",\"@id\":\"https:\/\/www.nexoinformativo.mx\/#\/schema\/logo\/image\/\",\"url\":\"https:\/\/www.nexoinformativo.mx\/wp-content\/uploads\/2024\/07\/nexoi-trasparente-2.png\",\"contentUrl\":\"https:\/\/www.nexoinformativo.mx\/wp-content\/uploads\/2024\/07\/nexoi-trasparente-2.png\",\"width\":816,\"height\":339,\"caption\":\"Nexo Informativo Santiago de Quer\u00e9taro\"},\"image\":{\"@id\":\"https:\/\/www.nexoinformativo.mx\/#\/schema\/logo\/image\/\"},\"sameAs\":[\"https:\/\/www.facebook.com\/people\/Nexo-Informativo\/61564066885511\/\"]},{\"@type\":\"Person\",\"@id\":\"https:\/\/www.nexoinformativo.mx\/#\/schema\/person\/7749d380ba08c8ca00d7bc76fd907b7d\",\"name\":\"Nexo Informativo\",\"image\":{\"@type\":\"ImageObject\",\"inLanguage\":\"es\",\"@id\":\"https:\/\/www.nexoinformativo.mx\/#\/schema\/person\/image\/\",\"url\":\"https:\/\/secure.gravatar.com\/avatar\/dde2928154642a13d95f87ddf1ea9718fe2b46760a005c53e41ff5ad610704e6?s=96&d=mm&r=g\",\"contentUrl\":\"https:\/\/secure.gravatar.com\/avatar\/dde2928154642a13d95f87ddf1ea9718fe2b46760a005c53e41ff5ad610704e6?s=96&d=mm&r=g\",\"caption\":\"Nexo Informativo\"},\"url\":\"https:\/\/www.nexoinformativo.mx\/index.php\/author\/edicion\/\"}]}<\/script>\n<!-- \/ Yoast SEO plugin. -->","yoast_head_json":{"title":"Operativo conjunto en Quer\u00e9taro: Decomisan veh\u00edculos con irregularidades | Nexo Informativo Santiago de Quer\u00e9taro","description":"Operativo conjunto en Quer\u00e9taro: Decomisan veh\u00edculos con irregularidades","robots":{"index":"index","follow":"follow","max-snippet":"max-snippet:-1","max-image-preview":"max-image-preview:large","max-video-preview":"max-video-preview:-1"},"canonical":"https:\/\/www.nexoinformativo.mx\/index.php\/2024\/12\/23\/operativo-conjunto-en-queretaro-decomisan-vehiculos-con-irregularidades\/","og_locale":"es_MX","og_type":"article","og_title":"Operativo conjunto en Quer\u00e9taro: Decomisan veh\u00edculos con irregularidades | Nexo Informativo Santiago de Quer\u00e9taro","og_description":"Operativo conjunto en Quer\u00e9taro: Decomisan veh\u00edculos con irregularidades","og_url":"https:\/\/www.nexoinformativo.mx\/index.php\/2024\/12\/23\/operativo-conjunto-en-queretaro-decomisan-vehiculos-con-irregularidades\/","og_site_name":"Nexo Informativo Santiago de Quer\u00e9taro","article_publisher":"https:\/\/www.facebook.com\/people\/Nexo-Informativo\/61564066885511\/","article_published_time":"2024-12-24T00:00:51+00:00","article_modified_time":"2024-12-24T03:03:45+00:00","og_image":[{"width":765,"height":463,"url":"https:\/\/www.nexoinformativo.mx\/wp-content\/uploads\/2024\/12\/IMG_8806.jpg","type":"image\/jpeg"}],"author":"Nexo Informativo","twitter_card":"summary_large_image","twitter_misc":{"Escrito por":"Nexo Informativo","Tiempo de lectura":"2 minutos"},"schema":{"@context":"https:\/\/schema.org","@graph":[{"@type":"Article","@id":"https:\/\/www.nexoinformativo.mx\/index.php\/2024\/12\/23\/operativo-conjunto-en-queretaro-decomisan-vehiculos-con-irregularidades\/#article","isPartOf":{"@id":"https:\/\/www.nexoinformativo.mx\/index.php\/2024\/12\/23\/operativo-conjunto-en-queretaro-decomisan-vehiculos-con-irregularidades\/"},"author":{"name":"Nexo Informativo","@id":"https:\/\/www.nexoinformativo.mx\/#\/schema\/person\/7749d380ba08c8ca00d7bc76fd907b7d"},"headline":"Operativo conjunto en Quer\u00e9taro: Decomisan veh\u00edculos con irregularidades","datePublished":"2024-12-24T00:00:51+00:00","dateModified":"2024-12-24T03:03:45+00:00","mainEntityOfPage":{"@id":"https:\/\/www.nexoinformativo.mx\/index.php\/2024\/12\/23\/operativo-conjunto-en-queretaro-decomisan-vehiculos-con-irregularidades\/"},"wordCount":219,"commentCount":0,"publisher":{"@id":"https:\/\/www.nexoinformativo.mx\/#organization"},"image":{"@id":"https:\/\/www.nexoinformativo.mx\/index.php\/2024\/12\/23\/operativo-conjunto-en-queretaro-decomisan-vehiculos-con-irregularidades\/#primaryimage"},"thumbnailUrl":"https:\/\/www.nexoinformativo.mx\/wp-content\/uploads\/2024\/12\/IMG_8806.jpg","keywords":["CateoQuer\u00e9taro","FGE","RoboDeVeh\u00edculos","SeguridadCiudadana"],"articleSection":["Sucesos","\u00daltima Hora"],"inLanguage":"es","potentialAction":[{"@type":"CommentAction","name":"Comment","target":["https:\/\/www.nexoinformativo.mx\/index.php\/2024\/12\/23\/operativo-conjunto-en-queretaro-decomisan-vehiculos-con-irregularidades\/#respond"]}]},{"@type":"WebPage","@id":"https:\/\/www.nexoinformativo.mx\/index.php\/2024\/12\/23\/operativo-conjunto-en-queretaro-decomisan-vehiculos-con-irregularidades\/","url":"https:\/\/www.nexoinformativo.mx\/index.php\/2024\/12\/23\/operativo-conjunto-en-queretaro-decomisan-vehiculos-con-irregularidades\/","name":"Operativo conjunto en Quer\u00e9taro: Decomisan veh\u00edculos con irregularidades | Nexo Informativo Santiago de Quer\u00e9taro","isPartOf":{"@id":"https:\/\/www.nexoinformativo.mx\/#website"},"primaryImageOfPage":{"@id":"https:\/\/www.nexoinformativo.mx\/index.php\/2024\/12\/23\/operativo-conjunto-en-queretaro-decomisan-vehiculos-con-irregularidades\/#primaryimage"},"image":{"@id":"https:\/\/www.nexoinformativo.mx\/index.php\/2024\/12\/23\/operativo-conjunto-en-queretaro-decomisan-vehiculos-con-irregularidades\/#primaryimage"},"thumbnailUrl":"https:\/\/www.nexoinformativo.mx\/wp-content\/uploads\/2024\/12\/IMG_8806.jpg","datePublished":"2024-12-24T00:00:51+00:00","dateModified":"2024-12-24T03:03:45+00:00","description":"Operativo conjunto en Quer\u00e9taro: Decomisan veh\u00edculos con irregularidades","breadcrumb":{"@id":"https:\/\/www.nexoinformativo.mx\/index.php\/2024\/12\/23\/operativo-conjunto-en-queretaro-decomisan-vehiculos-con-irregularidades\/#breadcrumb"},"inLanguage":"es","potentialAction":[{"@type":"ReadAction","target":["https:\/\/www.nexoinformativo.mx\/index.php\/2024\/12\/23\/operativo-conjunto-en-queretaro-decomisan-vehiculos-con-irregularidades\/"]}]},{"@type":"ImageObject","inLanguage":"es","@id":"https:\/\/www.nexoinformativo.mx\/index.php\/2024\/12\/23\/operativo-conjunto-en-queretaro-decomisan-vehiculos-con-irregularidades\/#primaryimage","url":"https:\/\/www.nexoinformativo.mx\/wp-content\/uploads\/2024\/12\/IMG_8806.jpg","contentUrl":"https:\/\/www.nexoinformativo.mx\/wp-content\/uploads\/2024\/12\/IMG_8806.jpg","width":765,"height":463,"caption":"Screenshot"},{"@type":"BreadcrumbList","@id":"https:\/\/www.nexoinformativo.mx\/index.php\/2024\/12\/23\/operativo-conjunto-en-queretaro-decomisan-vehiculos-con-irregularidades\/#breadcrumb","itemListElement":[{"@type":"ListItem","position":1,"name":"Inicio","item":"https:\/\/www.nexoinformativo.mx\/"},{"@type":"ListItem","position":2,"name":"Operativo conjunto en Quer\u00e9taro: Decomisan veh\u00edculos con irregularidades"}]},{"@type":"WebSite","@id":"https:\/\/www.nexoinformativo.mx\/#website","url":"https:\/\/www.nexoinformativo.mx\/","name":"Nexo Informativo Santiago de Quer\u00e9taro","description":"Explora NexoInformativo y convi\u00e9rtete en parte de una comunidad que valora el conocimiento y la verdad. Tu nexoinformativo es tu puente hacia una comprensi\u00f3n m\u00e1s profunda del mundo que te rodea.","publisher":{"@id":"https:\/\/www.nexoinformativo.mx\/#organization"},"potentialAction":[{"@type":"SearchAction","target":{"@type":"EntryPoint","urlTemplate":"https:\/\/www.nexoinformativo.mx\/?s={search_term_string}"},"query-input":{"@type":"PropertyValueSpecification","valueRequired":true,"valueName":"search_term_string"}}],"inLanguage":"es"},{"@type":"Organization","@id":"https:\/\/www.nexoinformativo.mx\/#organization","name":"Nexo Informativo Santiago de Quer\u00e9taro","url":"https:\/\/www.nexoinformativo.mx\/","logo":{"@type":"ImageObject","inLanguage":"es","@id":"https:\/\/www.nexoinformativo.mx\/#\/schema\/logo\/image\/","url":"https:\/\/www.nexoinformativo.mx\/wp-content\/uploads\/2024\/07\/nexoi-trasparente-2.png","contentUrl":"https:\/\/www.nexoinformativo.mx\/wp-content\/uploads\/2024\/07\/nexoi-trasparente-2.png","width":816,"height":339,"caption":"Nexo Informativo Santiago de Quer\u00e9taro"},"image":{"@id":"https:\/\/www.nexoinformativo.mx\/#\/schema\/logo\/image\/"},"sameAs":["https:\/\/www.facebook.com\/people\/Nexo-Informativo\/61564066885511\/"]},{"@type":"Person","@id":"https:\/\/www.nexoinformativo.mx\/#\/schema\/person\/7749d380ba08c8ca00d7bc76fd907b7d","name":"Nexo Informativo","image":{"@type":"ImageObject","inLanguage":"es","@id":"https:\/\/www.nexoinformativo.mx\/#\/schema\/person\/image\/","url":"https:\/\/secure.gravatar.com\/avatar\/dde2928154642a13d95f87ddf1ea9718fe2b46760a005c53e41ff5ad610704e6?s=96&d=mm&r=g","contentUrl":"https:\/\/secure.gravatar.com\/avatar\/dde2928154642a13d95f87ddf1ea9718fe2b46760a005c53e41ff5ad610704e6?s=96&d=mm&r=g","caption":"Nexo Informativo"},"url":"https:\/\/www.nexoinformativo.mx\/index.php\/author\/edicion\/"}]}},"_links":{"self":[{"href":"https:\/\/www.nexoinformativo.mx\/index.php\/wp-json\/wp\/v2\/posts\/8727","targetHints":{"allow":["GET"]}}],"collection":[{"href":"https:\/\/www.nexoinformativo.mx\/index.php\/wp-json\/wp\/v2\/posts"}],"about":[{"href":"https:\/\/www.nexoinformativo.mx\/index.php\/wp-json\/wp\/v2\/types\/post"}],"author":[{"embeddable":true,"href":"https:\/\/www.nexoinformativo.mx\/index.php\/wp-json\/wp\/v2\/users\/3"}],"replies":[{"embeddable":true,"href":"https:\/\/www.nexoinformativo.mx\/index.php\/wp-json\/wp\/v2\/comments?post=8727"}],"version-history":[{"count":1,"href":"https:\/\/www.nexoinformativo.mx\/index.php\/wp-json\/wp\/v2\/posts\/8727\/revisions"}],"predecessor-version":[{"id":8729,"href":"https:\/\/www.nexoinformativo.mx\/index.php\/wp-json\/wp\/v2\/posts\/8727\/revisions\/8729"}],"wp:featuredmedia":[{"embeddable":true,"href":"https:\/\/www.nexoinformativo.mx\/index.php\/wp-json\/wp\/v2\/media\/8728"}],"wp:attachment":[{"href":"https:\/\/www.nexoinformativo.mx\/index.php\/wp-json\/wp\/v2\/media?parent=8727"}],"wp:term":[{"taxonomy":"category","embeddable":true,"href":"https:\/\/www.nexoinformativo.mx\/index.php\/wp-json\/wp\/v2\/categories?post=8727"},{"taxonomy":"post_tag","embeddable":true,"href":"https:\/\/www.nexoinformativo.mx\/index.php\/wp-json\/wp\/v2\/tags?post=8727"}],"curies":[{"name":"wp","href":"https:\/\/api.w.org\/{rel}","templated":true}]}}