{"id":873,"date":"2024-08-11T12:00:37","date_gmt":"2024-08-11T18:00:37","guid":{"rendered":"https:\/\/www.nexoinformativo.mx\/?p=873"},"modified":"2024-10-07T12:29:00","modified_gmt":"2024-10-07T18:29:00","slug":"si-perdiste-tu-empleo-paga-solo-el-10-de-la-mensualidad-de-tu-credito-infonavit","status":"publish","type":"post","link":"https:\/\/www.nexoinformativo.mx\/index.php\/2024\/08\/11\/si-perdiste-tu-empleo-paga-solo-el-10-de-la-mensualidad-de-tu-credito-infonavit\/","title":{"rendered":"Si perdiste tu empleo paga s\u00f3lo el 10% de la mensualidad de tu cr\u00e9dito Infonavit"},"content":{"rendered":"\r\n<p style=\"text-align: justify;\">Desde 2009 los cr\u00e9ditos Infonavit cuentan con un Seguro de Desempleo, conocido como Fondo de Protecci\u00f3n de Pagos que brinda apoyo a los trabajadores que pierden su empleo.Este beneficio es especialmente \u00fatil en momentos dif\u00edciles, cuando mantener al d\u00eda los compromisos financieros, como el pago de la hipoteca, puede ser un desaf\u00edo.<\/p>\r\n<p>&nbsp;<\/p>\r\n\r\n\r\n\r\n<p style=\"text-align: justify;\">Si obtuviste tu Cr\u00e9dito Infonavit despu\u00e9s de 2009 y sigues pag\u00e1ndolo, este seguro puede ayudarte a mantener tu financiamiento en orden durante un periodo de desempleo. Gracias a este apoyo, durante seis meses solo deber\u00e1s cubrir el 10% de tu mensualidad, junto con los seguros y comisiones correspondientes. El 90% restante ser\u00e1 cubierto por el Fondo de Protecci\u00f3n de Pagos.<\/p>\r\n<p style=\"text-align: justify;\"><strong>\u00bfC\u00f3mo puedes acceder al Seguro de Desempleo de Infonavit?\u00a0<\/strong><\/p>\r\n<p style=\"text-align: justify;\">Para solicitar la aplicaci\u00f3n de este seguro, debes cumplir con los siguientes requisitos:<\/p>\r\n<p class=\"justificado\" style=\"padding-top: var(--wp--preset--spacing--10); padding-bottom: var(--wp--preset--spacing--10);\">\r\n\r\n<\/p>\r\n<p class=\"justificado\" style=\"padding-top: var(--wp--preset--spacing--10); padding-bottom: var(--wp--preset--spacing--10);\">\r\n\r\n<\/p>\r\n<p class=\"justificado\" style=\"padding-top: var(--wp--preset--spacing--10); padding-bottom: var(--wp--preset--spacing--10);\">\r\n\r\n<\/p>\r\n<ul class=\"wp-block-list\">\r\n<li style=\"padding-top: 0; padding-bottom: 0;\">Haber obtenido tu cr\u00e9dito despu\u00e9s de 2009.<\/li>\r\n\r\n\r\n\r\n<li style=\"padding-top: 0; padding-bottom: 0;\">Haber tenido una relaci\u00f3n laboral de al menos seis meses.<\/li>\r\n\r\n\r\n\r\n<li style=\"padding-top: 0; padding-bottom: 0;\">Tener al menos un mes de desempleo, siempre que no sea debido a pensi\u00f3n, incapacidad o invalidez.<\/li>\r\n\r\n\r\n\r\n<li style=\"padding-top: 0; padding-bottom: 0;\">No contar con un Convenio de Soluci\u00f3n activo.<\/li>\r\n\r\n\r\n\r\n<li style=\"padding-top: 0; padding-bottom: 0;\">Cumplir con otros requisitos establecidos en las bases del programa, que puedes consultar en <a href=\"https:\/\/portalmx.infonavit.org.mx\">portalmx.infonavit.org.mx<\/a> en la secci\u00f3n &#8220;Tengo un cr\u00e9dito&#8221;, apartado &#8220;Soluciones para ti&#8221;.<\/li>\r\n<\/ul>\r\n<p class=\"justificado\" style=\"padding-top: var(--wp--preset--spacing--10); padding-bottom: var(--wp--preset--spacing--10);\">\r\n\r\n<\/p>\r\n<p class=\"justificado\" style=\"padding-top: var(--wp--preset--spacing--10); padding-bottom: var(--wp--preset--spacing--10);\"><strong>Pasos para solicitar el Seguro de Desempleo Infonavit:<\/strong><\/p>\r\n<p class=\"justificado\" style=\"padding-top: var(--wp--preset--spacing--10); padding-bottom: var(--wp--preset--spacing--10);\">\r\n\r\n<\/p>\r\n<ol class=\"wp-block-list\">\r\n<li>Ingresa a <a href=\"https:\/\/micuenta.infonavit.org.mx\">Mi Cuenta Infonavit<\/a>.<\/li>\r\n\r\n\r\n\r\n<li>Selecciona la secci\u00f3n &#8220;Saldos y Movimientos&#8221;.<\/li>\r\n\r\n\r\n\r\n<li>Verifica si tienes meses disponibles para aplicar al Seguro de Desempleo.<\/li>\r\n\r\n\r\n\r\n<li>Paga el importe indicado.<\/li>\r\n<\/ol>\r\n<p class=\"justificado\" style=\"padding-top: var(--wp--preset--spacing--10); padding-bottom: var(--wp--preset--spacing--10);\">\r\n\r\n<\/p>\r\n<p style=\"text-align: justify;\">Recuerda que este tr\u00e1mite es totalmente gratuito y no necesitas intermediarios. Si alguien te ofrece ayuda a cambio de una comisi\u00f3n, ten cuidado, podr\u00eda ser un fraude. Para cualquier duda, puedes comunicarte a Infonatel al 800 008 3900 o acudir a tu Centro de Servicio Infonavit (Cesi) m\u00e1s cercano.<\/p>\r\n<p class=\"justificado\" style=\"padding-top: var(--wp--preset--spacing--10); padding-bottom: var(--wp--preset--spacing--10);\">\r\n\r\n<\/p>\r\n<p class=\"justificado\" style=\"padding-top: var(--wp--preset--spacing--10); padding-bottom: var(--wp--preset--spacing--10);\"><strong>Beneficios adicionales para los Socios Infonavit<\/strong><\/p>\r\n<p class=\"justificado\" style=\"padding-top: var(--wp--preset--spacing--10); padding-bottom: var(--wp--preset--spacing--10);\">\r\n\r\n<\/p>\r\n<p style=\"text-align: justify;\">Adem\u00e1s, al unirte a la comunidad de Socio Infonavit, podr\u00e1s disfrutar de descuentos y beneficios exclusivos. Solo necesitas tu N\u00famero de Seguridad Social (NSS) y la contrase\u00f1a de Mi Cuenta Infonavit. Reg\u00edstrate en <a href=\"https:\/\/app.socioinfonavit.com\">app.socioinfonavit.com<\/a> y empieza a disfrutar de estos beneficios hoy mismo.<\/p>\r\n<p style=\"text-align: justify;\">\r\n\r\n<\/p>\r\n<p class=\"justificado\" style=\"padding-top: var(--wp--preset--spacing--10); padding-bottom: var(--wp--preset--spacing--10);\"><strong>Conoce m\u00e1s en Infonavit F\u00e1cil<\/strong><\/p>\r\n<p style=\"text-align: justify;\">\r\n\r\n<\/p>\r\n<p class=\"justificado\" style=\"padding-top: var(--wp--preset--spacing--10); padding-bottom: var(--wp--preset--spacing--10);\">Para conocer todo lo que necesitas sobre cr\u00e9ditos, tr\u00e1mites y servicios del Infonavit de manera sencilla y clara, visita <strong><a href=\"https:\/\/infonavitfacil.mx\">infonavitfacil.mx<\/a><\/strong><\/p>\r\n<p>&nbsp;<\/p>\r\n<p>&nbsp;<\/p>\r\n<p style=\"text-align: center;\"><strong><em>\u00a1Informaci\u00f3n que transforma!<\/em><\/strong><\/p>\r\n<p style=\"text-align: justify;\"><\/p>","protected":false},"excerpt":{"rendered":"<p>Desde 2009 los cr\u00e9ditos Infonavit cuentan con un Seguro de Desempleo, conocido como Fondo de Protecci\u00f3n de Pagos que brinda apoyo a los trabajadores que pierden su empleo.Este beneficio es especialmente \u00fatil en momentos dif\u00edciles, cuando mantener al d\u00eda los compromisos financieros, como el pago de la hipoteca, puede ser un desaf\u00edo. &nbsp; Si obtuviste [&hellip;]<\/p>\n","protected":false},"author":3,"featured_media":875,"comment_status":"open","ping_status":"open","sticky":false,"template":"","format":"standard","meta":{"footnotes":""},"categories":[5],"tags":[179,176,177,175,178],"class_list":["post-873","post","type-post","status-publish","format-standard","has-post-thumbnail","hentry","category-economia","tag-apoyoinfonavit","tag-infonavit","tag-proteccionfinanciera","tag-segurodedesempleo","tag-tucasaseguro"],"yoast_head":"<!-- This site is optimized with the Yoast SEO plugin v25.0 - https:\/\/yoast.com\/wordpress\/plugins\/seo\/ -->\n<title>Si perdiste tu empleo paga s\u00f3lo el 10% de la mensualidad de tu cr\u00e9dito Infonavit | Nexo Informativo Santiago de Quer\u00e9taro<\/title>\n<meta name=\"robots\" content=\"index, follow, max-snippet:-1, max-image-preview:large, max-video-preview:-1\" \/>\n<link rel=\"canonical\" href=\"https:\/\/www.nexoinformativo.mx\/index.php\/2024\/08\/11\/si-perdiste-tu-empleo-paga-solo-el-10-de-la-mensualidad-de-tu-credito-infonavit\/\" \/>\n<meta property=\"og:locale\" content=\"es_MX\" \/>\n<meta property=\"og:type\" content=\"article\" \/>\n<meta property=\"og:title\" content=\"Si perdiste tu empleo paga s\u00f3lo el 10% de la mensualidad de tu cr\u00e9dito Infonavit | Nexo Informativo Santiago de Quer\u00e9taro\" \/>\n<meta property=\"og:description\" content=\"Desde 2009 los cr\u00e9ditos Infonavit cuentan con un Seguro de Desempleo, conocido como Fondo de Protecci\u00f3n de Pagos que brinda apoyo a los trabajadores que pierden su empleo.Este beneficio es especialmente \u00fatil en momentos dif\u00edciles, cuando mantener al d\u00eda los compromisos financieros, como el pago de la hipoteca, puede ser un desaf\u00edo. &nbsp; Si obtuviste [&hellip;]\" \/>\n<meta property=\"og:url\" content=\"https:\/\/www.nexoinformativo.mx\/index.php\/2024\/08\/11\/si-perdiste-tu-empleo-paga-solo-el-10-de-la-mensualidad-de-tu-credito-infonavit\/\" \/>\n<meta property=\"og:site_name\" content=\"Nexo Informativo Santiago de Quer\u00e9taro\" \/>\n<meta property=\"article:publisher\" content=\"https:\/\/www.facebook.com\/people\/Nexo-Informativo\/61564066885511\/\" \/>\n<meta property=\"article:published_time\" content=\"2024-08-11T18:00:37+00:00\" \/>\n<meta property=\"article:modified_time\" content=\"2024-10-07T18:29:00+00:00\" \/>\n<meta property=\"og:image\" content=\"https:\/\/www.nexoinformativo.mx\/wp-content\/uploads\/2024\/08\/IMG-20240826-WA0028-1-e1724695703844.jpg\" \/>\n\t<meta property=\"og:image:width\" content=\"800\" \/>\n\t<meta property=\"og:image:height\" content=\"599\" \/>\n\t<meta property=\"og:image:type\" content=\"image\/jpeg\" \/>\n<meta name=\"author\" content=\"Nexo Informativo\" \/>\n<meta name=\"twitter:card\" content=\"summary_large_image\" \/>\n<meta name=\"twitter:label1\" content=\"Escrito por\" \/>\n\t<meta name=\"twitter:data1\" content=\"Nexo Informativo\" \/>\n\t<meta name=\"twitter:label2\" content=\"Tiempo de lectura\" \/>\n\t<meta name=\"twitter:data2\" content=\"2 minutos\" \/>\n<script type=\"application\/ld+json\" class=\"yoast-schema-graph\">{\"@context\":\"https:\/\/schema.org\",\"@graph\":[{\"@type\":\"Article\",\"@id\":\"https:\/\/www.nexoinformativo.mx\/index.php\/2024\/08\/11\/si-perdiste-tu-empleo-paga-solo-el-10-de-la-mensualidad-de-tu-credito-infonavit\/#article\",\"isPartOf\":{\"@id\":\"https:\/\/www.nexoinformativo.mx\/index.php\/2024\/08\/11\/si-perdiste-tu-empleo-paga-solo-el-10-de-la-mensualidad-de-tu-credito-infonavit\/\"},\"author\":{\"name\":\"Nexo Informativo\",\"@id\":\"https:\/\/www.nexoinformativo.mx\/#\/schema\/person\/7749d380ba08c8ca00d7bc76fd907b7d\"},\"headline\":\"Si perdiste tu empleo paga s\u00f3lo el 10% de la mensualidad de tu cr\u00e9dito Infonavit\",\"datePublished\":\"2024-08-11T18:00:37+00:00\",\"dateModified\":\"2024-10-07T18:29:00+00:00\",\"mainEntityOfPage\":{\"@id\":\"https:\/\/www.nexoinformativo.mx\/index.php\/2024\/08\/11\/si-perdiste-tu-empleo-paga-solo-el-10-de-la-mensualidad-de-tu-credito-infonavit\/\"},\"wordCount\":413,\"commentCount\":0,\"publisher\":{\"@id\":\"https:\/\/www.nexoinformativo.mx\/#organization\"},\"image\":{\"@id\":\"https:\/\/www.nexoinformativo.mx\/index.php\/2024\/08\/11\/si-perdiste-tu-empleo-paga-solo-el-10-de-la-mensualidad-de-tu-credito-infonavit\/#primaryimage\"},\"thumbnailUrl\":\"https:\/\/www.nexoinformativo.mx\/wp-content\/uploads\/2024\/08\/IMG-20240826-WA0028-1-e1724695703844.jpg\",\"keywords\":[\"ApoyoInfonavit\",\"Infonavit\",\"Protecci\u00f3nFinanciera\",\"SeguroDeDesempleo\",\"TuCasaSeguro\"],\"articleSection\":[\"Econom\u00eda\"],\"inLanguage\":\"es\",\"potentialAction\":[{\"@type\":\"CommentAction\",\"name\":\"Comment\",\"target\":[\"https:\/\/www.nexoinformativo.mx\/index.php\/2024\/08\/11\/si-perdiste-tu-empleo-paga-solo-el-10-de-la-mensualidad-de-tu-credito-infonavit\/#respond\"]}]},{\"@type\":\"WebPage\",\"@id\":\"https:\/\/www.nexoinformativo.mx\/index.php\/2024\/08\/11\/si-perdiste-tu-empleo-paga-solo-el-10-de-la-mensualidad-de-tu-credito-infonavit\/\",\"url\":\"https:\/\/www.nexoinformativo.mx\/index.php\/2024\/08\/11\/si-perdiste-tu-empleo-paga-solo-el-10-de-la-mensualidad-de-tu-credito-infonavit\/\",\"name\":\"Si perdiste tu empleo paga s\u00f3lo el 10% de la mensualidad de tu cr\u00e9dito Infonavit | Nexo Informativo Santiago de Quer\u00e9taro\",\"isPartOf\":{\"@id\":\"https:\/\/www.nexoinformativo.mx\/#website\"},\"primaryImageOfPage\":{\"@id\":\"https:\/\/www.nexoinformativo.mx\/index.php\/2024\/08\/11\/si-perdiste-tu-empleo-paga-solo-el-10-de-la-mensualidad-de-tu-credito-infonavit\/#primaryimage\"},\"image\":{\"@id\":\"https:\/\/www.nexoinformativo.mx\/index.php\/2024\/08\/11\/si-perdiste-tu-empleo-paga-solo-el-10-de-la-mensualidad-de-tu-credito-infonavit\/#primaryimage\"},\"thumbnailUrl\":\"https:\/\/www.nexoinformativo.mx\/wp-content\/uploads\/2024\/08\/IMG-20240826-WA0028-1-e1724695703844.jpg\",\"datePublished\":\"2024-08-11T18:00:37+00:00\",\"dateModified\":\"2024-10-07T18:29:00+00:00\",\"breadcrumb\":{\"@id\":\"https:\/\/www.nexoinformativo.mx\/index.php\/2024\/08\/11\/si-perdiste-tu-empleo-paga-solo-el-10-de-la-mensualidad-de-tu-credito-infonavit\/#breadcrumb\"},\"inLanguage\":\"es\",\"potentialAction\":[{\"@type\":\"ReadAction\",\"target\":[\"https:\/\/www.nexoinformativo.mx\/index.php\/2024\/08\/11\/si-perdiste-tu-empleo-paga-solo-el-10-de-la-mensualidad-de-tu-credito-infonavit\/\"]}]},{\"@type\":\"ImageObject\",\"inLanguage\":\"es\",\"@id\":\"https:\/\/www.nexoinformativo.mx\/index.php\/2024\/08\/11\/si-perdiste-tu-empleo-paga-solo-el-10-de-la-mensualidad-de-tu-credito-infonavit\/#primaryimage\",\"url\":\"https:\/\/www.nexoinformativo.mx\/wp-content\/uploads\/2024\/08\/IMG-20240826-WA0028-1-e1724695703844.jpg\",\"contentUrl\":\"https:\/\/www.nexoinformativo.mx\/wp-content\/uploads\/2024\/08\/IMG-20240826-WA0028-1-e1724695703844.jpg\",\"width\":800,\"height\":599},{\"@type\":\"BreadcrumbList\",\"@id\":\"https:\/\/www.nexoinformativo.mx\/index.php\/2024\/08\/11\/si-perdiste-tu-empleo-paga-solo-el-10-de-la-mensualidad-de-tu-credito-infonavit\/#breadcrumb\",\"itemListElement\":[{\"@type\":\"ListItem\",\"position\":1,\"name\":\"Inicio\",\"item\":\"https:\/\/www.nexoinformativo.mx\/\"},{\"@type\":\"ListItem\",\"position\":2,\"name\":\"Si perdiste tu empleo paga s\u00f3lo el 10% de la mensualidad de tu cr\u00e9dito Infonavit\"}]},{\"@type\":\"WebSite\",\"@id\":\"https:\/\/www.nexoinformativo.mx\/#website\",\"url\":\"https:\/\/www.nexoinformativo.mx\/\",\"name\":\"Nexo Informativo Santiago de Quer\u00e9taro\",\"description\":\"Explora NexoInformativo y convi\u00e9rtete en parte de una comunidad que valora el conocimiento y la verdad. Tu nexoinformativo es tu puente hacia una comprensi\u00f3n m\u00e1s profunda del mundo que te rodea.\",\"publisher\":{\"@id\":\"https:\/\/www.nexoinformativo.mx\/#organization\"},\"potentialAction\":[{\"@type\":\"SearchAction\",\"target\":{\"@type\":\"EntryPoint\",\"urlTemplate\":\"https:\/\/www.nexoinformativo.mx\/?s={search_term_string}\"},\"query-input\":{\"@type\":\"PropertyValueSpecification\",\"valueRequired\":true,\"valueName\":\"search_term_string\"}}],\"inLanguage\":\"es\"},{\"@type\":\"Organization\",\"@id\":\"https:\/\/www.nexoinformativo.mx\/#organization\",\"name\":\"Nexo Informativo Santiago de Quer\u00e9taro\",\"url\":\"https:\/\/www.nexoinformativo.mx\/\",\"logo\":{\"@type\":\"ImageObject\",\"inLanguage\":\"es\",\"@id\":\"https:\/\/www.nexoinformativo.mx\/#\/schema\/logo\/image\/\",\"url\":\"https:\/\/www.nexoinformativo.mx\/wp-content\/uploads\/2024\/07\/nexoi-trasparente-2.png\",\"contentUrl\":\"https:\/\/www.nexoinformativo.mx\/wp-content\/uploads\/2024\/07\/nexoi-trasparente-2.png\",\"width\":816,\"height\":339,\"caption\":\"Nexo Informativo Santiago de Quer\u00e9taro\"},\"image\":{\"@id\":\"https:\/\/www.nexoinformativo.mx\/#\/schema\/logo\/image\/\"},\"sameAs\":[\"https:\/\/www.facebook.com\/people\/Nexo-Informativo\/61564066885511\/\"]},{\"@type\":\"Person\",\"@id\":\"https:\/\/www.nexoinformativo.mx\/#\/schema\/person\/7749d380ba08c8ca00d7bc76fd907b7d\",\"name\":\"Nexo Informativo\",\"image\":{\"@type\":\"ImageObject\",\"inLanguage\":\"es\",\"@id\":\"https:\/\/www.nexoinformativo.mx\/#\/schema\/person\/image\/\",\"url\":\"https:\/\/secure.gravatar.com\/avatar\/dde2928154642a13d95f87ddf1ea9718fe2b46760a005c53e41ff5ad610704e6?s=96&d=mm&r=g\",\"contentUrl\":\"https:\/\/secure.gravatar.com\/avatar\/dde2928154642a13d95f87ddf1ea9718fe2b46760a005c53e41ff5ad610704e6?s=96&d=mm&r=g\",\"caption\":\"Nexo Informativo\"},\"url\":\"https:\/\/www.nexoinformativo.mx\/index.php\/author\/edicion\/\"}]}<\/script>\n<!-- \/ Yoast SEO plugin. -->","yoast_head_json":{"title":"Si perdiste tu empleo paga s\u00f3lo el 10% de la mensualidad de tu cr\u00e9dito Infonavit | Nexo Informativo Santiago de Quer\u00e9taro","robots":{"index":"index","follow":"follow","max-snippet":"max-snippet:-1","max-image-preview":"max-image-preview:large","max-video-preview":"max-video-preview:-1"},"canonical":"https:\/\/www.nexoinformativo.mx\/index.php\/2024\/08\/11\/si-perdiste-tu-empleo-paga-solo-el-10-de-la-mensualidad-de-tu-credito-infonavit\/","og_locale":"es_MX","og_type":"article","og_title":"Si perdiste tu empleo paga s\u00f3lo el 10% de la mensualidad de tu cr\u00e9dito Infonavit | Nexo Informativo Santiago de Quer\u00e9taro","og_description":"Desde 2009 los cr\u00e9ditos Infonavit cuentan con un Seguro de Desempleo, conocido como Fondo de Protecci\u00f3n de Pagos que brinda apoyo a los trabajadores que pierden su empleo.Este beneficio es especialmente \u00fatil en momentos dif\u00edciles, cuando mantener al d\u00eda los compromisos financieros, como el pago de la hipoteca, puede ser un desaf\u00edo. &nbsp; Si obtuviste [&hellip;]","og_url":"https:\/\/www.nexoinformativo.mx\/index.php\/2024\/08\/11\/si-perdiste-tu-empleo-paga-solo-el-10-de-la-mensualidad-de-tu-credito-infonavit\/","og_site_name":"Nexo Informativo Santiago de Quer\u00e9taro","article_publisher":"https:\/\/www.facebook.com\/people\/Nexo-Informativo\/61564066885511\/","article_published_time":"2024-08-11T18:00:37+00:00","article_modified_time":"2024-10-07T18:29:00+00:00","og_image":[{"width":800,"height":599,"url":"https:\/\/www.nexoinformativo.mx\/wp-content\/uploads\/2024\/08\/IMG-20240826-WA0028-1-e1724695703844.jpg","type":"image\/jpeg"}],"author":"Nexo Informativo","twitter_card":"summary_large_image","twitter_misc":{"Escrito por":"Nexo Informativo","Tiempo de lectura":"2 minutos"},"schema":{"@context":"https:\/\/schema.org","@graph":[{"@type":"Article","@id":"https:\/\/www.nexoinformativo.mx\/index.php\/2024\/08\/11\/si-perdiste-tu-empleo-paga-solo-el-10-de-la-mensualidad-de-tu-credito-infonavit\/#article","isPartOf":{"@id":"https:\/\/www.nexoinformativo.mx\/index.php\/2024\/08\/11\/si-perdiste-tu-empleo-paga-solo-el-10-de-la-mensualidad-de-tu-credito-infonavit\/"},"author":{"name":"Nexo Informativo","@id":"https:\/\/www.nexoinformativo.mx\/#\/schema\/person\/7749d380ba08c8ca00d7bc76fd907b7d"},"headline":"Si perdiste tu empleo paga s\u00f3lo el 10% de la mensualidad de tu cr\u00e9dito Infonavit","datePublished":"2024-08-11T18:00:37+00:00","dateModified":"2024-10-07T18:29:00+00:00","mainEntityOfPage":{"@id":"https:\/\/www.nexoinformativo.mx\/index.php\/2024\/08\/11\/si-perdiste-tu-empleo-paga-solo-el-10-de-la-mensualidad-de-tu-credito-infonavit\/"},"wordCount":413,"commentCount":0,"publisher":{"@id":"https:\/\/www.nexoinformativo.mx\/#organization"},"image":{"@id":"https:\/\/www.nexoinformativo.mx\/index.php\/2024\/08\/11\/si-perdiste-tu-empleo-paga-solo-el-10-de-la-mensualidad-de-tu-credito-infonavit\/#primaryimage"},"thumbnailUrl":"https:\/\/www.nexoinformativo.mx\/wp-content\/uploads\/2024\/08\/IMG-20240826-WA0028-1-e1724695703844.jpg","keywords":["ApoyoInfonavit","Infonavit","Protecci\u00f3nFinanciera","SeguroDeDesempleo","TuCasaSeguro"],"articleSection":["Econom\u00eda"],"inLanguage":"es","potentialAction":[{"@type":"CommentAction","name":"Comment","target":["https:\/\/www.nexoinformativo.mx\/index.php\/2024\/08\/11\/si-perdiste-tu-empleo-paga-solo-el-10-de-la-mensualidad-de-tu-credito-infonavit\/#respond"]}]},{"@type":"WebPage","@id":"https:\/\/www.nexoinformativo.mx\/index.php\/2024\/08\/11\/si-perdiste-tu-empleo-paga-solo-el-10-de-la-mensualidad-de-tu-credito-infonavit\/","url":"https:\/\/www.nexoinformativo.mx\/index.php\/2024\/08\/11\/si-perdiste-tu-empleo-paga-solo-el-10-de-la-mensualidad-de-tu-credito-infonavit\/","name":"Si perdiste tu empleo paga s\u00f3lo el 10% de la mensualidad de tu cr\u00e9dito Infonavit | Nexo Informativo Santiago de Quer\u00e9taro","isPartOf":{"@id":"https:\/\/www.nexoinformativo.mx\/#website"},"primaryImageOfPage":{"@id":"https:\/\/www.nexoinformativo.mx\/index.php\/2024\/08\/11\/si-perdiste-tu-empleo-paga-solo-el-10-de-la-mensualidad-de-tu-credito-infonavit\/#primaryimage"},"image":{"@id":"https:\/\/www.nexoinformativo.mx\/index.php\/2024\/08\/11\/si-perdiste-tu-empleo-paga-solo-el-10-de-la-mensualidad-de-tu-credito-infonavit\/#primaryimage"},"thumbnailUrl":"https:\/\/www.nexoinformativo.mx\/wp-content\/uploads\/2024\/08\/IMG-20240826-WA0028-1-e1724695703844.jpg","datePublished":"2024-08-11T18:00:37+00:00","dateModified":"2024-10-07T18:29:00+00:00","breadcrumb":{"@id":"https:\/\/www.nexoinformativo.mx\/index.php\/2024\/08\/11\/si-perdiste-tu-empleo-paga-solo-el-10-de-la-mensualidad-de-tu-credito-infonavit\/#breadcrumb"},"inLanguage":"es","potentialAction":[{"@type":"ReadAction","target":["https:\/\/www.nexoinformativo.mx\/index.php\/2024\/08\/11\/si-perdiste-tu-empleo-paga-solo-el-10-de-la-mensualidad-de-tu-credito-infonavit\/"]}]},{"@type":"ImageObject","inLanguage":"es","@id":"https:\/\/www.nexoinformativo.mx\/index.php\/2024\/08\/11\/si-perdiste-tu-empleo-paga-solo-el-10-de-la-mensualidad-de-tu-credito-infonavit\/#primaryimage","url":"https:\/\/www.nexoinformativo.mx\/wp-content\/uploads\/2024\/08\/IMG-20240826-WA0028-1-e1724695703844.jpg","contentUrl":"https:\/\/www.nexoinformativo.mx\/wp-content\/uploads\/2024\/08\/IMG-20240826-WA0028-1-e1724695703844.jpg","width":800,"height":599},{"@type":"BreadcrumbList","@id":"https:\/\/www.nexoinformativo.mx\/index.php\/2024\/08\/11\/si-perdiste-tu-empleo-paga-solo-el-10-de-la-mensualidad-de-tu-credito-infonavit\/#breadcrumb","itemListElement":[{"@type":"ListItem","position":1,"name":"Inicio","item":"https:\/\/www.nexoinformativo.mx\/"},{"@type":"ListItem","position":2,"name":"Si perdiste tu empleo paga s\u00f3lo el 10% de la mensualidad de tu cr\u00e9dito Infonavit"}]},{"@type":"WebSite","@id":"https:\/\/www.nexoinformativo.mx\/#website","url":"https:\/\/www.nexoinformativo.mx\/","name":"Nexo Informativo Santiago de Quer\u00e9taro","description":"Explora NexoInformativo y convi\u00e9rtete en parte de una comunidad que valora el conocimiento y la verdad. Tu nexoinformativo es tu puente hacia una comprensi\u00f3n m\u00e1s profunda del mundo que te rodea.","publisher":{"@id":"https:\/\/www.nexoinformativo.mx\/#organization"},"potentialAction":[{"@type":"SearchAction","target":{"@type":"EntryPoint","urlTemplate":"https:\/\/www.nexoinformativo.mx\/?s={search_term_string}"},"query-input":{"@type":"PropertyValueSpecification","valueRequired":true,"valueName":"search_term_string"}}],"inLanguage":"es"},{"@type":"Organization","@id":"https:\/\/www.nexoinformativo.mx\/#organization","name":"Nexo Informativo Santiago de Quer\u00e9taro","url":"https:\/\/www.nexoinformativo.mx\/","logo":{"@type":"ImageObject","inLanguage":"es","@id":"https:\/\/www.nexoinformativo.mx\/#\/schema\/logo\/image\/","url":"https:\/\/www.nexoinformativo.mx\/wp-content\/uploads\/2024\/07\/nexoi-trasparente-2.png","contentUrl":"https:\/\/www.nexoinformativo.mx\/wp-content\/uploads\/2024\/07\/nexoi-trasparente-2.png","width":816,"height":339,"caption":"Nexo Informativo Santiago de Quer\u00e9taro"},"image":{"@id":"https:\/\/www.nexoinformativo.mx\/#\/schema\/logo\/image\/"},"sameAs":["https:\/\/www.facebook.com\/people\/Nexo-Informativo\/61564066885511\/"]},{"@type":"Person","@id":"https:\/\/www.nexoinformativo.mx\/#\/schema\/person\/7749d380ba08c8ca00d7bc76fd907b7d","name":"Nexo Informativo","image":{"@type":"ImageObject","inLanguage":"es","@id":"https:\/\/www.nexoinformativo.mx\/#\/schema\/person\/image\/","url":"https:\/\/secure.gravatar.com\/avatar\/dde2928154642a13d95f87ddf1ea9718fe2b46760a005c53e41ff5ad610704e6?s=96&d=mm&r=g","contentUrl":"https:\/\/secure.gravatar.com\/avatar\/dde2928154642a13d95f87ddf1ea9718fe2b46760a005c53e41ff5ad610704e6?s=96&d=mm&r=g","caption":"Nexo Informativo"},"url":"https:\/\/www.nexoinformativo.mx\/index.php\/author\/edicion\/"}]}},"_links":{"self":[{"href":"https:\/\/www.nexoinformativo.mx\/index.php\/wp-json\/wp\/v2\/posts\/873","targetHints":{"allow":["GET"]}}],"collection":[{"href":"https:\/\/www.nexoinformativo.mx\/index.php\/wp-json\/wp\/v2\/posts"}],"about":[{"href":"https:\/\/www.nexoinformativo.mx\/index.php\/wp-json\/wp\/v2\/types\/post"}],"author":[{"embeddable":true,"href":"https:\/\/www.nexoinformativo.mx\/index.php\/wp-json\/wp\/v2\/users\/3"}],"replies":[{"embeddable":true,"href":"https:\/\/www.nexoinformativo.mx\/index.php\/wp-json\/wp\/v2\/comments?post=873"}],"version-history":[{"count":11,"href":"https:\/\/www.nexoinformativo.mx\/index.php\/wp-json\/wp\/v2\/posts\/873\/revisions"}],"predecessor-version":[{"id":2795,"href":"https:\/\/www.nexoinformativo.mx\/index.php\/wp-json\/wp\/v2\/posts\/873\/revisions\/2795"}],"wp:featuredmedia":[{"embeddable":true,"href":"https:\/\/www.nexoinformativo.mx\/index.php\/wp-json\/wp\/v2\/media\/875"}],"wp:attachment":[{"href":"https:\/\/www.nexoinformativo.mx\/index.php\/wp-json\/wp\/v2\/media?parent=873"}],"wp:term":[{"taxonomy":"category","embeddable":true,"href":"https:\/\/www.nexoinformativo.mx\/index.php\/wp-json\/wp\/v2\/categories?post=873"},{"taxonomy":"post_tag","embeddable":true,"href":"https:\/\/www.nexoinformativo.mx\/index.php\/wp-json\/wp\/v2\/tags?post=873"}],"curies":[{"name":"wp","href":"https:\/\/api.w.org\/{rel}","templated":true}]}}