{"id":8738,"date":"2024-12-24T06:30:53","date_gmt":"2024-12-24T12:30:53","guid":{"rendered":"https:\/\/www.nexoinformativo.mx\/?p=8738"},"modified":"2024-12-24T08:51:34","modified_gmt":"2024-12-24T14:51:34","slug":"ut-san-juan-del-rio-un-referente-educativo-con-proyeccion-internacional","status":"publish","type":"post","link":"https:\/\/www.nexoinformativo.mx\/index.php\/2024\/12\/24\/ut-san-juan-del-rio-un-referente-educativo-con-proyeccion-internacional\/","title":{"rendered":"UT San Juan del R\u00edo: Un referente educativo con proyecci\u00f3n internacional"},"content":{"rendered":"<p style=\"text-align: justify;\" data-sourcepos=\"11:1-11:339\">La Universidad Tecnol\u00f3gica de San Juan del R\u00edo ha destacado en el panorama educativo nacional e internacional durante 2024. Con un enfoque en la calidad educativa y la movilidad estudiantil, la instituci\u00f3n ha logrado consolidar su posici\u00f3n como una de las mejores opciones para los j\u00f3venes que buscan continuar sus estudios superiores.<\/p>\n<p>&nbsp;<\/p>\n<p style=\"text-align: justify;\" data-sourcepos=\"13:1-13:408\">Uno de los logros m\u00e1s sobresalientes de la UT San Juan ha sido el fortalecimiento de su programa de movilidad internacional. A trav\u00e9s de diversas becas y convenios, m\u00e1s de 65 estudiantes y docentes han tenido la oportunidad de estudiar y realizar estancias en universidades de diferentes pa\u00edses.<\/p>\n<p>&nbsp;<\/p>\n<p style=\"text-align: justify;\" data-sourcepos=\"15:1-15:380\">La UT San Juan tambi\u00e9n ha destacado por su compromiso con la calidad educativa. En 2024, la instituci\u00f3n logr\u00f3 una tasa de titulaci\u00f3n del 99% en la generaci\u00f3n 2022-2024, un porcentaje r\u00e9cord en los \u00faltimos cinco a\u00f1os.<\/p>\n<p>&nbsp;<\/p>\n<p style=\"text-align: justify;\" data-sourcepos=\"17:1-17:299\">Otro aspecto relevante ha sido la participaci\u00f3n de la UT San Juan en la creaci\u00f3n de la Alianza por la Educaci\u00f3n y la Paz. Esta iniciativa, que re\u00fane a diversas instituciones educativas de la regi\u00f3n, busca fortalecer la colaboraci\u00f3n y mejorar la calidad de la educaci\u00f3n en el estado de Quer\u00e9taro.<\/p>\n<p>&nbsp;<\/p>\n<p style=\"text-align: justify;\" data-sourcepos=\"19:1-19:282\">Gracias a su trayectoria y a su compromiso con la excelencia, la UT San Juan ha sido reconocida con diversos reconocimientos, como el de EcoEscuela y el Distintivo Sin Brecha. Estos logros refrendan el compromiso de la instituci\u00f3n con la sustentabilidad y la igualdad de g\u00e9nero.<\/p>\n<p>&nbsp;<\/p>\n<p style=\"text-align: justify;\" data-sourcepos=\"21:1-21:346\">En resumen, la UT San Juan del R\u00edo se ha consolidado como una instituci\u00f3n educativa de prestigio, con una oferta acad\u00e9mica de calidad y una fuerte proyecci\u00f3n internacional. Su compromiso con la formaci\u00f3n de profesionales altamente capacitados y su participaci\u00f3n en redes de colaboraci\u00f3n la posicionan como un referente en el sector educativo.<\/p>\n<p>&nbsp;<\/p>\n<p style=\"text-align: justify;\">Para que los egresados de preparatoria y bachillerato contin\u00faen sus estudios, refrendando su compromiso social de ofrecer servicios educativos con calidad y pertinencia te brindamos los siguientes datos de contacto:<\/p>\n<\/p>\n<p>&nbsp;<br \/>\nL.P.C. Juan Gabriel Moreno Dircio<\/p>\n<p>Jefe del Departamento de Prensa y Difusi\u00f3n<\/p>\n<p>Tel. 01 (427) 1 29 20 00 ext. 271<\/p>\n<p>Correo: <a href=\"mailto:jgmorenod@utsjr.edu.mx\" target=\"_blank\" rel=\"noopener\">jgmorenod@utsjr.edu.mx<\/a>,<\/p>\n<p><a href=\"mailto:comunicacion@utsjr.edu.mx\" target=\"_blank\" rel=\"noopener\">comunicacion@utsjr.edu.mx<\/a><\/p>\n<p>&nbsp;<\/p>\n<p style=\"text-align: center;\" data-sourcepos=\"21:1-21:346\"><em><strong>\u00a1Informaci\u00f3n que transforma!<\/strong><\/em><\/p>\n","protected":false},"excerpt":{"rendered":"<p>La Universidad Tecnol\u00f3gica de San Juan del R\u00edo ha destacado en el panorama educativo nacional e internacional durante 2024.<\/p>\n","protected":false},"author":3,"featured_media":8739,"comment_status":"open","ping_status":"open","sticky":false,"template":"","format":"standard","meta":{"footnotes":""},"categories":[65,58],"tags":[2803,1163,2802,1999],"class_list":["post-8738","post","type-post","status-publish","format-standard","has-post-thumbnail","hentry","category-municipios","category-ultima-hora","tag-calidadeducativa","tag-educacionsuperior","tag-movilidadinternacional","tag-utsanjuan"],"yoast_head":"<!-- This site is optimized with the Yoast SEO plugin v25.0 - https:\/\/yoast.com\/wordpress\/plugins\/seo\/ -->\n<title>UT San Juan del R\u00edo: Un referente educativo con proyecci\u00f3n internacional | Nexo Informativo Santiago de Quer\u00e9taro<\/title>\n<meta name=\"description\" content=\"UT San Juan del R\u00edo: Un referente educativo con proyecci\u00f3n internacional\" \/>\n<meta name=\"robots\" content=\"index, follow, max-snippet:-1, max-image-preview:large, max-video-preview:-1\" \/>\n<link rel=\"canonical\" href=\"https:\/\/www.nexoinformativo.mx\/index.php\/2024\/12\/24\/ut-san-juan-del-rio-un-referente-educativo-con-proyeccion-internacional\/\" \/>\n<meta property=\"og:locale\" content=\"es_MX\" \/>\n<meta property=\"og:type\" content=\"article\" \/>\n<meta property=\"og:title\" content=\"UT San Juan del R\u00edo: Un referente educativo con proyecci\u00f3n internacional | Nexo Informativo Santiago de Quer\u00e9taro\" \/>\n<meta property=\"og:description\" content=\"UT San Juan del R\u00edo: Un referente educativo con proyecci\u00f3n internacional\" \/>\n<meta property=\"og:url\" content=\"https:\/\/www.nexoinformativo.mx\/index.php\/2024\/12\/24\/ut-san-juan-del-rio-un-referente-educativo-con-proyeccion-internacional\/\" \/>\n<meta property=\"og:site_name\" content=\"Nexo Informativo Santiago de Quer\u00e9taro\" \/>\n<meta property=\"article:publisher\" content=\"https:\/\/www.facebook.com\/people\/Nexo-Informativo\/61564066885511\/\" \/>\n<meta property=\"article:published_time\" content=\"2024-12-24T12:30:53+00:00\" \/>\n<meta property=\"article:modified_time\" content=\"2024-12-24T14:51:34+00:00\" \/>\n<meta property=\"og:image\" content=\"https:\/\/www.nexoinformativo.mx\/wp-content\/uploads\/2024\/12\/PHOTO-2024-12-24-07-59-48-e1735051723320.jpg\" \/>\n\t<meta property=\"og:image:width\" content=\"800\" \/>\n\t<meta property=\"og:image:height\" content=\"533\" \/>\n\t<meta property=\"og:image:type\" content=\"image\/jpeg\" \/>\n<meta name=\"author\" content=\"Nexo Informativo\" \/>\n<meta name=\"twitter:card\" content=\"summary_large_image\" \/>\n<meta name=\"twitter:label1\" content=\"Escrito por\" \/>\n\t<meta name=\"twitter:data1\" content=\"Nexo Informativo\" \/>\n\t<meta name=\"twitter:label2\" content=\"Tiempo de lectura\" \/>\n\t<meta name=\"twitter:data2\" content=\"2 minutos\" \/>\n<script type=\"application\/ld+json\" class=\"yoast-schema-graph\">{\"@context\":\"https:\/\/schema.org\",\"@graph\":[{\"@type\":\"Article\",\"@id\":\"https:\/\/www.nexoinformativo.mx\/index.php\/2024\/12\/24\/ut-san-juan-del-rio-un-referente-educativo-con-proyeccion-internacional\/#article\",\"isPartOf\":{\"@id\":\"https:\/\/www.nexoinformativo.mx\/index.php\/2024\/12\/24\/ut-san-juan-del-rio-un-referente-educativo-con-proyeccion-internacional\/\"},\"author\":{\"name\":\"Nexo Informativo\",\"@id\":\"https:\/\/www.nexoinformativo.mx\/#\/schema\/person\/7749d380ba08c8ca00d7bc76fd907b7d\"},\"headline\":\"UT San Juan del R\u00edo: Un referente educativo con proyecci\u00f3n internacional\",\"datePublished\":\"2024-12-24T12:30:53+00:00\",\"dateModified\":\"2024-12-24T14:51:34+00:00\",\"mainEntityOfPage\":{\"@id\":\"https:\/\/www.nexoinformativo.mx\/index.php\/2024\/12\/24\/ut-san-juan-del-rio-un-referente-educativo-con-proyeccion-internacional\/\"},\"wordCount\":397,\"commentCount\":0,\"publisher\":{\"@id\":\"https:\/\/www.nexoinformativo.mx\/#organization\"},\"image\":{\"@id\":\"https:\/\/www.nexoinformativo.mx\/index.php\/2024\/12\/24\/ut-san-juan-del-rio-un-referente-educativo-con-proyeccion-internacional\/#primaryimage\"},\"thumbnailUrl\":\"https:\/\/www.nexoinformativo.mx\/wp-content\/uploads\/2024\/12\/PHOTO-2024-12-24-07-59-48-e1735051723320.jpg\",\"keywords\":[\"CalidadEducativa\",\"Educaci\u00f3nSuperior\",\"MovilidadInternacional\",\"UTSanJuan\"],\"articleSection\":[\"Municipios\",\"\u00daltima Hora\"],\"inLanguage\":\"es\",\"potentialAction\":[{\"@type\":\"CommentAction\",\"name\":\"Comment\",\"target\":[\"https:\/\/www.nexoinformativo.mx\/index.php\/2024\/12\/24\/ut-san-juan-del-rio-un-referente-educativo-con-proyeccion-internacional\/#respond\"]}]},{\"@type\":\"WebPage\",\"@id\":\"https:\/\/www.nexoinformativo.mx\/index.php\/2024\/12\/24\/ut-san-juan-del-rio-un-referente-educativo-con-proyeccion-internacional\/\",\"url\":\"https:\/\/www.nexoinformativo.mx\/index.php\/2024\/12\/24\/ut-san-juan-del-rio-un-referente-educativo-con-proyeccion-internacional\/\",\"name\":\"UT San Juan del R\u00edo: Un referente educativo con proyecci\u00f3n internacional | Nexo Informativo Santiago de Quer\u00e9taro\",\"isPartOf\":{\"@id\":\"https:\/\/www.nexoinformativo.mx\/#website\"},\"primaryImageOfPage\":{\"@id\":\"https:\/\/www.nexoinformativo.mx\/index.php\/2024\/12\/24\/ut-san-juan-del-rio-un-referente-educativo-con-proyeccion-internacional\/#primaryimage\"},\"image\":{\"@id\":\"https:\/\/www.nexoinformativo.mx\/index.php\/2024\/12\/24\/ut-san-juan-del-rio-un-referente-educativo-con-proyeccion-internacional\/#primaryimage\"},\"thumbnailUrl\":\"https:\/\/www.nexoinformativo.mx\/wp-content\/uploads\/2024\/12\/PHOTO-2024-12-24-07-59-48-e1735051723320.jpg\",\"datePublished\":\"2024-12-24T12:30:53+00:00\",\"dateModified\":\"2024-12-24T14:51:34+00:00\",\"description\":\"UT San Juan del R\u00edo: Un referente educativo con proyecci\u00f3n internacional\",\"breadcrumb\":{\"@id\":\"https:\/\/www.nexoinformativo.mx\/index.php\/2024\/12\/24\/ut-san-juan-del-rio-un-referente-educativo-con-proyeccion-internacional\/#breadcrumb\"},\"inLanguage\":\"es\",\"potentialAction\":[{\"@type\":\"ReadAction\",\"target\":[\"https:\/\/www.nexoinformativo.mx\/index.php\/2024\/12\/24\/ut-san-juan-del-rio-un-referente-educativo-con-proyeccion-internacional\/\"]}]},{\"@type\":\"ImageObject\",\"inLanguage\":\"es\",\"@id\":\"https:\/\/www.nexoinformativo.mx\/index.php\/2024\/12\/24\/ut-san-juan-del-rio-un-referente-educativo-con-proyeccion-internacional\/#primaryimage\",\"url\":\"https:\/\/www.nexoinformativo.mx\/wp-content\/uploads\/2024\/12\/PHOTO-2024-12-24-07-59-48-e1735051723320.jpg\",\"contentUrl\":\"https:\/\/www.nexoinformativo.mx\/wp-content\/uploads\/2024\/12\/PHOTO-2024-12-24-07-59-48-e1735051723320.jpg\",\"width\":800,\"height\":533},{\"@type\":\"BreadcrumbList\",\"@id\":\"https:\/\/www.nexoinformativo.mx\/index.php\/2024\/12\/24\/ut-san-juan-del-rio-un-referente-educativo-con-proyeccion-internacional\/#breadcrumb\",\"itemListElement\":[{\"@type\":\"ListItem\",\"position\":1,\"name\":\"Inicio\",\"item\":\"https:\/\/www.nexoinformativo.mx\/\"},{\"@type\":\"ListItem\",\"position\":2,\"name\":\"UT San Juan del R\u00edo: Un referente educativo con proyecci\u00f3n internacional\"}]},{\"@type\":\"WebSite\",\"@id\":\"https:\/\/www.nexoinformativo.mx\/#website\",\"url\":\"https:\/\/www.nexoinformativo.mx\/\",\"name\":\"Nexo Informativo Santiago de Quer\u00e9taro\",\"description\":\"Explora NexoInformativo y convi\u00e9rtete en parte de una comunidad que valora el conocimiento y la verdad. Tu nexoinformativo es tu puente hacia una comprensi\u00f3n m\u00e1s profunda del mundo que te rodea.\",\"publisher\":{\"@id\":\"https:\/\/www.nexoinformativo.mx\/#organization\"},\"potentialAction\":[{\"@type\":\"SearchAction\",\"target\":{\"@type\":\"EntryPoint\",\"urlTemplate\":\"https:\/\/www.nexoinformativo.mx\/?s={search_term_string}\"},\"query-input\":{\"@type\":\"PropertyValueSpecification\",\"valueRequired\":true,\"valueName\":\"search_term_string\"}}],\"inLanguage\":\"es\"},{\"@type\":\"Organization\",\"@id\":\"https:\/\/www.nexoinformativo.mx\/#organization\",\"name\":\"Nexo Informativo Santiago de Quer\u00e9taro\",\"url\":\"https:\/\/www.nexoinformativo.mx\/\",\"logo\":{\"@type\":\"ImageObject\",\"inLanguage\":\"es\",\"@id\":\"https:\/\/www.nexoinformativo.mx\/#\/schema\/logo\/image\/\",\"url\":\"https:\/\/www.nexoinformativo.mx\/wp-content\/uploads\/2024\/07\/nexoi-trasparente-2.png\",\"contentUrl\":\"https:\/\/www.nexoinformativo.mx\/wp-content\/uploads\/2024\/07\/nexoi-trasparente-2.png\",\"width\":816,\"height\":339,\"caption\":\"Nexo Informativo Santiago de Quer\u00e9taro\"},\"image\":{\"@id\":\"https:\/\/www.nexoinformativo.mx\/#\/schema\/logo\/image\/\"},\"sameAs\":[\"https:\/\/www.facebook.com\/people\/Nexo-Informativo\/61564066885511\/\"]},{\"@type\":\"Person\",\"@id\":\"https:\/\/www.nexoinformativo.mx\/#\/schema\/person\/7749d380ba08c8ca00d7bc76fd907b7d\",\"name\":\"Nexo Informativo\",\"image\":{\"@type\":\"ImageObject\",\"inLanguage\":\"es\",\"@id\":\"https:\/\/www.nexoinformativo.mx\/#\/schema\/person\/image\/\",\"url\":\"https:\/\/secure.gravatar.com\/avatar\/dde2928154642a13d95f87ddf1ea9718fe2b46760a005c53e41ff5ad610704e6?s=96&d=mm&r=g\",\"contentUrl\":\"https:\/\/secure.gravatar.com\/avatar\/dde2928154642a13d95f87ddf1ea9718fe2b46760a005c53e41ff5ad610704e6?s=96&d=mm&r=g\",\"caption\":\"Nexo Informativo\"},\"url\":\"https:\/\/www.nexoinformativo.mx\/index.php\/author\/edicion\/\"}]}<\/script>\n<!-- \/ Yoast SEO plugin. -->","yoast_head_json":{"title":"UT San Juan del R\u00edo: Un referente educativo con proyecci\u00f3n internacional | Nexo Informativo Santiago de Quer\u00e9taro","description":"UT San Juan del R\u00edo: Un referente educativo con proyecci\u00f3n internacional","robots":{"index":"index","follow":"follow","max-snippet":"max-snippet:-1","max-image-preview":"max-image-preview:large","max-video-preview":"max-video-preview:-1"},"canonical":"https:\/\/www.nexoinformativo.mx\/index.php\/2024\/12\/24\/ut-san-juan-del-rio-un-referente-educativo-con-proyeccion-internacional\/","og_locale":"es_MX","og_type":"article","og_title":"UT San Juan del R\u00edo: Un referente educativo con proyecci\u00f3n internacional | Nexo Informativo Santiago de Quer\u00e9taro","og_description":"UT San Juan del R\u00edo: Un referente educativo con proyecci\u00f3n internacional","og_url":"https:\/\/www.nexoinformativo.mx\/index.php\/2024\/12\/24\/ut-san-juan-del-rio-un-referente-educativo-con-proyeccion-internacional\/","og_site_name":"Nexo Informativo Santiago de Quer\u00e9taro","article_publisher":"https:\/\/www.facebook.com\/people\/Nexo-Informativo\/61564066885511\/","article_published_time":"2024-12-24T12:30:53+00:00","article_modified_time":"2024-12-24T14:51:34+00:00","og_image":[{"width":800,"height":533,"url":"https:\/\/www.nexoinformativo.mx\/wp-content\/uploads\/2024\/12\/PHOTO-2024-12-24-07-59-48-e1735051723320.jpg","type":"image\/jpeg"}],"author":"Nexo Informativo","twitter_card":"summary_large_image","twitter_misc":{"Escrito por":"Nexo Informativo","Tiempo de lectura":"2 minutos"},"schema":{"@context":"https:\/\/schema.org","@graph":[{"@type":"Article","@id":"https:\/\/www.nexoinformativo.mx\/index.php\/2024\/12\/24\/ut-san-juan-del-rio-un-referente-educativo-con-proyeccion-internacional\/#article","isPartOf":{"@id":"https:\/\/www.nexoinformativo.mx\/index.php\/2024\/12\/24\/ut-san-juan-del-rio-un-referente-educativo-con-proyeccion-internacional\/"},"author":{"name":"Nexo Informativo","@id":"https:\/\/www.nexoinformativo.mx\/#\/schema\/person\/7749d380ba08c8ca00d7bc76fd907b7d"},"headline":"UT San Juan del R\u00edo: Un referente educativo con proyecci\u00f3n internacional","datePublished":"2024-12-24T12:30:53+00:00","dateModified":"2024-12-24T14:51:34+00:00","mainEntityOfPage":{"@id":"https:\/\/www.nexoinformativo.mx\/index.php\/2024\/12\/24\/ut-san-juan-del-rio-un-referente-educativo-con-proyeccion-internacional\/"},"wordCount":397,"commentCount":0,"publisher":{"@id":"https:\/\/www.nexoinformativo.mx\/#organization"},"image":{"@id":"https:\/\/www.nexoinformativo.mx\/index.php\/2024\/12\/24\/ut-san-juan-del-rio-un-referente-educativo-con-proyeccion-internacional\/#primaryimage"},"thumbnailUrl":"https:\/\/www.nexoinformativo.mx\/wp-content\/uploads\/2024\/12\/PHOTO-2024-12-24-07-59-48-e1735051723320.jpg","keywords":["CalidadEducativa","Educaci\u00f3nSuperior","MovilidadInternacional","UTSanJuan"],"articleSection":["Municipios","\u00daltima Hora"],"inLanguage":"es","potentialAction":[{"@type":"CommentAction","name":"Comment","target":["https:\/\/www.nexoinformativo.mx\/index.php\/2024\/12\/24\/ut-san-juan-del-rio-un-referente-educativo-con-proyeccion-internacional\/#respond"]}]},{"@type":"WebPage","@id":"https:\/\/www.nexoinformativo.mx\/index.php\/2024\/12\/24\/ut-san-juan-del-rio-un-referente-educativo-con-proyeccion-internacional\/","url":"https:\/\/www.nexoinformativo.mx\/index.php\/2024\/12\/24\/ut-san-juan-del-rio-un-referente-educativo-con-proyeccion-internacional\/","name":"UT San Juan del R\u00edo: Un referente educativo con proyecci\u00f3n internacional | Nexo Informativo Santiago de Quer\u00e9taro","isPartOf":{"@id":"https:\/\/www.nexoinformativo.mx\/#website"},"primaryImageOfPage":{"@id":"https:\/\/www.nexoinformativo.mx\/index.php\/2024\/12\/24\/ut-san-juan-del-rio-un-referente-educativo-con-proyeccion-internacional\/#primaryimage"},"image":{"@id":"https:\/\/www.nexoinformativo.mx\/index.php\/2024\/12\/24\/ut-san-juan-del-rio-un-referente-educativo-con-proyeccion-internacional\/#primaryimage"},"thumbnailUrl":"https:\/\/www.nexoinformativo.mx\/wp-content\/uploads\/2024\/12\/PHOTO-2024-12-24-07-59-48-e1735051723320.jpg","datePublished":"2024-12-24T12:30:53+00:00","dateModified":"2024-12-24T14:51:34+00:00","description":"UT San Juan del R\u00edo: Un referente educativo con proyecci\u00f3n internacional","breadcrumb":{"@id":"https:\/\/www.nexoinformativo.mx\/index.php\/2024\/12\/24\/ut-san-juan-del-rio-un-referente-educativo-con-proyeccion-internacional\/#breadcrumb"},"inLanguage":"es","potentialAction":[{"@type":"ReadAction","target":["https:\/\/www.nexoinformativo.mx\/index.php\/2024\/12\/24\/ut-san-juan-del-rio-un-referente-educativo-con-proyeccion-internacional\/"]}]},{"@type":"ImageObject","inLanguage":"es","@id":"https:\/\/www.nexoinformativo.mx\/index.php\/2024\/12\/24\/ut-san-juan-del-rio-un-referente-educativo-con-proyeccion-internacional\/#primaryimage","url":"https:\/\/www.nexoinformativo.mx\/wp-content\/uploads\/2024\/12\/PHOTO-2024-12-24-07-59-48-e1735051723320.jpg","contentUrl":"https:\/\/www.nexoinformativo.mx\/wp-content\/uploads\/2024\/12\/PHOTO-2024-12-24-07-59-48-e1735051723320.jpg","width":800,"height":533},{"@type":"BreadcrumbList","@id":"https:\/\/www.nexoinformativo.mx\/index.php\/2024\/12\/24\/ut-san-juan-del-rio-un-referente-educativo-con-proyeccion-internacional\/#breadcrumb","itemListElement":[{"@type":"ListItem","position":1,"name":"Inicio","item":"https:\/\/www.nexoinformativo.mx\/"},{"@type":"ListItem","position":2,"name":"UT San Juan del R\u00edo: Un referente educativo con proyecci\u00f3n internacional"}]},{"@type":"WebSite","@id":"https:\/\/www.nexoinformativo.mx\/#website","url":"https:\/\/www.nexoinformativo.mx\/","name":"Nexo Informativo Santiago de Quer\u00e9taro","description":"Explora NexoInformativo y convi\u00e9rtete en parte de una comunidad que valora el conocimiento y la verdad. Tu nexoinformativo es tu puente hacia una comprensi\u00f3n m\u00e1s profunda del mundo que te rodea.","publisher":{"@id":"https:\/\/www.nexoinformativo.mx\/#organization"},"potentialAction":[{"@type":"SearchAction","target":{"@type":"EntryPoint","urlTemplate":"https:\/\/www.nexoinformativo.mx\/?s={search_term_string}"},"query-input":{"@type":"PropertyValueSpecification","valueRequired":true,"valueName":"search_term_string"}}],"inLanguage":"es"},{"@type":"Organization","@id":"https:\/\/www.nexoinformativo.mx\/#organization","name":"Nexo Informativo Santiago de Quer\u00e9taro","url":"https:\/\/www.nexoinformativo.mx\/","logo":{"@type":"ImageObject","inLanguage":"es","@id":"https:\/\/www.nexoinformativo.mx\/#\/schema\/logo\/image\/","url":"https:\/\/www.nexoinformativo.mx\/wp-content\/uploads\/2024\/07\/nexoi-trasparente-2.png","contentUrl":"https:\/\/www.nexoinformativo.mx\/wp-content\/uploads\/2024\/07\/nexoi-trasparente-2.png","width":816,"height":339,"caption":"Nexo Informativo Santiago de Quer\u00e9taro"},"image":{"@id":"https:\/\/www.nexoinformativo.mx\/#\/schema\/logo\/image\/"},"sameAs":["https:\/\/www.facebook.com\/people\/Nexo-Informativo\/61564066885511\/"]},{"@type":"Person","@id":"https:\/\/www.nexoinformativo.mx\/#\/schema\/person\/7749d380ba08c8ca00d7bc76fd907b7d","name":"Nexo Informativo","image":{"@type":"ImageObject","inLanguage":"es","@id":"https:\/\/www.nexoinformativo.mx\/#\/schema\/person\/image\/","url":"https:\/\/secure.gravatar.com\/avatar\/dde2928154642a13d95f87ddf1ea9718fe2b46760a005c53e41ff5ad610704e6?s=96&d=mm&r=g","contentUrl":"https:\/\/secure.gravatar.com\/avatar\/dde2928154642a13d95f87ddf1ea9718fe2b46760a005c53e41ff5ad610704e6?s=96&d=mm&r=g","caption":"Nexo Informativo"},"url":"https:\/\/www.nexoinformativo.mx\/index.php\/author\/edicion\/"}]}},"_links":{"self":[{"href":"https:\/\/www.nexoinformativo.mx\/index.php\/wp-json\/wp\/v2\/posts\/8738","targetHints":{"allow":["GET"]}}],"collection":[{"href":"https:\/\/www.nexoinformativo.mx\/index.php\/wp-json\/wp\/v2\/posts"}],"about":[{"href":"https:\/\/www.nexoinformativo.mx\/index.php\/wp-json\/wp\/v2\/types\/post"}],"author":[{"embeddable":true,"href":"https:\/\/www.nexoinformativo.mx\/index.php\/wp-json\/wp\/v2\/users\/3"}],"replies":[{"embeddable":true,"href":"https:\/\/www.nexoinformativo.mx\/index.php\/wp-json\/wp\/v2\/comments?post=8738"}],"version-history":[{"count":7,"href":"https:\/\/www.nexoinformativo.mx\/index.php\/wp-json\/wp\/v2\/posts\/8738\/revisions"}],"predecessor-version":[{"id":8743,"href":"https:\/\/www.nexoinformativo.mx\/index.php\/wp-json\/wp\/v2\/posts\/8738\/revisions\/8743"}],"wp:featuredmedia":[{"embeddable":true,"href":"https:\/\/www.nexoinformativo.mx\/index.php\/wp-json\/wp\/v2\/media\/8739"}],"wp:attachment":[{"href":"https:\/\/www.nexoinformativo.mx\/index.php\/wp-json\/wp\/v2\/media?parent=8738"}],"wp:term":[{"taxonomy":"category","embeddable":true,"href":"https:\/\/www.nexoinformativo.mx\/index.php\/wp-json\/wp\/v2\/categories?post=8738"},{"taxonomy":"post_tag","embeddable":true,"href":"https:\/\/www.nexoinformativo.mx\/index.php\/wp-json\/wp\/v2\/tags?post=8738"}],"curies":[{"name":"wp","href":"https:\/\/api.w.org\/{rel}","templated":true}]}}