{"id":8747,"date":"2024-12-24T07:00:42","date_gmt":"2024-12-24T13:00:42","guid":{"rendered":"https:\/\/www.nexoinformativo.mx\/?p=8747"},"modified":"2024-12-24T09:23:48","modified_gmt":"2024-12-24T15:23:48","slug":"alerta-ambiental-queretaro-toma-medidas-para-mejorar-la-calidad-del-aire-en-temporada-invernal","status":"publish","type":"post","link":"https:\/\/www.nexoinformativo.mx\/index.php\/2024\/12\/24\/alerta-ambiental-queretaro-toma-medidas-para-mejorar-la-calidad-del-aire-en-temporada-invernal\/","title":{"rendered":"Alerta ambiental: Quer\u00e9taro toma medidas para mejorar la calidad del aire en temporada invernal"},"content":{"rendered":"<p style=\"text-align: justify;\" data-sourcepos=\"11:1-11:237\">Ante la llegada de la temporada invernal y el incremento en los niveles de contaminaci\u00f3n, la Secretar\u00eda de Desarrollo Sustentable (SEDESU) de Quer\u00e9taro ha emitido una serie de recomendaciones para proteger la salud de los ciudadanos.<\/p>\n<p>&nbsp;<\/p>\n<p style=\"text-align: justify;\" data-sourcepos=\"13:1-13:296\">Durante la sesi\u00f3n de la Comisi\u00f3n del Sistema de Alerta Temprana en materia de Salud Ambiental y de respuesta a Contingencias Ambientales (CATSA), se dio a conocer que hist\u00f3ricamente los d\u00edas 25 de diciembre y 1 de enero son los que presentan una peor calidad del aire debido al uso de pirotecnia.<\/p>\n<p>&nbsp;<\/p>\n<p style=\"text-align: justify;\" data-sourcepos=\"15:1-15:242\">Marco Antonio Del Prete Tercero, titular de la SEDESU, explic\u00f3 que las bajas temperaturas y los vientos estacionarios, sumados a la mayor movilidad urbana, contribuyen al aumento de la concentraci\u00f3n de part\u00edculas contaminantes en el aire.<\/p>\n<p>&nbsp;<\/p>\n<p style=\"text-align: justify;\" data-sourcepos=\"17:1-17:83\"><strong>Para hacer frente a esta situaci\u00f3n, las autoridades recomiendan a la poblaci\u00f3n:<\/strong><\/p>\n<p>&nbsp;<\/p>\n<ul style=\"text-align: justify;\" data-sourcepos=\"19:1-23:0\">\n<li data-sourcepos=\"19:1-19:46\">Evitar quemar basura, llantas o bald\u00edos.<\/li>\n<li data-sourcepos=\"20:1-20:120\">Mantenerse informado sobre la calidad del aire a trav\u00e9s del sitio web aire.cemcaq.mx y la aplicaci\u00f3n Ambiente Qro.<\/li>\n<li data-sourcepos=\"21:1-21:123\">Reducir el uso del autom\u00f3vil y optar por el transporte p\u00fablico o medios de transporte alternativos como la bicicleta.<\/li>\n<li data-sourcepos=\"22:1-23:0\">No utilizar fuegos artificiales.<\/li>\n<\/ul>\n<p>&nbsp;<\/p>\n<p style=\"text-align: justify;\" data-sourcepos=\"24:1-24:300\">La SEDESU ha puesto en marcha un sistema de monitoreo de la calidad del aire que permite identificar las zonas con mayor contaminaci\u00f3n y tomar las medidas necesarias para reducirla.<\/p>\n<p>&nbsp;<\/p>\n<p style=\"text-align: justify;\" data-sourcepos=\"26:1-26:281\">Es importante destacar que la calidad del aire afecta la salud de todos, especialmente de ni\u00f1os, adultos mayores y personas con enfermedades respiratorias. Por ello, es fundamental que la poblaci\u00f3n colabore en la implementaci\u00f3n de estas medidas.<\/p>\n<p>&nbsp;<\/p>\n<p style=\"text-align: center;\" data-sourcepos=\"26:1-26:281\"><em><strong>\u00a1Informaci\u00f3n que transforma!<\/strong><\/em><\/p>\n","protected":false},"excerpt":{"rendered":"<p>Ante la llegada de la temporada invernal y el incremento en los niveles de contaminaci\u00f3n, la Secretar\u00eda de Desarrollo Sustentable (SEDESU) de Quer\u00e9taro ha emitido una serie de recomendaciones para proteger la salud de los ciudadanos.<\/p>\n","protected":false},"author":3,"featured_media":8748,"comment_status":"open","ping_status":"open","sticky":false,"template":"","format":"standard","meta":{"footnotes":""},"categories":[42,58],"tags":[1514,2804,656,133],"class_list":["post-8747","post","type-post","status-publish","format-standard","has-post-thumbnail","hentry","category-estado","category-ultima-hora","tag-calidaddelaire","tag-contaminacion","tag-medioambiente","tag-queretaro"],"yoast_head":"<!-- This site is optimized with the Yoast SEO plugin v25.0 - https:\/\/yoast.com\/wordpress\/plugins\/seo\/ -->\n<title>Alerta ambiental: Quer\u00e9taro toma medidas para mejorar la calidad del aire en temporada invernal | Nexo Informativo Santiago de Quer\u00e9taro<\/title>\n<meta name=\"description\" content=\"Alerta ambiental: Quer\u00e9taro toma medidas para mejorar la calidad del aire en temporada invernal\" \/>\n<meta name=\"robots\" content=\"index, follow, max-snippet:-1, max-image-preview:large, max-video-preview:-1\" \/>\n<link rel=\"canonical\" href=\"https:\/\/www.nexoinformativo.mx\/index.php\/2024\/12\/24\/alerta-ambiental-queretaro-toma-medidas-para-mejorar-la-calidad-del-aire-en-temporada-invernal\/\" \/>\n<meta property=\"og:locale\" content=\"es_MX\" \/>\n<meta property=\"og:type\" content=\"article\" \/>\n<meta property=\"og:title\" content=\"Alerta ambiental: Quer\u00e9taro toma medidas para mejorar la calidad del aire en temporada invernal | Nexo Informativo Santiago de Quer\u00e9taro\" \/>\n<meta property=\"og:description\" content=\"Alerta ambiental: Quer\u00e9taro toma medidas para mejorar la calidad del aire en temporada invernal\" \/>\n<meta property=\"og:url\" content=\"https:\/\/www.nexoinformativo.mx\/index.php\/2024\/12\/24\/alerta-ambiental-queretaro-toma-medidas-para-mejorar-la-calidad-del-aire-en-temporada-invernal\/\" \/>\n<meta property=\"og:site_name\" content=\"Nexo Informativo Santiago de Quer\u00e9taro\" \/>\n<meta property=\"article:publisher\" content=\"https:\/\/www.facebook.com\/people\/Nexo-Informativo\/61564066885511\/\" \/>\n<meta property=\"article:published_time\" content=\"2024-12-24T13:00:42+00:00\" \/>\n<meta property=\"article:modified_time\" content=\"2024-12-24T15:23:48+00:00\" \/>\n<meta property=\"og:image\" content=\"https:\/\/www.nexoinformativo.mx\/wp-content\/uploads\/2024\/12\/PHOTO-2024-12-24-09-21-12-e1735053730340.jpg\" \/>\n\t<meta property=\"og:image:width\" content=\"800\" \/>\n\t<meta property=\"og:image:height\" content=\"533\" \/>\n\t<meta property=\"og:image:type\" content=\"image\/jpeg\" \/>\n<meta name=\"author\" content=\"Nexo Informativo\" \/>\n<meta name=\"twitter:card\" content=\"summary_large_image\" \/>\n<meta name=\"twitter:label1\" content=\"Escrito por\" \/>\n\t<meta name=\"twitter:data1\" content=\"Nexo Informativo\" \/>\n\t<meta name=\"twitter:label2\" content=\"Tiempo de lectura\" \/>\n\t<meta name=\"twitter:data2\" content=\"2 minutos\" \/>\n<script type=\"application\/ld+json\" class=\"yoast-schema-graph\">{\"@context\":\"https:\/\/schema.org\",\"@graph\":[{\"@type\":\"Article\",\"@id\":\"https:\/\/www.nexoinformativo.mx\/index.php\/2024\/12\/24\/alerta-ambiental-queretaro-toma-medidas-para-mejorar-la-calidad-del-aire-en-temporada-invernal\/#article\",\"isPartOf\":{\"@id\":\"https:\/\/www.nexoinformativo.mx\/index.php\/2024\/12\/24\/alerta-ambiental-queretaro-toma-medidas-para-mejorar-la-calidad-del-aire-en-temporada-invernal\/\"},\"author\":{\"name\":\"Nexo Informativo\",\"@id\":\"https:\/\/www.nexoinformativo.mx\/#\/schema\/person\/7749d380ba08c8ca00d7bc76fd907b7d\"},\"headline\":\"Alerta ambiental: Quer\u00e9taro toma medidas para mejorar la calidad del aire en temporada invernal\",\"datePublished\":\"2024-12-24T13:00:42+00:00\",\"dateModified\":\"2024-12-24T15:23:48+00:00\",\"mainEntityOfPage\":{\"@id\":\"https:\/\/www.nexoinformativo.mx\/index.php\/2024\/12\/24\/alerta-ambiental-queretaro-toma-medidas-para-mejorar-la-calidad-del-aire-en-temporada-invernal\/\"},\"wordCount\":296,\"commentCount\":0,\"publisher\":{\"@id\":\"https:\/\/www.nexoinformativo.mx\/#organization\"},\"image\":{\"@id\":\"https:\/\/www.nexoinformativo.mx\/index.php\/2024\/12\/24\/alerta-ambiental-queretaro-toma-medidas-para-mejorar-la-calidad-del-aire-en-temporada-invernal\/#primaryimage\"},\"thumbnailUrl\":\"https:\/\/www.nexoinformativo.mx\/wp-content\/uploads\/2024\/12\/PHOTO-2024-12-24-09-21-12-e1735053730340.jpg\",\"keywords\":[\"CalidadDelAire\",\"Contaminaci\u00f3n\",\"MedioAmbiente\",\"Quer\u00e9taro\"],\"articleSection\":[\"Estado\",\"\u00daltima Hora\"],\"inLanguage\":\"es\",\"potentialAction\":[{\"@type\":\"CommentAction\",\"name\":\"Comment\",\"target\":[\"https:\/\/www.nexoinformativo.mx\/index.php\/2024\/12\/24\/alerta-ambiental-queretaro-toma-medidas-para-mejorar-la-calidad-del-aire-en-temporada-invernal\/#respond\"]}]},{\"@type\":\"WebPage\",\"@id\":\"https:\/\/www.nexoinformativo.mx\/index.php\/2024\/12\/24\/alerta-ambiental-queretaro-toma-medidas-para-mejorar-la-calidad-del-aire-en-temporada-invernal\/\",\"url\":\"https:\/\/www.nexoinformativo.mx\/index.php\/2024\/12\/24\/alerta-ambiental-queretaro-toma-medidas-para-mejorar-la-calidad-del-aire-en-temporada-invernal\/\",\"name\":\"Alerta ambiental: Quer\u00e9taro toma medidas para mejorar la calidad del aire en temporada invernal | Nexo Informativo Santiago de Quer\u00e9taro\",\"isPartOf\":{\"@id\":\"https:\/\/www.nexoinformativo.mx\/#website\"},\"primaryImageOfPage\":{\"@id\":\"https:\/\/www.nexoinformativo.mx\/index.php\/2024\/12\/24\/alerta-ambiental-queretaro-toma-medidas-para-mejorar-la-calidad-del-aire-en-temporada-invernal\/#primaryimage\"},\"image\":{\"@id\":\"https:\/\/www.nexoinformativo.mx\/index.php\/2024\/12\/24\/alerta-ambiental-queretaro-toma-medidas-para-mejorar-la-calidad-del-aire-en-temporada-invernal\/#primaryimage\"},\"thumbnailUrl\":\"https:\/\/www.nexoinformativo.mx\/wp-content\/uploads\/2024\/12\/PHOTO-2024-12-24-09-21-12-e1735053730340.jpg\",\"datePublished\":\"2024-12-24T13:00:42+00:00\",\"dateModified\":\"2024-12-24T15:23:48+00:00\",\"description\":\"Alerta ambiental: Quer\u00e9taro toma medidas para mejorar la calidad del aire en temporada invernal\",\"breadcrumb\":{\"@id\":\"https:\/\/www.nexoinformativo.mx\/index.php\/2024\/12\/24\/alerta-ambiental-queretaro-toma-medidas-para-mejorar-la-calidad-del-aire-en-temporada-invernal\/#breadcrumb\"},\"inLanguage\":\"es\",\"potentialAction\":[{\"@type\":\"ReadAction\",\"target\":[\"https:\/\/www.nexoinformativo.mx\/index.php\/2024\/12\/24\/alerta-ambiental-queretaro-toma-medidas-para-mejorar-la-calidad-del-aire-en-temporada-invernal\/\"]}]},{\"@type\":\"ImageObject\",\"inLanguage\":\"es\",\"@id\":\"https:\/\/www.nexoinformativo.mx\/index.php\/2024\/12\/24\/alerta-ambiental-queretaro-toma-medidas-para-mejorar-la-calidad-del-aire-en-temporada-invernal\/#primaryimage\",\"url\":\"https:\/\/www.nexoinformativo.mx\/wp-content\/uploads\/2024\/12\/PHOTO-2024-12-24-09-21-12-e1735053730340.jpg\",\"contentUrl\":\"https:\/\/www.nexoinformativo.mx\/wp-content\/uploads\/2024\/12\/PHOTO-2024-12-24-09-21-12-e1735053730340.jpg\",\"width\":800,\"height\":533},{\"@type\":\"BreadcrumbList\",\"@id\":\"https:\/\/www.nexoinformativo.mx\/index.php\/2024\/12\/24\/alerta-ambiental-queretaro-toma-medidas-para-mejorar-la-calidad-del-aire-en-temporada-invernal\/#breadcrumb\",\"itemListElement\":[{\"@type\":\"ListItem\",\"position\":1,\"name\":\"Inicio\",\"item\":\"https:\/\/www.nexoinformativo.mx\/\"},{\"@type\":\"ListItem\",\"position\":2,\"name\":\"Alerta ambiental: Quer\u00e9taro toma medidas para mejorar la calidad del aire en temporada invernal\"}]},{\"@type\":\"WebSite\",\"@id\":\"https:\/\/www.nexoinformativo.mx\/#website\",\"url\":\"https:\/\/www.nexoinformativo.mx\/\",\"name\":\"Nexo Informativo Santiago de Quer\u00e9taro\",\"description\":\"Explora NexoInformativo y convi\u00e9rtete en parte de una comunidad que valora el conocimiento y la verdad. Tu nexoinformativo es tu puente hacia una comprensi\u00f3n m\u00e1s profunda del mundo que te rodea.\",\"publisher\":{\"@id\":\"https:\/\/www.nexoinformativo.mx\/#organization\"},\"potentialAction\":[{\"@type\":\"SearchAction\",\"target\":{\"@type\":\"EntryPoint\",\"urlTemplate\":\"https:\/\/www.nexoinformativo.mx\/?s={search_term_string}\"},\"query-input\":{\"@type\":\"PropertyValueSpecification\",\"valueRequired\":true,\"valueName\":\"search_term_string\"}}],\"inLanguage\":\"es\"},{\"@type\":\"Organization\",\"@id\":\"https:\/\/www.nexoinformativo.mx\/#organization\",\"name\":\"Nexo Informativo Santiago de Quer\u00e9taro\",\"url\":\"https:\/\/www.nexoinformativo.mx\/\",\"logo\":{\"@type\":\"ImageObject\",\"inLanguage\":\"es\",\"@id\":\"https:\/\/www.nexoinformativo.mx\/#\/schema\/logo\/image\/\",\"url\":\"https:\/\/www.nexoinformativo.mx\/wp-content\/uploads\/2024\/07\/nexoi-trasparente-2.png\",\"contentUrl\":\"https:\/\/www.nexoinformativo.mx\/wp-content\/uploads\/2024\/07\/nexoi-trasparente-2.png\",\"width\":816,\"height\":339,\"caption\":\"Nexo Informativo Santiago de Quer\u00e9taro\"},\"image\":{\"@id\":\"https:\/\/www.nexoinformativo.mx\/#\/schema\/logo\/image\/\"},\"sameAs\":[\"https:\/\/www.facebook.com\/people\/Nexo-Informativo\/61564066885511\/\"]},{\"@type\":\"Person\",\"@id\":\"https:\/\/www.nexoinformativo.mx\/#\/schema\/person\/7749d380ba08c8ca00d7bc76fd907b7d\",\"name\":\"Nexo Informativo\",\"image\":{\"@type\":\"ImageObject\",\"inLanguage\":\"es\",\"@id\":\"https:\/\/www.nexoinformativo.mx\/#\/schema\/person\/image\/\",\"url\":\"https:\/\/secure.gravatar.com\/avatar\/dde2928154642a13d95f87ddf1ea9718fe2b46760a005c53e41ff5ad610704e6?s=96&d=mm&r=g\",\"contentUrl\":\"https:\/\/secure.gravatar.com\/avatar\/dde2928154642a13d95f87ddf1ea9718fe2b46760a005c53e41ff5ad610704e6?s=96&d=mm&r=g\",\"caption\":\"Nexo Informativo\"},\"url\":\"https:\/\/www.nexoinformativo.mx\/index.php\/author\/edicion\/\"}]}<\/script>\n<!-- \/ Yoast SEO plugin. -->","yoast_head_json":{"title":"Alerta ambiental: Quer\u00e9taro toma medidas para mejorar la calidad del aire en temporada invernal | Nexo Informativo Santiago de Quer\u00e9taro","description":"Alerta ambiental: Quer\u00e9taro toma medidas para mejorar la calidad del aire en temporada invernal","robots":{"index":"index","follow":"follow","max-snippet":"max-snippet:-1","max-image-preview":"max-image-preview:large","max-video-preview":"max-video-preview:-1"},"canonical":"https:\/\/www.nexoinformativo.mx\/index.php\/2024\/12\/24\/alerta-ambiental-queretaro-toma-medidas-para-mejorar-la-calidad-del-aire-en-temporada-invernal\/","og_locale":"es_MX","og_type":"article","og_title":"Alerta ambiental: Quer\u00e9taro toma medidas para mejorar la calidad del aire en temporada invernal | Nexo Informativo Santiago de Quer\u00e9taro","og_description":"Alerta ambiental: Quer\u00e9taro toma medidas para mejorar la calidad del aire en temporada invernal","og_url":"https:\/\/www.nexoinformativo.mx\/index.php\/2024\/12\/24\/alerta-ambiental-queretaro-toma-medidas-para-mejorar-la-calidad-del-aire-en-temporada-invernal\/","og_site_name":"Nexo Informativo Santiago de Quer\u00e9taro","article_publisher":"https:\/\/www.facebook.com\/people\/Nexo-Informativo\/61564066885511\/","article_published_time":"2024-12-24T13:00:42+00:00","article_modified_time":"2024-12-24T15:23:48+00:00","og_image":[{"width":800,"height":533,"url":"https:\/\/www.nexoinformativo.mx\/wp-content\/uploads\/2024\/12\/PHOTO-2024-12-24-09-21-12-e1735053730340.jpg","type":"image\/jpeg"}],"author":"Nexo Informativo","twitter_card":"summary_large_image","twitter_misc":{"Escrito por":"Nexo Informativo","Tiempo de lectura":"2 minutos"},"schema":{"@context":"https:\/\/schema.org","@graph":[{"@type":"Article","@id":"https:\/\/www.nexoinformativo.mx\/index.php\/2024\/12\/24\/alerta-ambiental-queretaro-toma-medidas-para-mejorar-la-calidad-del-aire-en-temporada-invernal\/#article","isPartOf":{"@id":"https:\/\/www.nexoinformativo.mx\/index.php\/2024\/12\/24\/alerta-ambiental-queretaro-toma-medidas-para-mejorar-la-calidad-del-aire-en-temporada-invernal\/"},"author":{"name":"Nexo Informativo","@id":"https:\/\/www.nexoinformativo.mx\/#\/schema\/person\/7749d380ba08c8ca00d7bc76fd907b7d"},"headline":"Alerta ambiental: Quer\u00e9taro toma medidas para mejorar la calidad del aire en temporada invernal","datePublished":"2024-12-24T13:00:42+00:00","dateModified":"2024-12-24T15:23:48+00:00","mainEntityOfPage":{"@id":"https:\/\/www.nexoinformativo.mx\/index.php\/2024\/12\/24\/alerta-ambiental-queretaro-toma-medidas-para-mejorar-la-calidad-del-aire-en-temporada-invernal\/"},"wordCount":296,"commentCount":0,"publisher":{"@id":"https:\/\/www.nexoinformativo.mx\/#organization"},"image":{"@id":"https:\/\/www.nexoinformativo.mx\/index.php\/2024\/12\/24\/alerta-ambiental-queretaro-toma-medidas-para-mejorar-la-calidad-del-aire-en-temporada-invernal\/#primaryimage"},"thumbnailUrl":"https:\/\/www.nexoinformativo.mx\/wp-content\/uploads\/2024\/12\/PHOTO-2024-12-24-09-21-12-e1735053730340.jpg","keywords":["CalidadDelAire","Contaminaci\u00f3n","MedioAmbiente","Quer\u00e9taro"],"articleSection":["Estado","\u00daltima Hora"],"inLanguage":"es","potentialAction":[{"@type":"CommentAction","name":"Comment","target":["https:\/\/www.nexoinformativo.mx\/index.php\/2024\/12\/24\/alerta-ambiental-queretaro-toma-medidas-para-mejorar-la-calidad-del-aire-en-temporada-invernal\/#respond"]}]},{"@type":"WebPage","@id":"https:\/\/www.nexoinformativo.mx\/index.php\/2024\/12\/24\/alerta-ambiental-queretaro-toma-medidas-para-mejorar-la-calidad-del-aire-en-temporada-invernal\/","url":"https:\/\/www.nexoinformativo.mx\/index.php\/2024\/12\/24\/alerta-ambiental-queretaro-toma-medidas-para-mejorar-la-calidad-del-aire-en-temporada-invernal\/","name":"Alerta ambiental: Quer\u00e9taro toma medidas para mejorar la calidad del aire en temporada invernal | Nexo Informativo Santiago de Quer\u00e9taro","isPartOf":{"@id":"https:\/\/www.nexoinformativo.mx\/#website"},"primaryImageOfPage":{"@id":"https:\/\/www.nexoinformativo.mx\/index.php\/2024\/12\/24\/alerta-ambiental-queretaro-toma-medidas-para-mejorar-la-calidad-del-aire-en-temporada-invernal\/#primaryimage"},"image":{"@id":"https:\/\/www.nexoinformativo.mx\/index.php\/2024\/12\/24\/alerta-ambiental-queretaro-toma-medidas-para-mejorar-la-calidad-del-aire-en-temporada-invernal\/#primaryimage"},"thumbnailUrl":"https:\/\/www.nexoinformativo.mx\/wp-content\/uploads\/2024\/12\/PHOTO-2024-12-24-09-21-12-e1735053730340.jpg","datePublished":"2024-12-24T13:00:42+00:00","dateModified":"2024-12-24T15:23:48+00:00","description":"Alerta ambiental: Quer\u00e9taro toma medidas para mejorar la calidad del aire en temporada invernal","breadcrumb":{"@id":"https:\/\/www.nexoinformativo.mx\/index.php\/2024\/12\/24\/alerta-ambiental-queretaro-toma-medidas-para-mejorar-la-calidad-del-aire-en-temporada-invernal\/#breadcrumb"},"inLanguage":"es","potentialAction":[{"@type":"ReadAction","target":["https:\/\/www.nexoinformativo.mx\/index.php\/2024\/12\/24\/alerta-ambiental-queretaro-toma-medidas-para-mejorar-la-calidad-del-aire-en-temporada-invernal\/"]}]},{"@type":"ImageObject","inLanguage":"es","@id":"https:\/\/www.nexoinformativo.mx\/index.php\/2024\/12\/24\/alerta-ambiental-queretaro-toma-medidas-para-mejorar-la-calidad-del-aire-en-temporada-invernal\/#primaryimage","url":"https:\/\/www.nexoinformativo.mx\/wp-content\/uploads\/2024\/12\/PHOTO-2024-12-24-09-21-12-e1735053730340.jpg","contentUrl":"https:\/\/www.nexoinformativo.mx\/wp-content\/uploads\/2024\/12\/PHOTO-2024-12-24-09-21-12-e1735053730340.jpg","width":800,"height":533},{"@type":"BreadcrumbList","@id":"https:\/\/www.nexoinformativo.mx\/index.php\/2024\/12\/24\/alerta-ambiental-queretaro-toma-medidas-para-mejorar-la-calidad-del-aire-en-temporada-invernal\/#breadcrumb","itemListElement":[{"@type":"ListItem","position":1,"name":"Inicio","item":"https:\/\/www.nexoinformativo.mx\/"},{"@type":"ListItem","position":2,"name":"Alerta ambiental: Quer\u00e9taro toma medidas para mejorar la calidad del aire en temporada invernal"}]},{"@type":"WebSite","@id":"https:\/\/www.nexoinformativo.mx\/#website","url":"https:\/\/www.nexoinformativo.mx\/","name":"Nexo Informativo Santiago de Quer\u00e9taro","description":"Explora NexoInformativo y convi\u00e9rtete en parte de una comunidad que valora el conocimiento y la verdad. Tu nexoinformativo es tu puente hacia una comprensi\u00f3n m\u00e1s profunda del mundo que te rodea.","publisher":{"@id":"https:\/\/www.nexoinformativo.mx\/#organization"},"potentialAction":[{"@type":"SearchAction","target":{"@type":"EntryPoint","urlTemplate":"https:\/\/www.nexoinformativo.mx\/?s={search_term_string}"},"query-input":{"@type":"PropertyValueSpecification","valueRequired":true,"valueName":"search_term_string"}}],"inLanguage":"es"},{"@type":"Organization","@id":"https:\/\/www.nexoinformativo.mx\/#organization","name":"Nexo Informativo Santiago de Quer\u00e9taro","url":"https:\/\/www.nexoinformativo.mx\/","logo":{"@type":"ImageObject","inLanguage":"es","@id":"https:\/\/www.nexoinformativo.mx\/#\/schema\/logo\/image\/","url":"https:\/\/www.nexoinformativo.mx\/wp-content\/uploads\/2024\/07\/nexoi-trasparente-2.png","contentUrl":"https:\/\/www.nexoinformativo.mx\/wp-content\/uploads\/2024\/07\/nexoi-trasparente-2.png","width":816,"height":339,"caption":"Nexo Informativo Santiago de Quer\u00e9taro"},"image":{"@id":"https:\/\/www.nexoinformativo.mx\/#\/schema\/logo\/image\/"},"sameAs":["https:\/\/www.facebook.com\/people\/Nexo-Informativo\/61564066885511\/"]},{"@type":"Person","@id":"https:\/\/www.nexoinformativo.mx\/#\/schema\/person\/7749d380ba08c8ca00d7bc76fd907b7d","name":"Nexo Informativo","image":{"@type":"ImageObject","inLanguage":"es","@id":"https:\/\/www.nexoinformativo.mx\/#\/schema\/person\/image\/","url":"https:\/\/secure.gravatar.com\/avatar\/dde2928154642a13d95f87ddf1ea9718fe2b46760a005c53e41ff5ad610704e6?s=96&d=mm&r=g","contentUrl":"https:\/\/secure.gravatar.com\/avatar\/dde2928154642a13d95f87ddf1ea9718fe2b46760a005c53e41ff5ad610704e6?s=96&d=mm&r=g","caption":"Nexo Informativo"},"url":"https:\/\/www.nexoinformativo.mx\/index.php\/author\/edicion\/"}]}},"_links":{"self":[{"href":"https:\/\/www.nexoinformativo.mx\/index.php\/wp-json\/wp\/v2\/posts\/8747","targetHints":{"allow":["GET"]}}],"collection":[{"href":"https:\/\/www.nexoinformativo.mx\/index.php\/wp-json\/wp\/v2\/posts"}],"about":[{"href":"https:\/\/www.nexoinformativo.mx\/index.php\/wp-json\/wp\/v2\/types\/post"}],"author":[{"embeddable":true,"href":"https:\/\/www.nexoinformativo.mx\/index.php\/wp-json\/wp\/v2\/users\/3"}],"replies":[{"embeddable":true,"href":"https:\/\/www.nexoinformativo.mx\/index.php\/wp-json\/wp\/v2\/comments?post=8747"}],"version-history":[{"count":4,"href":"https:\/\/www.nexoinformativo.mx\/index.php\/wp-json\/wp\/v2\/posts\/8747\/revisions"}],"predecessor-version":[{"id":8751,"href":"https:\/\/www.nexoinformativo.mx\/index.php\/wp-json\/wp\/v2\/posts\/8747\/revisions\/8751"}],"wp:featuredmedia":[{"embeddable":true,"href":"https:\/\/www.nexoinformativo.mx\/index.php\/wp-json\/wp\/v2\/media\/8748"}],"wp:attachment":[{"href":"https:\/\/www.nexoinformativo.mx\/index.php\/wp-json\/wp\/v2\/media?parent=8747"}],"wp:term":[{"taxonomy":"category","embeddable":true,"href":"https:\/\/www.nexoinformativo.mx\/index.php\/wp-json\/wp\/v2\/categories?post=8747"},{"taxonomy":"post_tag","embeddable":true,"href":"https:\/\/www.nexoinformativo.mx\/index.php\/wp-json\/wp\/v2\/tags?post=8747"}],"curies":[{"name":"wp","href":"https:\/\/api.w.org\/{rel}","templated":true}]}}