{"id":8753,"date":"2024-12-24T07:30:06","date_gmt":"2024-12-24T13:30:06","guid":{"rendered":"https:\/\/www.nexoinformativo.mx\/?p=8753"},"modified":"2024-12-24T09:29:25","modified_gmt":"2024-12-24T15:29:25","slug":"unaq-advierte-sobre-recorte-presupuestal-federal-y-su-impacto-en-la-educacion-superior","status":"publish","type":"post","link":"https:\/\/www.nexoinformativo.mx\/index.php\/2024\/12\/24\/unaq-advierte-sobre-recorte-presupuestal-federal-y-su-impacto-en-la-educacion-superior\/","title":{"rendered":"UNAQ advierte sobre recorte presupuestal federal y su impacto en la educaci\u00f3n superior"},"content":{"rendered":"<p style=\"text-align: justify;\" data-sourcepos=\"11:1-11:302\">La Universidad Aeron\u00e1utica en Quer\u00e9taro (UNAQ) se encuentra a la espera de la definici\u00f3n del presupuesto federal para el pr\u00f3ximo a\u00f1o, sin embargo, el rector Enrique Sosa ha expresado su preocupaci\u00f3n ante el recorte presupuestal generalizado a las Universidades Tecnol\u00f3gicas y Polit\u00e9cnicas del pa\u00eds.<\/p>\n<p>&nbsp;<\/p>\n<p style=\"text-align: justify;\" data-sourcepos=\"13:1-13:287\">Sosa se\u00f1al\u00f3 que este escenario adverso podr\u00eda tener un impacto significativo en la calidad de la educaci\u00f3n superior, ya que limita los recursos disponibles para invertir en infraestructura, equipamiento, investigaci\u00f3n y desarrollo, as\u00ed como en el bienestar de la comunidad universitaria.<\/p>\n<p>&nbsp;<\/p>\n<p style=\"text-align: justify;\" data-sourcepos=\"15:1-15:272\">A pesar de este panorama, el rector destac\u00f3 el apoyo del gobierno estatal, el cual ha anunciado un incremento del 13% en el presupuesto destinado a las universidades queretanas. En el caso espec\u00edfico de la UNAQ, este incremento representa 14 millones de pesos adicionales.<\/p>\n<p>&nbsp;<\/p>\n<p style=\"text-align: justify;\" data-sourcepos=\"17:1-17:221\">Sin embargo, Sosa enfatiz\u00f3 que el presupuesto federal, que se estima en alrededor de 60 millones de pesos, es similar al de a\u00f1os anteriores y resulta insuficiente para atender las necesidades crecientes de la instituci\u00f3n.<\/p>\n<p>&nbsp;<\/p>\n<p style=\"text-align: justify;\" data-sourcepos=\"19:1-19:239\">&#8220;Este recorte presupuestal nos pone en una situaci\u00f3n complicada, ya que limita nuestra capacidad para ofrecer servicios de calidad y cumplir con nuestra misi\u00f3n de formar profesionales altamente capacitados&#8221;, se\u00f1al\u00f3 el rector.<\/p>\n<p>&nbsp;<\/p>\n<p style=\"text-align: justify;\" data-sourcepos=\"21:1-21:334\">La UNAQ, al igual que otras instituciones de educaci\u00f3n superior, enfrenta el reto de mantener sus est\u00e1ndares de calidad en un contexto de recursos limitados.<\/p>\n<p>&nbsp;<\/p>\n<p style=\"text-align: justify;\" data-sourcepos=\"21:1-21:334\">Es fundamental que las autoridades federales reconsideren la importancia de invertir en educaci\u00f3n superior y garanticen un presupuesto adecuado para las universidades p\u00fablicas.<\/p>\n<p>&nbsp;<\/p>\n<p style=\"text-align: center;\" data-sourcepos=\"21:1-21:334\"><em><strong>\u00a1Informaci\u00f3n que transforma!<\/strong><\/em><\/p>\n","protected":false},"excerpt":{"rendered":"<p>La Universidad Aeron\u00e1utica en Quer\u00e9taro (UNAQ) se encuentra a la espera de la definici\u00f3n del presupuesto federal para el pr\u00f3ximo a\u00f1o, sin embargo, el rector Enrique Sosa ha expresado su preocupaci\u00f3n ante el recorte presupuestal generalizado a las Universidades Tecnol\u00f3gicas y Polit\u00e9cnicas del pa\u00eds.<\/p>\n","protected":false},"author":3,"featured_media":8754,"comment_status":"open","ping_status":"open","sticky":false,"template":"","format":"standard","meta":{"footnotes":""},"categories":[42,58],"tags":[1163,2805,2807,2806],"class_list":["post-8753","post","type-post","status-publish","format-standard","has-post-thumbnail","hentry","category-estado","category-ultima-hora","tag-educacionsuperior","tag-presupuestoeducativo","tag-recortepresupuestal","tag-unaq"],"yoast_head":"<!-- This site is optimized with the Yoast SEO plugin v25.0 - https:\/\/yoast.com\/wordpress\/plugins\/seo\/ -->\n<title>UNAQ advierte sobre recorte presupuestal federal y su impacto en la educaci\u00f3n superior | Nexo Informativo Santiago de Quer\u00e9taro<\/title>\n<meta name=\"description\" content=\"UNAQ advierte sobre recorte presupuestal federal y su impacto en la educaci\u00f3n superior\" \/>\n<meta name=\"robots\" content=\"index, follow, max-snippet:-1, max-image-preview:large, max-video-preview:-1\" \/>\n<link rel=\"canonical\" href=\"https:\/\/www.nexoinformativo.mx\/index.php\/2024\/12\/24\/unaq-advierte-sobre-recorte-presupuestal-federal-y-su-impacto-en-la-educacion-superior\/\" \/>\n<meta property=\"og:locale\" content=\"es_MX\" \/>\n<meta property=\"og:type\" content=\"article\" \/>\n<meta property=\"og:title\" content=\"UNAQ advierte sobre recorte presupuestal federal y su impacto en la educaci\u00f3n superior | Nexo Informativo Santiago de Quer\u00e9taro\" \/>\n<meta property=\"og:description\" content=\"UNAQ advierte sobre recorte presupuestal federal y su impacto en la educaci\u00f3n superior\" \/>\n<meta property=\"og:url\" content=\"https:\/\/www.nexoinformativo.mx\/index.php\/2024\/12\/24\/unaq-advierte-sobre-recorte-presupuestal-federal-y-su-impacto-en-la-educacion-superior\/\" \/>\n<meta property=\"og:site_name\" content=\"Nexo Informativo Santiago de Quer\u00e9taro\" \/>\n<meta property=\"article:publisher\" content=\"https:\/\/www.facebook.com\/people\/Nexo-Informativo\/61564066885511\/\" \/>\n<meta property=\"article:published_time\" content=\"2024-12-24T13:30:06+00:00\" \/>\n<meta property=\"article:modified_time\" content=\"2024-12-24T15:29:25+00:00\" \/>\n<meta property=\"og:image\" content=\"https:\/\/www.nexoinformativo.mx\/wp-content\/uploads\/2024\/12\/PHOTO-2024-12-24-09-24-11-e1735054113513.jpg\" \/>\n\t<meta property=\"og:image:width\" content=\"700\" \/>\n\t<meta property=\"og:image:height\" content=\"433\" \/>\n\t<meta property=\"og:image:type\" content=\"image\/jpeg\" \/>\n<meta name=\"author\" content=\"Nexo Informativo\" \/>\n<meta name=\"twitter:card\" content=\"summary_large_image\" \/>\n<meta name=\"twitter:label1\" content=\"Escrito por\" \/>\n\t<meta name=\"twitter:data1\" content=\"Nexo Informativo\" \/>\n\t<meta name=\"twitter:label2\" content=\"Tiempo de lectura\" \/>\n\t<meta name=\"twitter:data2\" content=\"2 minutos\" \/>\n<script type=\"application\/ld+json\" class=\"yoast-schema-graph\">{\"@context\":\"https:\/\/schema.org\",\"@graph\":[{\"@type\":\"Article\",\"@id\":\"https:\/\/www.nexoinformativo.mx\/index.php\/2024\/12\/24\/unaq-advierte-sobre-recorte-presupuestal-federal-y-su-impacto-en-la-educacion-superior\/#article\",\"isPartOf\":{\"@id\":\"https:\/\/www.nexoinformativo.mx\/index.php\/2024\/12\/24\/unaq-advierte-sobre-recorte-presupuestal-federal-y-su-impacto-en-la-educacion-superior\/\"},\"author\":{\"name\":\"Nexo Informativo\",\"@id\":\"https:\/\/www.nexoinformativo.mx\/#\/schema\/person\/7749d380ba08c8ca00d7bc76fd907b7d\"},\"headline\":\"UNAQ advierte sobre recorte presupuestal federal y su impacto en la educaci\u00f3n superior\",\"datePublished\":\"2024-12-24T13:30:06+00:00\",\"dateModified\":\"2024-12-24T15:29:25+00:00\",\"mainEntityOfPage\":{\"@id\":\"https:\/\/www.nexoinformativo.mx\/index.php\/2024\/12\/24\/unaq-advierte-sobre-recorte-presupuestal-federal-y-su-impacto-en-la-educacion-superior\/\"},\"wordCount\":289,\"commentCount\":0,\"publisher\":{\"@id\":\"https:\/\/www.nexoinformativo.mx\/#organization\"},\"image\":{\"@id\":\"https:\/\/www.nexoinformativo.mx\/index.php\/2024\/12\/24\/unaq-advierte-sobre-recorte-presupuestal-federal-y-su-impacto-en-la-educacion-superior\/#primaryimage\"},\"thumbnailUrl\":\"https:\/\/www.nexoinformativo.mx\/wp-content\/uploads\/2024\/12\/PHOTO-2024-12-24-09-24-11-e1735054113513.jpg\",\"keywords\":[\"Educaci\u00f3nSuperior\",\"PresupuestoEducativo\",\"RecortePresupuestal\",\"UNAQ\"],\"articleSection\":[\"Estado\",\"\u00daltima Hora\"],\"inLanguage\":\"es\",\"potentialAction\":[{\"@type\":\"CommentAction\",\"name\":\"Comment\",\"target\":[\"https:\/\/www.nexoinformativo.mx\/index.php\/2024\/12\/24\/unaq-advierte-sobre-recorte-presupuestal-federal-y-su-impacto-en-la-educacion-superior\/#respond\"]}]},{\"@type\":\"WebPage\",\"@id\":\"https:\/\/www.nexoinformativo.mx\/index.php\/2024\/12\/24\/unaq-advierte-sobre-recorte-presupuestal-federal-y-su-impacto-en-la-educacion-superior\/\",\"url\":\"https:\/\/www.nexoinformativo.mx\/index.php\/2024\/12\/24\/unaq-advierte-sobre-recorte-presupuestal-federal-y-su-impacto-en-la-educacion-superior\/\",\"name\":\"UNAQ advierte sobre recorte presupuestal federal y su impacto en la educaci\u00f3n superior | Nexo Informativo Santiago de Quer\u00e9taro\",\"isPartOf\":{\"@id\":\"https:\/\/www.nexoinformativo.mx\/#website\"},\"primaryImageOfPage\":{\"@id\":\"https:\/\/www.nexoinformativo.mx\/index.php\/2024\/12\/24\/unaq-advierte-sobre-recorte-presupuestal-federal-y-su-impacto-en-la-educacion-superior\/#primaryimage\"},\"image\":{\"@id\":\"https:\/\/www.nexoinformativo.mx\/index.php\/2024\/12\/24\/unaq-advierte-sobre-recorte-presupuestal-federal-y-su-impacto-en-la-educacion-superior\/#primaryimage\"},\"thumbnailUrl\":\"https:\/\/www.nexoinformativo.mx\/wp-content\/uploads\/2024\/12\/PHOTO-2024-12-24-09-24-11-e1735054113513.jpg\",\"datePublished\":\"2024-12-24T13:30:06+00:00\",\"dateModified\":\"2024-12-24T15:29:25+00:00\",\"description\":\"UNAQ advierte sobre recorte presupuestal federal y su impacto en la educaci\u00f3n superior\",\"breadcrumb\":{\"@id\":\"https:\/\/www.nexoinformativo.mx\/index.php\/2024\/12\/24\/unaq-advierte-sobre-recorte-presupuestal-federal-y-su-impacto-en-la-educacion-superior\/#breadcrumb\"},\"inLanguage\":\"es\",\"potentialAction\":[{\"@type\":\"ReadAction\",\"target\":[\"https:\/\/www.nexoinformativo.mx\/index.php\/2024\/12\/24\/unaq-advierte-sobre-recorte-presupuestal-federal-y-su-impacto-en-la-educacion-superior\/\"]}]},{\"@type\":\"ImageObject\",\"inLanguage\":\"es\",\"@id\":\"https:\/\/www.nexoinformativo.mx\/index.php\/2024\/12\/24\/unaq-advierte-sobre-recorte-presupuestal-federal-y-su-impacto-en-la-educacion-superior\/#primaryimage\",\"url\":\"https:\/\/www.nexoinformativo.mx\/wp-content\/uploads\/2024\/12\/PHOTO-2024-12-24-09-24-11-e1735054113513.jpg\",\"contentUrl\":\"https:\/\/www.nexoinformativo.mx\/wp-content\/uploads\/2024\/12\/PHOTO-2024-12-24-09-24-11-e1735054113513.jpg\",\"width\":700,\"height\":433},{\"@type\":\"BreadcrumbList\",\"@id\":\"https:\/\/www.nexoinformativo.mx\/index.php\/2024\/12\/24\/unaq-advierte-sobre-recorte-presupuestal-federal-y-su-impacto-en-la-educacion-superior\/#breadcrumb\",\"itemListElement\":[{\"@type\":\"ListItem\",\"position\":1,\"name\":\"Inicio\",\"item\":\"https:\/\/www.nexoinformativo.mx\/\"},{\"@type\":\"ListItem\",\"position\":2,\"name\":\"UNAQ advierte sobre recorte presupuestal federal y su impacto en la educaci\u00f3n superior\"}]},{\"@type\":\"WebSite\",\"@id\":\"https:\/\/www.nexoinformativo.mx\/#website\",\"url\":\"https:\/\/www.nexoinformativo.mx\/\",\"name\":\"Nexo Informativo Santiago de Quer\u00e9taro\",\"description\":\"Explora NexoInformativo y convi\u00e9rtete en parte de una comunidad que valora el conocimiento y la verdad. Tu nexoinformativo es tu puente hacia una comprensi\u00f3n m\u00e1s profunda del mundo que te rodea.\",\"publisher\":{\"@id\":\"https:\/\/www.nexoinformativo.mx\/#organization\"},\"potentialAction\":[{\"@type\":\"SearchAction\",\"target\":{\"@type\":\"EntryPoint\",\"urlTemplate\":\"https:\/\/www.nexoinformativo.mx\/?s={search_term_string}\"},\"query-input\":{\"@type\":\"PropertyValueSpecification\",\"valueRequired\":true,\"valueName\":\"search_term_string\"}}],\"inLanguage\":\"es\"},{\"@type\":\"Organization\",\"@id\":\"https:\/\/www.nexoinformativo.mx\/#organization\",\"name\":\"Nexo Informativo Santiago de Quer\u00e9taro\",\"url\":\"https:\/\/www.nexoinformativo.mx\/\",\"logo\":{\"@type\":\"ImageObject\",\"inLanguage\":\"es\",\"@id\":\"https:\/\/www.nexoinformativo.mx\/#\/schema\/logo\/image\/\",\"url\":\"https:\/\/www.nexoinformativo.mx\/wp-content\/uploads\/2024\/07\/nexoi-trasparente-2.png\",\"contentUrl\":\"https:\/\/www.nexoinformativo.mx\/wp-content\/uploads\/2024\/07\/nexoi-trasparente-2.png\",\"width\":816,\"height\":339,\"caption\":\"Nexo Informativo Santiago de Quer\u00e9taro\"},\"image\":{\"@id\":\"https:\/\/www.nexoinformativo.mx\/#\/schema\/logo\/image\/\"},\"sameAs\":[\"https:\/\/www.facebook.com\/people\/Nexo-Informativo\/61564066885511\/\"]},{\"@type\":\"Person\",\"@id\":\"https:\/\/www.nexoinformativo.mx\/#\/schema\/person\/7749d380ba08c8ca00d7bc76fd907b7d\",\"name\":\"Nexo Informativo\",\"image\":{\"@type\":\"ImageObject\",\"inLanguage\":\"es\",\"@id\":\"https:\/\/www.nexoinformativo.mx\/#\/schema\/person\/image\/\",\"url\":\"https:\/\/secure.gravatar.com\/avatar\/dde2928154642a13d95f87ddf1ea9718fe2b46760a005c53e41ff5ad610704e6?s=96&d=mm&r=g\",\"contentUrl\":\"https:\/\/secure.gravatar.com\/avatar\/dde2928154642a13d95f87ddf1ea9718fe2b46760a005c53e41ff5ad610704e6?s=96&d=mm&r=g\",\"caption\":\"Nexo Informativo\"},\"url\":\"https:\/\/www.nexoinformativo.mx\/index.php\/author\/edicion\/\"}]}<\/script>\n<!-- \/ Yoast SEO plugin. -->","yoast_head_json":{"title":"UNAQ advierte sobre recorte presupuestal federal y su impacto en la educaci\u00f3n superior | Nexo Informativo Santiago de Quer\u00e9taro","description":"UNAQ advierte sobre recorte presupuestal federal y su impacto en la educaci\u00f3n superior","robots":{"index":"index","follow":"follow","max-snippet":"max-snippet:-1","max-image-preview":"max-image-preview:large","max-video-preview":"max-video-preview:-1"},"canonical":"https:\/\/www.nexoinformativo.mx\/index.php\/2024\/12\/24\/unaq-advierte-sobre-recorte-presupuestal-federal-y-su-impacto-en-la-educacion-superior\/","og_locale":"es_MX","og_type":"article","og_title":"UNAQ advierte sobre recorte presupuestal federal y su impacto en la educaci\u00f3n superior | Nexo Informativo Santiago de Quer\u00e9taro","og_description":"UNAQ advierte sobre recorte presupuestal federal y su impacto en la educaci\u00f3n superior","og_url":"https:\/\/www.nexoinformativo.mx\/index.php\/2024\/12\/24\/unaq-advierte-sobre-recorte-presupuestal-federal-y-su-impacto-en-la-educacion-superior\/","og_site_name":"Nexo Informativo Santiago de Quer\u00e9taro","article_publisher":"https:\/\/www.facebook.com\/people\/Nexo-Informativo\/61564066885511\/","article_published_time":"2024-12-24T13:30:06+00:00","article_modified_time":"2024-12-24T15:29:25+00:00","og_image":[{"width":700,"height":433,"url":"https:\/\/www.nexoinformativo.mx\/wp-content\/uploads\/2024\/12\/PHOTO-2024-12-24-09-24-11-e1735054113513.jpg","type":"image\/jpeg"}],"author":"Nexo Informativo","twitter_card":"summary_large_image","twitter_misc":{"Escrito por":"Nexo Informativo","Tiempo de lectura":"2 minutos"},"schema":{"@context":"https:\/\/schema.org","@graph":[{"@type":"Article","@id":"https:\/\/www.nexoinformativo.mx\/index.php\/2024\/12\/24\/unaq-advierte-sobre-recorte-presupuestal-federal-y-su-impacto-en-la-educacion-superior\/#article","isPartOf":{"@id":"https:\/\/www.nexoinformativo.mx\/index.php\/2024\/12\/24\/unaq-advierte-sobre-recorte-presupuestal-federal-y-su-impacto-en-la-educacion-superior\/"},"author":{"name":"Nexo Informativo","@id":"https:\/\/www.nexoinformativo.mx\/#\/schema\/person\/7749d380ba08c8ca00d7bc76fd907b7d"},"headline":"UNAQ advierte sobre recorte presupuestal federal y su impacto en la educaci\u00f3n superior","datePublished":"2024-12-24T13:30:06+00:00","dateModified":"2024-12-24T15:29:25+00:00","mainEntityOfPage":{"@id":"https:\/\/www.nexoinformativo.mx\/index.php\/2024\/12\/24\/unaq-advierte-sobre-recorte-presupuestal-federal-y-su-impacto-en-la-educacion-superior\/"},"wordCount":289,"commentCount":0,"publisher":{"@id":"https:\/\/www.nexoinformativo.mx\/#organization"},"image":{"@id":"https:\/\/www.nexoinformativo.mx\/index.php\/2024\/12\/24\/unaq-advierte-sobre-recorte-presupuestal-federal-y-su-impacto-en-la-educacion-superior\/#primaryimage"},"thumbnailUrl":"https:\/\/www.nexoinformativo.mx\/wp-content\/uploads\/2024\/12\/PHOTO-2024-12-24-09-24-11-e1735054113513.jpg","keywords":["Educaci\u00f3nSuperior","PresupuestoEducativo","RecortePresupuestal","UNAQ"],"articleSection":["Estado","\u00daltima Hora"],"inLanguage":"es","potentialAction":[{"@type":"CommentAction","name":"Comment","target":["https:\/\/www.nexoinformativo.mx\/index.php\/2024\/12\/24\/unaq-advierte-sobre-recorte-presupuestal-federal-y-su-impacto-en-la-educacion-superior\/#respond"]}]},{"@type":"WebPage","@id":"https:\/\/www.nexoinformativo.mx\/index.php\/2024\/12\/24\/unaq-advierte-sobre-recorte-presupuestal-federal-y-su-impacto-en-la-educacion-superior\/","url":"https:\/\/www.nexoinformativo.mx\/index.php\/2024\/12\/24\/unaq-advierte-sobre-recorte-presupuestal-federal-y-su-impacto-en-la-educacion-superior\/","name":"UNAQ advierte sobre recorte presupuestal federal y su impacto en la educaci\u00f3n superior | Nexo Informativo Santiago de Quer\u00e9taro","isPartOf":{"@id":"https:\/\/www.nexoinformativo.mx\/#website"},"primaryImageOfPage":{"@id":"https:\/\/www.nexoinformativo.mx\/index.php\/2024\/12\/24\/unaq-advierte-sobre-recorte-presupuestal-federal-y-su-impacto-en-la-educacion-superior\/#primaryimage"},"image":{"@id":"https:\/\/www.nexoinformativo.mx\/index.php\/2024\/12\/24\/unaq-advierte-sobre-recorte-presupuestal-federal-y-su-impacto-en-la-educacion-superior\/#primaryimage"},"thumbnailUrl":"https:\/\/www.nexoinformativo.mx\/wp-content\/uploads\/2024\/12\/PHOTO-2024-12-24-09-24-11-e1735054113513.jpg","datePublished":"2024-12-24T13:30:06+00:00","dateModified":"2024-12-24T15:29:25+00:00","description":"UNAQ advierte sobre recorte presupuestal federal y su impacto en la educaci\u00f3n superior","breadcrumb":{"@id":"https:\/\/www.nexoinformativo.mx\/index.php\/2024\/12\/24\/unaq-advierte-sobre-recorte-presupuestal-federal-y-su-impacto-en-la-educacion-superior\/#breadcrumb"},"inLanguage":"es","potentialAction":[{"@type":"ReadAction","target":["https:\/\/www.nexoinformativo.mx\/index.php\/2024\/12\/24\/unaq-advierte-sobre-recorte-presupuestal-federal-y-su-impacto-en-la-educacion-superior\/"]}]},{"@type":"ImageObject","inLanguage":"es","@id":"https:\/\/www.nexoinformativo.mx\/index.php\/2024\/12\/24\/unaq-advierte-sobre-recorte-presupuestal-federal-y-su-impacto-en-la-educacion-superior\/#primaryimage","url":"https:\/\/www.nexoinformativo.mx\/wp-content\/uploads\/2024\/12\/PHOTO-2024-12-24-09-24-11-e1735054113513.jpg","contentUrl":"https:\/\/www.nexoinformativo.mx\/wp-content\/uploads\/2024\/12\/PHOTO-2024-12-24-09-24-11-e1735054113513.jpg","width":700,"height":433},{"@type":"BreadcrumbList","@id":"https:\/\/www.nexoinformativo.mx\/index.php\/2024\/12\/24\/unaq-advierte-sobre-recorte-presupuestal-federal-y-su-impacto-en-la-educacion-superior\/#breadcrumb","itemListElement":[{"@type":"ListItem","position":1,"name":"Inicio","item":"https:\/\/www.nexoinformativo.mx\/"},{"@type":"ListItem","position":2,"name":"UNAQ advierte sobre recorte presupuestal federal y su impacto en la educaci\u00f3n superior"}]},{"@type":"WebSite","@id":"https:\/\/www.nexoinformativo.mx\/#website","url":"https:\/\/www.nexoinformativo.mx\/","name":"Nexo Informativo Santiago de Quer\u00e9taro","description":"Explora NexoInformativo y convi\u00e9rtete en parte de una comunidad que valora el conocimiento y la verdad. Tu nexoinformativo es tu puente hacia una comprensi\u00f3n m\u00e1s profunda del mundo que te rodea.","publisher":{"@id":"https:\/\/www.nexoinformativo.mx\/#organization"},"potentialAction":[{"@type":"SearchAction","target":{"@type":"EntryPoint","urlTemplate":"https:\/\/www.nexoinformativo.mx\/?s={search_term_string}"},"query-input":{"@type":"PropertyValueSpecification","valueRequired":true,"valueName":"search_term_string"}}],"inLanguage":"es"},{"@type":"Organization","@id":"https:\/\/www.nexoinformativo.mx\/#organization","name":"Nexo Informativo Santiago de Quer\u00e9taro","url":"https:\/\/www.nexoinformativo.mx\/","logo":{"@type":"ImageObject","inLanguage":"es","@id":"https:\/\/www.nexoinformativo.mx\/#\/schema\/logo\/image\/","url":"https:\/\/www.nexoinformativo.mx\/wp-content\/uploads\/2024\/07\/nexoi-trasparente-2.png","contentUrl":"https:\/\/www.nexoinformativo.mx\/wp-content\/uploads\/2024\/07\/nexoi-trasparente-2.png","width":816,"height":339,"caption":"Nexo Informativo Santiago de Quer\u00e9taro"},"image":{"@id":"https:\/\/www.nexoinformativo.mx\/#\/schema\/logo\/image\/"},"sameAs":["https:\/\/www.facebook.com\/people\/Nexo-Informativo\/61564066885511\/"]},{"@type":"Person","@id":"https:\/\/www.nexoinformativo.mx\/#\/schema\/person\/7749d380ba08c8ca00d7bc76fd907b7d","name":"Nexo Informativo","image":{"@type":"ImageObject","inLanguage":"es","@id":"https:\/\/www.nexoinformativo.mx\/#\/schema\/person\/image\/","url":"https:\/\/secure.gravatar.com\/avatar\/dde2928154642a13d95f87ddf1ea9718fe2b46760a005c53e41ff5ad610704e6?s=96&d=mm&r=g","contentUrl":"https:\/\/secure.gravatar.com\/avatar\/dde2928154642a13d95f87ddf1ea9718fe2b46760a005c53e41ff5ad610704e6?s=96&d=mm&r=g","caption":"Nexo Informativo"},"url":"https:\/\/www.nexoinformativo.mx\/index.php\/author\/edicion\/"}]}},"_links":{"self":[{"href":"https:\/\/www.nexoinformativo.mx\/index.php\/wp-json\/wp\/v2\/posts\/8753","targetHints":{"allow":["GET"]}}],"collection":[{"href":"https:\/\/www.nexoinformativo.mx\/index.php\/wp-json\/wp\/v2\/posts"}],"about":[{"href":"https:\/\/www.nexoinformativo.mx\/index.php\/wp-json\/wp\/v2\/types\/post"}],"author":[{"embeddable":true,"href":"https:\/\/www.nexoinformativo.mx\/index.php\/wp-json\/wp\/v2\/users\/3"}],"replies":[{"embeddable":true,"href":"https:\/\/www.nexoinformativo.mx\/index.php\/wp-json\/wp\/v2\/comments?post=8753"}],"version-history":[{"count":3,"href":"https:\/\/www.nexoinformativo.mx\/index.php\/wp-json\/wp\/v2\/posts\/8753\/revisions"}],"predecessor-version":[{"id":8757,"href":"https:\/\/www.nexoinformativo.mx\/index.php\/wp-json\/wp\/v2\/posts\/8753\/revisions\/8757"}],"wp:featuredmedia":[{"embeddable":true,"href":"https:\/\/www.nexoinformativo.mx\/index.php\/wp-json\/wp\/v2\/media\/8754"}],"wp:attachment":[{"href":"https:\/\/www.nexoinformativo.mx\/index.php\/wp-json\/wp\/v2\/media?parent=8753"}],"wp:term":[{"taxonomy":"category","embeddable":true,"href":"https:\/\/www.nexoinformativo.mx\/index.php\/wp-json\/wp\/v2\/categories?post=8753"},{"taxonomy":"post_tag","embeddable":true,"href":"https:\/\/www.nexoinformativo.mx\/index.php\/wp-json\/wp\/v2\/tags?post=8753"}],"curies":[{"name":"wp","href":"https:\/\/api.w.org\/{rel}","templated":true}]}}