{"id":8768,"date":"2024-12-24T09:00:09","date_gmt":"2024-12-24T15:00:09","guid":{"rendered":"https:\/\/www.nexoinformativo.mx\/?p=8768"},"modified":"2024-12-24T11:41:22","modified_gmt":"2024-12-24T17:41:22","slug":"aumento-al-salario-minimo-2025-a-quienes-no-les-aplicara-este-incremento","status":"publish","type":"post","link":"https:\/\/www.nexoinformativo.mx\/index.php\/2024\/12\/24\/aumento-al-salario-minimo-2025-a-quienes-no-les-aplicara-este-incremento\/","title":{"rendered":"Aumento al salario m\u00ednimo 2025: \u00bfA qui\u00e9nes no les aplicar\u00e1 este incremento?"},"content":{"rendered":"<p style=\"text-align: left;\" data-sourcepos=\"11:1-11:170\">Aunque el salario m\u00ednimo en M\u00e9xico ha tenido un incremento del 12% a partir del 1 de enero de 2025, no todos los trabajadores se ver\u00e1n beneficiados de manera directa.<\/p>\n<p>&nbsp;<\/p>\n<p style=\"text-align: justify;\" data-sourcepos=\"13:1-13:255\">Si bien este aumento es un avance significativo para mejorar las condiciones laborales de muchos mexicanos, es importante destacar que existen ciertas excepciones y condiciones que podr\u00edan impedir que algunos trabajadores reciban este incremento salarial.<\/p>\n<p>&nbsp;<\/p>\n<p style=\"text-align: justify;\" data-sourcepos=\"15:1-15:53\"><strong>\u00bfQui\u00e9nes no tendr\u00e1n el aumento al salario m\u00ednimo?<\/strong><\/p>\n<p>&nbsp;<\/p>\n<ul style=\"text-align: justify;\" data-sourcepos=\"17:1-21:0\">\n<li data-sourcepos=\"17:1-17:305\"><strong>Trabajadores con sueldos superiores al m\u00ednimo:<\/strong> Aquellos empleados que ya perciben un salario mayor al m\u00ednimo establecido no est\u00e1n obligados a recibir un aumento proporcional, ya que sus remuneraciones se rigen por las pol\u00edticas internas de cada empresa o por negociaciones individuales o colectivas.<\/li>\n<li data-sourcepos=\"18:1-18:317\"><strong>Trabajadores por honorarios: <\/strong>Las personas que trabajan bajo este esquema, como freelancers o consultores, no est\u00e1n sujetas a las disposiciones de la Ley Federal del Trabajo (LFT) en materia de salario m\u00ednimo. Sus ingresos se determinan por acuerdos individuales y no se ven afectados por los aumentos generales.<\/li>\n<li data-sourcepos=\"19:1-19:294\"><strong>Trabajadores por comisiones:<\/strong> Los empleados que perciben ingresos principalmente por comisiones, como vendedores o agentes de ventas, no recibir\u00e1n un aumento directo en su salario base. Sin embargo, es posible que sus comisiones se ajusten en funci\u00f3n de las nuevas condiciones del mercado.<\/li>\n<li data-sourcepos=\"20:1-21:0\"><strong>Trabajadores del sector informal:<\/strong> Las personas que trabajan en la econom\u00eda informal, sin una relaci\u00f3n laboral formal, no est\u00e1n cubiertas por las disposiciones legales que establecen el salario m\u00ednimo.<\/li>\n<\/ul>\n<p>&nbsp;<\/p>\n<p style=\"text-align: justify;\" data-sourcepos=\"22:1-22:195\">Es importante destacar que, aunque estas personas no tengan un aumento directo en su salario m\u00ednimo, tienen derecho a exigir condiciones laborales justas y a negociar mejoras en sus ingresos.<\/p>\n<p>&nbsp;<\/p>\n<p style=\"text-align: justify;\" data-sourcepos=\"26:1-26:211\">Si consideras que tienes derecho al aumento del salario m\u00ednimo y no lo est\u00e1s recibiendo, te recomendamos que te informes sobre tus derechos laborales y que consultes a un abogado especialista en materia laboral.<\/p>\n<p>&nbsp;<\/p>\n<p style=\"text-align: center;\" data-sourcepos=\"26:1-26:211\"><em><strong>\u00a1Informaci\u00f3n que transforma!<\/strong><\/em><\/p>\n","protected":false},"excerpt":{"rendered":"<p>Aunque el salario m\u00ednimo en M\u00e9xico ha tenido un incremento del 12% a partir del 1 de enero de 2025, no todos los trabajadores se ver\u00e1n beneficiados de manera directa.<\/p>\n","protected":false},"author":3,"featured_media":8781,"comment_status":"open","ping_status":"open","sticky":false,"template":"","format":"standard","meta":{"footnotes":""},"categories":[5,88,58],"tags":[1511,141,2814,2815],"class_list":["post-8768","post","type-post","status-publish","format-standard","has-post-thumbnail","hentry","category-economia","category-nacional","category-ultima-hora","tag-derechoslaborales","tag-economia","tag-salariominimo","tag-trabajo"],"yoast_head":"<!-- This site is optimized with the Yoast SEO plugin v25.0 - https:\/\/yoast.com\/wordpress\/plugins\/seo\/ -->\n<title>Aumento al salario m\u00ednimo 2025: \u00bfA qui\u00e9nes no les aplicar\u00e1 este incremento? | Nexo Informativo Santiago de Quer\u00e9taro<\/title>\n<meta name=\"description\" content=\"Aumento al salario m\u00ednimo 2025: \u00bfA qui\u00e9nes no les aplicar\u00e1 este incremento?\" \/>\n<meta name=\"robots\" content=\"index, follow, max-snippet:-1, max-image-preview:large, max-video-preview:-1\" \/>\n<link rel=\"canonical\" href=\"https:\/\/www.nexoinformativo.mx\/index.php\/2024\/12\/24\/aumento-al-salario-minimo-2025-a-quienes-no-les-aplicara-este-incremento\/\" \/>\n<meta property=\"og:locale\" content=\"es_MX\" \/>\n<meta property=\"og:type\" content=\"article\" \/>\n<meta property=\"og:title\" content=\"Aumento al salario m\u00ednimo 2025: \u00bfA qui\u00e9nes no les aplicar\u00e1 este incremento? | Nexo Informativo Santiago de Quer\u00e9taro\" \/>\n<meta property=\"og:description\" content=\"Aumento al salario m\u00ednimo 2025: \u00bfA qui\u00e9nes no les aplicar\u00e1 este incremento?\" \/>\n<meta property=\"og:url\" content=\"https:\/\/www.nexoinformativo.mx\/index.php\/2024\/12\/24\/aumento-al-salario-minimo-2025-a-quienes-no-les-aplicara-este-incremento\/\" \/>\n<meta property=\"og:site_name\" content=\"Nexo Informativo Santiago de Quer\u00e9taro\" \/>\n<meta property=\"article:publisher\" content=\"https:\/\/www.facebook.com\/people\/Nexo-Informativo\/61564066885511\/\" \/>\n<meta property=\"article:published_time\" content=\"2024-12-24T15:00:09+00:00\" \/>\n<meta property=\"article:modified_time\" content=\"2024-12-24T17:41:22+00:00\" \/>\n<meta property=\"og:image\" content=\"https:\/\/www.nexoinformativo.mx\/wp-content\/uploads\/2024\/12\/images-2.jpeg\" \/>\n\t<meta property=\"og:image:width\" content=\"452\" \/>\n\t<meta property=\"og:image:height\" content=\"678\" \/>\n\t<meta property=\"og:image:type\" content=\"image\/jpeg\" \/>\n<meta name=\"author\" content=\"Nexo Informativo\" \/>\n<meta name=\"twitter:card\" content=\"summary_large_image\" \/>\n<meta name=\"twitter:label1\" content=\"Escrito por\" \/>\n\t<meta name=\"twitter:data1\" content=\"Nexo Informativo\" \/>\n\t<meta name=\"twitter:label2\" content=\"Tiempo de lectura\" \/>\n\t<meta name=\"twitter:data2\" content=\"2 minutos\" \/>\n<script type=\"application\/ld+json\" class=\"yoast-schema-graph\">{\"@context\":\"https:\/\/schema.org\",\"@graph\":[{\"@type\":\"Article\",\"@id\":\"https:\/\/www.nexoinformativo.mx\/index.php\/2024\/12\/24\/aumento-al-salario-minimo-2025-a-quienes-no-les-aplicara-este-incremento\/#article\",\"isPartOf\":{\"@id\":\"https:\/\/www.nexoinformativo.mx\/index.php\/2024\/12\/24\/aumento-al-salario-minimo-2025-a-quienes-no-les-aplicara-este-incremento\/\"},\"author\":{\"name\":\"Nexo Informativo\",\"@id\":\"https:\/\/www.nexoinformativo.mx\/#\/schema\/person\/7749d380ba08c8ca00d7bc76fd907b7d\"},\"headline\":\"Aumento al salario m\u00ednimo 2025: \u00bfA qui\u00e9nes no les aplicar\u00e1 este incremento?\",\"datePublished\":\"2024-12-24T15:00:09+00:00\",\"dateModified\":\"2024-12-24T17:41:22+00:00\",\"mainEntityOfPage\":{\"@id\":\"https:\/\/www.nexoinformativo.mx\/index.php\/2024\/12\/24\/aumento-al-salario-minimo-2025-a-quienes-no-les-aplicara-este-incremento\/\"},\"wordCount\":343,\"commentCount\":0,\"publisher\":{\"@id\":\"https:\/\/www.nexoinformativo.mx\/#organization\"},\"image\":{\"@id\":\"https:\/\/www.nexoinformativo.mx\/index.php\/2024\/12\/24\/aumento-al-salario-minimo-2025-a-quienes-no-les-aplicara-este-incremento\/#primaryimage\"},\"thumbnailUrl\":\"https:\/\/www.nexoinformativo.mx\/wp-content\/uploads\/2024\/12\/images-2.jpeg\",\"keywords\":[\"DerechosLaborales\",\"Economia\",\"SalarioM\u00ednimo\",\"Trabajo\"],\"articleSection\":[\"Econom\u00eda\",\"Nacional\",\"\u00daltima Hora\"],\"inLanguage\":\"es\",\"potentialAction\":[{\"@type\":\"CommentAction\",\"name\":\"Comment\",\"target\":[\"https:\/\/www.nexoinformativo.mx\/index.php\/2024\/12\/24\/aumento-al-salario-minimo-2025-a-quienes-no-les-aplicara-este-incremento\/#respond\"]}]},{\"@type\":\"WebPage\",\"@id\":\"https:\/\/www.nexoinformativo.mx\/index.php\/2024\/12\/24\/aumento-al-salario-minimo-2025-a-quienes-no-les-aplicara-este-incremento\/\",\"url\":\"https:\/\/www.nexoinformativo.mx\/index.php\/2024\/12\/24\/aumento-al-salario-minimo-2025-a-quienes-no-les-aplicara-este-incremento\/\",\"name\":\"Aumento al salario m\u00ednimo 2025: \u00bfA qui\u00e9nes no les aplicar\u00e1 este incremento? | Nexo Informativo Santiago de Quer\u00e9taro\",\"isPartOf\":{\"@id\":\"https:\/\/www.nexoinformativo.mx\/#website\"},\"primaryImageOfPage\":{\"@id\":\"https:\/\/www.nexoinformativo.mx\/index.php\/2024\/12\/24\/aumento-al-salario-minimo-2025-a-quienes-no-les-aplicara-este-incremento\/#primaryimage\"},\"image\":{\"@id\":\"https:\/\/www.nexoinformativo.mx\/index.php\/2024\/12\/24\/aumento-al-salario-minimo-2025-a-quienes-no-les-aplicara-este-incremento\/#primaryimage\"},\"thumbnailUrl\":\"https:\/\/www.nexoinformativo.mx\/wp-content\/uploads\/2024\/12\/images-2.jpeg\",\"datePublished\":\"2024-12-24T15:00:09+00:00\",\"dateModified\":\"2024-12-24T17:41:22+00:00\",\"description\":\"Aumento al salario m\u00ednimo 2025: \u00bfA qui\u00e9nes no les aplicar\u00e1 este incremento?\",\"breadcrumb\":{\"@id\":\"https:\/\/www.nexoinformativo.mx\/index.php\/2024\/12\/24\/aumento-al-salario-minimo-2025-a-quienes-no-les-aplicara-este-incremento\/#breadcrumb\"},\"inLanguage\":\"es\",\"potentialAction\":[{\"@type\":\"ReadAction\",\"target\":[\"https:\/\/www.nexoinformativo.mx\/index.php\/2024\/12\/24\/aumento-al-salario-minimo-2025-a-quienes-no-les-aplicara-este-incremento\/\"]}]},{\"@type\":\"ImageObject\",\"inLanguage\":\"es\",\"@id\":\"https:\/\/www.nexoinformativo.mx\/index.php\/2024\/12\/24\/aumento-al-salario-minimo-2025-a-quienes-no-les-aplicara-este-incremento\/#primaryimage\",\"url\":\"https:\/\/www.nexoinformativo.mx\/wp-content\/uploads\/2024\/12\/images-2.jpeg\",\"contentUrl\":\"https:\/\/www.nexoinformativo.mx\/wp-content\/uploads\/2024\/12\/images-2.jpeg\",\"width\":452,\"height\":678},{\"@type\":\"BreadcrumbList\",\"@id\":\"https:\/\/www.nexoinformativo.mx\/index.php\/2024\/12\/24\/aumento-al-salario-minimo-2025-a-quienes-no-les-aplicara-este-incremento\/#breadcrumb\",\"itemListElement\":[{\"@type\":\"ListItem\",\"position\":1,\"name\":\"Inicio\",\"item\":\"https:\/\/www.nexoinformativo.mx\/\"},{\"@type\":\"ListItem\",\"position\":2,\"name\":\"Aumento al salario m\u00ednimo 2025: \u00bfA qui\u00e9nes no les aplicar\u00e1 este incremento?\"}]},{\"@type\":\"WebSite\",\"@id\":\"https:\/\/www.nexoinformativo.mx\/#website\",\"url\":\"https:\/\/www.nexoinformativo.mx\/\",\"name\":\"Nexo Informativo Santiago de Quer\u00e9taro\",\"description\":\"Explora NexoInformativo y convi\u00e9rtete en parte de una comunidad que valora el conocimiento y la verdad. Tu nexoinformativo es tu puente hacia una comprensi\u00f3n m\u00e1s profunda del mundo que te rodea.\",\"publisher\":{\"@id\":\"https:\/\/www.nexoinformativo.mx\/#organization\"},\"potentialAction\":[{\"@type\":\"SearchAction\",\"target\":{\"@type\":\"EntryPoint\",\"urlTemplate\":\"https:\/\/www.nexoinformativo.mx\/?s={search_term_string}\"},\"query-input\":{\"@type\":\"PropertyValueSpecification\",\"valueRequired\":true,\"valueName\":\"search_term_string\"}}],\"inLanguage\":\"es\"},{\"@type\":\"Organization\",\"@id\":\"https:\/\/www.nexoinformativo.mx\/#organization\",\"name\":\"Nexo Informativo Santiago de Quer\u00e9taro\",\"url\":\"https:\/\/www.nexoinformativo.mx\/\",\"logo\":{\"@type\":\"ImageObject\",\"inLanguage\":\"es\",\"@id\":\"https:\/\/www.nexoinformativo.mx\/#\/schema\/logo\/image\/\",\"url\":\"https:\/\/www.nexoinformativo.mx\/wp-content\/uploads\/2024\/07\/nexoi-trasparente-2.png\",\"contentUrl\":\"https:\/\/www.nexoinformativo.mx\/wp-content\/uploads\/2024\/07\/nexoi-trasparente-2.png\",\"width\":816,\"height\":339,\"caption\":\"Nexo Informativo Santiago de Quer\u00e9taro\"},\"image\":{\"@id\":\"https:\/\/www.nexoinformativo.mx\/#\/schema\/logo\/image\/\"},\"sameAs\":[\"https:\/\/www.facebook.com\/people\/Nexo-Informativo\/61564066885511\/\"]},{\"@type\":\"Person\",\"@id\":\"https:\/\/www.nexoinformativo.mx\/#\/schema\/person\/7749d380ba08c8ca00d7bc76fd907b7d\",\"name\":\"Nexo Informativo\",\"image\":{\"@type\":\"ImageObject\",\"inLanguage\":\"es\",\"@id\":\"https:\/\/www.nexoinformativo.mx\/#\/schema\/person\/image\/\",\"url\":\"https:\/\/secure.gravatar.com\/avatar\/dde2928154642a13d95f87ddf1ea9718fe2b46760a005c53e41ff5ad610704e6?s=96&d=mm&r=g\",\"contentUrl\":\"https:\/\/secure.gravatar.com\/avatar\/dde2928154642a13d95f87ddf1ea9718fe2b46760a005c53e41ff5ad610704e6?s=96&d=mm&r=g\",\"caption\":\"Nexo Informativo\"},\"url\":\"https:\/\/www.nexoinformativo.mx\/index.php\/author\/edicion\/\"}]}<\/script>\n<!-- \/ Yoast SEO plugin. -->","yoast_head_json":{"title":"Aumento al salario m\u00ednimo 2025: \u00bfA qui\u00e9nes no les aplicar\u00e1 este incremento? | Nexo Informativo Santiago de Quer\u00e9taro","description":"Aumento al salario m\u00ednimo 2025: \u00bfA qui\u00e9nes no les aplicar\u00e1 este incremento?","robots":{"index":"index","follow":"follow","max-snippet":"max-snippet:-1","max-image-preview":"max-image-preview:large","max-video-preview":"max-video-preview:-1"},"canonical":"https:\/\/www.nexoinformativo.mx\/index.php\/2024\/12\/24\/aumento-al-salario-minimo-2025-a-quienes-no-les-aplicara-este-incremento\/","og_locale":"es_MX","og_type":"article","og_title":"Aumento al salario m\u00ednimo 2025: \u00bfA qui\u00e9nes no les aplicar\u00e1 este incremento? | Nexo Informativo Santiago de Quer\u00e9taro","og_description":"Aumento al salario m\u00ednimo 2025: \u00bfA qui\u00e9nes no les aplicar\u00e1 este incremento?","og_url":"https:\/\/www.nexoinformativo.mx\/index.php\/2024\/12\/24\/aumento-al-salario-minimo-2025-a-quienes-no-les-aplicara-este-incremento\/","og_site_name":"Nexo Informativo Santiago de Quer\u00e9taro","article_publisher":"https:\/\/www.facebook.com\/people\/Nexo-Informativo\/61564066885511\/","article_published_time":"2024-12-24T15:00:09+00:00","article_modified_time":"2024-12-24T17:41:22+00:00","og_image":[{"width":452,"height":678,"url":"https:\/\/www.nexoinformativo.mx\/wp-content\/uploads\/2024\/12\/images-2.jpeg","type":"image\/jpeg"}],"author":"Nexo Informativo","twitter_card":"summary_large_image","twitter_misc":{"Escrito por":"Nexo Informativo","Tiempo de lectura":"2 minutos"},"schema":{"@context":"https:\/\/schema.org","@graph":[{"@type":"Article","@id":"https:\/\/www.nexoinformativo.mx\/index.php\/2024\/12\/24\/aumento-al-salario-minimo-2025-a-quienes-no-les-aplicara-este-incremento\/#article","isPartOf":{"@id":"https:\/\/www.nexoinformativo.mx\/index.php\/2024\/12\/24\/aumento-al-salario-minimo-2025-a-quienes-no-les-aplicara-este-incremento\/"},"author":{"name":"Nexo Informativo","@id":"https:\/\/www.nexoinformativo.mx\/#\/schema\/person\/7749d380ba08c8ca00d7bc76fd907b7d"},"headline":"Aumento al salario m\u00ednimo 2025: \u00bfA qui\u00e9nes no les aplicar\u00e1 este incremento?","datePublished":"2024-12-24T15:00:09+00:00","dateModified":"2024-12-24T17:41:22+00:00","mainEntityOfPage":{"@id":"https:\/\/www.nexoinformativo.mx\/index.php\/2024\/12\/24\/aumento-al-salario-minimo-2025-a-quienes-no-les-aplicara-este-incremento\/"},"wordCount":343,"commentCount":0,"publisher":{"@id":"https:\/\/www.nexoinformativo.mx\/#organization"},"image":{"@id":"https:\/\/www.nexoinformativo.mx\/index.php\/2024\/12\/24\/aumento-al-salario-minimo-2025-a-quienes-no-les-aplicara-este-incremento\/#primaryimage"},"thumbnailUrl":"https:\/\/www.nexoinformativo.mx\/wp-content\/uploads\/2024\/12\/images-2.jpeg","keywords":["DerechosLaborales","Economia","SalarioM\u00ednimo","Trabajo"],"articleSection":["Econom\u00eda","Nacional","\u00daltima Hora"],"inLanguage":"es","potentialAction":[{"@type":"CommentAction","name":"Comment","target":["https:\/\/www.nexoinformativo.mx\/index.php\/2024\/12\/24\/aumento-al-salario-minimo-2025-a-quienes-no-les-aplicara-este-incremento\/#respond"]}]},{"@type":"WebPage","@id":"https:\/\/www.nexoinformativo.mx\/index.php\/2024\/12\/24\/aumento-al-salario-minimo-2025-a-quienes-no-les-aplicara-este-incremento\/","url":"https:\/\/www.nexoinformativo.mx\/index.php\/2024\/12\/24\/aumento-al-salario-minimo-2025-a-quienes-no-les-aplicara-este-incremento\/","name":"Aumento al salario m\u00ednimo 2025: \u00bfA qui\u00e9nes no les aplicar\u00e1 este incremento? | Nexo Informativo Santiago de Quer\u00e9taro","isPartOf":{"@id":"https:\/\/www.nexoinformativo.mx\/#website"},"primaryImageOfPage":{"@id":"https:\/\/www.nexoinformativo.mx\/index.php\/2024\/12\/24\/aumento-al-salario-minimo-2025-a-quienes-no-les-aplicara-este-incremento\/#primaryimage"},"image":{"@id":"https:\/\/www.nexoinformativo.mx\/index.php\/2024\/12\/24\/aumento-al-salario-minimo-2025-a-quienes-no-les-aplicara-este-incremento\/#primaryimage"},"thumbnailUrl":"https:\/\/www.nexoinformativo.mx\/wp-content\/uploads\/2024\/12\/images-2.jpeg","datePublished":"2024-12-24T15:00:09+00:00","dateModified":"2024-12-24T17:41:22+00:00","description":"Aumento al salario m\u00ednimo 2025: \u00bfA qui\u00e9nes no les aplicar\u00e1 este incremento?","breadcrumb":{"@id":"https:\/\/www.nexoinformativo.mx\/index.php\/2024\/12\/24\/aumento-al-salario-minimo-2025-a-quienes-no-les-aplicara-este-incremento\/#breadcrumb"},"inLanguage":"es","potentialAction":[{"@type":"ReadAction","target":["https:\/\/www.nexoinformativo.mx\/index.php\/2024\/12\/24\/aumento-al-salario-minimo-2025-a-quienes-no-les-aplicara-este-incremento\/"]}]},{"@type":"ImageObject","inLanguage":"es","@id":"https:\/\/www.nexoinformativo.mx\/index.php\/2024\/12\/24\/aumento-al-salario-minimo-2025-a-quienes-no-les-aplicara-este-incremento\/#primaryimage","url":"https:\/\/www.nexoinformativo.mx\/wp-content\/uploads\/2024\/12\/images-2.jpeg","contentUrl":"https:\/\/www.nexoinformativo.mx\/wp-content\/uploads\/2024\/12\/images-2.jpeg","width":452,"height":678},{"@type":"BreadcrumbList","@id":"https:\/\/www.nexoinformativo.mx\/index.php\/2024\/12\/24\/aumento-al-salario-minimo-2025-a-quienes-no-les-aplicara-este-incremento\/#breadcrumb","itemListElement":[{"@type":"ListItem","position":1,"name":"Inicio","item":"https:\/\/www.nexoinformativo.mx\/"},{"@type":"ListItem","position":2,"name":"Aumento al salario m\u00ednimo 2025: \u00bfA qui\u00e9nes no les aplicar\u00e1 este incremento?"}]},{"@type":"WebSite","@id":"https:\/\/www.nexoinformativo.mx\/#website","url":"https:\/\/www.nexoinformativo.mx\/","name":"Nexo Informativo Santiago de Quer\u00e9taro","description":"Explora NexoInformativo y convi\u00e9rtete en parte de una comunidad que valora el conocimiento y la verdad. Tu nexoinformativo es tu puente hacia una comprensi\u00f3n m\u00e1s profunda del mundo que te rodea.","publisher":{"@id":"https:\/\/www.nexoinformativo.mx\/#organization"},"potentialAction":[{"@type":"SearchAction","target":{"@type":"EntryPoint","urlTemplate":"https:\/\/www.nexoinformativo.mx\/?s={search_term_string}"},"query-input":{"@type":"PropertyValueSpecification","valueRequired":true,"valueName":"search_term_string"}}],"inLanguage":"es"},{"@type":"Organization","@id":"https:\/\/www.nexoinformativo.mx\/#organization","name":"Nexo Informativo Santiago de Quer\u00e9taro","url":"https:\/\/www.nexoinformativo.mx\/","logo":{"@type":"ImageObject","inLanguage":"es","@id":"https:\/\/www.nexoinformativo.mx\/#\/schema\/logo\/image\/","url":"https:\/\/www.nexoinformativo.mx\/wp-content\/uploads\/2024\/07\/nexoi-trasparente-2.png","contentUrl":"https:\/\/www.nexoinformativo.mx\/wp-content\/uploads\/2024\/07\/nexoi-trasparente-2.png","width":816,"height":339,"caption":"Nexo Informativo Santiago de Quer\u00e9taro"},"image":{"@id":"https:\/\/www.nexoinformativo.mx\/#\/schema\/logo\/image\/"},"sameAs":["https:\/\/www.facebook.com\/people\/Nexo-Informativo\/61564066885511\/"]},{"@type":"Person","@id":"https:\/\/www.nexoinformativo.mx\/#\/schema\/person\/7749d380ba08c8ca00d7bc76fd907b7d","name":"Nexo Informativo","image":{"@type":"ImageObject","inLanguage":"es","@id":"https:\/\/www.nexoinformativo.mx\/#\/schema\/person\/image\/","url":"https:\/\/secure.gravatar.com\/avatar\/dde2928154642a13d95f87ddf1ea9718fe2b46760a005c53e41ff5ad610704e6?s=96&d=mm&r=g","contentUrl":"https:\/\/secure.gravatar.com\/avatar\/dde2928154642a13d95f87ddf1ea9718fe2b46760a005c53e41ff5ad610704e6?s=96&d=mm&r=g","caption":"Nexo Informativo"},"url":"https:\/\/www.nexoinformativo.mx\/index.php\/author\/edicion\/"}]}},"_links":{"self":[{"href":"https:\/\/www.nexoinformativo.mx\/index.php\/wp-json\/wp\/v2\/posts\/8768","targetHints":{"allow":["GET"]}}],"collection":[{"href":"https:\/\/www.nexoinformativo.mx\/index.php\/wp-json\/wp\/v2\/posts"}],"about":[{"href":"https:\/\/www.nexoinformativo.mx\/index.php\/wp-json\/wp\/v2\/types\/post"}],"author":[{"embeddable":true,"href":"https:\/\/www.nexoinformativo.mx\/index.php\/wp-json\/wp\/v2\/users\/3"}],"replies":[{"embeddable":true,"href":"https:\/\/www.nexoinformativo.mx\/index.php\/wp-json\/wp\/v2\/comments?post=8768"}],"version-history":[{"count":5,"href":"https:\/\/www.nexoinformativo.mx\/index.php\/wp-json\/wp\/v2\/posts\/8768\/revisions"}],"predecessor-version":[{"id":8782,"href":"https:\/\/www.nexoinformativo.mx\/index.php\/wp-json\/wp\/v2\/posts\/8768\/revisions\/8782"}],"wp:featuredmedia":[{"embeddable":true,"href":"https:\/\/www.nexoinformativo.mx\/index.php\/wp-json\/wp\/v2\/media\/8781"}],"wp:attachment":[{"href":"https:\/\/www.nexoinformativo.mx\/index.php\/wp-json\/wp\/v2\/media?parent=8768"}],"wp:term":[{"taxonomy":"category","embeddable":true,"href":"https:\/\/www.nexoinformativo.mx\/index.php\/wp-json\/wp\/v2\/categories?post=8768"},{"taxonomy":"post_tag","embeddable":true,"href":"https:\/\/www.nexoinformativo.mx\/index.php\/wp-json\/wp\/v2\/tags?post=8768"}],"curies":[{"name":"wp","href":"https:\/\/api.w.org\/{rel}","templated":true}]}}