{"id":8784,"date":"2024-12-24T11:00:32","date_gmt":"2024-12-24T17:00:32","guid":{"rendered":"https:\/\/www.nexoinformativo.mx\/?p=8784"},"modified":"2024-12-24T12:30:09","modified_gmt":"2024-12-24T18:30:09","slug":"queretaro-y-corea-del-sur-fortalecen-lazos-comerciales-para-impulsar-a-las-pymes","status":"publish","type":"post","link":"https:\/\/www.nexoinformativo.mx\/index.php\/2024\/12\/24\/queretaro-y-corea-del-sur-fortalecen-lazos-comerciales-para-impulsar-a-las-pymes\/","title":{"rendered":"Quer\u00e9taro y Corea del Sur fortalecen lazos comerciales para impulsar a las PYMES"},"content":{"rendered":"<p style=\"text-align: justify;\" data-sourcepos=\"11:1-11:349\">Las peque\u00f1as y medianas empresas (PYMES) de Quer\u00e9taro est\u00e1n explorando nuevas oportunidades de negocio en el mercado surcoreano.<\/p>\n<p>&nbsp;<\/p>\n<p style=\"text-align: justify;\" data-sourcepos=\"11:1-11:349\">En una reciente reuni\u00f3n organizada por la Asociaci\u00f3n de Mipymes Industriales de Quer\u00e9taro (AMIQRO), empresarios locales tuvieron la oportunidad de conocer de primera mano las potencialidades de este mercado asi\u00e1tico.<\/p>\n<p>&nbsp;<\/p>\n<p style=\"text-align: justify;\" data-sourcepos=\"13:1-13:371\">Corea del Sur, reconocida por su dinamismo econ\u00f3mico y su alta tecnolog\u00eda, representa un mercado atractivo para las empresas queretanas.<\/p>\n<p>&nbsp;<\/p>\n<p style=\"text-align: justify;\" data-sourcepos=\"13:1-13:371\">Seg\u00fan Mois\u00e9s Ju\u00e1rez, Encargado de Relaciones Gubernamentales e Institucionales de KOTRA, existen numerosas oportunidades para exportar productos mexicanos como el aguacate, el tequila, el mezcal y otros productos agroalimentarios.<\/p>\n<p>&nbsp;<\/p>\n<p style=\"text-align: justify;\" data-sourcepos=\"15:1-15:262\">Por su parte, las empresas coreanas muestran un gran inter\u00e9s en productos mexicanos como el aceite de aguacate, la ch\u00eda y la nuez. Adem\u00e1s, el mercado surcoreano ofrece oportunidades en sectores como la manufactura, la energ\u00eda y las tecnolog\u00edas de la informaci\u00f3n.<\/p>\n<p>&nbsp;<\/p>\n<p style=\"text-align: justify;\" data-sourcepos=\"17:1-17:229\">La colaboraci\u00f3n entre M\u00e9xico y Corea del Sur se ha fortalecido en los \u00faltimos a\u00f1os. Actualmente, hay m\u00e1s de 2 mil 200 empresas coreanas operando en M\u00e9xico, lo que demuestra el inter\u00e9s de este pa\u00eds asi\u00e1tico en nuestro mercado.<\/p>\n<p>&nbsp;<\/p>\n<p style=\"text-align: justify;\" data-sourcepos=\"19:1-19:327\">Para las PYMES queretanas, esta alianza representa una oportunidad para acceder a nuevos mercados, diversificar sus exportaciones y fortalecer su competitividad.<\/p>\n<p>&nbsp;<\/p>\n<p style=\"text-align: justify;\" data-sourcepos=\"19:1-19:327\">La AMIQRO, a trav\u00e9s de este tipo de iniciativas, busca brindar a sus asociados las herramientas y el conocimiento necesarios para aprovechar estas oportunidades.<\/p>\n<p>&nbsp;<\/p>\n<p style=\"text-align: center;\" data-sourcepos=\"19:1-19:327\"><em><strong>\u00a1Informaci\u00f3n que transforma!<\/strong><\/em><\/p>\n","protected":false},"excerpt":{"rendered":"<p>Las peque\u00f1as y medianas empresas (PYMES) de Quer\u00e9taro est\u00e1n explorando nuevas oportunidades de negocio en el mercado surcoreano.<\/p>\n","protected":false},"author":3,"featured_media":8785,"comment_status":"open","ping_status":"open","sticky":false,"template":"","format":"standard","meta":{"footnotes":""},"categories":[5,42,58],"tags":[1438,2819,2818,133],"class_list":["post-8784","post","type-post","status-publish","format-standard","has-post-thumbnail","hentry","category-economia","category-estado","category-ultima-hora","tag-comercioexterior","tag-coreadelsur","tag-pymes","tag-queretaro"],"yoast_head":"<!-- This site is optimized with the Yoast SEO plugin v25.0 - https:\/\/yoast.com\/wordpress\/plugins\/seo\/ -->\n<title>Quer\u00e9taro y Corea del Sur fortalecen lazos comerciales para impulsar a las PYMES | Nexo Informativo Santiago de Quer\u00e9taro<\/title>\n<meta name=\"description\" content=\"Quer\u00e9taro y Corea del Sur fortalecen lazos comerciales para impulsar a las PYMES\" \/>\n<meta name=\"robots\" content=\"index, follow, max-snippet:-1, max-image-preview:large, max-video-preview:-1\" \/>\n<link rel=\"canonical\" href=\"https:\/\/www.nexoinformativo.mx\/index.php\/2024\/12\/24\/queretaro-y-corea-del-sur-fortalecen-lazos-comerciales-para-impulsar-a-las-pymes\/\" \/>\n<meta property=\"og:locale\" content=\"es_MX\" \/>\n<meta property=\"og:type\" content=\"article\" \/>\n<meta property=\"og:title\" content=\"Quer\u00e9taro y Corea del Sur fortalecen lazos comerciales para impulsar a las PYMES | Nexo Informativo Santiago de Quer\u00e9taro\" \/>\n<meta property=\"og:description\" content=\"Quer\u00e9taro y Corea del Sur fortalecen lazos comerciales para impulsar a las PYMES\" \/>\n<meta property=\"og:url\" content=\"https:\/\/www.nexoinformativo.mx\/index.php\/2024\/12\/24\/queretaro-y-corea-del-sur-fortalecen-lazos-comerciales-para-impulsar-a-las-pymes\/\" \/>\n<meta property=\"og:site_name\" content=\"Nexo Informativo Santiago de Quer\u00e9taro\" \/>\n<meta property=\"article:publisher\" content=\"https:\/\/www.facebook.com\/people\/Nexo-Informativo\/61564066885511\/\" \/>\n<meta property=\"article:published_time\" content=\"2024-12-24T17:00:32+00:00\" \/>\n<meta property=\"article:modified_time\" content=\"2024-12-24T18:30:09+00:00\" \/>\n<meta property=\"og:image\" content=\"https:\/\/www.nexoinformativo.mx\/wp-content\/uploads\/2024\/12\/PHOTO-2024-12-24-11-15-06-e1735064854862.jpg\" \/>\n\t<meta property=\"og:image:width\" content=\"800\" \/>\n\t<meta property=\"og:image:height\" content=\"533\" \/>\n\t<meta property=\"og:image:type\" content=\"image\/jpeg\" \/>\n<meta name=\"author\" content=\"Nexo Informativo\" \/>\n<meta name=\"twitter:card\" content=\"summary_large_image\" \/>\n<meta name=\"twitter:label1\" content=\"Escrito por\" \/>\n\t<meta name=\"twitter:data1\" content=\"Nexo Informativo\" \/>\n\t<meta name=\"twitter:label2\" content=\"Tiempo de lectura\" \/>\n\t<meta name=\"twitter:data2\" content=\"2 minutos\" \/>\n<script type=\"application\/ld+json\" class=\"yoast-schema-graph\">{\"@context\":\"https:\/\/schema.org\",\"@graph\":[{\"@type\":\"Article\",\"@id\":\"https:\/\/www.nexoinformativo.mx\/index.php\/2024\/12\/24\/queretaro-y-corea-del-sur-fortalecen-lazos-comerciales-para-impulsar-a-las-pymes\/#article\",\"isPartOf\":{\"@id\":\"https:\/\/www.nexoinformativo.mx\/index.php\/2024\/12\/24\/queretaro-y-corea-del-sur-fortalecen-lazos-comerciales-para-impulsar-a-las-pymes\/\"},\"author\":{\"name\":\"Nexo Informativo\",\"@id\":\"https:\/\/www.nexoinformativo.mx\/#\/schema\/person\/7749d380ba08c8ca00d7bc76fd907b7d\"},\"headline\":\"Quer\u00e9taro y Corea del Sur fortalecen lazos comerciales para impulsar a las PYMES\",\"datePublished\":\"2024-12-24T17:00:32+00:00\",\"dateModified\":\"2024-12-24T18:30:09+00:00\",\"mainEntityOfPage\":{\"@id\":\"https:\/\/www.nexoinformativo.mx\/index.php\/2024\/12\/24\/queretaro-y-corea-del-sur-fortalecen-lazos-comerciales-para-impulsar-a-las-pymes\/\"},\"wordCount\":274,\"commentCount\":0,\"publisher\":{\"@id\":\"https:\/\/www.nexoinformativo.mx\/#organization\"},\"image\":{\"@id\":\"https:\/\/www.nexoinformativo.mx\/index.php\/2024\/12\/24\/queretaro-y-corea-del-sur-fortalecen-lazos-comerciales-para-impulsar-a-las-pymes\/#primaryimage\"},\"thumbnailUrl\":\"https:\/\/www.nexoinformativo.mx\/wp-content\/uploads\/2024\/12\/PHOTO-2024-12-24-11-15-06-e1735064854862.jpg\",\"keywords\":[\"ComercioExterior\",\"CoreaDelSur\",\"PYMES\",\"Quer\u00e9taro\"],\"articleSection\":[\"Econom\u00eda\",\"Estado\",\"\u00daltima Hora\"],\"inLanguage\":\"es\",\"potentialAction\":[{\"@type\":\"CommentAction\",\"name\":\"Comment\",\"target\":[\"https:\/\/www.nexoinformativo.mx\/index.php\/2024\/12\/24\/queretaro-y-corea-del-sur-fortalecen-lazos-comerciales-para-impulsar-a-las-pymes\/#respond\"]}]},{\"@type\":\"WebPage\",\"@id\":\"https:\/\/www.nexoinformativo.mx\/index.php\/2024\/12\/24\/queretaro-y-corea-del-sur-fortalecen-lazos-comerciales-para-impulsar-a-las-pymes\/\",\"url\":\"https:\/\/www.nexoinformativo.mx\/index.php\/2024\/12\/24\/queretaro-y-corea-del-sur-fortalecen-lazos-comerciales-para-impulsar-a-las-pymes\/\",\"name\":\"Quer\u00e9taro y Corea del Sur fortalecen lazos comerciales para impulsar a las PYMES | Nexo Informativo Santiago de Quer\u00e9taro\",\"isPartOf\":{\"@id\":\"https:\/\/www.nexoinformativo.mx\/#website\"},\"primaryImageOfPage\":{\"@id\":\"https:\/\/www.nexoinformativo.mx\/index.php\/2024\/12\/24\/queretaro-y-corea-del-sur-fortalecen-lazos-comerciales-para-impulsar-a-las-pymes\/#primaryimage\"},\"image\":{\"@id\":\"https:\/\/www.nexoinformativo.mx\/index.php\/2024\/12\/24\/queretaro-y-corea-del-sur-fortalecen-lazos-comerciales-para-impulsar-a-las-pymes\/#primaryimage\"},\"thumbnailUrl\":\"https:\/\/www.nexoinformativo.mx\/wp-content\/uploads\/2024\/12\/PHOTO-2024-12-24-11-15-06-e1735064854862.jpg\",\"datePublished\":\"2024-12-24T17:00:32+00:00\",\"dateModified\":\"2024-12-24T18:30:09+00:00\",\"description\":\"Quer\u00e9taro y Corea del Sur fortalecen lazos comerciales para impulsar a las PYMES\",\"breadcrumb\":{\"@id\":\"https:\/\/www.nexoinformativo.mx\/index.php\/2024\/12\/24\/queretaro-y-corea-del-sur-fortalecen-lazos-comerciales-para-impulsar-a-las-pymes\/#breadcrumb\"},\"inLanguage\":\"es\",\"potentialAction\":[{\"@type\":\"ReadAction\",\"target\":[\"https:\/\/www.nexoinformativo.mx\/index.php\/2024\/12\/24\/queretaro-y-corea-del-sur-fortalecen-lazos-comerciales-para-impulsar-a-las-pymes\/\"]}]},{\"@type\":\"ImageObject\",\"inLanguage\":\"es\",\"@id\":\"https:\/\/www.nexoinformativo.mx\/index.php\/2024\/12\/24\/queretaro-y-corea-del-sur-fortalecen-lazos-comerciales-para-impulsar-a-las-pymes\/#primaryimage\",\"url\":\"https:\/\/www.nexoinformativo.mx\/wp-content\/uploads\/2024\/12\/PHOTO-2024-12-24-11-15-06-e1735064854862.jpg\",\"contentUrl\":\"https:\/\/www.nexoinformativo.mx\/wp-content\/uploads\/2024\/12\/PHOTO-2024-12-24-11-15-06-e1735064854862.jpg\",\"width\":800,\"height\":533},{\"@type\":\"BreadcrumbList\",\"@id\":\"https:\/\/www.nexoinformativo.mx\/index.php\/2024\/12\/24\/queretaro-y-corea-del-sur-fortalecen-lazos-comerciales-para-impulsar-a-las-pymes\/#breadcrumb\",\"itemListElement\":[{\"@type\":\"ListItem\",\"position\":1,\"name\":\"Inicio\",\"item\":\"https:\/\/www.nexoinformativo.mx\/\"},{\"@type\":\"ListItem\",\"position\":2,\"name\":\"Quer\u00e9taro y Corea del Sur fortalecen lazos comerciales para impulsar a las PYMES\"}]},{\"@type\":\"WebSite\",\"@id\":\"https:\/\/www.nexoinformativo.mx\/#website\",\"url\":\"https:\/\/www.nexoinformativo.mx\/\",\"name\":\"Nexo Informativo Santiago de Quer\u00e9taro\",\"description\":\"Explora NexoInformativo y convi\u00e9rtete en parte de una comunidad que valora el conocimiento y la verdad. Tu nexoinformativo es tu puente hacia una comprensi\u00f3n m\u00e1s profunda del mundo que te rodea.\",\"publisher\":{\"@id\":\"https:\/\/www.nexoinformativo.mx\/#organization\"},\"potentialAction\":[{\"@type\":\"SearchAction\",\"target\":{\"@type\":\"EntryPoint\",\"urlTemplate\":\"https:\/\/www.nexoinformativo.mx\/?s={search_term_string}\"},\"query-input\":{\"@type\":\"PropertyValueSpecification\",\"valueRequired\":true,\"valueName\":\"search_term_string\"}}],\"inLanguage\":\"es\"},{\"@type\":\"Organization\",\"@id\":\"https:\/\/www.nexoinformativo.mx\/#organization\",\"name\":\"Nexo Informativo Santiago de Quer\u00e9taro\",\"url\":\"https:\/\/www.nexoinformativo.mx\/\",\"logo\":{\"@type\":\"ImageObject\",\"inLanguage\":\"es\",\"@id\":\"https:\/\/www.nexoinformativo.mx\/#\/schema\/logo\/image\/\",\"url\":\"https:\/\/www.nexoinformativo.mx\/wp-content\/uploads\/2024\/07\/nexoi-trasparente-2.png\",\"contentUrl\":\"https:\/\/www.nexoinformativo.mx\/wp-content\/uploads\/2024\/07\/nexoi-trasparente-2.png\",\"width\":816,\"height\":339,\"caption\":\"Nexo Informativo Santiago de Quer\u00e9taro\"},\"image\":{\"@id\":\"https:\/\/www.nexoinformativo.mx\/#\/schema\/logo\/image\/\"},\"sameAs\":[\"https:\/\/www.facebook.com\/people\/Nexo-Informativo\/61564066885511\/\"]},{\"@type\":\"Person\",\"@id\":\"https:\/\/www.nexoinformativo.mx\/#\/schema\/person\/7749d380ba08c8ca00d7bc76fd907b7d\",\"name\":\"Nexo Informativo\",\"image\":{\"@type\":\"ImageObject\",\"inLanguage\":\"es\",\"@id\":\"https:\/\/www.nexoinformativo.mx\/#\/schema\/person\/image\/\",\"url\":\"https:\/\/secure.gravatar.com\/avatar\/dde2928154642a13d95f87ddf1ea9718fe2b46760a005c53e41ff5ad610704e6?s=96&d=mm&r=g\",\"contentUrl\":\"https:\/\/secure.gravatar.com\/avatar\/dde2928154642a13d95f87ddf1ea9718fe2b46760a005c53e41ff5ad610704e6?s=96&d=mm&r=g\",\"caption\":\"Nexo Informativo\"},\"url\":\"https:\/\/www.nexoinformativo.mx\/index.php\/author\/edicion\/\"}]}<\/script>\n<!-- \/ Yoast SEO plugin. -->","yoast_head_json":{"title":"Quer\u00e9taro y Corea del Sur fortalecen lazos comerciales para impulsar a las PYMES | Nexo Informativo Santiago de Quer\u00e9taro","description":"Quer\u00e9taro y Corea del Sur fortalecen lazos comerciales para impulsar a las PYMES","robots":{"index":"index","follow":"follow","max-snippet":"max-snippet:-1","max-image-preview":"max-image-preview:large","max-video-preview":"max-video-preview:-1"},"canonical":"https:\/\/www.nexoinformativo.mx\/index.php\/2024\/12\/24\/queretaro-y-corea-del-sur-fortalecen-lazos-comerciales-para-impulsar-a-las-pymes\/","og_locale":"es_MX","og_type":"article","og_title":"Quer\u00e9taro y Corea del Sur fortalecen lazos comerciales para impulsar a las PYMES | Nexo Informativo Santiago de Quer\u00e9taro","og_description":"Quer\u00e9taro y Corea del Sur fortalecen lazos comerciales para impulsar a las PYMES","og_url":"https:\/\/www.nexoinformativo.mx\/index.php\/2024\/12\/24\/queretaro-y-corea-del-sur-fortalecen-lazos-comerciales-para-impulsar-a-las-pymes\/","og_site_name":"Nexo Informativo Santiago de Quer\u00e9taro","article_publisher":"https:\/\/www.facebook.com\/people\/Nexo-Informativo\/61564066885511\/","article_published_time":"2024-12-24T17:00:32+00:00","article_modified_time":"2024-12-24T18:30:09+00:00","og_image":[{"width":800,"height":533,"url":"https:\/\/www.nexoinformativo.mx\/wp-content\/uploads\/2024\/12\/PHOTO-2024-12-24-11-15-06-e1735064854862.jpg","type":"image\/jpeg"}],"author":"Nexo Informativo","twitter_card":"summary_large_image","twitter_misc":{"Escrito por":"Nexo Informativo","Tiempo de lectura":"2 minutos"},"schema":{"@context":"https:\/\/schema.org","@graph":[{"@type":"Article","@id":"https:\/\/www.nexoinformativo.mx\/index.php\/2024\/12\/24\/queretaro-y-corea-del-sur-fortalecen-lazos-comerciales-para-impulsar-a-las-pymes\/#article","isPartOf":{"@id":"https:\/\/www.nexoinformativo.mx\/index.php\/2024\/12\/24\/queretaro-y-corea-del-sur-fortalecen-lazos-comerciales-para-impulsar-a-las-pymes\/"},"author":{"name":"Nexo Informativo","@id":"https:\/\/www.nexoinformativo.mx\/#\/schema\/person\/7749d380ba08c8ca00d7bc76fd907b7d"},"headline":"Quer\u00e9taro y Corea del Sur fortalecen lazos comerciales para impulsar a las PYMES","datePublished":"2024-12-24T17:00:32+00:00","dateModified":"2024-12-24T18:30:09+00:00","mainEntityOfPage":{"@id":"https:\/\/www.nexoinformativo.mx\/index.php\/2024\/12\/24\/queretaro-y-corea-del-sur-fortalecen-lazos-comerciales-para-impulsar-a-las-pymes\/"},"wordCount":274,"commentCount":0,"publisher":{"@id":"https:\/\/www.nexoinformativo.mx\/#organization"},"image":{"@id":"https:\/\/www.nexoinformativo.mx\/index.php\/2024\/12\/24\/queretaro-y-corea-del-sur-fortalecen-lazos-comerciales-para-impulsar-a-las-pymes\/#primaryimage"},"thumbnailUrl":"https:\/\/www.nexoinformativo.mx\/wp-content\/uploads\/2024\/12\/PHOTO-2024-12-24-11-15-06-e1735064854862.jpg","keywords":["ComercioExterior","CoreaDelSur","PYMES","Quer\u00e9taro"],"articleSection":["Econom\u00eda","Estado","\u00daltima Hora"],"inLanguage":"es","potentialAction":[{"@type":"CommentAction","name":"Comment","target":["https:\/\/www.nexoinformativo.mx\/index.php\/2024\/12\/24\/queretaro-y-corea-del-sur-fortalecen-lazos-comerciales-para-impulsar-a-las-pymes\/#respond"]}]},{"@type":"WebPage","@id":"https:\/\/www.nexoinformativo.mx\/index.php\/2024\/12\/24\/queretaro-y-corea-del-sur-fortalecen-lazos-comerciales-para-impulsar-a-las-pymes\/","url":"https:\/\/www.nexoinformativo.mx\/index.php\/2024\/12\/24\/queretaro-y-corea-del-sur-fortalecen-lazos-comerciales-para-impulsar-a-las-pymes\/","name":"Quer\u00e9taro y Corea del Sur fortalecen lazos comerciales para impulsar a las PYMES | Nexo Informativo Santiago de Quer\u00e9taro","isPartOf":{"@id":"https:\/\/www.nexoinformativo.mx\/#website"},"primaryImageOfPage":{"@id":"https:\/\/www.nexoinformativo.mx\/index.php\/2024\/12\/24\/queretaro-y-corea-del-sur-fortalecen-lazos-comerciales-para-impulsar-a-las-pymes\/#primaryimage"},"image":{"@id":"https:\/\/www.nexoinformativo.mx\/index.php\/2024\/12\/24\/queretaro-y-corea-del-sur-fortalecen-lazos-comerciales-para-impulsar-a-las-pymes\/#primaryimage"},"thumbnailUrl":"https:\/\/www.nexoinformativo.mx\/wp-content\/uploads\/2024\/12\/PHOTO-2024-12-24-11-15-06-e1735064854862.jpg","datePublished":"2024-12-24T17:00:32+00:00","dateModified":"2024-12-24T18:30:09+00:00","description":"Quer\u00e9taro y Corea del Sur fortalecen lazos comerciales para impulsar a las PYMES","breadcrumb":{"@id":"https:\/\/www.nexoinformativo.mx\/index.php\/2024\/12\/24\/queretaro-y-corea-del-sur-fortalecen-lazos-comerciales-para-impulsar-a-las-pymes\/#breadcrumb"},"inLanguage":"es","potentialAction":[{"@type":"ReadAction","target":["https:\/\/www.nexoinformativo.mx\/index.php\/2024\/12\/24\/queretaro-y-corea-del-sur-fortalecen-lazos-comerciales-para-impulsar-a-las-pymes\/"]}]},{"@type":"ImageObject","inLanguage":"es","@id":"https:\/\/www.nexoinformativo.mx\/index.php\/2024\/12\/24\/queretaro-y-corea-del-sur-fortalecen-lazos-comerciales-para-impulsar-a-las-pymes\/#primaryimage","url":"https:\/\/www.nexoinformativo.mx\/wp-content\/uploads\/2024\/12\/PHOTO-2024-12-24-11-15-06-e1735064854862.jpg","contentUrl":"https:\/\/www.nexoinformativo.mx\/wp-content\/uploads\/2024\/12\/PHOTO-2024-12-24-11-15-06-e1735064854862.jpg","width":800,"height":533},{"@type":"BreadcrumbList","@id":"https:\/\/www.nexoinformativo.mx\/index.php\/2024\/12\/24\/queretaro-y-corea-del-sur-fortalecen-lazos-comerciales-para-impulsar-a-las-pymes\/#breadcrumb","itemListElement":[{"@type":"ListItem","position":1,"name":"Inicio","item":"https:\/\/www.nexoinformativo.mx\/"},{"@type":"ListItem","position":2,"name":"Quer\u00e9taro y Corea del Sur fortalecen lazos comerciales para impulsar a las PYMES"}]},{"@type":"WebSite","@id":"https:\/\/www.nexoinformativo.mx\/#website","url":"https:\/\/www.nexoinformativo.mx\/","name":"Nexo Informativo Santiago de Quer\u00e9taro","description":"Explora NexoInformativo y convi\u00e9rtete en parte de una comunidad que valora el conocimiento y la verdad. Tu nexoinformativo es tu puente hacia una comprensi\u00f3n m\u00e1s profunda del mundo que te rodea.","publisher":{"@id":"https:\/\/www.nexoinformativo.mx\/#organization"},"potentialAction":[{"@type":"SearchAction","target":{"@type":"EntryPoint","urlTemplate":"https:\/\/www.nexoinformativo.mx\/?s={search_term_string}"},"query-input":{"@type":"PropertyValueSpecification","valueRequired":true,"valueName":"search_term_string"}}],"inLanguage":"es"},{"@type":"Organization","@id":"https:\/\/www.nexoinformativo.mx\/#organization","name":"Nexo Informativo Santiago de Quer\u00e9taro","url":"https:\/\/www.nexoinformativo.mx\/","logo":{"@type":"ImageObject","inLanguage":"es","@id":"https:\/\/www.nexoinformativo.mx\/#\/schema\/logo\/image\/","url":"https:\/\/www.nexoinformativo.mx\/wp-content\/uploads\/2024\/07\/nexoi-trasparente-2.png","contentUrl":"https:\/\/www.nexoinformativo.mx\/wp-content\/uploads\/2024\/07\/nexoi-trasparente-2.png","width":816,"height":339,"caption":"Nexo Informativo Santiago de Quer\u00e9taro"},"image":{"@id":"https:\/\/www.nexoinformativo.mx\/#\/schema\/logo\/image\/"},"sameAs":["https:\/\/www.facebook.com\/people\/Nexo-Informativo\/61564066885511\/"]},{"@type":"Person","@id":"https:\/\/www.nexoinformativo.mx\/#\/schema\/person\/7749d380ba08c8ca00d7bc76fd907b7d","name":"Nexo Informativo","image":{"@type":"ImageObject","inLanguage":"es","@id":"https:\/\/www.nexoinformativo.mx\/#\/schema\/person\/image\/","url":"https:\/\/secure.gravatar.com\/avatar\/dde2928154642a13d95f87ddf1ea9718fe2b46760a005c53e41ff5ad610704e6?s=96&d=mm&r=g","contentUrl":"https:\/\/secure.gravatar.com\/avatar\/dde2928154642a13d95f87ddf1ea9718fe2b46760a005c53e41ff5ad610704e6?s=96&d=mm&r=g","caption":"Nexo Informativo"},"url":"https:\/\/www.nexoinformativo.mx\/index.php\/author\/edicion\/"}]}},"_links":{"self":[{"href":"https:\/\/www.nexoinformativo.mx\/index.php\/wp-json\/wp\/v2\/posts\/8784","targetHints":{"allow":["GET"]}}],"collection":[{"href":"https:\/\/www.nexoinformativo.mx\/index.php\/wp-json\/wp\/v2\/posts"}],"about":[{"href":"https:\/\/www.nexoinformativo.mx\/index.php\/wp-json\/wp\/v2\/types\/post"}],"author":[{"embeddable":true,"href":"https:\/\/www.nexoinformativo.mx\/index.php\/wp-json\/wp\/v2\/users\/3"}],"replies":[{"embeddable":true,"href":"https:\/\/www.nexoinformativo.mx\/index.php\/wp-json\/wp\/v2\/comments?post=8784"}],"version-history":[{"count":5,"href":"https:\/\/www.nexoinformativo.mx\/index.php\/wp-json\/wp\/v2\/posts\/8784\/revisions"}],"predecessor-version":[{"id":8791,"href":"https:\/\/www.nexoinformativo.mx\/index.php\/wp-json\/wp\/v2\/posts\/8784\/revisions\/8791"}],"wp:featuredmedia":[{"embeddable":true,"href":"https:\/\/www.nexoinformativo.mx\/index.php\/wp-json\/wp\/v2\/media\/8785"}],"wp:attachment":[{"href":"https:\/\/www.nexoinformativo.mx\/index.php\/wp-json\/wp\/v2\/media?parent=8784"}],"wp:term":[{"taxonomy":"category","embeddable":true,"href":"https:\/\/www.nexoinformativo.mx\/index.php\/wp-json\/wp\/v2\/categories?post=8784"},{"taxonomy":"post_tag","embeddable":true,"href":"https:\/\/www.nexoinformativo.mx\/index.php\/wp-json\/wp\/v2\/tags?post=8784"}],"curies":[{"name":"wp","href":"https:\/\/api.w.org\/{rel}","templated":true}]}}