{"id":8792,"date":"2024-12-24T12:00:57","date_gmt":"2024-12-24T18:00:57","guid":{"rendered":"https:\/\/www.nexoinformativo.mx\/?p=8792"},"modified":"2024-12-24T17:04:27","modified_gmt":"2024-12-24T23:04:27","slug":"linea-070-registra-incremento-en-llamadas-por-crisis-emocionales-en-temporada-navidena","status":"publish","type":"post","link":"https:\/\/www.nexoinformativo.mx\/index.php\/2024\/12\/24\/linea-070-registra-incremento-en-llamadas-por-crisis-emocionales-en-temporada-navidena\/","title":{"rendered":"L\u00ednea 070 registra incremento en llamadas por crisis emocionales en temporada navide\u00f1a"},"content":{"rendered":"<p style=\"text-align: justify;\" data-sourcepos=\"11:1-11:325\">La temporada navide\u00f1a, lejos de ser solo alegr\u00eda y celebraci\u00f3n, puede traer consigo momentos de estr\u00e9s y soledad que afectan la salud mental de muchas personas.<\/p>\n<p>&nbsp;<\/p>\n<p style=\"text-align: justify;\" data-sourcepos=\"11:1-11:325\">As\u00ed lo demuestra el incremento del 60% en las llamadas de atenci\u00f3n psicol\u00f3gica recibidas en la l\u00ednea 070 del municipio de Quer\u00e9taro durante el mes de diciembre.<\/p>\n<p>&nbsp;<\/p>\n<p style=\"text-align: justify;\" data-sourcepos=\"13:1-13:303\">De acuerdo con Adriana Fuentes, secretaria de Atenci\u00f3n Ciudadana, la depresi\u00f3n es el principal motivo de consulta, especialmente entre adultos mayores que enfrentan sentimientos de soledad en esta \u00e9poca del a\u00f1o. Sin embargo, tambi\u00e9n se han registrado casos de crisis emocionales en otros grupos de edad.<\/p>\n<p>&nbsp;<\/p>\n<p style=\"text-align: justify;\" data-sourcepos=\"15:1-15:295\">Para atender esta creciente demanda, el municipio ha puesto a disposici\u00f3n de la ciudadan\u00eda un equipo de 12 psic\u00f3logos altamente capacitados. Estos profesionales brindan atenci\u00f3n personalizada y confidencial a quienes lo necesitan, canalizando los casos m\u00e1s graves a instituciones especializadas.<\/p>\n<p>&nbsp;<\/p>\n<p style=\"text-align: justify;\" data-sourcepos=\"17:1-17:170\">La l\u00ednea 070 est\u00e1 disponible las 24 horas del d\u00eda, los 365 d\u00edas del a\u00f1o. Los ciudadanos pueden llamar de manera gratuita para recibir orientaci\u00f3n y apoyo psicol\u00f3gico.<\/p>\n<p>&nbsp;<\/p>\n<p style=\"text-align: justify;\" data-sourcepos=\"19:1-19:170\">&#8220;Es importante que la ciudadan\u00eda sepa que no est\u00e1 sola y que existen servicios de salud mental gratuitos y de calidad a su disposici\u00f3n&#8221;, afirm\u00f3 Adriana Fuentes.<\/p>\n<p>&nbsp;<\/p>\n<p style=\"text-align: center;\" data-sourcepos=\"19:1-19:170\"><em><strong>\u00a1Informaci\u00f3n que transforma!<\/strong><\/em><\/p>\n","protected":false},"excerpt":{"rendered":"<p>La temporada navide\u00f1a, lejos de ser solo alegr\u00eda y celebraci\u00f3n, puede traer consigo momentos de estr\u00e9s y soledad que afectan la salud mental de muchas personas.<\/p>\n","protected":false},"author":3,"featured_media":8793,"comment_status":"open","ping_status":"open","sticky":false,"template":"","format":"standard","meta":{"footnotes":""},"categories":[42,58],"tags":[2820,1882,133,751],"class_list":["post-8792","post","type-post","status-publish","format-standard","has-post-thumbnail","hentry","category-estado","category-ultima-hora","tag-linea070","tag-navidad","tag-queretaro","tag-saludmental"],"yoast_head":"<!-- This site is optimized with the Yoast SEO plugin v25.0 - https:\/\/yoast.com\/wordpress\/plugins\/seo\/ -->\n<title>L\u00ednea 070 registra incremento en llamadas por crisis emocionales en temporada navide\u00f1a | Nexo Informativo Santiago de Quer\u00e9taro<\/title>\n<meta name=\"description\" content=\"L\u00ednea 070 registra incremento en llamadas por crisis emocionales en temporada navide\u00f1a\" \/>\n<meta name=\"robots\" content=\"index, follow, max-snippet:-1, max-image-preview:large, max-video-preview:-1\" \/>\n<link rel=\"canonical\" href=\"https:\/\/www.nexoinformativo.mx\/index.php\/2024\/12\/24\/linea-070-registra-incremento-en-llamadas-por-crisis-emocionales-en-temporada-navidena\/\" \/>\n<meta property=\"og:locale\" content=\"es_MX\" \/>\n<meta property=\"og:type\" content=\"article\" \/>\n<meta property=\"og:title\" content=\"L\u00ednea 070 registra incremento en llamadas por crisis emocionales en temporada navide\u00f1a | Nexo Informativo Santiago de Quer\u00e9taro\" \/>\n<meta property=\"og:description\" content=\"L\u00ednea 070 registra incremento en llamadas por crisis emocionales en temporada navide\u00f1a\" \/>\n<meta property=\"og:url\" content=\"https:\/\/www.nexoinformativo.mx\/index.php\/2024\/12\/24\/linea-070-registra-incremento-en-llamadas-por-crisis-emocionales-en-temporada-navidena\/\" \/>\n<meta property=\"og:site_name\" content=\"Nexo Informativo Santiago de Quer\u00e9taro\" \/>\n<meta property=\"article:publisher\" content=\"https:\/\/www.facebook.com\/people\/Nexo-Informativo\/61564066885511\/\" \/>\n<meta property=\"article:published_time\" content=\"2024-12-24T18:00:57+00:00\" \/>\n<meta property=\"article:modified_time\" content=\"2024-12-24T23:04:27+00:00\" \/>\n<meta property=\"og:image\" content=\"https:\/\/www.nexoinformativo.mx\/wp-content\/uploads\/2024\/12\/PHOTO-2024-12-24-16-05-56.jpg\" \/>\n\t<meta property=\"og:image:width\" content=\"497\" \/>\n\t<meta property=\"og:image:height\" content=\"617\" \/>\n\t<meta property=\"og:image:type\" content=\"image\/jpeg\" \/>\n<meta name=\"author\" content=\"Nexo Informativo\" \/>\n<meta name=\"twitter:card\" content=\"summary_large_image\" \/>\n<meta name=\"twitter:label1\" content=\"Escrito por\" \/>\n\t<meta name=\"twitter:data1\" content=\"Nexo Informativo\" \/>\n\t<meta name=\"twitter:label2\" content=\"Tiempo de lectura\" \/>\n\t<meta name=\"twitter:data2\" content=\"2 minutos\" \/>\n<script type=\"application\/ld+json\" class=\"yoast-schema-graph\">{\"@context\":\"https:\/\/schema.org\",\"@graph\":[{\"@type\":\"Article\",\"@id\":\"https:\/\/www.nexoinformativo.mx\/index.php\/2024\/12\/24\/linea-070-registra-incremento-en-llamadas-por-crisis-emocionales-en-temporada-navidena\/#article\",\"isPartOf\":{\"@id\":\"https:\/\/www.nexoinformativo.mx\/index.php\/2024\/12\/24\/linea-070-registra-incremento-en-llamadas-por-crisis-emocionales-en-temporada-navidena\/\"},\"author\":{\"name\":\"Nexo Informativo\",\"@id\":\"https:\/\/www.nexoinformativo.mx\/#\/schema\/person\/7749d380ba08c8ca00d7bc76fd907b7d\"},\"headline\":\"L\u00ednea 070 registra incremento en llamadas por crisis emocionales en temporada navide\u00f1a\",\"datePublished\":\"2024-12-24T18:00:57+00:00\",\"dateModified\":\"2024-12-24T23:04:27+00:00\",\"mainEntityOfPage\":{\"@id\":\"https:\/\/www.nexoinformativo.mx\/index.php\/2024\/12\/24\/linea-070-registra-incremento-en-llamadas-por-crisis-emocionales-en-temporada-navidena\/\"},\"wordCount\":236,\"commentCount\":0,\"publisher\":{\"@id\":\"https:\/\/www.nexoinformativo.mx\/#organization\"},\"image\":{\"@id\":\"https:\/\/www.nexoinformativo.mx\/index.php\/2024\/12\/24\/linea-070-registra-incremento-en-llamadas-por-crisis-emocionales-en-temporada-navidena\/#primaryimage\"},\"thumbnailUrl\":\"https:\/\/www.nexoinformativo.mx\/wp-content\/uploads\/2024\/12\/PHOTO-2024-12-24-16-05-56.jpg\",\"keywords\":[\"L\u00ednea070\",\"Navidad\",\"Quer\u00e9taro\",\"SaludMental\"],\"articleSection\":[\"Estado\",\"\u00daltima Hora\"],\"inLanguage\":\"es\",\"potentialAction\":[{\"@type\":\"CommentAction\",\"name\":\"Comment\",\"target\":[\"https:\/\/www.nexoinformativo.mx\/index.php\/2024\/12\/24\/linea-070-registra-incremento-en-llamadas-por-crisis-emocionales-en-temporada-navidena\/#respond\"]}]},{\"@type\":\"WebPage\",\"@id\":\"https:\/\/www.nexoinformativo.mx\/index.php\/2024\/12\/24\/linea-070-registra-incremento-en-llamadas-por-crisis-emocionales-en-temporada-navidena\/\",\"url\":\"https:\/\/www.nexoinformativo.mx\/index.php\/2024\/12\/24\/linea-070-registra-incremento-en-llamadas-por-crisis-emocionales-en-temporada-navidena\/\",\"name\":\"L\u00ednea 070 registra incremento en llamadas por crisis emocionales en temporada navide\u00f1a | Nexo Informativo Santiago de Quer\u00e9taro\",\"isPartOf\":{\"@id\":\"https:\/\/www.nexoinformativo.mx\/#website\"},\"primaryImageOfPage\":{\"@id\":\"https:\/\/www.nexoinformativo.mx\/index.php\/2024\/12\/24\/linea-070-registra-incremento-en-llamadas-por-crisis-emocionales-en-temporada-navidena\/#primaryimage\"},\"image\":{\"@id\":\"https:\/\/www.nexoinformativo.mx\/index.php\/2024\/12\/24\/linea-070-registra-incremento-en-llamadas-por-crisis-emocionales-en-temporada-navidena\/#primaryimage\"},\"thumbnailUrl\":\"https:\/\/www.nexoinformativo.mx\/wp-content\/uploads\/2024\/12\/PHOTO-2024-12-24-16-05-56.jpg\",\"datePublished\":\"2024-12-24T18:00:57+00:00\",\"dateModified\":\"2024-12-24T23:04:27+00:00\",\"description\":\"L\u00ednea 070 registra incremento en llamadas por crisis emocionales en temporada navide\u00f1a\",\"breadcrumb\":{\"@id\":\"https:\/\/www.nexoinformativo.mx\/index.php\/2024\/12\/24\/linea-070-registra-incremento-en-llamadas-por-crisis-emocionales-en-temporada-navidena\/#breadcrumb\"},\"inLanguage\":\"es\",\"potentialAction\":[{\"@type\":\"ReadAction\",\"target\":[\"https:\/\/www.nexoinformativo.mx\/index.php\/2024\/12\/24\/linea-070-registra-incremento-en-llamadas-por-crisis-emocionales-en-temporada-navidena\/\"]}]},{\"@type\":\"ImageObject\",\"inLanguage\":\"es\",\"@id\":\"https:\/\/www.nexoinformativo.mx\/index.php\/2024\/12\/24\/linea-070-registra-incremento-en-llamadas-por-crisis-emocionales-en-temporada-navidena\/#primaryimage\",\"url\":\"https:\/\/www.nexoinformativo.mx\/wp-content\/uploads\/2024\/12\/PHOTO-2024-12-24-16-05-56.jpg\",\"contentUrl\":\"https:\/\/www.nexoinformativo.mx\/wp-content\/uploads\/2024\/12\/PHOTO-2024-12-24-16-05-56.jpg\",\"width\":497,\"height\":617},{\"@type\":\"BreadcrumbList\",\"@id\":\"https:\/\/www.nexoinformativo.mx\/index.php\/2024\/12\/24\/linea-070-registra-incremento-en-llamadas-por-crisis-emocionales-en-temporada-navidena\/#breadcrumb\",\"itemListElement\":[{\"@type\":\"ListItem\",\"position\":1,\"name\":\"Inicio\",\"item\":\"https:\/\/www.nexoinformativo.mx\/\"},{\"@type\":\"ListItem\",\"position\":2,\"name\":\"L\u00ednea 070 registra incremento en llamadas por crisis emocionales en temporada navide\u00f1a\"}]},{\"@type\":\"WebSite\",\"@id\":\"https:\/\/www.nexoinformativo.mx\/#website\",\"url\":\"https:\/\/www.nexoinformativo.mx\/\",\"name\":\"Nexo Informativo Santiago de Quer\u00e9taro\",\"description\":\"Explora NexoInformativo y convi\u00e9rtete en parte de una comunidad que valora el conocimiento y la verdad. Tu nexoinformativo es tu puente hacia una comprensi\u00f3n m\u00e1s profunda del mundo que te rodea.\",\"publisher\":{\"@id\":\"https:\/\/www.nexoinformativo.mx\/#organization\"},\"potentialAction\":[{\"@type\":\"SearchAction\",\"target\":{\"@type\":\"EntryPoint\",\"urlTemplate\":\"https:\/\/www.nexoinformativo.mx\/?s={search_term_string}\"},\"query-input\":{\"@type\":\"PropertyValueSpecification\",\"valueRequired\":true,\"valueName\":\"search_term_string\"}}],\"inLanguage\":\"es\"},{\"@type\":\"Organization\",\"@id\":\"https:\/\/www.nexoinformativo.mx\/#organization\",\"name\":\"Nexo Informativo Santiago de Quer\u00e9taro\",\"url\":\"https:\/\/www.nexoinformativo.mx\/\",\"logo\":{\"@type\":\"ImageObject\",\"inLanguage\":\"es\",\"@id\":\"https:\/\/www.nexoinformativo.mx\/#\/schema\/logo\/image\/\",\"url\":\"https:\/\/www.nexoinformativo.mx\/wp-content\/uploads\/2024\/07\/nexoi-trasparente-2.png\",\"contentUrl\":\"https:\/\/www.nexoinformativo.mx\/wp-content\/uploads\/2024\/07\/nexoi-trasparente-2.png\",\"width\":816,\"height\":339,\"caption\":\"Nexo Informativo Santiago de Quer\u00e9taro\"},\"image\":{\"@id\":\"https:\/\/www.nexoinformativo.mx\/#\/schema\/logo\/image\/\"},\"sameAs\":[\"https:\/\/www.facebook.com\/people\/Nexo-Informativo\/61564066885511\/\"]},{\"@type\":\"Person\",\"@id\":\"https:\/\/www.nexoinformativo.mx\/#\/schema\/person\/7749d380ba08c8ca00d7bc76fd907b7d\",\"name\":\"Nexo Informativo\",\"image\":{\"@type\":\"ImageObject\",\"inLanguage\":\"es\",\"@id\":\"https:\/\/www.nexoinformativo.mx\/#\/schema\/person\/image\/\",\"url\":\"https:\/\/secure.gravatar.com\/avatar\/dde2928154642a13d95f87ddf1ea9718fe2b46760a005c53e41ff5ad610704e6?s=96&d=mm&r=g\",\"contentUrl\":\"https:\/\/secure.gravatar.com\/avatar\/dde2928154642a13d95f87ddf1ea9718fe2b46760a005c53e41ff5ad610704e6?s=96&d=mm&r=g\",\"caption\":\"Nexo Informativo\"},\"url\":\"https:\/\/www.nexoinformativo.mx\/index.php\/author\/edicion\/\"}]}<\/script>\n<!-- \/ Yoast SEO plugin. -->","yoast_head_json":{"title":"L\u00ednea 070 registra incremento en llamadas por crisis emocionales en temporada navide\u00f1a | Nexo Informativo Santiago de Quer\u00e9taro","description":"L\u00ednea 070 registra incremento en llamadas por crisis emocionales en temporada navide\u00f1a","robots":{"index":"index","follow":"follow","max-snippet":"max-snippet:-1","max-image-preview":"max-image-preview:large","max-video-preview":"max-video-preview:-1"},"canonical":"https:\/\/www.nexoinformativo.mx\/index.php\/2024\/12\/24\/linea-070-registra-incremento-en-llamadas-por-crisis-emocionales-en-temporada-navidena\/","og_locale":"es_MX","og_type":"article","og_title":"L\u00ednea 070 registra incremento en llamadas por crisis emocionales en temporada navide\u00f1a | Nexo Informativo Santiago de Quer\u00e9taro","og_description":"L\u00ednea 070 registra incremento en llamadas por crisis emocionales en temporada navide\u00f1a","og_url":"https:\/\/www.nexoinformativo.mx\/index.php\/2024\/12\/24\/linea-070-registra-incremento-en-llamadas-por-crisis-emocionales-en-temporada-navidena\/","og_site_name":"Nexo Informativo Santiago de Quer\u00e9taro","article_publisher":"https:\/\/www.facebook.com\/people\/Nexo-Informativo\/61564066885511\/","article_published_time":"2024-12-24T18:00:57+00:00","article_modified_time":"2024-12-24T23:04:27+00:00","og_image":[{"width":497,"height":617,"url":"https:\/\/www.nexoinformativo.mx\/wp-content\/uploads\/2024\/12\/PHOTO-2024-12-24-16-05-56.jpg","type":"image\/jpeg"}],"author":"Nexo Informativo","twitter_card":"summary_large_image","twitter_misc":{"Escrito por":"Nexo Informativo","Tiempo de lectura":"2 minutos"},"schema":{"@context":"https:\/\/schema.org","@graph":[{"@type":"Article","@id":"https:\/\/www.nexoinformativo.mx\/index.php\/2024\/12\/24\/linea-070-registra-incremento-en-llamadas-por-crisis-emocionales-en-temporada-navidena\/#article","isPartOf":{"@id":"https:\/\/www.nexoinformativo.mx\/index.php\/2024\/12\/24\/linea-070-registra-incremento-en-llamadas-por-crisis-emocionales-en-temporada-navidena\/"},"author":{"name":"Nexo Informativo","@id":"https:\/\/www.nexoinformativo.mx\/#\/schema\/person\/7749d380ba08c8ca00d7bc76fd907b7d"},"headline":"L\u00ednea 070 registra incremento en llamadas por crisis emocionales en temporada navide\u00f1a","datePublished":"2024-12-24T18:00:57+00:00","dateModified":"2024-12-24T23:04:27+00:00","mainEntityOfPage":{"@id":"https:\/\/www.nexoinformativo.mx\/index.php\/2024\/12\/24\/linea-070-registra-incremento-en-llamadas-por-crisis-emocionales-en-temporada-navidena\/"},"wordCount":236,"commentCount":0,"publisher":{"@id":"https:\/\/www.nexoinformativo.mx\/#organization"},"image":{"@id":"https:\/\/www.nexoinformativo.mx\/index.php\/2024\/12\/24\/linea-070-registra-incremento-en-llamadas-por-crisis-emocionales-en-temporada-navidena\/#primaryimage"},"thumbnailUrl":"https:\/\/www.nexoinformativo.mx\/wp-content\/uploads\/2024\/12\/PHOTO-2024-12-24-16-05-56.jpg","keywords":["L\u00ednea070","Navidad","Quer\u00e9taro","SaludMental"],"articleSection":["Estado","\u00daltima Hora"],"inLanguage":"es","potentialAction":[{"@type":"CommentAction","name":"Comment","target":["https:\/\/www.nexoinformativo.mx\/index.php\/2024\/12\/24\/linea-070-registra-incremento-en-llamadas-por-crisis-emocionales-en-temporada-navidena\/#respond"]}]},{"@type":"WebPage","@id":"https:\/\/www.nexoinformativo.mx\/index.php\/2024\/12\/24\/linea-070-registra-incremento-en-llamadas-por-crisis-emocionales-en-temporada-navidena\/","url":"https:\/\/www.nexoinformativo.mx\/index.php\/2024\/12\/24\/linea-070-registra-incremento-en-llamadas-por-crisis-emocionales-en-temporada-navidena\/","name":"L\u00ednea 070 registra incremento en llamadas por crisis emocionales en temporada navide\u00f1a | Nexo Informativo Santiago de Quer\u00e9taro","isPartOf":{"@id":"https:\/\/www.nexoinformativo.mx\/#website"},"primaryImageOfPage":{"@id":"https:\/\/www.nexoinformativo.mx\/index.php\/2024\/12\/24\/linea-070-registra-incremento-en-llamadas-por-crisis-emocionales-en-temporada-navidena\/#primaryimage"},"image":{"@id":"https:\/\/www.nexoinformativo.mx\/index.php\/2024\/12\/24\/linea-070-registra-incremento-en-llamadas-por-crisis-emocionales-en-temporada-navidena\/#primaryimage"},"thumbnailUrl":"https:\/\/www.nexoinformativo.mx\/wp-content\/uploads\/2024\/12\/PHOTO-2024-12-24-16-05-56.jpg","datePublished":"2024-12-24T18:00:57+00:00","dateModified":"2024-12-24T23:04:27+00:00","description":"L\u00ednea 070 registra incremento en llamadas por crisis emocionales en temporada navide\u00f1a","breadcrumb":{"@id":"https:\/\/www.nexoinformativo.mx\/index.php\/2024\/12\/24\/linea-070-registra-incremento-en-llamadas-por-crisis-emocionales-en-temporada-navidena\/#breadcrumb"},"inLanguage":"es","potentialAction":[{"@type":"ReadAction","target":["https:\/\/www.nexoinformativo.mx\/index.php\/2024\/12\/24\/linea-070-registra-incremento-en-llamadas-por-crisis-emocionales-en-temporada-navidena\/"]}]},{"@type":"ImageObject","inLanguage":"es","@id":"https:\/\/www.nexoinformativo.mx\/index.php\/2024\/12\/24\/linea-070-registra-incremento-en-llamadas-por-crisis-emocionales-en-temporada-navidena\/#primaryimage","url":"https:\/\/www.nexoinformativo.mx\/wp-content\/uploads\/2024\/12\/PHOTO-2024-12-24-16-05-56.jpg","contentUrl":"https:\/\/www.nexoinformativo.mx\/wp-content\/uploads\/2024\/12\/PHOTO-2024-12-24-16-05-56.jpg","width":497,"height":617},{"@type":"BreadcrumbList","@id":"https:\/\/www.nexoinformativo.mx\/index.php\/2024\/12\/24\/linea-070-registra-incremento-en-llamadas-por-crisis-emocionales-en-temporada-navidena\/#breadcrumb","itemListElement":[{"@type":"ListItem","position":1,"name":"Inicio","item":"https:\/\/www.nexoinformativo.mx\/"},{"@type":"ListItem","position":2,"name":"L\u00ednea 070 registra incremento en llamadas por crisis emocionales en temporada navide\u00f1a"}]},{"@type":"WebSite","@id":"https:\/\/www.nexoinformativo.mx\/#website","url":"https:\/\/www.nexoinformativo.mx\/","name":"Nexo Informativo Santiago de Quer\u00e9taro","description":"Explora NexoInformativo y convi\u00e9rtete en parte de una comunidad que valora el conocimiento y la verdad. Tu nexoinformativo es tu puente hacia una comprensi\u00f3n m\u00e1s profunda del mundo que te rodea.","publisher":{"@id":"https:\/\/www.nexoinformativo.mx\/#organization"},"potentialAction":[{"@type":"SearchAction","target":{"@type":"EntryPoint","urlTemplate":"https:\/\/www.nexoinformativo.mx\/?s={search_term_string}"},"query-input":{"@type":"PropertyValueSpecification","valueRequired":true,"valueName":"search_term_string"}}],"inLanguage":"es"},{"@type":"Organization","@id":"https:\/\/www.nexoinformativo.mx\/#organization","name":"Nexo Informativo Santiago de Quer\u00e9taro","url":"https:\/\/www.nexoinformativo.mx\/","logo":{"@type":"ImageObject","inLanguage":"es","@id":"https:\/\/www.nexoinformativo.mx\/#\/schema\/logo\/image\/","url":"https:\/\/www.nexoinformativo.mx\/wp-content\/uploads\/2024\/07\/nexoi-trasparente-2.png","contentUrl":"https:\/\/www.nexoinformativo.mx\/wp-content\/uploads\/2024\/07\/nexoi-trasparente-2.png","width":816,"height":339,"caption":"Nexo Informativo Santiago de Quer\u00e9taro"},"image":{"@id":"https:\/\/www.nexoinformativo.mx\/#\/schema\/logo\/image\/"},"sameAs":["https:\/\/www.facebook.com\/people\/Nexo-Informativo\/61564066885511\/"]},{"@type":"Person","@id":"https:\/\/www.nexoinformativo.mx\/#\/schema\/person\/7749d380ba08c8ca00d7bc76fd907b7d","name":"Nexo Informativo","image":{"@type":"ImageObject","inLanguage":"es","@id":"https:\/\/www.nexoinformativo.mx\/#\/schema\/person\/image\/","url":"https:\/\/secure.gravatar.com\/avatar\/dde2928154642a13d95f87ddf1ea9718fe2b46760a005c53e41ff5ad610704e6?s=96&d=mm&r=g","contentUrl":"https:\/\/secure.gravatar.com\/avatar\/dde2928154642a13d95f87ddf1ea9718fe2b46760a005c53e41ff5ad610704e6?s=96&d=mm&r=g","caption":"Nexo Informativo"},"url":"https:\/\/www.nexoinformativo.mx\/index.php\/author\/edicion\/"}]}},"_links":{"self":[{"href":"https:\/\/www.nexoinformativo.mx\/index.php\/wp-json\/wp\/v2\/posts\/8792","targetHints":{"allow":["GET"]}}],"collection":[{"href":"https:\/\/www.nexoinformativo.mx\/index.php\/wp-json\/wp\/v2\/posts"}],"about":[{"href":"https:\/\/www.nexoinformativo.mx\/index.php\/wp-json\/wp\/v2\/types\/post"}],"author":[{"embeddable":true,"href":"https:\/\/www.nexoinformativo.mx\/index.php\/wp-json\/wp\/v2\/users\/3"}],"replies":[{"embeddable":true,"href":"https:\/\/www.nexoinformativo.mx\/index.php\/wp-json\/wp\/v2\/comments?post=8792"}],"version-history":[{"count":3,"href":"https:\/\/www.nexoinformativo.mx\/index.php\/wp-json\/wp\/v2\/posts\/8792\/revisions"}],"predecessor-version":[{"id":8796,"href":"https:\/\/www.nexoinformativo.mx\/index.php\/wp-json\/wp\/v2\/posts\/8792\/revisions\/8796"}],"wp:featuredmedia":[{"embeddable":true,"href":"https:\/\/www.nexoinformativo.mx\/index.php\/wp-json\/wp\/v2\/media\/8793"}],"wp:attachment":[{"href":"https:\/\/www.nexoinformativo.mx\/index.php\/wp-json\/wp\/v2\/media?parent=8792"}],"wp:term":[{"taxonomy":"category","embeddable":true,"href":"https:\/\/www.nexoinformativo.mx\/index.php\/wp-json\/wp\/v2\/categories?post=8792"},{"taxonomy":"post_tag","embeddable":true,"href":"https:\/\/www.nexoinformativo.mx\/index.php\/wp-json\/wp\/v2\/tags?post=8792"}],"curies":[{"name":"wp","href":"https:\/\/api.w.org\/{rel}","templated":true}]}}