{"id":8819,"date":"2024-12-26T06:45:21","date_gmt":"2024-12-26T12:45:21","guid":{"rendered":"https:\/\/www.nexoinformativo.mx\/?p=8819"},"modified":"2024-12-26T08:07:13","modified_gmt":"2024-12-26T14:07:13","slug":"mexico-recibe-con-los-brazos-abiertos-a-sus-paisanos-operativo-heroinas-y-heroes-paisanos","status":"publish","type":"post","link":"https:\/\/www.nexoinformativo.mx\/index.php\/2024\/12\/26\/mexico-recibe-con-los-brazos-abiertos-a-sus-paisanos-operativo-heroinas-y-heroes-paisanos\/","title":{"rendered":"M\u00e9xico recibe con los brazos abiertos a sus paisanos: Operativo Hero\u00ednas y H\u00e9roes Paisanos"},"content":{"rendered":"<p style=\"text-align: justify;\" data-sourcepos=\"11:1-11:484\">El gobierno de M\u00e9xico, a trav\u00e9s de la Secretar\u00eda de Gobernaci\u00f3n, ha puesto en marcha el operativo <strong>\u201cBienvenidas Hero\u00ednas y H\u00e9roes Paisanos\u201d<\/strong> para recibir a los connacionales que visitan el pa\u00eds durante las fiestas decembrinas.<\/p>\n<\/p>\n<p>&nbsp;<\/p>\n<p style=\"text-align: justify;\" data-sourcepos=\"11:1-11:484\">Desde el 28 de noviembre hasta el 12 de enero de 2025, se han desplegado diversos esfuerzos para garantizar un viaje seguro y sin contratiempos a los millones de mexicanos que radican en Estados Unidos y que deciden pasar las fiestas en su pa\u00eds de origen.<\/p>\n<\/p>\n<p>&nbsp;<\/p>\n<p style=\"text-align: justify;\" data-sourcepos=\"13:1-13:332\">La secretaria de Gobernaci\u00f3n, Rosa Icela Rodr\u00edguez, destac\u00f3 que este operativo es resultado de un trabajo coordinado entre m\u00e1s de 40 dependencias federales, estatales y municipales, con el objetivo de brindar atenci\u00f3n integral a los paisanos en materia de seguridad, tr\u00e1mites migratorios, protecci\u00f3n al consumidor y otros servicios.<\/p>\n<\/p>\n<p>&nbsp;<\/p>\n<p style=\"text-align: justify;\" data-sourcepos=\"15:1-15:325\">Hasta el momento, se han brindado m\u00e1s de 670 mil atenciones a los paisanos a trav\u00e9s de los 253 m\u00f3dulos instalados en todo el pa\u00eds. Asimismo, se han distribuido m\u00e1s de 800 mil gu\u00edas informativas en espa\u00f1ol e ingl\u00e9s, donde se detalla la informaci\u00f3n necesaria para realizar tr\u00e1mites migratorios, aduanales y otros servicios.<\/p>\n<\/p>\n<p>&nbsp;<\/p>\n<p style=\"text-align: justify;\" data-sourcepos=\"17:1-17:339\">La funcionaria enfatiz\u00f3 que el gobierno federal est\u00e1 comprometido con garantizar los derechos humanos de los paisanos y brindarles un trato digno y respetuoso durante su estancia en M\u00e9xico. Y se han establecido mecanismos para atender denuncias por abusos de autoridad y garantizar que se tomen las medidas correspondientes.<\/p>\n<\/p>\n<p>&nbsp;<\/p>\n<p style=\"text-align: justify;\" data-sourcepos=\"19:1-19:123\">Para solicitar informaci\u00f3n o presentar una queja, los paisanos pueden comunicarse a los siguientes n\u00fameros telef\u00f3nicos:<\/p>\n<\/p>\n<p>&nbsp;<\/p>\n<ul data-sourcepos=\"21:1-23:0\">\n<li style=\"text-align: justify;\" data-sourcepos=\"21:1-21:43\">Desde M\u00e9xico: 800 2018 542 y 800 004 6264<\/li>\n<li style=\"text-align: justify;\" data-sourcepos=\"22:1-23:0\">Desde Estados Unidos: 1877 210 9469 y (011 52) 800 044 6264<\/li>\n<\/ul>\n<p>&nbsp;<\/p>\n<p style=\"text-align: center;\"><em><strong>\u00a1Informaci\u00f3n que transforma!<\/strong><\/em><\/p>\n","protected":false},"excerpt":{"rendered":"<p>El gobierno de M\u00e9xico, a trav\u00e9s de la Secretar\u00eda de Gobernaci\u00f3n, ha puesto en marcha el operativo \u201cBienvenidas Hero\u00ednas y H\u00e9roes Paisanos\u201d para recibir a los connacionales que visitan el pa\u00eds durante las fiestas decembrinas.<\/p>\n","protected":false},"author":3,"featured_media":8822,"comment_status":"open","ping_status":"open","sticky":false,"template":"","format":"standard","meta":{"footnotes":""},"categories":[88,58],"tags":[2828,2827,1610,2504],"class_list":["post-8819","post","type-post","status-publish","format-standard","has-post-thumbnail","hentry","category-nacional","category-ultima-hora","tag-bienvenida","tag-heroespaisanos","tag-mexico","tag-migrantes"],"yoast_head":"<!-- This site is optimized with the Yoast SEO plugin v25.0 - https:\/\/yoast.com\/wordpress\/plugins\/seo\/ -->\n<title>M\u00e9xico recibe con los brazos abiertos a sus paisanos: Operativo Hero\u00ednas y H\u00e9roes Paisanos | Nexo Informativo Santiago de Quer\u00e9taro<\/title>\n<meta name=\"description\" content=\"M\u00e9xico recibe con los brazos abiertos a sus paisanos: Operativo Hero\u00ednas y H\u00e9roes Paisanos\" \/>\n<meta name=\"robots\" content=\"index, follow, max-snippet:-1, max-image-preview:large, max-video-preview:-1\" \/>\n<link rel=\"canonical\" href=\"https:\/\/www.nexoinformativo.mx\/index.php\/2024\/12\/26\/mexico-recibe-con-los-brazos-abiertos-a-sus-paisanos-operativo-heroinas-y-heroes-paisanos\/\" \/>\n<meta property=\"og:locale\" content=\"es_MX\" \/>\n<meta property=\"og:type\" content=\"article\" \/>\n<meta property=\"og:title\" content=\"M\u00e9xico recibe con los brazos abiertos a sus paisanos: Operativo Hero\u00ednas y H\u00e9roes Paisanos | Nexo Informativo Santiago de Quer\u00e9taro\" \/>\n<meta property=\"og:description\" content=\"M\u00e9xico recibe con los brazos abiertos a sus paisanos: Operativo Hero\u00ednas y H\u00e9roes Paisanos\" \/>\n<meta property=\"og:url\" content=\"https:\/\/www.nexoinformativo.mx\/index.php\/2024\/12\/26\/mexico-recibe-con-los-brazos-abiertos-a-sus-paisanos-operativo-heroinas-y-heroes-paisanos\/\" \/>\n<meta property=\"og:site_name\" content=\"Nexo Informativo Santiago de Quer\u00e9taro\" \/>\n<meta property=\"article:publisher\" content=\"https:\/\/www.facebook.com\/people\/Nexo-Informativo\/61564066885511\/\" \/>\n<meta property=\"article:published_time\" content=\"2024-12-26T12:45:21+00:00\" \/>\n<meta property=\"article:modified_time\" content=\"2024-12-26T14:07:13+00:00\" \/>\n<meta property=\"og:image\" content=\"https:\/\/www.nexoinformativo.mx\/wp-content\/uploads\/2024\/12\/IMG_8848-scaled-e1735221992666.jpg\" \/>\n\t<meta property=\"og:image:width\" content=\"800\" \/>\n\t<meta property=\"og:image:height\" content=\"569\" \/>\n\t<meta property=\"og:image:type\" content=\"image\/jpeg\" \/>\n<meta name=\"author\" content=\"Nexo Informativo\" \/>\n<meta name=\"twitter:card\" content=\"summary_large_image\" \/>\n<meta name=\"twitter:label1\" content=\"Escrito por\" \/>\n\t<meta name=\"twitter:data1\" content=\"Nexo Informativo\" \/>\n\t<meta name=\"twitter:label2\" content=\"Tiempo de lectura\" \/>\n\t<meta name=\"twitter:data2\" content=\"2 minutos\" \/>\n<script type=\"application\/ld+json\" class=\"yoast-schema-graph\">{\"@context\":\"https:\/\/schema.org\",\"@graph\":[{\"@type\":\"Article\",\"@id\":\"https:\/\/www.nexoinformativo.mx\/index.php\/2024\/12\/26\/mexico-recibe-con-los-brazos-abiertos-a-sus-paisanos-operativo-heroinas-y-heroes-paisanos\/#article\",\"isPartOf\":{\"@id\":\"https:\/\/www.nexoinformativo.mx\/index.php\/2024\/12\/26\/mexico-recibe-con-los-brazos-abiertos-a-sus-paisanos-operativo-heroinas-y-heroes-paisanos\/\"},\"author\":{\"name\":\"Nexo Informativo\",\"@id\":\"https:\/\/www.nexoinformativo.mx\/#\/schema\/person\/7749d380ba08c8ca00d7bc76fd907b7d\"},\"headline\":\"M\u00e9xico recibe con los brazos abiertos a sus paisanos: Operativo Hero\u00ednas y H\u00e9roes Paisanos\",\"datePublished\":\"2024-12-26T12:45:21+00:00\",\"dateModified\":\"2024-12-26T14:07:13+00:00\",\"mainEntityOfPage\":{\"@id\":\"https:\/\/www.nexoinformativo.mx\/index.php\/2024\/12\/26\/mexico-recibe-con-los-brazos-abiertos-a-sus-paisanos-operativo-heroinas-y-heroes-paisanos\/\"},\"wordCount\":304,\"commentCount\":0,\"publisher\":{\"@id\":\"https:\/\/www.nexoinformativo.mx\/#organization\"},\"image\":{\"@id\":\"https:\/\/www.nexoinformativo.mx\/index.php\/2024\/12\/26\/mexico-recibe-con-los-brazos-abiertos-a-sus-paisanos-operativo-heroinas-y-heroes-paisanos\/#primaryimage\"},\"thumbnailUrl\":\"https:\/\/www.nexoinformativo.mx\/wp-content\/uploads\/2024\/12\/IMG_8848-scaled-e1735221992666.jpg\",\"keywords\":[\"Bienvenida\",\"H\u00e9roesPaisanos\",\"M\u00e9xico\",\"Migrantes\"],\"articleSection\":[\"Nacional\",\"\u00daltima Hora\"],\"inLanguage\":\"es\",\"potentialAction\":[{\"@type\":\"CommentAction\",\"name\":\"Comment\",\"target\":[\"https:\/\/www.nexoinformativo.mx\/index.php\/2024\/12\/26\/mexico-recibe-con-los-brazos-abiertos-a-sus-paisanos-operativo-heroinas-y-heroes-paisanos\/#respond\"]}]},{\"@type\":\"WebPage\",\"@id\":\"https:\/\/www.nexoinformativo.mx\/index.php\/2024\/12\/26\/mexico-recibe-con-los-brazos-abiertos-a-sus-paisanos-operativo-heroinas-y-heroes-paisanos\/\",\"url\":\"https:\/\/www.nexoinformativo.mx\/index.php\/2024\/12\/26\/mexico-recibe-con-los-brazos-abiertos-a-sus-paisanos-operativo-heroinas-y-heroes-paisanos\/\",\"name\":\"M\u00e9xico recibe con los brazos abiertos a sus paisanos: Operativo Hero\u00ednas y H\u00e9roes Paisanos | Nexo Informativo Santiago de Quer\u00e9taro\",\"isPartOf\":{\"@id\":\"https:\/\/www.nexoinformativo.mx\/#website\"},\"primaryImageOfPage\":{\"@id\":\"https:\/\/www.nexoinformativo.mx\/index.php\/2024\/12\/26\/mexico-recibe-con-los-brazos-abiertos-a-sus-paisanos-operativo-heroinas-y-heroes-paisanos\/#primaryimage\"},\"image\":{\"@id\":\"https:\/\/www.nexoinformativo.mx\/index.php\/2024\/12\/26\/mexico-recibe-con-los-brazos-abiertos-a-sus-paisanos-operativo-heroinas-y-heroes-paisanos\/#primaryimage\"},\"thumbnailUrl\":\"https:\/\/www.nexoinformativo.mx\/wp-content\/uploads\/2024\/12\/IMG_8848-scaled-e1735221992666.jpg\",\"datePublished\":\"2024-12-26T12:45:21+00:00\",\"dateModified\":\"2024-12-26T14:07:13+00:00\",\"description\":\"M\u00e9xico recibe con los brazos abiertos a sus paisanos: Operativo Hero\u00ednas y H\u00e9roes Paisanos\",\"breadcrumb\":{\"@id\":\"https:\/\/www.nexoinformativo.mx\/index.php\/2024\/12\/26\/mexico-recibe-con-los-brazos-abiertos-a-sus-paisanos-operativo-heroinas-y-heroes-paisanos\/#breadcrumb\"},\"inLanguage\":\"es\",\"potentialAction\":[{\"@type\":\"ReadAction\",\"target\":[\"https:\/\/www.nexoinformativo.mx\/index.php\/2024\/12\/26\/mexico-recibe-con-los-brazos-abiertos-a-sus-paisanos-operativo-heroinas-y-heroes-paisanos\/\"]}]},{\"@type\":\"ImageObject\",\"inLanguage\":\"es\",\"@id\":\"https:\/\/www.nexoinformativo.mx\/index.php\/2024\/12\/26\/mexico-recibe-con-los-brazos-abiertos-a-sus-paisanos-operativo-heroinas-y-heroes-paisanos\/#primaryimage\",\"url\":\"https:\/\/www.nexoinformativo.mx\/wp-content\/uploads\/2024\/12\/IMG_8848-scaled-e1735221992666.jpg\",\"contentUrl\":\"https:\/\/www.nexoinformativo.mx\/wp-content\/uploads\/2024\/12\/IMG_8848-scaled-e1735221992666.jpg\",\"width\":800,\"height\":569},{\"@type\":\"BreadcrumbList\",\"@id\":\"https:\/\/www.nexoinformativo.mx\/index.php\/2024\/12\/26\/mexico-recibe-con-los-brazos-abiertos-a-sus-paisanos-operativo-heroinas-y-heroes-paisanos\/#breadcrumb\",\"itemListElement\":[{\"@type\":\"ListItem\",\"position\":1,\"name\":\"Inicio\",\"item\":\"https:\/\/www.nexoinformativo.mx\/\"},{\"@type\":\"ListItem\",\"position\":2,\"name\":\"M\u00e9xico recibe con los brazos abiertos a sus paisanos: Operativo Hero\u00ednas y H\u00e9roes Paisanos\"}]},{\"@type\":\"WebSite\",\"@id\":\"https:\/\/www.nexoinformativo.mx\/#website\",\"url\":\"https:\/\/www.nexoinformativo.mx\/\",\"name\":\"Nexo Informativo Santiago de Quer\u00e9taro\",\"description\":\"Explora NexoInformativo y convi\u00e9rtete en parte de una comunidad que valora el conocimiento y la verdad. Tu nexoinformativo es tu puente hacia una comprensi\u00f3n m\u00e1s profunda del mundo que te rodea.\",\"publisher\":{\"@id\":\"https:\/\/www.nexoinformativo.mx\/#organization\"},\"potentialAction\":[{\"@type\":\"SearchAction\",\"target\":{\"@type\":\"EntryPoint\",\"urlTemplate\":\"https:\/\/www.nexoinformativo.mx\/?s={search_term_string}\"},\"query-input\":{\"@type\":\"PropertyValueSpecification\",\"valueRequired\":true,\"valueName\":\"search_term_string\"}}],\"inLanguage\":\"es\"},{\"@type\":\"Organization\",\"@id\":\"https:\/\/www.nexoinformativo.mx\/#organization\",\"name\":\"Nexo Informativo Santiago de Quer\u00e9taro\",\"url\":\"https:\/\/www.nexoinformativo.mx\/\",\"logo\":{\"@type\":\"ImageObject\",\"inLanguage\":\"es\",\"@id\":\"https:\/\/www.nexoinformativo.mx\/#\/schema\/logo\/image\/\",\"url\":\"https:\/\/www.nexoinformativo.mx\/wp-content\/uploads\/2024\/07\/nexoi-trasparente-2.png\",\"contentUrl\":\"https:\/\/www.nexoinformativo.mx\/wp-content\/uploads\/2024\/07\/nexoi-trasparente-2.png\",\"width\":816,\"height\":339,\"caption\":\"Nexo Informativo Santiago de Quer\u00e9taro\"},\"image\":{\"@id\":\"https:\/\/www.nexoinformativo.mx\/#\/schema\/logo\/image\/\"},\"sameAs\":[\"https:\/\/www.facebook.com\/people\/Nexo-Informativo\/61564066885511\/\"]},{\"@type\":\"Person\",\"@id\":\"https:\/\/www.nexoinformativo.mx\/#\/schema\/person\/7749d380ba08c8ca00d7bc76fd907b7d\",\"name\":\"Nexo Informativo\",\"image\":{\"@type\":\"ImageObject\",\"inLanguage\":\"es\",\"@id\":\"https:\/\/www.nexoinformativo.mx\/#\/schema\/person\/image\/\",\"url\":\"https:\/\/secure.gravatar.com\/avatar\/dde2928154642a13d95f87ddf1ea9718fe2b46760a005c53e41ff5ad610704e6?s=96&d=mm&r=g\",\"contentUrl\":\"https:\/\/secure.gravatar.com\/avatar\/dde2928154642a13d95f87ddf1ea9718fe2b46760a005c53e41ff5ad610704e6?s=96&d=mm&r=g\",\"caption\":\"Nexo Informativo\"},\"url\":\"https:\/\/www.nexoinformativo.mx\/index.php\/author\/edicion\/\"}]}<\/script>\n<!-- \/ Yoast SEO plugin. -->","yoast_head_json":{"title":"M\u00e9xico recibe con los brazos abiertos a sus paisanos: Operativo Hero\u00ednas y H\u00e9roes Paisanos | Nexo Informativo Santiago de Quer\u00e9taro","description":"M\u00e9xico recibe con los brazos abiertos a sus paisanos: Operativo Hero\u00ednas y H\u00e9roes Paisanos","robots":{"index":"index","follow":"follow","max-snippet":"max-snippet:-1","max-image-preview":"max-image-preview:large","max-video-preview":"max-video-preview:-1"},"canonical":"https:\/\/www.nexoinformativo.mx\/index.php\/2024\/12\/26\/mexico-recibe-con-los-brazos-abiertos-a-sus-paisanos-operativo-heroinas-y-heroes-paisanos\/","og_locale":"es_MX","og_type":"article","og_title":"M\u00e9xico recibe con los brazos abiertos a sus paisanos: Operativo Hero\u00ednas y H\u00e9roes Paisanos | Nexo Informativo Santiago de Quer\u00e9taro","og_description":"M\u00e9xico recibe con los brazos abiertos a sus paisanos: Operativo Hero\u00ednas y H\u00e9roes Paisanos","og_url":"https:\/\/www.nexoinformativo.mx\/index.php\/2024\/12\/26\/mexico-recibe-con-los-brazos-abiertos-a-sus-paisanos-operativo-heroinas-y-heroes-paisanos\/","og_site_name":"Nexo Informativo Santiago de Quer\u00e9taro","article_publisher":"https:\/\/www.facebook.com\/people\/Nexo-Informativo\/61564066885511\/","article_published_time":"2024-12-26T12:45:21+00:00","article_modified_time":"2024-12-26T14:07:13+00:00","og_image":[{"width":800,"height":569,"url":"https:\/\/www.nexoinformativo.mx\/wp-content\/uploads\/2024\/12\/IMG_8848-scaled-e1735221992666.jpg","type":"image\/jpeg"}],"author":"Nexo Informativo","twitter_card":"summary_large_image","twitter_misc":{"Escrito por":"Nexo Informativo","Tiempo de lectura":"2 minutos"},"schema":{"@context":"https:\/\/schema.org","@graph":[{"@type":"Article","@id":"https:\/\/www.nexoinformativo.mx\/index.php\/2024\/12\/26\/mexico-recibe-con-los-brazos-abiertos-a-sus-paisanos-operativo-heroinas-y-heroes-paisanos\/#article","isPartOf":{"@id":"https:\/\/www.nexoinformativo.mx\/index.php\/2024\/12\/26\/mexico-recibe-con-los-brazos-abiertos-a-sus-paisanos-operativo-heroinas-y-heroes-paisanos\/"},"author":{"name":"Nexo Informativo","@id":"https:\/\/www.nexoinformativo.mx\/#\/schema\/person\/7749d380ba08c8ca00d7bc76fd907b7d"},"headline":"M\u00e9xico recibe con los brazos abiertos a sus paisanos: Operativo Hero\u00ednas y H\u00e9roes Paisanos","datePublished":"2024-12-26T12:45:21+00:00","dateModified":"2024-12-26T14:07:13+00:00","mainEntityOfPage":{"@id":"https:\/\/www.nexoinformativo.mx\/index.php\/2024\/12\/26\/mexico-recibe-con-los-brazos-abiertos-a-sus-paisanos-operativo-heroinas-y-heroes-paisanos\/"},"wordCount":304,"commentCount":0,"publisher":{"@id":"https:\/\/www.nexoinformativo.mx\/#organization"},"image":{"@id":"https:\/\/www.nexoinformativo.mx\/index.php\/2024\/12\/26\/mexico-recibe-con-los-brazos-abiertos-a-sus-paisanos-operativo-heroinas-y-heroes-paisanos\/#primaryimage"},"thumbnailUrl":"https:\/\/www.nexoinformativo.mx\/wp-content\/uploads\/2024\/12\/IMG_8848-scaled-e1735221992666.jpg","keywords":["Bienvenida","H\u00e9roesPaisanos","M\u00e9xico","Migrantes"],"articleSection":["Nacional","\u00daltima Hora"],"inLanguage":"es","potentialAction":[{"@type":"CommentAction","name":"Comment","target":["https:\/\/www.nexoinformativo.mx\/index.php\/2024\/12\/26\/mexico-recibe-con-los-brazos-abiertos-a-sus-paisanos-operativo-heroinas-y-heroes-paisanos\/#respond"]}]},{"@type":"WebPage","@id":"https:\/\/www.nexoinformativo.mx\/index.php\/2024\/12\/26\/mexico-recibe-con-los-brazos-abiertos-a-sus-paisanos-operativo-heroinas-y-heroes-paisanos\/","url":"https:\/\/www.nexoinformativo.mx\/index.php\/2024\/12\/26\/mexico-recibe-con-los-brazos-abiertos-a-sus-paisanos-operativo-heroinas-y-heroes-paisanos\/","name":"M\u00e9xico recibe con los brazos abiertos a sus paisanos: Operativo Hero\u00ednas y H\u00e9roes Paisanos | Nexo Informativo Santiago de Quer\u00e9taro","isPartOf":{"@id":"https:\/\/www.nexoinformativo.mx\/#website"},"primaryImageOfPage":{"@id":"https:\/\/www.nexoinformativo.mx\/index.php\/2024\/12\/26\/mexico-recibe-con-los-brazos-abiertos-a-sus-paisanos-operativo-heroinas-y-heroes-paisanos\/#primaryimage"},"image":{"@id":"https:\/\/www.nexoinformativo.mx\/index.php\/2024\/12\/26\/mexico-recibe-con-los-brazos-abiertos-a-sus-paisanos-operativo-heroinas-y-heroes-paisanos\/#primaryimage"},"thumbnailUrl":"https:\/\/www.nexoinformativo.mx\/wp-content\/uploads\/2024\/12\/IMG_8848-scaled-e1735221992666.jpg","datePublished":"2024-12-26T12:45:21+00:00","dateModified":"2024-12-26T14:07:13+00:00","description":"M\u00e9xico recibe con los brazos abiertos a sus paisanos: Operativo Hero\u00ednas y H\u00e9roes Paisanos","breadcrumb":{"@id":"https:\/\/www.nexoinformativo.mx\/index.php\/2024\/12\/26\/mexico-recibe-con-los-brazos-abiertos-a-sus-paisanos-operativo-heroinas-y-heroes-paisanos\/#breadcrumb"},"inLanguage":"es","potentialAction":[{"@type":"ReadAction","target":["https:\/\/www.nexoinformativo.mx\/index.php\/2024\/12\/26\/mexico-recibe-con-los-brazos-abiertos-a-sus-paisanos-operativo-heroinas-y-heroes-paisanos\/"]}]},{"@type":"ImageObject","inLanguage":"es","@id":"https:\/\/www.nexoinformativo.mx\/index.php\/2024\/12\/26\/mexico-recibe-con-los-brazos-abiertos-a-sus-paisanos-operativo-heroinas-y-heroes-paisanos\/#primaryimage","url":"https:\/\/www.nexoinformativo.mx\/wp-content\/uploads\/2024\/12\/IMG_8848-scaled-e1735221992666.jpg","contentUrl":"https:\/\/www.nexoinformativo.mx\/wp-content\/uploads\/2024\/12\/IMG_8848-scaled-e1735221992666.jpg","width":800,"height":569},{"@type":"BreadcrumbList","@id":"https:\/\/www.nexoinformativo.mx\/index.php\/2024\/12\/26\/mexico-recibe-con-los-brazos-abiertos-a-sus-paisanos-operativo-heroinas-y-heroes-paisanos\/#breadcrumb","itemListElement":[{"@type":"ListItem","position":1,"name":"Inicio","item":"https:\/\/www.nexoinformativo.mx\/"},{"@type":"ListItem","position":2,"name":"M\u00e9xico recibe con los brazos abiertos a sus paisanos: Operativo Hero\u00ednas y H\u00e9roes Paisanos"}]},{"@type":"WebSite","@id":"https:\/\/www.nexoinformativo.mx\/#website","url":"https:\/\/www.nexoinformativo.mx\/","name":"Nexo Informativo Santiago de Quer\u00e9taro","description":"Explora NexoInformativo y convi\u00e9rtete en parte de una comunidad que valora el conocimiento y la verdad. Tu nexoinformativo es tu puente hacia una comprensi\u00f3n m\u00e1s profunda del mundo que te rodea.","publisher":{"@id":"https:\/\/www.nexoinformativo.mx\/#organization"},"potentialAction":[{"@type":"SearchAction","target":{"@type":"EntryPoint","urlTemplate":"https:\/\/www.nexoinformativo.mx\/?s={search_term_string}"},"query-input":{"@type":"PropertyValueSpecification","valueRequired":true,"valueName":"search_term_string"}}],"inLanguage":"es"},{"@type":"Organization","@id":"https:\/\/www.nexoinformativo.mx\/#organization","name":"Nexo Informativo Santiago de Quer\u00e9taro","url":"https:\/\/www.nexoinformativo.mx\/","logo":{"@type":"ImageObject","inLanguage":"es","@id":"https:\/\/www.nexoinformativo.mx\/#\/schema\/logo\/image\/","url":"https:\/\/www.nexoinformativo.mx\/wp-content\/uploads\/2024\/07\/nexoi-trasparente-2.png","contentUrl":"https:\/\/www.nexoinformativo.mx\/wp-content\/uploads\/2024\/07\/nexoi-trasparente-2.png","width":816,"height":339,"caption":"Nexo Informativo Santiago de Quer\u00e9taro"},"image":{"@id":"https:\/\/www.nexoinformativo.mx\/#\/schema\/logo\/image\/"},"sameAs":["https:\/\/www.facebook.com\/people\/Nexo-Informativo\/61564066885511\/"]},{"@type":"Person","@id":"https:\/\/www.nexoinformativo.mx\/#\/schema\/person\/7749d380ba08c8ca00d7bc76fd907b7d","name":"Nexo Informativo","image":{"@type":"ImageObject","inLanguage":"es","@id":"https:\/\/www.nexoinformativo.mx\/#\/schema\/person\/image\/","url":"https:\/\/secure.gravatar.com\/avatar\/dde2928154642a13d95f87ddf1ea9718fe2b46760a005c53e41ff5ad610704e6?s=96&d=mm&r=g","contentUrl":"https:\/\/secure.gravatar.com\/avatar\/dde2928154642a13d95f87ddf1ea9718fe2b46760a005c53e41ff5ad610704e6?s=96&d=mm&r=g","caption":"Nexo Informativo"},"url":"https:\/\/www.nexoinformativo.mx\/index.php\/author\/edicion\/"}]}},"_links":{"self":[{"href":"https:\/\/www.nexoinformativo.mx\/index.php\/wp-json\/wp\/v2\/posts\/8819","targetHints":{"allow":["GET"]}}],"collection":[{"href":"https:\/\/www.nexoinformativo.mx\/index.php\/wp-json\/wp\/v2\/posts"}],"about":[{"href":"https:\/\/www.nexoinformativo.mx\/index.php\/wp-json\/wp\/v2\/types\/post"}],"author":[{"embeddable":true,"href":"https:\/\/www.nexoinformativo.mx\/index.php\/wp-json\/wp\/v2\/users\/3"}],"replies":[{"embeddable":true,"href":"https:\/\/www.nexoinformativo.mx\/index.php\/wp-json\/wp\/v2\/comments?post=8819"}],"version-history":[{"count":4,"href":"https:\/\/www.nexoinformativo.mx\/index.php\/wp-json\/wp\/v2\/posts\/8819\/revisions"}],"predecessor-version":[{"id":8825,"href":"https:\/\/www.nexoinformativo.mx\/index.php\/wp-json\/wp\/v2\/posts\/8819\/revisions\/8825"}],"wp:featuredmedia":[{"embeddable":true,"href":"https:\/\/www.nexoinformativo.mx\/index.php\/wp-json\/wp\/v2\/media\/8822"}],"wp:attachment":[{"href":"https:\/\/www.nexoinformativo.mx\/index.php\/wp-json\/wp\/v2\/media?parent=8819"}],"wp:term":[{"taxonomy":"category","embeddable":true,"href":"https:\/\/www.nexoinformativo.mx\/index.php\/wp-json\/wp\/v2\/categories?post=8819"},{"taxonomy":"post_tag","embeddable":true,"href":"https:\/\/www.nexoinformativo.mx\/index.php\/wp-json\/wp\/v2\/tags?post=8819"}],"curies":[{"name":"wp","href":"https:\/\/api.w.org\/{rel}","templated":true}]}}