{"id":8826,"date":"2024-12-26T07:00:30","date_gmt":"2024-12-26T13:00:30","guid":{"rendered":"https:\/\/www.nexoinformativo.mx\/?p=8826"},"modified":"2024-12-26T08:13:21","modified_gmt":"2024-12-26T14:13:21","slug":"13-caninos-especializados-fortalecen-la-vigilancia-sanitaria-en-puertos-y-fronteras-de-mexico","status":"publish","type":"post","link":"https:\/\/www.nexoinformativo.mx\/index.php\/2024\/12\/26\/13-caninos-especializados-fortalecen-la-vigilancia-sanitaria-en-puertos-y-fronteras-de-mexico\/","title":{"rendered":"13 Caninos especializados fortalecen la vigilancia sanitaria en puertos y fronteras de M\u00e9xico"},"content":{"rendered":"<p style=\"text-align: justify;\" data-sourcepos=\"11:1-11:459\">La Secretar\u00eda de Agricultura y Desarrollo Rural, a trav\u00e9s del Servicio Nacional de Sanidad, Inocuidad y Calidad Agroalimentaria (Senasica), ha fortalecido el arsenal contra plagas y enfermedades que puedan afectar la producci\u00f3n agr\u00edcola del pa\u00eds.<\/p>\n<\/p>\n<p>&nbsp;<\/p>\n<p style=\"text-align: justify;\" data-sourcepos=\"11:1-11:459\">Con la incorporaci\u00f3n de 13 nuevos caninos, altamente entrenados en el Centro de Adiestramiento Canino (Ceacan), se busca garantizar la sanidad de los productos agroalimentarios que ingresan a M\u00e9xico.<\/p>\n<\/p>\n<p>&nbsp;<\/p>\n<p style=\"text-align: justify;\" data-sourcepos=\"13:1-13:406\">Estos nuevos integrantes de la fuerza canina del Senasica son capaces de detectar una amplia variedad de plagas y enfermedades, desde gusanos barrenadores en el ganado hasta productos c\u00e1rnicos de cerdo que puedan ser portadores de la peste porcina africana.<\/p>\n<\/p>\n<p>&nbsp;<\/p>\n<p style=\"text-align: justify;\" data-sourcepos=\"13:1-13:406\">Su agudo olfato y su entrenamiento especializado los convierten en una herramienta invaluable para proteger el patrimonio agroalimentario de M\u00e9xico.<\/p>\n<\/p>\n<p>&nbsp;<\/p>\n<p style=\"text-align: justify;\" data-sourcepos=\"15:1-15:275\">Gracias a la labor de estos binomios caninos, se ha logrado interceptar un gran n\u00famero de productos de riesgo en puertos, aeropuertos y fronteras, contribuyendo a prevenir la introducci\u00f3n de plagas y enfermedades que podr\u00edan causar graves da\u00f1os a la agricultura nacional.<\/p>\n<\/p>\n<p>&nbsp;<\/p>\n<p style=\"text-align: justify;\" data-sourcepos=\"17:1-17:183\">Es importante destacar que los perros utilizados en estas tareas son rescatados de albergues o donados por particulares, brind\u00e1ndoles as\u00ed una segunda oportunidad y un prop\u00f3sito noble.<\/p>\n<\/p>\n<p>&nbsp;<\/p>\n<p style=\"text-align: justify;\" data-sourcepos=\"19:1-19:240\">El Senasica cuenta actualmente con m\u00e1s de 90 inspectores caninos, los cuales revisan un promedio de 250 mil embarques comerciales, m\u00e1s de dos millones de equipajes e interceptan m\u00e1s de 100 mil kilogramos de productos de riesgo cada a\u00f1o.<\/p>\n<\/p>\n<p>&nbsp;<\/p>\n<p style=\"text-align: center;\" data-sourcepos=\"19:1-19:240\"><em><strong>\u00a1Informaci\u00f3n que transforma!<\/strong><\/em><\/p>\n","protected":false},"excerpt":{"rendered":"<p>La Secretar\u00eda de Agricultura y Desarrollo Rural, a trav\u00e9s del Servicio Nacional de Sanidad, Inocuidad y Calidad Agroalimentaria (Senasica), ha fortalecido su arsenal contra plagas y enfermedades que puedan afectar la producci\u00f3n agr\u00edcola del pa\u00eds.<\/p>\n","protected":false},"author":3,"featured_media":8831,"comment_status":"open","ping_status":"open","sticky":false,"template":"","format":"standard","meta":{"footnotes":""},"categories":[88,58],"tags":[1204,2829,1547,2044],"class_list":["post-8826","post","type-post","status-publish","format-standard","has-post-thumbnail","hentry","category-nacional","category-ultima-hora","tag-agricultura","tag-perrosdetectives","tag-seguridadalimentaria","tag-senasica"],"yoast_head":"<!-- This site is optimized with the Yoast SEO plugin v25.0 - https:\/\/yoast.com\/wordpress\/plugins\/seo\/ -->\n<title>13 Caninos especializados fortalecen la vigilancia sanitaria en puertos y fronteras de M\u00e9xico | Nexo Informativo Santiago de Quer\u00e9taro<\/title>\n<meta name=\"description\" content=\"13 Caninos especializados fortalecen la vigilancia sanitaria en puertos y fronteras de M\u00e9xico\" \/>\n<meta name=\"robots\" content=\"index, follow, max-snippet:-1, max-image-preview:large, max-video-preview:-1\" \/>\n<link rel=\"canonical\" href=\"https:\/\/www.nexoinformativo.mx\/index.php\/2024\/12\/26\/13-caninos-especializados-fortalecen-la-vigilancia-sanitaria-en-puertos-y-fronteras-de-mexico\/\" \/>\n<meta property=\"og:locale\" content=\"es_MX\" \/>\n<meta property=\"og:type\" content=\"article\" \/>\n<meta property=\"og:title\" content=\"13 Caninos especializados fortalecen la vigilancia sanitaria en puertos y fronteras de M\u00e9xico | Nexo Informativo Santiago de Quer\u00e9taro\" \/>\n<meta property=\"og:description\" content=\"13 Caninos especializados fortalecen la vigilancia sanitaria en puertos y fronteras de M\u00e9xico\" \/>\n<meta property=\"og:url\" content=\"https:\/\/www.nexoinformativo.mx\/index.php\/2024\/12\/26\/13-caninos-especializados-fortalecen-la-vigilancia-sanitaria-en-puertos-y-fronteras-de-mexico\/\" \/>\n<meta property=\"og:site_name\" content=\"Nexo Informativo Santiago de Quer\u00e9taro\" \/>\n<meta property=\"article:publisher\" content=\"https:\/\/www.facebook.com\/people\/Nexo-Informativo\/61564066885511\/\" \/>\n<meta property=\"article:published_time\" content=\"2024-12-26T13:00:30+00:00\" \/>\n<meta property=\"article:modified_time\" content=\"2024-12-26T14:13:21+00:00\" \/>\n<meta property=\"og:image\" content=\"https:\/\/www.nexoinformativo.mx\/wp-content\/uploads\/2024\/12\/IMG_8849.jpg\" \/>\n\t<meta property=\"og:image:width\" content=\"650\" \/>\n\t<meta property=\"og:image:height\" content=\"380\" \/>\n\t<meta property=\"og:image:type\" content=\"image\/jpeg\" \/>\n<meta name=\"author\" content=\"Nexo Informativo\" \/>\n<meta name=\"twitter:card\" content=\"summary_large_image\" \/>\n<meta name=\"twitter:label1\" content=\"Escrito por\" \/>\n\t<meta name=\"twitter:data1\" content=\"Nexo Informativo\" \/>\n\t<meta name=\"twitter:label2\" content=\"Tiempo de lectura\" \/>\n\t<meta name=\"twitter:data2\" content=\"2 minutos\" \/>\n<script type=\"application\/ld+json\" class=\"yoast-schema-graph\">{\"@context\":\"https:\/\/schema.org\",\"@graph\":[{\"@type\":\"Article\",\"@id\":\"https:\/\/www.nexoinformativo.mx\/index.php\/2024\/12\/26\/13-caninos-especializados-fortalecen-la-vigilancia-sanitaria-en-puertos-y-fronteras-de-mexico\/#article\",\"isPartOf\":{\"@id\":\"https:\/\/www.nexoinformativo.mx\/index.php\/2024\/12\/26\/13-caninos-especializados-fortalecen-la-vigilancia-sanitaria-en-puertos-y-fronteras-de-mexico\/\"},\"author\":{\"name\":\"Nexo Informativo\",\"@id\":\"https:\/\/www.nexoinformativo.mx\/#\/schema\/person\/7749d380ba08c8ca00d7bc76fd907b7d\"},\"headline\":\"13 Caninos especializados fortalecen la vigilancia sanitaria en puertos y fronteras de M\u00e9xico\",\"datePublished\":\"2024-12-26T13:00:30+00:00\",\"dateModified\":\"2024-12-26T14:13:21+00:00\",\"mainEntityOfPage\":{\"@id\":\"https:\/\/www.nexoinformativo.mx\/index.php\/2024\/12\/26\/13-caninos-especializados-fortalecen-la-vigilancia-sanitaria-en-puertos-y-fronteras-de-mexico\/\"},\"wordCount\":271,\"commentCount\":0,\"publisher\":{\"@id\":\"https:\/\/www.nexoinformativo.mx\/#organization\"},\"image\":{\"@id\":\"https:\/\/www.nexoinformativo.mx\/index.php\/2024\/12\/26\/13-caninos-especializados-fortalecen-la-vigilancia-sanitaria-en-puertos-y-fronteras-de-mexico\/#primaryimage\"},\"thumbnailUrl\":\"https:\/\/www.nexoinformativo.mx\/wp-content\/uploads\/2024\/12\/IMG_8849.jpg\",\"keywords\":[\"Agricultura\",\"PerrosDetectives\",\"SeguridadAlimentaria\",\"Senasica\"],\"articleSection\":[\"Nacional\",\"\u00daltima Hora\"],\"inLanguage\":\"es\",\"potentialAction\":[{\"@type\":\"CommentAction\",\"name\":\"Comment\",\"target\":[\"https:\/\/www.nexoinformativo.mx\/index.php\/2024\/12\/26\/13-caninos-especializados-fortalecen-la-vigilancia-sanitaria-en-puertos-y-fronteras-de-mexico\/#respond\"]}]},{\"@type\":\"WebPage\",\"@id\":\"https:\/\/www.nexoinformativo.mx\/index.php\/2024\/12\/26\/13-caninos-especializados-fortalecen-la-vigilancia-sanitaria-en-puertos-y-fronteras-de-mexico\/\",\"url\":\"https:\/\/www.nexoinformativo.mx\/index.php\/2024\/12\/26\/13-caninos-especializados-fortalecen-la-vigilancia-sanitaria-en-puertos-y-fronteras-de-mexico\/\",\"name\":\"13 Caninos especializados fortalecen la vigilancia sanitaria en puertos y fronteras de M\u00e9xico | Nexo Informativo Santiago de Quer\u00e9taro\",\"isPartOf\":{\"@id\":\"https:\/\/www.nexoinformativo.mx\/#website\"},\"primaryImageOfPage\":{\"@id\":\"https:\/\/www.nexoinformativo.mx\/index.php\/2024\/12\/26\/13-caninos-especializados-fortalecen-la-vigilancia-sanitaria-en-puertos-y-fronteras-de-mexico\/#primaryimage\"},\"image\":{\"@id\":\"https:\/\/www.nexoinformativo.mx\/index.php\/2024\/12\/26\/13-caninos-especializados-fortalecen-la-vigilancia-sanitaria-en-puertos-y-fronteras-de-mexico\/#primaryimage\"},\"thumbnailUrl\":\"https:\/\/www.nexoinformativo.mx\/wp-content\/uploads\/2024\/12\/IMG_8849.jpg\",\"datePublished\":\"2024-12-26T13:00:30+00:00\",\"dateModified\":\"2024-12-26T14:13:21+00:00\",\"description\":\"13 Caninos especializados fortalecen la vigilancia sanitaria en puertos y fronteras de M\u00e9xico\",\"breadcrumb\":{\"@id\":\"https:\/\/www.nexoinformativo.mx\/index.php\/2024\/12\/26\/13-caninos-especializados-fortalecen-la-vigilancia-sanitaria-en-puertos-y-fronteras-de-mexico\/#breadcrumb\"},\"inLanguage\":\"es\",\"potentialAction\":[{\"@type\":\"ReadAction\",\"target\":[\"https:\/\/www.nexoinformativo.mx\/index.php\/2024\/12\/26\/13-caninos-especializados-fortalecen-la-vigilancia-sanitaria-en-puertos-y-fronteras-de-mexico\/\"]}]},{\"@type\":\"ImageObject\",\"inLanguage\":\"es\",\"@id\":\"https:\/\/www.nexoinformativo.mx\/index.php\/2024\/12\/26\/13-caninos-especializados-fortalecen-la-vigilancia-sanitaria-en-puertos-y-fronteras-de-mexico\/#primaryimage\",\"url\":\"https:\/\/www.nexoinformativo.mx\/wp-content\/uploads\/2024\/12\/IMG_8849.jpg\",\"contentUrl\":\"https:\/\/www.nexoinformativo.mx\/wp-content\/uploads\/2024\/12\/IMG_8849.jpg\",\"width\":650,\"height\":380},{\"@type\":\"BreadcrumbList\",\"@id\":\"https:\/\/www.nexoinformativo.mx\/index.php\/2024\/12\/26\/13-caninos-especializados-fortalecen-la-vigilancia-sanitaria-en-puertos-y-fronteras-de-mexico\/#breadcrumb\",\"itemListElement\":[{\"@type\":\"ListItem\",\"position\":1,\"name\":\"Inicio\",\"item\":\"https:\/\/www.nexoinformativo.mx\/\"},{\"@type\":\"ListItem\",\"position\":2,\"name\":\"13 Caninos especializados fortalecen la vigilancia sanitaria en puertos y fronteras de M\u00e9xico\"}]},{\"@type\":\"WebSite\",\"@id\":\"https:\/\/www.nexoinformativo.mx\/#website\",\"url\":\"https:\/\/www.nexoinformativo.mx\/\",\"name\":\"Nexo Informativo Santiago de Quer\u00e9taro\",\"description\":\"Explora NexoInformativo y convi\u00e9rtete en parte de una comunidad que valora el conocimiento y la verdad. Tu nexoinformativo es tu puente hacia una comprensi\u00f3n m\u00e1s profunda del mundo que te rodea.\",\"publisher\":{\"@id\":\"https:\/\/www.nexoinformativo.mx\/#organization\"},\"potentialAction\":[{\"@type\":\"SearchAction\",\"target\":{\"@type\":\"EntryPoint\",\"urlTemplate\":\"https:\/\/www.nexoinformativo.mx\/?s={search_term_string}\"},\"query-input\":{\"@type\":\"PropertyValueSpecification\",\"valueRequired\":true,\"valueName\":\"search_term_string\"}}],\"inLanguage\":\"es\"},{\"@type\":\"Organization\",\"@id\":\"https:\/\/www.nexoinformativo.mx\/#organization\",\"name\":\"Nexo Informativo Santiago de Quer\u00e9taro\",\"url\":\"https:\/\/www.nexoinformativo.mx\/\",\"logo\":{\"@type\":\"ImageObject\",\"inLanguage\":\"es\",\"@id\":\"https:\/\/www.nexoinformativo.mx\/#\/schema\/logo\/image\/\",\"url\":\"https:\/\/www.nexoinformativo.mx\/wp-content\/uploads\/2024\/07\/nexoi-trasparente-2.png\",\"contentUrl\":\"https:\/\/www.nexoinformativo.mx\/wp-content\/uploads\/2024\/07\/nexoi-trasparente-2.png\",\"width\":816,\"height\":339,\"caption\":\"Nexo Informativo Santiago de Quer\u00e9taro\"},\"image\":{\"@id\":\"https:\/\/www.nexoinformativo.mx\/#\/schema\/logo\/image\/\"},\"sameAs\":[\"https:\/\/www.facebook.com\/people\/Nexo-Informativo\/61564066885511\/\"]},{\"@type\":\"Person\",\"@id\":\"https:\/\/www.nexoinformativo.mx\/#\/schema\/person\/7749d380ba08c8ca00d7bc76fd907b7d\",\"name\":\"Nexo Informativo\",\"image\":{\"@type\":\"ImageObject\",\"inLanguage\":\"es\",\"@id\":\"https:\/\/www.nexoinformativo.mx\/#\/schema\/person\/image\/\",\"url\":\"https:\/\/secure.gravatar.com\/avatar\/dde2928154642a13d95f87ddf1ea9718fe2b46760a005c53e41ff5ad610704e6?s=96&d=mm&r=g\",\"contentUrl\":\"https:\/\/secure.gravatar.com\/avatar\/dde2928154642a13d95f87ddf1ea9718fe2b46760a005c53e41ff5ad610704e6?s=96&d=mm&r=g\",\"caption\":\"Nexo Informativo\"},\"url\":\"https:\/\/www.nexoinformativo.mx\/index.php\/author\/edicion\/\"}]}<\/script>\n<!-- \/ Yoast SEO plugin. -->","yoast_head_json":{"title":"13 Caninos especializados fortalecen la vigilancia sanitaria en puertos y fronteras de M\u00e9xico | Nexo Informativo Santiago de Quer\u00e9taro","description":"13 Caninos especializados fortalecen la vigilancia sanitaria en puertos y fronteras de M\u00e9xico","robots":{"index":"index","follow":"follow","max-snippet":"max-snippet:-1","max-image-preview":"max-image-preview:large","max-video-preview":"max-video-preview:-1"},"canonical":"https:\/\/www.nexoinformativo.mx\/index.php\/2024\/12\/26\/13-caninos-especializados-fortalecen-la-vigilancia-sanitaria-en-puertos-y-fronteras-de-mexico\/","og_locale":"es_MX","og_type":"article","og_title":"13 Caninos especializados fortalecen la vigilancia sanitaria en puertos y fronteras de M\u00e9xico | Nexo Informativo Santiago de Quer\u00e9taro","og_description":"13 Caninos especializados fortalecen la vigilancia sanitaria en puertos y fronteras de M\u00e9xico","og_url":"https:\/\/www.nexoinformativo.mx\/index.php\/2024\/12\/26\/13-caninos-especializados-fortalecen-la-vigilancia-sanitaria-en-puertos-y-fronteras-de-mexico\/","og_site_name":"Nexo Informativo Santiago de Quer\u00e9taro","article_publisher":"https:\/\/www.facebook.com\/people\/Nexo-Informativo\/61564066885511\/","article_published_time":"2024-12-26T13:00:30+00:00","article_modified_time":"2024-12-26T14:13:21+00:00","og_image":[{"width":650,"height":380,"url":"https:\/\/www.nexoinformativo.mx\/wp-content\/uploads\/2024\/12\/IMG_8849.jpg","type":"image\/jpeg"}],"author":"Nexo Informativo","twitter_card":"summary_large_image","twitter_misc":{"Escrito por":"Nexo Informativo","Tiempo de lectura":"2 minutos"},"schema":{"@context":"https:\/\/schema.org","@graph":[{"@type":"Article","@id":"https:\/\/www.nexoinformativo.mx\/index.php\/2024\/12\/26\/13-caninos-especializados-fortalecen-la-vigilancia-sanitaria-en-puertos-y-fronteras-de-mexico\/#article","isPartOf":{"@id":"https:\/\/www.nexoinformativo.mx\/index.php\/2024\/12\/26\/13-caninos-especializados-fortalecen-la-vigilancia-sanitaria-en-puertos-y-fronteras-de-mexico\/"},"author":{"name":"Nexo Informativo","@id":"https:\/\/www.nexoinformativo.mx\/#\/schema\/person\/7749d380ba08c8ca00d7bc76fd907b7d"},"headline":"13 Caninos especializados fortalecen la vigilancia sanitaria en puertos y fronteras de M\u00e9xico","datePublished":"2024-12-26T13:00:30+00:00","dateModified":"2024-12-26T14:13:21+00:00","mainEntityOfPage":{"@id":"https:\/\/www.nexoinformativo.mx\/index.php\/2024\/12\/26\/13-caninos-especializados-fortalecen-la-vigilancia-sanitaria-en-puertos-y-fronteras-de-mexico\/"},"wordCount":271,"commentCount":0,"publisher":{"@id":"https:\/\/www.nexoinformativo.mx\/#organization"},"image":{"@id":"https:\/\/www.nexoinformativo.mx\/index.php\/2024\/12\/26\/13-caninos-especializados-fortalecen-la-vigilancia-sanitaria-en-puertos-y-fronteras-de-mexico\/#primaryimage"},"thumbnailUrl":"https:\/\/www.nexoinformativo.mx\/wp-content\/uploads\/2024\/12\/IMG_8849.jpg","keywords":["Agricultura","PerrosDetectives","SeguridadAlimentaria","Senasica"],"articleSection":["Nacional","\u00daltima Hora"],"inLanguage":"es","potentialAction":[{"@type":"CommentAction","name":"Comment","target":["https:\/\/www.nexoinformativo.mx\/index.php\/2024\/12\/26\/13-caninos-especializados-fortalecen-la-vigilancia-sanitaria-en-puertos-y-fronteras-de-mexico\/#respond"]}]},{"@type":"WebPage","@id":"https:\/\/www.nexoinformativo.mx\/index.php\/2024\/12\/26\/13-caninos-especializados-fortalecen-la-vigilancia-sanitaria-en-puertos-y-fronteras-de-mexico\/","url":"https:\/\/www.nexoinformativo.mx\/index.php\/2024\/12\/26\/13-caninos-especializados-fortalecen-la-vigilancia-sanitaria-en-puertos-y-fronteras-de-mexico\/","name":"13 Caninos especializados fortalecen la vigilancia sanitaria en puertos y fronteras de M\u00e9xico | Nexo Informativo Santiago de Quer\u00e9taro","isPartOf":{"@id":"https:\/\/www.nexoinformativo.mx\/#website"},"primaryImageOfPage":{"@id":"https:\/\/www.nexoinformativo.mx\/index.php\/2024\/12\/26\/13-caninos-especializados-fortalecen-la-vigilancia-sanitaria-en-puertos-y-fronteras-de-mexico\/#primaryimage"},"image":{"@id":"https:\/\/www.nexoinformativo.mx\/index.php\/2024\/12\/26\/13-caninos-especializados-fortalecen-la-vigilancia-sanitaria-en-puertos-y-fronteras-de-mexico\/#primaryimage"},"thumbnailUrl":"https:\/\/www.nexoinformativo.mx\/wp-content\/uploads\/2024\/12\/IMG_8849.jpg","datePublished":"2024-12-26T13:00:30+00:00","dateModified":"2024-12-26T14:13:21+00:00","description":"13 Caninos especializados fortalecen la vigilancia sanitaria en puertos y fronteras de M\u00e9xico","breadcrumb":{"@id":"https:\/\/www.nexoinformativo.mx\/index.php\/2024\/12\/26\/13-caninos-especializados-fortalecen-la-vigilancia-sanitaria-en-puertos-y-fronteras-de-mexico\/#breadcrumb"},"inLanguage":"es","potentialAction":[{"@type":"ReadAction","target":["https:\/\/www.nexoinformativo.mx\/index.php\/2024\/12\/26\/13-caninos-especializados-fortalecen-la-vigilancia-sanitaria-en-puertos-y-fronteras-de-mexico\/"]}]},{"@type":"ImageObject","inLanguage":"es","@id":"https:\/\/www.nexoinformativo.mx\/index.php\/2024\/12\/26\/13-caninos-especializados-fortalecen-la-vigilancia-sanitaria-en-puertos-y-fronteras-de-mexico\/#primaryimage","url":"https:\/\/www.nexoinformativo.mx\/wp-content\/uploads\/2024\/12\/IMG_8849.jpg","contentUrl":"https:\/\/www.nexoinformativo.mx\/wp-content\/uploads\/2024\/12\/IMG_8849.jpg","width":650,"height":380},{"@type":"BreadcrumbList","@id":"https:\/\/www.nexoinformativo.mx\/index.php\/2024\/12\/26\/13-caninos-especializados-fortalecen-la-vigilancia-sanitaria-en-puertos-y-fronteras-de-mexico\/#breadcrumb","itemListElement":[{"@type":"ListItem","position":1,"name":"Inicio","item":"https:\/\/www.nexoinformativo.mx\/"},{"@type":"ListItem","position":2,"name":"13 Caninos especializados fortalecen la vigilancia sanitaria en puertos y fronteras de M\u00e9xico"}]},{"@type":"WebSite","@id":"https:\/\/www.nexoinformativo.mx\/#website","url":"https:\/\/www.nexoinformativo.mx\/","name":"Nexo Informativo Santiago de Quer\u00e9taro","description":"Explora NexoInformativo y convi\u00e9rtete en parte de una comunidad que valora el conocimiento y la verdad. Tu nexoinformativo es tu puente hacia una comprensi\u00f3n m\u00e1s profunda del mundo que te rodea.","publisher":{"@id":"https:\/\/www.nexoinformativo.mx\/#organization"},"potentialAction":[{"@type":"SearchAction","target":{"@type":"EntryPoint","urlTemplate":"https:\/\/www.nexoinformativo.mx\/?s={search_term_string}"},"query-input":{"@type":"PropertyValueSpecification","valueRequired":true,"valueName":"search_term_string"}}],"inLanguage":"es"},{"@type":"Organization","@id":"https:\/\/www.nexoinformativo.mx\/#organization","name":"Nexo Informativo Santiago de Quer\u00e9taro","url":"https:\/\/www.nexoinformativo.mx\/","logo":{"@type":"ImageObject","inLanguage":"es","@id":"https:\/\/www.nexoinformativo.mx\/#\/schema\/logo\/image\/","url":"https:\/\/www.nexoinformativo.mx\/wp-content\/uploads\/2024\/07\/nexoi-trasparente-2.png","contentUrl":"https:\/\/www.nexoinformativo.mx\/wp-content\/uploads\/2024\/07\/nexoi-trasparente-2.png","width":816,"height":339,"caption":"Nexo Informativo Santiago de Quer\u00e9taro"},"image":{"@id":"https:\/\/www.nexoinformativo.mx\/#\/schema\/logo\/image\/"},"sameAs":["https:\/\/www.facebook.com\/people\/Nexo-Informativo\/61564066885511\/"]},{"@type":"Person","@id":"https:\/\/www.nexoinformativo.mx\/#\/schema\/person\/7749d380ba08c8ca00d7bc76fd907b7d","name":"Nexo Informativo","image":{"@type":"ImageObject","inLanguage":"es","@id":"https:\/\/www.nexoinformativo.mx\/#\/schema\/person\/image\/","url":"https:\/\/secure.gravatar.com\/avatar\/dde2928154642a13d95f87ddf1ea9718fe2b46760a005c53e41ff5ad610704e6?s=96&d=mm&r=g","contentUrl":"https:\/\/secure.gravatar.com\/avatar\/dde2928154642a13d95f87ddf1ea9718fe2b46760a005c53e41ff5ad610704e6?s=96&d=mm&r=g","caption":"Nexo Informativo"},"url":"https:\/\/www.nexoinformativo.mx\/index.php\/author\/edicion\/"}]}},"_links":{"self":[{"href":"https:\/\/www.nexoinformativo.mx\/index.php\/wp-json\/wp\/v2\/posts\/8826","targetHints":{"allow":["GET"]}}],"collection":[{"href":"https:\/\/www.nexoinformativo.mx\/index.php\/wp-json\/wp\/v2\/posts"}],"about":[{"href":"https:\/\/www.nexoinformativo.mx\/index.php\/wp-json\/wp\/v2\/types\/post"}],"author":[{"embeddable":true,"href":"https:\/\/www.nexoinformativo.mx\/index.php\/wp-json\/wp\/v2\/users\/3"}],"replies":[{"embeddable":true,"href":"https:\/\/www.nexoinformativo.mx\/index.php\/wp-json\/wp\/v2\/comments?post=8826"}],"version-history":[{"count":4,"href":"https:\/\/www.nexoinformativo.mx\/index.php\/wp-json\/wp\/v2\/posts\/8826\/revisions"}],"predecessor-version":[{"id":8828,"href":"https:\/\/www.nexoinformativo.mx\/index.php\/wp-json\/wp\/v2\/posts\/8826\/revisions\/8828"}],"wp:featuredmedia":[{"embeddable":true,"href":"https:\/\/www.nexoinformativo.mx\/index.php\/wp-json\/wp\/v2\/media\/8831"}],"wp:attachment":[{"href":"https:\/\/www.nexoinformativo.mx\/index.php\/wp-json\/wp\/v2\/media?parent=8826"}],"wp:term":[{"taxonomy":"category","embeddable":true,"href":"https:\/\/www.nexoinformativo.mx\/index.php\/wp-json\/wp\/v2\/categories?post=8826"},{"taxonomy":"post_tag","embeddable":true,"href":"https:\/\/www.nexoinformativo.mx\/index.php\/wp-json\/wp\/v2\/tags?post=8826"}],"curies":[{"name":"wp","href":"https:\/\/api.w.org\/{rel}","templated":true}]}}