{"id":8832,"date":"2024-12-26T07:15:26","date_gmt":"2024-12-26T13:15:26","guid":{"rendered":"https:\/\/www.nexoinformativo.mx\/?p=8832"},"modified":"2024-12-26T08:18:57","modified_gmt":"2024-12-26T14:18:57","slug":"viaja-mas-barato-descuentos-en-transporte-para-estudiantes-y-maestros-hasta-enero","status":"publish","type":"post","link":"https:\/\/www.nexoinformativo.mx\/index.php\/2024\/12\/26\/viaja-mas-barato-descuentos-en-transporte-para-estudiantes-y-maestros-hasta-enero\/","title":{"rendered":"Viaja m\u00e1s barato: Descuentos en transporte para estudiantes y maestros hasta enero"},"content":{"rendered":"<p style=\"text-align: justify;\" data-sourcepos=\"11:1-11:341\">\u00a1Buenas noticias para estudiantes y maestros! <strong>La Secretar\u00eda de Infraestructura, Comunicaciones y Transportes<\/strong> (SICT) ha extendido los descuentos en el servicio de transporte ferroviario y de autotransporte federal de pasajeros. Esto significa que estudiantes y profesores podr\u00e1n disfrutar de tarifas reducidas hasta el 3 de enero de 2025.<\/p>\n<p>&nbsp;<\/p>\n<p style=\"text-align: justify;\" data-sourcepos=\"13:1-13:258\">Los descuentos, que aplican en toda la Rep\u00fablica Mexicana, son del 50% para estudiantes y del 25% para maestros. Para hacer v\u00e1lido el descuento, los usuarios deber\u00e1n presentar su credencial escolar vigente y pertenecer a una instituci\u00f3n educativa reconocida.<\/p>\n<p>&nbsp;<\/p>\n<p style=\"text-align: justify;\" data-sourcepos=\"15:1-15:46\"><strong>\u00bfQui\u00e9nes pueden aprovechar este beneficio?<\/strong><\/p>\n<p>&nbsp;<\/p>\n<ul style=\"text-align: justify;\" data-sourcepos=\"17:1-20:0\">\n<li style=\"list-style-type: none;\">\n<ul style=\"text-align: justify;\" data-sourcepos=\"17:1-20:0\">\n<li data-sourcepos=\"17:1-17:112\">Alumnos de preescolar, primaria, secundaria, normal y dem\u00e1s para la formaci\u00f3n de maestros de educaci\u00f3n b\u00e1sica.<\/li>\n<li data-sourcepos=\"18:1-18:51\">Estudiantes de universidades p\u00fablicas y privadas.<\/li>\n<li data-sourcepos=\"19:1-20:0\">Maestros de educaci\u00f3n b\u00e1sica.<\/li>\n<\/ul>\n<\/li>\n<\/ul>\n<p>&nbsp;<\/p>\n<p style=\"text-align: justify;\" data-sourcepos=\"23:1-23:161\">Para obtener el descuento, simplemente presenta tu credencial escolar vigente al momento de adquirir tu boleto en las taquillas o al realizar tu compra en l\u00ednea.<\/p>\n<\/p>\n<p>&nbsp;<\/p>\n<p style=\"text-align: justify;\" data-sourcepos=\"27:1-27:142\">Los descuentos estar\u00e1n vigentes hasta el 3 de enero de 2025, por lo que podr\u00e1s aprovecharlos para tus viajes de fin de a\u00f1o y regreso a clases.<\/p>\n<\/p>\n<p>&nbsp;<\/p>\n<p style=\"text-align: justify;\" data-sourcepos=\"31:1-31:252\">Si consideras que te han cobrado una tarifa mayor a la establecida, puedes presentar una queja ante la Agencia Reguladora del Transporte Ferroviario (en el caso de trenes) o ante la Direcci\u00f3n General de Autotransporte Federal (en el caso de autobuses).\u00a0\u00a1Aprovecha esta oportunidad para viajar m\u00e1s y ahorrar m\u00e1s!<\/p>\n<\/p>\n<p>&nbsp;<\/p>\n<p style=\"text-align: center;\" data-sourcepos=\"31:1-31:252\"><em><strong>\u00a1Informaci\u00f3n que transforma!<\/strong><\/em><\/p>\n","protected":false},"excerpt":{"rendered":"<p>\u00a1Buenas noticias para estudiantes y maestros! La Secretar\u00eda de Infraestructura, Comunicaciones y Transportes (SICT) ha extendido los descuentos en el servicio de transporte ferroviario y de autotransporte federal de pasajeros. Esto significa que estudiantes y profesores podr\u00e1n disfrutar de tarifas reducidas hasta el 3 de enero de 2025.<\/p>\n","protected":false},"author":3,"featured_media":8833,"comment_status":"open","ping_status":"open","sticky":false,"template":"","format":"standard","meta":{"footnotes":""},"categories":[5,88,58],"tags":[2830,596,2584,2831],"class_list":["post-8832","post","type-post","status-publish","format-standard","has-post-thumbnail","hentry","category-economia","category-nacional","category-ultima-hora","tag-descuentosestudiantes","tag-transportepublico","tag-vacaciones","tag-viajamasbarato"],"yoast_head":"<!-- This site is optimized with the Yoast SEO plugin v25.0 - https:\/\/yoast.com\/wordpress\/plugins\/seo\/ -->\n<title>Viaja m\u00e1s barato: Descuentos en transporte para estudiantes y maestros hasta enero | Nexo Informativo Santiago de Quer\u00e9taro<\/title>\n<meta name=\"description\" content=\"Viaja m\u00e1s barato: Descuentos en transporte para estudiantes y maestros hasta enero\" \/>\n<meta name=\"robots\" content=\"index, follow, max-snippet:-1, max-image-preview:large, max-video-preview:-1\" \/>\n<link rel=\"canonical\" href=\"https:\/\/www.nexoinformativo.mx\/index.php\/2024\/12\/26\/viaja-mas-barato-descuentos-en-transporte-para-estudiantes-y-maestros-hasta-enero\/\" \/>\n<meta property=\"og:locale\" content=\"es_MX\" \/>\n<meta property=\"og:type\" content=\"article\" \/>\n<meta property=\"og:title\" content=\"Viaja m\u00e1s barato: Descuentos en transporte para estudiantes y maestros hasta enero | Nexo Informativo Santiago de Quer\u00e9taro\" \/>\n<meta property=\"og:description\" content=\"Viaja m\u00e1s barato: Descuentos en transporte para estudiantes y maestros hasta enero\" \/>\n<meta property=\"og:url\" content=\"https:\/\/www.nexoinformativo.mx\/index.php\/2024\/12\/26\/viaja-mas-barato-descuentos-en-transporte-para-estudiantes-y-maestros-hasta-enero\/\" \/>\n<meta property=\"og:site_name\" content=\"Nexo Informativo Santiago de Quer\u00e9taro\" \/>\n<meta property=\"article:publisher\" content=\"https:\/\/www.facebook.com\/people\/Nexo-Informativo\/61564066885511\/\" \/>\n<meta property=\"article:published_time\" content=\"2024-12-26T13:15:26+00:00\" \/>\n<meta property=\"article:modified_time\" content=\"2024-12-26T14:18:57+00:00\" \/>\n<meta property=\"og:image\" content=\"https:\/\/www.nexoinformativo.mx\/wp-content\/uploads\/2024\/12\/IMG_8850.jpg\" \/>\n\t<meta property=\"og:image:width\" content=\"650\" \/>\n\t<meta property=\"og:image:height\" content=\"380\" \/>\n\t<meta property=\"og:image:type\" content=\"image\/jpeg\" \/>\n<meta name=\"author\" content=\"Nexo Informativo\" \/>\n<meta name=\"twitter:card\" content=\"summary_large_image\" \/>\n<meta name=\"twitter:label1\" content=\"Escrito por\" \/>\n\t<meta name=\"twitter:data1\" content=\"Nexo Informativo\" \/>\n\t<meta name=\"twitter:label2\" content=\"Tiempo de lectura\" \/>\n\t<meta name=\"twitter:data2\" content=\"2 minutos\" \/>\n<script type=\"application\/ld+json\" class=\"yoast-schema-graph\">{\"@context\":\"https:\/\/schema.org\",\"@graph\":[{\"@type\":\"Article\",\"@id\":\"https:\/\/www.nexoinformativo.mx\/index.php\/2024\/12\/26\/viaja-mas-barato-descuentos-en-transporte-para-estudiantes-y-maestros-hasta-enero\/#article\",\"isPartOf\":{\"@id\":\"https:\/\/www.nexoinformativo.mx\/index.php\/2024\/12\/26\/viaja-mas-barato-descuentos-en-transporte-para-estudiantes-y-maestros-hasta-enero\/\"},\"author\":{\"name\":\"Nexo Informativo\",\"@id\":\"https:\/\/www.nexoinformativo.mx\/#\/schema\/person\/7749d380ba08c8ca00d7bc76fd907b7d\"},\"headline\":\"Viaja m\u00e1s barato: Descuentos en transporte para estudiantes y maestros hasta enero\",\"datePublished\":\"2024-12-26T13:15:26+00:00\",\"dateModified\":\"2024-12-26T14:18:57+00:00\",\"mainEntityOfPage\":{\"@id\":\"https:\/\/www.nexoinformativo.mx\/index.php\/2024\/12\/26\/viaja-mas-barato-descuentos-en-transporte-para-estudiantes-y-maestros-hasta-enero\/\"},\"wordCount\":260,\"commentCount\":0,\"publisher\":{\"@id\":\"https:\/\/www.nexoinformativo.mx\/#organization\"},\"image\":{\"@id\":\"https:\/\/www.nexoinformativo.mx\/index.php\/2024\/12\/26\/viaja-mas-barato-descuentos-en-transporte-para-estudiantes-y-maestros-hasta-enero\/#primaryimage\"},\"thumbnailUrl\":\"https:\/\/www.nexoinformativo.mx\/wp-content\/uploads\/2024\/12\/IMG_8850.jpg\",\"keywords\":[\"DescuentosEstudiantes\",\"TransporteP\u00fablico\",\"Vacaciones\",\"ViajaM\u00e1sBarato\"],\"articleSection\":[\"Econom\u00eda\",\"Nacional\",\"\u00daltima Hora\"],\"inLanguage\":\"es\",\"potentialAction\":[{\"@type\":\"CommentAction\",\"name\":\"Comment\",\"target\":[\"https:\/\/www.nexoinformativo.mx\/index.php\/2024\/12\/26\/viaja-mas-barato-descuentos-en-transporte-para-estudiantes-y-maestros-hasta-enero\/#respond\"]}]},{\"@type\":\"WebPage\",\"@id\":\"https:\/\/www.nexoinformativo.mx\/index.php\/2024\/12\/26\/viaja-mas-barato-descuentos-en-transporte-para-estudiantes-y-maestros-hasta-enero\/\",\"url\":\"https:\/\/www.nexoinformativo.mx\/index.php\/2024\/12\/26\/viaja-mas-barato-descuentos-en-transporte-para-estudiantes-y-maestros-hasta-enero\/\",\"name\":\"Viaja m\u00e1s barato: Descuentos en transporte para estudiantes y maestros hasta enero | Nexo Informativo Santiago de Quer\u00e9taro\",\"isPartOf\":{\"@id\":\"https:\/\/www.nexoinformativo.mx\/#website\"},\"primaryImageOfPage\":{\"@id\":\"https:\/\/www.nexoinformativo.mx\/index.php\/2024\/12\/26\/viaja-mas-barato-descuentos-en-transporte-para-estudiantes-y-maestros-hasta-enero\/#primaryimage\"},\"image\":{\"@id\":\"https:\/\/www.nexoinformativo.mx\/index.php\/2024\/12\/26\/viaja-mas-barato-descuentos-en-transporte-para-estudiantes-y-maestros-hasta-enero\/#primaryimage\"},\"thumbnailUrl\":\"https:\/\/www.nexoinformativo.mx\/wp-content\/uploads\/2024\/12\/IMG_8850.jpg\",\"datePublished\":\"2024-12-26T13:15:26+00:00\",\"dateModified\":\"2024-12-26T14:18:57+00:00\",\"description\":\"Viaja m\u00e1s barato: Descuentos en transporte para estudiantes y maestros hasta enero\",\"breadcrumb\":{\"@id\":\"https:\/\/www.nexoinformativo.mx\/index.php\/2024\/12\/26\/viaja-mas-barato-descuentos-en-transporte-para-estudiantes-y-maestros-hasta-enero\/#breadcrumb\"},\"inLanguage\":\"es\",\"potentialAction\":[{\"@type\":\"ReadAction\",\"target\":[\"https:\/\/www.nexoinformativo.mx\/index.php\/2024\/12\/26\/viaja-mas-barato-descuentos-en-transporte-para-estudiantes-y-maestros-hasta-enero\/\"]}]},{\"@type\":\"ImageObject\",\"inLanguage\":\"es\",\"@id\":\"https:\/\/www.nexoinformativo.mx\/index.php\/2024\/12\/26\/viaja-mas-barato-descuentos-en-transporte-para-estudiantes-y-maestros-hasta-enero\/#primaryimage\",\"url\":\"https:\/\/www.nexoinformativo.mx\/wp-content\/uploads\/2024\/12\/IMG_8850.jpg\",\"contentUrl\":\"https:\/\/www.nexoinformativo.mx\/wp-content\/uploads\/2024\/12\/IMG_8850.jpg\",\"width\":650,\"height\":380},{\"@type\":\"BreadcrumbList\",\"@id\":\"https:\/\/www.nexoinformativo.mx\/index.php\/2024\/12\/26\/viaja-mas-barato-descuentos-en-transporte-para-estudiantes-y-maestros-hasta-enero\/#breadcrumb\",\"itemListElement\":[{\"@type\":\"ListItem\",\"position\":1,\"name\":\"Inicio\",\"item\":\"https:\/\/www.nexoinformativo.mx\/\"},{\"@type\":\"ListItem\",\"position\":2,\"name\":\"Viaja m\u00e1s barato: Descuentos en transporte para estudiantes y maestros hasta enero\"}]},{\"@type\":\"WebSite\",\"@id\":\"https:\/\/www.nexoinformativo.mx\/#website\",\"url\":\"https:\/\/www.nexoinformativo.mx\/\",\"name\":\"Nexo Informativo Santiago de Quer\u00e9taro\",\"description\":\"Explora NexoInformativo y convi\u00e9rtete en parte de una comunidad que valora el conocimiento y la verdad. Tu nexoinformativo es tu puente hacia una comprensi\u00f3n m\u00e1s profunda del mundo que te rodea.\",\"publisher\":{\"@id\":\"https:\/\/www.nexoinformativo.mx\/#organization\"},\"potentialAction\":[{\"@type\":\"SearchAction\",\"target\":{\"@type\":\"EntryPoint\",\"urlTemplate\":\"https:\/\/www.nexoinformativo.mx\/?s={search_term_string}\"},\"query-input\":{\"@type\":\"PropertyValueSpecification\",\"valueRequired\":true,\"valueName\":\"search_term_string\"}}],\"inLanguage\":\"es\"},{\"@type\":\"Organization\",\"@id\":\"https:\/\/www.nexoinformativo.mx\/#organization\",\"name\":\"Nexo Informativo Santiago de Quer\u00e9taro\",\"url\":\"https:\/\/www.nexoinformativo.mx\/\",\"logo\":{\"@type\":\"ImageObject\",\"inLanguage\":\"es\",\"@id\":\"https:\/\/www.nexoinformativo.mx\/#\/schema\/logo\/image\/\",\"url\":\"https:\/\/www.nexoinformativo.mx\/wp-content\/uploads\/2024\/07\/nexoi-trasparente-2.png\",\"contentUrl\":\"https:\/\/www.nexoinformativo.mx\/wp-content\/uploads\/2024\/07\/nexoi-trasparente-2.png\",\"width\":816,\"height\":339,\"caption\":\"Nexo Informativo Santiago de Quer\u00e9taro\"},\"image\":{\"@id\":\"https:\/\/www.nexoinformativo.mx\/#\/schema\/logo\/image\/\"},\"sameAs\":[\"https:\/\/www.facebook.com\/people\/Nexo-Informativo\/61564066885511\/\"]},{\"@type\":\"Person\",\"@id\":\"https:\/\/www.nexoinformativo.mx\/#\/schema\/person\/7749d380ba08c8ca00d7bc76fd907b7d\",\"name\":\"Nexo Informativo\",\"image\":{\"@type\":\"ImageObject\",\"inLanguage\":\"es\",\"@id\":\"https:\/\/www.nexoinformativo.mx\/#\/schema\/person\/image\/\",\"url\":\"https:\/\/secure.gravatar.com\/avatar\/dde2928154642a13d95f87ddf1ea9718fe2b46760a005c53e41ff5ad610704e6?s=96&d=mm&r=g\",\"contentUrl\":\"https:\/\/secure.gravatar.com\/avatar\/dde2928154642a13d95f87ddf1ea9718fe2b46760a005c53e41ff5ad610704e6?s=96&d=mm&r=g\",\"caption\":\"Nexo Informativo\"},\"url\":\"https:\/\/www.nexoinformativo.mx\/index.php\/author\/edicion\/\"}]}<\/script>\n<!-- \/ Yoast SEO plugin. -->","yoast_head_json":{"title":"Viaja m\u00e1s barato: Descuentos en transporte para estudiantes y maestros hasta enero | Nexo Informativo Santiago de Quer\u00e9taro","description":"Viaja m\u00e1s barato: Descuentos en transporte para estudiantes y maestros hasta enero","robots":{"index":"index","follow":"follow","max-snippet":"max-snippet:-1","max-image-preview":"max-image-preview:large","max-video-preview":"max-video-preview:-1"},"canonical":"https:\/\/www.nexoinformativo.mx\/index.php\/2024\/12\/26\/viaja-mas-barato-descuentos-en-transporte-para-estudiantes-y-maestros-hasta-enero\/","og_locale":"es_MX","og_type":"article","og_title":"Viaja m\u00e1s barato: Descuentos en transporte para estudiantes y maestros hasta enero | Nexo Informativo Santiago de Quer\u00e9taro","og_description":"Viaja m\u00e1s barato: Descuentos en transporte para estudiantes y maestros hasta enero","og_url":"https:\/\/www.nexoinformativo.mx\/index.php\/2024\/12\/26\/viaja-mas-barato-descuentos-en-transporte-para-estudiantes-y-maestros-hasta-enero\/","og_site_name":"Nexo Informativo Santiago de Quer\u00e9taro","article_publisher":"https:\/\/www.facebook.com\/people\/Nexo-Informativo\/61564066885511\/","article_published_time":"2024-12-26T13:15:26+00:00","article_modified_time":"2024-12-26T14:18:57+00:00","og_image":[{"width":650,"height":380,"url":"https:\/\/www.nexoinformativo.mx\/wp-content\/uploads\/2024\/12\/IMG_8850.jpg","type":"image\/jpeg"}],"author":"Nexo Informativo","twitter_card":"summary_large_image","twitter_misc":{"Escrito por":"Nexo Informativo","Tiempo de lectura":"2 minutos"},"schema":{"@context":"https:\/\/schema.org","@graph":[{"@type":"Article","@id":"https:\/\/www.nexoinformativo.mx\/index.php\/2024\/12\/26\/viaja-mas-barato-descuentos-en-transporte-para-estudiantes-y-maestros-hasta-enero\/#article","isPartOf":{"@id":"https:\/\/www.nexoinformativo.mx\/index.php\/2024\/12\/26\/viaja-mas-barato-descuentos-en-transporte-para-estudiantes-y-maestros-hasta-enero\/"},"author":{"name":"Nexo Informativo","@id":"https:\/\/www.nexoinformativo.mx\/#\/schema\/person\/7749d380ba08c8ca00d7bc76fd907b7d"},"headline":"Viaja m\u00e1s barato: Descuentos en transporte para estudiantes y maestros hasta enero","datePublished":"2024-12-26T13:15:26+00:00","dateModified":"2024-12-26T14:18:57+00:00","mainEntityOfPage":{"@id":"https:\/\/www.nexoinformativo.mx\/index.php\/2024\/12\/26\/viaja-mas-barato-descuentos-en-transporte-para-estudiantes-y-maestros-hasta-enero\/"},"wordCount":260,"commentCount":0,"publisher":{"@id":"https:\/\/www.nexoinformativo.mx\/#organization"},"image":{"@id":"https:\/\/www.nexoinformativo.mx\/index.php\/2024\/12\/26\/viaja-mas-barato-descuentos-en-transporte-para-estudiantes-y-maestros-hasta-enero\/#primaryimage"},"thumbnailUrl":"https:\/\/www.nexoinformativo.mx\/wp-content\/uploads\/2024\/12\/IMG_8850.jpg","keywords":["DescuentosEstudiantes","TransporteP\u00fablico","Vacaciones","ViajaM\u00e1sBarato"],"articleSection":["Econom\u00eda","Nacional","\u00daltima Hora"],"inLanguage":"es","potentialAction":[{"@type":"CommentAction","name":"Comment","target":["https:\/\/www.nexoinformativo.mx\/index.php\/2024\/12\/26\/viaja-mas-barato-descuentos-en-transporte-para-estudiantes-y-maestros-hasta-enero\/#respond"]}]},{"@type":"WebPage","@id":"https:\/\/www.nexoinformativo.mx\/index.php\/2024\/12\/26\/viaja-mas-barato-descuentos-en-transporte-para-estudiantes-y-maestros-hasta-enero\/","url":"https:\/\/www.nexoinformativo.mx\/index.php\/2024\/12\/26\/viaja-mas-barato-descuentos-en-transporte-para-estudiantes-y-maestros-hasta-enero\/","name":"Viaja m\u00e1s barato: Descuentos en transporte para estudiantes y maestros hasta enero | Nexo Informativo Santiago de Quer\u00e9taro","isPartOf":{"@id":"https:\/\/www.nexoinformativo.mx\/#website"},"primaryImageOfPage":{"@id":"https:\/\/www.nexoinformativo.mx\/index.php\/2024\/12\/26\/viaja-mas-barato-descuentos-en-transporte-para-estudiantes-y-maestros-hasta-enero\/#primaryimage"},"image":{"@id":"https:\/\/www.nexoinformativo.mx\/index.php\/2024\/12\/26\/viaja-mas-barato-descuentos-en-transporte-para-estudiantes-y-maestros-hasta-enero\/#primaryimage"},"thumbnailUrl":"https:\/\/www.nexoinformativo.mx\/wp-content\/uploads\/2024\/12\/IMG_8850.jpg","datePublished":"2024-12-26T13:15:26+00:00","dateModified":"2024-12-26T14:18:57+00:00","description":"Viaja m\u00e1s barato: Descuentos en transporte para estudiantes y maestros hasta enero","breadcrumb":{"@id":"https:\/\/www.nexoinformativo.mx\/index.php\/2024\/12\/26\/viaja-mas-barato-descuentos-en-transporte-para-estudiantes-y-maestros-hasta-enero\/#breadcrumb"},"inLanguage":"es","potentialAction":[{"@type":"ReadAction","target":["https:\/\/www.nexoinformativo.mx\/index.php\/2024\/12\/26\/viaja-mas-barato-descuentos-en-transporte-para-estudiantes-y-maestros-hasta-enero\/"]}]},{"@type":"ImageObject","inLanguage":"es","@id":"https:\/\/www.nexoinformativo.mx\/index.php\/2024\/12\/26\/viaja-mas-barato-descuentos-en-transporte-para-estudiantes-y-maestros-hasta-enero\/#primaryimage","url":"https:\/\/www.nexoinformativo.mx\/wp-content\/uploads\/2024\/12\/IMG_8850.jpg","contentUrl":"https:\/\/www.nexoinformativo.mx\/wp-content\/uploads\/2024\/12\/IMG_8850.jpg","width":650,"height":380},{"@type":"BreadcrumbList","@id":"https:\/\/www.nexoinformativo.mx\/index.php\/2024\/12\/26\/viaja-mas-barato-descuentos-en-transporte-para-estudiantes-y-maestros-hasta-enero\/#breadcrumb","itemListElement":[{"@type":"ListItem","position":1,"name":"Inicio","item":"https:\/\/www.nexoinformativo.mx\/"},{"@type":"ListItem","position":2,"name":"Viaja m\u00e1s barato: Descuentos en transporte para estudiantes y maestros hasta enero"}]},{"@type":"WebSite","@id":"https:\/\/www.nexoinformativo.mx\/#website","url":"https:\/\/www.nexoinformativo.mx\/","name":"Nexo Informativo Santiago de Quer\u00e9taro","description":"Explora NexoInformativo y convi\u00e9rtete en parte de una comunidad que valora el conocimiento y la verdad. Tu nexoinformativo es tu puente hacia una comprensi\u00f3n m\u00e1s profunda del mundo que te rodea.","publisher":{"@id":"https:\/\/www.nexoinformativo.mx\/#organization"},"potentialAction":[{"@type":"SearchAction","target":{"@type":"EntryPoint","urlTemplate":"https:\/\/www.nexoinformativo.mx\/?s={search_term_string}"},"query-input":{"@type":"PropertyValueSpecification","valueRequired":true,"valueName":"search_term_string"}}],"inLanguage":"es"},{"@type":"Organization","@id":"https:\/\/www.nexoinformativo.mx\/#organization","name":"Nexo Informativo Santiago de Quer\u00e9taro","url":"https:\/\/www.nexoinformativo.mx\/","logo":{"@type":"ImageObject","inLanguage":"es","@id":"https:\/\/www.nexoinformativo.mx\/#\/schema\/logo\/image\/","url":"https:\/\/www.nexoinformativo.mx\/wp-content\/uploads\/2024\/07\/nexoi-trasparente-2.png","contentUrl":"https:\/\/www.nexoinformativo.mx\/wp-content\/uploads\/2024\/07\/nexoi-trasparente-2.png","width":816,"height":339,"caption":"Nexo Informativo Santiago de Quer\u00e9taro"},"image":{"@id":"https:\/\/www.nexoinformativo.mx\/#\/schema\/logo\/image\/"},"sameAs":["https:\/\/www.facebook.com\/people\/Nexo-Informativo\/61564066885511\/"]},{"@type":"Person","@id":"https:\/\/www.nexoinformativo.mx\/#\/schema\/person\/7749d380ba08c8ca00d7bc76fd907b7d","name":"Nexo Informativo","image":{"@type":"ImageObject","inLanguage":"es","@id":"https:\/\/www.nexoinformativo.mx\/#\/schema\/person\/image\/","url":"https:\/\/secure.gravatar.com\/avatar\/dde2928154642a13d95f87ddf1ea9718fe2b46760a005c53e41ff5ad610704e6?s=96&d=mm&r=g","contentUrl":"https:\/\/secure.gravatar.com\/avatar\/dde2928154642a13d95f87ddf1ea9718fe2b46760a005c53e41ff5ad610704e6?s=96&d=mm&r=g","caption":"Nexo Informativo"},"url":"https:\/\/www.nexoinformativo.mx\/index.php\/author\/edicion\/"}]}},"_links":{"self":[{"href":"https:\/\/www.nexoinformativo.mx\/index.php\/wp-json\/wp\/v2\/posts\/8832","targetHints":{"allow":["GET"]}}],"collection":[{"href":"https:\/\/www.nexoinformativo.mx\/index.php\/wp-json\/wp\/v2\/posts"}],"about":[{"href":"https:\/\/www.nexoinformativo.mx\/index.php\/wp-json\/wp\/v2\/types\/post"}],"author":[{"embeddable":true,"href":"https:\/\/www.nexoinformativo.mx\/index.php\/wp-json\/wp\/v2\/users\/3"}],"replies":[{"embeddable":true,"href":"https:\/\/www.nexoinformativo.mx\/index.php\/wp-json\/wp\/v2\/comments?post=8832"}],"version-history":[{"count":3,"href":"https:\/\/www.nexoinformativo.mx\/index.php\/wp-json\/wp\/v2\/posts\/8832\/revisions"}],"predecessor-version":[{"id":8836,"href":"https:\/\/www.nexoinformativo.mx\/index.php\/wp-json\/wp\/v2\/posts\/8832\/revisions\/8836"}],"wp:featuredmedia":[{"embeddable":true,"href":"https:\/\/www.nexoinformativo.mx\/index.php\/wp-json\/wp\/v2\/media\/8833"}],"wp:attachment":[{"href":"https:\/\/www.nexoinformativo.mx\/index.php\/wp-json\/wp\/v2\/media?parent=8832"}],"wp:term":[{"taxonomy":"category","embeddable":true,"href":"https:\/\/www.nexoinformativo.mx\/index.php\/wp-json\/wp\/v2\/categories?post=8832"},{"taxonomy":"post_tag","embeddable":true,"href":"https:\/\/www.nexoinformativo.mx\/index.php\/wp-json\/wp\/v2\/tags?post=8832"}],"curies":[{"name":"wp","href":"https:\/\/api.w.org\/{rel}","templated":true}]}}