{"id":8844,"date":"2024-12-26T08:00:59","date_gmt":"2024-12-26T14:00:59","guid":{"rendered":"https:\/\/www.nexoinformativo.mx\/?p=8844"},"modified":"2024-12-26T10:10:36","modified_gmt":"2024-12-26T16:10:36","slug":"queretaro-renueva-sus-espacios-deportivos-sejuve-rehabilita-11-canchas","status":"publish","type":"post","link":"https:\/\/www.nexoinformativo.mx\/index.php\/2024\/12\/26\/queretaro-renueva-sus-espacios-deportivos-sejuve-rehabilita-11-canchas\/","title":{"rendered":"Quer\u00e9taro renueva sus espacios deportivos: SEJUVE rehabilita 11 canchas"},"content":{"rendered":"<p style=\"text-align: justify;\" data-sourcepos=\"11:1-11:346\"><strong>La Secretar\u00eda de la Juventud<\/strong> (SEJUVE) de Quer\u00e9taro ha dado un gran paso para fomentar la actividad f\u00edsica y el bienestar de los j\u00f3venes del estado.<\/p>\n<p>&nbsp;<\/p>\n<p style=\"text-align: justify;\" data-sourcepos=\"11:1-11:346\">A trav\u00e9s de un ambicioso proyecto, se han rehabilitado y recuperado 11 espacios deportivos en diversas comunidades, ofreciendo a los j\u00f3venes lugares seguros y funcionales para practicar deporte.<\/p>\n<p>&nbsp;<\/p>\n<p style=\"text-align: justify;\" data-sourcepos=\"13:1-13:286\">La titular de la SEJUVE, Virginia Hern\u00e1ndez, destac\u00f3 que estas acciones buscan promover la actividad f\u00edsica, el deporte y la paz entre los j\u00f3venes queretanos. Al renovar estos espacios, se brinda a la juventud la oportunidad de desarrollarse f\u00edsica, emocional y socialmente.<\/p>\n<p>&nbsp;<\/p>\n<p style=\"text-align: justify;\" data-sourcepos=\"15:1-15:398\">Entre las mejoras realizadas en estos espacios destacan la reparaci\u00f3n de canchas, la instalaci\u00f3n de luminarias, sistemas de riego, la rehabilitaci\u00f3n de gradas, ba\u00f1os y \u00e1reas recreativas, as\u00ed como la colocaci\u00f3n de nuevo mobiliario urbano y se\u00f1al\u00e9tica.<\/p>\n<p>&nbsp;<\/p>\n<p style=\"text-align: justify;\" data-sourcepos=\"15:1-15:398\">Todas estas mejoras fueron realizadas en conjunto con las autoridades locales y vecinos, quienes participaron activamente en la toma de decisiones.<\/p>\n<p>&nbsp;<\/p>\n<p style=\"text-align: justify;\" data-sourcepos=\"17:1-17:315\">Hern\u00e1ndez V\u00e1zquez asegur\u00f3 que este es solo el inicio de un proyecto m\u00e1s grande. Para el pr\u00f3ximo a\u00f1o, la SEJUVE tiene planeado dar seguimiento a otras solicitudes de rehabilitaci\u00f3n de espacios deportivos que se han recibido a trav\u00e9s de las Jornadas Aqu\u00ed Contigo.<\/p>\n<p>&nbsp;<\/p>\n<p style=\"text-align: justify;\" data-sourcepos=\"19:1-19:210\">Con estas acciones, la SEJUVE reafirma su compromiso de impulsar el deporte como una herramienta fundamental para el desarrollo integral de los j\u00f3venes y para construir comunidades m\u00e1s fuertes y saludables.<\/p>\n<p>&nbsp;<\/p>\n<p style=\"text-align: center;\" data-sourcepos=\"19:1-19:210\"><em><strong>\u00a1Informaci\u00f3n que transforma!<\/strong><\/em><\/p>\n","protected":false},"excerpt":{"rendered":"<p>La Secretar\u00eda de la Juventud (SEJUVE) de Quer\u00e9taro ha dado un gran paso para fomentar la actividad f\u00edsica y el bienestar de los j\u00f3venes del estado.<\/p>\n","protected":false},"author":3,"featured_media":8845,"comment_status":"open","ping_status":"open","sticky":false,"template":"","format":"standard","meta":{"footnotes":""},"categories":[42,58],"tags":[1926,2834,133,2023],"class_list":["post-8844","post","type-post","status-publish","format-standard","has-post-thumbnail","hentry","category-estado","category-ultima-hora","tag-deportejuvenil","tag-espaciosdeportivos","tag-queretaro","tag-sejuve"],"yoast_head":"<!-- This site is optimized with the Yoast SEO plugin v25.0 - https:\/\/yoast.com\/wordpress\/plugins\/seo\/ -->\n<title>Quer\u00e9taro renueva sus espacios deportivos: SEJUVE rehabilita 11 canchas | Nexo Informativo Santiago de Quer\u00e9taro<\/title>\n<meta name=\"description\" content=\"Quer\u00e9taro renueva sus espacios deportivos: SEJUVE rehabilita 11 canchas\" \/>\n<meta name=\"robots\" content=\"index, follow, max-snippet:-1, max-image-preview:large, max-video-preview:-1\" \/>\n<link rel=\"canonical\" href=\"https:\/\/www.nexoinformativo.mx\/index.php\/2024\/12\/26\/queretaro-renueva-sus-espacios-deportivos-sejuve-rehabilita-11-canchas\/\" \/>\n<meta property=\"og:locale\" content=\"es_MX\" \/>\n<meta property=\"og:type\" content=\"article\" \/>\n<meta property=\"og:title\" content=\"Quer\u00e9taro renueva sus espacios deportivos: SEJUVE rehabilita 11 canchas | Nexo Informativo Santiago de Quer\u00e9taro\" \/>\n<meta property=\"og:description\" content=\"Quer\u00e9taro renueva sus espacios deportivos: SEJUVE rehabilita 11 canchas\" \/>\n<meta property=\"og:url\" content=\"https:\/\/www.nexoinformativo.mx\/index.php\/2024\/12\/26\/queretaro-renueva-sus-espacios-deportivos-sejuve-rehabilita-11-canchas\/\" \/>\n<meta property=\"og:site_name\" content=\"Nexo Informativo Santiago de Quer\u00e9taro\" \/>\n<meta property=\"article:publisher\" content=\"https:\/\/www.facebook.com\/people\/Nexo-Informativo\/61564066885511\/\" \/>\n<meta property=\"article:published_time\" content=\"2024-12-26T14:00:59+00:00\" \/>\n<meta property=\"article:modified_time\" content=\"2024-12-26T16:10:36+00:00\" \/>\n<meta property=\"og:image\" content=\"https:\/\/www.nexoinformativo.mx\/wp-content\/uploads\/2024\/12\/PHOTO-2024-12-26-08-33-39-e1735223812115.jpg\" \/>\n\t<meta property=\"og:image:width\" content=\"800\" \/>\n\t<meta property=\"og:image:height\" content=\"450\" \/>\n\t<meta property=\"og:image:type\" content=\"image\/jpeg\" \/>\n<meta name=\"author\" content=\"Nexo Informativo\" \/>\n<meta name=\"twitter:card\" content=\"summary_large_image\" \/>\n<meta name=\"twitter:label1\" content=\"Escrito por\" \/>\n\t<meta name=\"twitter:data1\" content=\"Nexo Informativo\" \/>\n\t<meta name=\"twitter:label2\" content=\"Tiempo de lectura\" \/>\n\t<meta name=\"twitter:data2\" content=\"2 minutos\" \/>\n<script type=\"application\/ld+json\" class=\"yoast-schema-graph\">{\"@context\":\"https:\/\/schema.org\",\"@graph\":[{\"@type\":\"Article\",\"@id\":\"https:\/\/www.nexoinformativo.mx\/index.php\/2024\/12\/26\/queretaro-renueva-sus-espacios-deportivos-sejuve-rehabilita-11-canchas\/#article\",\"isPartOf\":{\"@id\":\"https:\/\/www.nexoinformativo.mx\/index.php\/2024\/12\/26\/queretaro-renueva-sus-espacios-deportivos-sejuve-rehabilita-11-canchas\/\"},\"author\":{\"name\":\"Nexo Informativo\",\"@id\":\"https:\/\/www.nexoinformativo.mx\/#\/schema\/person\/7749d380ba08c8ca00d7bc76fd907b7d\"},\"headline\":\"Quer\u00e9taro renueva sus espacios deportivos: SEJUVE rehabilita 11 canchas\",\"datePublished\":\"2024-12-26T14:00:59+00:00\",\"dateModified\":\"2024-12-26T16:10:36+00:00\",\"mainEntityOfPage\":{\"@id\":\"https:\/\/www.nexoinformativo.mx\/index.php\/2024\/12\/26\/queretaro-renueva-sus-espacios-deportivos-sejuve-rehabilita-11-canchas\/\"},\"wordCount\":273,\"commentCount\":0,\"publisher\":{\"@id\":\"https:\/\/www.nexoinformativo.mx\/#organization\"},\"image\":{\"@id\":\"https:\/\/www.nexoinformativo.mx\/index.php\/2024\/12\/26\/queretaro-renueva-sus-espacios-deportivos-sejuve-rehabilita-11-canchas\/#primaryimage\"},\"thumbnailUrl\":\"https:\/\/www.nexoinformativo.mx\/wp-content\/uploads\/2024\/12\/PHOTO-2024-12-26-08-33-39-e1735223812115.jpg\",\"keywords\":[\"DeporteJuvenil\",\"EspaciosDeportivos\",\"Quer\u00e9taro\",\"SEJUVE\"],\"articleSection\":[\"Estado\",\"\u00daltima Hora\"],\"inLanguage\":\"es\",\"potentialAction\":[{\"@type\":\"CommentAction\",\"name\":\"Comment\",\"target\":[\"https:\/\/www.nexoinformativo.mx\/index.php\/2024\/12\/26\/queretaro-renueva-sus-espacios-deportivos-sejuve-rehabilita-11-canchas\/#respond\"]}]},{\"@type\":\"WebPage\",\"@id\":\"https:\/\/www.nexoinformativo.mx\/index.php\/2024\/12\/26\/queretaro-renueva-sus-espacios-deportivos-sejuve-rehabilita-11-canchas\/\",\"url\":\"https:\/\/www.nexoinformativo.mx\/index.php\/2024\/12\/26\/queretaro-renueva-sus-espacios-deportivos-sejuve-rehabilita-11-canchas\/\",\"name\":\"Quer\u00e9taro renueva sus espacios deportivos: SEJUVE rehabilita 11 canchas | Nexo Informativo Santiago de Quer\u00e9taro\",\"isPartOf\":{\"@id\":\"https:\/\/www.nexoinformativo.mx\/#website\"},\"primaryImageOfPage\":{\"@id\":\"https:\/\/www.nexoinformativo.mx\/index.php\/2024\/12\/26\/queretaro-renueva-sus-espacios-deportivos-sejuve-rehabilita-11-canchas\/#primaryimage\"},\"image\":{\"@id\":\"https:\/\/www.nexoinformativo.mx\/index.php\/2024\/12\/26\/queretaro-renueva-sus-espacios-deportivos-sejuve-rehabilita-11-canchas\/#primaryimage\"},\"thumbnailUrl\":\"https:\/\/www.nexoinformativo.mx\/wp-content\/uploads\/2024\/12\/PHOTO-2024-12-26-08-33-39-e1735223812115.jpg\",\"datePublished\":\"2024-12-26T14:00:59+00:00\",\"dateModified\":\"2024-12-26T16:10:36+00:00\",\"description\":\"Quer\u00e9taro renueva sus espacios deportivos: SEJUVE rehabilita 11 canchas\",\"breadcrumb\":{\"@id\":\"https:\/\/www.nexoinformativo.mx\/index.php\/2024\/12\/26\/queretaro-renueva-sus-espacios-deportivos-sejuve-rehabilita-11-canchas\/#breadcrumb\"},\"inLanguage\":\"es\",\"potentialAction\":[{\"@type\":\"ReadAction\",\"target\":[\"https:\/\/www.nexoinformativo.mx\/index.php\/2024\/12\/26\/queretaro-renueva-sus-espacios-deportivos-sejuve-rehabilita-11-canchas\/\"]}]},{\"@type\":\"ImageObject\",\"inLanguage\":\"es\",\"@id\":\"https:\/\/www.nexoinformativo.mx\/index.php\/2024\/12\/26\/queretaro-renueva-sus-espacios-deportivos-sejuve-rehabilita-11-canchas\/#primaryimage\",\"url\":\"https:\/\/www.nexoinformativo.mx\/wp-content\/uploads\/2024\/12\/PHOTO-2024-12-26-08-33-39-e1735223812115.jpg\",\"contentUrl\":\"https:\/\/www.nexoinformativo.mx\/wp-content\/uploads\/2024\/12\/PHOTO-2024-12-26-08-33-39-e1735223812115.jpg\",\"width\":800,\"height\":450},{\"@type\":\"BreadcrumbList\",\"@id\":\"https:\/\/www.nexoinformativo.mx\/index.php\/2024\/12\/26\/queretaro-renueva-sus-espacios-deportivos-sejuve-rehabilita-11-canchas\/#breadcrumb\",\"itemListElement\":[{\"@type\":\"ListItem\",\"position\":1,\"name\":\"Inicio\",\"item\":\"https:\/\/www.nexoinformativo.mx\/\"},{\"@type\":\"ListItem\",\"position\":2,\"name\":\"Quer\u00e9taro renueva sus espacios deportivos: SEJUVE rehabilita 11 canchas\"}]},{\"@type\":\"WebSite\",\"@id\":\"https:\/\/www.nexoinformativo.mx\/#website\",\"url\":\"https:\/\/www.nexoinformativo.mx\/\",\"name\":\"Nexo Informativo Santiago de Quer\u00e9taro\",\"description\":\"Explora NexoInformativo y convi\u00e9rtete en parte de una comunidad que valora el conocimiento y la verdad. Tu nexoinformativo es tu puente hacia una comprensi\u00f3n m\u00e1s profunda del mundo que te rodea.\",\"publisher\":{\"@id\":\"https:\/\/www.nexoinformativo.mx\/#organization\"},\"potentialAction\":[{\"@type\":\"SearchAction\",\"target\":{\"@type\":\"EntryPoint\",\"urlTemplate\":\"https:\/\/www.nexoinformativo.mx\/?s={search_term_string}\"},\"query-input\":{\"@type\":\"PropertyValueSpecification\",\"valueRequired\":true,\"valueName\":\"search_term_string\"}}],\"inLanguage\":\"es\"},{\"@type\":\"Organization\",\"@id\":\"https:\/\/www.nexoinformativo.mx\/#organization\",\"name\":\"Nexo Informativo Santiago de Quer\u00e9taro\",\"url\":\"https:\/\/www.nexoinformativo.mx\/\",\"logo\":{\"@type\":\"ImageObject\",\"inLanguage\":\"es\",\"@id\":\"https:\/\/www.nexoinformativo.mx\/#\/schema\/logo\/image\/\",\"url\":\"https:\/\/www.nexoinformativo.mx\/wp-content\/uploads\/2024\/07\/nexoi-trasparente-2.png\",\"contentUrl\":\"https:\/\/www.nexoinformativo.mx\/wp-content\/uploads\/2024\/07\/nexoi-trasparente-2.png\",\"width\":816,\"height\":339,\"caption\":\"Nexo Informativo Santiago de Quer\u00e9taro\"},\"image\":{\"@id\":\"https:\/\/www.nexoinformativo.mx\/#\/schema\/logo\/image\/\"},\"sameAs\":[\"https:\/\/www.facebook.com\/people\/Nexo-Informativo\/61564066885511\/\"]},{\"@type\":\"Person\",\"@id\":\"https:\/\/www.nexoinformativo.mx\/#\/schema\/person\/7749d380ba08c8ca00d7bc76fd907b7d\",\"name\":\"Nexo Informativo\",\"image\":{\"@type\":\"ImageObject\",\"inLanguage\":\"es\",\"@id\":\"https:\/\/www.nexoinformativo.mx\/#\/schema\/person\/image\/\",\"url\":\"https:\/\/secure.gravatar.com\/avatar\/dde2928154642a13d95f87ddf1ea9718fe2b46760a005c53e41ff5ad610704e6?s=96&d=mm&r=g\",\"contentUrl\":\"https:\/\/secure.gravatar.com\/avatar\/dde2928154642a13d95f87ddf1ea9718fe2b46760a005c53e41ff5ad610704e6?s=96&d=mm&r=g\",\"caption\":\"Nexo Informativo\"},\"url\":\"https:\/\/www.nexoinformativo.mx\/index.php\/author\/edicion\/\"}]}<\/script>\n<!-- \/ Yoast SEO plugin. -->","yoast_head_json":{"title":"Quer\u00e9taro renueva sus espacios deportivos: SEJUVE rehabilita 11 canchas | Nexo Informativo Santiago de Quer\u00e9taro","description":"Quer\u00e9taro renueva sus espacios deportivos: SEJUVE rehabilita 11 canchas","robots":{"index":"index","follow":"follow","max-snippet":"max-snippet:-1","max-image-preview":"max-image-preview:large","max-video-preview":"max-video-preview:-1"},"canonical":"https:\/\/www.nexoinformativo.mx\/index.php\/2024\/12\/26\/queretaro-renueva-sus-espacios-deportivos-sejuve-rehabilita-11-canchas\/","og_locale":"es_MX","og_type":"article","og_title":"Quer\u00e9taro renueva sus espacios deportivos: SEJUVE rehabilita 11 canchas | Nexo Informativo Santiago de Quer\u00e9taro","og_description":"Quer\u00e9taro renueva sus espacios deportivos: SEJUVE rehabilita 11 canchas","og_url":"https:\/\/www.nexoinformativo.mx\/index.php\/2024\/12\/26\/queretaro-renueva-sus-espacios-deportivos-sejuve-rehabilita-11-canchas\/","og_site_name":"Nexo Informativo Santiago de Quer\u00e9taro","article_publisher":"https:\/\/www.facebook.com\/people\/Nexo-Informativo\/61564066885511\/","article_published_time":"2024-12-26T14:00:59+00:00","article_modified_time":"2024-12-26T16:10:36+00:00","og_image":[{"width":800,"height":450,"url":"https:\/\/www.nexoinformativo.mx\/wp-content\/uploads\/2024\/12\/PHOTO-2024-12-26-08-33-39-e1735223812115.jpg","type":"image\/jpeg"}],"author":"Nexo Informativo","twitter_card":"summary_large_image","twitter_misc":{"Escrito por":"Nexo Informativo","Tiempo de lectura":"2 minutos"},"schema":{"@context":"https:\/\/schema.org","@graph":[{"@type":"Article","@id":"https:\/\/www.nexoinformativo.mx\/index.php\/2024\/12\/26\/queretaro-renueva-sus-espacios-deportivos-sejuve-rehabilita-11-canchas\/#article","isPartOf":{"@id":"https:\/\/www.nexoinformativo.mx\/index.php\/2024\/12\/26\/queretaro-renueva-sus-espacios-deportivos-sejuve-rehabilita-11-canchas\/"},"author":{"name":"Nexo Informativo","@id":"https:\/\/www.nexoinformativo.mx\/#\/schema\/person\/7749d380ba08c8ca00d7bc76fd907b7d"},"headline":"Quer\u00e9taro renueva sus espacios deportivos: SEJUVE rehabilita 11 canchas","datePublished":"2024-12-26T14:00:59+00:00","dateModified":"2024-12-26T16:10:36+00:00","mainEntityOfPage":{"@id":"https:\/\/www.nexoinformativo.mx\/index.php\/2024\/12\/26\/queretaro-renueva-sus-espacios-deportivos-sejuve-rehabilita-11-canchas\/"},"wordCount":273,"commentCount":0,"publisher":{"@id":"https:\/\/www.nexoinformativo.mx\/#organization"},"image":{"@id":"https:\/\/www.nexoinformativo.mx\/index.php\/2024\/12\/26\/queretaro-renueva-sus-espacios-deportivos-sejuve-rehabilita-11-canchas\/#primaryimage"},"thumbnailUrl":"https:\/\/www.nexoinformativo.mx\/wp-content\/uploads\/2024\/12\/PHOTO-2024-12-26-08-33-39-e1735223812115.jpg","keywords":["DeporteJuvenil","EspaciosDeportivos","Quer\u00e9taro","SEJUVE"],"articleSection":["Estado","\u00daltima Hora"],"inLanguage":"es","potentialAction":[{"@type":"CommentAction","name":"Comment","target":["https:\/\/www.nexoinformativo.mx\/index.php\/2024\/12\/26\/queretaro-renueva-sus-espacios-deportivos-sejuve-rehabilita-11-canchas\/#respond"]}]},{"@type":"WebPage","@id":"https:\/\/www.nexoinformativo.mx\/index.php\/2024\/12\/26\/queretaro-renueva-sus-espacios-deportivos-sejuve-rehabilita-11-canchas\/","url":"https:\/\/www.nexoinformativo.mx\/index.php\/2024\/12\/26\/queretaro-renueva-sus-espacios-deportivos-sejuve-rehabilita-11-canchas\/","name":"Quer\u00e9taro renueva sus espacios deportivos: SEJUVE rehabilita 11 canchas | Nexo Informativo Santiago de Quer\u00e9taro","isPartOf":{"@id":"https:\/\/www.nexoinformativo.mx\/#website"},"primaryImageOfPage":{"@id":"https:\/\/www.nexoinformativo.mx\/index.php\/2024\/12\/26\/queretaro-renueva-sus-espacios-deportivos-sejuve-rehabilita-11-canchas\/#primaryimage"},"image":{"@id":"https:\/\/www.nexoinformativo.mx\/index.php\/2024\/12\/26\/queretaro-renueva-sus-espacios-deportivos-sejuve-rehabilita-11-canchas\/#primaryimage"},"thumbnailUrl":"https:\/\/www.nexoinformativo.mx\/wp-content\/uploads\/2024\/12\/PHOTO-2024-12-26-08-33-39-e1735223812115.jpg","datePublished":"2024-12-26T14:00:59+00:00","dateModified":"2024-12-26T16:10:36+00:00","description":"Quer\u00e9taro renueva sus espacios deportivos: SEJUVE rehabilita 11 canchas","breadcrumb":{"@id":"https:\/\/www.nexoinformativo.mx\/index.php\/2024\/12\/26\/queretaro-renueva-sus-espacios-deportivos-sejuve-rehabilita-11-canchas\/#breadcrumb"},"inLanguage":"es","potentialAction":[{"@type":"ReadAction","target":["https:\/\/www.nexoinformativo.mx\/index.php\/2024\/12\/26\/queretaro-renueva-sus-espacios-deportivos-sejuve-rehabilita-11-canchas\/"]}]},{"@type":"ImageObject","inLanguage":"es","@id":"https:\/\/www.nexoinformativo.mx\/index.php\/2024\/12\/26\/queretaro-renueva-sus-espacios-deportivos-sejuve-rehabilita-11-canchas\/#primaryimage","url":"https:\/\/www.nexoinformativo.mx\/wp-content\/uploads\/2024\/12\/PHOTO-2024-12-26-08-33-39-e1735223812115.jpg","contentUrl":"https:\/\/www.nexoinformativo.mx\/wp-content\/uploads\/2024\/12\/PHOTO-2024-12-26-08-33-39-e1735223812115.jpg","width":800,"height":450},{"@type":"BreadcrumbList","@id":"https:\/\/www.nexoinformativo.mx\/index.php\/2024\/12\/26\/queretaro-renueva-sus-espacios-deportivos-sejuve-rehabilita-11-canchas\/#breadcrumb","itemListElement":[{"@type":"ListItem","position":1,"name":"Inicio","item":"https:\/\/www.nexoinformativo.mx\/"},{"@type":"ListItem","position":2,"name":"Quer\u00e9taro renueva sus espacios deportivos: SEJUVE rehabilita 11 canchas"}]},{"@type":"WebSite","@id":"https:\/\/www.nexoinformativo.mx\/#website","url":"https:\/\/www.nexoinformativo.mx\/","name":"Nexo Informativo Santiago de Quer\u00e9taro","description":"Explora NexoInformativo y convi\u00e9rtete en parte de una comunidad que valora el conocimiento y la verdad. Tu nexoinformativo es tu puente hacia una comprensi\u00f3n m\u00e1s profunda del mundo que te rodea.","publisher":{"@id":"https:\/\/www.nexoinformativo.mx\/#organization"},"potentialAction":[{"@type":"SearchAction","target":{"@type":"EntryPoint","urlTemplate":"https:\/\/www.nexoinformativo.mx\/?s={search_term_string}"},"query-input":{"@type":"PropertyValueSpecification","valueRequired":true,"valueName":"search_term_string"}}],"inLanguage":"es"},{"@type":"Organization","@id":"https:\/\/www.nexoinformativo.mx\/#organization","name":"Nexo Informativo Santiago de Quer\u00e9taro","url":"https:\/\/www.nexoinformativo.mx\/","logo":{"@type":"ImageObject","inLanguage":"es","@id":"https:\/\/www.nexoinformativo.mx\/#\/schema\/logo\/image\/","url":"https:\/\/www.nexoinformativo.mx\/wp-content\/uploads\/2024\/07\/nexoi-trasparente-2.png","contentUrl":"https:\/\/www.nexoinformativo.mx\/wp-content\/uploads\/2024\/07\/nexoi-trasparente-2.png","width":816,"height":339,"caption":"Nexo Informativo Santiago de Quer\u00e9taro"},"image":{"@id":"https:\/\/www.nexoinformativo.mx\/#\/schema\/logo\/image\/"},"sameAs":["https:\/\/www.facebook.com\/people\/Nexo-Informativo\/61564066885511\/"]},{"@type":"Person","@id":"https:\/\/www.nexoinformativo.mx\/#\/schema\/person\/7749d380ba08c8ca00d7bc76fd907b7d","name":"Nexo Informativo","image":{"@type":"ImageObject","inLanguage":"es","@id":"https:\/\/www.nexoinformativo.mx\/#\/schema\/person\/image\/","url":"https:\/\/secure.gravatar.com\/avatar\/dde2928154642a13d95f87ddf1ea9718fe2b46760a005c53e41ff5ad610704e6?s=96&d=mm&r=g","contentUrl":"https:\/\/secure.gravatar.com\/avatar\/dde2928154642a13d95f87ddf1ea9718fe2b46760a005c53e41ff5ad610704e6?s=96&d=mm&r=g","caption":"Nexo Informativo"},"url":"https:\/\/www.nexoinformativo.mx\/index.php\/author\/edicion\/"}]}},"_links":{"self":[{"href":"https:\/\/www.nexoinformativo.mx\/index.php\/wp-json\/wp\/v2\/posts\/8844","targetHints":{"allow":["GET"]}}],"collection":[{"href":"https:\/\/www.nexoinformativo.mx\/index.php\/wp-json\/wp\/v2\/posts"}],"about":[{"href":"https:\/\/www.nexoinformativo.mx\/index.php\/wp-json\/wp\/v2\/types\/post"}],"author":[{"embeddable":true,"href":"https:\/\/www.nexoinformativo.mx\/index.php\/wp-json\/wp\/v2\/users\/3"}],"replies":[{"embeddable":true,"href":"https:\/\/www.nexoinformativo.mx\/index.php\/wp-json\/wp\/v2\/comments?post=8844"}],"version-history":[{"count":5,"href":"https:\/\/www.nexoinformativo.mx\/index.php\/wp-json\/wp\/v2\/posts\/8844\/revisions"}],"predecessor-version":[{"id":8850,"href":"https:\/\/www.nexoinformativo.mx\/index.php\/wp-json\/wp\/v2\/posts\/8844\/revisions\/8850"}],"wp:featuredmedia":[{"embeddable":true,"href":"https:\/\/www.nexoinformativo.mx\/index.php\/wp-json\/wp\/v2\/media\/8845"}],"wp:attachment":[{"href":"https:\/\/www.nexoinformativo.mx\/index.php\/wp-json\/wp\/v2\/media?parent=8844"}],"wp:term":[{"taxonomy":"category","embeddable":true,"href":"https:\/\/www.nexoinformativo.mx\/index.php\/wp-json\/wp\/v2\/categories?post=8844"},{"taxonomy":"post_tag","embeddable":true,"href":"https:\/\/www.nexoinformativo.mx\/index.php\/wp-json\/wp\/v2\/tags?post=8844"}],"curies":[{"name":"wp","href":"https:\/\/api.w.org\/{rel}","templated":true}]}}