{"id":8858,"date":"2024-12-26T09:00:46","date_gmt":"2024-12-26T15:00:46","guid":{"rendered":"https:\/\/www.nexoinformativo.mx\/?p=8858"},"modified":"2024-12-26T10:25:04","modified_gmt":"2024-12-26T16:25:04","slug":"mario-delgado-gobierno-de-mexico-impulsara-la-educacion-dual-en-todo-el-pais","status":"publish","type":"post","link":"https:\/\/www.nexoinformativo.mx\/index.php\/2024\/12\/26\/mario-delgado-gobierno-de-mexico-impulsara-la-educacion-dual-en-todo-el-pais\/","title":{"rendered":"Mario Delgado: Gobierno de M\u00e9xico impulsar\u00e1 la Educaci\u00f3n Dual en todo el Pa\u00eds"},"content":{"rendered":"<p style=\"text-align: justify;\">El secretario de Educaci\u00f3n P\u00fablica, Mario Delgado Carrillo, anunci\u00f3 que el Gobierno de M\u00e9xico fomentar\u00e1 e impulsar\u00e1 la Educaci\u00f3n Dual en los niveles de Media Superior y Superior en todo el pa\u00eds.<\/p>\n<\/p>\n<p>&nbsp;<\/p>\n<p style=\"text-align: justify;\">Delgado convoc\u00f3 al sector empresarial a sumarse a este esfuerzo en beneficio de las y los j\u00f3venes y del desarrollo de M\u00e9xico.<\/p>\n<\/p>\n<p>&nbsp;<\/p>\n<p style=\"text-align: justify;\">Actualmente, en el modelo dual participan 3 mil 279 empresas, donde 16 mil 240 estudiantes de Educaci\u00f3n Media Superior aplican sus conocimientos tanto en las aulas como en las empresas. De estos estudiantes, 9 mil 972 son mujeres y 6 mil 268 son hombres.<\/p>\n<\/p>\n<p>&nbsp;<\/p>\n<p style=\"text-align: justify;\">Delgado destac\u00f3 que el Colegio Nacional de Educaci\u00f3n Profesional T\u00e9cnica (Conalep) ser\u00e1 la punta de lanza en este esfuerzo, especializ\u00e1ndose en la formaci\u00f3n dual.<\/p>\n<\/p>\n<p>&nbsp;<\/p>\n<p style=\"text-align: justify;\">Inform\u00f3 que 8,138 estudiantes del Conalep, 3 mil 991 de los Colegios de Estudios Cient\u00edficos Tecnol\u00f3gicos (Cecyte), 3,810 de la Direcci\u00f3n General de Educaci\u00f3n Tecnol\u00f3gica Industrial y de Servicios (DGETI), y 301 de la Direcci\u00f3n General de Educaci\u00f3n Tecnol\u00f3gica Agropecuaria y Ciencias del Mar (DGETAyCM) participan en el modelo dual.<\/p>\n<\/p>\n<p>&nbsp;<\/p>\n<p style=\"text-align: justify;\">El secretario de Educaci\u00f3n P\u00fablica exhort\u00f3 a las Instituciones de Educaci\u00f3n Superior a incorporar el modelo dual en sus planes de estudio para adaptarse, innovar y responder a las necesidades de la sociedad, la industria y las regiones de M\u00e9xico.<\/p>\n<\/p>\n<p>&nbsp;<\/p>\n<p style=\"text-align: justify;\">Reconoci\u00f3 el apoyo de aliados como el Consejo Coordinador Empresarial (CCE), la Confederaci\u00f3n Patronal de la Rep\u00fablica Mexicana (Coparmex), organizaciones europeas, embajadas de Alemania y Suiza en M\u00e9xico, Unicef, y empresas nacionales y extranjeras de diversos sectores.<\/p>\n<\/p>\n<p>&nbsp;<\/p>\n<p style=\"text-align: center;\"><em><strong>\u00a1Informaci\u00f3n que transforma!<\/strong><\/em><\/p>\n<p>&nbsp;<\/p>\n","protected":false},"excerpt":{"rendered":"<p>El secretario de Educaci\u00f3n P\u00fablica, Mario Delgado Carrillo, anunci\u00f3 que el Gobierno de M\u00e9xico fomentar\u00e1 e impulsar\u00e1 la Educaci\u00f3n Dual en los niveles de Media Superior y Superior en todo el pa\u00eds.<\/p>\n","protected":false},"author":3,"featured_media":8861,"comment_status":"open","ping_status":"open","sticky":false,"template":"","format":"standard","meta":{"footnotes":""},"categories":[88,58],"tags":[2839,1947,2838,538],"class_list":["post-8858","post","type-post","status-publish","format-standard","has-post-thumbnail","hentry","category-nacional","category-ultima-hora","tag-desarrollomexico","tag-educaciondual","tag-mariodelgado","tag-sep"],"yoast_head":"<!-- This site is optimized with the Yoast SEO plugin v25.0 - https:\/\/yoast.com\/wordpress\/plugins\/seo\/ -->\n<title>Mario Delgado: Gobierno de M\u00e9xico impulsar\u00e1 la Educaci\u00f3n Dual en todo el Pa\u00eds | Nexo Informativo Santiago de Quer\u00e9taro<\/title>\n<meta name=\"description\" content=\"Mario Delgado: Gobierno de M\u00e9xico impulsar\u00e1 la Educaci\u00f3n Dual en todo el Pa\u00eds\" \/>\n<meta name=\"robots\" content=\"index, follow, max-snippet:-1, max-image-preview:large, max-video-preview:-1\" \/>\n<link rel=\"canonical\" href=\"https:\/\/www.nexoinformativo.mx\/index.php\/2024\/12\/26\/mario-delgado-gobierno-de-mexico-impulsara-la-educacion-dual-en-todo-el-pais\/\" \/>\n<meta property=\"og:locale\" content=\"es_MX\" \/>\n<meta property=\"og:type\" content=\"article\" \/>\n<meta property=\"og:title\" content=\"Mario Delgado: Gobierno de M\u00e9xico impulsar\u00e1 la Educaci\u00f3n Dual en todo el Pa\u00eds | Nexo Informativo Santiago de Quer\u00e9taro\" \/>\n<meta property=\"og:description\" content=\"Mario Delgado: Gobierno de M\u00e9xico impulsar\u00e1 la Educaci\u00f3n Dual en todo el Pa\u00eds\" \/>\n<meta property=\"og:url\" content=\"https:\/\/www.nexoinformativo.mx\/index.php\/2024\/12\/26\/mario-delgado-gobierno-de-mexico-impulsara-la-educacion-dual-en-todo-el-pais\/\" \/>\n<meta property=\"og:site_name\" content=\"Nexo Informativo Santiago de Quer\u00e9taro\" \/>\n<meta property=\"article:publisher\" content=\"https:\/\/www.facebook.com\/people\/Nexo-Informativo\/61564066885511\/\" \/>\n<meta property=\"article:published_time\" content=\"2024-12-26T15:00:46+00:00\" \/>\n<meta property=\"article:modified_time\" content=\"2024-12-26T16:25:04+00:00\" \/>\n<meta property=\"og:image\" content=\"https:\/\/www.nexoinformativo.mx\/wp-content\/uploads\/2024\/12\/IMG_8857.jpg\" \/>\n\t<meta property=\"og:image:width\" content=\"650\" \/>\n\t<meta property=\"og:image:height\" content=\"380\" \/>\n\t<meta property=\"og:image:type\" content=\"image\/jpeg\" \/>\n<meta name=\"author\" content=\"Nexo Informativo\" \/>\n<meta name=\"twitter:card\" content=\"summary_large_image\" \/>\n<meta name=\"twitter:label1\" content=\"Escrito por\" \/>\n\t<meta name=\"twitter:data1\" content=\"Nexo Informativo\" \/>\n\t<meta name=\"twitter:label2\" content=\"Tiempo de lectura\" \/>\n\t<meta name=\"twitter:data2\" content=\"2 minutos\" \/>\n<script type=\"application\/ld+json\" class=\"yoast-schema-graph\">{\"@context\":\"https:\/\/schema.org\",\"@graph\":[{\"@type\":\"Article\",\"@id\":\"https:\/\/www.nexoinformativo.mx\/index.php\/2024\/12\/26\/mario-delgado-gobierno-de-mexico-impulsara-la-educacion-dual-en-todo-el-pais\/#article\",\"isPartOf\":{\"@id\":\"https:\/\/www.nexoinformativo.mx\/index.php\/2024\/12\/26\/mario-delgado-gobierno-de-mexico-impulsara-la-educacion-dual-en-todo-el-pais\/\"},\"author\":{\"name\":\"Nexo Informativo\",\"@id\":\"https:\/\/www.nexoinformativo.mx\/#\/schema\/person\/7749d380ba08c8ca00d7bc76fd907b7d\"},\"headline\":\"Mario Delgado: Gobierno de M\u00e9xico impulsar\u00e1 la Educaci\u00f3n Dual en todo el Pa\u00eds\",\"datePublished\":\"2024-12-26T15:00:46+00:00\",\"dateModified\":\"2024-12-26T16:25:04+00:00\",\"mainEntityOfPage\":{\"@id\":\"https:\/\/www.nexoinformativo.mx\/index.php\/2024\/12\/26\/mario-delgado-gobierno-de-mexico-impulsara-la-educacion-dual-en-todo-el-pais\/\"},\"wordCount\":291,\"commentCount\":0,\"publisher\":{\"@id\":\"https:\/\/www.nexoinformativo.mx\/#organization\"},\"image\":{\"@id\":\"https:\/\/www.nexoinformativo.mx\/index.php\/2024\/12\/26\/mario-delgado-gobierno-de-mexico-impulsara-la-educacion-dual-en-todo-el-pais\/#primaryimage\"},\"thumbnailUrl\":\"https:\/\/www.nexoinformativo.mx\/wp-content\/uploads\/2024\/12\/IMG_8857.jpg\",\"keywords\":[\"DesarrolloM\u00e9xico\",\"Educaci\u00f3nDual\",\"MarioDelgado\",\"SEP\"],\"articleSection\":[\"Nacional\",\"\u00daltima Hora\"],\"inLanguage\":\"es\",\"potentialAction\":[{\"@type\":\"CommentAction\",\"name\":\"Comment\",\"target\":[\"https:\/\/www.nexoinformativo.mx\/index.php\/2024\/12\/26\/mario-delgado-gobierno-de-mexico-impulsara-la-educacion-dual-en-todo-el-pais\/#respond\"]}]},{\"@type\":\"WebPage\",\"@id\":\"https:\/\/www.nexoinformativo.mx\/index.php\/2024\/12\/26\/mario-delgado-gobierno-de-mexico-impulsara-la-educacion-dual-en-todo-el-pais\/\",\"url\":\"https:\/\/www.nexoinformativo.mx\/index.php\/2024\/12\/26\/mario-delgado-gobierno-de-mexico-impulsara-la-educacion-dual-en-todo-el-pais\/\",\"name\":\"Mario Delgado: Gobierno de M\u00e9xico impulsar\u00e1 la Educaci\u00f3n Dual en todo el Pa\u00eds | Nexo Informativo Santiago de Quer\u00e9taro\",\"isPartOf\":{\"@id\":\"https:\/\/www.nexoinformativo.mx\/#website\"},\"primaryImageOfPage\":{\"@id\":\"https:\/\/www.nexoinformativo.mx\/index.php\/2024\/12\/26\/mario-delgado-gobierno-de-mexico-impulsara-la-educacion-dual-en-todo-el-pais\/#primaryimage\"},\"image\":{\"@id\":\"https:\/\/www.nexoinformativo.mx\/index.php\/2024\/12\/26\/mario-delgado-gobierno-de-mexico-impulsara-la-educacion-dual-en-todo-el-pais\/#primaryimage\"},\"thumbnailUrl\":\"https:\/\/www.nexoinformativo.mx\/wp-content\/uploads\/2024\/12\/IMG_8857.jpg\",\"datePublished\":\"2024-12-26T15:00:46+00:00\",\"dateModified\":\"2024-12-26T16:25:04+00:00\",\"description\":\"Mario Delgado: Gobierno de M\u00e9xico impulsar\u00e1 la Educaci\u00f3n Dual en todo el Pa\u00eds\",\"breadcrumb\":{\"@id\":\"https:\/\/www.nexoinformativo.mx\/index.php\/2024\/12\/26\/mario-delgado-gobierno-de-mexico-impulsara-la-educacion-dual-en-todo-el-pais\/#breadcrumb\"},\"inLanguage\":\"es\",\"potentialAction\":[{\"@type\":\"ReadAction\",\"target\":[\"https:\/\/www.nexoinformativo.mx\/index.php\/2024\/12\/26\/mario-delgado-gobierno-de-mexico-impulsara-la-educacion-dual-en-todo-el-pais\/\"]}]},{\"@type\":\"ImageObject\",\"inLanguage\":\"es\",\"@id\":\"https:\/\/www.nexoinformativo.mx\/index.php\/2024\/12\/26\/mario-delgado-gobierno-de-mexico-impulsara-la-educacion-dual-en-todo-el-pais\/#primaryimage\",\"url\":\"https:\/\/www.nexoinformativo.mx\/wp-content\/uploads\/2024\/12\/IMG_8857.jpg\",\"contentUrl\":\"https:\/\/www.nexoinformativo.mx\/wp-content\/uploads\/2024\/12\/IMG_8857.jpg\",\"width\":650,\"height\":380},{\"@type\":\"BreadcrumbList\",\"@id\":\"https:\/\/www.nexoinformativo.mx\/index.php\/2024\/12\/26\/mario-delgado-gobierno-de-mexico-impulsara-la-educacion-dual-en-todo-el-pais\/#breadcrumb\",\"itemListElement\":[{\"@type\":\"ListItem\",\"position\":1,\"name\":\"Inicio\",\"item\":\"https:\/\/www.nexoinformativo.mx\/\"},{\"@type\":\"ListItem\",\"position\":2,\"name\":\"Mario Delgado: Gobierno de M\u00e9xico impulsar\u00e1 la Educaci\u00f3n Dual en todo el Pa\u00eds\"}]},{\"@type\":\"WebSite\",\"@id\":\"https:\/\/www.nexoinformativo.mx\/#website\",\"url\":\"https:\/\/www.nexoinformativo.mx\/\",\"name\":\"Nexo Informativo Santiago de Quer\u00e9taro\",\"description\":\"Explora NexoInformativo y convi\u00e9rtete en parte de una comunidad que valora el conocimiento y la verdad. Tu nexoinformativo es tu puente hacia una comprensi\u00f3n m\u00e1s profunda del mundo que te rodea.\",\"publisher\":{\"@id\":\"https:\/\/www.nexoinformativo.mx\/#organization\"},\"potentialAction\":[{\"@type\":\"SearchAction\",\"target\":{\"@type\":\"EntryPoint\",\"urlTemplate\":\"https:\/\/www.nexoinformativo.mx\/?s={search_term_string}\"},\"query-input\":{\"@type\":\"PropertyValueSpecification\",\"valueRequired\":true,\"valueName\":\"search_term_string\"}}],\"inLanguage\":\"es\"},{\"@type\":\"Organization\",\"@id\":\"https:\/\/www.nexoinformativo.mx\/#organization\",\"name\":\"Nexo Informativo Santiago de Quer\u00e9taro\",\"url\":\"https:\/\/www.nexoinformativo.mx\/\",\"logo\":{\"@type\":\"ImageObject\",\"inLanguage\":\"es\",\"@id\":\"https:\/\/www.nexoinformativo.mx\/#\/schema\/logo\/image\/\",\"url\":\"https:\/\/www.nexoinformativo.mx\/wp-content\/uploads\/2024\/07\/nexoi-trasparente-2.png\",\"contentUrl\":\"https:\/\/www.nexoinformativo.mx\/wp-content\/uploads\/2024\/07\/nexoi-trasparente-2.png\",\"width\":816,\"height\":339,\"caption\":\"Nexo Informativo Santiago de Quer\u00e9taro\"},\"image\":{\"@id\":\"https:\/\/www.nexoinformativo.mx\/#\/schema\/logo\/image\/\"},\"sameAs\":[\"https:\/\/www.facebook.com\/people\/Nexo-Informativo\/61564066885511\/\"]},{\"@type\":\"Person\",\"@id\":\"https:\/\/www.nexoinformativo.mx\/#\/schema\/person\/7749d380ba08c8ca00d7bc76fd907b7d\",\"name\":\"Nexo Informativo\",\"image\":{\"@type\":\"ImageObject\",\"inLanguage\":\"es\",\"@id\":\"https:\/\/www.nexoinformativo.mx\/#\/schema\/person\/image\/\",\"url\":\"https:\/\/secure.gravatar.com\/avatar\/dde2928154642a13d95f87ddf1ea9718fe2b46760a005c53e41ff5ad610704e6?s=96&d=mm&r=g\",\"contentUrl\":\"https:\/\/secure.gravatar.com\/avatar\/dde2928154642a13d95f87ddf1ea9718fe2b46760a005c53e41ff5ad610704e6?s=96&d=mm&r=g\",\"caption\":\"Nexo Informativo\"},\"url\":\"https:\/\/www.nexoinformativo.mx\/index.php\/author\/edicion\/\"}]}<\/script>\n<!-- \/ Yoast SEO plugin. -->","yoast_head_json":{"title":"Mario Delgado: Gobierno de M\u00e9xico impulsar\u00e1 la Educaci\u00f3n Dual en todo el Pa\u00eds | Nexo Informativo Santiago de Quer\u00e9taro","description":"Mario Delgado: Gobierno de M\u00e9xico impulsar\u00e1 la Educaci\u00f3n Dual en todo el Pa\u00eds","robots":{"index":"index","follow":"follow","max-snippet":"max-snippet:-1","max-image-preview":"max-image-preview:large","max-video-preview":"max-video-preview:-1"},"canonical":"https:\/\/www.nexoinformativo.mx\/index.php\/2024\/12\/26\/mario-delgado-gobierno-de-mexico-impulsara-la-educacion-dual-en-todo-el-pais\/","og_locale":"es_MX","og_type":"article","og_title":"Mario Delgado: Gobierno de M\u00e9xico impulsar\u00e1 la Educaci\u00f3n Dual en todo el Pa\u00eds | Nexo Informativo Santiago de Quer\u00e9taro","og_description":"Mario Delgado: Gobierno de M\u00e9xico impulsar\u00e1 la Educaci\u00f3n Dual en todo el Pa\u00eds","og_url":"https:\/\/www.nexoinformativo.mx\/index.php\/2024\/12\/26\/mario-delgado-gobierno-de-mexico-impulsara-la-educacion-dual-en-todo-el-pais\/","og_site_name":"Nexo Informativo Santiago de Quer\u00e9taro","article_publisher":"https:\/\/www.facebook.com\/people\/Nexo-Informativo\/61564066885511\/","article_published_time":"2024-12-26T15:00:46+00:00","article_modified_time":"2024-12-26T16:25:04+00:00","og_image":[{"width":650,"height":380,"url":"https:\/\/www.nexoinformativo.mx\/wp-content\/uploads\/2024\/12\/IMG_8857.jpg","type":"image\/jpeg"}],"author":"Nexo Informativo","twitter_card":"summary_large_image","twitter_misc":{"Escrito por":"Nexo Informativo","Tiempo de lectura":"2 minutos"},"schema":{"@context":"https:\/\/schema.org","@graph":[{"@type":"Article","@id":"https:\/\/www.nexoinformativo.mx\/index.php\/2024\/12\/26\/mario-delgado-gobierno-de-mexico-impulsara-la-educacion-dual-en-todo-el-pais\/#article","isPartOf":{"@id":"https:\/\/www.nexoinformativo.mx\/index.php\/2024\/12\/26\/mario-delgado-gobierno-de-mexico-impulsara-la-educacion-dual-en-todo-el-pais\/"},"author":{"name":"Nexo Informativo","@id":"https:\/\/www.nexoinformativo.mx\/#\/schema\/person\/7749d380ba08c8ca00d7bc76fd907b7d"},"headline":"Mario Delgado: Gobierno de M\u00e9xico impulsar\u00e1 la Educaci\u00f3n Dual en todo el Pa\u00eds","datePublished":"2024-12-26T15:00:46+00:00","dateModified":"2024-12-26T16:25:04+00:00","mainEntityOfPage":{"@id":"https:\/\/www.nexoinformativo.mx\/index.php\/2024\/12\/26\/mario-delgado-gobierno-de-mexico-impulsara-la-educacion-dual-en-todo-el-pais\/"},"wordCount":291,"commentCount":0,"publisher":{"@id":"https:\/\/www.nexoinformativo.mx\/#organization"},"image":{"@id":"https:\/\/www.nexoinformativo.mx\/index.php\/2024\/12\/26\/mario-delgado-gobierno-de-mexico-impulsara-la-educacion-dual-en-todo-el-pais\/#primaryimage"},"thumbnailUrl":"https:\/\/www.nexoinformativo.mx\/wp-content\/uploads\/2024\/12\/IMG_8857.jpg","keywords":["DesarrolloM\u00e9xico","Educaci\u00f3nDual","MarioDelgado","SEP"],"articleSection":["Nacional","\u00daltima Hora"],"inLanguage":"es","potentialAction":[{"@type":"CommentAction","name":"Comment","target":["https:\/\/www.nexoinformativo.mx\/index.php\/2024\/12\/26\/mario-delgado-gobierno-de-mexico-impulsara-la-educacion-dual-en-todo-el-pais\/#respond"]}]},{"@type":"WebPage","@id":"https:\/\/www.nexoinformativo.mx\/index.php\/2024\/12\/26\/mario-delgado-gobierno-de-mexico-impulsara-la-educacion-dual-en-todo-el-pais\/","url":"https:\/\/www.nexoinformativo.mx\/index.php\/2024\/12\/26\/mario-delgado-gobierno-de-mexico-impulsara-la-educacion-dual-en-todo-el-pais\/","name":"Mario Delgado: Gobierno de M\u00e9xico impulsar\u00e1 la Educaci\u00f3n Dual en todo el Pa\u00eds | Nexo Informativo Santiago de Quer\u00e9taro","isPartOf":{"@id":"https:\/\/www.nexoinformativo.mx\/#website"},"primaryImageOfPage":{"@id":"https:\/\/www.nexoinformativo.mx\/index.php\/2024\/12\/26\/mario-delgado-gobierno-de-mexico-impulsara-la-educacion-dual-en-todo-el-pais\/#primaryimage"},"image":{"@id":"https:\/\/www.nexoinformativo.mx\/index.php\/2024\/12\/26\/mario-delgado-gobierno-de-mexico-impulsara-la-educacion-dual-en-todo-el-pais\/#primaryimage"},"thumbnailUrl":"https:\/\/www.nexoinformativo.mx\/wp-content\/uploads\/2024\/12\/IMG_8857.jpg","datePublished":"2024-12-26T15:00:46+00:00","dateModified":"2024-12-26T16:25:04+00:00","description":"Mario Delgado: Gobierno de M\u00e9xico impulsar\u00e1 la Educaci\u00f3n Dual en todo el Pa\u00eds","breadcrumb":{"@id":"https:\/\/www.nexoinformativo.mx\/index.php\/2024\/12\/26\/mario-delgado-gobierno-de-mexico-impulsara-la-educacion-dual-en-todo-el-pais\/#breadcrumb"},"inLanguage":"es","potentialAction":[{"@type":"ReadAction","target":["https:\/\/www.nexoinformativo.mx\/index.php\/2024\/12\/26\/mario-delgado-gobierno-de-mexico-impulsara-la-educacion-dual-en-todo-el-pais\/"]}]},{"@type":"ImageObject","inLanguage":"es","@id":"https:\/\/www.nexoinformativo.mx\/index.php\/2024\/12\/26\/mario-delgado-gobierno-de-mexico-impulsara-la-educacion-dual-en-todo-el-pais\/#primaryimage","url":"https:\/\/www.nexoinformativo.mx\/wp-content\/uploads\/2024\/12\/IMG_8857.jpg","contentUrl":"https:\/\/www.nexoinformativo.mx\/wp-content\/uploads\/2024\/12\/IMG_8857.jpg","width":650,"height":380},{"@type":"BreadcrumbList","@id":"https:\/\/www.nexoinformativo.mx\/index.php\/2024\/12\/26\/mario-delgado-gobierno-de-mexico-impulsara-la-educacion-dual-en-todo-el-pais\/#breadcrumb","itemListElement":[{"@type":"ListItem","position":1,"name":"Inicio","item":"https:\/\/www.nexoinformativo.mx\/"},{"@type":"ListItem","position":2,"name":"Mario Delgado: Gobierno de M\u00e9xico impulsar\u00e1 la Educaci\u00f3n Dual en todo el Pa\u00eds"}]},{"@type":"WebSite","@id":"https:\/\/www.nexoinformativo.mx\/#website","url":"https:\/\/www.nexoinformativo.mx\/","name":"Nexo Informativo Santiago de Quer\u00e9taro","description":"Explora NexoInformativo y convi\u00e9rtete en parte de una comunidad que valora el conocimiento y la verdad. Tu nexoinformativo es tu puente hacia una comprensi\u00f3n m\u00e1s profunda del mundo que te rodea.","publisher":{"@id":"https:\/\/www.nexoinformativo.mx\/#organization"},"potentialAction":[{"@type":"SearchAction","target":{"@type":"EntryPoint","urlTemplate":"https:\/\/www.nexoinformativo.mx\/?s={search_term_string}"},"query-input":{"@type":"PropertyValueSpecification","valueRequired":true,"valueName":"search_term_string"}}],"inLanguage":"es"},{"@type":"Organization","@id":"https:\/\/www.nexoinformativo.mx\/#organization","name":"Nexo Informativo Santiago de Quer\u00e9taro","url":"https:\/\/www.nexoinformativo.mx\/","logo":{"@type":"ImageObject","inLanguage":"es","@id":"https:\/\/www.nexoinformativo.mx\/#\/schema\/logo\/image\/","url":"https:\/\/www.nexoinformativo.mx\/wp-content\/uploads\/2024\/07\/nexoi-trasparente-2.png","contentUrl":"https:\/\/www.nexoinformativo.mx\/wp-content\/uploads\/2024\/07\/nexoi-trasparente-2.png","width":816,"height":339,"caption":"Nexo Informativo Santiago de Quer\u00e9taro"},"image":{"@id":"https:\/\/www.nexoinformativo.mx\/#\/schema\/logo\/image\/"},"sameAs":["https:\/\/www.facebook.com\/people\/Nexo-Informativo\/61564066885511\/"]},{"@type":"Person","@id":"https:\/\/www.nexoinformativo.mx\/#\/schema\/person\/7749d380ba08c8ca00d7bc76fd907b7d","name":"Nexo Informativo","image":{"@type":"ImageObject","inLanguage":"es","@id":"https:\/\/www.nexoinformativo.mx\/#\/schema\/person\/image\/","url":"https:\/\/secure.gravatar.com\/avatar\/dde2928154642a13d95f87ddf1ea9718fe2b46760a005c53e41ff5ad610704e6?s=96&d=mm&r=g","contentUrl":"https:\/\/secure.gravatar.com\/avatar\/dde2928154642a13d95f87ddf1ea9718fe2b46760a005c53e41ff5ad610704e6?s=96&d=mm&r=g","caption":"Nexo Informativo"},"url":"https:\/\/www.nexoinformativo.mx\/index.php\/author\/edicion\/"}]}},"_links":{"self":[{"href":"https:\/\/www.nexoinformativo.mx\/index.php\/wp-json\/wp\/v2\/posts\/8858","targetHints":{"allow":["GET"]}}],"collection":[{"href":"https:\/\/www.nexoinformativo.mx\/index.php\/wp-json\/wp\/v2\/posts"}],"about":[{"href":"https:\/\/www.nexoinformativo.mx\/index.php\/wp-json\/wp\/v2\/types\/post"}],"author":[{"embeddable":true,"href":"https:\/\/www.nexoinformativo.mx\/index.php\/wp-json\/wp\/v2\/users\/3"}],"replies":[{"embeddable":true,"href":"https:\/\/www.nexoinformativo.mx\/index.php\/wp-json\/wp\/v2\/comments?post=8858"}],"version-history":[{"count":3,"href":"https:\/\/www.nexoinformativo.mx\/index.php\/wp-json\/wp\/v2\/posts\/8858\/revisions"}],"predecessor-version":[{"id":8862,"href":"https:\/\/www.nexoinformativo.mx\/index.php\/wp-json\/wp\/v2\/posts\/8858\/revisions\/8862"}],"wp:featuredmedia":[{"embeddable":true,"href":"https:\/\/www.nexoinformativo.mx\/index.php\/wp-json\/wp\/v2\/media\/8861"}],"wp:attachment":[{"href":"https:\/\/www.nexoinformativo.mx\/index.php\/wp-json\/wp\/v2\/media?parent=8858"}],"wp:term":[{"taxonomy":"category","embeddable":true,"href":"https:\/\/www.nexoinformativo.mx\/index.php\/wp-json\/wp\/v2\/categories?post=8858"},{"taxonomy":"post_tag","embeddable":true,"href":"https:\/\/www.nexoinformativo.mx\/index.php\/wp-json\/wp\/v2\/tags?post=8858"}],"curies":[{"name":"wp","href":"https:\/\/api.w.org\/{rel}","templated":true}]}}