{"id":886,"date":"2024-08-25T12:00:00","date_gmt":"2024-08-25T18:00:00","guid":{"rendered":"https:\/\/www.nexoinformativo.mx\/?p=886"},"modified":"2024-08-27T20:08:47","modified_gmt":"2024-08-28T02:08:47","slug":"mpio-del-marques-actualiza-sentidos-viales-en-la-canada-para-mejorar-la-movilidad-vehicular","status":"publish","type":"post","link":"https:\/\/www.nexoinformativo.mx\/index.php\/2024\/08\/25\/mpio-del-marques-actualiza-sentidos-viales-en-la-canada-para-mejorar-la-movilidad-vehicular\/","title":{"rendered":"Mpio. del Marqu\u00e9s actualiza sentidos viales en La Ca\u00f1ada para mejorar la movilidad vehicular"},"content":{"rendered":"\r\n<ul class=\"wp-block-list\">\r\n<li class=\"justificado\" style=\"margin-top:var(--wp--preset--spacing--10);margin-bottom:var(--wp--preset--spacing--10)\"><p style=\"text-align: justify;\">El proyecto inicia este lunes 26 de agosto, con la implementaci\u00f3n de un circuito vial en las avenidas Emiliano Zapata y Ferrocarril, en la cabecera municipal.<\/li>\r\n<\/ul>\r\n\r\n\r\n\r\n<ul class=\"wp-block-list\">\r\n<li class=\"justificado\" style=\"margin-top:var(--wp--preset--spacing--10);margin-bottom:var(--wp--preset--spacing--10)\"><p style=\"text-align: justify;\">Se tendr\u00e1 mejor planificaci\u00f3n, reducci\u00f3n de tiempos de viajes, reducci\u00f3n de velocidad promedio, m\u00e1s seguridad para peatones y ciclistas, y transporte p\u00fablico m\u00e1s \u00e1gil.<\/li>\r\n<\/ul>\r\n\r\n\r\n\r\n<p class=\"justificado\" style=\"padding-top:var(--wp--preset--spacing--10);padding-bottom:var(--wp--preset--spacing--10)\"><p style=\"text-align: justify;\">Con la finalidad de mejorar significativamente la movilidad en La Ca\u00f1ada, la presente administraci\u00f3n municipal de El Marqu\u00e9s informa que a partir de este lunes 26 de agosto se pone en marcha un proyecto que contempla la implementaci\u00f3n de un circuito vial en la cabecera municipal.&nbsp;<\/p>\r\n\r\n\r\n\r\n<p class=\"justificado\" style=\"padding-top:var(--wp--preset--spacing--10);padding-bottom:var(--wp--preset--spacing--10)\"><p style=\"text-align: justify;\">Este proyecto tiene el objetivo primordial eficientar el flujo vehicular con la actualizaci\u00f3n de sentidos viales para beneficio de habitantes y visitantes en La Ca\u00f1ada.&nbsp;<\/p>\r\n\r\n\r\n\r\n<p class=\"justificado\" style=\"padding-top:var(--wp--preset--spacing--10);padding-bottom:var(--wp--preset--spacing--10)\"><p style=\"text-align: justify;\">De esta forma la avenida Emiliano Zapata transitar\u00e1 en un solo sentido del Pan de Dulce hacia el Socav\u00f3n. Mientras que la avenida Ferrocarril de igual manera tendr\u00e1 un solo sentido del puente del Socav\u00f3n hacia el Pan de Dulce. Asimismo, en la avenida central (paralela al r\u00edo) la movilidad vehicular ser\u00e1 en doble sentido al igual que el resto de las calles.&nbsp;<\/p>\r\n\r\n\r\n\r\n<p class=\"justificado\" style=\"padding-top:var(--wp--preset--spacing--10);padding-bottom:var(--wp--preset--spacing--10)\"><p style=\"text-align: justify;\">Con estos ajustes, se generar\u00e1n diversos beneficios: Se mejorar\u00e1 el flujo de tr\u00e1fico con una distribuci\u00f3n m\u00e1s eficiente para evitar congestionamientos vehiculares y permitir\u00e1 una mejor planificaci\u00f3n de aceras, carriles para bicicletas y \u00e1reas peatonales.&nbsp;<\/p>\r\n\r\n\r\n\r\n<p class=\"justificado\" style=\"padding-top:var(--wp--preset--spacing--10);padding-bottom:var(--wp--preset--spacing--10)\"><p style=\"text-align: justify;\">Adem\u00e1s, los conductores realizar\u00e1n trayectos en tiempos m\u00e1s cortos y consistentes; habr\u00e1 una circulaci\u00f3n promedio de veh\u00edculos, haciendo respetar los l\u00edmites de velocidad, lo que contribuir\u00e1 a la seguridad de peatones y ciclistas y habr\u00e1 un transporte p\u00fablico m\u00e1s \u00e1gil.&nbsp;<\/p>\r\n\r\n\r\n\r\n<p class=\"justificado\" style=\"padding-top:var(--wp--preset--spacing--10);padding-bottom:var(--wp--preset--spacing--10)\"><p style=\"text-align: justify;\">La presidencia municipal de El Marqu\u00e9s pone a disposici\u00f3n de toda la ciudadan\u00eda el tel\u00e9fono de la Secretar\u00eda de Atenci\u00f3n Ciudadana, 442 238 8400 Ext. 1206, para orientaci\u00f3n y aclaraci\u00f3n de dudas.<\/p>\r\n","protected":false},"excerpt":{"rendered":"<p>Con la finalidad de mejorar significativamente la movilidad en La Ca\u00f1ada, la presente administraci\u00f3n municipal de El Marqu\u00e9s informa que a partir de este lunes 26 de agosto se pone en marcha un proyecto que contempla la implementaci\u00f3n de un circuito vial en la cabecera municipal.&nbsp; Este proyecto tiene el objetivo primordial eficientar el flujo [&hellip;]<\/p>\n","protected":false},"author":3,"featured_media":889,"comment_status":"open","ping_status":"open","sticky":false,"template":"","format":"standard","meta":{"footnotes":""},"categories":[65],"tags":[189,185,187,151,190],"class_list":["post-886","post","type-post","status-publish","format-standard","has-post-thumbnail","hentry","category-municipios","tag-lacanada","tag-movilidadelmarques","tag-nuevossentidosviales","tag-seguridadvial","tag-transporteeficiente"],"yoast_head":"<!-- This site is optimized with the Yoast SEO plugin v25.0 - https:\/\/yoast.com\/wordpress\/plugins\/seo\/ -->\n<title>Mpio. del Marqu\u00e9s actualiza sentidos viales en La Ca\u00f1ada para mejorar la movilidad vehicular | Nexo Informativo Santiago de Quer\u00e9taro<\/title>\n<meta name=\"robots\" content=\"index, follow, max-snippet:-1, max-image-preview:large, max-video-preview:-1\" \/>\n<link rel=\"canonical\" href=\"https:\/\/www.nexoinformativo.mx\/index.php\/2024\/08\/25\/mpio-del-marques-actualiza-sentidos-viales-en-la-canada-para-mejorar-la-movilidad-vehicular\/\" \/>\n<meta property=\"og:locale\" content=\"es_MX\" \/>\n<meta property=\"og:type\" content=\"article\" \/>\n<meta property=\"og:title\" content=\"Mpio. del Marqu\u00e9s actualiza sentidos viales en La Ca\u00f1ada para mejorar la movilidad vehicular | Nexo Informativo Santiago de Quer\u00e9taro\" \/>\n<meta property=\"og:description\" content=\"Con la finalidad de mejorar significativamente la movilidad en La Ca\u00f1ada, la presente administraci\u00f3n municipal de El Marqu\u00e9s informa que a partir de este lunes 26 de agosto se pone en marcha un proyecto que contempla la implementaci\u00f3n de un circuito vial en la cabecera municipal.&nbsp; Este proyecto tiene el objetivo primordial eficientar el flujo [&hellip;]\" \/>\n<meta property=\"og:url\" content=\"https:\/\/www.nexoinformativo.mx\/index.php\/2024\/08\/25\/mpio-del-marques-actualiza-sentidos-viales-en-la-canada-para-mejorar-la-movilidad-vehicular\/\" \/>\n<meta property=\"og:site_name\" content=\"Nexo Informativo Santiago de Quer\u00e9taro\" \/>\n<meta property=\"article:publisher\" content=\"https:\/\/www.facebook.com\/people\/Nexo-Informativo\/61564066885511\/\" \/>\n<meta property=\"article:published_time\" content=\"2024-08-25T18:00:00+00:00\" \/>\n<meta property=\"article:modified_time\" content=\"2024-08-28T02:08:47+00:00\" \/>\n<meta property=\"og:image\" content=\"https:\/\/www.nexoinformativo.mx\/wp-content\/uploads\/2024\/08\/IMG-20240825-WA0003-e1724698134170.jpg\" \/>\n\t<meta property=\"og:image:width\" content=\"800\" \/>\n\t<meta property=\"og:image:height\" content=\"531\" \/>\n\t<meta property=\"og:image:type\" content=\"image\/jpeg\" \/>\n<meta name=\"author\" content=\"Nexo Informativo\" \/>\n<meta name=\"twitter:card\" content=\"summary_large_image\" \/>\n<meta name=\"twitter:label1\" content=\"Escrito por\" \/>\n\t<meta name=\"twitter:data1\" content=\"Nexo Informativo\" \/>\n\t<meta name=\"twitter:label2\" content=\"Tiempo de lectura\" \/>\n\t<meta name=\"twitter:data2\" content=\"2 minutos\" \/>\n<script type=\"application\/ld+json\" class=\"yoast-schema-graph\">{\"@context\":\"https:\/\/schema.org\",\"@graph\":[{\"@type\":\"Article\",\"@id\":\"https:\/\/www.nexoinformativo.mx\/index.php\/2024\/08\/25\/mpio-del-marques-actualiza-sentidos-viales-en-la-canada-para-mejorar-la-movilidad-vehicular\/#article\",\"isPartOf\":{\"@id\":\"https:\/\/www.nexoinformativo.mx\/index.php\/2024\/08\/25\/mpio-del-marques-actualiza-sentidos-viales-en-la-canada-para-mejorar-la-movilidad-vehicular\/\"},\"author\":{\"name\":\"Nexo Informativo\",\"@id\":\"https:\/\/www.nexoinformativo.mx\/#\/schema\/person\/7749d380ba08c8ca00d7bc76fd907b7d\"},\"headline\":\"Mpio. del Marqu\u00e9s actualiza sentidos viales en La Ca\u00f1ada para mejorar la movilidad vehicular\",\"datePublished\":\"2024-08-25T18:00:00+00:00\",\"dateModified\":\"2024-08-28T02:08:47+00:00\",\"mainEntityOfPage\":{\"@id\":\"https:\/\/www.nexoinformativo.mx\/index.php\/2024\/08\/25\/mpio-del-marques-actualiza-sentidos-viales-en-la-canada-para-mejorar-la-movilidad-vehicular\/\"},\"wordCount\":343,\"commentCount\":0,\"publisher\":{\"@id\":\"https:\/\/www.nexoinformativo.mx\/#organization\"},\"image\":{\"@id\":\"https:\/\/www.nexoinformativo.mx\/index.php\/2024\/08\/25\/mpio-del-marques-actualiza-sentidos-viales-en-la-canada-para-mejorar-la-movilidad-vehicular\/#primaryimage\"},\"thumbnailUrl\":\"https:\/\/www.nexoinformativo.mx\/wp-content\/uploads\/2024\/08\/IMG-20240825-WA0003-e1724698134170.jpg\",\"keywords\":[\"LaCa\u00f1ada\",\"MovilidadElMarqu\u00e9s\",\"NuevosSentidosViales\",\"seguridadvial\",\"TransporteEficiente\"],\"articleSection\":[\"Municipios\"],\"inLanguage\":\"es\",\"potentialAction\":[{\"@type\":\"CommentAction\",\"name\":\"Comment\",\"target\":[\"https:\/\/www.nexoinformativo.mx\/index.php\/2024\/08\/25\/mpio-del-marques-actualiza-sentidos-viales-en-la-canada-para-mejorar-la-movilidad-vehicular\/#respond\"]}]},{\"@type\":\"WebPage\",\"@id\":\"https:\/\/www.nexoinformativo.mx\/index.php\/2024\/08\/25\/mpio-del-marques-actualiza-sentidos-viales-en-la-canada-para-mejorar-la-movilidad-vehicular\/\",\"url\":\"https:\/\/www.nexoinformativo.mx\/index.php\/2024\/08\/25\/mpio-del-marques-actualiza-sentidos-viales-en-la-canada-para-mejorar-la-movilidad-vehicular\/\",\"name\":\"Mpio. del Marqu\u00e9s actualiza sentidos viales en La Ca\u00f1ada para mejorar la movilidad vehicular | Nexo Informativo Santiago de Quer\u00e9taro\",\"isPartOf\":{\"@id\":\"https:\/\/www.nexoinformativo.mx\/#website\"},\"primaryImageOfPage\":{\"@id\":\"https:\/\/www.nexoinformativo.mx\/index.php\/2024\/08\/25\/mpio-del-marques-actualiza-sentidos-viales-en-la-canada-para-mejorar-la-movilidad-vehicular\/#primaryimage\"},\"image\":{\"@id\":\"https:\/\/www.nexoinformativo.mx\/index.php\/2024\/08\/25\/mpio-del-marques-actualiza-sentidos-viales-en-la-canada-para-mejorar-la-movilidad-vehicular\/#primaryimage\"},\"thumbnailUrl\":\"https:\/\/www.nexoinformativo.mx\/wp-content\/uploads\/2024\/08\/IMG-20240825-WA0003-e1724698134170.jpg\",\"datePublished\":\"2024-08-25T18:00:00+00:00\",\"dateModified\":\"2024-08-28T02:08:47+00:00\",\"breadcrumb\":{\"@id\":\"https:\/\/www.nexoinformativo.mx\/index.php\/2024\/08\/25\/mpio-del-marques-actualiza-sentidos-viales-en-la-canada-para-mejorar-la-movilidad-vehicular\/#breadcrumb\"},\"inLanguage\":\"es\",\"potentialAction\":[{\"@type\":\"ReadAction\",\"target\":[\"https:\/\/www.nexoinformativo.mx\/index.php\/2024\/08\/25\/mpio-del-marques-actualiza-sentidos-viales-en-la-canada-para-mejorar-la-movilidad-vehicular\/\"]}]},{\"@type\":\"ImageObject\",\"inLanguage\":\"es\",\"@id\":\"https:\/\/www.nexoinformativo.mx\/index.php\/2024\/08\/25\/mpio-del-marques-actualiza-sentidos-viales-en-la-canada-para-mejorar-la-movilidad-vehicular\/#primaryimage\",\"url\":\"https:\/\/www.nexoinformativo.mx\/wp-content\/uploads\/2024\/08\/IMG-20240825-WA0003-e1724698134170.jpg\",\"contentUrl\":\"https:\/\/www.nexoinformativo.mx\/wp-content\/uploads\/2024\/08\/IMG-20240825-WA0003-e1724698134170.jpg\",\"width\":800,\"height\":531},{\"@type\":\"BreadcrumbList\",\"@id\":\"https:\/\/www.nexoinformativo.mx\/index.php\/2024\/08\/25\/mpio-del-marques-actualiza-sentidos-viales-en-la-canada-para-mejorar-la-movilidad-vehicular\/#breadcrumb\",\"itemListElement\":[{\"@type\":\"ListItem\",\"position\":1,\"name\":\"Inicio\",\"item\":\"https:\/\/www.nexoinformativo.mx\/\"},{\"@type\":\"ListItem\",\"position\":2,\"name\":\"Mpio. del Marqu\u00e9s actualiza sentidos viales en La Ca\u00f1ada para mejorar la movilidad vehicular\"}]},{\"@type\":\"WebSite\",\"@id\":\"https:\/\/www.nexoinformativo.mx\/#website\",\"url\":\"https:\/\/www.nexoinformativo.mx\/\",\"name\":\"Nexo Informativo Santiago de Quer\u00e9taro\",\"description\":\"Explora NexoInformativo y convi\u00e9rtete en parte de una comunidad que valora el conocimiento y la verdad. Tu nexoinformativo es tu puente hacia una comprensi\u00f3n m\u00e1s profunda del mundo que te rodea.\",\"publisher\":{\"@id\":\"https:\/\/www.nexoinformativo.mx\/#organization\"},\"potentialAction\":[{\"@type\":\"SearchAction\",\"target\":{\"@type\":\"EntryPoint\",\"urlTemplate\":\"https:\/\/www.nexoinformativo.mx\/?s={search_term_string}\"},\"query-input\":{\"@type\":\"PropertyValueSpecification\",\"valueRequired\":true,\"valueName\":\"search_term_string\"}}],\"inLanguage\":\"es\"},{\"@type\":\"Organization\",\"@id\":\"https:\/\/www.nexoinformativo.mx\/#organization\",\"name\":\"Nexo Informativo Santiago de Quer\u00e9taro\",\"url\":\"https:\/\/www.nexoinformativo.mx\/\",\"logo\":{\"@type\":\"ImageObject\",\"inLanguage\":\"es\",\"@id\":\"https:\/\/www.nexoinformativo.mx\/#\/schema\/logo\/image\/\",\"url\":\"https:\/\/www.nexoinformativo.mx\/wp-content\/uploads\/2024\/07\/nexoi-trasparente-2.png\",\"contentUrl\":\"https:\/\/www.nexoinformativo.mx\/wp-content\/uploads\/2024\/07\/nexoi-trasparente-2.png\",\"width\":816,\"height\":339,\"caption\":\"Nexo Informativo Santiago de Quer\u00e9taro\"},\"image\":{\"@id\":\"https:\/\/www.nexoinformativo.mx\/#\/schema\/logo\/image\/\"},\"sameAs\":[\"https:\/\/www.facebook.com\/people\/Nexo-Informativo\/61564066885511\/\"]},{\"@type\":\"Person\",\"@id\":\"https:\/\/www.nexoinformativo.mx\/#\/schema\/person\/7749d380ba08c8ca00d7bc76fd907b7d\",\"name\":\"Nexo Informativo\",\"image\":{\"@type\":\"ImageObject\",\"inLanguage\":\"es\",\"@id\":\"https:\/\/www.nexoinformativo.mx\/#\/schema\/person\/image\/\",\"url\":\"https:\/\/secure.gravatar.com\/avatar\/dde2928154642a13d95f87ddf1ea9718fe2b46760a005c53e41ff5ad610704e6?s=96&d=mm&r=g\",\"contentUrl\":\"https:\/\/secure.gravatar.com\/avatar\/dde2928154642a13d95f87ddf1ea9718fe2b46760a005c53e41ff5ad610704e6?s=96&d=mm&r=g\",\"caption\":\"Nexo Informativo\"},\"url\":\"https:\/\/www.nexoinformativo.mx\/index.php\/author\/edicion\/\"}]}<\/script>\n<!-- \/ Yoast SEO plugin. -->","yoast_head_json":{"title":"Mpio. del Marqu\u00e9s actualiza sentidos viales en La Ca\u00f1ada para mejorar la movilidad vehicular | Nexo Informativo Santiago de Quer\u00e9taro","robots":{"index":"index","follow":"follow","max-snippet":"max-snippet:-1","max-image-preview":"max-image-preview:large","max-video-preview":"max-video-preview:-1"},"canonical":"https:\/\/www.nexoinformativo.mx\/index.php\/2024\/08\/25\/mpio-del-marques-actualiza-sentidos-viales-en-la-canada-para-mejorar-la-movilidad-vehicular\/","og_locale":"es_MX","og_type":"article","og_title":"Mpio. del Marqu\u00e9s actualiza sentidos viales en La Ca\u00f1ada para mejorar la movilidad vehicular | Nexo Informativo Santiago de Quer\u00e9taro","og_description":"Con la finalidad de mejorar significativamente la movilidad en La Ca\u00f1ada, la presente administraci\u00f3n municipal de El Marqu\u00e9s informa que a partir de este lunes 26 de agosto se pone en marcha un proyecto que contempla la implementaci\u00f3n de un circuito vial en la cabecera municipal.&nbsp; Este proyecto tiene el objetivo primordial eficientar el flujo [&hellip;]","og_url":"https:\/\/www.nexoinformativo.mx\/index.php\/2024\/08\/25\/mpio-del-marques-actualiza-sentidos-viales-en-la-canada-para-mejorar-la-movilidad-vehicular\/","og_site_name":"Nexo Informativo Santiago de Quer\u00e9taro","article_publisher":"https:\/\/www.facebook.com\/people\/Nexo-Informativo\/61564066885511\/","article_published_time":"2024-08-25T18:00:00+00:00","article_modified_time":"2024-08-28T02:08:47+00:00","og_image":[{"width":800,"height":531,"url":"https:\/\/www.nexoinformativo.mx\/wp-content\/uploads\/2024\/08\/IMG-20240825-WA0003-e1724698134170.jpg","type":"image\/jpeg"}],"author":"Nexo Informativo","twitter_card":"summary_large_image","twitter_misc":{"Escrito por":"Nexo Informativo","Tiempo de lectura":"2 minutos"},"schema":{"@context":"https:\/\/schema.org","@graph":[{"@type":"Article","@id":"https:\/\/www.nexoinformativo.mx\/index.php\/2024\/08\/25\/mpio-del-marques-actualiza-sentidos-viales-en-la-canada-para-mejorar-la-movilidad-vehicular\/#article","isPartOf":{"@id":"https:\/\/www.nexoinformativo.mx\/index.php\/2024\/08\/25\/mpio-del-marques-actualiza-sentidos-viales-en-la-canada-para-mejorar-la-movilidad-vehicular\/"},"author":{"name":"Nexo Informativo","@id":"https:\/\/www.nexoinformativo.mx\/#\/schema\/person\/7749d380ba08c8ca00d7bc76fd907b7d"},"headline":"Mpio. del Marqu\u00e9s actualiza sentidos viales en La Ca\u00f1ada para mejorar la movilidad vehicular","datePublished":"2024-08-25T18:00:00+00:00","dateModified":"2024-08-28T02:08:47+00:00","mainEntityOfPage":{"@id":"https:\/\/www.nexoinformativo.mx\/index.php\/2024\/08\/25\/mpio-del-marques-actualiza-sentidos-viales-en-la-canada-para-mejorar-la-movilidad-vehicular\/"},"wordCount":343,"commentCount":0,"publisher":{"@id":"https:\/\/www.nexoinformativo.mx\/#organization"},"image":{"@id":"https:\/\/www.nexoinformativo.mx\/index.php\/2024\/08\/25\/mpio-del-marques-actualiza-sentidos-viales-en-la-canada-para-mejorar-la-movilidad-vehicular\/#primaryimage"},"thumbnailUrl":"https:\/\/www.nexoinformativo.mx\/wp-content\/uploads\/2024\/08\/IMG-20240825-WA0003-e1724698134170.jpg","keywords":["LaCa\u00f1ada","MovilidadElMarqu\u00e9s","NuevosSentidosViales","seguridadvial","TransporteEficiente"],"articleSection":["Municipios"],"inLanguage":"es","potentialAction":[{"@type":"CommentAction","name":"Comment","target":["https:\/\/www.nexoinformativo.mx\/index.php\/2024\/08\/25\/mpio-del-marques-actualiza-sentidos-viales-en-la-canada-para-mejorar-la-movilidad-vehicular\/#respond"]}]},{"@type":"WebPage","@id":"https:\/\/www.nexoinformativo.mx\/index.php\/2024\/08\/25\/mpio-del-marques-actualiza-sentidos-viales-en-la-canada-para-mejorar-la-movilidad-vehicular\/","url":"https:\/\/www.nexoinformativo.mx\/index.php\/2024\/08\/25\/mpio-del-marques-actualiza-sentidos-viales-en-la-canada-para-mejorar-la-movilidad-vehicular\/","name":"Mpio. del Marqu\u00e9s actualiza sentidos viales en La Ca\u00f1ada para mejorar la movilidad vehicular | Nexo Informativo Santiago de Quer\u00e9taro","isPartOf":{"@id":"https:\/\/www.nexoinformativo.mx\/#website"},"primaryImageOfPage":{"@id":"https:\/\/www.nexoinformativo.mx\/index.php\/2024\/08\/25\/mpio-del-marques-actualiza-sentidos-viales-en-la-canada-para-mejorar-la-movilidad-vehicular\/#primaryimage"},"image":{"@id":"https:\/\/www.nexoinformativo.mx\/index.php\/2024\/08\/25\/mpio-del-marques-actualiza-sentidos-viales-en-la-canada-para-mejorar-la-movilidad-vehicular\/#primaryimage"},"thumbnailUrl":"https:\/\/www.nexoinformativo.mx\/wp-content\/uploads\/2024\/08\/IMG-20240825-WA0003-e1724698134170.jpg","datePublished":"2024-08-25T18:00:00+00:00","dateModified":"2024-08-28T02:08:47+00:00","breadcrumb":{"@id":"https:\/\/www.nexoinformativo.mx\/index.php\/2024\/08\/25\/mpio-del-marques-actualiza-sentidos-viales-en-la-canada-para-mejorar-la-movilidad-vehicular\/#breadcrumb"},"inLanguage":"es","potentialAction":[{"@type":"ReadAction","target":["https:\/\/www.nexoinformativo.mx\/index.php\/2024\/08\/25\/mpio-del-marques-actualiza-sentidos-viales-en-la-canada-para-mejorar-la-movilidad-vehicular\/"]}]},{"@type":"ImageObject","inLanguage":"es","@id":"https:\/\/www.nexoinformativo.mx\/index.php\/2024\/08\/25\/mpio-del-marques-actualiza-sentidos-viales-en-la-canada-para-mejorar-la-movilidad-vehicular\/#primaryimage","url":"https:\/\/www.nexoinformativo.mx\/wp-content\/uploads\/2024\/08\/IMG-20240825-WA0003-e1724698134170.jpg","contentUrl":"https:\/\/www.nexoinformativo.mx\/wp-content\/uploads\/2024\/08\/IMG-20240825-WA0003-e1724698134170.jpg","width":800,"height":531},{"@type":"BreadcrumbList","@id":"https:\/\/www.nexoinformativo.mx\/index.php\/2024\/08\/25\/mpio-del-marques-actualiza-sentidos-viales-en-la-canada-para-mejorar-la-movilidad-vehicular\/#breadcrumb","itemListElement":[{"@type":"ListItem","position":1,"name":"Inicio","item":"https:\/\/www.nexoinformativo.mx\/"},{"@type":"ListItem","position":2,"name":"Mpio. del Marqu\u00e9s actualiza sentidos viales en La Ca\u00f1ada para mejorar la movilidad vehicular"}]},{"@type":"WebSite","@id":"https:\/\/www.nexoinformativo.mx\/#website","url":"https:\/\/www.nexoinformativo.mx\/","name":"Nexo Informativo Santiago de Quer\u00e9taro","description":"Explora NexoInformativo y convi\u00e9rtete en parte de una comunidad que valora el conocimiento y la verdad. Tu nexoinformativo es tu puente hacia una comprensi\u00f3n m\u00e1s profunda del mundo que te rodea.","publisher":{"@id":"https:\/\/www.nexoinformativo.mx\/#organization"},"potentialAction":[{"@type":"SearchAction","target":{"@type":"EntryPoint","urlTemplate":"https:\/\/www.nexoinformativo.mx\/?s={search_term_string}"},"query-input":{"@type":"PropertyValueSpecification","valueRequired":true,"valueName":"search_term_string"}}],"inLanguage":"es"},{"@type":"Organization","@id":"https:\/\/www.nexoinformativo.mx\/#organization","name":"Nexo Informativo Santiago de Quer\u00e9taro","url":"https:\/\/www.nexoinformativo.mx\/","logo":{"@type":"ImageObject","inLanguage":"es","@id":"https:\/\/www.nexoinformativo.mx\/#\/schema\/logo\/image\/","url":"https:\/\/www.nexoinformativo.mx\/wp-content\/uploads\/2024\/07\/nexoi-trasparente-2.png","contentUrl":"https:\/\/www.nexoinformativo.mx\/wp-content\/uploads\/2024\/07\/nexoi-trasparente-2.png","width":816,"height":339,"caption":"Nexo Informativo Santiago de Quer\u00e9taro"},"image":{"@id":"https:\/\/www.nexoinformativo.mx\/#\/schema\/logo\/image\/"},"sameAs":["https:\/\/www.facebook.com\/people\/Nexo-Informativo\/61564066885511\/"]},{"@type":"Person","@id":"https:\/\/www.nexoinformativo.mx\/#\/schema\/person\/7749d380ba08c8ca00d7bc76fd907b7d","name":"Nexo Informativo","image":{"@type":"ImageObject","inLanguage":"es","@id":"https:\/\/www.nexoinformativo.mx\/#\/schema\/person\/image\/","url":"https:\/\/secure.gravatar.com\/avatar\/dde2928154642a13d95f87ddf1ea9718fe2b46760a005c53e41ff5ad610704e6?s=96&d=mm&r=g","contentUrl":"https:\/\/secure.gravatar.com\/avatar\/dde2928154642a13d95f87ddf1ea9718fe2b46760a005c53e41ff5ad610704e6?s=96&d=mm&r=g","caption":"Nexo Informativo"},"url":"https:\/\/www.nexoinformativo.mx\/index.php\/author\/edicion\/"}]}},"_links":{"self":[{"href":"https:\/\/www.nexoinformativo.mx\/index.php\/wp-json\/wp\/v2\/posts\/886","targetHints":{"allow":["GET"]}}],"collection":[{"href":"https:\/\/www.nexoinformativo.mx\/index.php\/wp-json\/wp\/v2\/posts"}],"about":[{"href":"https:\/\/www.nexoinformativo.mx\/index.php\/wp-json\/wp\/v2\/types\/post"}],"author":[{"embeddable":true,"href":"https:\/\/www.nexoinformativo.mx\/index.php\/wp-json\/wp\/v2\/users\/3"}],"replies":[{"embeddable":true,"href":"https:\/\/www.nexoinformativo.mx\/index.php\/wp-json\/wp\/v2\/comments?post=886"}],"version-history":[{"count":5,"href":"https:\/\/www.nexoinformativo.mx\/index.php\/wp-json\/wp\/v2\/posts\/886\/revisions"}],"predecessor-version":[{"id":1038,"href":"https:\/\/www.nexoinformativo.mx\/index.php\/wp-json\/wp\/v2\/posts\/886\/revisions\/1038"}],"wp:featuredmedia":[{"embeddable":true,"href":"https:\/\/www.nexoinformativo.mx\/index.php\/wp-json\/wp\/v2\/media\/889"}],"wp:attachment":[{"href":"https:\/\/www.nexoinformativo.mx\/index.php\/wp-json\/wp\/v2\/media?parent=886"}],"wp:term":[{"taxonomy":"category","embeddable":true,"href":"https:\/\/www.nexoinformativo.mx\/index.php\/wp-json\/wp\/v2\/categories?post=886"},{"taxonomy":"post_tag","embeddable":true,"href":"https:\/\/www.nexoinformativo.mx\/index.php\/wp-json\/wp\/v2\/tags?post=886"}],"curies":[{"name":"wp","href":"https:\/\/api.w.org\/{rel}","templated":true}]}}