{"id":8864,"date":"2024-12-26T11:00:14","date_gmt":"2024-12-26T17:00:14","guid":{"rendered":"https:\/\/www.nexoinformativo.mx\/?p=8864"},"modified":"2024-12-26T13:15:53","modified_gmt":"2024-12-26T19:15:53","slug":"corregidora-invierte-en-educacion-nueva-aula-cocina-para-la-secundaria-tecnica-no-33","status":"publish","type":"post","link":"https:\/\/www.nexoinformativo.mx\/index.php\/2024\/12\/26\/corregidora-invierte-en-educacion-nueva-aula-cocina-para-la-secundaria-tecnica-no-33\/","title":{"rendered":"Corregidora invierte en educaci\u00f3n: Nueva aula-cocina para la Secundaria T\u00e9cnica No. 33"},"content":{"rendered":"<p style=\"text-align: justify;\" data-sourcepos=\"11:1-11:322\">Corregidora sigue apostando por la educaci\u00f3n. El presidente municipal, Chepe Guerrero, anunci\u00f3 la construcci\u00f3n de una nueva aula-cocina en la Secundaria T\u00e9cnica No. 33 &#8220;Juan Aldama&#8221;, ubicada en la colonia Los \u00c1ngeles. Esta obra beneficiar\u00e1 a cientos de estudiantes y fortalecer\u00e1 la educaci\u00f3n en el municipio.<\/p>\n<p>&nbsp;<\/p>\n<p style=\"text-align: justify;\" data-sourcepos=\"13:1-13:326\">Durante la celebraci\u00f3n del 30 aniversario de la escuela, Guerrero destac\u00f3 la importancia de invertir en infraestructura educativa para garantizar un aprendizaje de calidad. La nueva aula-cocina permitir\u00e1 a los alumnos desarrollar habilidades culinarias y mejorar la calidad de los alimentos que se preparan en la instituci\u00f3n.<\/p>\n<p>&nbsp;<\/p>\n<p style=\"text-align: justify;\" data-sourcepos=\"15:1-15:218\">&#8220;Que sean los primeros 30 a\u00f1os de esta escuela que seguir\u00e1 marcando el rumbo de Corregidora, de Quer\u00e9taro y de M\u00e9xico&#8221;, expres\u00f3 el alcalde, reconociendo el compromiso de docentes, padres de familia y alumnos.<\/p>\n<p>&nbsp;<\/p>\n<p style=\"text-align: justify;\" data-sourcepos=\"17:1-17:162\">Por su parte, Adri\u00e1n Reyes Salinas, director de la secundaria, agradeci\u00f3 el apoyo del municipio y destac\u00f3 la importancia de esta obra para la comunidad educativa.<\/p>\n<p>&nbsp;<\/p>\n<p style=\"text-align: justify;\" data-sourcepos=\"19:1-19:326\">Corregidora se consolida como un referente en educaci\u00f3n a nivel estatal. El municipio cuenta con el mejor nivel de escolaridad, aprovechamiento acad\u00e9mico y un alto porcentaje de estudiantes que contin\u00faan con estudios superiores.<\/p>\n<\/p>\n<p>&nbsp;<\/p>\n<p style=\"text-align: justify;\" data-sourcepos=\"19:1-19:326\">Este logro es resultado del trabajo conjunto entre autoridades, docentes y padres de familia.<\/p>\n<p>&nbsp;<\/p>\n<p style=\"text-align: center;\" data-sourcepos=\"19:1-19:326\"><em><strong>\u00a1Informaci\u00f3n que transforma!<\/strong><\/em><\/p>\n","protected":false},"excerpt":{"rendered":"<p>Corregidora sigue apostando por la educaci\u00f3n. El presidente municipal, Chepe Guerrero, anunci\u00f3 la construcci\u00f3n de una nueva aula-cocina en la Secundaria T\u00e9cnica No. 33 &#8220;Juan Aldama&#8221;, ubicada en la colonia Los \u00c1ngeles. Esta obra beneficiar\u00e1 a cientos de estudiantes y fortalecer\u00e1 la educaci\u00f3n en el municipio.<\/p>\n","protected":false},"author":3,"featured_media":8866,"comment_status":"open","ping_status":"open","sticky":false,"template":"","format":"standard","meta":{"footnotes":""},"categories":[65,58],"tags":[237,2840,2841,2842],"class_list":["post-8864","post","type-post","status-publish","format-standard","has-post-thumbnail","hentry","category-municipios","category-ultima-hora","tag-chepeguerrero","tag-educacioncorregidora","tag-nuevaaulacocina","tag-secundariatecnica33"],"yoast_head":"<!-- This site is optimized with the Yoast SEO plugin v25.0 - https:\/\/yoast.com\/wordpress\/plugins\/seo\/ -->\n<title>Corregidora invierte en educaci\u00f3n: Nueva aula-cocina para la Secundaria T\u00e9cnica No. 33 | Nexo Informativo Santiago de Quer\u00e9taro<\/title>\n<meta name=\"description\" content=\"Corregidora invierte en educaci\u00f3n: Nueva aula-cocina para la Secundaria T\u00e9cnica No. 33\" \/>\n<meta name=\"robots\" content=\"index, follow, max-snippet:-1, max-image-preview:large, max-video-preview:-1\" \/>\n<link rel=\"canonical\" href=\"https:\/\/www.nexoinformativo.mx\/index.php\/2024\/12\/26\/corregidora-invierte-en-educacion-nueva-aula-cocina-para-la-secundaria-tecnica-no-33\/\" \/>\n<meta property=\"og:locale\" content=\"es_MX\" \/>\n<meta property=\"og:type\" content=\"article\" \/>\n<meta property=\"og:title\" content=\"Corregidora invierte en educaci\u00f3n: Nueva aula-cocina para la Secundaria T\u00e9cnica No. 33 | Nexo Informativo Santiago de Quer\u00e9taro\" \/>\n<meta property=\"og:description\" content=\"Corregidora invierte en educaci\u00f3n: Nueva aula-cocina para la Secundaria T\u00e9cnica No. 33\" \/>\n<meta property=\"og:url\" content=\"https:\/\/www.nexoinformativo.mx\/index.php\/2024\/12\/26\/corregidora-invierte-en-educacion-nueva-aula-cocina-para-la-secundaria-tecnica-no-33\/\" \/>\n<meta property=\"og:site_name\" content=\"Nexo Informativo Santiago de Quer\u00e9taro\" \/>\n<meta property=\"article:publisher\" content=\"https:\/\/www.facebook.com\/people\/Nexo-Informativo\/61564066885511\/\" \/>\n<meta property=\"article:published_time\" content=\"2024-12-26T17:00:14+00:00\" \/>\n<meta property=\"article:modified_time\" content=\"2024-12-26T19:15:53+00:00\" \/>\n<meta property=\"og:image\" content=\"https:\/\/www.nexoinformativo.mx\/wp-content\/uploads\/2024\/12\/PHOTO-2024-12-26-12-47-37-e1735240466213.jpg\" \/>\n\t<meta property=\"og:image:width\" content=\"800\" \/>\n\t<meta property=\"og:image:height\" content=\"533\" \/>\n\t<meta property=\"og:image:type\" content=\"image\/jpeg\" \/>\n<meta name=\"author\" content=\"Nexo Informativo\" \/>\n<meta name=\"twitter:card\" content=\"summary_large_image\" \/>\n<meta name=\"twitter:label1\" content=\"Escrito por\" \/>\n\t<meta name=\"twitter:data1\" content=\"Nexo Informativo\" \/>\n\t<meta name=\"twitter:label2\" content=\"Tiempo de lectura\" \/>\n\t<meta name=\"twitter:data2\" content=\"2 minutos\" \/>\n<script type=\"application\/ld+json\" class=\"yoast-schema-graph\">{\"@context\":\"https:\/\/schema.org\",\"@graph\":[{\"@type\":\"Article\",\"@id\":\"https:\/\/www.nexoinformativo.mx\/index.php\/2024\/12\/26\/corregidora-invierte-en-educacion-nueva-aula-cocina-para-la-secundaria-tecnica-no-33\/#article\",\"isPartOf\":{\"@id\":\"https:\/\/www.nexoinformativo.mx\/index.php\/2024\/12\/26\/corregidora-invierte-en-educacion-nueva-aula-cocina-para-la-secundaria-tecnica-no-33\/\"},\"author\":{\"name\":\"Nexo Informativo\",\"@id\":\"https:\/\/www.nexoinformativo.mx\/#\/schema\/person\/7749d380ba08c8ca00d7bc76fd907b7d\"},\"headline\":\"Corregidora invierte en educaci\u00f3n: Nueva aula-cocina para la Secundaria T\u00e9cnica No. 33\",\"datePublished\":\"2024-12-26T17:00:14+00:00\",\"dateModified\":\"2024-12-26T19:15:53+00:00\",\"mainEntityOfPage\":{\"@id\":\"https:\/\/www.nexoinformativo.mx\/index.php\/2024\/12\/26\/corregidora-invierte-en-educacion-nueva-aula-cocina-para-la-secundaria-tecnica-no-33\/\"},\"wordCount\":233,\"commentCount\":0,\"publisher\":{\"@id\":\"https:\/\/www.nexoinformativo.mx\/#organization\"},\"image\":{\"@id\":\"https:\/\/www.nexoinformativo.mx\/index.php\/2024\/12\/26\/corregidora-invierte-en-educacion-nueva-aula-cocina-para-la-secundaria-tecnica-no-33\/#primaryimage\"},\"thumbnailUrl\":\"https:\/\/www.nexoinformativo.mx\/wp-content\/uploads\/2024\/12\/PHOTO-2024-12-26-12-47-37-e1735240466213.jpg\",\"keywords\":[\"ChepeGuerrero\",\"Educaci\u00f3nCorregidora\",\"NuevaAulaCocina\",\"SecundariaT\u00e9cnica33\"],\"articleSection\":[\"Municipios\",\"\u00daltima Hora\"],\"inLanguage\":\"es\",\"potentialAction\":[{\"@type\":\"CommentAction\",\"name\":\"Comment\",\"target\":[\"https:\/\/www.nexoinformativo.mx\/index.php\/2024\/12\/26\/corregidora-invierte-en-educacion-nueva-aula-cocina-para-la-secundaria-tecnica-no-33\/#respond\"]}]},{\"@type\":\"WebPage\",\"@id\":\"https:\/\/www.nexoinformativo.mx\/index.php\/2024\/12\/26\/corregidora-invierte-en-educacion-nueva-aula-cocina-para-la-secundaria-tecnica-no-33\/\",\"url\":\"https:\/\/www.nexoinformativo.mx\/index.php\/2024\/12\/26\/corregidora-invierte-en-educacion-nueva-aula-cocina-para-la-secundaria-tecnica-no-33\/\",\"name\":\"Corregidora invierte en educaci\u00f3n: Nueva aula-cocina para la Secundaria T\u00e9cnica No. 33 | Nexo Informativo Santiago de Quer\u00e9taro\",\"isPartOf\":{\"@id\":\"https:\/\/www.nexoinformativo.mx\/#website\"},\"primaryImageOfPage\":{\"@id\":\"https:\/\/www.nexoinformativo.mx\/index.php\/2024\/12\/26\/corregidora-invierte-en-educacion-nueva-aula-cocina-para-la-secundaria-tecnica-no-33\/#primaryimage\"},\"image\":{\"@id\":\"https:\/\/www.nexoinformativo.mx\/index.php\/2024\/12\/26\/corregidora-invierte-en-educacion-nueva-aula-cocina-para-la-secundaria-tecnica-no-33\/#primaryimage\"},\"thumbnailUrl\":\"https:\/\/www.nexoinformativo.mx\/wp-content\/uploads\/2024\/12\/PHOTO-2024-12-26-12-47-37-e1735240466213.jpg\",\"datePublished\":\"2024-12-26T17:00:14+00:00\",\"dateModified\":\"2024-12-26T19:15:53+00:00\",\"description\":\"Corregidora invierte en educaci\u00f3n: Nueva aula-cocina para la Secundaria T\u00e9cnica No. 33\",\"breadcrumb\":{\"@id\":\"https:\/\/www.nexoinformativo.mx\/index.php\/2024\/12\/26\/corregidora-invierte-en-educacion-nueva-aula-cocina-para-la-secundaria-tecnica-no-33\/#breadcrumb\"},\"inLanguage\":\"es\",\"potentialAction\":[{\"@type\":\"ReadAction\",\"target\":[\"https:\/\/www.nexoinformativo.mx\/index.php\/2024\/12\/26\/corregidora-invierte-en-educacion-nueva-aula-cocina-para-la-secundaria-tecnica-no-33\/\"]}]},{\"@type\":\"ImageObject\",\"inLanguage\":\"es\",\"@id\":\"https:\/\/www.nexoinformativo.mx\/index.php\/2024\/12\/26\/corregidora-invierte-en-educacion-nueva-aula-cocina-para-la-secundaria-tecnica-no-33\/#primaryimage\",\"url\":\"https:\/\/www.nexoinformativo.mx\/wp-content\/uploads\/2024\/12\/PHOTO-2024-12-26-12-47-37-e1735240466213.jpg\",\"contentUrl\":\"https:\/\/www.nexoinformativo.mx\/wp-content\/uploads\/2024\/12\/PHOTO-2024-12-26-12-47-37-e1735240466213.jpg\",\"width\":800,\"height\":533},{\"@type\":\"BreadcrumbList\",\"@id\":\"https:\/\/www.nexoinformativo.mx\/index.php\/2024\/12\/26\/corregidora-invierte-en-educacion-nueva-aula-cocina-para-la-secundaria-tecnica-no-33\/#breadcrumb\",\"itemListElement\":[{\"@type\":\"ListItem\",\"position\":1,\"name\":\"Inicio\",\"item\":\"https:\/\/www.nexoinformativo.mx\/\"},{\"@type\":\"ListItem\",\"position\":2,\"name\":\"Corregidora invierte en educaci\u00f3n: Nueva aula-cocina para la Secundaria T\u00e9cnica No. 33\"}]},{\"@type\":\"WebSite\",\"@id\":\"https:\/\/www.nexoinformativo.mx\/#website\",\"url\":\"https:\/\/www.nexoinformativo.mx\/\",\"name\":\"Nexo Informativo Santiago de Quer\u00e9taro\",\"description\":\"Explora NexoInformativo y convi\u00e9rtete en parte de una comunidad que valora el conocimiento y la verdad. Tu nexoinformativo es tu puente hacia una comprensi\u00f3n m\u00e1s profunda del mundo que te rodea.\",\"publisher\":{\"@id\":\"https:\/\/www.nexoinformativo.mx\/#organization\"},\"potentialAction\":[{\"@type\":\"SearchAction\",\"target\":{\"@type\":\"EntryPoint\",\"urlTemplate\":\"https:\/\/www.nexoinformativo.mx\/?s={search_term_string}\"},\"query-input\":{\"@type\":\"PropertyValueSpecification\",\"valueRequired\":true,\"valueName\":\"search_term_string\"}}],\"inLanguage\":\"es\"},{\"@type\":\"Organization\",\"@id\":\"https:\/\/www.nexoinformativo.mx\/#organization\",\"name\":\"Nexo Informativo Santiago de Quer\u00e9taro\",\"url\":\"https:\/\/www.nexoinformativo.mx\/\",\"logo\":{\"@type\":\"ImageObject\",\"inLanguage\":\"es\",\"@id\":\"https:\/\/www.nexoinformativo.mx\/#\/schema\/logo\/image\/\",\"url\":\"https:\/\/www.nexoinformativo.mx\/wp-content\/uploads\/2024\/07\/nexoi-trasparente-2.png\",\"contentUrl\":\"https:\/\/www.nexoinformativo.mx\/wp-content\/uploads\/2024\/07\/nexoi-trasparente-2.png\",\"width\":816,\"height\":339,\"caption\":\"Nexo Informativo Santiago de Quer\u00e9taro\"},\"image\":{\"@id\":\"https:\/\/www.nexoinformativo.mx\/#\/schema\/logo\/image\/\"},\"sameAs\":[\"https:\/\/www.facebook.com\/people\/Nexo-Informativo\/61564066885511\/\"]},{\"@type\":\"Person\",\"@id\":\"https:\/\/www.nexoinformativo.mx\/#\/schema\/person\/7749d380ba08c8ca00d7bc76fd907b7d\",\"name\":\"Nexo Informativo\",\"image\":{\"@type\":\"ImageObject\",\"inLanguage\":\"es\",\"@id\":\"https:\/\/www.nexoinformativo.mx\/#\/schema\/person\/image\/\",\"url\":\"https:\/\/secure.gravatar.com\/avatar\/dde2928154642a13d95f87ddf1ea9718fe2b46760a005c53e41ff5ad610704e6?s=96&d=mm&r=g\",\"contentUrl\":\"https:\/\/secure.gravatar.com\/avatar\/dde2928154642a13d95f87ddf1ea9718fe2b46760a005c53e41ff5ad610704e6?s=96&d=mm&r=g\",\"caption\":\"Nexo Informativo\"},\"url\":\"https:\/\/www.nexoinformativo.mx\/index.php\/author\/edicion\/\"}]}<\/script>\n<!-- \/ Yoast SEO plugin. -->","yoast_head_json":{"title":"Corregidora invierte en educaci\u00f3n: Nueva aula-cocina para la Secundaria T\u00e9cnica No. 33 | Nexo Informativo Santiago de Quer\u00e9taro","description":"Corregidora invierte en educaci\u00f3n: Nueva aula-cocina para la Secundaria T\u00e9cnica No. 33","robots":{"index":"index","follow":"follow","max-snippet":"max-snippet:-1","max-image-preview":"max-image-preview:large","max-video-preview":"max-video-preview:-1"},"canonical":"https:\/\/www.nexoinformativo.mx\/index.php\/2024\/12\/26\/corregidora-invierte-en-educacion-nueva-aula-cocina-para-la-secundaria-tecnica-no-33\/","og_locale":"es_MX","og_type":"article","og_title":"Corregidora invierte en educaci\u00f3n: Nueva aula-cocina para la Secundaria T\u00e9cnica No. 33 | Nexo Informativo Santiago de Quer\u00e9taro","og_description":"Corregidora invierte en educaci\u00f3n: Nueva aula-cocina para la Secundaria T\u00e9cnica No. 33","og_url":"https:\/\/www.nexoinformativo.mx\/index.php\/2024\/12\/26\/corregidora-invierte-en-educacion-nueva-aula-cocina-para-la-secundaria-tecnica-no-33\/","og_site_name":"Nexo Informativo Santiago de Quer\u00e9taro","article_publisher":"https:\/\/www.facebook.com\/people\/Nexo-Informativo\/61564066885511\/","article_published_time":"2024-12-26T17:00:14+00:00","article_modified_time":"2024-12-26T19:15:53+00:00","og_image":[{"width":800,"height":533,"url":"https:\/\/www.nexoinformativo.mx\/wp-content\/uploads\/2024\/12\/PHOTO-2024-12-26-12-47-37-e1735240466213.jpg","type":"image\/jpeg"}],"author":"Nexo Informativo","twitter_card":"summary_large_image","twitter_misc":{"Escrito por":"Nexo Informativo","Tiempo de lectura":"2 minutos"},"schema":{"@context":"https:\/\/schema.org","@graph":[{"@type":"Article","@id":"https:\/\/www.nexoinformativo.mx\/index.php\/2024\/12\/26\/corregidora-invierte-en-educacion-nueva-aula-cocina-para-la-secundaria-tecnica-no-33\/#article","isPartOf":{"@id":"https:\/\/www.nexoinformativo.mx\/index.php\/2024\/12\/26\/corregidora-invierte-en-educacion-nueva-aula-cocina-para-la-secundaria-tecnica-no-33\/"},"author":{"name":"Nexo Informativo","@id":"https:\/\/www.nexoinformativo.mx\/#\/schema\/person\/7749d380ba08c8ca00d7bc76fd907b7d"},"headline":"Corregidora invierte en educaci\u00f3n: Nueva aula-cocina para la Secundaria T\u00e9cnica No. 33","datePublished":"2024-12-26T17:00:14+00:00","dateModified":"2024-12-26T19:15:53+00:00","mainEntityOfPage":{"@id":"https:\/\/www.nexoinformativo.mx\/index.php\/2024\/12\/26\/corregidora-invierte-en-educacion-nueva-aula-cocina-para-la-secundaria-tecnica-no-33\/"},"wordCount":233,"commentCount":0,"publisher":{"@id":"https:\/\/www.nexoinformativo.mx\/#organization"},"image":{"@id":"https:\/\/www.nexoinformativo.mx\/index.php\/2024\/12\/26\/corregidora-invierte-en-educacion-nueva-aula-cocina-para-la-secundaria-tecnica-no-33\/#primaryimage"},"thumbnailUrl":"https:\/\/www.nexoinformativo.mx\/wp-content\/uploads\/2024\/12\/PHOTO-2024-12-26-12-47-37-e1735240466213.jpg","keywords":["ChepeGuerrero","Educaci\u00f3nCorregidora","NuevaAulaCocina","SecundariaT\u00e9cnica33"],"articleSection":["Municipios","\u00daltima Hora"],"inLanguage":"es","potentialAction":[{"@type":"CommentAction","name":"Comment","target":["https:\/\/www.nexoinformativo.mx\/index.php\/2024\/12\/26\/corregidora-invierte-en-educacion-nueva-aula-cocina-para-la-secundaria-tecnica-no-33\/#respond"]}]},{"@type":"WebPage","@id":"https:\/\/www.nexoinformativo.mx\/index.php\/2024\/12\/26\/corregidora-invierte-en-educacion-nueva-aula-cocina-para-la-secundaria-tecnica-no-33\/","url":"https:\/\/www.nexoinformativo.mx\/index.php\/2024\/12\/26\/corregidora-invierte-en-educacion-nueva-aula-cocina-para-la-secundaria-tecnica-no-33\/","name":"Corregidora invierte en educaci\u00f3n: Nueva aula-cocina para la Secundaria T\u00e9cnica No. 33 | Nexo Informativo Santiago de Quer\u00e9taro","isPartOf":{"@id":"https:\/\/www.nexoinformativo.mx\/#website"},"primaryImageOfPage":{"@id":"https:\/\/www.nexoinformativo.mx\/index.php\/2024\/12\/26\/corregidora-invierte-en-educacion-nueva-aula-cocina-para-la-secundaria-tecnica-no-33\/#primaryimage"},"image":{"@id":"https:\/\/www.nexoinformativo.mx\/index.php\/2024\/12\/26\/corregidora-invierte-en-educacion-nueva-aula-cocina-para-la-secundaria-tecnica-no-33\/#primaryimage"},"thumbnailUrl":"https:\/\/www.nexoinformativo.mx\/wp-content\/uploads\/2024\/12\/PHOTO-2024-12-26-12-47-37-e1735240466213.jpg","datePublished":"2024-12-26T17:00:14+00:00","dateModified":"2024-12-26T19:15:53+00:00","description":"Corregidora invierte en educaci\u00f3n: Nueva aula-cocina para la Secundaria T\u00e9cnica No. 33","breadcrumb":{"@id":"https:\/\/www.nexoinformativo.mx\/index.php\/2024\/12\/26\/corregidora-invierte-en-educacion-nueva-aula-cocina-para-la-secundaria-tecnica-no-33\/#breadcrumb"},"inLanguage":"es","potentialAction":[{"@type":"ReadAction","target":["https:\/\/www.nexoinformativo.mx\/index.php\/2024\/12\/26\/corregidora-invierte-en-educacion-nueva-aula-cocina-para-la-secundaria-tecnica-no-33\/"]}]},{"@type":"ImageObject","inLanguage":"es","@id":"https:\/\/www.nexoinformativo.mx\/index.php\/2024\/12\/26\/corregidora-invierte-en-educacion-nueva-aula-cocina-para-la-secundaria-tecnica-no-33\/#primaryimage","url":"https:\/\/www.nexoinformativo.mx\/wp-content\/uploads\/2024\/12\/PHOTO-2024-12-26-12-47-37-e1735240466213.jpg","contentUrl":"https:\/\/www.nexoinformativo.mx\/wp-content\/uploads\/2024\/12\/PHOTO-2024-12-26-12-47-37-e1735240466213.jpg","width":800,"height":533},{"@type":"BreadcrumbList","@id":"https:\/\/www.nexoinformativo.mx\/index.php\/2024\/12\/26\/corregidora-invierte-en-educacion-nueva-aula-cocina-para-la-secundaria-tecnica-no-33\/#breadcrumb","itemListElement":[{"@type":"ListItem","position":1,"name":"Inicio","item":"https:\/\/www.nexoinformativo.mx\/"},{"@type":"ListItem","position":2,"name":"Corregidora invierte en educaci\u00f3n: Nueva aula-cocina para la Secundaria T\u00e9cnica No. 33"}]},{"@type":"WebSite","@id":"https:\/\/www.nexoinformativo.mx\/#website","url":"https:\/\/www.nexoinformativo.mx\/","name":"Nexo Informativo Santiago de Quer\u00e9taro","description":"Explora NexoInformativo y convi\u00e9rtete en parte de una comunidad que valora el conocimiento y la verdad. Tu nexoinformativo es tu puente hacia una comprensi\u00f3n m\u00e1s profunda del mundo que te rodea.","publisher":{"@id":"https:\/\/www.nexoinformativo.mx\/#organization"},"potentialAction":[{"@type":"SearchAction","target":{"@type":"EntryPoint","urlTemplate":"https:\/\/www.nexoinformativo.mx\/?s={search_term_string}"},"query-input":{"@type":"PropertyValueSpecification","valueRequired":true,"valueName":"search_term_string"}}],"inLanguage":"es"},{"@type":"Organization","@id":"https:\/\/www.nexoinformativo.mx\/#organization","name":"Nexo Informativo Santiago de Quer\u00e9taro","url":"https:\/\/www.nexoinformativo.mx\/","logo":{"@type":"ImageObject","inLanguage":"es","@id":"https:\/\/www.nexoinformativo.mx\/#\/schema\/logo\/image\/","url":"https:\/\/www.nexoinformativo.mx\/wp-content\/uploads\/2024\/07\/nexoi-trasparente-2.png","contentUrl":"https:\/\/www.nexoinformativo.mx\/wp-content\/uploads\/2024\/07\/nexoi-trasparente-2.png","width":816,"height":339,"caption":"Nexo Informativo Santiago de Quer\u00e9taro"},"image":{"@id":"https:\/\/www.nexoinformativo.mx\/#\/schema\/logo\/image\/"},"sameAs":["https:\/\/www.facebook.com\/people\/Nexo-Informativo\/61564066885511\/"]},{"@type":"Person","@id":"https:\/\/www.nexoinformativo.mx\/#\/schema\/person\/7749d380ba08c8ca00d7bc76fd907b7d","name":"Nexo Informativo","image":{"@type":"ImageObject","inLanguage":"es","@id":"https:\/\/www.nexoinformativo.mx\/#\/schema\/person\/image\/","url":"https:\/\/secure.gravatar.com\/avatar\/dde2928154642a13d95f87ddf1ea9718fe2b46760a005c53e41ff5ad610704e6?s=96&d=mm&r=g","contentUrl":"https:\/\/secure.gravatar.com\/avatar\/dde2928154642a13d95f87ddf1ea9718fe2b46760a005c53e41ff5ad610704e6?s=96&d=mm&r=g","caption":"Nexo Informativo"},"url":"https:\/\/www.nexoinformativo.mx\/index.php\/author\/edicion\/"}]}},"_links":{"self":[{"href":"https:\/\/www.nexoinformativo.mx\/index.php\/wp-json\/wp\/v2\/posts\/8864","targetHints":{"allow":["GET"]}}],"collection":[{"href":"https:\/\/www.nexoinformativo.mx\/index.php\/wp-json\/wp\/v2\/posts"}],"about":[{"href":"https:\/\/www.nexoinformativo.mx\/index.php\/wp-json\/wp\/v2\/types\/post"}],"author":[{"embeddable":true,"href":"https:\/\/www.nexoinformativo.mx\/index.php\/wp-json\/wp\/v2\/users\/3"}],"replies":[{"embeddable":true,"href":"https:\/\/www.nexoinformativo.mx\/index.php\/wp-json\/wp\/v2\/comments?post=8864"}],"version-history":[{"count":4,"href":"https:\/\/www.nexoinformativo.mx\/index.php\/wp-json\/wp\/v2\/posts\/8864\/revisions"}],"predecessor-version":[{"id":8868,"href":"https:\/\/www.nexoinformativo.mx\/index.php\/wp-json\/wp\/v2\/posts\/8864\/revisions\/8868"}],"wp:featuredmedia":[{"embeddable":true,"href":"https:\/\/www.nexoinformativo.mx\/index.php\/wp-json\/wp\/v2\/media\/8866"}],"wp:attachment":[{"href":"https:\/\/www.nexoinformativo.mx\/index.php\/wp-json\/wp\/v2\/media?parent=8864"}],"wp:term":[{"taxonomy":"category","embeddable":true,"href":"https:\/\/www.nexoinformativo.mx\/index.php\/wp-json\/wp\/v2\/categories?post=8864"},{"taxonomy":"post_tag","embeddable":true,"href":"https:\/\/www.nexoinformativo.mx\/index.php\/wp-json\/wp\/v2\/tags?post=8864"}],"curies":[{"name":"wp","href":"https:\/\/api.w.org\/{rel}","templated":true}]}}