{"id":887,"date":"2024-08-26T09:00:00","date_gmt":"2024-08-26T15:00:00","guid":{"rendered":"https:\/\/www.nexoinformativo.mx\/?p=887"},"modified":"2024-08-27T20:03:24","modified_gmt":"2024-08-28T02:03:24","slug":"inician-actividades-del-ciclo-escolar-2024-2025-en-queretaro","status":"publish","type":"post","link":"https:\/\/www.nexoinformativo.mx\/index.php\/2024\/08\/26\/inician-actividades-del-ciclo-escolar-2024-2025-en-queretaro\/","title":{"rendered":"Inician actividades del ciclo escolar 2024-2025 en Quer\u00e9taro"},"content":{"rendered":"\r\n<p class=\"justificado\" style=\"margin-top: var(--wp--preset--spacing--10); margin-bottom: var(--wp--preset--spacing--10);\"><p style=\"text-align: justify;\">Este lunes 26 de agosto, m\u00e1s de 362 mil estudiantes y 13 mil 815 docentes regresaron a las aulas en Quer\u00e9taro, marcando el inicio del ciclo escolar 2024-2025. De acuerdo con la Unidad de Servicios para la Educaci\u00f3n B\u00e1sica en el Estado de Quer\u00e9taro (USEBEQ), las actividades escolares comenzaron en dos mil 111 escuelas p\u00fablicas distribuidas en los 18 municipios de la entidad, siguiendo el calendario escolar publicado por la Secretar\u00eda de Educaci\u00f3n P\u00fablica (SEP) en el Diario Oficial de la Federaci\u00f3n (DOF).<\/p>\r\n\r\n\r\n\r\n<p class=\"justificado\" style=\"margin-top: var(--wp--preset--spacing--10); margin-bottom: var(--wp--preset--spacing--10);\"><p style=\"text-align: justify;\">Las clases se reanudaron en 29 escuelas de educaci\u00f3n inicial y educaci\u00f3n especial, 615 preescolares, mil 89 primarias y 378 secundarias, cubriendo as\u00ed todos los niveles de educaci\u00f3n b\u00e1sica. Despu\u00e9s del periodo vacacional de verano, tanto docentes como estudiantes regresaron con entusiasmo a las aulas para continuar con su formaci\u00f3n acad\u00e9mica.<\/p>\r\n\r\n\r\n\r\n<p class=\"justificado\" style=\"margin-top: var(--wp--preset--spacing--10); margin-bottom: var(--wp--preset--spacing--10);\"><p style=\"text-align: justify;\">El regreso a clases involucra a dos mil 422 estudiantes de educaci\u00f3n inicial y especial, 54 mil 294 de preescolar, 204 mil 580 de primaria y 101 mil 428 de secundaria, en sus modalidades general, t\u00e9cnica y telesecundaria. La USEBEQ ha coordinado los esfuerzos necesarios para garantizar un inicio de ciclo escolar organizado y seguro en todas las instituciones.<\/p>\r\n","protected":false},"excerpt":{"rendered":"<p>Este lunes 26 de agosto, m\u00e1s de 362 mil estudiantes y 13 mil 815 docentes regresaron a las aulas en Quer\u00e9taro, marcando el inicio del ciclo escolar 2024-2025. De acuerdo con la Unidad de Servicios para la Educaci\u00f3n B\u00e1sica en el Estado de Quer\u00e9taro (USEBEQ), las actividades escolares comenzaron en dos mil 111 escuelas p\u00fablicas [&hellip;]<\/p>\n","protected":false},"author":3,"featured_media":888,"comment_status":"open","ping_status":"open","sticky":false,"template":"","format":"standard","meta":{"footnotes":""},"categories":[42],"tags":[181,186,184,188,182,183],"class_list":["post-887","post","type-post","status-publish","format-standard","has-post-thumbnail","hentry","category-estado","tag-cicloescolar2024","tag-estudiantesenaccion","tag-estudiantesqueretaro","tag-nuevasmetas2024","tag-regresoaclases","tag-regresoaclasesqueretaro"],"yoast_head":"<!-- This site is optimized with the Yoast SEO plugin v25.0 - https:\/\/yoast.com\/wordpress\/plugins\/seo\/ -->\n<title>Inician actividades del ciclo escolar 2024-2025 en Quer\u00e9taro | Nexo Informativo Santiago de Quer\u00e9taro<\/title>\n<meta name=\"robots\" content=\"index, follow, max-snippet:-1, max-image-preview:large, max-video-preview:-1\" \/>\n<link rel=\"canonical\" href=\"https:\/\/www.nexoinformativo.mx\/index.php\/2024\/08\/26\/inician-actividades-del-ciclo-escolar-2024-2025-en-queretaro\/\" \/>\n<meta property=\"og:locale\" content=\"es_MX\" \/>\n<meta property=\"og:type\" content=\"article\" \/>\n<meta property=\"og:title\" content=\"Inician actividades del ciclo escolar 2024-2025 en Quer\u00e9taro | Nexo Informativo Santiago de Quer\u00e9taro\" \/>\n<meta property=\"og:description\" content=\"Este lunes 26 de agosto, m\u00e1s de 362 mil estudiantes y 13 mil 815 docentes regresaron a las aulas en Quer\u00e9taro, marcando el inicio del ciclo escolar 2024-2025. De acuerdo con la Unidad de Servicios para la Educaci\u00f3n B\u00e1sica en el Estado de Quer\u00e9taro (USEBEQ), las actividades escolares comenzaron en dos mil 111 escuelas p\u00fablicas [&hellip;]\" \/>\n<meta property=\"og:url\" content=\"https:\/\/www.nexoinformativo.mx\/index.php\/2024\/08\/26\/inician-actividades-del-ciclo-escolar-2024-2025-en-queretaro\/\" \/>\n<meta property=\"og:site_name\" content=\"Nexo Informativo Santiago de Quer\u00e9taro\" \/>\n<meta property=\"article:publisher\" content=\"https:\/\/www.facebook.com\/people\/Nexo-Informativo\/61564066885511\/\" \/>\n<meta property=\"article:published_time\" content=\"2024-08-26T15:00:00+00:00\" \/>\n<meta property=\"article:modified_time\" content=\"2024-08-28T02:03:24+00:00\" \/>\n<meta property=\"og:image\" content=\"https:\/\/www.nexoinformativo.mx\/wp-content\/uploads\/2024\/08\/PHOTO-2024-08-26-10-42-31-e1724698087480.jpg\" \/>\n\t<meta property=\"og:image:width\" content=\"800\" \/>\n\t<meta property=\"og:image:height\" content=\"604\" \/>\n\t<meta property=\"og:image:type\" content=\"image\/jpeg\" \/>\n<meta name=\"author\" content=\"Nexo Informativo\" \/>\n<meta name=\"twitter:card\" content=\"summary_large_image\" \/>\n<meta name=\"twitter:label1\" content=\"Escrito por\" \/>\n\t<meta name=\"twitter:data1\" content=\"Nexo Informativo\" \/>\n\t<meta name=\"twitter:label2\" content=\"Tiempo de lectura\" \/>\n\t<meta name=\"twitter:data2\" content=\"1 minuto\" \/>\n<script type=\"application\/ld+json\" class=\"yoast-schema-graph\">{\"@context\":\"https:\/\/schema.org\",\"@graph\":[{\"@type\":\"Article\",\"@id\":\"https:\/\/www.nexoinformativo.mx\/index.php\/2024\/08\/26\/inician-actividades-del-ciclo-escolar-2024-2025-en-queretaro\/#article\",\"isPartOf\":{\"@id\":\"https:\/\/www.nexoinformativo.mx\/index.php\/2024\/08\/26\/inician-actividades-del-ciclo-escolar-2024-2025-en-queretaro\/\"},\"author\":{\"name\":\"Nexo Informativo\",\"@id\":\"https:\/\/www.nexoinformativo.mx\/#\/schema\/person\/7749d380ba08c8ca00d7bc76fd907b7d\"},\"headline\":\"Inician actividades del ciclo escolar 2024-2025 en Quer\u00e9taro\",\"datePublished\":\"2024-08-26T15:00:00+00:00\",\"dateModified\":\"2024-08-28T02:03:24+00:00\",\"mainEntityOfPage\":{\"@id\":\"https:\/\/www.nexoinformativo.mx\/index.php\/2024\/08\/26\/inician-actividades-del-ciclo-escolar-2024-2025-en-queretaro\/\"},\"wordCount\":204,\"commentCount\":0,\"publisher\":{\"@id\":\"https:\/\/www.nexoinformativo.mx\/#organization\"},\"image\":{\"@id\":\"https:\/\/www.nexoinformativo.mx\/index.php\/2024\/08\/26\/inician-actividades-del-ciclo-escolar-2024-2025-en-queretaro\/#primaryimage\"},\"thumbnailUrl\":\"https:\/\/www.nexoinformativo.mx\/wp-content\/uploads\/2024\/08\/PHOTO-2024-08-26-10-42-31-e1724698087480.jpg\",\"keywords\":[\"CicloEscolar2024\",\"Estudiantesenaccion\",\"EstudiantesQueretaro\",\"Nuevasmetas2024\",\"regresoaclases\",\"RegresoAclasesQueretaro\"],\"articleSection\":[\"Estado\"],\"inLanguage\":\"es\",\"potentialAction\":[{\"@type\":\"CommentAction\",\"name\":\"Comment\",\"target\":[\"https:\/\/www.nexoinformativo.mx\/index.php\/2024\/08\/26\/inician-actividades-del-ciclo-escolar-2024-2025-en-queretaro\/#respond\"]}]},{\"@type\":\"WebPage\",\"@id\":\"https:\/\/www.nexoinformativo.mx\/index.php\/2024\/08\/26\/inician-actividades-del-ciclo-escolar-2024-2025-en-queretaro\/\",\"url\":\"https:\/\/www.nexoinformativo.mx\/index.php\/2024\/08\/26\/inician-actividades-del-ciclo-escolar-2024-2025-en-queretaro\/\",\"name\":\"Inician actividades del ciclo escolar 2024-2025 en Quer\u00e9taro | Nexo Informativo Santiago de Quer\u00e9taro\",\"isPartOf\":{\"@id\":\"https:\/\/www.nexoinformativo.mx\/#website\"},\"primaryImageOfPage\":{\"@id\":\"https:\/\/www.nexoinformativo.mx\/index.php\/2024\/08\/26\/inician-actividades-del-ciclo-escolar-2024-2025-en-queretaro\/#primaryimage\"},\"image\":{\"@id\":\"https:\/\/www.nexoinformativo.mx\/index.php\/2024\/08\/26\/inician-actividades-del-ciclo-escolar-2024-2025-en-queretaro\/#primaryimage\"},\"thumbnailUrl\":\"https:\/\/www.nexoinformativo.mx\/wp-content\/uploads\/2024\/08\/PHOTO-2024-08-26-10-42-31-e1724698087480.jpg\",\"datePublished\":\"2024-08-26T15:00:00+00:00\",\"dateModified\":\"2024-08-28T02:03:24+00:00\",\"breadcrumb\":{\"@id\":\"https:\/\/www.nexoinformativo.mx\/index.php\/2024\/08\/26\/inician-actividades-del-ciclo-escolar-2024-2025-en-queretaro\/#breadcrumb\"},\"inLanguage\":\"es\",\"potentialAction\":[{\"@type\":\"ReadAction\",\"target\":[\"https:\/\/www.nexoinformativo.mx\/index.php\/2024\/08\/26\/inician-actividades-del-ciclo-escolar-2024-2025-en-queretaro\/\"]}]},{\"@type\":\"ImageObject\",\"inLanguage\":\"es\",\"@id\":\"https:\/\/www.nexoinformativo.mx\/index.php\/2024\/08\/26\/inician-actividades-del-ciclo-escolar-2024-2025-en-queretaro\/#primaryimage\",\"url\":\"https:\/\/www.nexoinformativo.mx\/wp-content\/uploads\/2024\/08\/PHOTO-2024-08-26-10-42-31-e1724698087480.jpg\",\"contentUrl\":\"https:\/\/www.nexoinformativo.mx\/wp-content\/uploads\/2024\/08\/PHOTO-2024-08-26-10-42-31-e1724698087480.jpg\",\"width\":800,\"height\":604},{\"@type\":\"BreadcrumbList\",\"@id\":\"https:\/\/www.nexoinformativo.mx\/index.php\/2024\/08\/26\/inician-actividades-del-ciclo-escolar-2024-2025-en-queretaro\/#breadcrumb\",\"itemListElement\":[{\"@type\":\"ListItem\",\"position\":1,\"name\":\"Inicio\",\"item\":\"https:\/\/www.nexoinformativo.mx\/\"},{\"@type\":\"ListItem\",\"position\":2,\"name\":\"Inician actividades del ciclo escolar 2024-2025 en Quer\u00e9taro\"}]},{\"@type\":\"WebSite\",\"@id\":\"https:\/\/www.nexoinformativo.mx\/#website\",\"url\":\"https:\/\/www.nexoinformativo.mx\/\",\"name\":\"Nexo Informativo Santiago de Quer\u00e9taro\",\"description\":\"Explora NexoInformativo y convi\u00e9rtete en parte de una comunidad que valora el conocimiento y la verdad. Tu nexoinformativo es tu puente hacia una comprensi\u00f3n m\u00e1s profunda del mundo que te rodea.\",\"publisher\":{\"@id\":\"https:\/\/www.nexoinformativo.mx\/#organization\"},\"potentialAction\":[{\"@type\":\"SearchAction\",\"target\":{\"@type\":\"EntryPoint\",\"urlTemplate\":\"https:\/\/www.nexoinformativo.mx\/?s={search_term_string}\"},\"query-input\":{\"@type\":\"PropertyValueSpecification\",\"valueRequired\":true,\"valueName\":\"search_term_string\"}}],\"inLanguage\":\"es\"},{\"@type\":\"Organization\",\"@id\":\"https:\/\/www.nexoinformativo.mx\/#organization\",\"name\":\"Nexo Informativo Santiago de Quer\u00e9taro\",\"url\":\"https:\/\/www.nexoinformativo.mx\/\",\"logo\":{\"@type\":\"ImageObject\",\"inLanguage\":\"es\",\"@id\":\"https:\/\/www.nexoinformativo.mx\/#\/schema\/logo\/image\/\",\"url\":\"https:\/\/www.nexoinformativo.mx\/wp-content\/uploads\/2024\/07\/nexoi-trasparente-2.png\",\"contentUrl\":\"https:\/\/www.nexoinformativo.mx\/wp-content\/uploads\/2024\/07\/nexoi-trasparente-2.png\",\"width\":816,\"height\":339,\"caption\":\"Nexo Informativo Santiago de Quer\u00e9taro\"},\"image\":{\"@id\":\"https:\/\/www.nexoinformativo.mx\/#\/schema\/logo\/image\/\"},\"sameAs\":[\"https:\/\/www.facebook.com\/people\/Nexo-Informativo\/61564066885511\/\"]},{\"@type\":\"Person\",\"@id\":\"https:\/\/www.nexoinformativo.mx\/#\/schema\/person\/7749d380ba08c8ca00d7bc76fd907b7d\",\"name\":\"Nexo Informativo\",\"image\":{\"@type\":\"ImageObject\",\"inLanguage\":\"es\",\"@id\":\"https:\/\/www.nexoinformativo.mx\/#\/schema\/person\/image\/\",\"url\":\"https:\/\/secure.gravatar.com\/avatar\/dde2928154642a13d95f87ddf1ea9718fe2b46760a005c53e41ff5ad610704e6?s=96&d=mm&r=g\",\"contentUrl\":\"https:\/\/secure.gravatar.com\/avatar\/dde2928154642a13d95f87ddf1ea9718fe2b46760a005c53e41ff5ad610704e6?s=96&d=mm&r=g\",\"caption\":\"Nexo Informativo\"},\"url\":\"https:\/\/www.nexoinformativo.mx\/index.php\/author\/edicion\/\"}]}<\/script>\n<!-- \/ Yoast SEO plugin. -->","yoast_head_json":{"title":"Inician actividades del ciclo escolar 2024-2025 en Quer\u00e9taro | Nexo Informativo Santiago de Quer\u00e9taro","robots":{"index":"index","follow":"follow","max-snippet":"max-snippet:-1","max-image-preview":"max-image-preview:large","max-video-preview":"max-video-preview:-1"},"canonical":"https:\/\/www.nexoinformativo.mx\/index.php\/2024\/08\/26\/inician-actividades-del-ciclo-escolar-2024-2025-en-queretaro\/","og_locale":"es_MX","og_type":"article","og_title":"Inician actividades del ciclo escolar 2024-2025 en Quer\u00e9taro | Nexo Informativo Santiago de Quer\u00e9taro","og_description":"Este lunes 26 de agosto, m\u00e1s de 362 mil estudiantes y 13 mil 815 docentes regresaron a las aulas en Quer\u00e9taro, marcando el inicio del ciclo escolar 2024-2025. De acuerdo con la Unidad de Servicios para la Educaci\u00f3n B\u00e1sica en el Estado de Quer\u00e9taro (USEBEQ), las actividades escolares comenzaron en dos mil 111 escuelas p\u00fablicas [&hellip;]","og_url":"https:\/\/www.nexoinformativo.mx\/index.php\/2024\/08\/26\/inician-actividades-del-ciclo-escolar-2024-2025-en-queretaro\/","og_site_name":"Nexo Informativo Santiago de Quer\u00e9taro","article_publisher":"https:\/\/www.facebook.com\/people\/Nexo-Informativo\/61564066885511\/","article_published_time":"2024-08-26T15:00:00+00:00","article_modified_time":"2024-08-28T02:03:24+00:00","og_image":[{"width":800,"height":604,"url":"https:\/\/www.nexoinformativo.mx\/wp-content\/uploads\/2024\/08\/PHOTO-2024-08-26-10-42-31-e1724698087480.jpg","type":"image\/jpeg"}],"author":"Nexo Informativo","twitter_card":"summary_large_image","twitter_misc":{"Escrito por":"Nexo Informativo","Tiempo de lectura":"1 minuto"},"schema":{"@context":"https:\/\/schema.org","@graph":[{"@type":"Article","@id":"https:\/\/www.nexoinformativo.mx\/index.php\/2024\/08\/26\/inician-actividades-del-ciclo-escolar-2024-2025-en-queretaro\/#article","isPartOf":{"@id":"https:\/\/www.nexoinformativo.mx\/index.php\/2024\/08\/26\/inician-actividades-del-ciclo-escolar-2024-2025-en-queretaro\/"},"author":{"name":"Nexo Informativo","@id":"https:\/\/www.nexoinformativo.mx\/#\/schema\/person\/7749d380ba08c8ca00d7bc76fd907b7d"},"headline":"Inician actividades del ciclo escolar 2024-2025 en Quer\u00e9taro","datePublished":"2024-08-26T15:00:00+00:00","dateModified":"2024-08-28T02:03:24+00:00","mainEntityOfPage":{"@id":"https:\/\/www.nexoinformativo.mx\/index.php\/2024\/08\/26\/inician-actividades-del-ciclo-escolar-2024-2025-en-queretaro\/"},"wordCount":204,"commentCount":0,"publisher":{"@id":"https:\/\/www.nexoinformativo.mx\/#organization"},"image":{"@id":"https:\/\/www.nexoinformativo.mx\/index.php\/2024\/08\/26\/inician-actividades-del-ciclo-escolar-2024-2025-en-queretaro\/#primaryimage"},"thumbnailUrl":"https:\/\/www.nexoinformativo.mx\/wp-content\/uploads\/2024\/08\/PHOTO-2024-08-26-10-42-31-e1724698087480.jpg","keywords":["CicloEscolar2024","Estudiantesenaccion","EstudiantesQueretaro","Nuevasmetas2024","regresoaclases","RegresoAclasesQueretaro"],"articleSection":["Estado"],"inLanguage":"es","potentialAction":[{"@type":"CommentAction","name":"Comment","target":["https:\/\/www.nexoinformativo.mx\/index.php\/2024\/08\/26\/inician-actividades-del-ciclo-escolar-2024-2025-en-queretaro\/#respond"]}]},{"@type":"WebPage","@id":"https:\/\/www.nexoinformativo.mx\/index.php\/2024\/08\/26\/inician-actividades-del-ciclo-escolar-2024-2025-en-queretaro\/","url":"https:\/\/www.nexoinformativo.mx\/index.php\/2024\/08\/26\/inician-actividades-del-ciclo-escolar-2024-2025-en-queretaro\/","name":"Inician actividades del ciclo escolar 2024-2025 en Quer\u00e9taro | Nexo Informativo Santiago de Quer\u00e9taro","isPartOf":{"@id":"https:\/\/www.nexoinformativo.mx\/#website"},"primaryImageOfPage":{"@id":"https:\/\/www.nexoinformativo.mx\/index.php\/2024\/08\/26\/inician-actividades-del-ciclo-escolar-2024-2025-en-queretaro\/#primaryimage"},"image":{"@id":"https:\/\/www.nexoinformativo.mx\/index.php\/2024\/08\/26\/inician-actividades-del-ciclo-escolar-2024-2025-en-queretaro\/#primaryimage"},"thumbnailUrl":"https:\/\/www.nexoinformativo.mx\/wp-content\/uploads\/2024\/08\/PHOTO-2024-08-26-10-42-31-e1724698087480.jpg","datePublished":"2024-08-26T15:00:00+00:00","dateModified":"2024-08-28T02:03:24+00:00","breadcrumb":{"@id":"https:\/\/www.nexoinformativo.mx\/index.php\/2024\/08\/26\/inician-actividades-del-ciclo-escolar-2024-2025-en-queretaro\/#breadcrumb"},"inLanguage":"es","potentialAction":[{"@type":"ReadAction","target":["https:\/\/www.nexoinformativo.mx\/index.php\/2024\/08\/26\/inician-actividades-del-ciclo-escolar-2024-2025-en-queretaro\/"]}]},{"@type":"ImageObject","inLanguage":"es","@id":"https:\/\/www.nexoinformativo.mx\/index.php\/2024\/08\/26\/inician-actividades-del-ciclo-escolar-2024-2025-en-queretaro\/#primaryimage","url":"https:\/\/www.nexoinformativo.mx\/wp-content\/uploads\/2024\/08\/PHOTO-2024-08-26-10-42-31-e1724698087480.jpg","contentUrl":"https:\/\/www.nexoinformativo.mx\/wp-content\/uploads\/2024\/08\/PHOTO-2024-08-26-10-42-31-e1724698087480.jpg","width":800,"height":604},{"@type":"BreadcrumbList","@id":"https:\/\/www.nexoinformativo.mx\/index.php\/2024\/08\/26\/inician-actividades-del-ciclo-escolar-2024-2025-en-queretaro\/#breadcrumb","itemListElement":[{"@type":"ListItem","position":1,"name":"Inicio","item":"https:\/\/www.nexoinformativo.mx\/"},{"@type":"ListItem","position":2,"name":"Inician actividades del ciclo escolar 2024-2025 en Quer\u00e9taro"}]},{"@type":"WebSite","@id":"https:\/\/www.nexoinformativo.mx\/#website","url":"https:\/\/www.nexoinformativo.mx\/","name":"Nexo Informativo Santiago de Quer\u00e9taro","description":"Explora NexoInformativo y convi\u00e9rtete en parte de una comunidad que valora el conocimiento y la verdad. Tu nexoinformativo es tu puente hacia una comprensi\u00f3n m\u00e1s profunda del mundo que te rodea.","publisher":{"@id":"https:\/\/www.nexoinformativo.mx\/#organization"},"potentialAction":[{"@type":"SearchAction","target":{"@type":"EntryPoint","urlTemplate":"https:\/\/www.nexoinformativo.mx\/?s={search_term_string}"},"query-input":{"@type":"PropertyValueSpecification","valueRequired":true,"valueName":"search_term_string"}}],"inLanguage":"es"},{"@type":"Organization","@id":"https:\/\/www.nexoinformativo.mx\/#organization","name":"Nexo Informativo Santiago de Quer\u00e9taro","url":"https:\/\/www.nexoinformativo.mx\/","logo":{"@type":"ImageObject","inLanguage":"es","@id":"https:\/\/www.nexoinformativo.mx\/#\/schema\/logo\/image\/","url":"https:\/\/www.nexoinformativo.mx\/wp-content\/uploads\/2024\/07\/nexoi-trasparente-2.png","contentUrl":"https:\/\/www.nexoinformativo.mx\/wp-content\/uploads\/2024\/07\/nexoi-trasparente-2.png","width":816,"height":339,"caption":"Nexo Informativo Santiago de Quer\u00e9taro"},"image":{"@id":"https:\/\/www.nexoinformativo.mx\/#\/schema\/logo\/image\/"},"sameAs":["https:\/\/www.facebook.com\/people\/Nexo-Informativo\/61564066885511\/"]},{"@type":"Person","@id":"https:\/\/www.nexoinformativo.mx\/#\/schema\/person\/7749d380ba08c8ca00d7bc76fd907b7d","name":"Nexo Informativo","image":{"@type":"ImageObject","inLanguage":"es","@id":"https:\/\/www.nexoinformativo.mx\/#\/schema\/person\/image\/","url":"https:\/\/secure.gravatar.com\/avatar\/dde2928154642a13d95f87ddf1ea9718fe2b46760a005c53e41ff5ad610704e6?s=96&d=mm&r=g","contentUrl":"https:\/\/secure.gravatar.com\/avatar\/dde2928154642a13d95f87ddf1ea9718fe2b46760a005c53e41ff5ad610704e6?s=96&d=mm&r=g","caption":"Nexo Informativo"},"url":"https:\/\/www.nexoinformativo.mx\/index.php\/author\/edicion\/"}]}},"_links":{"self":[{"href":"https:\/\/www.nexoinformativo.mx\/index.php\/wp-json\/wp\/v2\/posts\/887","targetHints":{"allow":["GET"]}}],"collection":[{"href":"https:\/\/www.nexoinformativo.mx\/index.php\/wp-json\/wp\/v2\/posts"}],"about":[{"href":"https:\/\/www.nexoinformativo.mx\/index.php\/wp-json\/wp\/v2\/types\/post"}],"author":[{"embeddable":true,"href":"https:\/\/www.nexoinformativo.mx\/index.php\/wp-json\/wp\/v2\/users\/3"}],"replies":[{"embeddable":true,"href":"https:\/\/www.nexoinformativo.mx\/index.php\/wp-json\/wp\/v2\/comments?post=887"}],"version-history":[{"count":3,"href":"https:\/\/www.nexoinformativo.mx\/index.php\/wp-json\/wp\/v2\/posts\/887\/revisions"}],"predecessor-version":[{"id":1031,"href":"https:\/\/www.nexoinformativo.mx\/index.php\/wp-json\/wp\/v2\/posts\/887\/revisions\/1031"}],"wp:featuredmedia":[{"embeddable":true,"href":"https:\/\/www.nexoinformativo.mx\/index.php\/wp-json\/wp\/v2\/media\/888"}],"wp:attachment":[{"href":"https:\/\/www.nexoinformativo.mx\/index.php\/wp-json\/wp\/v2\/media?parent=887"}],"wp:term":[{"taxonomy":"category","embeddable":true,"href":"https:\/\/www.nexoinformativo.mx\/index.php\/wp-json\/wp\/v2\/categories?post=887"},{"taxonomy":"post_tag","embeddable":true,"href":"https:\/\/www.nexoinformativo.mx\/index.php\/wp-json\/wp\/v2\/tags?post=887"}],"curies":[{"name":"wp","href":"https:\/\/api.w.org\/{rel}","templated":true}]}}