{"id":8881,"date":"2024-12-27T06:00:20","date_gmt":"2024-12-27T12:00:20","guid":{"rendered":"https:\/\/www.nexoinformativo.mx\/?p=8881"},"modified":"2024-12-27T09:20:42","modified_gmt":"2024-12-27T15:20:42","slug":"aprende-ingles-o-aleman-en-la-upq-nuevos-cursos-presenciales-y-en-linea","status":"publish","type":"post","link":"https:\/\/www.nexoinformativo.mx\/index.php\/2024\/12\/27\/aprende-ingles-o-aleman-en-la-upq-nuevos-cursos-presenciales-y-en-linea\/","title":{"rendered":"\u00a1Aprende ingl\u00e9s o alem\u00e1n en la UPQ! Nuevos cursos presenciales y en l\u00ednea"},"content":{"rendered":"<p style=\"text-align: justify;\" data-sourcepos=\"11:1-11:205\">\u00bfQuieres dominar un nuevo idioma y abrirte puertas en el mundo laboral? <strong>La Universidad Polit\u00e9cnica de Quer\u00e9taro<\/strong> (UPQ) te ofrece la oportunidad de aprender ingl\u00e9s o alem\u00e1n a trav\u00e9s de sus nuevos cursos.<\/p>\n<\/p>\n<p>&nbsp;<\/p>\n<p style=\"text-align: justify;\" data-sourcepos=\"13:1-13:297\">A partir del 11 de enero de 2025, docentes altamente capacitados impartir\u00e1n clases en modalidad presencial y en l\u00ednea. Las clases presenciales se llevar\u00e1n a cabo los s\u00e1bados de 8:00 a 13:00 horas, mientras que las clases en l\u00ednea se ofrecer\u00e1n los lunes, mi\u00e9rcoles y viernes de 18:00 a 20:00 horas.<\/p>\n<\/p>\n<p>&nbsp;<\/p>\n<p style=\"text-align: justify;\" data-sourcepos=\"15:1-15:52\"><strong>\u00bfPor qu\u00e9 elegir los cursos de idiomas de la UPQ?<\/strong><\/p>\n<\/p>\n<p>&nbsp;<\/p>\n<ul style=\"text-align: justify;\" data-sourcepos=\"17:1-21:0\">\n<li data-sourcepos=\"17:1-17:173\">Metodolog\u00eda innovadora: Los cursos se basan en m\u00e9todos interactivos y pr\u00e1cticos que te permitir\u00e1n desarrollar tus habilidades comunicativas de forma r\u00e1pida y efectiva.<\/li>\n<li data-sourcepos=\"18:1-18:118\">Docentes altamente capacitados: Los profesores cuentan con amplia experiencia y certificaciones internacionales.<\/li>\n<li data-sourcepos=\"19:1-19:104\">Horarios flexibles: Adapta tu aprendizaje a tu ritmo de vida con opciones presenciales y en l\u00ednea.<\/li>\n<li data-sourcepos=\"20:1-21:0\">Costo accesible: La inversi\u00f3n por cuatrimestre es de $2,920 pesos.<\/li>\n<\/ul>\n<p>&nbsp;<\/p>\n<p style=\"text-align: justify;\" data-sourcepos=\"22:1-22:192\">\u00a1No pierdas esta oportunidad de aprender un nuevo idioma y ampliar tus horizontes! Inscr\u00edbete ya a trav\u00e9s del siguiente enlace: <a href=\"https:\/\/tinyurl.com\/52x4aean\" target=\"_blank\" rel=\"noopener\">https:\/\/tinyurl.com\/52x4aean\u00a0<\/a><\/p>\n<\/p>\n<p>&nbsp;<\/p>\n<p style=\"text-align: center;\" data-sourcepos=\"22:1-22:192\"><em><strong>\u00a1Informaci\u00f3n que transforma!<\/strong><\/em><\/p>\n","protected":false},"excerpt":{"rendered":"<p>\u00bfQuieres dominar un nuevo idioma y abrirte puertas en el mundo laboral? La Universidad Polit\u00e9cnica de Quer\u00e9taro (UPQ) te ofrece la oportunidad de aprender ingl\u00e9s o alem\u00e1n a trav\u00e9s de sus nuevos cursos.<\/p>\n","protected":false},"author":3,"featured_media":8882,"comment_status":"open","ping_status":"open","sticky":false,"template":"","format":"standard","meta":{"footnotes":""},"categories":[42,58],"tags":[2846,2847,2848,2634],"class_list":["post-8881","post","type-post","status-publish","format-standard","has-post-thumbnail","hentry","category-estado","category-ultima-hora","tag-aprenderidiomas","tag-cursosdeidiomas","tag-inglesaleman","tag-upq"],"yoast_head":"<!-- This site is optimized with the Yoast SEO plugin v25.0 - https:\/\/yoast.com\/wordpress\/plugins\/seo\/ -->\n<title>\u00a1Aprende ingl\u00e9s o alem\u00e1n en la UPQ! Nuevos cursos presenciales y en l\u00ednea | Nexo Informativo Santiago de Quer\u00e9taro<\/title>\n<meta name=\"description\" content=\"\u00a1Aprende ingl\u00e9s o alem\u00e1n en la UPQ! Nuevos cursos presenciales y en l\u00ednea\" \/>\n<meta name=\"robots\" content=\"index, follow, max-snippet:-1, max-image-preview:large, max-video-preview:-1\" \/>\n<link rel=\"canonical\" href=\"https:\/\/www.nexoinformativo.mx\/index.php\/2024\/12\/27\/aprende-ingles-o-aleman-en-la-upq-nuevos-cursos-presenciales-y-en-linea\/\" \/>\n<meta property=\"og:locale\" content=\"es_MX\" \/>\n<meta property=\"og:type\" content=\"article\" \/>\n<meta property=\"og:title\" content=\"\u00a1Aprende ingl\u00e9s o alem\u00e1n en la UPQ! Nuevos cursos presenciales y en l\u00ednea | Nexo Informativo Santiago de Quer\u00e9taro\" \/>\n<meta property=\"og:description\" content=\"\u00a1Aprende ingl\u00e9s o alem\u00e1n en la UPQ! Nuevos cursos presenciales y en l\u00ednea\" \/>\n<meta property=\"og:url\" content=\"https:\/\/www.nexoinformativo.mx\/index.php\/2024\/12\/27\/aprende-ingles-o-aleman-en-la-upq-nuevos-cursos-presenciales-y-en-linea\/\" \/>\n<meta property=\"og:site_name\" content=\"Nexo Informativo Santiago de Quer\u00e9taro\" \/>\n<meta property=\"article:publisher\" content=\"https:\/\/www.facebook.com\/people\/Nexo-Informativo\/61564066885511\/\" \/>\n<meta property=\"article:published_time\" content=\"2024-12-27T12:00:20+00:00\" \/>\n<meta property=\"article:modified_time\" content=\"2024-12-27T15:20:42+00:00\" \/>\n<meta property=\"og:image\" content=\"https:\/\/www.nexoinformativo.mx\/wp-content\/uploads\/2024\/12\/PHOTO-2024-12-27-08-27-50-e1735312782441.jpg\" \/>\n\t<meta property=\"og:image:width\" content=\"800\" \/>\n\t<meta property=\"og:image:height\" content=\"937\" \/>\n\t<meta property=\"og:image:type\" content=\"image\/jpeg\" \/>\n<meta name=\"author\" content=\"Nexo Informativo\" \/>\n<meta name=\"twitter:card\" content=\"summary_large_image\" \/>\n<meta name=\"twitter:label1\" content=\"Escrito por\" \/>\n\t<meta name=\"twitter:data1\" content=\"Nexo Informativo\" \/>\n\t<meta name=\"twitter:label2\" content=\"Tiempo de lectura\" \/>\n\t<meta name=\"twitter:data2\" content=\"2 minutos\" \/>\n<script type=\"application\/ld+json\" class=\"yoast-schema-graph\">{\"@context\":\"https:\/\/schema.org\",\"@graph\":[{\"@type\":\"Article\",\"@id\":\"https:\/\/www.nexoinformativo.mx\/index.php\/2024\/12\/27\/aprende-ingles-o-aleman-en-la-upq-nuevos-cursos-presenciales-y-en-linea\/#article\",\"isPartOf\":{\"@id\":\"https:\/\/www.nexoinformativo.mx\/index.php\/2024\/12\/27\/aprende-ingles-o-aleman-en-la-upq-nuevos-cursos-presenciales-y-en-linea\/\"},\"author\":{\"name\":\"Nexo Informativo\",\"@id\":\"https:\/\/www.nexoinformativo.mx\/#\/schema\/person\/7749d380ba08c8ca00d7bc76fd907b7d\"},\"headline\":\"\u00a1Aprende ingl\u00e9s o alem\u00e1n en la UPQ! Nuevos cursos presenciales y en l\u00ednea\",\"datePublished\":\"2024-12-27T12:00:20+00:00\",\"dateModified\":\"2024-12-27T15:20:42+00:00\",\"mainEntityOfPage\":{\"@id\":\"https:\/\/www.nexoinformativo.mx\/index.php\/2024\/12\/27\/aprende-ingles-o-aleman-en-la-upq-nuevos-cursos-presenciales-y-en-linea\/\"},\"wordCount\":219,\"commentCount\":0,\"publisher\":{\"@id\":\"https:\/\/www.nexoinformativo.mx\/#organization\"},\"image\":{\"@id\":\"https:\/\/www.nexoinformativo.mx\/index.php\/2024\/12\/27\/aprende-ingles-o-aleman-en-la-upq-nuevos-cursos-presenciales-y-en-linea\/#primaryimage\"},\"thumbnailUrl\":\"https:\/\/www.nexoinformativo.mx\/wp-content\/uploads\/2024\/12\/PHOTO-2024-12-27-08-27-50-e1735312782441.jpg\",\"keywords\":[\"AprenderIdiomas\",\"CursosDeIdiomas\",\"Ingl\u00e9sAlem\u00e1n\",\"UPQ\"],\"articleSection\":[\"Estado\",\"\u00daltima Hora\"],\"inLanguage\":\"es\",\"potentialAction\":[{\"@type\":\"CommentAction\",\"name\":\"Comment\",\"target\":[\"https:\/\/www.nexoinformativo.mx\/index.php\/2024\/12\/27\/aprende-ingles-o-aleman-en-la-upq-nuevos-cursos-presenciales-y-en-linea\/#respond\"]}]},{\"@type\":\"WebPage\",\"@id\":\"https:\/\/www.nexoinformativo.mx\/index.php\/2024\/12\/27\/aprende-ingles-o-aleman-en-la-upq-nuevos-cursos-presenciales-y-en-linea\/\",\"url\":\"https:\/\/www.nexoinformativo.mx\/index.php\/2024\/12\/27\/aprende-ingles-o-aleman-en-la-upq-nuevos-cursos-presenciales-y-en-linea\/\",\"name\":\"\u00a1Aprende ingl\u00e9s o alem\u00e1n en la UPQ! Nuevos cursos presenciales y en l\u00ednea | Nexo Informativo Santiago de Quer\u00e9taro\",\"isPartOf\":{\"@id\":\"https:\/\/www.nexoinformativo.mx\/#website\"},\"primaryImageOfPage\":{\"@id\":\"https:\/\/www.nexoinformativo.mx\/index.php\/2024\/12\/27\/aprende-ingles-o-aleman-en-la-upq-nuevos-cursos-presenciales-y-en-linea\/#primaryimage\"},\"image\":{\"@id\":\"https:\/\/www.nexoinformativo.mx\/index.php\/2024\/12\/27\/aprende-ingles-o-aleman-en-la-upq-nuevos-cursos-presenciales-y-en-linea\/#primaryimage\"},\"thumbnailUrl\":\"https:\/\/www.nexoinformativo.mx\/wp-content\/uploads\/2024\/12\/PHOTO-2024-12-27-08-27-50-e1735312782441.jpg\",\"datePublished\":\"2024-12-27T12:00:20+00:00\",\"dateModified\":\"2024-12-27T15:20:42+00:00\",\"description\":\"\u00a1Aprende ingl\u00e9s o alem\u00e1n en la UPQ! Nuevos cursos presenciales y en l\u00ednea\",\"breadcrumb\":{\"@id\":\"https:\/\/www.nexoinformativo.mx\/index.php\/2024\/12\/27\/aprende-ingles-o-aleman-en-la-upq-nuevos-cursos-presenciales-y-en-linea\/#breadcrumb\"},\"inLanguage\":\"es\",\"potentialAction\":[{\"@type\":\"ReadAction\",\"target\":[\"https:\/\/www.nexoinformativo.mx\/index.php\/2024\/12\/27\/aprende-ingles-o-aleman-en-la-upq-nuevos-cursos-presenciales-y-en-linea\/\"]}]},{\"@type\":\"ImageObject\",\"inLanguage\":\"es\",\"@id\":\"https:\/\/www.nexoinformativo.mx\/index.php\/2024\/12\/27\/aprende-ingles-o-aleman-en-la-upq-nuevos-cursos-presenciales-y-en-linea\/#primaryimage\",\"url\":\"https:\/\/www.nexoinformativo.mx\/wp-content\/uploads\/2024\/12\/PHOTO-2024-12-27-08-27-50-e1735312782441.jpg\",\"contentUrl\":\"https:\/\/www.nexoinformativo.mx\/wp-content\/uploads\/2024\/12\/PHOTO-2024-12-27-08-27-50-e1735312782441.jpg\",\"width\":800,\"height\":937},{\"@type\":\"BreadcrumbList\",\"@id\":\"https:\/\/www.nexoinformativo.mx\/index.php\/2024\/12\/27\/aprende-ingles-o-aleman-en-la-upq-nuevos-cursos-presenciales-y-en-linea\/#breadcrumb\",\"itemListElement\":[{\"@type\":\"ListItem\",\"position\":1,\"name\":\"Inicio\",\"item\":\"https:\/\/www.nexoinformativo.mx\/\"},{\"@type\":\"ListItem\",\"position\":2,\"name\":\"\u00a1Aprende ingl\u00e9s o alem\u00e1n en la UPQ! Nuevos cursos presenciales y en l\u00ednea\"}]},{\"@type\":\"WebSite\",\"@id\":\"https:\/\/www.nexoinformativo.mx\/#website\",\"url\":\"https:\/\/www.nexoinformativo.mx\/\",\"name\":\"Nexo Informativo Santiago de Quer\u00e9taro\",\"description\":\"Explora NexoInformativo y convi\u00e9rtete en parte de una comunidad que valora el conocimiento y la verdad. Tu nexoinformativo es tu puente hacia una comprensi\u00f3n m\u00e1s profunda del mundo que te rodea.\",\"publisher\":{\"@id\":\"https:\/\/www.nexoinformativo.mx\/#organization\"},\"potentialAction\":[{\"@type\":\"SearchAction\",\"target\":{\"@type\":\"EntryPoint\",\"urlTemplate\":\"https:\/\/www.nexoinformativo.mx\/?s={search_term_string}\"},\"query-input\":{\"@type\":\"PropertyValueSpecification\",\"valueRequired\":true,\"valueName\":\"search_term_string\"}}],\"inLanguage\":\"es\"},{\"@type\":\"Organization\",\"@id\":\"https:\/\/www.nexoinformativo.mx\/#organization\",\"name\":\"Nexo Informativo Santiago de Quer\u00e9taro\",\"url\":\"https:\/\/www.nexoinformativo.mx\/\",\"logo\":{\"@type\":\"ImageObject\",\"inLanguage\":\"es\",\"@id\":\"https:\/\/www.nexoinformativo.mx\/#\/schema\/logo\/image\/\",\"url\":\"https:\/\/www.nexoinformativo.mx\/wp-content\/uploads\/2024\/07\/nexoi-trasparente-2.png\",\"contentUrl\":\"https:\/\/www.nexoinformativo.mx\/wp-content\/uploads\/2024\/07\/nexoi-trasparente-2.png\",\"width\":816,\"height\":339,\"caption\":\"Nexo Informativo Santiago de Quer\u00e9taro\"},\"image\":{\"@id\":\"https:\/\/www.nexoinformativo.mx\/#\/schema\/logo\/image\/\"},\"sameAs\":[\"https:\/\/www.facebook.com\/people\/Nexo-Informativo\/61564066885511\/\"]},{\"@type\":\"Person\",\"@id\":\"https:\/\/www.nexoinformativo.mx\/#\/schema\/person\/7749d380ba08c8ca00d7bc76fd907b7d\",\"name\":\"Nexo Informativo\",\"image\":{\"@type\":\"ImageObject\",\"inLanguage\":\"es\",\"@id\":\"https:\/\/www.nexoinformativo.mx\/#\/schema\/person\/image\/\",\"url\":\"https:\/\/secure.gravatar.com\/avatar\/dde2928154642a13d95f87ddf1ea9718fe2b46760a005c53e41ff5ad610704e6?s=96&d=mm&r=g\",\"contentUrl\":\"https:\/\/secure.gravatar.com\/avatar\/dde2928154642a13d95f87ddf1ea9718fe2b46760a005c53e41ff5ad610704e6?s=96&d=mm&r=g\",\"caption\":\"Nexo Informativo\"},\"url\":\"https:\/\/www.nexoinformativo.mx\/index.php\/author\/edicion\/\"}]}<\/script>\n<!-- \/ Yoast SEO plugin. -->","yoast_head_json":{"title":"\u00a1Aprende ingl\u00e9s o alem\u00e1n en la UPQ! Nuevos cursos presenciales y en l\u00ednea | Nexo Informativo Santiago de Quer\u00e9taro","description":"\u00a1Aprende ingl\u00e9s o alem\u00e1n en la UPQ! Nuevos cursos presenciales y en l\u00ednea","robots":{"index":"index","follow":"follow","max-snippet":"max-snippet:-1","max-image-preview":"max-image-preview:large","max-video-preview":"max-video-preview:-1"},"canonical":"https:\/\/www.nexoinformativo.mx\/index.php\/2024\/12\/27\/aprende-ingles-o-aleman-en-la-upq-nuevos-cursos-presenciales-y-en-linea\/","og_locale":"es_MX","og_type":"article","og_title":"\u00a1Aprende ingl\u00e9s o alem\u00e1n en la UPQ! Nuevos cursos presenciales y en l\u00ednea | Nexo Informativo Santiago de Quer\u00e9taro","og_description":"\u00a1Aprende ingl\u00e9s o alem\u00e1n en la UPQ! Nuevos cursos presenciales y en l\u00ednea","og_url":"https:\/\/www.nexoinformativo.mx\/index.php\/2024\/12\/27\/aprende-ingles-o-aleman-en-la-upq-nuevos-cursos-presenciales-y-en-linea\/","og_site_name":"Nexo Informativo Santiago de Quer\u00e9taro","article_publisher":"https:\/\/www.facebook.com\/people\/Nexo-Informativo\/61564066885511\/","article_published_time":"2024-12-27T12:00:20+00:00","article_modified_time":"2024-12-27T15:20:42+00:00","og_image":[{"width":800,"height":937,"url":"https:\/\/www.nexoinformativo.mx\/wp-content\/uploads\/2024\/12\/PHOTO-2024-12-27-08-27-50-e1735312782441.jpg","type":"image\/jpeg"}],"author":"Nexo Informativo","twitter_card":"summary_large_image","twitter_misc":{"Escrito por":"Nexo Informativo","Tiempo de lectura":"2 minutos"},"schema":{"@context":"https:\/\/schema.org","@graph":[{"@type":"Article","@id":"https:\/\/www.nexoinformativo.mx\/index.php\/2024\/12\/27\/aprende-ingles-o-aleman-en-la-upq-nuevos-cursos-presenciales-y-en-linea\/#article","isPartOf":{"@id":"https:\/\/www.nexoinformativo.mx\/index.php\/2024\/12\/27\/aprende-ingles-o-aleman-en-la-upq-nuevos-cursos-presenciales-y-en-linea\/"},"author":{"name":"Nexo Informativo","@id":"https:\/\/www.nexoinformativo.mx\/#\/schema\/person\/7749d380ba08c8ca00d7bc76fd907b7d"},"headline":"\u00a1Aprende ingl\u00e9s o alem\u00e1n en la UPQ! Nuevos cursos presenciales y en l\u00ednea","datePublished":"2024-12-27T12:00:20+00:00","dateModified":"2024-12-27T15:20:42+00:00","mainEntityOfPage":{"@id":"https:\/\/www.nexoinformativo.mx\/index.php\/2024\/12\/27\/aprende-ingles-o-aleman-en-la-upq-nuevos-cursos-presenciales-y-en-linea\/"},"wordCount":219,"commentCount":0,"publisher":{"@id":"https:\/\/www.nexoinformativo.mx\/#organization"},"image":{"@id":"https:\/\/www.nexoinformativo.mx\/index.php\/2024\/12\/27\/aprende-ingles-o-aleman-en-la-upq-nuevos-cursos-presenciales-y-en-linea\/#primaryimage"},"thumbnailUrl":"https:\/\/www.nexoinformativo.mx\/wp-content\/uploads\/2024\/12\/PHOTO-2024-12-27-08-27-50-e1735312782441.jpg","keywords":["AprenderIdiomas","CursosDeIdiomas","Ingl\u00e9sAlem\u00e1n","UPQ"],"articleSection":["Estado","\u00daltima Hora"],"inLanguage":"es","potentialAction":[{"@type":"CommentAction","name":"Comment","target":["https:\/\/www.nexoinformativo.mx\/index.php\/2024\/12\/27\/aprende-ingles-o-aleman-en-la-upq-nuevos-cursos-presenciales-y-en-linea\/#respond"]}]},{"@type":"WebPage","@id":"https:\/\/www.nexoinformativo.mx\/index.php\/2024\/12\/27\/aprende-ingles-o-aleman-en-la-upq-nuevos-cursos-presenciales-y-en-linea\/","url":"https:\/\/www.nexoinformativo.mx\/index.php\/2024\/12\/27\/aprende-ingles-o-aleman-en-la-upq-nuevos-cursos-presenciales-y-en-linea\/","name":"\u00a1Aprende ingl\u00e9s o alem\u00e1n en la UPQ! Nuevos cursos presenciales y en l\u00ednea | Nexo Informativo Santiago de Quer\u00e9taro","isPartOf":{"@id":"https:\/\/www.nexoinformativo.mx\/#website"},"primaryImageOfPage":{"@id":"https:\/\/www.nexoinformativo.mx\/index.php\/2024\/12\/27\/aprende-ingles-o-aleman-en-la-upq-nuevos-cursos-presenciales-y-en-linea\/#primaryimage"},"image":{"@id":"https:\/\/www.nexoinformativo.mx\/index.php\/2024\/12\/27\/aprende-ingles-o-aleman-en-la-upq-nuevos-cursos-presenciales-y-en-linea\/#primaryimage"},"thumbnailUrl":"https:\/\/www.nexoinformativo.mx\/wp-content\/uploads\/2024\/12\/PHOTO-2024-12-27-08-27-50-e1735312782441.jpg","datePublished":"2024-12-27T12:00:20+00:00","dateModified":"2024-12-27T15:20:42+00:00","description":"\u00a1Aprende ingl\u00e9s o alem\u00e1n en la UPQ! Nuevos cursos presenciales y en l\u00ednea","breadcrumb":{"@id":"https:\/\/www.nexoinformativo.mx\/index.php\/2024\/12\/27\/aprende-ingles-o-aleman-en-la-upq-nuevos-cursos-presenciales-y-en-linea\/#breadcrumb"},"inLanguage":"es","potentialAction":[{"@type":"ReadAction","target":["https:\/\/www.nexoinformativo.mx\/index.php\/2024\/12\/27\/aprende-ingles-o-aleman-en-la-upq-nuevos-cursos-presenciales-y-en-linea\/"]}]},{"@type":"ImageObject","inLanguage":"es","@id":"https:\/\/www.nexoinformativo.mx\/index.php\/2024\/12\/27\/aprende-ingles-o-aleman-en-la-upq-nuevos-cursos-presenciales-y-en-linea\/#primaryimage","url":"https:\/\/www.nexoinformativo.mx\/wp-content\/uploads\/2024\/12\/PHOTO-2024-12-27-08-27-50-e1735312782441.jpg","contentUrl":"https:\/\/www.nexoinformativo.mx\/wp-content\/uploads\/2024\/12\/PHOTO-2024-12-27-08-27-50-e1735312782441.jpg","width":800,"height":937},{"@type":"BreadcrumbList","@id":"https:\/\/www.nexoinformativo.mx\/index.php\/2024\/12\/27\/aprende-ingles-o-aleman-en-la-upq-nuevos-cursos-presenciales-y-en-linea\/#breadcrumb","itemListElement":[{"@type":"ListItem","position":1,"name":"Inicio","item":"https:\/\/www.nexoinformativo.mx\/"},{"@type":"ListItem","position":2,"name":"\u00a1Aprende ingl\u00e9s o alem\u00e1n en la UPQ! Nuevos cursos presenciales y en l\u00ednea"}]},{"@type":"WebSite","@id":"https:\/\/www.nexoinformativo.mx\/#website","url":"https:\/\/www.nexoinformativo.mx\/","name":"Nexo Informativo Santiago de Quer\u00e9taro","description":"Explora NexoInformativo y convi\u00e9rtete en parte de una comunidad que valora el conocimiento y la verdad. Tu nexoinformativo es tu puente hacia una comprensi\u00f3n m\u00e1s profunda del mundo que te rodea.","publisher":{"@id":"https:\/\/www.nexoinformativo.mx\/#organization"},"potentialAction":[{"@type":"SearchAction","target":{"@type":"EntryPoint","urlTemplate":"https:\/\/www.nexoinformativo.mx\/?s={search_term_string}"},"query-input":{"@type":"PropertyValueSpecification","valueRequired":true,"valueName":"search_term_string"}}],"inLanguage":"es"},{"@type":"Organization","@id":"https:\/\/www.nexoinformativo.mx\/#organization","name":"Nexo Informativo Santiago de Quer\u00e9taro","url":"https:\/\/www.nexoinformativo.mx\/","logo":{"@type":"ImageObject","inLanguage":"es","@id":"https:\/\/www.nexoinformativo.mx\/#\/schema\/logo\/image\/","url":"https:\/\/www.nexoinformativo.mx\/wp-content\/uploads\/2024\/07\/nexoi-trasparente-2.png","contentUrl":"https:\/\/www.nexoinformativo.mx\/wp-content\/uploads\/2024\/07\/nexoi-trasparente-2.png","width":816,"height":339,"caption":"Nexo Informativo Santiago de Quer\u00e9taro"},"image":{"@id":"https:\/\/www.nexoinformativo.mx\/#\/schema\/logo\/image\/"},"sameAs":["https:\/\/www.facebook.com\/people\/Nexo-Informativo\/61564066885511\/"]},{"@type":"Person","@id":"https:\/\/www.nexoinformativo.mx\/#\/schema\/person\/7749d380ba08c8ca00d7bc76fd907b7d","name":"Nexo Informativo","image":{"@type":"ImageObject","inLanguage":"es","@id":"https:\/\/www.nexoinformativo.mx\/#\/schema\/person\/image\/","url":"https:\/\/secure.gravatar.com\/avatar\/dde2928154642a13d95f87ddf1ea9718fe2b46760a005c53e41ff5ad610704e6?s=96&d=mm&r=g","contentUrl":"https:\/\/secure.gravatar.com\/avatar\/dde2928154642a13d95f87ddf1ea9718fe2b46760a005c53e41ff5ad610704e6?s=96&d=mm&r=g","caption":"Nexo Informativo"},"url":"https:\/\/www.nexoinformativo.mx\/index.php\/author\/edicion\/"}]}},"_links":{"self":[{"href":"https:\/\/www.nexoinformativo.mx\/index.php\/wp-json\/wp\/v2\/posts\/8881","targetHints":{"allow":["GET"]}}],"collection":[{"href":"https:\/\/www.nexoinformativo.mx\/index.php\/wp-json\/wp\/v2\/posts"}],"about":[{"href":"https:\/\/www.nexoinformativo.mx\/index.php\/wp-json\/wp\/v2\/types\/post"}],"author":[{"embeddable":true,"href":"https:\/\/www.nexoinformativo.mx\/index.php\/wp-json\/wp\/v2\/users\/3"}],"replies":[{"embeddable":true,"href":"https:\/\/www.nexoinformativo.mx\/index.php\/wp-json\/wp\/v2\/comments?post=8881"}],"version-history":[{"count":3,"href":"https:\/\/www.nexoinformativo.mx\/index.php\/wp-json\/wp\/v2\/posts\/8881\/revisions"}],"predecessor-version":[{"id":8885,"href":"https:\/\/www.nexoinformativo.mx\/index.php\/wp-json\/wp\/v2\/posts\/8881\/revisions\/8885"}],"wp:featuredmedia":[{"embeddable":true,"href":"https:\/\/www.nexoinformativo.mx\/index.php\/wp-json\/wp\/v2\/media\/8882"}],"wp:attachment":[{"href":"https:\/\/www.nexoinformativo.mx\/index.php\/wp-json\/wp\/v2\/media?parent=8881"}],"wp:term":[{"taxonomy":"category","embeddable":true,"href":"https:\/\/www.nexoinformativo.mx\/index.php\/wp-json\/wp\/v2\/categories?post=8881"},{"taxonomy":"post_tag","embeddable":true,"href":"https:\/\/www.nexoinformativo.mx\/index.php\/wp-json\/wp\/v2\/tags?post=8881"}],"curies":[{"name":"wp","href":"https:\/\/api.w.org\/{rel}","templated":true}]}}