{"id":8886,"date":"2024-12-27T06:30:02","date_gmt":"2024-12-27T12:30:02","guid":{"rendered":"https:\/\/www.nexoinformativo.mx\/?p=8886"},"modified":"2024-12-27T09:25:36","modified_gmt":"2024-12-27T15:25:36","slug":"1580-jubilados-queretanos-encontraron-en-la-casa-del-jubilado-un-centro-de-desarrollo-personal","status":"publish","type":"post","link":"https:\/\/www.nexoinformativo.mx\/index.php\/2024\/12\/27\/1580-jubilados-queretanos-encontraron-en-la-casa-del-jubilado-un-centro-de-desarrollo-personal\/","title":{"rendered":"1,580 jubilados queretanos encontraron en la Casa del Jubilado un centro de desarrollo personal"},"content":{"rendered":"<p style=\"text-align: justify;\" data-sourcepos=\"11:1-11:346\">La Casa del Jubilado y Pensionado del Estado de Quer\u00e9taro se ha convertido en un espacio fundamental para miles de ex trabajadores estatales.<\/p>\n<\/p>\n<p>&nbsp;<\/p>\n<p style=\"text-align: justify;\" data-sourcepos=\"11:1-11:346\">Durante 2024, este centro atendi\u00f3 a m\u00e1s de 1,580 jubilados, quienes encontraron en sus diversas actividades una forma de mantenerse activos, aprender cosas nuevas y fortalecer sus relaciones sociales.<\/p>\n<\/p>\n<p>&nbsp;<\/p>\n<p style=\"text-align: justify;\" data-sourcepos=\"13:1-13:292\">Con una amplia gama de talleres, desde manualidades y cocina hasta idiomas y danza, la Casa del Jubilado ofrece un entorno estimulante para el desarrollo personal y social. Adem\u00e1s, cuenta con servicios de enfermer\u00eda y psicolog\u00eda, lo que garantiza el bienestar f\u00edsico y mental de sus usuarios.<\/p>\n<\/p>\n<p>&nbsp;<\/p>\n<p style=\"text-align: justify;\" data-sourcepos=\"15:1-15:292\">Una de las novedades de este a\u00f1o fueron las pr\u00e1cticas de campo realizadas en diferentes municipios del estado, como Bernal, Corregidora y Tequisquiapan. Estas actividades permitieron a los participantes poner en pr\u00e1ctica los conocimientos adquiridos en los talleres y explorar nuevos lugares.<\/p>\n<\/p>\n<p>&nbsp;<\/p>\n<p style=\"text-align: justify;\" data-sourcepos=\"17:1-17:307\">La salud es una prioridad en la Casa del Jubilado. A lo largo del a\u00f1o se realizaron jornadas m\u00e9dicas en las que se ofrecieron diversos servicios, como medici\u00f3n de presi\u00f3n arterial, pruebas de laboratorio y vacunaci\u00f3n. Adem\u00e1s, se impartieron pl\u00e1ticas sobre temas de salud relevantes para los adultos mayores.<\/p>\n<\/p>\n<p>&nbsp;<\/p>\n<p style=\"text-align: justify;\" data-sourcepos=\"19:1-19:199\">La Casa del Jubilado se encuentra ubicada en Hidalgo No. 52, esquina con Ocampo, en el Centro Hist\u00f3rico. Para obtener m\u00e1s informaci\u00f3n o inscribirse, puedes comunicarte al tel\u00e9fono 442 214-07-65.\u00a0\u00a1No pierdas la oportunidad de disfrutar de un espacio lleno de vida y actividades!<\/p>\n<\/p>\n<p>&nbsp;<\/p>\n<p style=\"text-align: center;\" data-sourcepos=\"21:1-21:86\"><em><strong>\u00a1Informaci\u00f3n que transforma!<\/strong><\/em><\/p>\n","protected":false},"excerpt":{"rendered":"<p>La Casa del Jubilado y Pensionado del Estado de Quer\u00e9taro se ha convertido en un espacio fundamental para miles de ex trabajadores estatales.<\/p>\n","protected":false},"author":3,"featured_media":8887,"comment_status":"open","ping_status":"open","sticky":false,"template":"","format":"standard","meta":{"footnotes":""},"categories":[42,58],"tags":[895,679,2849,133],"class_list":["post-8886","post","type-post","status-publish","format-standard","has-post-thumbnail","hentry","category-estado","category-ultima-hora","tag-adultosmayores","tag-bienestar","tag-casadeljubilado","tag-queretaro"],"yoast_head":"<!-- This site is optimized with the Yoast SEO plugin v25.0 - https:\/\/yoast.com\/wordpress\/plugins\/seo\/ -->\n<title>1,580 jubilados queretanos encontraron en la Casa del Jubilado un centro de desarrollo personal | Nexo Informativo Santiago de Quer\u00e9taro<\/title>\n<meta name=\"description\" content=\"1,580 jubilados queretanos encontraron en la Casa del Jubilado un centro de desarrollo personal\" \/>\n<meta name=\"robots\" content=\"index, follow, max-snippet:-1, max-image-preview:large, max-video-preview:-1\" \/>\n<link rel=\"canonical\" href=\"https:\/\/www.nexoinformativo.mx\/index.php\/2024\/12\/27\/1580-jubilados-queretanos-encontraron-en-la-casa-del-jubilado-un-centro-de-desarrollo-personal\/\" \/>\n<meta property=\"og:locale\" content=\"es_MX\" \/>\n<meta property=\"og:type\" content=\"article\" \/>\n<meta property=\"og:title\" content=\"1,580 jubilados queretanos encontraron en la Casa del Jubilado un centro de desarrollo personal | Nexo Informativo Santiago de Quer\u00e9taro\" \/>\n<meta property=\"og:description\" content=\"1,580 jubilados queretanos encontraron en la Casa del Jubilado un centro de desarrollo personal\" \/>\n<meta property=\"og:url\" content=\"https:\/\/www.nexoinformativo.mx\/index.php\/2024\/12\/27\/1580-jubilados-queretanos-encontraron-en-la-casa-del-jubilado-un-centro-de-desarrollo-personal\/\" \/>\n<meta property=\"og:site_name\" content=\"Nexo Informativo Santiago de Quer\u00e9taro\" \/>\n<meta property=\"article:publisher\" content=\"https:\/\/www.facebook.com\/people\/Nexo-Informativo\/61564066885511\/\" \/>\n<meta property=\"article:published_time\" content=\"2024-12-27T12:30:02+00:00\" \/>\n<meta property=\"article:modified_time\" content=\"2024-12-27T15:25:36+00:00\" \/>\n<meta property=\"og:image\" content=\"https:\/\/www.nexoinformativo.mx\/wp-content\/uploads\/2024\/12\/PHOTO-2024-12-27-08-33-35-e1735313094436.jpg\" \/>\n\t<meta property=\"og:image:width\" content=\"800\" \/>\n\t<meta property=\"og:image:height\" content=\"533\" \/>\n\t<meta property=\"og:image:type\" content=\"image\/jpeg\" \/>\n<meta name=\"author\" content=\"Nexo Informativo\" \/>\n<meta name=\"twitter:card\" content=\"summary_large_image\" \/>\n<meta name=\"twitter:label1\" content=\"Escrito por\" \/>\n\t<meta name=\"twitter:data1\" content=\"Nexo Informativo\" \/>\n\t<meta name=\"twitter:label2\" content=\"Tiempo de lectura\" \/>\n\t<meta name=\"twitter:data2\" content=\"2 minutos\" \/>\n<script type=\"application\/ld+json\" class=\"yoast-schema-graph\">{\"@context\":\"https:\/\/schema.org\",\"@graph\":[{\"@type\":\"Article\",\"@id\":\"https:\/\/www.nexoinformativo.mx\/index.php\/2024\/12\/27\/1580-jubilados-queretanos-encontraron-en-la-casa-del-jubilado-un-centro-de-desarrollo-personal\/#article\",\"isPartOf\":{\"@id\":\"https:\/\/www.nexoinformativo.mx\/index.php\/2024\/12\/27\/1580-jubilados-queretanos-encontraron-en-la-casa-del-jubilado-un-centro-de-desarrollo-personal\/\"},\"author\":{\"name\":\"Nexo Informativo\",\"@id\":\"https:\/\/www.nexoinformativo.mx\/#\/schema\/person\/7749d380ba08c8ca00d7bc76fd907b7d\"},\"headline\":\"1,580 jubilados queretanos encontraron en la Casa del Jubilado un centro de desarrollo personal\",\"datePublished\":\"2024-12-27T12:30:02+00:00\",\"dateModified\":\"2024-12-27T15:25:36+00:00\",\"mainEntityOfPage\":{\"@id\":\"https:\/\/www.nexoinformativo.mx\/index.php\/2024\/12\/27\/1580-jubilados-queretanos-encontraron-en-la-casa-del-jubilado-un-centro-de-desarrollo-personal\/\"},\"wordCount\":274,\"commentCount\":0,\"publisher\":{\"@id\":\"https:\/\/www.nexoinformativo.mx\/#organization\"},\"image\":{\"@id\":\"https:\/\/www.nexoinformativo.mx\/index.php\/2024\/12\/27\/1580-jubilados-queretanos-encontraron-en-la-casa-del-jubilado-un-centro-de-desarrollo-personal\/#primaryimage\"},\"thumbnailUrl\":\"https:\/\/www.nexoinformativo.mx\/wp-content\/uploads\/2024\/12\/PHOTO-2024-12-27-08-33-35-e1735313094436.jpg\",\"keywords\":[\"AdultosMayores\",\"Bienestar\",\"CasaDelJubilado\",\"Quer\u00e9taro\"],\"articleSection\":[\"Estado\",\"\u00daltima Hora\"],\"inLanguage\":\"es\",\"potentialAction\":[{\"@type\":\"CommentAction\",\"name\":\"Comment\",\"target\":[\"https:\/\/www.nexoinformativo.mx\/index.php\/2024\/12\/27\/1580-jubilados-queretanos-encontraron-en-la-casa-del-jubilado-un-centro-de-desarrollo-personal\/#respond\"]}]},{\"@type\":\"WebPage\",\"@id\":\"https:\/\/www.nexoinformativo.mx\/index.php\/2024\/12\/27\/1580-jubilados-queretanos-encontraron-en-la-casa-del-jubilado-un-centro-de-desarrollo-personal\/\",\"url\":\"https:\/\/www.nexoinformativo.mx\/index.php\/2024\/12\/27\/1580-jubilados-queretanos-encontraron-en-la-casa-del-jubilado-un-centro-de-desarrollo-personal\/\",\"name\":\"1,580 jubilados queretanos encontraron en la Casa del Jubilado un centro de desarrollo personal | Nexo Informativo Santiago de Quer\u00e9taro\",\"isPartOf\":{\"@id\":\"https:\/\/www.nexoinformativo.mx\/#website\"},\"primaryImageOfPage\":{\"@id\":\"https:\/\/www.nexoinformativo.mx\/index.php\/2024\/12\/27\/1580-jubilados-queretanos-encontraron-en-la-casa-del-jubilado-un-centro-de-desarrollo-personal\/#primaryimage\"},\"image\":{\"@id\":\"https:\/\/www.nexoinformativo.mx\/index.php\/2024\/12\/27\/1580-jubilados-queretanos-encontraron-en-la-casa-del-jubilado-un-centro-de-desarrollo-personal\/#primaryimage\"},\"thumbnailUrl\":\"https:\/\/www.nexoinformativo.mx\/wp-content\/uploads\/2024\/12\/PHOTO-2024-12-27-08-33-35-e1735313094436.jpg\",\"datePublished\":\"2024-12-27T12:30:02+00:00\",\"dateModified\":\"2024-12-27T15:25:36+00:00\",\"description\":\"1,580 jubilados queretanos encontraron en la Casa del Jubilado un centro de desarrollo personal\",\"breadcrumb\":{\"@id\":\"https:\/\/www.nexoinformativo.mx\/index.php\/2024\/12\/27\/1580-jubilados-queretanos-encontraron-en-la-casa-del-jubilado-un-centro-de-desarrollo-personal\/#breadcrumb\"},\"inLanguage\":\"es\",\"potentialAction\":[{\"@type\":\"ReadAction\",\"target\":[\"https:\/\/www.nexoinformativo.mx\/index.php\/2024\/12\/27\/1580-jubilados-queretanos-encontraron-en-la-casa-del-jubilado-un-centro-de-desarrollo-personal\/\"]}]},{\"@type\":\"ImageObject\",\"inLanguage\":\"es\",\"@id\":\"https:\/\/www.nexoinformativo.mx\/index.php\/2024\/12\/27\/1580-jubilados-queretanos-encontraron-en-la-casa-del-jubilado-un-centro-de-desarrollo-personal\/#primaryimage\",\"url\":\"https:\/\/www.nexoinformativo.mx\/wp-content\/uploads\/2024\/12\/PHOTO-2024-12-27-08-33-35-e1735313094436.jpg\",\"contentUrl\":\"https:\/\/www.nexoinformativo.mx\/wp-content\/uploads\/2024\/12\/PHOTO-2024-12-27-08-33-35-e1735313094436.jpg\",\"width\":800,\"height\":533},{\"@type\":\"BreadcrumbList\",\"@id\":\"https:\/\/www.nexoinformativo.mx\/index.php\/2024\/12\/27\/1580-jubilados-queretanos-encontraron-en-la-casa-del-jubilado-un-centro-de-desarrollo-personal\/#breadcrumb\",\"itemListElement\":[{\"@type\":\"ListItem\",\"position\":1,\"name\":\"Inicio\",\"item\":\"https:\/\/www.nexoinformativo.mx\/\"},{\"@type\":\"ListItem\",\"position\":2,\"name\":\"1,580 jubilados queretanos encontraron en la Casa del Jubilado un centro de desarrollo personal\"}]},{\"@type\":\"WebSite\",\"@id\":\"https:\/\/www.nexoinformativo.mx\/#website\",\"url\":\"https:\/\/www.nexoinformativo.mx\/\",\"name\":\"Nexo Informativo Santiago de Quer\u00e9taro\",\"description\":\"Explora NexoInformativo y convi\u00e9rtete en parte de una comunidad que valora el conocimiento y la verdad. Tu nexoinformativo es tu puente hacia una comprensi\u00f3n m\u00e1s profunda del mundo que te rodea.\",\"publisher\":{\"@id\":\"https:\/\/www.nexoinformativo.mx\/#organization\"},\"potentialAction\":[{\"@type\":\"SearchAction\",\"target\":{\"@type\":\"EntryPoint\",\"urlTemplate\":\"https:\/\/www.nexoinformativo.mx\/?s={search_term_string}\"},\"query-input\":{\"@type\":\"PropertyValueSpecification\",\"valueRequired\":true,\"valueName\":\"search_term_string\"}}],\"inLanguage\":\"es\"},{\"@type\":\"Organization\",\"@id\":\"https:\/\/www.nexoinformativo.mx\/#organization\",\"name\":\"Nexo Informativo Santiago de Quer\u00e9taro\",\"url\":\"https:\/\/www.nexoinformativo.mx\/\",\"logo\":{\"@type\":\"ImageObject\",\"inLanguage\":\"es\",\"@id\":\"https:\/\/www.nexoinformativo.mx\/#\/schema\/logo\/image\/\",\"url\":\"https:\/\/www.nexoinformativo.mx\/wp-content\/uploads\/2024\/07\/nexoi-trasparente-2.png\",\"contentUrl\":\"https:\/\/www.nexoinformativo.mx\/wp-content\/uploads\/2024\/07\/nexoi-trasparente-2.png\",\"width\":816,\"height\":339,\"caption\":\"Nexo Informativo Santiago de Quer\u00e9taro\"},\"image\":{\"@id\":\"https:\/\/www.nexoinformativo.mx\/#\/schema\/logo\/image\/\"},\"sameAs\":[\"https:\/\/www.facebook.com\/people\/Nexo-Informativo\/61564066885511\/\"]},{\"@type\":\"Person\",\"@id\":\"https:\/\/www.nexoinformativo.mx\/#\/schema\/person\/7749d380ba08c8ca00d7bc76fd907b7d\",\"name\":\"Nexo Informativo\",\"image\":{\"@type\":\"ImageObject\",\"inLanguage\":\"es\",\"@id\":\"https:\/\/www.nexoinformativo.mx\/#\/schema\/person\/image\/\",\"url\":\"https:\/\/secure.gravatar.com\/avatar\/dde2928154642a13d95f87ddf1ea9718fe2b46760a005c53e41ff5ad610704e6?s=96&d=mm&r=g\",\"contentUrl\":\"https:\/\/secure.gravatar.com\/avatar\/dde2928154642a13d95f87ddf1ea9718fe2b46760a005c53e41ff5ad610704e6?s=96&d=mm&r=g\",\"caption\":\"Nexo Informativo\"},\"url\":\"https:\/\/www.nexoinformativo.mx\/index.php\/author\/edicion\/\"}]}<\/script>\n<!-- \/ Yoast SEO plugin. -->","yoast_head_json":{"title":"1,580 jubilados queretanos encontraron en la Casa del Jubilado un centro de desarrollo personal | Nexo Informativo Santiago de Quer\u00e9taro","description":"1,580 jubilados queretanos encontraron en la Casa del Jubilado un centro de desarrollo personal","robots":{"index":"index","follow":"follow","max-snippet":"max-snippet:-1","max-image-preview":"max-image-preview:large","max-video-preview":"max-video-preview:-1"},"canonical":"https:\/\/www.nexoinformativo.mx\/index.php\/2024\/12\/27\/1580-jubilados-queretanos-encontraron-en-la-casa-del-jubilado-un-centro-de-desarrollo-personal\/","og_locale":"es_MX","og_type":"article","og_title":"1,580 jubilados queretanos encontraron en la Casa del Jubilado un centro de desarrollo personal | Nexo Informativo Santiago de Quer\u00e9taro","og_description":"1,580 jubilados queretanos encontraron en la Casa del Jubilado un centro de desarrollo personal","og_url":"https:\/\/www.nexoinformativo.mx\/index.php\/2024\/12\/27\/1580-jubilados-queretanos-encontraron-en-la-casa-del-jubilado-un-centro-de-desarrollo-personal\/","og_site_name":"Nexo Informativo Santiago de Quer\u00e9taro","article_publisher":"https:\/\/www.facebook.com\/people\/Nexo-Informativo\/61564066885511\/","article_published_time":"2024-12-27T12:30:02+00:00","article_modified_time":"2024-12-27T15:25:36+00:00","og_image":[{"width":800,"height":533,"url":"https:\/\/www.nexoinformativo.mx\/wp-content\/uploads\/2024\/12\/PHOTO-2024-12-27-08-33-35-e1735313094436.jpg","type":"image\/jpeg"}],"author":"Nexo Informativo","twitter_card":"summary_large_image","twitter_misc":{"Escrito por":"Nexo Informativo","Tiempo de lectura":"2 minutos"},"schema":{"@context":"https:\/\/schema.org","@graph":[{"@type":"Article","@id":"https:\/\/www.nexoinformativo.mx\/index.php\/2024\/12\/27\/1580-jubilados-queretanos-encontraron-en-la-casa-del-jubilado-un-centro-de-desarrollo-personal\/#article","isPartOf":{"@id":"https:\/\/www.nexoinformativo.mx\/index.php\/2024\/12\/27\/1580-jubilados-queretanos-encontraron-en-la-casa-del-jubilado-un-centro-de-desarrollo-personal\/"},"author":{"name":"Nexo Informativo","@id":"https:\/\/www.nexoinformativo.mx\/#\/schema\/person\/7749d380ba08c8ca00d7bc76fd907b7d"},"headline":"1,580 jubilados queretanos encontraron en la Casa del Jubilado un centro de desarrollo personal","datePublished":"2024-12-27T12:30:02+00:00","dateModified":"2024-12-27T15:25:36+00:00","mainEntityOfPage":{"@id":"https:\/\/www.nexoinformativo.mx\/index.php\/2024\/12\/27\/1580-jubilados-queretanos-encontraron-en-la-casa-del-jubilado-un-centro-de-desarrollo-personal\/"},"wordCount":274,"commentCount":0,"publisher":{"@id":"https:\/\/www.nexoinformativo.mx\/#organization"},"image":{"@id":"https:\/\/www.nexoinformativo.mx\/index.php\/2024\/12\/27\/1580-jubilados-queretanos-encontraron-en-la-casa-del-jubilado-un-centro-de-desarrollo-personal\/#primaryimage"},"thumbnailUrl":"https:\/\/www.nexoinformativo.mx\/wp-content\/uploads\/2024\/12\/PHOTO-2024-12-27-08-33-35-e1735313094436.jpg","keywords":["AdultosMayores","Bienestar","CasaDelJubilado","Quer\u00e9taro"],"articleSection":["Estado","\u00daltima Hora"],"inLanguage":"es","potentialAction":[{"@type":"CommentAction","name":"Comment","target":["https:\/\/www.nexoinformativo.mx\/index.php\/2024\/12\/27\/1580-jubilados-queretanos-encontraron-en-la-casa-del-jubilado-un-centro-de-desarrollo-personal\/#respond"]}]},{"@type":"WebPage","@id":"https:\/\/www.nexoinformativo.mx\/index.php\/2024\/12\/27\/1580-jubilados-queretanos-encontraron-en-la-casa-del-jubilado-un-centro-de-desarrollo-personal\/","url":"https:\/\/www.nexoinformativo.mx\/index.php\/2024\/12\/27\/1580-jubilados-queretanos-encontraron-en-la-casa-del-jubilado-un-centro-de-desarrollo-personal\/","name":"1,580 jubilados queretanos encontraron en la Casa del Jubilado un centro de desarrollo personal | Nexo Informativo Santiago de Quer\u00e9taro","isPartOf":{"@id":"https:\/\/www.nexoinformativo.mx\/#website"},"primaryImageOfPage":{"@id":"https:\/\/www.nexoinformativo.mx\/index.php\/2024\/12\/27\/1580-jubilados-queretanos-encontraron-en-la-casa-del-jubilado-un-centro-de-desarrollo-personal\/#primaryimage"},"image":{"@id":"https:\/\/www.nexoinformativo.mx\/index.php\/2024\/12\/27\/1580-jubilados-queretanos-encontraron-en-la-casa-del-jubilado-un-centro-de-desarrollo-personal\/#primaryimage"},"thumbnailUrl":"https:\/\/www.nexoinformativo.mx\/wp-content\/uploads\/2024\/12\/PHOTO-2024-12-27-08-33-35-e1735313094436.jpg","datePublished":"2024-12-27T12:30:02+00:00","dateModified":"2024-12-27T15:25:36+00:00","description":"1,580 jubilados queretanos encontraron en la Casa del Jubilado un centro de desarrollo personal","breadcrumb":{"@id":"https:\/\/www.nexoinformativo.mx\/index.php\/2024\/12\/27\/1580-jubilados-queretanos-encontraron-en-la-casa-del-jubilado-un-centro-de-desarrollo-personal\/#breadcrumb"},"inLanguage":"es","potentialAction":[{"@type":"ReadAction","target":["https:\/\/www.nexoinformativo.mx\/index.php\/2024\/12\/27\/1580-jubilados-queretanos-encontraron-en-la-casa-del-jubilado-un-centro-de-desarrollo-personal\/"]}]},{"@type":"ImageObject","inLanguage":"es","@id":"https:\/\/www.nexoinformativo.mx\/index.php\/2024\/12\/27\/1580-jubilados-queretanos-encontraron-en-la-casa-del-jubilado-un-centro-de-desarrollo-personal\/#primaryimage","url":"https:\/\/www.nexoinformativo.mx\/wp-content\/uploads\/2024\/12\/PHOTO-2024-12-27-08-33-35-e1735313094436.jpg","contentUrl":"https:\/\/www.nexoinformativo.mx\/wp-content\/uploads\/2024\/12\/PHOTO-2024-12-27-08-33-35-e1735313094436.jpg","width":800,"height":533},{"@type":"BreadcrumbList","@id":"https:\/\/www.nexoinformativo.mx\/index.php\/2024\/12\/27\/1580-jubilados-queretanos-encontraron-en-la-casa-del-jubilado-un-centro-de-desarrollo-personal\/#breadcrumb","itemListElement":[{"@type":"ListItem","position":1,"name":"Inicio","item":"https:\/\/www.nexoinformativo.mx\/"},{"@type":"ListItem","position":2,"name":"1,580 jubilados queretanos encontraron en la Casa del Jubilado un centro de desarrollo personal"}]},{"@type":"WebSite","@id":"https:\/\/www.nexoinformativo.mx\/#website","url":"https:\/\/www.nexoinformativo.mx\/","name":"Nexo Informativo Santiago de Quer\u00e9taro","description":"Explora NexoInformativo y convi\u00e9rtete en parte de una comunidad que valora el conocimiento y la verdad. Tu nexoinformativo es tu puente hacia una comprensi\u00f3n m\u00e1s profunda del mundo que te rodea.","publisher":{"@id":"https:\/\/www.nexoinformativo.mx\/#organization"},"potentialAction":[{"@type":"SearchAction","target":{"@type":"EntryPoint","urlTemplate":"https:\/\/www.nexoinformativo.mx\/?s={search_term_string}"},"query-input":{"@type":"PropertyValueSpecification","valueRequired":true,"valueName":"search_term_string"}}],"inLanguage":"es"},{"@type":"Organization","@id":"https:\/\/www.nexoinformativo.mx\/#organization","name":"Nexo Informativo Santiago de Quer\u00e9taro","url":"https:\/\/www.nexoinformativo.mx\/","logo":{"@type":"ImageObject","inLanguage":"es","@id":"https:\/\/www.nexoinformativo.mx\/#\/schema\/logo\/image\/","url":"https:\/\/www.nexoinformativo.mx\/wp-content\/uploads\/2024\/07\/nexoi-trasparente-2.png","contentUrl":"https:\/\/www.nexoinformativo.mx\/wp-content\/uploads\/2024\/07\/nexoi-trasparente-2.png","width":816,"height":339,"caption":"Nexo Informativo Santiago de Quer\u00e9taro"},"image":{"@id":"https:\/\/www.nexoinformativo.mx\/#\/schema\/logo\/image\/"},"sameAs":["https:\/\/www.facebook.com\/people\/Nexo-Informativo\/61564066885511\/"]},{"@type":"Person","@id":"https:\/\/www.nexoinformativo.mx\/#\/schema\/person\/7749d380ba08c8ca00d7bc76fd907b7d","name":"Nexo Informativo","image":{"@type":"ImageObject","inLanguage":"es","@id":"https:\/\/www.nexoinformativo.mx\/#\/schema\/person\/image\/","url":"https:\/\/secure.gravatar.com\/avatar\/dde2928154642a13d95f87ddf1ea9718fe2b46760a005c53e41ff5ad610704e6?s=96&d=mm&r=g","contentUrl":"https:\/\/secure.gravatar.com\/avatar\/dde2928154642a13d95f87ddf1ea9718fe2b46760a005c53e41ff5ad610704e6?s=96&d=mm&r=g","caption":"Nexo Informativo"},"url":"https:\/\/www.nexoinformativo.mx\/index.php\/author\/edicion\/"}]}},"_links":{"self":[{"href":"https:\/\/www.nexoinformativo.mx\/index.php\/wp-json\/wp\/v2\/posts\/8886","targetHints":{"allow":["GET"]}}],"collection":[{"href":"https:\/\/www.nexoinformativo.mx\/index.php\/wp-json\/wp\/v2\/posts"}],"about":[{"href":"https:\/\/www.nexoinformativo.mx\/index.php\/wp-json\/wp\/v2\/types\/post"}],"author":[{"embeddable":true,"href":"https:\/\/www.nexoinformativo.mx\/index.php\/wp-json\/wp\/v2\/users\/3"}],"replies":[{"embeddable":true,"href":"https:\/\/www.nexoinformativo.mx\/index.php\/wp-json\/wp\/v2\/comments?post=8886"}],"version-history":[{"count":3,"href":"https:\/\/www.nexoinformativo.mx\/index.php\/wp-json\/wp\/v2\/posts\/8886\/revisions"}],"predecessor-version":[{"id":8890,"href":"https:\/\/www.nexoinformativo.mx\/index.php\/wp-json\/wp\/v2\/posts\/8886\/revisions\/8890"}],"wp:featuredmedia":[{"embeddable":true,"href":"https:\/\/www.nexoinformativo.mx\/index.php\/wp-json\/wp\/v2\/media\/8887"}],"wp:attachment":[{"href":"https:\/\/www.nexoinformativo.mx\/index.php\/wp-json\/wp\/v2\/media?parent=8886"}],"wp:term":[{"taxonomy":"category","embeddable":true,"href":"https:\/\/www.nexoinformativo.mx\/index.php\/wp-json\/wp\/v2\/categories?post=8886"},{"taxonomy":"post_tag","embeddable":true,"href":"https:\/\/www.nexoinformativo.mx\/index.php\/wp-json\/wp\/v2\/tags?post=8886"}],"curies":[{"name":"wp","href":"https:\/\/api.w.org\/{rel}","templated":true}]}}