{"id":8896,"date":"2024-12-27T13:00:51","date_gmt":"2024-12-27T19:00:51","guid":{"rendered":"https:\/\/www.nexoinformativo.mx\/?p=8896"},"modified":"2024-12-27T21:58:51","modified_gmt":"2024-12-28T03:58:51","slug":"empoderamiento-femenino-en-colon-mujeres-se-capacitan-para-el-autoempleo","status":"publish","type":"post","link":"https:\/\/www.nexoinformativo.mx\/index.php\/2024\/12\/27\/empoderamiento-femenino-en-colon-mujeres-se-capacitan-para-el-autoempleo\/","title":{"rendered":"Empoderamiento Femenino en Col\u00f3n: Mujeres se capacitan para el autoempleo"},"content":{"rendered":"<p style=\"text-align: justify;\">La Secretar\u00eda del Trabajo (ST) de Quer\u00e9taro ha dado un paso importante hacia el empoderamiento femenino en el municipio de Col\u00f3n, al llevar a cabo tres cursos de capacitaci\u00f3n para el autoempleo.<\/p>\n<p>&nbsp;<\/p>\n<p style=\"text-align: justify;\">Estos talleres, dirigidos a 63 mujeres de las localidades de El Blanco, M\u00e9xico Lindo y San Ildefonso, tienen como objetivo fomentar la autosuficiencia econ\u00f3mica de las participantes.<\/p>\n<p>&nbsp;<\/p>\n<p style=\"text-align: justify;\">La titular de la Secretar\u00eda, Liliana San Mart\u00edn Castillo, destac\u00f3 que los cursos ofrecidos tejer con ganchillo y elaboraci\u00f3n de velas fueron impartidos de manera gratuita, permitiendo a las participantes acceder a una beca econ\u00f3mica y apoyo para la adquisici\u00f3n de materiales.<\/p>\n<p>&nbsp;<\/p>\n<p style=\"text-align: justify;\">Durante las ceremonias de clausura, Erick Iv\u00e1n Lugo Contreras, director del Centro Estatal de Empleabilidad, subray\u00f3 la importancia de estas capacitaciones. \u201cEstos cursos permiten que cada una de ustedes desarrolle habilidades que les permitan realizar una actividad productiva, ya sea de manera individual o colectiva, y con ello generar recursos para sus hogares\u201d, afirm\u00f3.<\/p>\n<p>&nbsp;<\/p>\n<p style=\"text-align: justify;\">Este esfuerzo forma parte del Programa Estatal de Empleo, a trav\u00e9s del cual se han capacitado a m\u00e1s de mil mujeres en diversos municipios de la entidad.<\/p>\n<p>&nbsp;<\/p>\n<p style=\"text-align: justify;\">La Secretar\u00eda del Trabajo contin\u00faa comprometida con la creaci\u00f3n de oportunidades que impulsen el autoempleo y el desarrollo econ\u00f3mico de las mujeres queretanas, confiando en que estas habilidades adquiridas se traduzcan en un impacto positivo en sus vidas y comunidades.<\/p>\n<p>&nbsp;<\/p>\n<p style=\"text-align: center;\">\u00a1Informaci\u00f3n que transforma!<\/p>\n","protected":false},"excerpt":{"rendered":"<p>La Secretar\u00eda del Trabajo (ST) de Quer\u00e9taro ha dado un paso importante hacia el empoderamiento femenino en el municipio de Col\u00f3n, al llevar a cabo tres cursos de capacitaci\u00f3n para el autoempleo.<\/p>\n","protected":false},"author":3,"featured_media":8897,"comment_status":"open","ping_status":"open","sticky":false,"template":"","format":"standard","meta":{"footnotes":""},"categories":[65,58],"tags":[2852,2854,1417,2853],"class_list":["post-8896","post","type-post","status-publish","format-standard","has-post-thumbnail","hentry","category-municipios","category-ultima-hora","tag-autoempleocolon","tag-capacitacionst","tag-empoderamientofemenino","tag-mujeresemprendedoras"],"yoast_head":"<!-- This site is optimized with the Yoast SEO plugin v25.0 - https:\/\/yoast.com\/wordpress\/plugins\/seo\/ -->\n<title>Empoderamiento Femenino en Col\u00f3n: Mujeres se capacitan para el autoempleo | Nexo Informativo Santiago de Quer\u00e9taro<\/title>\n<meta name=\"description\" content=\"Empoderamiento Femenino en Col\u00f3n: Mujeres se capacitan para el autoempleo\" \/>\n<meta name=\"robots\" content=\"index, follow, max-snippet:-1, max-image-preview:large, max-video-preview:-1\" \/>\n<link rel=\"canonical\" href=\"https:\/\/www.nexoinformativo.mx\/index.php\/2024\/12\/27\/empoderamiento-femenino-en-colon-mujeres-se-capacitan-para-el-autoempleo\/\" \/>\n<meta property=\"og:locale\" content=\"es_MX\" \/>\n<meta property=\"og:type\" content=\"article\" \/>\n<meta property=\"og:title\" content=\"Empoderamiento Femenino en Col\u00f3n: Mujeres se capacitan para el autoempleo | Nexo Informativo Santiago de Quer\u00e9taro\" \/>\n<meta property=\"og:description\" content=\"Empoderamiento Femenino en Col\u00f3n: Mujeres se capacitan para el autoempleo\" \/>\n<meta property=\"og:url\" content=\"https:\/\/www.nexoinformativo.mx\/index.php\/2024\/12\/27\/empoderamiento-femenino-en-colon-mujeres-se-capacitan-para-el-autoempleo\/\" \/>\n<meta property=\"og:site_name\" content=\"Nexo Informativo Santiago de Quer\u00e9taro\" \/>\n<meta property=\"article:publisher\" content=\"https:\/\/www.facebook.com\/people\/Nexo-Informativo\/61564066885511\/\" \/>\n<meta property=\"article:published_time\" content=\"2024-12-27T19:00:51+00:00\" \/>\n<meta property=\"article:modified_time\" content=\"2024-12-28T03:58:51+00:00\" \/>\n<meta property=\"og:image\" content=\"https:\/\/www.nexoinformativo.mx\/wp-content\/uploads\/2024\/12\/PHOTO-2024-12-27-11-15-02-e1735345929498.jpg\" \/>\n\t<meta property=\"og:image:width\" content=\"800\" \/>\n\t<meta property=\"og:image:height\" content=\"533\" \/>\n\t<meta property=\"og:image:type\" content=\"image\/jpeg\" \/>\n<meta name=\"author\" content=\"Nexo Informativo\" \/>\n<meta name=\"twitter:card\" content=\"summary_large_image\" \/>\n<meta name=\"twitter:label1\" content=\"Escrito por\" \/>\n\t<meta name=\"twitter:data1\" content=\"Nexo Informativo\" \/>\n\t<meta name=\"twitter:label2\" content=\"Tiempo de lectura\" \/>\n\t<meta name=\"twitter:data2\" content=\"2 minutos\" \/>\n<script type=\"application\/ld+json\" class=\"yoast-schema-graph\">{\"@context\":\"https:\/\/schema.org\",\"@graph\":[{\"@type\":\"Article\",\"@id\":\"https:\/\/www.nexoinformativo.mx\/index.php\/2024\/12\/27\/empoderamiento-femenino-en-colon-mujeres-se-capacitan-para-el-autoempleo\/#article\",\"isPartOf\":{\"@id\":\"https:\/\/www.nexoinformativo.mx\/index.php\/2024\/12\/27\/empoderamiento-femenino-en-colon-mujeres-se-capacitan-para-el-autoempleo\/\"},\"author\":{\"name\":\"Nexo Informativo\",\"@id\":\"https:\/\/www.nexoinformativo.mx\/#\/schema\/person\/7749d380ba08c8ca00d7bc76fd907b7d\"},\"headline\":\"Empoderamiento Femenino en Col\u00f3n: Mujeres se capacitan para el autoempleo\",\"datePublished\":\"2024-12-27T19:00:51+00:00\",\"dateModified\":\"2024-12-28T03:58:51+00:00\",\"mainEntityOfPage\":{\"@id\":\"https:\/\/www.nexoinformativo.mx\/index.php\/2024\/12\/27\/empoderamiento-femenino-en-colon-mujeres-se-capacitan-para-el-autoempleo\/\"},\"wordCount\":260,\"commentCount\":0,\"publisher\":{\"@id\":\"https:\/\/www.nexoinformativo.mx\/#organization\"},\"image\":{\"@id\":\"https:\/\/www.nexoinformativo.mx\/index.php\/2024\/12\/27\/empoderamiento-femenino-en-colon-mujeres-se-capacitan-para-el-autoempleo\/#primaryimage\"},\"thumbnailUrl\":\"https:\/\/www.nexoinformativo.mx\/wp-content\/uploads\/2024\/12\/PHOTO-2024-12-27-11-15-02-e1735345929498.jpg\",\"keywords\":[\"AutoempleoCol\u00f3n\",\"Capacitaci\u00f3nST\",\"EmpoderamientoFemenino\",\"MujeresEmprendedoras\"],\"articleSection\":[\"Municipios\",\"\u00daltima Hora\"],\"inLanguage\":\"es\",\"potentialAction\":[{\"@type\":\"CommentAction\",\"name\":\"Comment\",\"target\":[\"https:\/\/www.nexoinformativo.mx\/index.php\/2024\/12\/27\/empoderamiento-femenino-en-colon-mujeres-se-capacitan-para-el-autoempleo\/#respond\"]}]},{\"@type\":\"WebPage\",\"@id\":\"https:\/\/www.nexoinformativo.mx\/index.php\/2024\/12\/27\/empoderamiento-femenino-en-colon-mujeres-se-capacitan-para-el-autoempleo\/\",\"url\":\"https:\/\/www.nexoinformativo.mx\/index.php\/2024\/12\/27\/empoderamiento-femenino-en-colon-mujeres-se-capacitan-para-el-autoempleo\/\",\"name\":\"Empoderamiento Femenino en Col\u00f3n: Mujeres se capacitan para el autoempleo | Nexo Informativo Santiago de Quer\u00e9taro\",\"isPartOf\":{\"@id\":\"https:\/\/www.nexoinformativo.mx\/#website\"},\"primaryImageOfPage\":{\"@id\":\"https:\/\/www.nexoinformativo.mx\/index.php\/2024\/12\/27\/empoderamiento-femenino-en-colon-mujeres-se-capacitan-para-el-autoempleo\/#primaryimage\"},\"image\":{\"@id\":\"https:\/\/www.nexoinformativo.mx\/index.php\/2024\/12\/27\/empoderamiento-femenino-en-colon-mujeres-se-capacitan-para-el-autoempleo\/#primaryimage\"},\"thumbnailUrl\":\"https:\/\/www.nexoinformativo.mx\/wp-content\/uploads\/2024\/12\/PHOTO-2024-12-27-11-15-02-e1735345929498.jpg\",\"datePublished\":\"2024-12-27T19:00:51+00:00\",\"dateModified\":\"2024-12-28T03:58:51+00:00\",\"description\":\"Empoderamiento Femenino en Col\u00f3n: Mujeres se capacitan para el autoempleo\",\"breadcrumb\":{\"@id\":\"https:\/\/www.nexoinformativo.mx\/index.php\/2024\/12\/27\/empoderamiento-femenino-en-colon-mujeres-se-capacitan-para-el-autoempleo\/#breadcrumb\"},\"inLanguage\":\"es\",\"potentialAction\":[{\"@type\":\"ReadAction\",\"target\":[\"https:\/\/www.nexoinformativo.mx\/index.php\/2024\/12\/27\/empoderamiento-femenino-en-colon-mujeres-se-capacitan-para-el-autoempleo\/\"]}]},{\"@type\":\"ImageObject\",\"inLanguage\":\"es\",\"@id\":\"https:\/\/www.nexoinformativo.mx\/index.php\/2024\/12\/27\/empoderamiento-femenino-en-colon-mujeres-se-capacitan-para-el-autoempleo\/#primaryimage\",\"url\":\"https:\/\/www.nexoinformativo.mx\/wp-content\/uploads\/2024\/12\/PHOTO-2024-12-27-11-15-02-e1735345929498.jpg\",\"contentUrl\":\"https:\/\/www.nexoinformativo.mx\/wp-content\/uploads\/2024\/12\/PHOTO-2024-12-27-11-15-02-e1735345929498.jpg\",\"width\":800,\"height\":533},{\"@type\":\"BreadcrumbList\",\"@id\":\"https:\/\/www.nexoinformativo.mx\/index.php\/2024\/12\/27\/empoderamiento-femenino-en-colon-mujeres-se-capacitan-para-el-autoempleo\/#breadcrumb\",\"itemListElement\":[{\"@type\":\"ListItem\",\"position\":1,\"name\":\"Inicio\",\"item\":\"https:\/\/www.nexoinformativo.mx\/\"},{\"@type\":\"ListItem\",\"position\":2,\"name\":\"Empoderamiento Femenino en Col\u00f3n: Mujeres se capacitan para el autoempleo\"}]},{\"@type\":\"WebSite\",\"@id\":\"https:\/\/www.nexoinformativo.mx\/#website\",\"url\":\"https:\/\/www.nexoinformativo.mx\/\",\"name\":\"Nexo Informativo Santiago de Quer\u00e9taro\",\"description\":\"Explora NexoInformativo y convi\u00e9rtete en parte de una comunidad que valora el conocimiento y la verdad. Tu nexoinformativo es tu puente hacia una comprensi\u00f3n m\u00e1s profunda del mundo que te rodea.\",\"publisher\":{\"@id\":\"https:\/\/www.nexoinformativo.mx\/#organization\"},\"potentialAction\":[{\"@type\":\"SearchAction\",\"target\":{\"@type\":\"EntryPoint\",\"urlTemplate\":\"https:\/\/www.nexoinformativo.mx\/?s={search_term_string}\"},\"query-input\":{\"@type\":\"PropertyValueSpecification\",\"valueRequired\":true,\"valueName\":\"search_term_string\"}}],\"inLanguage\":\"es\"},{\"@type\":\"Organization\",\"@id\":\"https:\/\/www.nexoinformativo.mx\/#organization\",\"name\":\"Nexo Informativo Santiago de Quer\u00e9taro\",\"url\":\"https:\/\/www.nexoinformativo.mx\/\",\"logo\":{\"@type\":\"ImageObject\",\"inLanguage\":\"es\",\"@id\":\"https:\/\/www.nexoinformativo.mx\/#\/schema\/logo\/image\/\",\"url\":\"https:\/\/www.nexoinformativo.mx\/wp-content\/uploads\/2024\/07\/nexoi-trasparente-2.png\",\"contentUrl\":\"https:\/\/www.nexoinformativo.mx\/wp-content\/uploads\/2024\/07\/nexoi-trasparente-2.png\",\"width\":816,\"height\":339,\"caption\":\"Nexo Informativo Santiago de Quer\u00e9taro\"},\"image\":{\"@id\":\"https:\/\/www.nexoinformativo.mx\/#\/schema\/logo\/image\/\"},\"sameAs\":[\"https:\/\/www.facebook.com\/people\/Nexo-Informativo\/61564066885511\/\"]},{\"@type\":\"Person\",\"@id\":\"https:\/\/www.nexoinformativo.mx\/#\/schema\/person\/7749d380ba08c8ca00d7bc76fd907b7d\",\"name\":\"Nexo Informativo\",\"image\":{\"@type\":\"ImageObject\",\"inLanguage\":\"es\",\"@id\":\"https:\/\/www.nexoinformativo.mx\/#\/schema\/person\/image\/\",\"url\":\"https:\/\/secure.gravatar.com\/avatar\/dde2928154642a13d95f87ddf1ea9718fe2b46760a005c53e41ff5ad610704e6?s=96&d=mm&r=g\",\"contentUrl\":\"https:\/\/secure.gravatar.com\/avatar\/dde2928154642a13d95f87ddf1ea9718fe2b46760a005c53e41ff5ad610704e6?s=96&d=mm&r=g\",\"caption\":\"Nexo Informativo\"},\"url\":\"https:\/\/www.nexoinformativo.mx\/index.php\/author\/edicion\/\"}]}<\/script>\n<!-- \/ Yoast SEO plugin. -->","yoast_head_json":{"title":"Empoderamiento Femenino en Col\u00f3n: Mujeres se capacitan para el autoempleo | Nexo Informativo Santiago de Quer\u00e9taro","description":"Empoderamiento Femenino en Col\u00f3n: Mujeres se capacitan para el autoempleo","robots":{"index":"index","follow":"follow","max-snippet":"max-snippet:-1","max-image-preview":"max-image-preview:large","max-video-preview":"max-video-preview:-1"},"canonical":"https:\/\/www.nexoinformativo.mx\/index.php\/2024\/12\/27\/empoderamiento-femenino-en-colon-mujeres-se-capacitan-para-el-autoempleo\/","og_locale":"es_MX","og_type":"article","og_title":"Empoderamiento Femenino en Col\u00f3n: Mujeres se capacitan para el autoempleo | Nexo Informativo Santiago de Quer\u00e9taro","og_description":"Empoderamiento Femenino en Col\u00f3n: Mujeres se capacitan para el autoempleo","og_url":"https:\/\/www.nexoinformativo.mx\/index.php\/2024\/12\/27\/empoderamiento-femenino-en-colon-mujeres-se-capacitan-para-el-autoempleo\/","og_site_name":"Nexo Informativo Santiago de Quer\u00e9taro","article_publisher":"https:\/\/www.facebook.com\/people\/Nexo-Informativo\/61564066885511\/","article_published_time":"2024-12-27T19:00:51+00:00","article_modified_time":"2024-12-28T03:58:51+00:00","og_image":[{"width":800,"height":533,"url":"https:\/\/www.nexoinformativo.mx\/wp-content\/uploads\/2024\/12\/PHOTO-2024-12-27-11-15-02-e1735345929498.jpg","type":"image\/jpeg"}],"author":"Nexo Informativo","twitter_card":"summary_large_image","twitter_misc":{"Escrito por":"Nexo Informativo","Tiempo de lectura":"2 minutos"},"schema":{"@context":"https:\/\/schema.org","@graph":[{"@type":"Article","@id":"https:\/\/www.nexoinformativo.mx\/index.php\/2024\/12\/27\/empoderamiento-femenino-en-colon-mujeres-se-capacitan-para-el-autoempleo\/#article","isPartOf":{"@id":"https:\/\/www.nexoinformativo.mx\/index.php\/2024\/12\/27\/empoderamiento-femenino-en-colon-mujeres-se-capacitan-para-el-autoempleo\/"},"author":{"name":"Nexo Informativo","@id":"https:\/\/www.nexoinformativo.mx\/#\/schema\/person\/7749d380ba08c8ca00d7bc76fd907b7d"},"headline":"Empoderamiento Femenino en Col\u00f3n: Mujeres se capacitan para el autoempleo","datePublished":"2024-12-27T19:00:51+00:00","dateModified":"2024-12-28T03:58:51+00:00","mainEntityOfPage":{"@id":"https:\/\/www.nexoinformativo.mx\/index.php\/2024\/12\/27\/empoderamiento-femenino-en-colon-mujeres-se-capacitan-para-el-autoempleo\/"},"wordCount":260,"commentCount":0,"publisher":{"@id":"https:\/\/www.nexoinformativo.mx\/#organization"},"image":{"@id":"https:\/\/www.nexoinformativo.mx\/index.php\/2024\/12\/27\/empoderamiento-femenino-en-colon-mujeres-se-capacitan-para-el-autoempleo\/#primaryimage"},"thumbnailUrl":"https:\/\/www.nexoinformativo.mx\/wp-content\/uploads\/2024\/12\/PHOTO-2024-12-27-11-15-02-e1735345929498.jpg","keywords":["AutoempleoCol\u00f3n","Capacitaci\u00f3nST","EmpoderamientoFemenino","MujeresEmprendedoras"],"articleSection":["Municipios","\u00daltima Hora"],"inLanguage":"es","potentialAction":[{"@type":"CommentAction","name":"Comment","target":["https:\/\/www.nexoinformativo.mx\/index.php\/2024\/12\/27\/empoderamiento-femenino-en-colon-mujeres-se-capacitan-para-el-autoempleo\/#respond"]}]},{"@type":"WebPage","@id":"https:\/\/www.nexoinformativo.mx\/index.php\/2024\/12\/27\/empoderamiento-femenino-en-colon-mujeres-se-capacitan-para-el-autoempleo\/","url":"https:\/\/www.nexoinformativo.mx\/index.php\/2024\/12\/27\/empoderamiento-femenino-en-colon-mujeres-se-capacitan-para-el-autoempleo\/","name":"Empoderamiento Femenino en Col\u00f3n: Mujeres se capacitan para el autoempleo | Nexo Informativo Santiago de Quer\u00e9taro","isPartOf":{"@id":"https:\/\/www.nexoinformativo.mx\/#website"},"primaryImageOfPage":{"@id":"https:\/\/www.nexoinformativo.mx\/index.php\/2024\/12\/27\/empoderamiento-femenino-en-colon-mujeres-se-capacitan-para-el-autoempleo\/#primaryimage"},"image":{"@id":"https:\/\/www.nexoinformativo.mx\/index.php\/2024\/12\/27\/empoderamiento-femenino-en-colon-mujeres-se-capacitan-para-el-autoempleo\/#primaryimage"},"thumbnailUrl":"https:\/\/www.nexoinformativo.mx\/wp-content\/uploads\/2024\/12\/PHOTO-2024-12-27-11-15-02-e1735345929498.jpg","datePublished":"2024-12-27T19:00:51+00:00","dateModified":"2024-12-28T03:58:51+00:00","description":"Empoderamiento Femenino en Col\u00f3n: Mujeres se capacitan para el autoempleo","breadcrumb":{"@id":"https:\/\/www.nexoinformativo.mx\/index.php\/2024\/12\/27\/empoderamiento-femenino-en-colon-mujeres-se-capacitan-para-el-autoempleo\/#breadcrumb"},"inLanguage":"es","potentialAction":[{"@type":"ReadAction","target":["https:\/\/www.nexoinformativo.mx\/index.php\/2024\/12\/27\/empoderamiento-femenino-en-colon-mujeres-se-capacitan-para-el-autoempleo\/"]}]},{"@type":"ImageObject","inLanguage":"es","@id":"https:\/\/www.nexoinformativo.mx\/index.php\/2024\/12\/27\/empoderamiento-femenino-en-colon-mujeres-se-capacitan-para-el-autoempleo\/#primaryimage","url":"https:\/\/www.nexoinformativo.mx\/wp-content\/uploads\/2024\/12\/PHOTO-2024-12-27-11-15-02-e1735345929498.jpg","contentUrl":"https:\/\/www.nexoinformativo.mx\/wp-content\/uploads\/2024\/12\/PHOTO-2024-12-27-11-15-02-e1735345929498.jpg","width":800,"height":533},{"@type":"BreadcrumbList","@id":"https:\/\/www.nexoinformativo.mx\/index.php\/2024\/12\/27\/empoderamiento-femenino-en-colon-mujeres-se-capacitan-para-el-autoempleo\/#breadcrumb","itemListElement":[{"@type":"ListItem","position":1,"name":"Inicio","item":"https:\/\/www.nexoinformativo.mx\/"},{"@type":"ListItem","position":2,"name":"Empoderamiento Femenino en Col\u00f3n: Mujeres se capacitan para el autoempleo"}]},{"@type":"WebSite","@id":"https:\/\/www.nexoinformativo.mx\/#website","url":"https:\/\/www.nexoinformativo.mx\/","name":"Nexo Informativo Santiago de Quer\u00e9taro","description":"Explora NexoInformativo y convi\u00e9rtete en parte de una comunidad que valora el conocimiento y la verdad. Tu nexoinformativo es tu puente hacia una comprensi\u00f3n m\u00e1s profunda del mundo que te rodea.","publisher":{"@id":"https:\/\/www.nexoinformativo.mx\/#organization"},"potentialAction":[{"@type":"SearchAction","target":{"@type":"EntryPoint","urlTemplate":"https:\/\/www.nexoinformativo.mx\/?s={search_term_string}"},"query-input":{"@type":"PropertyValueSpecification","valueRequired":true,"valueName":"search_term_string"}}],"inLanguage":"es"},{"@type":"Organization","@id":"https:\/\/www.nexoinformativo.mx\/#organization","name":"Nexo Informativo Santiago de Quer\u00e9taro","url":"https:\/\/www.nexoinformativo.mx\/","logo":{"@type":"ImageObject","inLanguage":"es","@id":"https:\/\/www.nexoinformativo.mx\/#\/schema\/logo\/image\/","url":"https:\/\/www.nexoinformativo.mx\/wp-content\/uploads\/2024\/07\/nexoi-trasparente-2.png","contentUrl":"https:\/\/www.nexoinformativo.mx\/wp-content\/uploads\/2024\/07\/nexoi-trasparente-2.png","width":816,"height":339,"caption":"Nexo Informativo Santiago de Quer\u00e9taro"},"image":{"@id":"https:\/\/www.nexoinformativo.mx\/#\/schema\/logo\/image\/"},"sameAs":["https:\/\/www.facebook.com\/people\/Nexo-Informativo\/61564066885511\/"]},{"@type":"Person","@id":"https:\/\/www.nexoinformativo.mx\/#\/schema\/person\/7749d380ba08c8ca00d7bc76fd907b7d","name":"Nexo Informativo","image":{"@type":"ImageObject","inLanguage":"es","@id":"https:\/\/www.nexoinformativo.mx\/#\/schema\/person\/image\/","url":"https:\/\/secure.gravatar.com\/avatar\/dde2928154642a13d95f87ddf1ea9718fe2b46760a005c53e41ff5ad610704e6?s=96&d=mm&r=g","contentUrl":"https:\/\/secure.gravatar.com\/avatar\/dde2928154642a13d95f87ddf1ea9718fe2b46760a005c53e41ff5ad610704e6?s=96&d=mm&r=g","caption":"Nexo Informativo"},"url":"https:\/\/www.nexoinformativo.mx\/index.php\/author\/edicion\/"}]}},"_links":{"self":[{"href":"https:\/\/www.nexoinformativo.mx\/index.php\/wp-json\/wp\/v2\/posts\/8896","targetHints":{"allow":["GET"]}}],"collection":[{"href":"https:\/\/www.nexoinformativo.mx\/index.php\/wp-json\/wp\/v2\/posts"}],"about":[{"href":"https:\/\/www.nexoinformativo.mx\/index.php\/wp-json\/wp\/v2\/types\/post"}],"author":[{"embeddable":true,"href":"https:\/\/www.nexoinformativo.mx\/index.php\/wp-json\/wp\/v2\/users\/3"}],"replies":[{"embeddable":true,"href":"https:\/\/www.nexoinformativo.mx\/index.php\/wp-json\/wp\/v2\/comments?post=8896"}],"version-history":[{"count":3,"href":"https:\/\/www.nexoinformativo.mx\/index.php\/wp-json\/wp\/v2\/posts\/8896\/revisions"}],"predecessor-version":[{"id":8916,"href":"https:\/\/www.nexoinformativo.mx\/index.php\/wp-json\/wp\/v2\/posts\/8896\/revisions\/8916"}],"wp:featuredmedia":[{"embeddable":true,"href":"https:\/\/www.nexoinformativo.mx\/index.php\/wp-json\/wp\/v2\/media\/8897"}],"wp:attachment":[{"href":"https:\/\/www.nexoinformativo.mx\/index.php\/wp-json\/wp\/v2\/media?parent=8896"}],"wp:term":[{"taxonomy":"category","embeddable":true,"href":"https:\/\/www.nexoinformativo.mx\/index.php\/wp-json\/wp\/v2\/categories?post=8896"},{"taxonomy":"post_tag","embeddable":true,"href":"https:\/\/www.nexoinformativo.mx\/index.php\/wp-json\/wp\/v2\/tags?post=8896"}],"curies":[{"name":"wp","href":"https:\/\/api.w.org\/{rel}","templated":true}]}}