{"id":8906,"date":"2024-12-27T16:00:07","date_gmt":"2024-12-27T22:00:07","guid":{"rendered":"https:\/\/www.nexoinformativo.mx\/?p=8906"},"modified":"2024-12-27T22:46:31","modified_gmt":"2024-12-28T04:46:31","slug":"detenido-por-maltrato-animal-en-san-juan-del-rio-hombre-prendio-fuego-a-un-gato","status":"publish","type":"post","link":"https:\/\/www.nexoinformativo.mx\/index.php\/2024\/12\/27\/detenido-por-maltrato-animal-en-san-juan-del-rio-hombre-prendio-fuego-a-un-gato\/","title":{"rendered":"Detenido por maltrato animal en San Juan del R\u00edo: Hombre prendi\u00f3 fuego a un gato"},"content":{"rendered":"<p style=\"text-align: justify;\">Un hombre fue detenido en San Juan del R\u00edo tras ser se\u00f1alado como responsable de un acto de maltrato animal en la colonia Ju\u00e1rez. La intervenci\u00f3n de las autoridades se dio gracias a una denuncia ciudadana recibida a trav\u00e9s del n\u00famero de emergencias 9-1-1, que alert\u00f3 sobre un incendio en una zona de pastizales y drenes, ubicada junto a la avenida Central.<\/p>\n<p>&nbsp;<\/p>\n<p style=\"text-align: justify;\">De acuerdo con los testigos, el fuego fue provocado intencionalmente por un hombre en situaci\u00f3n de calle, quien ten\u00eda la intenci\u00f3n de da\u00f1ar a un gato que se encontraba en el \u00e1rea.<\/p>\n<p>&nbsp;<\/p>\n<p style=\"text-align: justify;\">Al lugar, acudieron cuerpos de emergencia que lograron sofocar las llamas y evitar que el incendio se expandiera. Lamentablemente, el felino fue trasladado por personal del \u00e1rea de Protecci\u00f3n Animal para recibir atenci\u00f3n m\u00e9dica, pero debido a la gravedad de sus lesiones, no logr\u00f3 sobrevivir.<\/p>\n<p>&nbsp;<\/p>\n<p style=\"text-align: justify;\">La Polic\u00eda Municipal detuvo al presunto responsable, un hombre de 30 a\u00f1os, quien fue puesto a disposici\u00f3n de la Fiscal\u00eda General del Estado. Las autoridades investigar\u00e1n su probable responsabilidad en el delito de maltrato animal, que est\u00e1 penalizado por la ley.<\/p>\n<p>&nbsp;<\/p>\n<p style=\"text-align: justify;\">Este caso resalta la importancia de denunciar actos de violencia hacia los animales y la necesidad de proteger a nuestras mascotas y fauna urbana.<\/p>\n<p>&nbsp;<\/p>\n<p style=\"text-align: center;\">\u00a1Informaci\u00f3n que transforma!<\/p>\n","protected":false},"excerpt":{"rendered":"<p>Un hombre fue detenido en San Juan del R\u00edo tras ser se\u00f1alado como responsable de un acto de maltrato animal en la colonia Ju\u00e1rez. La intervenci\u00f3n de las autoridades se dio gracias a una denuncia ciudadana recibida a trav\u00e9s del n\u00famero de emergencias 9-1-1, que alert\u00f3 sobre un incendio en una zona de pastizales y drenes, ubicada junto a la avenida Central.<\/p>\n","protected":false},"author":3,"featured_media":8907,"comment_status":"open","ping_status":"open","sticky":false,"template":"","format":"standard","meta":{"footnotes":""},"categories":[137,58],"tags":[2423,2424,401,382],"class_list":["post-8906","post","type-post","status-publish","format-standard","has-post-thumbnail","hentry","category-sucesos","category-ultima-hora","tag-justiciaanimal","tag-maltratoanimal","tag-proteccionanimal","tag-sanjuandelrio"],"yoast_head":"<!-- This site is optimized with the Yoast SEO plugin v25.0 - https:\/\/yoast.com\/wordpress\/plugins\/seo\/ -->\n<title>Detenido por maltrato animal en San Juan del R\u00edo: Hombre prendi\u00f3 fuego a un gato | Nexo Informativo Santiago de Quer\u00e9taro<\/title>\n<meta name=\"description\" content=\"Detenido por maltrato animal en San Juan del R\u00edo: Hombre prendi\u00f3 fuego a un gato\" \/>\n<meta name=\"robots\" content=\"index, follow, max-snippet:-1, max-image-preview:large, max-video-preview:-1\" \/>\n<link rel=\"canonical\" href=\"https:\/\/www.nexoinformativo.mx\/index.php\/2024\/12\/27\/detenido-por-maltrato-animal-en-san-juan-del-rio-hombre-prendio-fuego-a-un-gato\/\" \/>\n<meta property=\"og:locale\" content=\"es_MX\" \/>\n<meta property=\"og:type\" content=\"article\" \/>\n<meta property=\"og:title\" content=\"Detenido por maltrato animal en San Juan del R\u00edo: Hombre prendi\u00f3 fuego a un gato | Nexo Informativo Santiago de Quer\u00e9taro\" \/>\n<meta property=\"og:description\" content=\"Detenido por maltrato animal en San Juan del R\u00edo: Hombre prendi\u00f3 fuego a un gato\" \/>\n<meta property=\"og:url\" content=\"https:\/\/www.nexoinformativo.mx\/index.php\/2024\/12\/27\/detenido-por-maltrato-animal-en-san-juan-del-rio-hombre-prendio-fuego-a-un-gato\/\" \/>\n<meta property=\"og:site_name\" content=\"Nexo Informativo Santiago de Quer\u00e9taro\" \/>\n<meta property=\"article:publisher\" content=\"https:\/\/www.facebook.com\/people\/Nexo-Informativo\/61564066885511\/\" \/>\n<meta property=\"article:published_time\" content=\"2024-12-27T22:00:07+00:00\" \/>\n<meta property=\"article:modified_time\" content=\"2024-12-28T04:46:31+00:00\" \/>\n<meta property=\"og:image\" content=\"https:\/\/www.nexoinformativo.mx\/wp-content\/uploads\/2024\/12\/PHOTO-2024-12-27-10-50-55-e1735347449734.jpg\" \/>\n\t<meta property=\"og:image:width\" content=\"800\" \/>\n\t<meta property=\"og:image:height\" content=\"671\" \/>\n\t<meta property=\"og:image:type\" content=\"image\/jpeg\" \/>\n<meta name=\"author\" content=\"Nexo Informativo\" \/>\n<meta name=\"twitter:card\" content=\"summary_large_image\" \/>\n<meta name=\"twitter:label1\" content=\"Escrito por\" \/>\n\t<meta name=\"twitter:data1\" content=\"Nexo Informativo\" \/>\n\t<meta name=\"twitter:label2\" content=\"Tiempo de lectura\" \/>\n\t<meta name=\"twitter:data2\" content=\"2 minutos\" \/>\n<script type=\"application\/ld+json\" class=\"yoast-schema-graph\">{\"@context\":\"https:\/\/schema.org\",\"@graph\":[{\"@type\":\"Article\",\"@id\":\"https:\/\/www.nexoinformativo.mx\/index.php\/2024\/12\/27\/detenido-por-maltrato-animal-en-san-juan-del-rio-hombre-prendio-fuego-a-un-gato\/#article\",\"isPartOf\":{\"@id\":\"https:\/\/www.nexoinformativo.mx\/index.php\/2024\/12\/27\/detenido-por-maltrato-animal-en-san-juan-del-rio-hombre-prendio-fuego-a-un-gato\/\"},\"author\":{\"name\":\"Nexo Informativo\",\"@id\":\"https:\/\/www.nexoinformativo.mx\/#\/schema\/person\/7749d380ba08c8ca00d7bc76fd907b7d\"},\"headline\":\"Detenido por maltrato animal en San Juan del R\u00edo: Hombre prendi\u00f3 fuego a un gato\",\"datePublished\":\"2024-12-27T22:00:07+00:00\",\"dateModified\":\"2024-12-28T04:46:31+00:00\",\"mainEntityOfPage\":{\"@id\":\"https:\/\/www.nexoinformativo.mx\/index.php\/2024\/12\/27\/detenido-por-maltrato-animal-en-san-juan-del-rio-hombre-prendio-fuego-a-un-gato\/\"},\"wordCount\":247,\"commentCount\":0,\"publisher\":{\"@id\":\"https:\/\/www.nexoinformativo.mx\/#organization\"},\"image\":{\"@id\":\"https:\/\/www.nexoinformativo.mx\/index.php\/2024\/12\/27\/detenido-por-maltrato-animal-en-san-juan-del-rio-hombre-prendio-fuego-a-un-gato\/#primaryimage\"},\"thumbnailUrl\":\"https:\/\/www.nexoinformativo.mx\/wp-content\/uploads\/2024\/12\/PHOTO-2024-12-27-10-50-55-e1735347449734.jpg\",\"keywords\":[\"JusticiaAnimal\",\"MaltratoAnimal\",\"Protecci\u00f3nAnimal\",\"SanJuanDelR\u00edo\"],\"articleSection\":[\"Sucesos\",\"\u00daltima Hora\"],\"inLanguage\":\"es\",\"potentialAction\":[{\"@type\":\"CommentAction\",\"name\":\"Comment\",\"target\":[\"https:\/\/www.nexoinformativo.mx\/index.php\/2024\/12\/27\/detenido-por-maltrato-animal-en-san-juan-del-rio-hombre-prendio-fuego-a-un-gato\/#respond\"]}]},{\"@type\":\"WebPage\",\"@id\":\"https:\/\/www.nexoinformativo.mx\/index.php\/2024\/12\/27\/detenido-por-maltrato-animal-en-san-juan-del-rio-hombre-prendio-fuego-a-un-gato\/\",\"url\":\"https:\/\/www.nexoinformativo.mx\/index.php\/2024\/12\/27\/detenido-por-maltrato-animal-en-san-juan-del-rio-hombre-prendio-fuego-a-un-gato\/\",\"name\":\"Detenido por maltrato animal en San Juan del R\u00edo: Hombre prendi\u00f3 fuego a un gato | Nexo Informativo Santiago de Quer\u00e9taro\",\"isPartOf\":{\"@id\":\"https:\/\/www.nexoinformativo.mx\/#website\"},\"primaryImageOfPage\":{\"@id\":\"https:\/\/www.nexoinformativo.mx\/index.php\/2024\/12\/27\/detenido-por-maltrato-animal-en-san-juan-del-rio-hombre-prendio-fuego-a-un-gato\/#primaryimage\"},\"image\":{\"@id\":\"https:\/\/www.nexoinformativo.mx\/index.php\/2024\/12\/27\/detenido-por-maltrato-animal-en-san-juan-del-rio-hombre-prendio-fuego-a-un-gato\/#primaryimage\"},\"thumbnailUrl\":\"https:\/\/www.nexoinformativo.mx\/wp-content\/uploads\/2024\/12\/PHOTO-2024-12-27-10-50-55-e1735347449734.jpg\",\"datePublished\":\"2024-12-27T22:00:07+00:00\",\"dateModified\":\"2024-12-28T04:46:31+00:00\",\"description\":\"Detenido por maltrato animal en San Juan del R\u00edo: Hombre prendi\u00f3 fuego a un gato\",\"breadcrumb\":{\"@id\":\"https:\/\/www.nexoinformativo.mx\/index.php\/2024\/12\/27\/detenido-por-maltrato-animal-en-san-juan-del-rio-hombre-prendio-fuego-a-un-gato\/#breadcrumb\"},\"inLanguage\":\"es\",\"potentialAction\":[{\"@type\":\"ReadAction\",\"target\":[\"https:\/\/www.nexoinformativo.mx\/index.php\/2024\/12\/27\/detenido-por-maltrato-animal-en-san-juan-del-rio-hombre-prendio-fuego-a-un-gato\/\"]}]},{\"@type\":\"ImageObject\",\"inLanguage\":\"es\",\"@id\":\"https:\/\/www.nexoinformativo.mx\/index.php\/2024\/12\/27\/detenido-por-maltrato-animal-en-san-juan-del-rio-hombre-prendio-fuego-a-un-gato\/#primaryimage\",\"url\":\"https:\/\/www.nexoinformativo.mx\/wp-content\/uploads\/2024\/12\/PHOTO-2024-12-27-10-50-55-e1735347449734.jpg\",\"contentUrl\":\"https:\/\/www.nexoinformativo.mx\/wp-content\/uploads\/2024\/12\/PHOTO-2024-12-27-10-50-55-e1735347449734.jpg\",\"width\":800,\"height\":671},{\"@type\":\"BreadcrumbList\",\"@id\":\"https:\/\/www.nexoinformativo.mx\/index.php\/2024\/12\/27\/detenido-por-maltrato-animal-en-san-juan-del-rio-hombre-prendio-fuego-a-un-gato\/#breadcrumb\",\"itemListElement\":[{\"@type\":\"ListItem\",\"position\":1,\"name\":\"Inicio\",\"item\":\"https:\/\/www.nexoinformativo.mx\/\"},{\"@type\":\"ListItem\",\"position\":2,\"name\":\"Detenido por maltrato animal en San Juan del R\u00edo: Hombre prendi\u00f3 fuego a un gato\"}]},{\"@type\":\"WebSite\",\"@id\":\"https:\/\/www.nexoinformativo.mx\/#website\",\"url\":\"https:\/\/www.nexoinformativo.mx\/\",\"name\":\"Nexo Informativo Santiago de Quer\u00e9taro\",\"description\":\"Explora NexoInformativo y convi\u00e9rtete en parte de una comunidad que valora el conocimiento y la verdad. Tu nexoinformativo es tu puente hacia una comprensi\u00f3n m\u00e1s profunda del mundo que te rodea.\",\"publisher\":{\"@id\":\"https:\/\/www.nexoinformativo.mx\/#organization\"},\"potentialAction\":[{\"@type\":\"SearchAction\",\"target\":{\"@type\":\"EntryPoint\",\"urlTemplate\":\"https:\/\/www.nexoinformativo.mx\/?s={search_term_string}\"},\"query-input\":{\"@type\":\"PropertyValueSpecification\",\"valueRequired\":true,\"valueName\":\"search_term_string\"}}],\"inLanguage\":\"es\"},{\"@type\":\"Organization\",\"@id\":\"https:\/\/www.nexoinformativo.mx\/#organization\",\"name\":\"Nexo Informativo Santiago de Quer\u00e9taro\",\"url\":\"https:\/\/www.nexoinformativo.mx\/\",\"logo\":{\"@type\":\"ImageObject\",\"inLanguage\":\"es\",\"@id\":\"https:\/\/www.nexoinformativo.mx\/#\/schema\/logo\/image\/\",\"url\":\"https:\/\/www.nexoinformativo.mx\/wp-content\/uploads\/2024\/07\/nexoi-trasparente-2.png\",\"contentUrl\":\"https:\/\/www.nexoinformativo.mx\/wp-content\/uploads\/2024\/07\/nexoi-trasparente-2.png\",\"width\":816,\"height\":339,\"caption\":\"Nexo Informativo Santiago de Quer\u00e9taro\"},\"image\":{\"@id\":\"https:\/\/www.nexoinformativo.mx\/#\/schema\/logo\/image\/\"},\"sameAs\":[\"https:\/\/www.facebook.com\/people\/Nexo-Informativo\/61564066885511\/\"]},{\"@type\":\"Person\",\"@id\":\"https:\/\/www.nexoinformativo.mx\/#\/schema\/person\/7749d380ba08c8ca00d7bc76fd907b7d\",\"name\":\"Nexo Informativo\",\"image\":{\"@type\":\"ImageObject\",\"inLanguage\":\"es\",\"@id\":\"https:\/\/www.nexoinformativo.mx\/#\/schema\/person\/image\/\",\"url\":\"https:\/\/secure.gravatar.com\/avatar\/dde2928154642a13d95f87ddf1ea9718fe2b46760a005c53e41ff5ad610704e6?s=96&d=mm&r=g\",\"contentUrl\":\"https:\/\/secure.gravatar.com\/avatar\/dde2928154642a13d95f87ddf1ea9718fe2b46760a005c53e41ff5ad610704e6?s=96&d=mm&r=g\",\"caption\":\"Nexo Informativo\"},\"url\":\"https:\/\/www.nexoinformativo.mx\/index.php\/author\/edicion\/\"}]}<\/script>\n<!-- \/ Yoast SEO plugin. -->","yoast_head_json":{"title":"Detenido por maltrato animal en San Juan del R\u00edo: Hombre prendi\u00f3 fuego a un gato | Nexo Informativo Santiago de Quer\u00e9taro","description":"Detenido por maltrato animal en San Juan del R\u00edo: Hombre prendi\u00f3 fuego a un gato","robots":{"index":"index","follow":"follow","max-snippet":"max-snippet:-1","max-image-preview":"max-image-preview:large","max-video-preview":"max-video-preview:-1"},"canonical":"https:\/\/www.nexoinformativo.mx\/index.php\/2024\/12\/27\/detenido-por-maltrato-animal-en-san-juan-del-rio-hombre-prendio-fuego-a-un-gato\/","og_locale":"es_MX","og_type":"article","og_title":"Detenido por maltrato animal en San Juan del R\u00edo: Hombre prendi\u00f3 fuego a un gato | Nexo Informativo Santiago de Quer\u00e9taro","og_description":"Detenido por maltrato animal en San Juan del R\u00edo: Hombre prendi\u00f3 fuego a un gato","og_url":"https:\/\/www.nexoinformativo.mx\/index.php\/2024\/12\/27\/detenido-por-maltrato-animal-en-san-juan-del-rio-hombre-prendio-fuego-a-un-gato\/","og_site_name":"Nexo Informativo Santiago de Quer\u00e9taro","article_publisher":"https:\/\/www.facebook.com\/people\/Nexo-Informativo\/61564066885511\/","article_published_time":"2024-12-27T22:00:07+00:00","article_modified_time":"2024-12-28T04:46:31+00:00","og_image":[{"width":800,"height":671,"url":"https:\/\/www.nexoinformativo.mx\/wp-content\/uploads\/2024\/12\/PHOTO-2024-12-27-10-50-55-e1735347449734.jpg","type":"image\/jpeg"}],"author":"Nexo Informativo","twitter_card":"summary_large_image","twitter_misc":{"Escrito por":"Nexo Informativo","Tiempo de lectura":"2 minutos"},"schema":{"@context":"https:\/\/schema.org","@graph":[{"@type":"Article","@id":"https:\/\/www.nexoinformativo.mx\/index.php\/2024\/12\/27\/detenido-por-maltrato-animal-en-san-juan-del-rio-hombre-prendio-fuego-a-un-gato\/#article","isPartOf":{"@id":"https:\/\/www.nexoinformativo.mx\/index.php\/2024\/12\/27\/detenido-por-maltrato-animal-en-san-juan-del-rio-hombre-prendio-fuego-a-un-gato\/"},"author":{"name":"Nexo Informativo","@id":"https:\/\/www.nexoinformativo.mx\/#\/schema\/person\/7749d380ba08c8ca00d7bc76fd907b7d"},"headline":"Detenido por maltrato animal en San Juan del R\u00edo: Hombre prendi\u00f3 fuego a un gato","datePublished":"2024-12-27T22:00:07+00:00","dateModified":"2024-12-28T04:46:31+00:00","mainEntityOfPage":{"@id":"https:\/\/www.nexoinformativo.mx\/index.php\/2024\/12\/27\/detenido-por-maltrato-animal-en-san-juan-del-rio-hombre-prendio-fuego-a-un-gato\/"},"wordCount":247,"commentCount":0,"publisher":{"@id":"https:\/\/www.nexoinformativo.mx\/#organization"},"image":{"@id":"https:\/\/www.nexoinformativo.mx\/index.php\/2024\/12\/27\/detenido-por-maltrato-animal-en-san-juan-del-rio-hombre-prendio-fuego-a-un-gato\/#primaryimage"},"thumbnailUrl":"https:\/\/www.nexoinformativo.mx\/wp-content\/uploads\/2024\/12\/PHOTO-2024-12-27-10-50-55-e1735347449734.jpg","keywords":["JusticiaAnimal","MaltratoAnimal","Protecci\u00f3nAnimal","SanJuanDelR\u00edo"],"articleSection":["Sucesos","\u00daltima Hora"],"inLanguage":"es","potentialAction":[{"@type":"CommentAction","name":"Comment","target":["https:\/\/www.nexoinformativo.mx\/index.php\/2024\/12\/27\/detenido-por-maltrato-animal-en-san-juan-del-rio-hombre-prendio-fuego-a-un-gato\/#respond"]}]},{"@type":"WebPage","@id":"https:\/\/www.nexoinformativo.mx\/index.php\/2024\/12\/27\/detenido-por-maltrato-animal-en-san-juan-del-rio-hombre-prendio-fuego-a-un-gato\/","url":"https:\/\/www.nexoinformativo.mx\/index.php\/2024\/12\/27\/detenido-por-maltrato-animal-en-san-juan-del-rio-hombre-prendio-fuego-a-un-gato\/","name":"Detenido por maltrato animal en San Juan del R\u00edo: Hombre prendi\u00f3 fuego a un gato | Nexo Informativo Santiago de Quer\u00e9taro","isPartOf":{"@id":"https:\/\/www.nexoinformativo.mx\/#website"},"primaryImageOfPage":{"@id":"https:\/\/www.nexoinformativo.mx\/index.php\/2024\/12\/27\/detenido-por-maltrato-animal-en-san-juan-del-rio-hombre-prendio-fuego-a-un-gato\/#primaryimage"},"image":{"@id":"https:\/\/www.nexoinformativo.mx\/index.php\/2024\/12\/27\/detenido-por-maltrato-animal-en-san-juan-del-rio-hombre-prendio-fuego-a-un-gato\/#primaryimage"},"thumbnailUrl":"https:\/\/www.nexoinformativo.mx\/wp-content\/uploads\/2024\/12\/PHOTO-2024-12-27-10-50-55-e1735347449734.jpg","datePublished":"2024-12-27T22:00:07+00:00","dateModified":"2024-12-28T04:46:31+00:00","description":"Detenido por maltrato animal en San Juan del R\u00edo: Hombre prendi\u00f3 fuego a un gato","breadcrumb":{"@id":"https:\/\/www.nexoinformativo.mx\/index.php\/2024\/12\/27\/detenido-por-maltrato-animal-en-san-juan-del-rio-hombre-prendio-fuego-a-un-gato\/#breadcrumb"},"inLanguage":"es","potentialAction":[{"@type":"ReadAction","target":["https:\/\/www.nexoinformativo.mx\/index.php\/2024\/12\/27\/detenido-por-maltrato-animal-en-san-juan-del-rio-hombre-prendio-fuego-a-un-gato\/"]}]},{"@type":"ImageObject","inLanguage":"es","@id":"https:\/\/www.nexoinformativo.mx\/index.php\/2024\/12\/27\/detenido-por-maltrato-animal-en-san-juan-del-rio-hombre-prendio-fuego-a-un-gato\/#primaryimage","url":"https:\/\/www.nexoinformativo.mx\/wp-content\/uploads\/2024\/12\/PHOTO-2024-12-27-10-50-55-e1735347449734.jpg","contentUrl":"https:\/\/www.nexoinformativo.mx\/wp-content\/uploads\/2024\/12\/PHOTO-2024-12-27-10-50-55-e1735347449734.jpg","width":800,"height":671},{"@type":"BreadcrumbList","@id":"https:\/\/www.nexoinformativo.mx\/index.php\/2024\/12\/27\/detenido-por-maltrato-animal-en-san-juan-del-rio-hombre-prendio-fuego-a-un-gato\/#breadcrumb","itemListElement":[{"@type":"ListItem","position":1,"name":"Inicio","item":"https:\/\/www.nexoinformativo.mx\/"},{"@type":"ListItem","position":2,"name":"Detenido por maltrato animal en San Juan del R\u00edo: Hombre prendi\u00f3 fuego a un gato"}]},{"@type":"WebSite","@id":"https:\/\/www.nexoinformativo.mx\/#website","url":"https:\/\/www.nexoinformativo.mx\/","name":"Nexo Informativo Santiago de Quer\u00e9taro","description":"Explora NexoInformativo y convi\u00e9rtete en parte de una comunidad que valora el conocimiento y la verdad. Tu nexoinformativo es tu puente hacia una comprensi\u00f3n m\u00e1s profunda del mundo que te rodea.","publisher":{"@id":"https:\/\/www.nexoinformativo.mx\/#organization"},"potentialAction":[{"@type":"SearchAction","target":{"@type":"EntryPoint","urlTemplate":"https:\/\/www.nexoinformativo.mx\/?s={search_term_string}"},"query-input":{"@type":"PropertyValueSpecification","valueRequired":true,"valueName":"search_term_string"}}],"inLanguage":"es"},{"@type":"Organization","@id":"https:\/\/www.nexoinformativo.mx\/#organization","name":"Nexo Informativo Santiago de Quer\u00e9taro","url":"https:\/\/www.nexoinformativo.mx\/","logo":{"@type":"ImageObject","inLanguage":"es","@id":"https:\/\/www.nexoinformativo.mx\/#\/schema\/logo\/image\/","url":"https:\/\/www.nexoinformativo.mx\/wp-content\/uploads\/2024\/07\/nexoi-trasparente-2.png","contentUrl":"https:\/\/www.nexoinformativo.mx\/wp-content\/uploads\/2024\/07\/nexoi-trasparente-2.png","width":816,"height":339,"caption":"Nexo Informativo Santiago de Quer\u00e9taro"},"image":{"@id":"https:\/\/www.nexoinformativo.mx\/#\/schema\/logo\/image\/"},"sameAs":["https:\/\/www.facebook.com\/people\/Nexo-Informativo\/61564066885511\/"]},{"@type":"Person","@id":"https:\/\/www.nexoinformativo.mx\/#\/schema\/person\/7749d380ba08c8ca00d7bc76fd907b7d","name":"Nexo Informativo","image":{"@type":"ImageObject","inLanguage":"es","@id":"https:\/\/www.nexoinformativo.mx\/#\/schema\/person\/image\/","url":"https:\/\/secure.gravatar.com\/avatar\/dde2928154642a13d95f87ddf1ea9718fe2b46760a005c53e41ff5ad610704e6?s=96&d=mm&r=g","contentUrl":"https:\/\/secure.gravatar.com\/avatar\/dde2928154642a13d95f87ddf1ea9718fe2b46760a005c53e41ff5ad610704e6?s=96&d=mm&r=g","caption":"Nexo Informativo"},"url":"https:\/\/www.nexoinformativo.mx\/index.php\/author\/edicion\/"}]}},"_links":{"self":[{"href":"https:\/\/www.nexoinformativo.mx\/index.php\/wp-json\/wp\/v2\/posts\/8906","targetHints":{"allow":["GET"]}}],"collection":[{"href":"https:\/\/www.nexoinformativo.mx\/index.php\/wp-json\/wp\/v2\/posts"}],"about":[{"href":"https:\/\/www.nexoinformativo.mx\/index.php\/wp-json\/wp\/v2\/types\/post"}],"author":[{"embeddable":true,"href":"https:\/\/www.nexoinformativo.mx\/index.php\/wp-json\/wp\/v2\/users\/3"}],"replies":[{"embeddable":true,"href":"https:\/\/www.nexoinformativo.mx\/index.php\/wp-json\/wp\/v2\/comments?post=8906"}],"version-history":[{"count":3,"href":"https:\/\/www.nexoinformativo.mx\/index.php\/wp-json\/wp\/v2\/posts\/8906\/revisions"}],"predecessor-version":[{"id":8922,"href":"https:\/\/www.nexoinformativo.mx\/index.php\/wp-json\/wp\/v2\/posts\/8906\/revisions\/8922"}],"wp:featuredmedia":[{"embeddable":true,"href":"https:\/\/www.nexoinformativo.mx\/index.php\/wp-json\/wp\/v2\/media\/8907"}],"wp:attachment":[{"href":"https:\/\/www.nexoinformativo.mx\/index.php\/wp-json\/wp\/v2\/media?parent=8906"}],"wp:term":[{"taxonomy":"category","embeddable":true,"href":"https:\/\/www.nexoinformativo.mx\/index.php\/wp-json\/wp\/v2\/categories?post=8906"},{"taxonomy":"post_tag","embeddable":true,"href":"https:\/\/www.nexoinformativo.mx\/index.php\/wp-json\/wp\/v2\/tags?post=8906"}],"curies":[{"name":"wp","href":"https:\/\/api.w.org\/{rel}","templated":true}]}}