{"id":893,"date":"2024-08-26T10:00:00","date_gmt":"2024-08-26T16:00:00","guid":{"rendered":"https:\/\/www.nexoinformativo.mx\/?p=893"},"modified":"2024-08-27T19:35:43","modified_gmt":"2024-08-28T01:35:43","slug":"gobierno-del-estado-invierte-93-mdp-en-transporte-escolar-gratuito-para-mas-de-10-mil-estudiantes","status":"publish","type":"post","link":"https:\/\/www.nexoinformativo.mx\/index.php\/2024\/08\/26\/gobierno-del-estado-invierte-93-mdp-en-transporte-escolar-gratuito-para-mas-de-10-mil-estudiantes\/","title":{"rendered":"Gobierno del Estado invierte 93 MDP en transporte escolar gratuito para m\u00e1s de 10 Mil Estudiantes"},"content":{"rendered":"\r\n<p style=\"text-align: justify;\">La Secretar\u00eda de Desarrollo Social del Estado, encabezada por Diana P\u00e9rez, anunci\u00f3 una inversi\u00f3n de 93 millones de pesos en el transporte escolar gratuito para el nuevo ciclo escolar.<\/p>\r\n<p class=\"justificado\" style=\"margin-top: var(--wp--preset--spacing--10); margin-bottom: var(--wp--preset--spacing--10);\">Este programa, que opera con 140 unidades, est\u00e1 dise\u00f1ado para aliviar la carga econ\u00f3mica de las familias y asegurar que miles de estudiantes puedan asistir a la escuela sin preocupaciones.<\/p>\r\n\r\n\r\n\r\n<p class=\"justificado\" style=\"margin-top: var(--wp--preset--spacing--10); margin-bottom: var(--wp--preset--spacing--10);\"><strong>Impacto del Programa de Transporte Escolar<\/strong><\/p>\r\n\r\n\r\n\r\n<p style=\"text-align: justify;\">Con esta inversi\u00f3n, <strong>10,608 alumnos de 866 comunidades<\/strong> ser\u00e1n beneficiados, quienes podr\u00e1n acceder al transporte escolar sin costo alguno. El programa cubre <strong>864 rutas<\/strong> y alcanza a <strong>283 planteles educativos<\/strong> en todo el estado, garantizando que los estudiantes lleguen a sus escuelas de manera segura y puntual.<\/p>\r\n<p class=\"justificado\" style=\"margin-top: var(--wp--preset--spacing--10); margin-bottom: var(--wp--preset--spacing--10);\">\r\n\r\n<\/p>\r\n<p class=\"justificado\" style=\"margin-top: var(--wp--preset--spacing--10); margin-bottom: var(--wp--preset--spacing--10);\"><strong>Ahorro Significativo para las Familias<\/strong><\/p>\r\n<p class=\"justificado\" style=\"margin-top: var(--wp--preset--spacing--10); margin-bottom: var(--wp--preset--spacing--10);\">\r\n\r\n<\/p>\r\n<p style=\"text-align: justify;\">Una de las principales ventajas de este servicio es el ahorro econ\u00f3mico que representa para las familias. Al ofrecer transporte gratuito, cada familia se ahorra aproximadamente <strong>1,500 pesos mensuales<\/strong>, lo que significa un gran alivio financiero, especialmente en comunidades donde los costos de transporte pueden ser elevados.<\/p>\r\n<p class=\"justificado\" style=\"margin-top: var(--wp--preset--spacing--10); margin-bottom: var(--wp--preset--spacing--10);\">\r\n\r\n<\/p>\r\n<p class=\"justificado\" style=\"margin-top: var(--wp--preset--spacing--10); margin-bottom: var(--wp--preset--spacing--10);\"><strong>Compromiso con la Educaci\u00f3n<\/strong><\/p>\r\n<p class=\"justificado\" style=\"margin-top: var(--wp--preset--spacing--10); margin-bottom: var(--wp--preset--spacing--10);\">\r\n\r\n<\/p>\r\n<p style=\"text-align: justify;\">Diana P\u00e9rez destac\u00f3 que este esfuerzo es parte del compromiso del Gobierno del Estado de garantizar el acceso a la educaci\u00f3n para todos los estudiantes, independientemente de su ubicaci\u00f3n geogr\u00e1fica. La continuidad de este programa refuerza el apoyo a las familias y promueve la equidad educativa.<\/p>\r\n<p class=\"justificado\" style=\"margin-top: var(--wp--preset--spacing--10); margin-bottom: var(--wp--preset--spacing--10);\">\r\n\r\n<\/p>\r\n<p class=\"justificado\" style=\"margin-top: var(--wp--preset--spacing--10); margin-bottom: var(--wp--preset--spacing--10);\"><strong>Mantente Informado<\/strong><\/p>\r\n<p class=\"justificado\" style=\"margin-top: var(--wp--preset--spacing--10); margin-bottom: var(--wp--preset--spacing--10);\">\r\n\r\n<\/p>\r\n<p style=\"text-align: justify;\">Para m\u00e1s detalles sobre el programa de transporte escolar gratuito, as\u00ed como otras iniciativas de apoyo social, puedes visitar la p\u00e1gina oficial del Gobierno del Estado o seguir sus redes sociales.<\/p>\r\n<p>&nbsp;<\/p>\r\n<p class=\"justificado\" style=\"margin-top: var(--wp--preset--spacing--10); margin-bottom: var(--wp--preset--spacing--10);\">\r\n\r\n<\/p>\r\n<figure class=\"wp-block-image size-large\"><img loading=\"lazy\" decoding=\"async\" width=\"768\" height=\"1024\" class=\"wp-image-895\" src=\"https:\/\/www.nexoinformativo.mx\/wp-content\/uploads\/2024\/08\/IMG-20240826-WA0014-768x1024.jpg\" alt=\"\" srcset=\"https:\/\/www.nexoinformativo.mx\/wp-content\/uploads\/2024\/08\/IMG-20240826-WA0014-768x1024.jpg 768w, https:\/\/www.nexoinformativo.mx\/wp-content\/uploads\/2024\/08\/IMG-20240826-WA0014-225x300.jpg 225w, https:\/\/www.nexoinformativo.mx\/wp-content\/uploads\/2024\/08\/IMG-20240826-WA0014-1152x1536.jpg 1152w, https:\/\/www.nexoinformativo.mx\/wp-content\/uploads\/2024\/08\/IMG-20240826-WA0014.jpg 1200w\" sizes=\"auto, (max-width: 768px) 100vw, 768px\" \/><\/figure>\r\n<p class=\"justificado\" style=\"margin-top: var(--wp--preset--spacing--10); margin-bottom: var(--wp--preset--spacing--10);\"><\/p>","protected":false},"excerpt":{"rendered":"<p>La Secretar\u00eda de Desarrollo Social del Estado, encabezada por Diana P\u00e9rez, anunci\u00f3 una inversi\u00f3n de 93 millones de pesos en el transporte escolar gratuito para el nuevo ciclo escolar. Este programa, que opera con 140 unidades, est\u00e1 dise\u00f1ado para aliviar la carga econ\u00f3mica de las familias y asegurar que miles de estudiantes puedan asistir a [&hellip;]<\/p>\n","protected":false},"author":3,"featured_media":896,"comment_status":"open","ping_status":"open","sticky":false,"template":"","format":"standard","meta":{"footnotes":""},"categories":[42],"tags":[195,170,168,194,191],"class_list":["post-893","post","type-post","status-publish","format-standard","has-post-thumbnail","hentry","category-estado","tag-ahorrofamiliar","tag-apoyoalaeducacion","tag-educacionparatodos","tag-gobiernodelestado","tag-transporteescolargratuito"],"yoast_head":"<!-- This site is optimized with the Yoast SEO plugin v25.0 - https:\/\/yoast.com\/wordpress\/plugins\/seo\/ -->\n<title>Gobierno del Estado invierte 93 MDP en transporte escolar gratuito para m\u00e1s de 10 Mil Estudiantes | Nexo Informativo Santiago de Quer\u00e9taro<\/title>\n<meta name=\"robots\" content=\"index, follow, max-snippet:-1, max-image-preview:large, max-video-preview:-1\" \/>\n<link rel=\"canonical\" href=\"https:\/\/www.nexoinformativo.mx\/index.php\/2024\/08\/26\/gobierno-del-estado-invierte-93-mdp-en-transporte-escolar-gratuito-para-mas-de-10-mil-estudiantes\/\" \/>\n<meta property=\"og:locale\" content=\"es_MX\" \/>\n<meta property=\"og:type\" content=\"article\" \/>\n<meta property=\"og:title\" content=\"Gobierno del Estado invierte 93 MDP en transporte escolar gratuito para m\u00e1s de 10 Mil Estudiantes | Nexo Informativo Santiago de Quer\u00e9taro\" \/>\n<meta property=\"og:description\" content=\"La Secretar\u00eda de Desarrollo Social del Estado, encabezada por Diana P\u00e9rez, anunci\u00f3 una inversi\u00f3n de 93 millones de pesos en el transporte escolar gratuito para el nuevo ciclo escolar. Este programa, que opera con 140 unidades, est\u00e1 dise\u00f1ado para aliviar la carga econ\u00f3mica de las familias y asegurar que miles de estudiantes puedan asistir a [&hellip;]\" \/>\n<meta property=\"og:url\" content=\"https:\/\/www.nexoinformativo.mx\/index.php\/2024\/08\/26\/gobierno-del-estado-invierte-93-mdp-en-transporte-escolar-gratuito-para-mas-de-10-mil-estudiantes\/\" \/>\n<meta property=\"og:site_name\" content=\"Nexo Informativo Santiago de Quer\u00e9taro\" \/>\n<meta property=\"article:publisher\" content=\"https:\/\/www.facebook.com\/people\/Nexo-Informativo\/61564066885511\/\" \/>\n<meta property=\"article:published_time\" content=\"2024-08-26T16:00:00+00:00\" \/>\n<meta property=\"article:modified_time\" content=\"2024-08-28T01:35:43+00:00\" \/>\n<meta property=\"og:image\" content=\"https:\/\/www.nexoinformativo.mx\/wp-content\/uploads\/2024\/08\/IMG-20240826-WA0013-e1724701879481.jpg\" \/>\n\t<meta property=\"og:image:width\" content=\"800\" \/>\n\t<meta property=\"og:image:height\" content=\"600\" \/>\n\t<meta property=\"og:image:type\" content=\"image\/jpeg\" \/>\n<meta name=\"author\" content=\"Nexo Informativo\" \/>\n<meta name=\"twitter:card\" content=\"summary_large_image\" \/>\n<meta name=\"twitter:label1\" content=\"Escrito por\" \/>\n\t<meta name=\"twitter:data1\" content=\"Nexo Informativo\" \/>\n\t<meta name=\"twitter:label2\" content=\"Tiempo de lectura\" \/>\n\t<meta name=\"twitter:data2\" content=\"1 minuto\" \/>\n<script type=\"application\/ld+json\" class=\"yoast-schema-graph\">{\"@context\":\"https:\/\/schema.org\",\"@graph\":[{\"@type\":\"Article\",\"@id\":\"https:\/\/www.nexoinformativo.mx\/index.php\/2024\/08\/26\/gobierno-del-estado-invierte-93-mdp-en-transporte-escolar-gratuito-para-mas-de-10-mil-estudiantes\/#article\",\"isPartOf\":{\"@id\":\"https:\/\/www.nexoinformativo.mx\/index.php\/2024\/08\/26\/gobierno-del-estado-invierte-93-mdp-en-transporte-escolar-gratuito-para-mas-de-10-mil-estudiantes\/\"},\"author\":{\"name\":\"Nexo Informativo\",\"@id\":\"https:\/\/www.nexoinformativo.mx\/#\/schema\/person\/7749d380ba08c8ca00d7bc76fd907b7d\"},\"headline\":\"Gobierno del Estado invierte 93 MDP en transporte escolar gratuito para m\u00e1s de 10 Mil Estudiantes\",\"datePublished\":\"2024-08-26T16:00:00+00:00\",\"dateModified\":\"2024-08-28T01:35:43+00:00\",\"mainEntityOfPage\":{\"@id\":\"https:\/\/www.nexoinformativo.mx\/index.php\/2024\/08\/26\/gobierno-del-estado-invierte-93-mdp-en-transporte-escolar-gratuito-para-mas-de-10-mil-estudiantes\/\"},\"wordCount\":272,\"commentCount\":0,\"publisher\":{\"@id\":\"https:\/\/www.nexoinformativo.mx\/#organization\"},\"image\":{\"@id\":\"https:\/\/www.nexoinformativo.mx\/index.php\/2024\/08\/26\/gobierno-del-estado-invierte-93-mdp-en-transporte-escolar-gratuito-para-mas-de-10-mil-estudiantes\/#primaryimage\"},\"thumbnailUrl\":\"https:\/\/www.nexoinformativo.mx\/wp-content\/uploads\/2024\/08\/IMG-20240826-WA0013-e1724701879481.jpg\",\"keywords\":[\"AhorroFamiliar\",\"ApoyoAlaEducacion\",\"Educacionparatodos\",\"GobiernoDelEstado\",\"TransporteEscolarGratuito\"],\"articleSection\":[\"Estado\"],\"inLanguage\":\"es\",\"potentialAction\":[{\"@type\":\"CommentAction\",\"name\":\"Comment\",\"target\":[\"https:\/\/www.nexoinformativo.mx\/index.php\/2024\/08\/26\/gobierno-del-estado-invierte-93-mdp-en-transporte-escolar-gratuito-para-mas-de-10-mil-estudiantes\/#respond\"]}]},{\"@type\":\"WebPage\",\"@id\":\"https:\/\/www.nexoinformativo.mx\/index.php\/2024\/08\/26\/gobierno-del-estado-invierte-93-mdp-en-transporte-escolar-gratuito-para-mas-de-10-mil-estudiantes\/\",\"url\":\"https:\/\/www.nexoinformativo.mx\/index.php\/2024\/08\/26\/gobierno-del-estado-invierte-93-mdp-en-transporte-escolar-gratuito-para-mas-de-10-mil-estudiantes\/\",\"name\":\"Gobierno del Estado invierte 93 MDP en transporte escolar gratuito para m\u00e1s de 10 Mil Estudiantes | Nexo Informativo Santiago de Quer\u00e9taro\",\"isPartOf\":{\"@id\":\"https:\/\/www.nexoinformativo.mx\/#website\"},\"primaryImageOfPage\":{\"@id\":\"https:\/\/www.nexoinformativo.mx\/index.php\/2024\/08\/26\/gobierno-del-estado-invierte-93-mdp-en-transporte-escolar-gratuito-para-mas-de-10-mil-estudiantes\/#primaryimage\"},\"image\":{\"@id\":\"https:\/\/www.nexoinformativo.mx\/index.php\/2024\/08\/26\/gobierno-del-estado-invierte-93-mdp-en-transporte-escolar-gratuito-para-mas-de-10-mil-estudiantes\/#primaryimage\"},\"thumbnailUrl\":\"https:\/\/www.nexoinformativo.mx\/wp-content\/uploads\/2024\/08\/IMG-20240826-WA0013-e1724701879481.jpg\",\"datePublished\":\"2024-08-26T16:00:00+00:00\",\"dateModified\":\"2024-08-28T01:35:43+00:00\",\"breadcrumb\":{\"@id\":\"https:\/\/www.nexoinformativo.mx\/index.php\/2024\/08\/26\/gobierno-del-estado-invierte-93-mdp-en-transporte-escolar-gratuito-para-mas-de-10-mil-estudiantes\/#breadcrumb\"},\"inLanguage\":\"es\",\"potentialAction\":[{\"@type\":\"ReadAction\",\"target\":[\"https:\/\/www.nexoinformativo.mx\/index.php\/2024\/08\/26\/gobierno-del-estado-invierte-93-mdp-en-transporte-escolar-gratuito-para-mas-de-10-mil-estudiantes\/\"]}]},{\"@type\":\"ImageObject\",\"inLanguage\":\"es\",\"@id\":\"https:\/\/www.nexoinformativo.mx\/index.php\/2024\/08\/26\/gobierno-del-estado-invierte-93-mdp-en-transporte-escolar-gratuito-para-mas-de-10-mil-estudiantes\/#primaryimage\",\"url\":\"https:\/\/www.nexoinformativo.mx\/wp-content\/uploads\/2024\/08\/IMG-20240826-WA0013-e1724701879481.jpg\",\"contentUrl\":\"https:\/\/www.nexoinformativo.mx\/wp-content\/uploads\/2024\/08\/IMG-20240826-WA0013-e1724701879481.jpg\",\"width\":800,\"height\":600},{\"@type\":\"BreadcrumbList\",\"@id\":\"https:\/\/www.nexoinformativo.mx\/index.php\/2024\/08\/26\/gobierno-del-estado-invierte-93-mdp-en-transporte-escolar-gratuito-para-mas-de-10-mil-estudiantes\/#breadcrumb\",\"itemListElement\":[{\"@type\":\"ListItem\",\"position\":1,\"name\":\"Inicio\",\"item\":\"https:\/\/www.nexoinformativo.mx\/\"},{\"@type\":\"ListItem\",\"position\":2,\"name\":\"Gobierno del Estado invierte 93 MDP en transporte escolar gratuito para m\u00e1s de 10 Mil Estudiantes\"}]},{\"@type\":\"WebSite\",\"@id\":\"https:\/\/www.nexoinformativo.mx\/#website\",\"url\":\"https:\/\/www.nexoinformativo.mx\/\",\"name\":\"Nexo Informativo Santiago de Quer\u00e9taro\",\"description\":\"Explora NexoInformativo y convi\u00e9rtete en parte de una comunidad que valora el conocimiento y la verdad. Tu nexoinformativo es tu puente hacia una comprensi\u00f3n m\u00e1s profunda del mundo que te rodea.\",\"publisher\":{\"@id\":\"https:\/\/www.nexoinformativo.mx\/#organization\"},\"potentialAction\":[{\"@type\":\"SearchAction\",\"target\":{\"@type\":\"EntryPoint\",\"urlTemplate\":\"https:\/\/www.nexoinformativo.mx\/?s={search_term_string}\"},\"query-input\":{\"@type\":\"PropertyValueSpecification\",\"valueRequired\":true,\"valueName\":\"search_term_string\"}}],\"inLanguage\":\"es\"},{\"@type\":\"Organization\",\"@id\":\"https:\/\/www.nexoinformativo.mx\/#organization\",\"name\":\"Nexo Informativo Santiago de Quer\u00e9taro\",\"url\":\"https:\/\/www.nexoinformativo.mx\/\",\"logo\":{\"@type\":\"ImageObject\",\"inLanguage\":\"es\",\"@id\":\"https:\/\/www.nexoinformativo.mx\/#\/schema\/logo\/image\/\",\"url\":\"https:\/\/www.nexoinformativo.mx\/wp-content\/uploads\/2024\/07\/nexoi-trasparente-2.png\",\"contentUrl\":\"https:\/\/www.nexoinformativo.mx\/wp-content\/uploads\/2024\/07\/nexoi-trasparente-2.png\",\"width\":816,\"height\":339,\"caption\":\"Nexo Informativo Santiago de Quer\u00e9taro\"},\"image\":{\"@id\":\"https:\/\/www.nexoinformativo.mx\/#\/schema\/logo\/image\/\"},\"sameAs\":[\"https:\/\/www.facebook.com\/people\/Nexo-Informativo\/61564066885511\/\"]},{\"@type\":\"Person\",\"@id\":\"https:\/\/www.nexoinformativo.mx\/#\/schema\/person\/7749d380ba08c8ca00d7bc76fd907b7d\",\"name\":\"Nexo Informativo\",\"image\":{\"@type\":\"ImageObject\",\"inLanguage\":\"es\",\"@id\":\"https:\/\/www.nexoinformativo.mx\/#\/schema\/person\/image\/\",\"url\":\"https:\/\/secure.gravatar.com\/avatar\/dde2928154642a13d95f87ddf1ea9718fe2b46760a005c53e41ff5ad610704e6?s=96&d=mm&r=g\",\"contentUrl\":\"https:\/\/secure.gravatar.com\/avatar\/dde2928154642a13d95f87ddf1ea9718fe2b46760a005c53e41ff5ad610704e6?s=96&d=mm&r=g\",\"caption\":\"Nexo Informativo\"},\"url\":\"https:\/\/www.nexoinformativo.mx\/index.php\/author\/edicion\/\"}]}<\/script>\n<!-- \/ Yoast SEO plugin. -->","yoast_head_json":{"title":"Gobierno del Estado invierte 93 MDP en transporte escolar gratuito para m\u00e1s de 10 Mil Estudiantes | Nexo Informativo Santiago de Quer\u00e9taro","robots":{"index":"index","follow":"follow","max-snippet":"max-snippet:-1","max-image-preview":"max-image-preview:large","max-video-preview":"max-video-preview:-1"},"canonical":"https:\/\/www.nexoinformativo.mx\/index.php\/2024\/08\/26\/gobierno-del-estado-invierte-93-mdp-en-transporte-escolar-gratuito-para-mas-de-10-mil-estudiantes\/","og_locale":"es_MX","og_type":"article","og_title":"Gobierno del Estado invierte 93 MDP en transporte escolar gratuito para m\u00e1s de 10 Mil Estudiantes | Nexo Informativo Santiago de Quer\u00e9taro","og_description":"La Secretar\u00eda de Desarrollo Social del Estado, encabezada por Diana P\u00e9rez, anunci\u00f3 una inversi\u00f3n de 93 millones de pesos en el transporte escolar gratuito para el nuevo ciclo escolar. Este programa, que opera con 140 unidades, est\u00e1 dise\u00f1ado para aliviar la carga econ\u00f3mica de las familias y asegurar que miles de estudiantes puedan asistir a [&hellip;]","og_url":"https:\/\/www.nexoinformativo.mx\/index.php\/2024\/08\/26\/gobierno-del-estado-invierte-93-mdp-en-transporte-escolar-gratuito-para-mas-de-10-mil-estudiantes\/","og_site_name":"Nexo Informativo Santiago de Quer\u00e9taro","article_publisher":"https:\/\/www.facebook.com\/people\/Nexo-Informativo\/61564066885511\/","article_published_time":"2024-08-26T16:00:00+00:00","article_modified_time":"2024-08-28T01:35:43+00:00","og_image":[{"width":800,"height":600,"url":"https:\/\/www.nexoinformativo.mx\/wp-content\/uploads\/2024\/08\/IMG-20240826-WA0013-e1724701879481.jpg","type":"image\/jpeg"}],"author":"Nexo Informativo","twitter_card":"summary_large_image","twitter_misc":{"Escrito por":"Nexo Informativo","Tiempo de lectura":"1 minuto"},"schema":{"@context":"https:\/\/schema.org","@graph":[{"@type":"Article","@id":"https:\/\/www.nexoinformativo.mx\/index.php\/2024\/08\/26\/gobierno-del-estado-invierte-93-mdp-en-transporte-escolar-gratuito-para-mas-de-10-mil-estudiantes\/#article","isPartOf":{"@id":"https:\/\/www.nexoinformativo.mx\/index.php\/2024\/08\/26\/gobierno-del-estado-invierte-93-mdp-en-transporte-escolar-gratuito-para-mas-de-10-mil-estudiantes\/"},"author":{"name":"Nexo Informativo","@id":"https:\/\/www.nexoinformativo.mx\/#\/schema\/person\/7749d380ba08c8ca00d7bc76fd907b7d"},"headline":"Gobierno del Estado invierte 93 MDP en transporte escolar gratuito para m\u00e1s de 10 Mil Estudiantes","datePublished":"2024-08-26T16:00:00+00:00","dateModified":"2024-08-28T01:35:43+00:00","mainEntityOfPage":{"@id":"https:\/\/www.nexoinformativo.mx\/index.php\/2024\/08\/26\/gobierno-del-estado-invierte-93-mdp-en-transporte-escolar-gratuito-para-mas-de-10-mil-estudiantes\/"},"wordCount":272,"commentCount":0,"publisher":{"@id":"https:\/\/www.nexoinformativo.mx\/#organization"},"image":{"@id":"https:\/\/www.nexoinformativo.mx\/index.php\/2024\/08\/26\/gobierno-del-estado-invierte-93-mdp-en-transporte-escolar-gratuito-para-mas-de-10-mil-estudiantes\/#primaryimage"},"thumbnailUrl":"https:\/\/www.nexoinformativo.mx\/wp-content\/uploads\/2024\/08\/IMG-20240826-WA0013-e1724701879481.jpg","keywords":["AhorroFamiliar","ApoyoAlaEducacion","Educacionparatodos","GobiernoDelEstado","TransporteEscolarGratuito"],"articleSection":["Estado"],"inLanguage":"es","potentialAction":[{"@type":"CommentAction","name":"Comment","target":["https:\/\/www.nexoinformativo.mx\/index.php\/2024\/08\/26\/gobierno-del-estado-invierte-93-mdp-en-transporte-escolar-gratuito-para-mas-de-10-mil-estudiantes\/#respond"]}]},{"@type":"WebPage","@id":"https:\/\/www.nexoinformativo.mx\/index.php\/2024\/08\/26\/gobierno-del-estado-invierte-93-mdp-en-transporte-escolar-gratuito-para-mas-de-10-mil-estudiantes\/","url":"https:\/\/www.nexoinformativo.mx\/index.php\/2024\/08\/26\/gobierno-del-estado-invierte-93-mdp-en-transporte-escolar-gratuito-para-mas-de-10-mil-estudiantes\/","name":"Gobierno del Estado invierte 93 MDP en transporte escolar gratuito para m\u00e1s de 10 Mil Estudiantes | Nexo Informativo Santiago de Quer\u00e9taro","isPartOf":{"@id":"https:\/\/www.nexoinformativo.mx\/#website"},"primaryImageOfPage":{"@id":"https:\/\/www.nexoinformativo.mx\/index.php\/2024\/08\/26\/gobierno-del-estado-invierte-93-mdp-en-transporte-escolar-gratuito-para-mas-de-10-mil-estudiantes\/#primaryimage"},"image":{"@id":"https:\/\/www.nexoinformativo.mx\/index.php\/2024\/08\/26\/gobierno-del-estado-invierte-93-mdp-en-transporte-escolar-gratuito-para-mas-de-10-mil-estudiantes\/#primaryimage"},"thumbnailUrl":"https:\/\/www.nexoinformativo.mx\/wp-content\/uploads\/2024\/08\/IMG-20240826-WA0013-e1724701879481.jpg","datePublished":"2024-08-26T16:00:00+00:00","dateModified":"2024-08-28T01:35:43+00:00","breadcrumb":{"@id":"https:\/\/www.nexoinformativo.mx\/index.php\/2024\/08\/26\/gobierno-del-estado-invierte-93-mdp-en-transporte-escolar-gratuito-para-mas-de-10-mil-estudiantes\/#breadcrumb"},"inLanguage":"es","potentialAction":[{"@type":"ReadAction","target":["https:\/\/www.nexoinformativo.mx\/index.php\/2024\/08\/26\/gobierno-del-estado-invierte-93-mdp-en-transporte-escolar-gratuito-para-mas-de-10-mil-estudiantes\/"]}]},{"@type":"ImageObject","inLanguage":"es","@id":"https:\/\/www.nexoinformativo.mx\/index.php\/2024\/08\/26\/gobierno-del-estado-invierte-93-mdp-en-transporte-escolar-gratuito-para-mas-de-10-mil-estudiantes\/#primaryimage","url":"https:\/\/www.nexoinformativo.mx\/wp-content\/uploads\/2024\/08\/IMG-20240826-WA0013-e1724701879481.jpg","contentUrl":"https:\/\/www.nexoinformativo.mx\/wp-content\/uploads\/2024\/08\/IMG-20240826-WA0013-e1724701879481.jpg","width":800,"height":600},{"@type":"BreadcrumbList","@id":"https:\/\/www.nexoinformativo.mx\/index.php\/2024\/08\/26\/gobierno-del-estado-invierte-93-mdp-en-transporte-escolar-gratuito-para-mas-de-10-mil-estudiantes\/#breadcrumb","itemListElement":[{"@type":"ListItem","position":1,"name":"Inicio","item":"https:\/\/www.nexoinformativo.mx\/"},{"@type":"ListItem","position":2,"name":"Gobierno del Estado invierte 93 MDP en transporte escolar gratuito para m\u00e1s de 10 Mil Estudiantes"}]},{"@type":"WebSite","@id":"https:\/\/www.nexoinformativo.mx\/#website","url":"https:\/\/www.nexoinformativo.mx\/","name":"Nexo Informativo Santiago de Quer\u00e9taro","description":"Explora NexoInformativo y convi\u00e9rtete en parte de una comunidad que valora el conocimiento y la verdad. Tu nexoinformativo es tu puente hacia una comprensi\u00f3n m\u00e1s profunda del mundo que te rodea.","publisher":{"@id":"https:\/\/www.nexoinformativo.mx\/#organization"},"potentialAction":[{"@type":"SearchAction","target":{"@type":"EntryPoint","urlTemplate":"https:\/\/www.nexoinformativo.mx\/?s={search_term_string}"},"query-input":{"@type":"PropertyValueSpecification","valueRequired":true,"valueName":"search_term_string"}}],"inLanguage":"es"},{"@type":"Organization","@id":"https:\/\/www.nexoinformativo.mx\/#organization","name":"Nexo Informativo Santiago de Quer\u00e9taro","url":"https:\/\/www.nexoinformativo.mx\/","logo":{"@type":"ImageObject","inLanguage":"es","@id":"https:\/\/www.nexoinformativo.mx\/#\/schema\/logo\/image\/","url":"https:\/\/www.nexoinformativo.mx\/wp-content\/uploads\/2024\/07\/nexoi-trasparente-2.png","contentUrl":"https:\/\/www.nexoinformativo.mx\/wp-content\/uploads\/2024\/07\/nexoi-trasparente-2.png","width":816,"height":339,"caption":"Nexo Informativo Santiago de Quer\u00e9taro"},"image":{"@id":"https:\/\/www.nexoinformativo.mx\/#\/schema\/logo\/image\/"},"sameAs":["https:\/\/www.facebook.com\/people\/Nexo-Informativo\/61564066885511\/"]},{"@type":"Person","@id":"https:\/\/www.nexoinformativo.mx\/#\/schema\/person\/7749d380ba08c8ca00d7bc76fd907b7d","name":"Nexo Informativo","image":{"@type":"ImageObject","inLanguage":"es","@id":"https:\/\/www.nexoinformativo.mx\/#\/schema\/person\/image\/","url":"https:\/\/secure.gravatar.com\/avatar\/dde2928154642a13d95f87ddf1ea9718fe2b46760a005c53e41ff5ad610704e6?s=96&d=mm&r=g","contentUrl":"https:\/\/secure.gravatar.com\/avatar\/dde2928154642a13d95f87ddf1ea9718fe2b46760a005c53e41ff5ad610704e6?s=96&d=mm&r=g","caption":"Nexo Informativo"},"url":"https:\/\/www.nexoinformativo.mx\/index.php\/author\/edicion\/"}]}},"_links":{"self":[{"href":"https:\/\/www.nexoinformativo.mx\/index.php\/wp-json\/wp\/v2\/posts\/893","targetHints":{"allow":["GET"]}}],"collection":[{"href":"https:\/\/www.nexoinformativo.mx\/index.php\/wp-json\/wp\/v2\/posts"}],"about":[{"href":"https:\/\/www.nexoinformativo.mx\/index.php\/wp-json\/wp\/v2\/types\/post"}],"author":[{"embeddable":true,"href":"https:\/\/www.nexoinformativo.mx\/index.php\/wp-json\/wp\/v2\/users\/3"}],"replies":[{"embeddable":true,"href":"https:\/\/www.nexoinformativo.mx\/index.php\/wp-json\/wp\/v2\/comments?post=893"}],"version-history":[{"count":7,"href":"https:\/\/www.nexoinformativo.mx\/index.php\/wp-json\/wp\/v2\/posts\/893\/revisions"}],"predecessor-version":[{"id":1017,"href":"https:\/\/www.nexoinformativo.mx\/index.php\/wp-json\/wp\/v2\/posts\/893\/revisions\/1017"}],"wp:featuredmedia":[{"embeddable":true,"href":"https:\/\/www.nexoinformativo.mx\/index.php\/wp-json\/wp\/v2\/media\/896"}],"wp:attachment":[{"href":"https:\/\/www.nexoinformativo.mx\/index.php\/wp-json\/wp\/v2\/media?parent=893"}],"wp:term":[{"taxonomy":"category","embeddable":true,"href":"https:\/\/www.nexoinformativo.mx\/index.php\/wp-json\/wp\/v2\/categories?post=893"},{"taxonomy":"post_tag","embeddable":true,"href":"https:\/\/www.nexoinformativo.mx\/index.php\/wp-json\/wp\/v2\/tags?post=893"}],"curies":[{"name":"wp","href":"https:\/\/api.w.org\/{rel}","templated":true}]}}