{"id":8930,"date":"2024-12-28T06:30:06","date_gmt":"2024-12-28T12:30:06","guid":{"rendered":"https:\/\/www.nexoinformativo.mx\/?p=8930"},"modified":"2024-12-28T10:58:33","modified_gmt":"2024-12-28T16:58:33","slug":"mexico-refuerza-proteccion-a-connacionales-en-ee-uu-con-nueva-app-y-mas-abogados","status":"publish","type":"post","link":"https:\/\/www.nexoinformativo.mx\/index.php\/2024\/12\/28\/mexico-refuerza-proteccion-a-connacionales-en-ee-uu-con-nueva-app-y-mas-abogados\/","title":{"rendered":"M\u00e9xico refuerza protecci\u00f3n a connacionales en EE.UU. con nueva app y m\u00e1s abogados"},"content":{"rendered":"<p style=\"text-align: justify;\" data-sourcepos=\"9:1-9:354\">El gobierno de M\u00e9xico, encabezado por la presidenta Claudia Sheinbaum, ha anunciado un significativo refuerzo en la protecci\u00f3n de los derechos de los mexicanos residentes en EU.<\/p>\n<p>&nbsp;<\/p>\n<p style=\"text-align: justify;\" data-sourcepos=\"9:1-9:354\">A trav\u00e9s de la Secretar\u00eda de Relaciones Exteriores, se ha implementado una serie de acciones que buscan garantizar la seguridad y el bienestar de los connacionales.<\/p>\n<p>&nbsp;<\/p>\n<p style=\"text-align: justify;\" data-sourcepos=\"11:1-11:363\">Una de las novedades m\u00e1s destacadas es el lanzamiento de una nueva aplicaci\u00f3n m\u00f3vil, denominada <strong>&#8220;Bot\u00f3n de alerta&#8221;<\/strong>, que estar\u00e1 disponible a partir de enero pr\u00f3ximo. Esta herramienta permitir\u00e1 a los mexicanos en situaci\u00f3n de emergencia, como una detenci\u00f3n migratoria, notificar de manera inmediata a los consulados m\u00e1s cercanos, a sus familiares y a la Canciller\u00eda.<\/p>\n<p>&nbsp;<\/p>\n<p style=\"text-align: justify;\" data-sourcepos=\"13:1-13:235\">Adem\u00e1s, se ha fortalecido el<strong> Programa de Asistencia Jur\u00eddica a trav\u00e9s de Asesor\u00edas Legales Externas<\/strong> (PALE), con la contrataci\u00f3n de 329 abogados en diversas \u00e1reas legales para brindar representaci\u00f3n a los connacionales que lo requieran.<\/p>\n<p>&nbsp;<\/p>\n<p style=\"text-align: justify;\" data-sourcepos=\"15:1-15:245\">El canciller Juan Ram\u00f3n de la Fuente destac\u00f3 la importancia de estas acciones, subrayando que el gobierno mexicano est\u00e1 comprometido a defender los derechos de los mexicanos en el exterior y a garantizar que sean tratados con respeto y dignidad.<\/p>\n<p>&nbsp;<\/p>\n<p style=\"text-align: justify;\" data-sourcepos=\"17:1-17:48\"><strong>\u00bfQu\u00e9 m\u00e1s ofrece este programa de protecci\u00f3n?<\/strong><\/p>\n<ul style=\"text-align: justify;\" data-sourcepos=\"19:1-23:0\">\n<li data-sourcepos=\"19:1-19:175\">Supervisando que las autoridades estadounidenses respeten los derechos de los detenidos y sigan los procedimientos legales establecidos.<\/li>\n<li data-sourcepos=\"20:1-20:132\">Asegurando que los consulados sean notificados de inmediato cuando un mexicano es detenido.<\/li>\n<li data-sourcepos=\"21:1-21:137\">Llevando a cabo campa\u00f1as informativas para que los connacionales conozcan sus derechos y c\u00f3mo ejercerlos.<\/li>\n<li data-sourcepos=\"22:1-23:0\">Estableciendo alianzas con autoridades estadounidenses para proteger a los mexicanos y mejorar su calidad de vida.<\/li>\n<\/ul>\n<p>&nbsp;<\/p>\n<p style=\"text-align: justify;\" data-sourcepos=\"24:1-24:17\"><strong>Cifras clave:<\/strong><\/p>\n<ul data-sourcepos=\"26:1-30:0\">\n<li style=\"text-align: justify;\" data-sourcepos=\"26:1-26:65\">38.4 millones: N\u00famero total de mexicanos en Estados Unidos.<\/li>\n<li style=\"text-align: justify;\" data-sourcepos=\"27:1-27:81\">11.5 millones: N\u00famero de mexicanos de primera generaci\u00f3n en Estados Unidos.<\/li>\n<li style=\"text-align: justify;\" data-sourcepos=\"28:1-28:83\">4.8 millones: N\u00famero de migrantes indocumentados mexicanos en Estados Unidos.<\/li>\n<li style=\"text-align: justify;\" data-sourcepos=\"29:1-30:0\">60 mil millones de d\u00f3lares: Remesas enviadas por mexicanos a M\u00e9xico en 2023.<\/li>\n<\/ul>\n<p>&nbsp;<\/p>\n<p style=\"text-align: center;\"><em><strong>\u00a1Informaci\u00f3n que transforma!<\/strong><\/em><\/p>\n","protected":false},"excerpt":{"rendered":"<p>El gobierno de M\u00e9xico, encabezado por la presidenta Claudia Sheinbaum, ha anunciado un significativo refuerzo en la protecci\u00f3n de los derechos de los mexicanos residentes en EU.<\/p>\n","protected":false},"author":3,"featured_media":8931,"comment_status":"open","ping_status":"open","sticky":false,"template":"","format":"standard","meta":{"footnotes":""},"categories":[88,13,58],"tags":[2867,499,2866,2570],"class_list":["post-8930","post","type-post","status-publish","format-standard","has-post-thumbnail","hentry","category-nacional","category-tecnologia","category-ultima-hora","tag-botondealerta","tag-derechoshumanos","tag-mexicanoseneeuu","tag-proteccionconsular"],"yoast_head":"<!-- This site is optimized with the Yoast SEO plugin v25.0 - https:\/\/yoast.com\/wordpress\/plugins\/seo\/ -->\n<title>M\u00e9xico refuerza protecci\u00f3n a connacionales en EE.UU. con nueva app y m\u00e1s abogados | Nexo Informativo Santiago de Quer\u00e9taro<\/title>\n<meta name=\"description\" content=\"M\u00e9xico refuerza protecci\u00f3n a connacionales en EE.UU. con nueva app y m\u00e1s abogados\" \/>\n<meta name=\"robots\" content=\"index, follow, max-snippet:-1, max-image-preview:large, max-video-preview:-1\" \/>\n<link rel=\"canonical\" href=\"https:\/\/www.nexoinformativo.mx\/index.php\/2024\/12\/28\/mexico-refuerza-proteccion-a-connacionales-en-ee-uu-con-nueva-app-y-mas-abogados\/\" \/>\n<meta property=\"og:locale\" content=\"es_MX\" \/>\n<meta property=\"og:type\" content=\"article\" \/>\n<meta property=\"og:title\" content=\"M\u00e9xico refuerza protecci\u00f3n a connacionales en EE.UU. con nueva app y m\u00e1s abogados | Nexo Informativo Santiago de Quer\u00e9taro\" \/>\n<meta property=\"og:description\" content=\"M\u00e9xico refuerza protecci\u00f3n a connacionales en EE.UU. con nueva app y m\u00e1s abogados\" \/>\n<meta property=\"og:url\" content=\"https:\/\/www.nexoinformativo.mx\/index.php\/2024\/12\/28\/mexico-refuerza-proteccion-a-connacionales-en-ee-uu-con-nueva-app-y-mas-abogados\/\" \/>\n<meta property=\"og:site_name\" content=\"Nexo Informativo Santiago de Quer\u00e9taro\" \/>\n<meta property=\"article:publisher\" content=\"https:\/\/www.facebook.com\/people\/Nexo-Informativo\/61564066885511\/\" \/>\n<meta property=\"article:published_time\" content=\"2024-12-28T12:30:06+00:00\" \/>\n<meta property=\"article:modified_time\" content=\"2024-12-28T16:58:33+00:00\" \/>\n<meta property=\"og:image\" content=\"https:\/\/www.nexoinformativo.mx\/wp-content\/uploads\/2024\/12\/IMG_4050-scaled-e1735403429277.jpg\" \/>\n\t<meta property=\"og:image:width\" content=\"800\" \/>\n\t<meta property=\"og:image:height\" content=\"533\" \/>\n\t<meta property=\"og:image:type\" content=\"image\/jpeg\" \/>\n<meta name=\"author\" content=\"Nexo Informativo\" \/>\n<meta name=\"twitter:card\" content=\"summary_large_image\" \/>\n<meta name=\"twitter:label1\" content=\"Escrito por\" \/>\n\t<meta name=\"twitter:data1\" content=\"Nexo Informativo\" \/>\n\t<meta name=\"twitter:label2\" content=\"Tiempo de lectura\" \/>\n\t<meta name=\"twitter:data2\" content=\"2 minutos\" \/>\n<script type=\"application\/ld+json\" class=\"yoast-schema-graph\">{\"@context\":\"https:\/\/schema.org\",\"@graph\":[{\"@type\":\"Article\",\"@id\":\"https:\/\/www.nexoinformativo.mx\/index.php\/2024\/12\/28\/mexico-refuerza-proteccion-a-connacionales-en-ee-uu-con-nueva-app-y-mas-abogados\/#article\",\"isPartOf\":{\"@id\":\"https:\/\/www.nexoinformativo.mx\/index.php\/2024\/12\/28\/mexico-refuerza-proteccion-a-connacionales-en-ee-uu-con-nueva-app-y-mas-abogados\/\"},\"author\":{\"name\":\"Nexo Informativo\",\"@id\":\"https:\/\/www.nexoinformativo.mx\/#\/schema\/person\/7749d380ba08c8ca00d7bc76fd907b7d\"},\"headline\":\"M\u00e9xico refuerza protecci\u00f3n a connacionales en EE.UU. con nueva app y m\u00e1s abogados\",\"datePublished\":\"2024-12-28T12:30:06+00:00\",\"dateModified\":\"2024-12-28T16:58:33+00:00\",\"mainEntityOfPage\":{\"@id\":\"https:\/\/www.nexoinformativo.mx\/index.php\/2024\/12\/28\/mexico-refuerza-proteccion-a-connacionales-en-ee-uu-con-nueva-app-y-mas-abogados\/\"},\"wordCount\":349,\"commentCount\":0,\"publisher\":{\"@id\":\"https:\/\/www.nexoinformativo.mx\/#organization\"},\"image\":{\"@id\":\"https:\/\/www.nexoinformativo.mx\/index.php\/2024\/12\/28\/mexico-refuerza-proteccion-a-connacionales-en-ee-uu-con-nueva-app-y-mas-abogados\/#primaryimage\"},\"thumbnailUrl\":\"https:\/\/www.nexoinformativo.mx\/wp-content\/uploads\/2024\/12\/IMG_4050-scaled-e1735403429277.jpg\",\"keywords\":[\"Bot\u00f3nDeAlerta\",\"DerechosHumanos\",\"MexicanosEnEEUU\",\"Protecci\u00f3nConsular\"],\"articleSection\":[\"Nacional\",\"Tecnolog\u00eda\",\"\u00daltima Hora\"],\"inLanguage\":\"es\",\"potentialAction\":[{\"@type\":\"CommentAction\",\"name\":\"Comment\",\"target\":[\"https:\/\/www.nexoinformativo.mx\/index.php\/2024\/12\/28\/mexico-refuerza-proteccion-a-connacionales-en-ee-uu-con-nueva-app-y-mas-abogados\/#respond\"]}]},{\"@type\":\"WebPage\",\"@id\":\"https:\/\/www.nexoinformativo.mx\/index.php\/2024\/12\/28\/mexico-refuerza-proteccion-a-connacionales-en-ee-uu-con-nueva-app-y-mas-abogados\/\",\"url\":\"https:\/\/www.nexoinformativo.mx\/index.php\/2024\/12\/28\/mexico-refuerza-proteccion-a-connacionales-en-ee-uu-con-nueva-app-y-mas-abogados\/\",\"name\":\"M\u00e9xico refuerza protecci\u00f3n a connacionales en EE.UU. con nueva app y m\u00e1s abogados | Nexo Informativo Santiago de Quer\u00e9taro\",\"isPartOf\":{\"@id\":\"https:\/\/www.nexoinformativo.mx\/#website\"},\"primaryImageOfPage\":{\"@id\":\"https:\/\/www.nexoinformativo.mx\/index.php\/2024\/12\/28\/mexico-refuerza-proteccion-a-connacionales-en-ee-uu-con-nueva-app-y-mas-abogados\/#primaryimage\"},\"image\":{\"@id\":\"https:\/\/www.nexoinformativo.mx\/index.php\/2024\/12\/28\/mexico-refuerza-proteccion-a-connacionales-en-ee-uu-con-nueva-app-y-mas-abogados\/#primaryimage\"},\"thumbnailUrl\":\"https:\/\/www.nexoinformativo.mx\/wp-content\/uploads\/2024\/12\/IMG_4050-scaled-e1735403429277.jpg\",\"datePublished\":\"2024-12-28T12:30:06+00:00\",\"dateModified\":\"2024-12-28T16:58:33+00:00\",\"description\":\"M\u00e9xico refuerza protecci\u00f3n a connacionales en EE.UU. con nueva app y m\u00e1s abogados\",\"breadcrumb\":{\"@id\":\"https:\/\/www.nexoinformativo.mx\/index.php\/2024\/12\/28\/mexico-refuerza-proteccion-a-connacionales-en-ee-uu-con-nueva-app-y-mas-abogados\/#breadcrumb\"},\"inLanguage\":\"es\",\"potentialAction\":[{\"@type\":\"ReadAction\",\"target\":[\"https:\/\/www.nexoinformativo.mx\/index.php\/2024\/12\/28\/mexico-refuerza-proteccion-a-connacionales-en-ee-uu-con-nueva-app-y-mas-abogados\/\"]}]},{\"@type\":\"ImageObject\",\"inLanguage\":\"es\",\"@id\":\"https:\/\/www.nexoinformativo.mx\/index.php\/2024\/12\/28\/mexico-refuerza-proteccion-a-connacionales-en-ee-uu-con-nueva-app-y-mas-abogados\/#primaryimage\",\"url\":\"https:\/\/www.nexoinformativo.mx\/wp-content\/uploads\/2024\/12\/IMG_4050-scaled-e1735403429277.jpg\",\"contentUrl\":\"https:\/\/www.nexoinformativo.mx\/wp-content\/uploads\/2024\/12\/IMG_4050-scaled-e1735403429277.jpg\",\"width\":800,\"height\":533},{\"@type\":\"BreadcrumbList\",\"@id\":\"https:\/\/www.nexoinformativo.mx\/index.php\/2024\/12\/28\/mexico-refuerza-proteccion-a-connacionales-en-ee-uu-con-nueva-app-y-mas-abogados\/#breadcrumb\",\"itemListElement\":[{\"@type\":\"ListItem\",\"position\":1,\"name\":\"Inicio\",\"item\":\"https:\/\/www.nexoinformativo.mx\/\"},{\"@type\":\"ListItem\",\"position\":2,\"name\":\"M\u00e9xico refuerza protecci\u00f3n a connacionales en EE.UU. con nueva app y m\u00e1s abogados\"}]},{\"@type\":\"WebSite\",\"@id\":\"https:\/\/www.nexoinformativo.mx\/#website\",\"url\":\"https:\/\/www.nexoinformativo.mx\/\",\"name\":\"Nexo Informativo Santiago de Quer\u00e9taro\",\"description\":\"Explora NexoInformativo y convi\u00e9rtete en parte de una comunidad que valora el conocimiento y la verdad. Tu nexoinformativo es tu puente hacia una comprensi\u00f3n m\u00e1s profunda del mundo que te rodea.\",\"publisher\":{\"@id\":\"https:\/\/www.nexoinformativo.mx\/#organization\"},\"potentialAction\":[{\"@type\":\"SearchAction\",\"target\":{\"@type\":\"EntryPoint\",\"urlTemplate\":\"https:\/\/www.nexoinformativo.mx\/?s={search_term_string}\"},\"query-input\":{\"@type\":\"PropertyValueSpecification\",\"valueRequired\":true,\"valueName\":\"search_term_string\"}}],\"inLanguage\":\"es\"},{\"@type\":\"Organization\",\"@id\":\"https:\/\/www.nexoinformativo.mx\/#organization\",\"name\":\"Nexo Informativo Santiago de Quer\u00e9taro\",\"url\":\"https:\/\/www.nexoinformativo.mx\/\",\"logo\":{\"@type\":\"ImageObject\",\"inLanguage\":\"es\",\"@id\":\"https:\/\/www.nexoinformativo.mx\/#\/schema\/logo\/image\/\",\"url\":\"https:\/\/www.nexoinformativo.mx\/wp-content\/uploads\/2024\/07\/nexoi-trasparente-2.png\",\"contentUrl\":\"https:\/\/www.nexoinformativo.mx\/wp-content\/uploads\/2024\/07\/nexoi-trasparente-2.png\",\"width\":816,\"height\":339,\"caption\":\"Nexo Informativo Santiago de Quer\u00e9taro\"},\"image\":{\"@id\":\"https:\/\/www.nexoinformativo.mx\/#\/schema\/logo\/image\/\"},\"sameAs\":[\"https:\/\/www.facebook.com\/people\/Nexo-Informativo\/61564066885511\/\"]},{\"@type\":\"Person\",\"@id\":\"https:\/\/www.nexoinformativo.mx\/#\/schema\/person\/7749d380ba08c8ca00d7bc76fd907b7d\",\"name\":\"Nexo Informativo\",\"image\":{\"@type\":\"ImageObject\",\"inLanguage\":\"es\",\"@id\":\"https:\/\/www.nexoinformativo.mx\/#\/schema\/person\/image\/\",\"url\":\"https:\/\/secure.gravatar.com\/avatar\/dde2928154642a13d95f87ddf1ea9718fe2b46760a005c53e41ff5ad610704e6?s=96&d=mm&r=g\",\"contentUrl\":\"https:\/\/secure.gravatar.com\/avatar\/dde2928154642a13d95f87ddf1ea9718fe2b46760a005c53e41ff5ad610704e6?s=96&d=mm&r=g\",\"caption\":\"Nexo Informativo\"},\"url\":\"https:\/\/www.nexoinformativo.mx\/index.php\/author\/edicion\/\"}]}<\/script>\n<!-- \/ Yoast SEO plugin. -->","yoast_head_json":{"title":"M\u00e9xico refuerza protecci\u00f3n a connacionales en EE.UU. con nueva app y m\u00e1s abogados | Nexo Informativo Santiago de Quer\u00e9taro","description":"M\u00e9xico refuerza protecci\u00f3n a connacionales en EE.UU. con nueva app y m\u00e1s abogados","robots":{"index":"index","follow":"follow","max-snippet":"max-snippet:-1","max-image-preview":"max-image-preview:large","max-video-preview":"max-video-preview:-1"},"canonical":"https:\/\/www.nexoinformativo.mx\/index.php\/2024\/12\/28\/mexico-refuerza-proteccion-a-connacionales-en-ee-uu-con-nueva-app-y-mas-abogados\/","og_locale":"es_MX","og_type":"article","og_title":"M\u00e9xico refuerza protecci\u00f3n a connacionales en EE.UU. con nueva app y m\u00e1s abogados | Nexo Informativo Santiago de Quer\u00e9taro","og_description":"M\u00e9xico refuerza protecci\u00f3n a connacionales en EE.UU. con nueva app y m\u00e1s abogados","og_url":"https:\/\/www.nexoinformativo.mx\/index.php\/2024\/12\/28\/mexico-refuerza-proteccion-a-connacionales-en-ee-uu-con-nueva-app-y-mas-abogados\/","og_site_name":"Nexo Informativo Santiago de Quer\u00e9taro","article_publisher":"https:\/\/www.facebook.com\/people\/Nexo-Informativo\/61564066885511\/","article_published_time":"2024-12-28T12:30:06+00:00","article_modified_time":"2024-12-28T16:58:33+00:00","og_image":[{"width":800,"height":533,"url":"https:\/\/www.nexoinformativo.mx\/wp-content\/uploads\/2024\/12\/IMG_4050-scaled-e1735403429277.jpg","type":"image\/jpeg"}],"author":"Nexo Informativo","twitter_card":"summary_large_image","twitter_misc":{"Escrito por":"Nexo Informativo","Tiempo de lectura":"2 minutos"},"schema":{"@context":"https:\/\/schema.org","@graph":[{"@type":"Article","@id":"https:\/\/www.nexoinformativo.mx\/index.php\/2024\/12\/28\/mexico-refuerza-proteccion-a-connacionales-en-ee-uu-con-nueva-app-y-mas-abogados\/#article","isPartOf":{"@id":"https:\/\/www.nexoinformativo.mx\/index.php\/2024\/12\/28\/mexico-refuerza-proteccion-a-connacionales-en-ee-uu-con-nueva-app-y-mas-abogados\/"},"author":{"name":"Nexo Informativo","@id":"https:\/\/www.nexoinformativo.mx\/#\/schema\/person\/7749d380ba08c8ca00d7bc76fd907b7d"},"headline":"M\u00e9xico refuerza protecci\u00f3n a connacionales en EE.UU. con nueva app y m\u00e1s abogados","datePublished":"2024-12-28T12:30:06+00:00","dateModified":"2024-12-28T16:58:33+00:00","mainEntityOfPage":{"@id":"https:\/\/www.nexoinformativo.mx\/index.php\/2024\/12\/28\/mexico-refuerza-proteccion-a-connacionales-en-ee-uu-con-nueva-app-y-mas-abogados\/"},"wordCount":349,"commentCount":0,"publisher":{"@id":"https:\/\/www.nexoinformativo.mx\/#organization"},"image":{"@id":"https:\/\/www.nexoinformativo.mx\/index.php\/2024\/12\/28\/mexico-refuerza-proteccion-a-connacionales-en-ee-uu-con-nueva-app-y-mas-abogados\/#primaryimage"},"thumbnailUrl":"https:\/\/www.nexoinformativo.mx\/wp-content\/uploads\/2024\/12\/IMG_4050-scaled-e1735403429277.jpg","keywords":["Bot\u00f3nDeAlerta","DerechosHumanos","MexicanosEnEEUU","Protecci\u00f3nConsular"],"articleSection":["Nacional","Tecnolog\u00eda","\u00daltima Hora"],"inLanguage":"es","potentialAction":[{"@type":"CommentAction","name":"Comment","target":["https:\/\/www.nexoinformativo.mx\/index.php\/2024\/12\/28\/mexico-refuerza-proteccion-a-connacionales-en-ee-uu-con-nueva-app-y-mas-abogados\/#respond"]}]},{"@type":"WebPage","@id":"https:\/\/www.nexoinformativo.mx\/index.php\/2024\/12\/28\/mexico-refuerza-proteccion-a-connacionales-en-ee-uu-con-nueva-app-y-mas-abogados\/","url":"https:\/\/www.nexoinformativo.mx\/index.php\/2024\/12\/28\/mexico-refuerza-proteccion-a-connacionales-en-ee-uu-con-nueva-app-y-mas-abogados\/","name":"M\u00e9xico refuerza protecci\u00f3n a connacionales en EE.UU. con nueva app y m\u00e1s abogados | Nexo Informativo Santiago de Quer\u00e9taro","isPartOf":{"@id":"https:\/\/www.nexoinformativo.mx\/#website"},"primaryImageOfPage":{"@id":"https:\/\/www.nexoinformativo.mx\/index.php\/2024\/12\/28\/mexico-refuerza-proteccion-a-connacionales-en-ee-uu-con-nueva-app-y-mas-abogados\/#primaryimage"},"image":{"@id":"https:\/\/www.nexoinformativo.mx\/index.php\/2024\/12\/28\/mexico-refuerza-proteccion-a-connacionales-en-ee-uu-con-nueva-app-y-mas-abogados\/#primaryimage"},"thumbnailUrl":"https:\/\/www.nexoinformativo.mx\/wp-content\/uploads\/2024\/12\/IMG_4050-scaled-e1735403429277.jpg","datePublished":"2024-12-28T12:30:06+00:00","dateModified":"2024-12-28T16:58:33+00:00","description":"M\u00e9xico refuerza protecci\u00f3n a connacionales en EE.UU. con nueva app y m\u00e1s abogados","breadcrumb":{"@id":"https:\/\/www.nexoinformativo.mx\/index.php\/2024\/12\/28\/mexico-refuerza-proteccion-a-connacionales-en-ee-uu-con-nueva-app-y-mas-abogados\/#breadcrumb"},"inLanguage":"es","potentialAction":[{"@type":"ReadAction","target":["https:\/\/www.nexoinformativo.mx\/index.php\/2024\/12\/28\/mexico-refuerza-proteccion-a-connacionales-en-ee-uu-con-nueva-app-y-mas-abogados\/"]}]},{"@type":"ImageObject","inLanguage":"es","@id":"https:\/\/www.nexoinformativo.mx\/index.php\/2024\/12\/28\/mexico-refuerza-proteccion-a-connacionales-en-ee-uu-con-nueva-app-y-mas-abogados\/#primaryimage","url":"https:\/\/www.nexoinformativo.mx\/wp-content\/uploads\/2024\/12\/IMG_4050-scaled-e1735403429277.jpg","contentUrl":"https:\/\/www.nexoinformativo.mx\/wp-content\/uploads\/2024\/12\/IMG_4050-scaled-e1735403429277.jpg","width":800,"height":533},{"@type":"BreadcrumbList","@id":"https:\/\/www.nexoinformativo.mx\/index.php\/2024\/12\/28\/mexico-refuerza-proteccion-a-connacionales-en-ee-uu-con-nueva-app-y-mas-abogados\/#breadcrumb","itemListElement":[{"@type":"ListItem","position":1,"name":"Inicio","item":"https:\/\/www.nexoinformativo.mx\/"},{"@type":"ListItem","position":2,"name":"M\u00e9xico refuerza protecci\u00f3n a connacionales en EE.UU. con nueva app y m\u00e1s abogados"}]},{"@type":"WebSite","@id":"https:\/\/www.nexoinformativo.mx\/#website","url":"https:\/\/www.nexoinformativo.mx\/","name":"Nexo Informativo Santiago de Quer\u00e9taro","description":"Explora NexoInformativo y convi\u00e9rtete en parte de una comunidad que valora el conocimiento y la verdad. Tu nexoinformativo es tu puente hacia una comprensi\u00f3n m\u00e1s profunda del mundo que te rodea.","publisher":{"@id":"https:\/\/www.nexoinformativo.mx\/#organization"},"potentialAction":[{"@type":"SearchAction","target":{"@type":"EntryPoint","urlTemplate":"https:\/\/www.nexoinformativo.mx\/?s={search_term_string}"},"query-input":{"@type":"PropertyValueSpecification","valueRequired":true,"valueName":"search_term_string"}}],"inLanguage":"es"},{"@type":"Organization","@id":"https:\/\/www.nexoinformativo.mx\/#organization","name":"Nexo Informativo Santiago de Quer\u00e9taro","url":"https:\/\/www.nexoinformativo.mx\/","logo":{"@type":"ImageObject","inLanguage":"es","@id":"https:\/\/www.nexoinformativo.mx\/#\/schema\/logo\/image\/","url":"https:\/\/www.nexoinformativo.mx\/wp-content\/uploads\/2024\/07\/nexoi-trasparente-2.png","contentUrl":"https:\/\/www.nexoinformativo.mx\/wp-content\/uploads\/2024\/07\/nexoi-trasparente-2.png","width":816,"height":339,"caption":"Nexo Informativo Santiago de Quer\u00e9taro"},"image":{"@id":"https:\/\/www.nexoinformativo.mx\/#\/schema\/logo\/image\/"},"sameAs":["https:\/\/www.facebook.com\/people\/Nexo-Informativo\/61564066885511\/"]},{"@type":"Person","@id":"https:\/\/www.nexoinformativo.mx\/#\/schema\/person\/7749d380ba08c8ca00d7bc76fd907b7d","name":"Nexo Informativo","image":{"@type":"ImageObject","inLanguage":"es","@id":"https:\/\/www.nexoinformativo.mx\/#\/schema\/person\/image\/","url":"https:\/\/secure.gravatar.com\/avatar\/dde2928154642a13d95f87ddf1ea9718fe2b46760a005c53e41ff5ad610704e6?s=96&d=mm&r=g","contentUrl":"https:\/\/secure.gravatar.com\/avatar\/dde2928154642a13d95f87ddf1ea9718fe2b46760a005c53e41ff5ad610704e6?s=96&d=mm&r=g","caption":"Nexo Informativo"},"url":"https:\/\/www.nexoinformativo.mx\/index.php\/author\/edicion\/"}]}},"_links":{"self":[{"href":"https:\/\/www.nexoinformativo.mx\/index.php\/wp-json\/wp\/v2\/posts\/8930","targetHints":{"allow":["GET"]}}],"collection":[{"href":"https:\/\/www.nexoinformativo.mx\/index.php\/wp-json\/wp\/v2\/posts"}],"about":[{"href":"https:\/\/www.nexoinformativo.mx\/index.php\/wp-json\/wp\/v2\/types\/post"}],"author":[{"embeddable":true,"href":"https:\/\/www.nexoinformativo.mx\/index.php\/wp-json\/wp\/v2\/users\/3"}],"replies":[{"embeddable":true,"href":"https:\/\/www.nexoinformativo.mx\/index.php\/wp-json\/wp\/v2\/comments?post=8930"}],"version-history":[{"count":4,"href":"https:\/\/www.nexoinformativo.mx\/index.php\/wp-json\/wp\/v2\/posts\/8930\/revisions"}],"predecessor-version":[{"id":8949,"href":"https:\/\/www.nexoinformativo.mx\/index.php\/wp-json\/wp\/v2\/posts\/8930\/revisions\/8949"}],"wp:featuredmedia":[{"embeddable":true,"href":"https:\/\/www.nexoinformativo.mx\/index.php\/wp-json\/wp\/v2\/media\/8931"}],"wp:attachment":[{"href":"https:\/\/www.nexoinformativo.mx\/index.php\/wp-json\/wp\/v2\/media?parent=8930"}],"wp:term":[{"taxonomy":"category","embeddable":true,"href":"https:\/\/www.nexoinformativo.mx\/index.php\/wp-json\/wp\/v2\/categories?post=8930"},{"taxonomy":"post_tag","embeddable":true,"href":"https:\/\/www.nexoinformativo.mx\/index.php\/wp-json\/wp\/v2\/tags?post=8930"}],"curies":[{"name":"wp","href":"https:\/\/api.w.org\/{rel}","templated":true}]}}