{"id":8933,"date":"2024-12-28T07:00:18","date_gmt":"2024-12-28T13:00:18","guid":{"rendered":"https:\/\/www.nexoinformativo.mx\/?p=8933"},"modified":"2024-12-28T10:59:19","modified_gmt":"2024-12-28T16:59:19","slug":"alerta-sanitaria-aumenta-el-numero-de-casos-de-dengue-en-queretaro-con-dos-nuevas-defunciones","status":"publish","type":"post","link":"https:\/\/www.nexoinformativo.mx\/index.php\/2024\/12\/28\/alerta-sanitaria-aumenta-el-numero-de-casos-de-dengue-en-queretaro-con-dos-nuevas-defunciones\/","title":{"rendered":"Alerta sanitaria: Aumenta el n\u00famero de casos de dengue en Quer\u00e9taro con dos nuevas defunciones"},"content":{"rendered":"<p style=\"text-align: justify;\" data-sourcepos=\"9:1-9:259\">Las autoridades sanitarias de Quer\u00e9taro han encendido las alertas ante el incremento de casos de dengue en el estado. En las \u00faltimas semanas se han registrado 15 nuevos contagios y, lamentablemente, dos personas han perdido la vida a causa de esta enfermedad.<\/p>\n<\/p>\n<p>&nbsp;<\/p>\n<p style=\"text-align: justify;\" data-sourcepos=\"11:1-11:197\">Con estos nuevos datos, el n\u00famero total de casos de dengue en Quer\u00e9taro asciende a 2,853, desde el inicio del a\u00f1o. Los municipios m\u00e1s afectados son Quer\u00e9taro, Pe\u00f1amiller, Jalpan de Serra y Tolim\u00e1n.<\/p>\n<\/p>\n<p>&nbsp;<\/p>\n<p style=\"text-align: justify;\" data-sourcepos=\"13:1-13:304\">La Secretar\u00eda de Salud ha intensificado las acciones de prevenci\u00f3n y control del dengue, como la eliminaci\u00f3n de criaderos de mosquitos, la aplicaci\u00f3n de insecticidas y campa\u00f1as de concientizaci\u00f3n. Sin embargo, es fundamental la colaboraci\u00f3n de la ciudadan\u00eda para evitar la propagaci\u00f3n de esta enfermedad.<\/p>\n<\/p>\n<p>&nbsp;<\/p>\n<p style=\"text-align: justify;\" data-sourcepos=\"15:1-15:29\"><strong>\u00bfC\u00f3mo prevenir el dengue?<\/strong><\/p>\n<ul style=\"text-align: justify;\" data-sourcepos=\"17:1-20:0\">\n<li data-sourcepos=\"17:1-17:127\">Elimina criaderos: Revisa tu hogar y jard\u00edn en busca de recipientes con agua estancada, como llantas, macetas y botellas.<\/li>\n<li data-sourcepos=\"18:1-18:120\">Prot\u00e9gete de las picaduras: Utiliza repelente de insectos, ropa que cubra la mayor parte del cuerpo y mosquiteros.<\/li>\n<li data-sourcepos=\"19:1-20:0\">Acude al m\u00e9dico: Ante los primeros s\u00edntomas (fiebre, dolor de cabeza, dolores musculares, sarpullido), consulta a un m\u00e9dico de inmediato.<\/li>\n<\/ul>\n<p>&nbsp;<\/p>\n<p style=\"text-align: justify;\" data-sourcepos=\"21:1-21:39\"><strong>Recomendaciones de las autoridades:<\/strong><\/p>\n<ul style=\"text-align: justify;\" data-sourcepos=\"23:1-26:0\">\n<li data-sourcepos=\"23:1-23:162\">Permitir el acceso a las brigadas de salud: Facilita el trabajo de los brigadistas para que puedan realizar las acciones de control del mosquito transmisor.<\/li>\n<li data-sourcepos=\"24:1-24:99\">Mantener limpios los dep\u00f3sitos de agua: Lava y tapa todos los recipientes que almacenen agua.<\/li>\n<li data-sourcepos=\"25:1-26:0\">No automedicarse: Si presentas s\u00edntomas, acude a una unidad de salud para recibir el tratamiento adecuado.<\/li>\n<\/ul>\n<p>&nbsp;<\/p>\n<p style=\"text-align: justify;\" data-sourcepos=\"27:1-27:17\"><strong>Cifras clave:<\/strong><\/p>\n<ul data-sourcepos=\"29:1-33:0\">\n<li style=\"text-align: justify;\" data-sourcepos=\"29:1-29:45\">2,853 casos de dengue en lo que va del a\u00f1o.<\/li>\n<li style=\"text-align: justify;\" data-sourcepos=\"30:1-30:27\">5 defunciones por dengue.<\/li>\n<li style=\"text-align: justify;\" data-sourcepos=\"31:1-31:40\">15 nuevos casos en los \u00faltimos 8 d\u00edas.<\/li>\n<li style=\"text-align: justify;\" data-sourcepos=\"32:1-33:0\">Los municipios m\u00e1s afectados son Quer\u00e9taro, Pe\u00f1amiller, Jalpan de Serra y Tolim\u00e1n.<\/li>\n<\/ul>\n<p>&nbsp;<\/p>\n<p style=\"text-align: center;\"><em><strong>\u00a1Informaci\u00f3n que transforma!<\/strong><\/em><\/p>\n","protected":false},"excerpt":{"rendered":"<p>Las autoridades sanitarias de Quer\u00e9taro han encendido las alertas ante el incremento de casos de dengue en el estado. En las \u00faltimas semanas se han registrado 15 nuevos contagios y, lamentablemente, dos personas han perdido la vida a causa de esta enfermedad.<\/p>\n","protected":false},"author":3,"featured_media":8934,"comment_status":"open","ping_status":"open","sticky":false,"template":"","format":"standard","meta":{"footnotes":""},"categories":[42,58],"tags":[2868,318,948,319],"class_list":["post-8933","post","type-post","status-publish","format-standard","has-post-thumbnail","hentry","category-estado","category-ultima-hora","tag-alertasanitaria","tag-denguequeretaro","tag-prevenciondengue","tag-saludpublica"],"yoast_head":"<!-- This site is optimized with the Yoast SEO plugin v25.0 - https:\/\/yoast.com\/wordpress\/plugins\/seo\/ -->\n<title>Alerta sanitaria: Aumenta el n\u00famero de casos de dengue en Quer\u00e9taro con dos nuevas defunciones | Nexo Informativo Santiago de Quer\u00e9taro<\/title>\n<meta name=\"description\" content=\"Alerta sanitaria: Aumenta el n\u00famero de casos de dengue en Quer\u00e9taro con dos nuevas defunciones\" \/>\n<meta name=\"robots\" content=\"index, follow, max-snippet:-1, max-image-preview:large, max-video-preview:-1\" \/>\n<link rel=\"canonical\" href=\"https:\/\/www.nexoinformativo.mx\/index.php\/2024\/12\/28\/alerta-sanitaria-aumenta-el-numero-de-casos-de-dengue-en-queretaro-con-dos-nuevas-defunciones\/\" \/>\n<meta property=\"og:locale\" content=\"es_MX\" \/>\n<meta property=\"og:type\" content=\"article\" \/>\n<meta property=\"og:title\" content=\"Alerta sanitaria: Aumenta el n\u00famero de casos de dengue en Quer\u00e9taro con dos nuevas defunciones | Nexo Informativo Santiago de Quer\u00e9taro\" \/>\n<meta property=\"og:description\" content=\"Alerta sanitaria: Aumenta el n\u00famero de casos de dengue en Quer\u00e9taro con dos nuevas defunciones\" \/>\n<meta property=\"og:url\" content=\"https:\/\/www.nexoinformativo.mx\/index.php\/2024\/12\/28\/alerta-sanitaria-aumenta-el-numero-de-casos-de-dengue-en-queretaro-con-dos-nuevas-defunciones\/\" \/>\n<meta property=\"og:site_name\" content=\"Nexo Informativo Santiago de Quer\u00e9taro\" \/>\n<meta property=\"article:publisher\" content=\"https:\/\/www.facebook.com\/people\/Nexo-Informativo\/61564066885511\/\" \/>\n<meta property=\"article:published_time\" content=\"2024-12-28T13:00:18+00:00\" \/>\n<meta property=\"article:modified_time\" content=\"2024-12-28T16:59:19+00:00\" \/>\n<meta property=\"og:image\" content=\"https:\/\/www.nexoinformativo.mx\/wp-content\/uploads\/2024\/12\/IMG_4047-scaled-e1735403897109.jpg\" \/>\n\t<meta property=\"og:image:width\" content=\"800\" \/>\n\t<meta property=\"og:image:height\" content=\"800\" \/>\n\t<meta property=\"og:image:type\" content=\"image\/jpeg\" \/>\n<meta name=\"author\" content=\"Nexo Informativo\" \/>\n<meta name=\"twitter:card\" content=\"summary_large_image\" \/>\n<meta name=\"twitter:label1\" content=\"Escrito por\" \/>\n\t<meta name=\"twitter:data1\" content=\"Nexo Informativo\" \/>\n\t<meta name=\"twitter:label2\" content=\"Tiempo de lectura\" \/>\n\t<meta name=\"twitter:data2\" content=\"2 minutos\" \/>\n<script type=\"application\/ld+json\" class=\"yoast-schema-graph\">{\"@context\":\"https:\/\/schema.org\",\"@graph\":[{\"@type\":\"Article\",\"@id\":\"https:\/\/www.nexoinformativo.mx\/index.php\/2024\/12\/28\/alerta-sanitaria-aumenta-el-numero-de-casos-de-dengue-en-queretaro-con-dos-nuevas-defunciones\/#article\",\"isPartOf\":{\"@id\":\"https:\/\/www.nexoinformativo.mx\/index.php\/2024\/12\/28\/alerta-sanitaria-aumenta-el-numero-de-casos-de-dengue-en-queretaro-con-dos-nuevas-defunciones\/\"},\"author\":{\"name\":\"Nexo Informativo\",\"@id\":\"https:\/\/www.nexoinformativo.mx\/#\/schema\/person\/7749d380ba08c8ca00d7bc76fd907b7d\"},\"headline\":\"Alerta sanitaria: Aumenta el n\u00famero de casos de dengue en Quer\u00e9taro con dos nuevas defunciones\",\"datePublished\":\"2024-12-28T13:00:18+00:00\",\"dateModified\":\"2024-12-28T16:59:19+00:00\",\"mainEntityOfPage\":{\"@id\":\"https:\/\/www.nexoinformativo.mx\/index.php\/2024\/12\/28\/alerta-sanitaria-aumenta-el-numero-de-casos-de-dengue-en-queretaro-con-dos-nuevas-defunciones\/\"},\"wordCount\":329,\"commentCount\":0,\"publisher\":{\"@id\":\"https:\/\/www.nexoinformativo.mx\/#organization\"},\"image\":{\"@id\":\"https:\/\/www.nexoinformativo.mx\/index.php\/2024\/12\/28\/alerta-sanitaria-aumenta-el-numero-de-casos-de-dengue-en-queretaro-con-dos-nuevas-defunciones\/#primaryimage\"},\"thumbnailUrl\":\"https:\/\/www.nexoinformativo.mx\/wp-content\/uploads\/2024\/12\/IMG_4047-scaled-e1735403897109.jpg\",\"keywords\":[\"AlertaSanitaria\",\"DengueQuer\u00e9taro\",\"Prevenci\u00f3nDengue\",\"SaludP\u00fablica\"],\"articleSection\":[\"Estado\",\"\u00daltima Hora\"],\"inLanguage\":\"es\",\"potentialAction\":[{\"@type\":\"CommentAction\",\"name\":\"Comment\",\"target\":[\"https:\/\/www.nexoinformativo.mx\/index.php\/2024\/12\/28\/alerta-sanitaria-aumenta-el-numero-de-casos-de-dengue-en-queretaro-con-dos-nuevas-defunciones\/#respond\"]}]},{\"@type\":\"WebPage\",\"@id\":\"https:\/\/www.nexoinformativo.mx\/index.php\/2024\/12\/28\/alerta-sanitaria-aumenta-el-numero-de-casos-de-dengue-en-queretaro-con-dos-nuevas-defunciones\/\",\"url\":\"https:\/\/www.nexoinformativo.mx\/index.php\/2024\/12\/28\/alerta-sanitaria-aumenta-el-numero-de-casos-de-dengue-en-queretaro-con-dos-nuevas-defunciones\/\",\"name\":\"Alerta sanitaria: Aumenta el n\u00famero de casos de dengue en Quer\u00e9taro con dos nuevas defunciones | Nexo Informativo Santiago de Quer\u00e9taro\",\"isPartOf\":{\"@id\":\"https:\/\/www.nexoinformativo.mx\/#website\"},\"primaryImageOfPage\":{\"@id\":\"https:\/\/www.nexoinformativo.mx\/index.php\/2024\/12\/28\/alerta-sanitaria-aumenta-el-numero-de-casos-de-dengue-en-queretaro-con-dos-nuevas-defunciones\/#primaryimage\"},\"image\":{\"@id\":\"https:\/\/www.nexoinformativo.mx\/index.php\/2024\/12\/28\/alerta-sanitaria-aumenta-el-numero-de-casos-de-dengue-en-queretaro-con-dos-nuevas-defunciones\/#primaryimage\"},\"thumbnailUrl\":\"https:\/\/www.nexoinformativo.mx\/wp-content\/uploads\/2024\/12\/IMG_4047-scaled-e1735403897109.jpg\",\"datePublished\":\"2024-12-28T13:00:18+00:00\",\"dateModified\":\"2024-12-28T16:59:19+00:00\",\"description\":\"Alerta sanitaria: Aumenta el n\u00famero de casos de dengue en Quer\u00e9taro con dos nuevas defunciones\",\"breadcrumb\":{\"@id\":\"https:\/\/www.nexoinformativo.mx\/index.php\/2024\/12\/28\/alerta-sanitaria-aumenta-el-numero-de-casos-de-dengue-en-queretaro-con-dos-nuevas-defunciones\/#breadcrumb\"},\"inLanguage\":\"es\",\"potentialAction\":[{\"@type\":\"ReadAction\",\"target\":[\"https:\/\/www.nexoinformativo.mx\/index.php\/2024\/12\/28\/alerta-sanitaria-aumenta-el-numero-de-casos-de-dengue-en-queretaro-con-dos-nuevas-defunciones\/\"]}]},{\"@type\":\"ImageObject\",\"inLanguage\":\"es\",\"@id\":\"https:\/\/www.nexoinformativo.mx\/index.php\/2024\/12\/28\/alerta-sanitaria-aumenta-el-numero-de-casos-de-dengue-en-queretaro-con-dos-nuevas-defunciones\/#primaryimage\",\"url\":\"https:\/\/www.nexoinformativo.mx\/wp-content\/uploads\/2024\/12\/IMG_4047-scaled-e1735403897109.jpg\",\"contentUrl\":\"https:\/\/www.nexoinformativo.mx\/wp-content\/uploads\/2024\/12\/IMG_4047-scaled-e1735403897109.jpg\",\"width\":800,\"height\":800},{\"@type\":\"BreadcrumbList\",\"@id\":\"https:\/\/www.nexoinformativo.mx\/index.php\/2024\/12\/28\/alerta-sanitaria-aumenta-el-numero-de-casos-de-dengue-en-queretaro-con-dos-nuevas-defunciones\/#breadcrumb\",\"itemListElement\":[{\"@type\":\"ListItem\",\"position\":1,\"name\":\"Inicio\",\"item\":\"https:\/\/www.nexoinformativo.mx\/\"},{\"@type\":\"ListItem\",\"position\":2,\"name\":\"Alerta sanitaria: Aumenta el n\u00famero de casos de dengue en Quer\u00e9taro con dos nuevas defunciones\"}]},{\"@type\":\"WebSite\",\"@id\":\"https:\/\/www.nexoinformativo.mx\/#website\",\"url\":\"https:\/\/www.nexoinformativo.mx\/\",\"name\":\"Nexo Informativo Santiago de Quer\u00e9taro\",\"description\":\"Explora NexoInformativo y convi\u00e9rtete en parte de una comunidad que valora el conocimiento y la verdad. Tu nexoinformativo es tu puente hacia una comprensi\u00f3n m\u00e1s profunda del mundo que te rodea.\",\"publisher\":{\"@id\":\"https:\/\/www.nexoinformativo.mx\/#organization\"},\"potentialAction\":[{\"@type\":\"SearchAction\",\"target\":{\"@type\":\"EntryPoint\",\"urlTemplate\":\"https:\/\/www.nexoinformativo.mx\/?s={search_term_string}\"},\"query-input\":{\"@type\":\"PropertyValueSpecification\",\"valueRequired\":true,\"valueName\":\"search_term_string\"}}],\"inLanguage\":\"es\"},{\"@type\":\"Organization\",\"@id\":\"https:\/\/www.nexoinformativo.mx\/#organization\",\"name\":\"Nexo Informativo Santiago de Quer\u00e9taro\",\"url\":\"https:\/\/www.nexoinformativo.mx\/\",\"logo\":{\"@type\":\"ImageObject\",\"inLanguage\":\"es\",\"@id\":\"https:\/\/www.nexoinformativo.mx\/#\/schema\/logo\/image\/\",\"url\":\"https:\/\/www.nexoinformativo.mx\/wp-content\/uploads\/2024\/07\/nexoi-trasparente-2.png\",\"contentUrl\":\"https:\/\/www.nexoinformativo.mx\/wp-content\/uploads\/2024\/07\/nexoi-trasparente-2.png\",\"width\":816,\"height\":339,\"caption\":\"Nexo Informativo Santiago de Quer\u00e9taro\"},\"image\":{\"@id\":\"https:\/\/www.nexoinformativo.mx\/#\/schema\/logo\/image\/\"},\"sameAs\":[\"https:\/\/www.facebook.com\/people\/Nexo-Informativo\/61564066885511\/\"]},{\"@type\":\"Person\",\"@id\":\"https:\/\/www.nexoinformativo.mx\/#\/schema\/person\/7749d380ba08c8ca00d7bc76fd907b7d\",\"name\":\"Nexo Informativo\",\"image\":{\"@type\":\"ImageObject\",\"inLanguage\":\"es\",\"@id\":\"https:\/\/www.nexoinformativo.mx\/#\/schema\/person\/image\/\",\"url\":\"https:\/\/secure.gravatar.com\/avatar\/dde2928154642a13d95f87ddf1ea9718fe2b46760a005c53e41ff5ad610704e6?s=96&d=mm&r=g\",\"contentUrl\":\"https:\/\/secure.gravatar.com\/avatar\/dde2928154642a13d95f87ddf1ea9718fe2b46760a005c53e41ff5ad610704e6?s=96&d=mm&r=g\",\"caption\":\"Nexo Informativo\"},\"url\":\"https:\/\/www.nexoinformativo.mx\/index.php\/author\/edicion\/\"}]}<\/script>\n<!-- \/ Yoast SEO plugin. -->","yoast_head_json":{"title":"Alerta sanitaria: Aumenta el n\u00famero de casos de dengue en Quer\u00e9taro con dos nuevas defunciones | Nexo Informativo Santiago de Quer\u00e9taro","description":"Alerta sanitaria: Aumenta el n\u00famero de casos de dengue en Quer\u00e9taro con dos nuevas defunciones","robots":{"index":"index","follow":"follow","max-snippet":"max-snippet:-1","max-image-preview":"max-image-preview:large","max-video-preview":"max-video-preview:-1"},"canonical":"https:\/\/www.nexoinformativo.mx\/index.php\/2024\/12\/28\/alerta-sanitaria-aumenta-el-numero-de-casos-de-dengue-en-queretaro-con-dos-nuevas-defunciones\/","og_locale":"es_MX","og_type":"article","og_title":"Alerta sanitaria: Aumenta el n\u00famero de casos de dengue en Quer\u00e9taro con dos nuevas defunciones | Nexo Informativo Santiago de Quer\u00e9taro","og_description":"Alerta sanitaria: Aumenta el n\u00famero de casos de dengue en Quer\u00e9taro con dos nuevas defunciones","og_url":"https:\/\/www.nexoinformativo.mx\/index.php\/2024\/12\/28\/alerta-sanitaria-aumenta-el-numero-de-casos-de-dengue-en-queretaro-con-dos-nuevas-defunciones\/","og_site_name":"Nexo Informativo Santiago de Quer\u00e9taro","article_publisher":"https:\/\/www.facebook.com\/people\/Nexo-Informativo\/61564066885511\/","article_published_time":"2024-12-28T13:00:18+00:00","article_modified_time":"2024-12-28T16:59:19+00:00","og_image":[{"width":800,"height":800,"url":"https:\/\/www.nexoinformativo.mx\/wp-content\/uploads\/2024\/12\/IMG_4047-scaled-e1735403897109.jpg","type":"image\/jpeg"}],"author":"Nexo Informativo","twitter_card":"summary_large_image","twitter_misc":{"Escrito por":"Nexo Informativo","Tiempo de lectura":"2 minutos"},"schema":{"@context":"https:\/\/schema.org","@graph":[{"@type":"Article","@id":"https:\/\/www.nexoinformativo.mx\/index.php\/2024\/12\/28\/alerta-sanitaria-aumenta-el-numero-de-casos-de-dengue-en-queretaro-con-dos-nuevas-defunciones\/#article","isPartOf":{"@id":"https:\/\/www.nexoinformativo.mx\/index.php\/2024\/12\/28\/alerta-sanitaria-aumenta-el-numero-de-casos-de-dengue-en-queretaro-con-dos-nuevas-defunciones\/"},"author":{"name":"Nexo Informativo","@id":"https:\/\/www.nexoinformativo.mx\/#\/schema\/person\/7749d380ba08c8ca00d7bc76fd907b7d"},"headline":"Alerta sanitaria: Aumenta el n\u00famero de casos de dengue en Quer\u00e9taro con dos nuevas defunciones","datePublished":"2024-12-28T13:00:18+00:00","dateModified":"2024-12-28T16:59:19+00:00","mainEntityOfPage":{"@id":"https:\/\/www.nexoinformativo.mx\/index.php\/2024\/12\/28\/alerta-sanitaria-aumenta-el-numero-de-casos-de-dengue-en-queretaro-con-dos-nuevas-defunciones\/"},"wordCount":329,"commentCount":0,"publisher":{"@id":"https:\/\/www.nexoinformativo.mx\/#organization"},"image":{"@id":"https:\/\/www.nexoinformativo.mx\/index.php\/2024\/12\/28\/alerta-sanitaria-aumenta-el-numero-de-casos-de-dengue-en-queretaro-con-dos-nuevas-defunciones\/#primaryimage"},"thumbnailUrl":"https:\/\/www.nexoinformativo.mx\/wp-content\/uploads\/2024\/12\/IMG_4047-scaled-e1735403897109.jpg","keywords":["AlertaSanitaria","DengueQuer\u00e9taro","Prevenci\u00f3nDengue","SaludP\u00fablica"],"articleSection":["Estado","\u00daltima Hora"],"inLanguage":"es","potentialAction":[{"@type":"CommentAction","name":"Comment","target":["https:\/\/www.nexoinformativo.mx\/index.php\/2024\/12\/28\/alerta-sanitaria-aumenta-el-numero-de-casos-de-dengue-en-queretaro-con-dos-nuevas-defunciones\/#respond"]}]},{"@type":"WebPage","@id":"https:\/\/www.nexoinformativo.mx\/index.php\/2024\/12\/28\/alerta-sanitaria-aumenta-el-numero-de-casos-de-dengue-en-queretaro-con-dos-nuevas-defunciones\/","url":"https:\/\/www.nexoinformativo.mx\/index.php\/2024\/12\/28\/alerta-sanitaria-aumenta-el-numero-de-casos-de-dengue-en-queretaro-con-dos-nuevas-defunciones\/","name":"Alerta sanitaria: Aumenta el n\u00famero de casos de dengue en Quer\u00e9taro con dos nuevas defunciones | Nexo Informativo Santiago de Quer\u00e9taro","isPartOf":{"@id":"https:\/\/www.nexoinformativo.mx\/#website"},"primaryImageOfPage":{"@id":"https:\/\/www.nexoinformativo.mx\/index.php\/2024\/12\/28\/alerta-sanitaria-aumenta-el-numero-de-casos-de-dengue-en-queretaro-con-dos-nuevas-defunciones\/#primaryimage"},"image":{"@id":"https:\/\/www.nexoinformativo.mx\/index.php\/2024\/12\/28\/alerta-sanitaria-aumenta-el-numero-de-casos-de-dengue-en-queretaro-con-dos-nuevas-defunciones\/#primaryimage"},"thumbnailUrl":"https:\/\/www.nexoinformativo.mx\/wp-content\/uploads\/2024\/12\/IMG_4047-scaled-e1735403897109.jpg","datePublished":"2024-12-28T13:00:18+00:00","dateModified":"2024-12-28T16:59:19+00:00","description":"Alerta sanitaria: Aumenta el n\u00famero de casos de dengue en Quer\u00e9taro con dos nuevas defunciones","breadcrumb":{"@id":"https:\/\/www.nexoinformativo.mx\/index.php\/2024\/12\/28\/alerta-sanitaria-aumenta-el-numero-de-casos-de-dengue-en-queretaro-con-dos-nuevas-defunciones\/#breadcrumb"},"inLanguage":"es","potentialAction":[{"@type":"ReadAction","target":["https:\/\/www.nexoinformativo.mx\/index.php\/2024\/12\/28\/alerta-sanitaria-aumenta-el-numero-de-casos-de-dengue-en-queretaro-con-dos-nuevas-defunciones\/"]}]},{"@type":"ImageObject","inLanguage":"es","@id":"https:\/\/www.nexoinformativo.mx\/index.php\/2024\/12\/28\/alerta-sanitaria-aumenta-el-numero-de-casos-de-dengue-en-queretaro-con-dos-nuevas-defunciones\/#primaryimage","url":"https:\/\/www.nexoinformativo.mx\/wp-content\/uploads\/2024\/12\/IMG_4047-scaled-e1735403897109.jpg","contentUrl":"https:\/\/www.nexoinformativo.mx\/wp-content\/uploads\/2024\/12\/IMG_4047-scaled-e1735403897109.jpg","width":800,"height":800},{"@type":"BreadcrumbList","@id":"https:\/\/www.nexoinformativo.mx\/index.php\/2024\/12\/28\/alerta-sanitaria-aumenta-el-numero-de-casos-de-dengue-en-queretaro-con-dos-nuevas-defunciones\/#breadcrumb","itemListElement":[{"@type":"ListItem","position":1,"name":"Inicio","item":"https:\/\/www.nexoinformativo.mx\/"},{"@type":"ListItem","position":2,"name":"Alerta sanitaria: Aumenta el n\u00famero de casos de dengue en Quer\u00e9taro con dos nuevas defunciones"}]},{"@type":"WebSite","@id":"https:\/\/www.nexoinformativo.mx\/#website","url":"https:\/\/www.nexoinformativo.mx\/","name":"Nexo Informativo Santiago de Quer\u00e9taro","description":"Explora NexoInformativo y convi\u00e9rtete en parte de una comunidad que valora el conocimiento y la verdad. Tu nexoinformativo es tu puente hacia una comprensi\u00f3n m\u00e1s profunda del mundo que te rodea.","publisher":{"@id":"https:\/\/www.nexoinformativo.mx\/#organization"},"potentialAction":[{"@type":"SearchAction","target":{"@type":"EntryPoint","urlTemplate":"https:\/\/www.nexoinformativo.mx\/?s={search_term_string}"},"query-input":{"@type":"PropertyValueSpecification","valueRequired":true,"valueName":"search_term_string"}}],"inLanguage":"es"},{"@type":"Organization","@id":"https:\/\/www.nexoinformativo.mx\/#organization","name":"Nexo Informativo Santiago de Quer\u00e9taro","url":"https:\/\/www.nexoinformativo.mx\/","logo":{"@type":"ImageObject","inLanguage":"es","@id":"https:\/\/www.nexoinformativo.mx\/#\/schema\/logo\/image\/","url":"https:\/\/www.nexoinformativo.mx\/wp-content\/uploads\/2024\/07\/nexoi-trasparente-2.png","contentUrl":"https:\/\/www.nexoinformativo.mx\/wp-content\/uploads\/2024\/07\/nexoi-trasparente-2.png","width":816,"height":339,"caption":"Nexo Informativo Santiago de Quer\u00e9taro"},"image":{"@id":"https:\/\/www.nexoinformativo.mx\/#\/schema\/logo\/image\/"},"sameAs":["https:\/\/www.facebook.com\/people\/Nexo-Informativo\/61564066885511\/"]},{"@type":"Person","@id":"https:\/\/www.nexoinformativo.mx\/#\/schema\/person\/7749d380ba08c8ca00d7bc76fd907b7d","name":"Nexo Informativo","image":{"@type":"ImageObject","inLanguage":"es","@id":"https:\/\/www.nexoinformativo.mx\/#\/schema\/person\/image\/","url":"https:\/\/secure.gravatar.com\/avatar\/dde2928154642a13d95f87ddf1ea9718fe2b46760a005c53e41ff5ad610704e6?s=96&d=mm&r=g","contentUrl":"https:\/\/secure.gravatar.com\/avatar\/dde2928154642a13d95f87ddf1ea9718fe2b46760a005c53e41ff5ad610704e6?s=96&d=mm&r=g","caption":"Nexo Informativo"},"url":"https:\/\/www.nexoinformativo.mx\/index.php\/author\/edicion\/"}]}},"_links":{"self":[{"href":"https:\/\/www.nexoinformativo.mx\/index.php\/wp-json\/wp\/v2\/posts\/8933","targetHints":{"allow":["GET"]}}],"collection":[{"href":"https:\/\/www.nexoinformativo.mx\/index.php\/wp-json\/wp\/v2\/posts"}],"about":[{"href":"https:\/\/www.nexoinformativo.mx\/index.php\/wp-json\/wp\/v2\/types\/post"}],"author":[{"embeddable":true,"href":"https:\/\/www.nexoinformativo.mx\/index.php\/wp-json\/wp\/v2\/users\/3"}],"replies":[{"embeddable":true,"href":"https:\/\/www.nexoinformativo.mx\/index.php\/wp-json\/wp\/v2\/comments?post=8933"}],"version-history":[{"count":3,"href":"https:\/\/www.nexoinformativo.mx\/index.php\/wp-json\/wp\/v2\/posts\/8933\/revisions"}],"predecessor-version":[{"id":8951,"href":"https:\/\/www.nexoinformativo.mx\/index.php\/wp-json\/wp\/v2\/posts\/8933\/revisions\/8951"}],"wp:featuredmedia":[{"embeddable":true,"href":"https:\/\/www.nexoinformativo.mx\/index.php\/wp-json\/wp\/v2\/media\/8934"}],"wp:attachment":[{"href":"https:\/\/www.nexoinformativo.mx\/index.php\/wp-json\/wp\/v2\/media?parent=8933"}],"wp:term":[{"taxonomy":"category","embeddable":true,"href":"https:\/\/www.nexoinformativo.mx\/index.php\/wp-json\/wp\/v2\/categories?post=8933"},{"taxonomy":"post_tag","embeddable":true,"href":"https:\/\/www.nexoinformativo.mx\/index.php\/wp-json\/wp\/v2\/tags?post=8933"}],"curies":[{"name":"wp","href":"https:\/\/api.w.org\/{rel}","templated":true}]}}