{"id":894,"date":"2024-08-26T09:00:00","date_gmt":"2024-08-26T15:00:00","guid":{"rendered":"https:\/\/www.nexoinformativo.mx\/?p=894"},"modified":"2024-08-27T19:45:24","modified_gmt":"2024-08-28T01:45:24","slug":"queretaro-recupera-y-supera-el-abandono-escolar-en-preparatorias","status":"publish","type":"post","link":"https:\/\/www.nexoinformativo.mx\/index.php\/2024\/08\/26\/queretaro-recupera-y-supera-el-abandono-escolar-en-preparatorias\/","title":{"rendered":"Quer\u00e9taro recupera y supera el abandono escolar en preparatorias"},"content":{"rendered":"\r\n<p style=\"text-align: justify;\">En un avance significativo para la educaci\u00f3n en Quer\u00e9taro, m\u00e1s de 10 mil estudiantes que hab\u00edan abandonado la preparatoria han regresado a las aulas. Martha Elena Soto, secretaria de educaci\u00f3n del Gobierno del Estado, destac\u00f3 que durante la pandemia, 7 mil j\u00f3venes dejaron sus estudios, pero ahora no solo se ha recuperado esa cifra, sino que se ha superado, alcanzando los 10 mil estudiantes reincorporados.<\/p>\r\n<p class=\"justificado\" style=\"margin-top: var(--wp--preset--spacing--10); margin-bottom: var(--wp--preset--spacing--10);\">\r\n\r\n<\/p>\r\n<p style=\"text-align: justify;\">Durante el evento <strong>&#8220;Caf\u00e9 con Kuri&#8221;,<\/strong> la secretaria tambi\u00e9n inform\u00f3 que al inicio de la actual administraci\u00f3n, solo 57 de cada 100 estudiantes lograban concluir la preparatoria, una cifra que ha aumentado a 63 de cada 100, lo que representa un incremento del 10 por ciento.<\/p>\r\n<p class=\"justificado\" style=\"margin-top: var(--wp--preset--spacing--10); margin-bottom: var(--wp--preset--spacing--10);\">\r\n\r\n<\/p>\r\n<p style=\"text-align: justify;\">Adem\u00e1s, Soto resalt\u00f3 los esfuerzos del gobierno estatal en infraestructura educativa, se\u00f1alando que durante esta administraci\u00f3n se han entregado tres obras por semana y se han construido seis nuevas escuelas en municipios como Quer\u00e9taro, Cadereyta, El Marqu\u00e9s, Corregidora y San Juan del R\u00edo.\u00a0En total, se han invertido m\u00e1s de 81 millones de pesos en infraestructura para instituciones federales y en 11 instituciones estatales en todos los municipios de la entidad.<\/p>\r\n<p class=\"justificado\" style=\"margin-top: var(--wp--preset--spacing--10); margin-bottom: var(--wp--preset--spacing--10);\">\r\n\r\n<\/p>\r\n<p style=\"text-align: justify;\">As\u00ed mismo, se han destinado 450 millones de pesos para el equipamiento tecnol\u00f3gico de diversas escuelas, fortaleciendo as\u00ed la calidad educativa en la regi\u00f3n.<\/p>\r\n<p class=\"justificado\" style=\"margin-top: var(--wp--preset--spacing--10); margin-bottom: var(--wp--preset--spacing--10);\"><\/p>","protected":false},"excerpt":{"rendered":"<p>En un avance significativo para la educaci\u00f3n en Quer\u00e9taro, m\u00e1s de 10 mil estudiantes que hab\u00edan abandonado la preparatoria han regresado a las aulas. Martha Elena Soto, secretaria de educaci\u00f3n del Gobierno del Estado, destac\u00f3 que durante la pandemia, 7 mil j\u00f3venes dejaron sus estudios, pero ahora no solo se ha recuperado esa cifra, sino [&hellip;]<\/p>\n","protected":false},"author":3,"featured_media":897,"comment_status":"open","ping_status":"open","sticky":false,"template":"","format":"standard","meta":{"footnotes":""},"categories":[42],"tags":[200,199,198,197,183,196],"class_list":["post-894","post","type-post","status-publish","format-standard","has-post-thumbnail","hentry","category-estado","tag-cafeconkuri","tag-futuroenmarcha","tag-infraestructuraeducativs","tag-quereto","tag-regresoaclasesqueretaro","tag-regresoalaprepa"],"yoast_head":"<!-- This site is optimized with the Yoast SEO plugin v25.0 - https:\/\/yoast.com\/wordpress\/plugins\/seo\/ -->\n<title>Quer\u00e9taro recupera y supera el abandono escolar en preparatorias | Nexo Informativo Santiago de Quer\u00e9taro<\/title>\n<meta name=\"robots\" content=\"index, follow, max-snippet:-1, max-image-preview:large, max-video-preview:-1\" \/>\n<link rel=\"canonical\" href=\"https:\/\/www.nexoinformativo.mx\/index.php\/2024\/08\/26\/queretaro-recupera-y-supera-el-abandono-escolar-en-preparatorias\/\" \/>\n<meta property=\"og:locale\" content=\"es_MX\" \/>\n<meta property=\"og:type\" content=\"article\" \/>\n<meta property=\"og:title\" content=\"Quer\u00e9taro recupera y supera el abandono escolar en preparatorias | Nexo Informativo Santiago de Quer\u00e9taro\" \/>\n<meta property=\"og:description\" content=\"En un avance significativo para la educaci\u00f3n en Quer\u00e9taro, m\u00e1s de 10 mil estudiantes que hab\u00edan abandonado la preparatoria han regresado a las aulas. Martha Elena Soto, secretaria de educaci\u00f3n del Gobierno del Estado, destac\u00f3 que durante la pandemia, 7 mil j\u00f3venes dejaron sus estudios, pero ahora no solo se ha recuperado esa cifra, sino [&hellip;]\" \/>\n<meta property=\"og:url\" content=\"https:\/\/www.nexoinformativo.mx\/index.php\/2024\/08\/26\/queretaro-recupera-y-supera-el-abandono-escolar-en-preparatorias\/\" \/>\n<meta property=\"og:site_name\" content=\"Nexo Informativo Santiago de Quer\u00e9taro\" \/>\n<meta property=\"article:publisher\" content=\"https:\/\/www.facebook.com\/people\/Nexo-Informativo\/61564066885511\/\" \/>\n<meta property=\"article:published_time\" content=\"2024-08-26T15:00:00+00:00\" \/>\n<meta property=\"article:modified_time\" content=\"2024-08-28T01:45:24+00:00\" \/>\n<meta property=\"og:image\" content=\"https:\/\/www.nexoinformativo.mx\/wp-content\/uploads\/2024\/08\/PHOTO-2024-08-26-13-40-49-e1724701935380.jpg\" \/>\n\t<meta property=\"og:image:width\" content=\"800\" \/>\n\t<meta property=\"og:image:height\" content=\"617\" \/>\n\t<meta property=\"og:image:type\" content=\"image\/jpeg\" \/>\n<meta name=\"author\" content=\"Nexo Informativo\" \/>\n<meta name=\"twitter:card\" content=\"summary_large_image\" \/>\n<meta name=\"twitter:label1\" content=\"Escrito por\" \/>\n\t<meta name=\"twitter:data1\" content=\"Nexo Informativo\" \/>\n\t<meta name=\"twitter:label2\" content=\"Tiempo de lectura\" \/>\n\t<meta name=\"twitter:data2\" content=\"1 minuto\" \/>\n<script type=\"application\/ld+json\" class=\"yoast-schema-graph\">{\"@context\":\"https:\/\/schema.org\",\"@graph\":[{\"@type\":\"Article\",\"@id\":\"https:\/\/www.nexoinformativo.mx\/index.php\/2024\/08\/26\/queretaro-recupera-y-supera-el-abandono-escolar-en-preparatorias\/#article\",\"isPartOf\":{\"@id\":\"https:\/\/www.nexoinformativo.mx\/index.php\/2024\/08\/26\/queretaro-recupera-y-supera-el-abandono-escolar-en-preparatorias\/\"},\"author\":{\"name\":\"Nexo Informativo\",\"@id\":\"https:\/\/www.nexoinformativo.mx\/#\/schema\/person\/7749d380ba08c8ca00d7bc76fd907b7d\"},\"headline\":\"Quer\u00e9taro recupera y supera el abandono escolar en preparatorias\",\"datePublished\":\"2024-08-26T15:00:00+00:00\",\"dateModified\":\"2024-08-28T01:45:24+00:00\",\"mainEntityOfPage\":{\"@id\":\"https:\/\/www.nexoinformativo.mx\/index.php\/2024\/08\/26\/queretaro-recupera-y-supera-el-abandono-escolar-en-preparatorias\/\"},\"wordCount\":222,\"commentCount\":0,\"publisher\":{\"@id\":\"https:\/\/www.nexoinformativo.mx\/#organization\"},\"image\":{\"@id\":\"https:\/\/www.nexoinformativo.mx\/index.php\/2024\/08\/26\/queretaro-recupera-y-supera-el-abandono-escolar-en-preparatorias\/#primaryimage\"},\"thumbnailUrl\":\"https:\/\/www.nexoinformativo.mx\/wp-content\/uploads\/2024\/08\/PHOTO-2024-08-26-13-40-49-e1724701935380.jpg\",\"keywords\":[\"CafeConKuri\",\"FuturoEnMarcha\",\"InfraestructuraEducativs\",\"Quereto\",\"RegresoAclasesQueretaro\",\"RegresoAlaprepa\"],\"articleSection\":[\"Estado\"],\"inLanguage\":\"es\",\"potentialAction\":[{\"@type\":\"CommentAction\",\"name\":\"Comment\",\"target\":[\"https:\/\/www.nexoinformativo.mx\/index.php\/2024\/08\/26\/queretaro-recupera-y-supera-el-abandono-escolar-en-preparatorias\/#respond\"]}]},{\"@type\":\"WebPage\",\"@id\":\"https:\/\/www.nexoinformativo.mx\/index.php\/2024\/08\/26\/queretaro-recupera-y-supera-el-abandono-escolar-en-preparatorias\/\",\"url\":\"https:\/\/www.nexoinformativo.mx\/index.php\/2024\/08\/26\/queretaro-recupera-y-supera-el-abandono-escolar-en-preparatorias\/\",\"name\":\"Quer\u00e9taro recupera y supera el abandono escolar en preparatorias | Nexo Informativo Santiago de Quer\u00e9taro\",\"isPartOf\":{\"@id\":\"https:\/\/www.nexoinformativo.mx\/#website\"},\"primaryImageOfPage\":{\"@id\":\"https:\/\/www.nexoinformativo.mx\/index.php\/2024\/08\/26\/queretaro-recupera-y-supera-el-abandono-escolar-en-preparatorias\/#primaryimage\"},\"image\":{\"@id\":\"https:\/\/www.nexoinformativo.mx\/index.php\/2024\/08\/26\/queretaro-recupera-y-supera-el-abandono-escolar-en-preparatorias\/#primaryimage\"},\"thumbnailUrl\":\"https:\/\/www.nexoinformativo.mx\/wp-content\/uploads\/2024\/08\/PHOTO-2024-08-26-13-40-49-e1724701935380.jpg\",\"datePublished\":\"2024-08-26T15:00:00+00:00\",\"dateModified\":\"2024-08-28T01:45:24+00:00\",\"breadcrumb\":{\"@id\":\"https:\/\/www.nexoinformativo.mx\/index.php\/2024\/08\/26\/queretaro-recupera-y-supera-el-abandono-escolar-en-preparatorias\/#breadcrumb\"},\"inLanguage\":\"es\",\"potentialAction\":[{\"@type\":\"ReadAction\",\"target\":[\"https:\/\/www.nexoinformativo.mx\/index.php\/2024\/08\/26\/queretaro-recupera-y-supera-el-abandono-escolar-en-preparatorias\/\"]}]},{\"@type\":\"ImageObject\",\"inLanguage\":\"es\",\"@id\":\"https:\/\/www.nexoinformativo.mx\/index.php\/2024\/08\/26\/queretaro-recupera-y-supera-el-abandono-escolar-en-preparatorias\/#primaryimage\",\"url\":\"https:\/\/www.nexoinformativo.mx\/wp-content\/uploads\/2024\/08\/PHOTO-2024-08-26-13-40-49-e1724701935380.jpg\",\"contentUrl\":\"https:\/\/www.nexoinformativo.mx\/wp-content\/uploads\/2024\/08\/PHOTO-2024-08-26-13-40-49-e1724701935380.jpg\",\"width\":800,\"height\":617},{\"@type\":\"BreadcrumbList\",\"@id\":\"https:\/\/www.nexoinformativo.mx\/index.php\/2024\/08\/26\/queretaro-recupera-y-supera-el-abandono-escolar-en-preparatorias\/#breadcrumb\",\"itemListElement\":[{\"@type\":\"ListItem\",\"position\":1,\"name\":\"Inicio\",\"item\":\"https:\/\/www.nexoinformativo.mx\/\"},{\"@type\":\"ListItem\",\"position\":2,\"name\":\"Quer\u00e9taro recupera y supera el abandono escolar en preparatorias\"}]},{\"@type\":\"WebSite\",\"@id\":\"https:\/\/www.nexoinformativo.mx\/#website\",\"url\":\"https:\/\/www.nexoinformativo.mx\/\",\"name\":\"Nexo Informativo Santiago de Quer\u00e9taro\",\"description\":\"Explora NexoInformativo y convi\u00e9rtete en parte de una comunidad que valora el conocimiento y la verdad. Tu nexoinformativo es tu puente hacia una comprensi\u00f3n m\u00e1s profunda del mundo que te rodea.\",\"publisher\":{\"@id\":\"https:\/\/www.nexoinformativo.mx\/#organization\"},\"potentialAction\":[{\"@type\":\"SearchAction\",\"target\":{\"@type\":\"EntryPoint\",\"urlTemplate\":\"https:\/\/www.nexoinformativo.mx\/?s={search_term_string}\"},\"query-input\":{\"@type\":\"PropertyValueSpecification\",\"valueRequired\":true,\"valueName\":\"search_term_string\"}}],\"inLanguage\":\"es\"},{\"@type\":\"Organization\",\"@id\":\"https:\/\/www.nexoinformativo.mx\/#organization\",\"name\":\"Nexo Informativo Santiago de Quer\u00e9taro\",\"url\":\"https:\/\/www.nexoinformativo.mx\/\",\"logo\":{\"@type\":\"ImageObject\",\"inLanguage\":\"es\",\"@id\":\"https:\/\/www.nexoinformativo.mx\/#\/schema\/logo\/image\/\",\"url\":\"https:\/\/www.nexoinformativo.mx\/wp-content\/uploads\/2024\/07\/nexoi-trasparente-2.png\",\"contentUrl\":\"https:\/\/www.nexoinformativo.mx\/wp-content\/uploads\/2024\/07\/nexoi-trasparente-2.png\",\"width\":816,\"height\":339,\"caption\":\"Nexo Informativo Santiago de Quer\u00e9taro\"},\"image\":{\"@id\":\"https:\/\/www.nexoinformativo.mx\/#\/schema\/logo\/image\/\"},\"sameAs\":[\"https:\/\/www.facebook.com\/people\/Nexo-Informativo\/61564066885511\/\"]},{\"@type\":\"Person\",\"@id\":\"https:\/\/www.nexoinformativo.mx\/#\/schema\/person\/7749d380ba08c8ca00d7bc76fd907b7d\",\"name\":\"Nexo Informativo\",\"image\":{\"@type\":\"ImageObject\",\"inLanguage\":\"es\",\"@id\":\"https:\/\/www.nexoinformativo.mx\/#\/schema\/person\/image\/\",\"url\":\"https:\/\/secure.gravatar.com\/avatar\/dde2928154642a13d95f87ddf1ea9718fe2b46760a005c53e41ff5ad610704e6?s=96&d=mm&r=g\",\"contentUrl\":\"https:\/\/secure.gravatar.com\/avatar\/dde2928154642a13d95f87ddf1ea9718fe2b46760a005c53e41ff5ad610704e6?s=96&d=mm&r=g\",\"caption\":\"Nexo Informativo\"},\"url\":\"https:\/\/www.nexoinformativo.mx\/index.php\/author\/edicion\/\"}]}<\/script>\n<!-- \/ Yoast SEO plugin. -->","yoast_head_json":{"title":"Quer\u00e9taro recupera y supera el abandono escolar en preparatorias | Nexo Informativo Santiago de Quer\u00e9taro","robots":{"index":"index","follow":"follow","max-snippet":"max-snippet:-1","max-image-preview":"max-image-preview:large","max-video-preview":"max-video-preview:-1"},"canonical":"https:\/\/www.nexoinformativo.mx\/index.php\/2024\/08\/26\/queretaro-recupera-y-supera-el-abandono-escolar-en-preparatorias\/","og_locale":"es_MX","og_type":"article","og_title":"Quer\u00e9taro recupera y supera el abandono escolar en preparatorias | Nexo Informativo Santiago de Quer\u00e9taro","og_description":"En un avance significativo para la educaci\u00f3n en Quer\u00e9taro, m\u00e1s de 10 mil estudiantes que hab\u00edan abandonado la preparatoria han regresado a las aulas. Martha Elena Soto, secretaria de educaci\u00f3n del Gobierno del Estado, destac\u00f3 que durante la pandemia, 7 mil j\u00f3venes dejaron sus estudios, pero ahora no solo se ha recuperado esa cifra, sino [&hellip;]","og_url":"https:\/\/www.nexoinformativo.mx\/index.php\/2024\/08\/26\/queretaro-recupera-y-supera-el-abandono-escolar-en-preparatorias\/","og_site_name":"Nexo Informativo Santiago de Quer\u00e9taro","article_publisher":"https:\/\/www.facebook.com\/people\/Nexo-Informativo\/61564066885511\/","article_published_time":"2024-08-26T15:00:00+00:00","article_modified_time":"2024-08-28T01:45:24+00:00","og_image":[{"width":800,"height":617,"url":"https:\/\/www.nexoinformativo.mx\/wp-content\/uploads\/2024\/08\/PHOTO-2024-08-26-13-40-49-e1724701935380.jpg","type":"image\/jpeg"}],"author":"Nexo Informativo","twitter_card":"summary_large_image","twitter_misc":{"Escrito por":"Nexo Informativo","Tiempo de lectura":"1 minuto"},"schema":{"@context":"https:\/\/schema.org","@graph":[{"@type":"Article","@id":"https:\/\/www.nexoinformativo.mx\/index.php\/2024\/08\/26\/queretaro-recupera-y-supera-el-abandono-escolar-en-preparatorias\/#article","isPartOf":{"@id":"https:\/\/www.nexoinformativo.mx\/index.php\/2024\/08\/26\/queretaro-recupera-y-supera-el-abandono-escolar-en-preparatorias\/"},"author":{"name":"Nexo Informativo","@id":"https:\/\/www.nexoinformativo.mx\/#\/schema\/person\/7749d380ba08c8ca00d7bc76fd907b7d"},"headline":"Quer\u00e9taro recupera y supera el abandono escolar en preparatorias","datePublished":"2024-08-26T15:00:00+00:00","dateModified":"2024-08-28T01:45:24+00:00","mainEntityOfPage":{"@id":"https:\/\/www.nexoinformativo.mx\/index.php\/2024\/08\/26\/queretaro-recupera-y-supera-el-abandono-escolar-en-preparatorias\/"},"wordCount":222,"commentCount":0,"publisher":{"@id":"https:\/\/www.nexoinformativo.mx\/#organization"},"image":{"@id":"https:\/\/www.nexoinformativo.mx\/index.php\/2024\/08\/26\/queretaro-recupera-y-supera-el-abandono-escolar-en-preparatorias\/#primaryimage"},"thumbnailUrl":"https:\/\/www.nexoinformativo.mx\/wp-content\/uploads\/2024\/08\/PHOTO-2024-08-26-13-40-49-e1724701935380.jpg","keywords":["CafeConKuri","FuturoEnMarcha","InfraestructuraEducativs","Quereto","RegresoAclasesQueretaro","RegresoAlaprepa"],"articleSection":["Estado"],"inLanguage":"es","potentialAction":[{"@type":"CommentAction","name":"Comment","target":["https:\/\/www.nexoinformativo.mx\/index.php\/2024\/08\/26\/queretaro-recupera-y-supera-el-abandono-escolar-en-preparatorias\/#respond"]}]},{"@type":"WebPage","@id":"https:\/\/www.nexoinformativo.mx\/index.php\/2024\/08\/26\/queretaro-recupera-y-supera-el-abandono-escolar-en-preparatorias\/","url":"https:\/\/www.nexoinformativo.mx\/index.php\/2024\/08\/26\/queretaro-recupera-y-supera-el-abandono-escolar-en-preparatorias\/","name":"Quer\u00e9taro recupera y supera el abandono escolar en preparatorias | Nexo Informativo Santiago de Quer\u00e9taro","isPartOf":{"@id":"https:\/\/www.nexoinformativo.mx\/#website"},"primaryImageOfPage":{"@id":"https:\/\/www.nexoinformativo.mx\/index.php\/2024\/08\/26\/queretaro-recupera-y-supera-el-abandono-escolar-en-preparatorias\/#primaryimage"},"image":{"@id":"https:\/\/www.nexoinformativo.mx\/index.php\/2024\/08\/26\/queretaro-recupera-y-supera-el-abandono-escolar-en-preparatorias\/#primaryimage"},"thumbnailUrl":"https:\/\/www.nexoinformativo.mx\/wp-content\/uploads\/2024\/08\/PHOTO-2024-08-26-13-40-49-e1724701935380.jpg","datePublished":"2024-08-26T15:00:00+00:00","dateModified":"2024-08-28T01:45:24+00:00","breadcrumb":{"@id":"https:\/\/www.nexoinformativo.mx\/index.php\/2024\/08\/26\/queretaro-recupera-y-supera-el-abandono-escolar-en-preparatorias\/#breadcrumb"},"inLanguage":"es","potentialAction":[{"@type":"ReadAction","target":["https:\/\/www.nexoinformativo.mx\/index.php\/2024\/08\/26\/queretaro-recupera-y-supera-el-abandono-escolar-en-preparatorias\/"]}]},{"@type":"ImageObject","inLanguage":"es","@id":"https:\/\/www.nexoinformativo.mx\/index.php\/2024\/08\/26\/queretaro-recupera-y-supera-el-abandono-escolar-en-preparatorias\/#primaryimage","url":"https:\/\/www.nexoinformativo.mx\/wp-content\/uploads\/2024\/08\/PHOTO-2024-08-26-13-40-49-e1724701935380.jpg","contentUrl":"https:\/\/www.nexoinformativo.mx\/wp-content\/uploads\/2024\/08\/PHOTO-2024-08-26-13-40-49-e1724701935380.jpg","width":800,"height":617},{"@type":"BreadcrumbList","@id":"https:\/\/www.nexoinformativo.mx\/index.php\/2024\/08\/26\/queretaro-recupera-y-supera-el-abandono-escolar-en-preparatorias\/#breadcrumb","itemListElement":[{"@type":"ListItem","position":1,"name":"Inicio","item":"https:\/\/www.nexoinformativo.mx\/"},{"@type":"ListItem","position":2,"name":"Quer\u00e9taro recupera y supera el abandono escolar en preparatorias"}]},{"@type":"WebSite","@id":"https:\/\/www.nexoinformativo.mx\/#website","url":"https:\/\/www.nexoinformativo.mx\/","name":"Nexo Informativo Santiago de Quer\u00e9taro","description":"Explora NexoInformativo y convi\u00e9rtete en parte de una comunidad que valora el conocimiento y la verdad. Tu nexoinformativo es tu puente hacia una comprensi\u00f3n m\u00e1s profunda del mundo que te rodea.","publisher":{"@id":"https:\/\/www.nexoinformativo.mx\/#organization"},"potentialAction":[{"@type":"SearchAction","target":{"@type":"EntryPoint","urlTemplate":"https:\/\/www.nexoinformativo.mx\/?s={search_term_string}"},"query-input":{"@type":"PropertyValueSpecification","valueRequired":true,"valueName":"search_term_string"}}],"inLanguage":"es"},{"@type":"Organization","@id":"https:\/\/www.nexoinformativo.mx\/#organization","name":"Nexo Informativo Santiago de Quer\u00e9taro","url":"https:\/\/www.nexoinformativo.mx\/","logo":{"@type":"ImageObject","inLanguage":"es","@id":"https:\/\/www.nexoinformativo.mx\/#\/schema\/logo\/image\/","url":"https:\/\/www.nexoinformativo.mx\/wp-content\/uploads\/2024\/07\/nexoi-trasparente-2.png","contentUrl":"https:\/\/www.nexoinformativo.mx\/wp-content\/uploads\/2024\/07\/nexoi-trasparente-2.png","width":816,"height":339,"caption":"Nexo Informativo Santiago de Quer\u00e9taro"},"image":{"@id":"https:\/\/www.nexoinformativo.mx\/#\/schema\/logo\/image\/"},"sameAs":["https:\/\/www.facebook.com\/people\/Nexo-Informativo\/61564066885511\/"]},{"@type":"Person","@id":"https:\/\/www.nexoinformativo.mx\/#\/schema\/person\/7749d380ba08c8ca00d7bc76fd907b7d","name":"Nexo Informativo","image":{"@type":"ImageObject","inLanguage":"es","@id":"https:\/\/www.nexoinformativo.mx\/#\/schema\/person\/image\/","url":"https:\/\/secure.gravatar.com\/avatar\/dde2928154642a13d95f87ddf1ea9718fe2b46760a005c53e41ff5ad610704e6?s=96&d=mm&r=g","contentUrl":"https:\/\/secure.gravatar.com\/avatar\/dde2928154642a13d95f87ddf1ea9718fe2b46760a005c53e41ff5ad610704e6?s=96&d=mm&r=g","caption":"Nexo Informativo"},"url":"https:\/\/www.nexoinformativo.mx\/index.php\/author\/edicion\/"}]}},"_links":{"self":[{"href":"https:\/\/www.nexoinformativo.mx\/index.php\/wp-json\/wp\/v2\/posts\/894","targetHints":{"allow":["GET"]}}],"collection":[{"href":"https:\/\/www.nexoinformativo.mx\/index.php\/wp-json\/wp\/v2\/posts"}],"about":[{"href":"https:\/\/www.nexoinformativo.mx\/index.php\/wp-json\/wp\/v2\/types\/post"}],"author":[{"embeddable":true,"href":"https:\/\/www.nexoinformativo.mx\/index.php\/wp-json\/wp\/v2\/users\/3"}],"replies":[{"embeddable":true,"href":"https:\/\/www.nexoinformativo.mx\/index.php\/wp-json\/wp\/v2\/comments?post=894"}],"version-history":[{"count":10,"href":"https:\/\/www.nexoinformativo.mx\/index.php\/wp-json\/wp\/v2\/posts\/894\/revisions"}],"predecessor-version":[{"id":1024,"href":"https:\/\/www.nexoinformativo.mx\/index.php\/wp-json\/wp\/v2\/posts\/894\/revisions\/1024"}],"wp:featuredmedia":[{"embeddable":true,"href":"https:\/\/www.nexoinformativo.mx\/index.php\/wp-json\/wp\/v2\/media\/897"}],"wp:attachment":[{"href":"https:\/\/www.nexoinformativo.mx\/index.php\/wp-json\/wp\/v2\/media?parent=894"}],"wp:term":[{"taxonomy":"category","embeddable":true,"href":"https:\/\/www.nexoinformativo.mx\/index.php\/wp-json\/wp\/v2\/categories?post=894"},{"taxonomy":"post_tag","embeddable":true,"href":"https:\/\/www.nexoinformativo.mx\/index.php\/wp-json\/wp\/v2\/tags?post=894"}],"curies":[{"name":"wp","href":"https:\/\/api.w.org\/{rel}","templated":true}]}}