{"id":8963,"date":"2024-12-28T14:00:22","date_gmt":"2024-12-28T20:00:22","guid":{"rendered":"https:\/\/www.nexoinformativo.mx\/?p=8963"},"modified":"2024-12-28T18:50:49","modified_gmt":"2024-12-29T00:50:49","slug":"un-peligro-latente-mas-de-20-mujeres-afectadas-por-cirujana-estetica-sin-cedula-profesional","status":"publish","type":"post","link":"https:\/\/www.nexoinformativo.mx\/index.php\/2024\/12\/28\/un-peligro-latente-mas-de-20-mujeres-afectadas-por-cirujana-estetica-sin-cedula-profesional\/","title":{"rendered":"M\u00e1s de 20 mujeres afectadas por cirujana est\u00e9tica sin c\u00e9dula profesional"},"content":{"rendered":"<p style=\"text-align: justify;\" data-sourcepos=\"9:1-9:298\">La crisis sanitaria por cirug\u00edas est\u00e9ticas clandestinas contin\u00faa en Quer\u00e9taro. La Fiscal\u00eda General del Estado ha confirmado un preocupante aumento en las denuncias contra una mujer que se hac\u00eda pasar por cirujana, elevando el n\u00famero de v\u00edctimas a 22.<\/p>\n<p>&nbsp;<\/p>\n<p style=\"text-align: justify;\" data-sourcepos=\"11:1-11:212\">Las mujeres afectadas han denunciado complicaciones de salud graves tras someterse a procedimientos est\u00e9ticos realizados por la imputada, quien carec\u00eda de la c\u00e9dula profesional necesaria para ejercer la medicina.<\/p>\n<p>&nbsp;<\/p>\n<p style=\"text-align: justify;\" data-sourcepos=\"13:1-13:217\">Ante la gravedad de los hechos, la autoridad judicial ha vinculado a proceso a la mujer por segunda ocasi\u00f3n, imponi\u00e9ndole prisi\u00f3n preventiva justificada por los delitos de usurpaci\u00f3n de profesiones y lesiones dolosas.<\/p>\n<p>&nbsp;<\/p>\n<p style=\"text-align: justify;\" data-sourcepos=\"15:1-15:334\">Las investigaciones contin\u00faan en marcha, y la Fiscal\u00eda ha hecho un llamado a la ciudadan\u00eda a extremar precauciones al elegir a un profesional para realizar cualquier procedimiento m\u00e9dico o est\u00e9tico. Es fundamental verificar las credenciales y certificaciones de los m\u00e9dicos, as\u00ed como consultar los registros de la Secretar\u00eda de Salud.<\/p>\n<p>&nbsp;<\/p>\n<p style=\"text-align: center;\" data-sourcepos=\"17:1-17:148\"><em><strong>\u00a1Informaci\u00f3n que transforma!<\/strong><\/em><\/p>\n","protected":false},"excerpt":{"rendered":"<p>La crisis sanitaria por cirug\u00edas est\u00e9ticas clandestinas contin\u00faa en Quer\u00e9taro. La Fiscal\u00eda General del Estado ha confirmado un preocupante aumento en las denuncias contra una mujer que se hac\u00eda pasar por cirujana, elevando el n\u00famero de v\u00edctimas a 22.<\/p>\n","protected":false},"author":3,"featured_media":8964,"comment_status":"open","ping_status":"open","sticky":false,"template":"","format":"standard","meta":{"footnotes":""},"categories":[137,58],"tags":[2879,2881,1197,2880],"class_list":["post-8963","post","type-post","status-publish","format-standard","has-post-thumbnail","hentry","category-sucesos","category-ultima-hora","tag-cirugiaesteticasegura","tag-falsacirujana","tag-justiciaparalasvictimas","tag-saludprimero"],"yoast_head":"<!-- This site is optimized with the Yoast SEO plugin v25.0 - https:\/\/yoast.com\/wordpress\/plugins\/seo\/ -->\n<title>M\u00e1s de 20 mujeres afectadas por cirujana est\u00e9tica sin c\u00e9dula profesional | Nexo Informativo Santiago de Quer\u00e9taro<\/title>\n<meta name=\"description\" content=\"Un peligro latente: M\u00e1s de 20 mujeres afectadas por cirujana est\u00e9tica sin c\u00e9dula profesional\" \/>\n<meta name=\"robots\" content=\"index, follow, max-snippet:-1, max-image-preview:large, max-video-preview:-1\" \/>\n<link rel=\"canonical\" href=\"https:\/\/www.nexoinformativo.mx\/index.php\/2024\/12\/28\/un-peligro-latente-mas-de-20-mujeres-afectadas-por-cirujana-estetica-sin-cedula-profesional\/\" \/>\n<meta property=\"og:locale\" content=\"es_MX\" \/>\n<meta property=\"og:type\" content=\"article\" \/>\n<meta property=\"og:title\" content=\"M\u00e1s de 20 mujeres afectadas por cirujana est\u00e9tica sin c\u00e9dula profesional | Nexo Informativo Santiago de Quer\u00e9taro\" \/>\n<meta property=\"og:description\" content=\"Un peligro latente: M\u00e1s de 20 mujeres afectadas por cirujana est\u00e9tica sin c\u00e9dula profesional\" \/>\n<meta property=\"og:url\" content=\"https:\/\/www.nexoinformativo.mx\/index.php\/2024\/12\/28\/un-peligro-latente-mas-de-20-mujeres-afectadas-por-cirujana-estetica-sin-cedula-profesional\/\" \/>\n<meta property=\"og:site_name\" content=\"Nexo Informativo Santiago de Quer\u00e9taro\" \/>\n<meta property=\"article:publisher\" content=\"https:\/\/www.facebook.com\/people\/Nexo-Informativo\/61564066885511\/\" \/>\n<meta property=\"article:published_time\" content=\"2024-12-28T20:00:22+00:00\" \/>\n<meta property=\"article:modified_time\" content=\"2024-12-29T00:50:49+00:00\" \/>\n<meta property=\"og:image\" content=\"https:\/\/www.nexoinformativo.mx\/wp-content\/uploads\/2024\/12\/PHOTO-2024-12-28-16-01-23-e1735427443827.jpg\" \/>\n\t<meta property=\"og:image:width\" content=\"800\" \/>\n\t<meta property=\"og:image:height\" content=\"504\" \/>\n\t<meta property=\"og:image:type\" content=\"image\/jpeg\" \/>\n<meta name=\"author\" content=\"Nexo Informativo\" \/>\n<meta name=\"twitter:card\" content=\"summary_large_image\" \/>\n<meta name=\"twitter:label1\" content=\"Escrito por\" \/>\n\t<meta name=\"twitter:data1\" content=\"Nexo Informativo\" \/>\n\t<meta name=\"twitter:label2\" content=\"Tiempo de lectura\" \/>\n\t<meta name=\"twitter:data2\" content=\"1 minuto\" \/>\n<script type=\"application\/ld+json\" class=\"yoast-schema-graph\">{\"@context\":\"https:\/\/schema.org\",\"@graph\":[{\"@type\":\"Article\",\"@id\":\"https:\/\/www.nexoinformativo.mx\/index.php\/2024\/12\/28\/un-peligro-latente-mas-de-20-mujeres-afectadas-por-cirujana-estetica-sin-cedula-profesional\/#article\",\"isPartOf\":{\"@id\":\"https:\/\/www.nexoinformativo.mx\/index.php\/2024\/12\/28\/un-peligro-latente-mas-de-20-mujeres-afectadas-por-cirujana-estetica-sin-cedula-profesional\/\"},\"author\":{\"name\":\"Nexo Informativo\",\"@id\":\"https:\/\/www.nexoinformativo.mx\/#\/schema\/person\/7749d380ba08c8ca00d7bc76fd907b7d\"},\"headline\":\"M\u00e1s de 20 mujeres afectadas por cirujana est\u00e9tica sin c\u00e9dula profesional\",\"datePublished\":\"2024-12-28T20:00:22+00:00\",\"dateModified\":\"2024-12-29T00:50:49+00:00\",\"mainEntityOfPage\":{\"@id\":\"https:\/\/www.nexoinformativo.mx\/index.php\/2024\/12\/28\/un-peligro-latente-mas-de-20-mujeres-afectadas-por-cirujana-estetica-sin-cedula-profesional\/\"},\"wordCount\":193,\"commentCount\":0,\"publisher\":{\"@id\":\"https:\/\/www.nexoinformativo.mx\/#organization\"},\"image\":{\"@id\":\"https:\/\/www.nexoinformativo.mx\/index.php\/2024\/12\/28\/un-peligro-latente-mas-de-20-mujeres-afectadas-por-cirujana-estetica-sin-cedula-profesional\/#primaryimage\"},\"thumbnailUrl\":\"https:\/\/www.nexoinformativo.mx\/wp-content\/uploads\/2024\/12\/PHOTO-2024-12-28-16-01-23-e1735427443827.jpg\",\"keywords\":[\"Cirug\u00edaEst\u00e9ticaSegura\",\"FalsaCirujana\",\"JusticiaParaLasV\u00edctimas\",\"SaludPrimero\"],\"articleSection\":[\"Sucesos\",\"\u00daltima Hora\"],\"inLanguage\":\"es\",\"potentialAction\":[{\"@type\":\"CommentAction\",\"name\":\"Comment\",\"target\":[\"https:\/\/www.nexoinformativo.mx\/index.php\/2024\/12\/28\/un-peligro-latente-mas-de-20-mujeres-afectadas-por-cirujana-estetica-sin-cedula-profesional\/#respond\"]}]},{\"@type\":\"WebPage\",\"@id\":\"https:\/\/www.nexoinformativo.mx\/index.php\/2024\/12\/28\/un-peligro-latente-mas-de-20-mujeres-afectadas-por-cirujana-estetica-sin-cedula-profesional\/\",\"url\":\"https:\/\/www.nexoinformativo.mx\/index.php\/2024\/12\/28\/un-peligro-latente-mas-de-20-mujeres-afectadas-por-cirujana-estetica-sin-cedula-profesional\/\",\"name\":\"M\u00e1s de 20 mujeres afectadas por cirujana est\u00e9tica sin c\u00e9dula profesional | Nexo Informativo Santiago de Quer\u00e9taro\",\"isPartOf\":{\"@id\":\"https:\/\/www.nexoinformativo.mx\/#website\"},\"primaryImageOfPage\":{\"@id\":\"https:\/\/www.nexoinformativo.mx\/index.php\/2024\/12\/28\/un-peligro-latente-mas-de-20-mujeres-afectadas-por-cirujana-estetica-sin-cedula-profesional\/#primaryimage\"},\"image\":{\"@id\":\"https:\/\/www.nexoinformativo.mx\/index.php\/2024\/12\/28\/un-peligro-latente-mas-de-20-mujeres-afectadas-por-cirujana-estetica-sin-cedula-profesional\/#primaryimage\"},\"thumbnailUrl\":\"https:\/\/www.nexoinformativo.mx\/wp-content\/uploads\/2024\/12\/PHOTO-2024-12-28-16-01-23-e1735427443827.jpg\",\"datePublished\":\"2024-12-28T20:00:22+00:00\",\"dateModified\":\"2024-12-29T00:50:49+00:00\",\"description\":\"Un peligro latente: M\u00e1s de 20 mujeres afectadas por cirujana est\u00e9tica sin c\u00e9dula profesional\",\"breadcrumb\":{\"@id\":\"https:\/\/www.nexoinformativo.mx\/index.php\/2024\/12\/28\/un-peligro-latente-mas-de-20-mujeres-afectadas-por-cirujana-estetica-sin-cedula-profesional\/#breadcrumb\"},\"inLanguage\":\"es\",\"potentialAction\":[{\"@type\":\"ReadAction\",\"target\":[\"https:\/\/www.nexoinformativo.mx\/index.php\/2024\/12\/28\/un-peligro-latente-mas-de-20-mujeres-afectadas-por-cirujana-estetica-sin-cedula-profesional\/\"]}]},{\"@type\":\"ImageObject\",\"inLanguage\":\"es\",\"@id\":\"https:\/\/www.nexoinformativo.mx\/index.php\/2024\/12\/28\/un-peligro-latente-mas-de-20-mujeres-afectadas-por-cirujana-estetica-sin-cedula-profesional\/#primaryimage\",\"url\":\"https:\/\/www.nexoinformativo.mx\/wp-content\/uploads\/2024\/12\/PHOTO-2024-12-28-16-01-23-e1735427443827.jpg\",\"contentUrl\":\"https:\/\/www.nexoinformativo.mx\/wp-content\/uploads\/2024\/12\/PHOTO-2024-12-28-16-01-23-e1735427443827.jpg\",\"width\":800,\"height\":504},{\"@type\":\"BreadcrumbList\",\"@id\":\"https:\/\/www.nexoinformativo.mx\/index.php\/2024\/12\/28\/un-peligro-latente-mas-de-20-mujeres-afectadas-por-cirujana-estetica-sin-cedula-profesional\/#breadcrumb\",\"itemListElement\":[{\"@type\":\"ListItem\",\"position\":1,\"name\":\"Inicio\",\"item\":\"https:\/\/www.nexoinformativo.mx\/\"},{\"@type\":\"ListItem\",\"position\":2,\"name\":\"M\u00e1s de 20 mujeres afectadas por cirujana est\u00e9tica sin c\u00e9dula profesional\"}]},{\"@type\":\"WebSite\",\"@id\":\"https:\/\/www.nexoinformativo.mx\/#website\",\"url\":\"https:\/\/www.nexoinformativo.mx\/\",\"name\":\"Nexo Informativo Santiago de Quer\u00e9taro\",\"description\":\"Explora NexoInformativo y convi\u00e9rtete en parte de una comunidad que valora el conocimiento y la verdad. Tu nexoinformativo es tu puente hacia una comprensi\u00f3n m\u00e1s profunda del mundo que te rodea.\",\"publisher\":{\"@id\":\"https:\/\/www.nexoinformativo.mx\/#organization\"},\"potentialAction\":[{\"@type\":\"SearchAction\",\"target\":{\"@type\":\"EntryPoint\",\"urlTemplate\":\"https:\/\/www.nexoinformativo.mx\/?s={search_term_string}\"},\"query-input\":{\"@type\":\"PropertyValueSpecification\",\"valueRequired\":true,\"valueName\":\"search_term_string\"}}],\"inLanguage\":\"es\"},{\"@type\":\"Organization\",\"@id\":\"https:\/\/www.nexoinformativo.mx\/#organization\",\"name\":\"Nexo Informativo Santiago de Quer\u00e9taro\",\"url\":\"https:\/\/www.nexoinformativo.mx\/\",\"logo\":{\"@type\":\"ImageObject\",\"inLanguage\":\"es\",\"@id\":\"https:\/\/www.nexoinformativo.mx\/#\/schema\/logo\/image\/\",\"url\":\"https:\/\/www.nexoinformativo.mx\/wp-content\/uploads\/2024\/07\/nexoi-trasparente-2.png\",\"contentUrl\":\"https:\/\/www.nexoinformativo.mx\/wp-content\/uploads\/2024\/07\/nexoi-trasparente-2.png\",\"width\":816,\"height\":339,\"caption\":\"Nexo Informativo Santiago de Quer\u00e9taro\"},\"image\":{\"@id\":\"https:\/\/www.nexoinformativo.mx\/#\/schema\/logo\/image\/\"},\"sameAs\":[\"https:\/\/www.facebook.com\/people\/Nexo-Informativo\/61564066885511\/\"]},{\"@type\":\"Person\",\"@id\":\"https:\/\/www.nexoinformativo.mx\/#\/schema\/person\/7749d380ba08c8ca00d7bc76fd907b7d\",\"name\":\"Nexo Informativo\",\"image\":{\"@type\":\"ImageObject\",\"inLanguage\":\"es\",\"@id\":\"https:\/\/www.nexoinformativo.mx\/#\/schema\/person\/image\/\",\"url\":\"https:\/\/secure.gravatar.com\/avatar\/dde2928154642a13d95f87ddf1ea9718fe2b46760a005c53e41ff5ad610704e6?s=96&d=mm&r=g\",\"contentUrl\":\"https:\/\/secure.gravatar.com\/avatar\/dde2928154642a13d95f87ddf1ea9718fe2b46760a005c53e41ff5ad610704e6?s=96&d=mm&r=g\",\"caption\":\"Nexo Informativo\"},\"url\":\"https:\/\/www.nexoinformativo.mx\/index.php\/author\/edicion\/\"}]}<\/script>\n<!-- \/ Yoast SEO plugin. -->","yoast_head_json":{"title":"M\u00e1s de 20 mujeres afectadas por cirujana est\u00e9tica sin c\u00e9dula profesional | Nexo Informativo Santiago de Quer\u00e9taro","description":"Un peligro latente: M\u00e1s de 20 mujeres afectadas por cirujana est\u00e9tica sin c\u00e9dula profesional","robots":{"index":"index","follow":"follow","max-snippet":"max-snippet:-1","max-image-preview":"max-image-preview:large","max-video-preview":"max-video-preview:-1"},"canonical":"https:\/\/www.nexoinformativo.mx\/index.php\/2024\/12\/28\/un-peligro-latente-mas-de-20-mujeres-afectadas-por-cirujana-estetica-sin-cedula-profesional\/","og_locale":"es_MX","og_type":"article","og_title":"M\u00e1s de 20 mujeres afectadas por cirujana est\u00e9tica sin c\u00e9dula profesional | Nexo Informativo Santiago de Quer\u00e9taro","og_description":"Un peligro latente: M\u00e1s de 20 mujeres afectadas por cirujana est\u00e9tica sin c\u00e9dula profesional","og_url":"https:\/\/www.nexoinformativo.mx\/index.php\/2024\/12\/28\/un-peligro-latente-mas-de-20-mujeres-afectadas-por-cirujana-estetica-sin-cedula-profesional\/","og_site_name":"Nexo Informativo Santiago de Quer\u00e9taro","article_publisher":"https:\/\/www.facebook.com\/people\/Nexo-Informativo\/61564066885511\/","article_published_time":"2024-12-28T20:00:22+00:00","article_modified_time":"2024-12-29T00:50:49+00:00","og_image":[{"width":800,"height":504,"url":"https:\/\/www.nexoinformativo.mx\/wp-content\/uploads\/2024\/12\/PHOTO-2024-12-28-16-01-23-e1735427443827.jpg","type":"image\/jpeg"}],"author":"Nexo Informativo","twitter_card":"summary_large_image","twitter_misc":{"Escrito por":"Nexo Informativo","Tiempo de lectura":"1 minuto"},"schema":{"@context":"https:\/\/schema.org","@graph":[{"@type":"Article","@id":"https:\/\/www.nexoinformativo.mx\/index.php\/2024\/12\/28\/un-peligro-latente-mas-de-20-mujeres-afectadas-por-cirujana-estetica-sin-cedula-profesional\/#article","isPartOf":{"@id":"https:\/\/www.nexoinformativo.mx\/index.php\/2024\/12\/28\/un-peligro-latente-mas-de-20-mujeres-afectadas-por-cirujana-estetica-sin-cedula-profesional\/"},"author":{"name":"Nexo Informativo","@id":"https:\/\/www.nexoinformativo.mx\/#\/schema\/person\/7749d380ba08c8ca00d7bc76fd907b7d"},"headline":"M\u00e1s de 20 mujeres afectadas por cirujana est\u00e9tica sin c\u00e9dula profesional","datePublished":"2024-12-28T20:00:22+00:00","dateModified":"2024-12-29T00:50:49+00:00","mainEntityOfPage":{"@id":"https:\/\/www.nexoinformativo.mx\/index.php\/2024\/12\/28\/un-peligro-latente-mas-de-20-mujeres-afectadas-por-cirujana-estetica-sin-cedula-profesional\/"},"wordCount":193,"commentCount":0,"publisher":{"@id":"https:\/\/www.nexoinformativo.mx\/#organization"},"image":{"@id":"https:\/\/www.nexoinformativo.mx\/index.php\/2024\/12\/28\/un-peligro-latente-mas-de-20-mujeres-afectadas-por-cirujana-estetica-sin-cedula-profesional\/#primaryimage"},"thumbnailUrl":"https:\/\/www.nexoinformativo.mx\/wp-content\/uploads\/2024\/12\/PHOTO-2024-12-28-16-01-23-e1735427443827.jpg","keywords":["Cirug\u00edaEst\u00e9ticaSegura","FalsaCirujana","JusticiaParaLasV\u00edctimas","SaludPrimero"],"articleSection":["Sucesos","\u00daltima Hora"],"inLanguage":"es","potentialAction":[{"@type":"CommentAction","name":"Comment","target":["https:\/\/www.nexoinformativo.mx\/index.php\/2024\/12\/28\/un-peligro-latente-mas-de-20-mujeres-afectadas-por-cirujana-estetica-sin-cedula-profesional\/#respond"]}]},{"@type":"WebPage","@id":"https:\/\/www.nexoinformativo.mx\/index.php\/2024\/12\/28\/un-peligro-latente-mas-de-20-mujeres-afectadas-por-cirujana-estetica-sin-cedula-profesional\/","url":"https:\/\/www.nexoinformativo.mx\/index.php\/2024\/12\/28\/un-peligro-latente-mas-de-20-mujeres-afectadas-por-cirujana-estetica-sin-cedula-profesional\/","name":"M\u00e1s de 20 mujeres afectadas por cirujana est\u00e9tica sin c\u00e9dula profesional | Nexo Informativo Santiago de Quer\u00e9taro","isPartOf":{"@id":"https:\/\/www.nexoinformativo.mx\/#website"},"primaryImageOfPage":{"@id":"https:\/\/www.nexoinformativo.mx\/index.php\/2024\/12\/28\/un-peligro-latente-mas-de-20-mujeres-afectadas-por-cirujana-estetica-sin-cedula-profesional\/#primaryimage"},"image":{"@id":"https:\/\/www.nexoinformativo.mx\/index.php\/2024\/12\/28\/un-peligro-latente-mas-de-20-mujeres-afectadas-por-cirujana-estetica-sin-cedula-profesional\/#primaryimage"},"thumbnailUrl":"https:\/\/www.nexoinformativo.mx\/wp-content\/uploads\/2024\/12\/PHOTO-2024-12-28-16-01-23-e1735427443827.jpg","datePublished":"2024-12-28T20:00:22+00:00","dateModified":"2024-12-29T00:50:49+00:00","description":"Un peligro latente: M\u00e1s de 20 mujeres afectadas por cirujana est\u00e9tica sin c\u00e9dula profesional","breadcrumb":{"@id":"https:\/\/www.nexoinformativo.mx\/index.php\/2024\/12\/28\/un-peligro-latente-mas-de-20-mujeres-afectadas-por-cirujana-estetica-sin-cedula-profesional\/#breadcrumb"},"inLanguage":"es","potentialAction":[{"@type":"ReadAction","target":["https:\/\/www.nexoinformativo.mx\/index.php\/2024\/12\/28\/un-peligro-latente-mas-de-20-mujeres-afectadas-por-cirujana-estetica-sin-cedula-profesional\/"]}]},{"@type":"ImageObject","inLanguage":"es","@id":"https:\/\/www.nexoinformativo.mx\/index.php\/2024\/12\/28\/un-peligro-latente-mas-de-20-mujeres-afectadas-por-cirujana-estetica-sin-cedula-profesional\/#primaryimage","url":"https:\/\/www.nexoinformativo.mx\/wp-content\/uploads\/2024\/12\/PHOTO-2024-12-28-16-01-23-e1735427443827.jpg","contentUrl":"https:\/\/www.nexoinformativo.mx\/wp-content\/uploads\/2024\/12\/PHOTO-2024-12-28-16-01-23-e1735427443827.jpg","width":800,"height":504},{"@type":"BreadcrumbList","@id":"https:\/\/www.nexoinformativo.mx\/index.php\/2024\/12\/28\/un-peligro-latente-mas-de-20-mujeres-afectadas-por-cirujana-estetica-sin-cedula-profesional\/#breadcrumb","itemListElement":[{"@type":"ListItem","position":1,"name":"Inicio","item":"https:\/\/www.nexoinformativo.mx\/"},{"@type":"ListItem","position":2,"name":"M\u00e1s de 20 mujeres afectadas por cirujana est\u00e9tica sin c\u00e9dula profesional"}]},{"@type":"WebSite","@id":"https:\/\/www.nexoinformativo.mx\/#website","url":"https:\/\/www.nexoinformativo.mx\/","name":"Nexo Informativo Santiago de Quer\u00e9taro","description":"Explora NexoInformativo y convi\u00e9rtete en parte de una comunidad que valora el conocimiento y la verdad. Tu nexoinformativo es tu puente hacia una comprensi\u00f3n m\u00e1s profunda del mundo que te rodea.","publisher":{"@id":"https:\/\/www.nexoinformativo.mx\/#organization"},"potentialAction":[{"@type":"SearchAction","target":{"@type":"EntryPoint","urlTemplate":"https:\/\/www.nexoinformativo.mx\/?s={search_term_string}"},"query-input":{"@type":"PropertyValueSpecification","valueRequired":true,"valueName":"search_term_string"}}],"inLanguage":"es"},{"@type":"Organization","@id":"https:\/\/www.nexoinformativo.mx\/#organization","name":"Nexo Informativo Santiago de Quer\u00e9taro","url":"https:\/\/www.nexoinformativo.mx\/","logo":{"@type":"ImageObject","inLanguage":"es","@id":"https:\/\/www.nexoinformativo.mx\/#\/schema\/logo\/image\/","url":"https:\/\/www.nexoinformativo.mx\/wp-content\/uploads\/2024\/07\/nexoi-trasparente-2.png","contentUrl":"https:\/\/www.nexoinformativo.mx\/wp-content\/uploads\/2024\/07\/nexoi-trasparente-2.png","width":816,"height":339,"caption":"Nexo Informativo Santiago de Quer\u00e9taro"},"image":{"@id":"https:\/\/www.nexoinformativo.mx\/#\/schema\/logo\/image\/"},"sameAs":["https:\/\/www.facebook.com\/people\/Nexo-Informativo\/61564066885511\/"]},{"@type":"Person","@id":"https:\/\/www.nexoinformativo.mx\/#\/schema\/person\/7749d380ba08c8ca00d7bc76fd907b7d","name":"Nexo Informativo","image":{"@type":"ImageObject","inLanguage":"es","@id":"https:\/\/www.nexoinformativo.mx\/#\/schema\/person\/image\/","url":"https:\/\/secure.gravatar.com\/avatar\/dde2928154642a13d95f87ddf1ea9718fe2b46760a005c53e41ff5ad610704e6?s=96&d=mm&r=g","contentUrl":"https:\/\/secure.gravatar.com\/avatar\/dde2928154642a13d95f87ddf1ea9718fe2b46760a005c53e41ff5ad610704e6?s=96&d=mm&r=g","caption":"Nexo Informativo"},"url":"https:\/\/www.nexoinformativo.mx\/index.php\/author\/edicion\/"}]}},"_links":{"self":[{"href":"https:\/\/www.nexoinformativo.mx\/index.php\/wp-json\/wp\/v2\/posts\/8963","targetHints":{"allow":["GET"]}}],"collection":[{"href":"https:\/\/www.nexoinformativo.mx\/index.php\/wp-json\/wp\/v2\/posts"}],"about":[{"href":"https:\/\/www.nexoinformativo.mx\/index.php\/wp-json\/wp\/v2\/types\/post"}],"author":[{"embeddable":true,"href":"https:\/\/www.nexoinformativo.mx\/index.php\/wp-json\/wp\/v2\/users\/3"}],"replies":[{"embeddable":true,"href":"https:\/\/www.nexoinformativo.mx\/index.php\/wp-json\/wp\/v2\/comments?post=8963"}],"version-history":[{"count":4,"href":"https:\/\/www.nexoinformativo.mx\/index.php\/wp-json\/wp\/v2\/posts\/8963\/revisions"}],"predecessor-version":[{"id":8974,"href":"https:\/\/www.nexoinformativo.mx\/index.php\/wp-json\/wp\/v2\/posts\/8963\/revisions\/8974"}],"wp:featuredmedia":[{"embeddable":true,"href":"https:\/\/www.nexoinformativo.mx\/index.php\/wp-json\/wp\/v2\/media\/8964"}],"wp:attachment":[{"href":"https:\/\/www.nexoinformativo.mx\/index.php\/wp-json\/wp\/v2\/media?parent=8963"}],"wp:term":[{"taxonomy":"category","embeddable":true,"href":"https:\/\/www.nexoinformativo.mx\/index.php\/wp-json\/wp\/v2\/categories?post=8963"},{"taxonomy":"post_tag","embeddable":true,"href":"https:\/\/www.nexoinformativo.mx\/index.php\/wp-json\/wp\/v2\/tags?post=8963"}],"curies":[{"name":"wp","href":"https:\/\/api.w.org\/{rel}","templated":true}]}}