{"id":8968,"date":"2024-12-28T16:00:02","date_gmt":"2024-12-28T22:00:02","guid":{"rendered":"https:\/\/www.nexoinformativo.mx\/?p=8968"},"modified":"2024-12-28T18:11:48","modified_gmt":"2024-12-29T00:11:48","slug":"tragedia-en-bodega-queretana-incendio-cobra-la-vida-de-un-trabajador","status":"publish","type":"post","link":"https:\/\/www.nexoinformativo.mx\/index.php\/2024\/12\/28\/tragedia-en-bodega-queretana-incendio-cobra-la-vida-de-un-trabajador\/","title":{"rendered":"Tragedia en bodega queretana: Incendio cobra la vida de un trabajador"},"content":{"rendered":"<p style=\"text-align: justify;\" data-sourcepos=\"11:1-11:211\">Un lamentable suceso enlut\u00f3 a la ciudad de Quer\u00e9taro este s\u00e1bado. Un incendio en una bodega comercial de la Central de Abasto dej\u00f3 como saldo una v\u00edctima mortal.<\/p>\n<\/p>\n<p>&nbsp;<\/p>\n<p style=\"text-align: justify;\" data-sourcepos=\"13:1-13:354\">El d\u00eda de hoy, se recibi\u00f3 el reporte de un incendio en un establecimiento ubicado en la colonia Plazas del Sol. De inmediato, elementos de Bomberos Quer\u00e9taro, la Secretar\u00eda de Seguridad P\u00fablica Municipal, el Centro Regulador de Urgencias M\u00e9dicas y la Coordinaci\u00f3n Estatal de Protecci\u00f3n Civil se trasladaron al lugar para atender la emergencia.<\/p>\n<\/p>\n<p>&nbsp;<\/p>\n<p style=\"text-align: justify;\" data-sourcepos=\"15:1-15:247\">Al llegar, los cuerpos de emergencia encontraron una bodega en llamas y lograron rescatar a un trabajador que se encontraba en su interior. A pesar de los esfuerzos de los param\u00e9dicos por brindarle atenci\u00f3n m\u00e9dica, el hombre falleci\u00f3 en el lugar.<\/p>\n<\/p>\n<p>&nbsp;<\/p>\n<p style=\"text-align: justify;\" data-sourcepos=\"17:1-17:366\">Las autoridades ya iniciaron las investigaciones correspondientes para determinar las causas del incendio y verificar si el establecimiento contaba con las medidas de seguridad necesarias para prevenir este tipo de incidentes.<\/p>\n<\/p>\n<p>&nbsp;<\/p>\n<p style=\"text-align: justify;\" data-sourcepos=\"17:1-17:366\">Personal de Protecci\u00f3n Civil realizar\u00e1 una inspecci\u00f3n exhaustiva para evaluar el cumplimiento de las normas en materia de protecci\u00f3n civil.<\/p>\n<\/p>\n<p>&nbsp;<\/p>\n<p style=\"text-align: center;\" data-sourcepos=\"17:1-17:366\"><em><strong>\u00a1Informaci\u00f3n que transforma!<\/strong><\/em><\/p>\n","protected":false},"excerpt":{"rendered":"<p>Un lamentable suceso enlut\u00f3 a la ciudad de Quer\u00e9taro este s\u00e1bado. Un incendio en una bodega comercial de la Central de Abasto dej\u00f3 como saldo una v\u00edctima mortal.<\/p>\n","protected":false},"author":3,"featured_media":8970,"comment_status":"open","ping_status":"open","sticky":false,"template":"","format":"standard","meta":{"footnotes":""},"categories":[137,58],"tags":[2882,976,154,1556],"class_list":["post-8968","post","type-post","status-publish","format-standard","has-post-thumbnail","hentry","category-sucesos","category-ultima-hora","tag-centraldeabasto","tag-incendioqueretaro","tag-proteccioncivil","tag-seguridadindustrial"],"yoast_head":"<!-- This site is optimized with the Yoast SEO plugin v25.0 - https:\/\/yoast.com\/wordpress\/plugins\/seo\/ -->\n<title>Tragedia en bodega queretana: Incendio cobra la vida de un trabajador | Nexo Informativo Santiago de Quer\u00e9taro<\/title>\n<meta name=\"description\" content=\"Tragedia en bodega queretana: Incendio cobra la vida de un trabajador\" \/>\n<meta name=\"robots\" content=\"index, follow, max-snippet:-1, max-image-preview:large, max-video-preview:-1\" \/>\n<link rel=\"canonical\" href=\"https:\/\/www.nexoinformativo.mx\/index.php\/2024\/12\/28\/tragedia-en-bodega-queretana-incendio-cobra-la-vida-de-un-trabajador\/\" \/>\n<meta property=\"og:locale\" content=\"es_MX\" \/>\n<meta property=\"og:type\" content=\"article\" \/>\n<meta property=\"og:title\" content=\"Tragedia en bodega queretana: Incendio cobra la vida de un trabajador | Nexo Informativo Santiago de Quer\u00e9taro\" \/>\n<meta property=\"og:description\" content=\"Tragedia en bodega queretana: Incendio cobra la vida de un trabajador\" \/>\n<meta property=\"og:url\" content=\"https:\/\/www.nexoinformativo.mx\/index.php\/2024\/12\/28\/tragedia-en-bodega-queretana-incendio-cobra-la-vida-de-un-trabajador\/\" \/>\n<meta property=\"og:site_name\" content=\"Nexo Informativo Santiago de Quer\u00e9taro\" \/>\n<meta property=\"article:publisher\" content=\"https:\/\/www.facebook.com\/people\/Nexo-Informativo\/61564066885511\/\" \/>\n<meta property=\"article:published_time\" content=\"2024-12-28T22:00:02+00:00\" \/>\n<meta property=\"article:modified_time\" content=\"2024-12-29T00:11:48+00:00\" \/>\n<meta property=\"og:image\" content=\"https:\/\/www.nexoinformativo.mx\/wp-content\/uploads\/2024\/12\/PHOTO-2024-12-28-17-33-06.jpg\" \/>\n\t<meta property=\"og:image:width\" content=\"714\" \/>\n\t<meta property=\"og:image:height\" content=\"476\" \/>\n\t<meta property=\"og:image:type\" content=\"image\/jpeg\" \/>\n<meta name=\"author\" content=\"Nexo Informativo\" \/>\n<meta name=\"twitter:card\" content=\"summary_large_image\" \/>\n<meta name=\"twitter:label1\" content=\"Escrito por\" \/>\n\t<meta name=\"twitter:data1\" content=\"Nexo Informativo\" \/>\n\t<meta name=\"twitter:label2\" content=\"Tiempo de lectura\" \/>\n\t<meta name=\"twitter:data2\" content=\"2 minutos\" \/>\n<script type=\"application\/ld+json\" class=\"yoast-schema-graph\">{\"@context\":\"https:\/\/schema.org\",\"@graph\":[{\"@type\":\"Article\",\"@id\":\"https:\/\/www.nexoinformativo.mx\/index.php\/2024\/12\/28\/tragedia-en-bodega-queretana-incendio-cobra-la-vida-de-un-trabajador\/#article\",\"isPartOf\":{\"@id\":\"https:\/\/www.nexoinformativo.mx\/index.php\/2024\/12\/28\/tragedia-en-bodega-queretana-incendio-cobra-la-vida-de-un-trabajador\/\"},\"author\":{\"name\":\"Nexo Informativo\",\"@id\":\"https:\/\/www.nexoinformativo.mx\/#\/schema\/person\/7749d380ba08c8ca00d7bc76fd907b7d\"},\"headline\":\"Tragedia en bodega queretana: Incendio cobra la vida de un trabajador\",\"datePublished\":\"2024-12-28T22:00:02+00:00\",\"dateModified\":\"2024-12-29T00:11:48+00:00\",\"mainEntityOfPage\":{\"@id\":\"https:\/\/www.nexoinformativo.mx\/index.php\/2024\/12\/28\/tragedia-en-bodega-queretana-incendio-cobra-la-vida-de-un-trabajador\/\"},\"wordCount\":210,\"commentCount\":0,\"publisher\":{\"@id\":\"https:\/\/www.nexoinformativo.mx\/#organization\"},\"image\":{\"@id\":\"https:\/\/www.nexoinformativo.mx\/index.php\/2024\/12\/28\/tragedia-en-bodega-queretana-incendio-cobra-la-vida-de-un-trabajador\/#primaryimage\"},\"thumbnailUrl\":\"https:\/\/www.nexoinformativo.mx\/wp-content\/uploads\/2024\/12\/PHOTO-2024-12-28-17-33-06.jpg\",\"keywords\":[\"CentralDeAbasto\",\"IncendioQuer\u00e9taro\",\"proteccioncivil\",\"SeguridadIndustrial\"],\"articleSection\":[\"Sucesos\",\"\u00daltima Hora\"],\"inLanguage\":\"es\",\"potentialAction\":[{\"@type\":\"CommentAction\",\"name\":\"Comment\",\"target\":[\"https:\/\/www.nexoinformativo.mx\/index.php\/2024\/12\/28\/tragedia-en-bodega-queretana-incendio-cobra-la-vida-de-un-trabajador\/#respond\"]}]},{\"@type\":\"WebPage\",\"@id\":\"https:\/\/www.nexoinformativo.mx\/index.php\/2024\/12\/28\/tragedia-en-bodega-queretana-incendio-cobra-la-vida-de-un-trabajador\/\",\"url\":\"https:\/\/www.nexoinformativo.mx\/index.php\/2024\/12\/28\/tragedia-en-bodega-queretana-incendio-cobra-la-vida-de-un-trabajador\/\",\"name\":\"Tragedia en bodega queretana: Incendio cobra la vida de un trabajador | Nexo Informativo Santiago de Quer\u00e9taro\",\"isPartOf\":{\"@id\":\"https:\/\/www.nexoinformativo.mx\/#website\"},\"primaryImageOfPage\":{\"@id\":\"https:\/\/www.nexoinformativo.mx\/index.php\/2024\/12\/28\/tragedia-en-bodega-queretana-incendio-cobra-la-vida-de-un-trabajador\/#primaryimage\"},\"image\":{\"@id\":\"https:\/\/www.nexoinformativo.mx\/index.php\/2024\/12\/28\/tragedia-en-bodega-queretana-incendio-cobra-la-vida-de-un-trabajador\/#primaryimage\"},\"thumbnailUrl\":\"https:\/\/www.nexoinformativo.mx\/wp-content\/uploads\/2024\/12\/PHOTO-2024-12-28-17-33-06.jpg\",\"datePublished\":\"2024-12-28T22:00:02+00:00\",\"dateModified\":\"2024-12-29T00:11:48+00:00\",\"description\":\"Tragedia en bodega queretana: Incendio cobra la vida de un trabajador\",\"breadcrumb\":{\"@id\":\"https:\/\/www.nexoinformativo.mx\/index.php\/2024\/12\/28\/tragedia-en-bodega-queretana-incendio-cobra-la-vida-de-un-trabajador\/#breadcrumb\"},\"inLanguage\":\"es\",\"potentialAction\":[{\"@type\":\"ReadAction\",\"target\":[\"https:\/\/www.nexoinformativo.mx\/index.php\/2024\/12\/28\/tragedia-en-bodega-queretana-incendio-cobra-la-vida-de-un-trabajador\/\"]}]},{\"@type\":\"ImageObject\",\"inLanguage\":\"es\",\"@id\":\"https:\/\/www.nexoinformativo.mx\/index.php\/2024\/12\/28\/tragedia-en-bodega-queretana-incendio-cobra-la-vida-de-un-trabajador\/#primaryimage\",\"url\":\"https:\/\/www.nexoinformativo.mx\/wp-content\/uploads\/2024\/12\/PHOTO-2024-12-28-17-33-06.jpg\",\"contentUrl\":\"https:\/\/www.nexoinformativo.mx\/wp-content\/uploads\/2024\/12\/PHOTO-2024-12-28-17-33-06.jpg\",\"width\":714,\"height\":476},{\"@type\":\"BreadcrumbList\",\"@id\":\"https:\/\/www.nexoinformativo.mx\/index.php\/2024\/12\/28\/tragedia-en-bodega-queretana-incendio-cobra-la-vida-de-un-trabajador\/#breadcrumb\",\"itemListElement\":[{\"@type\":\"ListItem\",\"position\":1,\"name\":\"Inicio\",\"item\":\"https:\/\/www.nexoinformativo.mx\/\"},{\"@type\":\"ListItem\",\"position\":2,\"name\":\"Tragedia en bodega queretana: Incendio cobra la vida de un trabajador\"}]},{\"@type\":\"WebSite\",\"@id\":\"https:\/\/www.nexoinformativo.mx\/#website\",\"url\":\"https:\/\/www.nexoinformativo.mx\/\",\"name\":\"Nexo Informativo Santiago de Quer\u00e9taro\",\"description\":\"Explora NexoInformativo y convi\u00e9rtete en parte de una comunidad que valora el conocimiento y la verdad. Tu nexoinformativo es tu puente hacia una comprensi\u00f3n m\u00e1s profunda del mundo que te rodea.\",\"publisher\":{\"@id\":\"https:\/\/www.nexoinformativo.mx\/#organization\"},\"potentialAction\":[{\"@type\":\"SearchAction\",\"target\":{\"@type\":\"EntryPoint\",\"urlTemplate\":\"https:\/\/www.nexoinformativo.mx\/?s={search_term_string}\"},\"query-input\":{\"@type\":\"PropertyValueSpecification\",\"valueRequired\":true,\"valueName\":\"search_term_string\"}}],\"inLanguage\":\"es\"},{\"@type\":\"Organization\",\"@id\":\"https:\/\/www.nexoinformativo.mx\/#organization\",\"name\":\"Nexo Informativo Santiago de Quer\u00e9taro\",\"url\":\"https:\/\/www.nexoinformativo.mx\/\",\"logo\":{\"@type\":\"ImageObject\",\"inLanguage\":\"es\",\"@id\":\"https:\/\/www.nexoinformativo.mx\/#\/schema\/logo\/image\/\",\"url\":\"https:\/\/www.nexoinformativo.mx\/wp-content\/uploads\/2024\/07\/nexoi-trasparente-2.png\",\"contentUrl\":\"https:\/\/www.nexoinformativo.mx\/wp-content\/uploads\/2024\/07\/nexoi-trasparente-2.png\",\"width\":816,\"height\":339,\"caption\":\"Nexo Informativo Santiago de Quer\u00e9taro\"},\"image\":{\"@id\":\"https:\/\/www.nexoinformativo.mx\/#\/schema\/logo\/image\/\"},\"sameAs\":[\"https:\/\/www.facebook.com\/people\/Nexo-Informativo\/61564066885511\/\"]},{\"@type\":\"Person\",\"@id\":\"https:\/\/www.nexoinformativo.mx\/#\/schema\/person\/7749d380ba08c8ca00d7bc76fd907b7d\",\"name\":\"Nexo Informativo\",\"image\":{\"@type\":\"ImageObject\",\"inLanguage\":\"es\",\"@id\":\"https:\/\/www.nexoinformativo.mx\/#\/schema\/person\/image\/\",\"url\":\"https:\/\/secure.gravatar.com\/avatar\/dde2928154642a13d95f87ddf1ea9718fe2b46760a005c53e41ff5ad610704e6?s=96&d=mm&r=g\",\"contentUrl\":\"https:\/\/secure.gravatar.com\/avatar\/dde2928154642a13d95f87ddf1ea9718fe2b46760a005c53e41ff5ad610704e6?s=96&d=mm&r=g\",\"caption\":\"Nexo Informativo\"},\"url\":\"https:\/\/www.nexoinformativo.mx\/index.php\/author\/edicion\/\"}]}<\/script>\n<!-- \/ Yoast SEO plugin. -->","yoast_head_json":{"title":"Tragedia en bodega queretana: Incendio cobra la vida de un trabajador | Nexo Informativo Santiago de Quer\u00e9taro","description":"Tragedia en bodega queretana: Incendio cobra la vida de un trabajador","robots":{"index":"index","follow":"follow","max-snippet":"max-snippet:-1","max-image-preview":"max-image-preview:large","max-video-preview":"max-video-preview:-1"},"canonical":"https:\/\/www.nexoinformativo.mx\/index.php\/2024\/12\/28\/tragedia-en-bodega-queretana-incendio-cobra-la-vida-de-un-trabajador\/","og_locale":"es_MX","og_type":"article","og_title":"Tragedia en bodega queretana: Incendio cobra la vida de un trabajador | Nexo Informativo Santiago de Quer\u00e9taro","og_description":"Tragedia en bodega queretana: Incendio cobra la vida de un trabajador","og_url":"https:\/\/www.nexoinformativo.mx\/index.php\/2024\/12\/28\/tragedia-en-bodega-queretana-incendio-cobra-la-vida-de-un-trabajador\/","og_site_name":"Nexo Informativo Santiago de Quer\u00e9taro","article_publisher":"https:\/\/www.facebook.com\/people\/Nexo-Informativo\/61564066885511\/","article_published_time":"2024-12-28T22:00:02+00:00","article_modified_time":"2024-12-29T00:11:48+00:00","og_image":[{"width":714,"height":476,"url":"https:\/\/www.nexoinformativo.mx\/wp-content\/uploads\/2024\/12\/PHOTO-2024-12-28-17-33-06.jpg","type":"image\/jpeg"}],"author":"Nexo Informativo","twitter_card":"summary_large_image","twitter_misc":{"Escrito por":"Nexo Informativo","Tiempo de lectura":"2 minutos"},"schema":{"@context":"https:\/\/schema.org","@graph":[{"@type":"Article","@id":"https:\/\/www.nexoinformativo.mx\/index.php\/2024\/12\/28\/tragedia-en-bodega-queretana-incendio-cobra-la-vida-de-un-trabajador\/#article","isPartOf":{"@id":"https:\/\/www.nexoinformativo.mx\/index.php\/2024\/12\/28\/tragedia-en-bodega-queretana-incendio-cobra-la-vida-de-un-trabajador\/"},"author":{"name":"Nexo Informativo","@id":"https:\/\/www.nexoinformativo.mx\/#\/schema\/person\/7749d380ba08c8ca00d7bc76fd907b7d"},"headline":"Tragedia en bodega queretana: Incendio cobra la vida de un trabajador","datePublished":"2024-12-28T22:00:02+00:00","dateModified":"2024-12-29T00:11:48+00:00","mainEntityOfPage":{"@id":"https:\/\/www.nexoinformativo.mx\/index.php\/2024\/12\/28\/tragedia-en-bodega-queretana-incendio-cobra-la-vida-de-un-trabajador\/"},"wordCount":210,"commentCount":0,"publisher":{"@id":"https:\/\/www.nexoinformativo.mx\/#organization"},"image":{"@id":"https:\/\/www.nexoinformativo.mx\/index.php\/2024\/12\/28\/tragedia-en-bodega-queretana-incendio-cobra-la-vida-de-un-trabajador\/#primaryimage"},"thumbnailUrl":"https:\/\/www.nexoinformativo.mx\/wp-content\/uploads\/2024\/12\/PHOTO-2024-12-28-17-33-06.jpg","keywords":["CentralDeAbasto","IncendioQuer\u00e9taro","proteccioncivil","SeguridadIndustrial"],"articleSection":["Sucesos","\u00daltima Hora"],"inLanguage":"es","potentialAction":[{"@type":"CommentAction","name":"Comment","target":["https:\/\/www.nexoinformativo.mx\/index.php\/2024\/12\/28\/tragedia-en-bodega-queretana-incendio-cobra-la-vida-de-un-trabajador\/#respond"]}]},{"@type":"WebPage","@id":"https:\/\/www.nexoinformativo.mx\/index.php\/2024\/12\/28\/tragedia-en-bodega-queretana-incendio-cobra-la-vida-de-un-trabajador\/","url":"https:\/\/www.nexoinformativo.mx\/index.php\/2024\/12\/28\/tragedia-en-bodega-queretana-incendio-cobra-la-vida-de-un-trabajador\/","name":"Tragedia en bodega queretana: Incendio cobra la vida de un trabajador | Nexo Informativo Santiago de Quer\u00e9taro","isPartOf":{"@id":"https:\/\/www.nexoinformativo.mx\/#website"},"primaryImageOfPage":{"@id":"https:\/\/www.nexoinformativo.mx\/index.php\/2024\/12\/28\/tragedia-en-bodega-queretana-incendio-cobra-la-vida-de-un-trabajador\/#primaryimage"},"image":{"@id":"https:\/\/www.nexoinformativo.mx\/index.php\/2024\/12\/28\/tragedia-en-bodega-queretana-incendio-cobra-la-vida-de-un-trabajador\/#primaryimage"},"thumbnailUrl":"https:\/\/www.nexoinformativo.mx\/wp-content\/uploads\/2024\/12\/PHOTO-2024-12-28-17-33-06.jpg","datePublished":"2024-12-28T22:00:02+00:00","dateModified":"2024-12-29T00:11:48+00:00","description":"Tragedia en bodega queretana: Incendio cobra la vida de un trabajador","breadcrumb":{"@id":"https:\/\/www.nexoinformativo.mx\/index.php\/2024\/12\/28\/tragedia-en-bodega-queretana-incendio-cobra-la-vida-de-un-trabajador\/#breadcrumb"},"inLanguage":"es","potentialAction":[{"@type":"ReadAction","target":["https:\/\/www.nexoinformativo.mx\/index.php\/2024\/12\/28\/tragedia-en-bodega-queretana-incendio-cobra-la-vida-de-un-trabajador\/"]}]},{"@type":"ImageObject","inLanguage":"es","@id":"https:\/\/www.nexoinformativo.mx\/index.php\/2024\/12\/28\/tragedia-en-bodega-queretana-incendio-cobra-la-vida-de-un-trabajador\/#primaryimage","url":"https:\/\/www.nexoinformativo.mx\/wp-content\/uploads\/2024\/12\/PHOTO-2024-12-28-17-33-06.jpg","contentUrl":"https:\/\/www.nexoinformativo.mx\/wp-content\/uploads\/2024\/12\/PHOTO-2024-12-28-17-33-06.jpg","width":714,"height":476},{"@type":"BreadcrumbList","@id":"https:\/\/www.nexoinformativo.mx\/index.php\/2024\/12\/28\/tragedia-en-bodega-queretana-incendio-cobra-la-vida-de-un-trabajador\/#breadcrumb","itemListElement":[{"@type":"ListItem","position":1,"name":"Inicio","item":"https:\/\/www.nexoinformativo.mx\/"},{"@type":"ListItem","position":2,"name":"Tragedia en bodega queretana: Incendio cobra la vida de un trabajador"}]},{"@type":"WebSite","@id":"https:\/\/www.nexoinformativo.mx\/#website","url":"https:\/\/www.nexoinformativo.mx\/","name":"Nexo Informativo Santiago de Quer\u00e9taro","description":"Explora NexoInformativo y convi\u00e9rtete en parte de una comunidad que valora el conocimiento y la verdad. Tu nexoinformativo es tu puente hacia una comprensi\u00f3n m\u00e1s profunda del mundo que te rodea.","publisher":{"@id":"https:\/\/www.nexoinformativo.mx\/#organization"},"potentialAction":[{"@type":"SearchAction","target":{"@type":"EntryPoint","urlTemplate":"https:\/\/www.nexoinformativo.mx\/?s={search_term_string}"},"query-input":{"@type":"PropertyValueSpecification","valueRequired":true,"valueName":"search_term_string"}}],"inLanguage":"es"},{"@type":"Organization","@id":"https:\/\/www.nexoinformativo.mx\/#organization","name":"Nexo Informativo Santiago de Quer\u00e9taro","url":"https:\/\/www.nexoinformativo.mx\/","logo":{"@type":"ImageObject","inLanguage":"es","@id":"https:\/\/www.nexoinformativo.mx\/#\/schema\/logo\/image\/","url":"https:\/\/www.nexoinformativo.mx\/wp-content\/uploads\/2024\/07\/nexoi-trasparente-2.png","contentUrl":"https:\/\/www.nexoinformativo.mx\/wp-content\/uploads\/2024\/07\/nexoi-trasparente-2.png","width":816,"height":339,"caption":"Nexo Informativo Santiago de Quer\u00e9taro"},"image":{"@id":"https:\/\/www.nexoinformativo.mx\/#\/schema\/logo\/image\/"},"sameAs":["https:\/\/www.facebook.com\/people\/Nexo-Informativo\/61564066885511\/"]},{"@type":"Person","@id":"https:\/\/www.nexoinformativo.mx\/#\/schema\/person\/7749d380ba08c8ca00d7bc76fd907b7d","name":"Nexo Informativo","image":{"@type":"ImageObject","inLanguage":"es","@id":"https:\/\/www.nexoinformativo.mx\/#\/schema\/person\/image\/","url":"https:\/\/secure.gravatar.com\/avatar\/dde2928154642a13d95f87ddf1ea9718fe2b46760a005c53e41ff5ad610704e6?s=96&d=mm&r=g","contentUrl":"https:\/\/secure.gravatar.com\/avatar\/dde2928154642a13d95f87ddf1ea9718fe2b46760a005c53e41ff5ad610704e6?s=96&d=mm&r=g","caption":"Nexo Informativo"},"url":"https:\/\/www.nexoinformativo.mx\/index.php\/author\/edicion\/"}]}},"_links":{"self":[{"href":"https:\/\/www.nexoinformativo.mx\/index.php\/wp-json\/wp\/v2\/posts\/8968","targetHints":{"allow":["GET"]}}],"collection":[{"href":"https:\/\/www.nexoinformativo.mx\/index.php\/wp-json\/wp\/v2\/posts"}],"about":[{"href":"https:\/\/www.nexoinformativo.mx\/index.php\/wp-json\/wp\/v2\/types\/post"}],"author":[{"embeddable":true,"href":"https:\/\/www.nexoinformativo.mx\/index.php\/wp-json\/wp\/v2\/users\/3"}],"replies":[{"embeddable":true,"href":"https:\/\/www.nexoinformativo.mx\/index.php\/wp-json\/wp\/v2\/comments?post=8968"}],"version-history":[{"count":2,"href":"https:\/\/www.nexoinformativo.mx\/index.php\/wp-json\/wp\/v2\/posts\/8968\/revisions"}],"predecessor-version":[{"id":8972,"href":"https:\/\/www.nexoinformativo.mx\/index.php\/wp-json\/wp\/v2\/posts\/8968\/revisions\/8972"}],"wp:featuredmedia":[{"embeddable":true,"href":"https:\/\/www.nexoinformativo.mx\/index.php\/wp-json\/wp\/v2\/media\/8970"}],"wp:attachment":[{"href":"https:\/\/www.nexoinformativo.mx\/index.php\/wp-json\/wp\/v2\/media?parent=8968"}],"wp:term":[{"taxonomy":"category","embeddable":true,"href":"https:\/\/www.nexoinformativo.mx\/index.php\/wp-json\/wp\/v2\/categories?post=8968"},{"taxonomy":"post_tag","embeddable":true,"href":"https:\/\/www.nexoinformativo.mx\/index.php\/wp-json\/wp\/v2\/tags?post=8968"}],"curies":[{"name":"wp","href":"https:\/\/api.w.org\/{rel}","templated":true}]}}