{"id":8975,"date":"2024-12-29T06:00:58","date_gmt":"2024-12-29T12:00:58","guid":{"rendered":"https:\/\/www.nexoinformativo.mx\/?p=8975"},"modified":"2024-12-29T08:34:20","modified_gmt":"2024-12-29T14:34:20","slug":"gobierno-de-mexico-reafirma-compromiso-con-la-educacion-para-2025","status":"publish","type":"post","link":"https:\/\/www.nexoinformativo.mx\/index.php\/2024\/12\/29\/gobierno-de-mexico-reafirma-compromiso-con-la-educacion-para-2025\/","title":{"rendered":"Gobierno de M\u00e9xico reafirma compromiso con la educaci\u00f3n para 2025"},"content":{"rendered":"<p style=\"text-align: justify;\">En un evento significativo, el secretario de Educaci\u00f3n P\u00fablica, Mario Delgado, reafirm\u00f3 el compromiso del Gobierno de M\u00e9xico con la educaci\u00f3n, anunciando un incremento importante de recursos para 2025.<\/p>\n<p>&nbsp;<\/p>\n<p style=\"text-align: justify;\">Durante la inauguraci\u00f3n de la Autopista Jala-Puerto Vallarta, encabezada por la Presidenta Claudia Sheinbaum, se destacaron los esfuerzos para mejorar la educaci\u00f3n en los estados del pa\u00eds.<\/p>\n<p>&nbsp;<\/p>\n<p style=\"text-align: justify;\">En Nayarit, se invertir\u00e1n mil 95 millones de pesos en becas educativas y 387 millones de pesos en el mantenimiento de planteles educativos. En Jalisco, el monto para becas educativas ascender\u00e1 a 5 mil 24 millones de pesos y 770 millones de pesos se destinar\u00e1n a la rehabilitaci\u00f3n de escuelas.<\/p>\n<p>&nbsp;<\/p>\n<p style=\"text-align: justify;\">Mario Delgado subray\u00f3 que la Presidenta Sheinbaum propuso al Congreso de la Uni\u00f3n que uno de los incrementos m\u00e1s importantes en el presupuesto de 2025 fuera para educaci\u00f3n, reafirmando su compromiso como cient\u00edfica, investigadora y docente hacia el sector.<\/p>\n<p>&nbsp;<\/p>\n<p style=\"text-align: justify;\">Delgado Carrillo destac\u00f3 la importancia de convertir los planteles escolares en espacios para la promoci\u00f3n de la salud y la prevenci\u00f3n de adicciones.<\/p>\n<p>&nbsp;<\/p>\n<p style=\"text-align: justify;\">A partir de marzo, se eliminar\u00e1 la comida chatarra de las escuelas para fomentar una alimentaci\u00f3n saludable. Adem\u00e1s, se lanzar\u00e1 una campa\u00f1a para la prevenci\u00f3n de adicciones, protegiendo a los ni\u00f1os y j\u00f3venes de las drogas.<\/p>\n<p>&nbsp;<\/p>\n<p style=\"text-align: justify;\">Finalmente, el secretario de Educaci\u00f3n P\u00fablica, Mario Delgado, enfatiz\u00f3 que <strong>\u201cEducaci\u00f3n es Transformaci\u00f3n\u201d<\/strong>, subrayando el compromiso del Gobierno de M\u00e9xico con el futuro educativo del pa\u00eds.<\/p>\n<p>&nbsp;<\/p>\n<p style=\"text-align: center;\"><em><strong>\u00a1Informaci\u00f3n que transforma!<\/strong><\/em><\/p>\n<p>&nbsp;<\/p>\n<p>&nbsp;<\/p>\n","protected":false},"excerpt":{"rendered":"<p>En un evento significativo, el secretario de Educaci\u00f3n P\u00fablica, Mario Delgado, reafirm\u00f3 el compromiso del Gobierno de M\u00e9xico con la educaci\u00f3n, anunciando un incremento importante de recursos para 2025.<\/p>\n","protected":false},"author":3,"featured_media":8976,"comment_status":"open","ping_status":"open","sticky":false,"template":"","format":"standard","meta":{"footnotes":""},"categories":[88,58],"tags":[2884,2883,2885,1568],"class_list":["post-8975","post","type-post","status-publish","format-standard","has-post-thumbnail","hentry","category-nacional","category-ultima-hora","tag-compromisoeducativo","tag-educacion2025","tag-futuromexico","tag-transformacioneducativa"],"yoast_head":"<!-- This site is optimized with the Yoast SEO plugin v25.0 - https:\/\/yoast.com\/wordpress\/plugins\/seo\/ -->\n<title>Gobierno de M\u00e9xico reafirma compromiso con la educaci\u00f3n para 2025 | Nexo Informativo Santiago de Quer\u00e9taro<\/title>\n<meta name=\"description\" content=\"Gobierno de M\u00e9xico reafirma compromiso con la educaci\u00f3n para 2025\" \/>\n<meta name=\"robots\" content=\"index, follow, max-snippet:-1, max-image-preview:large, max-video-preview:-1\" \/>\n<link rel=\"canonical\" href=\"https:\/\/www.nexoinformativo.mx\/index.php\/2024\/12\/29\/gobierno-de-mexico-reafirma-compromiso-con-la-educacion-para-2025\/\" \/>\n<meta property=\"og:locale\" content=\"es_MX\" \/>\n<meta property=\"og:type\" content=\"article\" \/>\n<meta property=\"og:title\" content=\"Gobierno de M\u00e9xico reafirma compromiso con la educaci\u00f3n para 2025 | Nexo Informativo Santiago de Quer\u00e9taro\" \/>\n<meta property=\"og:description\" content=\"Gobierno de M\u00e9xico reafirma compromiso con la educaci\u00f3n para 2025\" \/>\n<meta property=\"og:url\" content=\"https:\/\/www.nexoinformativo.mx\/index.php\/2024\/12\/29\/gobierno-de-mexico-reafirma-compromiso-con-la-educacion-para-2025\/\" \/>\n<meta property=\"og:site_name\" content=\"Nexo Informativo Santiago de Quer\u00e9taro\" \/>\n<meta property=\"article:publisher\" content=\"https:\/\/www.facebook.com\/people\/Nexo-Informativo\/61564066885511\/\" \/>\n<meta property=\"article:published_time\" content=\"2024-12-29T12:00:58+00:00\" \/>\n<meta property=\"article:modified_time\" content=\"2024-12-29T14:34:20+00:00\" \/>\n<meta property=\"og:image\" content=\"https:\/\/www.nexoinformativo.mx\/wp-content\/uploads\/2024\/12\/IMG_4097.jpg\" \/>\n\t<meta property=\"og:image:width\" content=\"650\" \/>\n\t<meta property=\"og:image:height\" content=\"380\" \/>\n\t<meta property=\"og:image:type\" content=\"image\/jpeg\" \/>\n<meta name=\"author\" content=\"Nexo Informativo\" \/>\n<meta name=\"twitter:card\" content=\"summary_large_image\" \/>\n<meta name=\"twitter:label1\" content=\"Escrito por\" \/>\n\t<meta name=\"twitter:data1\" content=\"Nexo Informativo\" \/>\n\t<meta name=\"twitter:label2\" content=\"Tiempo de lectura\" \/>\n\t<meta name=\"twitter:data2\" content=\"2 minutos\" \/>\n<script type=\"application\/ld+json\" class=\"yoast-schema-graph\">{\"@context\":\"https:\/\/schema.org\",\"@graph\":[{\"@type\":\"Article\",\"@id\":\"https:\/\/www.nexoinformativo.mx\/index.php\/2024\/12\/29\/gobierno-de-mexico-reafirma-compromiso-con-la-educacion-para-2025\/#article\",\"isPartOf\":{\"@id\":\"https:\/\/www.nexoinformativo.mx\/index.php\/2024\/12\/29\/gobierno-de-mexico-reafirma-compromiso-con-la-educacion-para-2025\/\"},\"author\":{\"name\":\"Nexo Informativo\",\"@id\":\"https:\/\/www.nexoinformativo.mx\/#\/schema\/person\/7749d380ba08c8ca00d7bc76fd907b7d\"},\"headline\":\"Gobierno de M\u00e9xico reafirma compromiso con la educaci\u00f3n para 2025\",\"datePublished\":\"2024-12-29T12:00:58+00:00\",\"dateModified\":\"2024-12-29T14:34:20+00:00\",\"mainEntityOfPage\":{\"@id\":\"https:\/\/www.nexoinformativo.mx\/index.php\/2024\/12\/29\/gobierno-de-mexico-reafirma-compromiso-con-la-educacion-para-2025\/\"},\"wordCount\":275,\"commentCount\":0,\"publisher\":{\"@id\":\"https:\/\/www.nexoinformativo.mx\/#organization\"},\"image\":{\"@id\":\"https:\/\/www.nexoinformativo.mx\/index.php\/2024\/12\/29\/gobierno-de-mexico-reafirma-compromiso-con-la-educacion-para-2025\/#primaryimage\"},\"thumbnailUrl\":\"https:\/\/www.nexoinformativo.mx\/wp-content\/uploads\/2024\/12\/IMG_4097.jpg\",\"keywords\":[\"CompromisoEducativo\",\"Educaci\u00f3n2025\",\"FuturoM\u00e9xico\",\"Transformaci\u00f3nEducativa\"],\"articleSection\":[\"Nacional\",\"\u00daltima Hora\"],\"inLanguage\":\"es\",\"potentialAction\":[{\"@type\":\"CommentAction\",\"name\":\"Comment\",\"target\":[\"https:\/\/www.nexoinformativo.mx\/index.php\/2024\/12\/29\/gobierno-de-mexico-reafirma-compromiso-con-la-educacion-para-2025\/#respond\"]}]},{\"@type\":\"WebPage\",\"@id\":\"https:\/\/www.nexoinformativo.mx\/index.php\/2024\/12\/29\/gobierno-de-mexico-reafirma-compromiso-con-la-educacion-para-2025\/\",\"url\":\"https:\/\/www.nexoinformativo.mx\/index.php\/2024\/12\/29\/gobierno-de-mexico-reafirma-compromiso-con-la-educacion-para-2025\/\",\"name\":\"Gobierno de M\u00e9xico reafirma compromiso con la educaci\u00f3n para 2025 | Nexo Informativo Santiago de Quer\u00e9taro\",\"isPartOf\":{\"@id\":\"https:\/\/www.nexoinformativo.mx\/#website\"},\"primaryImageOfPage\":{\"@id\":\"https:\/\/www.nexoinformativo.mx\/index.php\/2024\/12\/29\/gobierno-de-mexico-reafirma-compromiso-con-la-educacion-para-2025\/#primaryimage\"},\"image\":{\"@id\":\"https:\/\/www.nexoinformativo.mx\/index.php\/2024\/12\/29\/gobierno-de-mexico-reafirma-compromiso-con-la-educacion-para-2025\/#primaryimage\"},\"thumbnailUrl\":\"https:\/\/www.nexoinformativo.mx\/wp-content\/uploads\/2024\/12\/IMG_4097.jpg\",\"datePublished\":\"2024-12-29T12:00:58+00:00\",\"dateModified\":\"2024-12-29T14:34:20+00:00\",\"description\":\"Gobierno de M\u00e9xico reafirma compromiso con la educaci\u00f3n para 2025\",\"breadcrumb\":{\"@id\":\"https:\/\/www.nexoinformativo.mx\/index.php\/2024\/12\/29\/gobierno-de-mexico-reafirma-compromiso-con-la-educacion-para-2025\/#breadcrumb\"},\"inLanguage\":\"es\",\"potentialAction\":[{\"@type\":\"ReadAction\",\"target\":[\"https:\/\/www.nexoinformativo.mx\/index.php\/2024\/12\/29\/gobierno-de-mexico-reafirma-compromiso-con-la-educacion-para-2025\/\"]}]},{\"@type\":\"ImageObject\",\"inLanguage\":\"es\",\"@id\":\"https:\/\/www.nexoinformativo.mx\/index.php\/2024\/12\/29\/gobierno-de-mexico-reafirma-compromiso-con-la-educacion-para-2025\/#primaryimage\",\"url\":\"https:\/\/www.nexoinformativo.mx\/wp-content\/uploads\/2024\/12\/IMG_4097.jpg\",\"contentUrl\":\"https:\/\/www.nexoinformativo.mx\/wp-content\/uploads\/2024\/12\/IMG_4097.jpg\",\"width\":650,\"height\":380},{\"@type\":\"BreadcrumbList\",\"@id\":\"https:\/\/www.nexoinformativo.mx\/index.php\/2024\/12\/29\/gobierno-de-mexico-reafirma-compromiso-con-la-educacion-para-2025\/#breadcrumb\",\"itemListElement\":[{\"@type\":\"ListItem\",\"position\":1,\"name\":\"Inicio\",\"item\":\"https:\/\/www.nexoinformativo.mx\/\"},{\"@type\":\"ListItem\",\"position\":2,\"name\":\"Gobierno de M\u00e9xico reafirma compromiso con la educaci\u00f3n para 2025\"}]},{\"@type\":\"WebSite\",\"@id\":\"https:\/\/www.nexoinformativo.mx\/#website\",\"url\":\"https:\/\/www.nexoinformativo.mx\/\",\"name\":\"Nexo Informativo Santiago de Quer\u00e9taro\",\"description\":\"Explora NexoInformativo y convi\u00e9rtete en parte de una comunidad que valora el conocimiento y la verdad. Tu nexoinformativo es tu puente hacia una comprensi\u00f3n m\u00e1s profunda del mundo que te rodea.\",\"publisher\":{\"@id\":\"https:\/\/www.nexoinformativo.mx\/#organization\"},\"potentialAction\":[{\"@type\":\"SearchAction\",\"target\":{\"@type\":\"EntryPoint\",\"urlTemplate\":\"https:\/\/www.nexoinformativo.mx\/?s={search_term_string}\"},\"query-input\":{\"@type\":\"PropertyValueSpecification\",\"valueRequired\":true,\"valueName\":\"search_term_string\"}}],\"inLanguage\":\"es\"},{\"@type\":\"Organization\",\"@id\":\"https:\/\/www.nexoinformativo.mx\/#organization\",\"name\":\"Nexo Informativo Santiago de Quer\u00e9taro\",\"url\":\"https:\/\/www.nexoinformativo.mx\/\",\"logo\":{\"@type\":\"ImageObject\",\"inLanguage\":\"es\",\"@id\":\"https:\/\/www.nexoinformativo.mx\/#\/schema\/logo\/image\/\",\"url\":\"https:\/\/www.nexoinformativo.mx\/wp-content\/uploads\/2024\/07\/nexoi-trasparente-2.png\",\"contentUrl\":\"https:\/\/www.nexoinformativo.mx\/wp-content\/uploads\/2024\/07\/nexoi-trasparente-2.png\",\"width\":816,\"height\":339,\"caption\":\"Nexo Informativo Santiago de Quer\u00e9taro\"},\"image\":{\"@id\":\"https:\/\/www.nexoinformativo.mx\/#\/schema\/logo\/image\/\"},\"sameAs\":[\"https:\/\/www.facebook.com\/people\/Nexo-Informativo\/61564066885511\/\"]},{\"@type\":\"Person\",\"@id\":\"https:\/\/www.nexoinformativo.mx\/#\/schema\/person\/7749d380ba08c8ca00d7bc76fd907b7d\",\"name\":\"Nexo Informativo\",\"image\":{\"@type\":\"ImageObject\",\"inLanguage\":\"es\",\"@id\":\"https:\/\/www.nexoinformativo.mx\/#\/schema\/person\/image\/\",\"url\":\"https:\/\/secure.gravatar.com\/avatar\/dde2928154642a13d95f87ddf1ea9718fe2b46760a005c53e41ff5ad610704e6?s=96&d=mm&r=g\",\"contentUrl\":\"https:\/\/secure.gravatar.com\/avatar\/dde2928154642a13d95f87ddf1ea9718fe2b46760a005c53e41ff5ad610704e6?s=96&d=mm&r=g\",\"caption\":\"Nexo Informativo\"},\"url\":\"https:\/\/www.nexoinformativo.mx\/index.php\/author\/edicion\/\"}]}<\/script>\n<!-- \/ Yoast SEO plugin. -->","yoast_head_json":{"title":"Gobierno de M\u00e9xico reafirma compromiso con la educaci\u00f3n para 2025 | Nexo Informativo Santiago de Quer\u00e9taro","description":"Gobierno de M\u00e9xico reafirma compromiso con la educaci\u00f3n para 2025","robots":{"index":"index","follow":"follow","max-snippet":"max-snippet:-1","max-image-preview":"max-image-preview:large","max-video-preview":"max-video-preview:-1"},"canonical":"https:\/\/www.nexoinformativo.mx\/index.php\/2024\/12\/29\/gobierno-de-mexico-reafirma-compromiso-con-la-educacion-para-2025\/","og_locale":"es_MX","og_type":"article","og_title":"Gobierno de M\u00e9xico reafirma compromiso con la educaci\u00f3n para 2025 | Nexo Informativo Santiago de Quer\u00e9taro","og_description":"Gobierno de M\u00e9xico reafirma compromiso con la educaci\u00f3n para 2025","og_url":"https:\/\/www.nexoinformativo.mx\/index.php\/2024\/12\/29\/gobierno-de-mexico-reafirma-compromiso-con-la-educacion-para-2025\/","og_site_name":"Nexo Informativo Santiago de Quer\u00e9taro","article_publisher":"https:\/\/www.facebook.com\/people\/Nexo-Informativo\/61564066885511\/","article_published_time":"2024-12-29T12:00:58+00:00","article_modified_time":"2024-12-29T14:34:20+00:00","og_image":[{"width":650,"height":380,"url":"https:\/\/www.nexoinformativo.mx\/wp-content\/uploads\/2024\/12\/IMG_4097.jpg","type":"image\/jpeg"}],"author":"Nexo Informativo","twitter_card":"summary_large_image","twitter_misc":{"Escrito por":"Nexo Informativo","Tiempo de lectura":"2 minutos"},"schema":{"@context":"https:\/\/schema.org","@graph":[{"@type":"Article","@id":"https:\/\/www.nexoinformativo.mx\/index.php\/2024\/12\/29\/gobierno-de-mexico-reafirma-compromiso-con-la-educacion-para-2025\/#article","isPartOf":{"@id":"https:\/\/www.nexoinformativo.mx\/index.php\/2024\/12\/29\/gobierno-de-mexico-reafirma-compromiso-con-la-educacion-para-2025\/"},"author":{"name":"Nexo Informativo","@id":"https:\/\/www.nexoinformativo.mx\/#\/schema\/person\/7749d380ba08c8ca00d7bc76fd907b7d"},"headline":"Gobierno de M\u00e9xico reafirma compromiso con la educaci\u00f3n para 2025","datePublished":"2024-12-29T12:00:58+00:00","dateModified":"2024-12-29T14:34:20+00:00","mainEntityOfPage":{"@id":"https:\/\/www.nexoinformativo.mx\/index.php\/2024\/12\/29\/gobierno-de-mexico-reafirma-compromiso-con-la-educacion-para-2025\/"},"wordCount":275,"commentCount":0,"publisher":{"@id":"https:\/\/www.nexoinformativo.mx\/#organization"},"image":{"@id":"https:\/\/www.nexoinformativo.mx\/index.php\/2024\/12\/29\/gobierno-de-mexico-reafirma-compromiso-con-la-educacion-para-2025\/#primaryimage"},"thumbnailUrl":"https:\/\/www.nexoinformativo.mx\/wp-content\/uploads\/2024\/12\/IMG_4097.jpg","keywords":["CompromisoEducativo","Educaci\u00f3n2025","FuturoM\u00e9xico","Transformaci\u00f3nEducativa"],"articleSection":["Nacional","\u00daltima Hora"],"inLanguage":"es","potentialAction":[{"@type":"CommentAction","name":"Comment","target":["https:\/\/www.nexoinformativo.mx\/index.php\/2024\/12\/29\/gobierno-de-mexico-reafirma-compromiso-con-la-educacion-para-2025\/#respond"]}]},{"@type":"WebPage","@id":"https:\/\/www.nexoinformativo.mx\/index.php\/2024\/12\/29\/gobierno-de-mexico-reafirma-compromiso-con-la-educacion-para-2025\/","url":"https:\/\/www.nexoinformativo.mx\/index.php\/2024\/12\/29\/gobierno-de-mexico-reafirma-compromiso-con-la-educacion-para-2025\/","name":"Gobierno de M\u00e9xico reafirma compromiso con la educaci\u00f3n para 2025 | Nexo Informativo Santiago de Quer\u00e9taro","isPartOf":{"@id":"https:\/\/www.nexoinformativo.mx\/#website"},"primaryImageOfPage":{"@id":"https:\/\/www.nexoinformativo.mx\/index.php\/2024\/12\/29\/gobierno-de-mexico-reafirma-compromiso-con-la-educacion-para-2025\/#primaryimage"},"image":{"@id":"https:\/\/www.nexoinformativo.mx\/index.php\/2024\/12\/29\/gobierno-de-mexico-reafirma-compromiso-con-la-educacion-para-2025\/#primaryimage"},"thumbnailUrl":"https:\/\/www.nexoinformativo.mx\/wp-content\/uploads\/2024\/12\/IMG_4097.jpg","datePublished":"2024-12-29T12:00:58+00:00","dateModified":"2024-12-29T14:34:20+00:00","description":"Gobierno de M\u00e9xico reafirma compromiso con la educaci\u00f3n para 2025","breadcrumb":{"@id":"https:\/\/www.nexoinformativo.mx\/index.php\/2024\/12\/29\/gobierno-de-mexico-reafirma-compromiso-con-la-educacion-para-2025\/#breadcrumb"},"inLanguage":"es","potentialAction":[{"@type":"ReadAction","target":["https:\/\/www.nexoinformativo.mx\/index.php\/2024\/12\/29\/gobierno-de-mexico-reafirma-compromiso-con-la-educacion-para-2025\/"]}]},{"@type":"ImageObject","inLanguage":"es","@id":"https:\/\/www.nexoinformativo.mx\/index.php\/2024\/12\/29\/gobierno-de-mexico-reafirma-compromiso-con-la-educacion-para-2025\/#primaryimage","url":"https:\/\/www.nexoinformativo.mx\/wp-content\/uploads\/2024\/12\/IMG_4097.jpg","contentUrl":"https:\/\/www.nexoinformativo.mx\/wp-content\/uploads\/2024\/12\/IMG_4097.jpg","width":650,"height":380},{"@type":"BreadcrumbList","@id":"https:\/\/www.nexoinformativo.mx\/index.php\/2024\/12\/29\/gobierno-de-mexico-reafirma-compromiso-con-la-educacion-para-2025\/#breadcrumb","itemListElement":[{"@type":"ListItem","position":1,"name":"Inicio","item":"https:\/\/www.nexoinformativo.mx\/"},{"@type":"ListItem","position":2,"name":"Gobierno de M\u00e9xico reafirma compromiso con la educaci\u00f3n para 2025"}]},{"@type":"WebSite","@id":"https:\/\/www.nexoinformativo.mx\/#website","url":"https:\/\/www.nexoinformativo.mx\/","name":"Nexo Informativo Santiago de Quer\u00e9taro","description":"Explora NexoInformativo y convi\u00e9rtete en parte de una comunidad que valora el conocimiento y la verdad. Tu nexoinformativo es tu puente hacia una comprensi\u00f3n m\u00e1s profunda del mundo que te rodea.","publisher":{"@id":"https:\/\/www.nexoinformativo.mx\/#organization"},"potentialAction":[{"@type":"SearchAction","target":{"@type":"EntryPoint","urlTemplate":"https:\/\/www.nexoinformativo.mx\/?s={search_term_string}"},"query-input":{"@type":"PropertyValueSpecification","valueRequired":true,"valueName":"search_term_string"}}],"inLanguage":"es"},{"@type":"Organization","@id":"https:\/\/www.nexoinformativo.mx\/#organization","name":"Nexo Informativo Santiago de Quer\u00e9taro","url":"https:\/\/www.nexoinformativo.mx\/","logo":{"@type":"ImageObject","inLanguage":"es","@id":"https:\/\/www.nexoinformativo.mx\/#\/schema\/logo\/image\/","url":"https:\/\/www.nexoinformativo.mx\/wp-content\/uploads\/2024\/07\/nexoi-trasparente-2.png","contentUrl":"https:\/\/www.nexoinformativo.mx\/wp-content\/uploads\/2024\/07\/nexoi-trasparente-2.png","width":816,"height":339,"caption":"Nexo Informativo Santiago de Quer\u00e9taro"},"image":{"@id":"https:\/\/www.nexoinformativo.mx\/#\/schema\/logo\/image\/"},"sameAs":["https:\/\/www.facebook.com\/people\/Nexo-Informativo\/61564066885511\/"]},{"@type":"Person","@id":"https:\/\/www.nexoinformativo.mx\/#\/schema\/person\/7749d380ba08c8ca00d7bc76fd907b7d","name":"Nexo Informativo","image":{"@type":"ImageObject","inLanguage":"es","@id":"https:\/\/www.nexoinformativo.mx\/#\/schema\/person\/image\/","url":"https:\/\/secure.gravatar.com\/avatar\/dde2928154642a13d95f87ddf1ea9718fe2b46760a005c53e41ff5ad610704e6?s=96&d=mm&r=g","contentUrl":"https:\/\/secure.gravatar.com\/avatar\/dde2928154642a13d95f87ddf1ea9718fe2b46760a005c53e41ff5ad610704e6?s=96&d=mm&r=g","caption":"Nexo Informativo"},"url":"https:\/\/www.nexoinformativo.mx\/index.php\/author\/edicion\/"}]}},"_links":{"self":[{"href":"https:\/\/www.nexoinformativo.mx\/index.php\/wp-json\/wp\/v2\/posts\/8975","targetHints":{"allow":["GET"]}}],"collection":[{"href":"https:\/\/www.nexoinformativo.mx\/index.php\/wp-json\/wp\/v2\/posts"}],"about":[{"href":"https:\/\/www.nexoinformativo.mx\/index.php\/wp-json\/wp\/v2\/types\/post"}],"author":[{"embeddable":true,"href":"https:\/\/www.nexoinformativo.mx\/index.php\/wp-json\/wp\/v2\/users\/3"}],"replies":[{"embeddable":true,"href":"https:\/\/www.nexoinformativo.mx\/index.php\/wp-json\/wp\/v2\/comments?post=8975"}],"version-history":[{"count":4,"href":"https:\/\/www.nexoinformativo.mx\/index.php\/wp-json\/wp\/v2\/posts\/8975\/revisions"}],"predecessor-version":[{"id":8984,"href":"https:\/\/www.nexoinformativo.mx\/index.php\/wp-json\/wp\/v2\/posts\/8975\/revisions\/8984"}],"wp:featuredmedia":[{"embeddable":true,"href":"https:\/\/www.nexoinformativo.mx\/index.php\/wp-json\/wp\/v2\/media\/8976"}],"wp:attachment":[{"href":"https:\/\/www.nexoinformativo.mx\/index.php\/wp-json\/wp\/v2\/media?parent=8975"}],"wp:term":[{"taxonomy":"category","embeddable":true,"href":"https:\/\/www.nexoinformativo.mx\/index.php\/wp-json\/wp\/v2\/categories?post=8975"},{"taxonomy":"post_tag","embeddable":true,"href":"https:\/\/www.nexoinformativo.mx\/index.php\/wp-json\/wp\/v2\/tags?post=8975"}],"curies":[{"name":"wp","href":"https:\/\/api.w.org\/{rel}","templated":true}]}}