{"id":9008,"date":"2024-12-29T12:00:33","date_gmt":"2024-12-29T18:00:33","guid":{"rendered":"https:\/\/www.nexoinformativo.mx\/?p=9008"},"modified":"2024-12-29T15:09:16","modified_gmt":"2024-12-29T21:09:16","slug":"paul-ospital-exige-mayor-productividad-en-el-congreso-de-queretaro-estamos-perdiendo-el-tiempo","status":"publish","type":"post","link":"https:\/\/www.nexoinformativo.mx\/index.php\/2024\/12\/29\/paul-ospital-exige-mayor-productividad-en-el-congreso-de-queretaro-estamos-perdiendo-el-tiempo\/","title":{"rendered":"Paul Ospital exige mayor productividad en el Congreso de Quer\u00e9taro: &#8220;Estamos perdiendo el tiempo&#8221;"},"content":{"rendered":"<p style=\"text-align: justify;\" data-sourcepos=\"9:1-9:255\">El legislador queretano, Paul Ospital Carrera, ha mostrado su preocupaci\u00f3n por la baja productividad del Congreso local. En entrevista, el diputado priista asegur\u00f3 que &#8220;este primer trimestre ha sido el m\u00e1s improductivo de la historia legislativa moderna&#8221;.<\/p>\n<p>&nbsp;<\/p>\n<p style=\"text-align: justify;\" data-sourcepos=\"11:1-11:405\">Ospital Carrera record\u00f3 que desde septiembre pasado ha presentado 27 iniciativas, muchas de ellas enfocadas en temas de gran relevancia para la sociedad queretana, como la muerte civil para servidores p\u00fablicos corruptos y la no prescripci\u00f3n de delitos sexuales contra menores de edad.<\/p>\n<\/p>\n<p>&nbsp;<\/p>\n<p style=\"text-align: justify;\" data-sourcepos=\"11:1-11:405\">Sin embargo, lament\u00f3 que hasta el momento solo una de ellas haya sido dictaminada y ninguna haya sido turnada al Pleno.<\/p>\n<p>&nbsp;<\/p>\n<p style=\"text-align: justify;\" data-sourcepos=\"13:1-13:299\">&#8220;Es importante que los diputados nos sentemos y busquemos los puntos en com\u00fan para poder avanzar en las iniciativas que realmente beneficien a Quer\u00e9taro. Estamos perdiendo un tiempo valioso y los ciudadanos se est\u00e1n dando cuenta de que no estamos trabajando como deber\u00edamos&#8221;, enfatiz\u00f3 el legislador.<\/p>\n<p>&nbsp;<\/p>\n<p style=\"text-align: justify;\" data-sourcepos=\"15:1-15:289\">Ospital Carrera hizo un llamado a sus compa\u00f1eros a dejar de lado las diferencias partidistas y a trabajar en conjunto por el bien del estado. &#8220;Tenemos que demostrar que somos capaces de legislar a favor de los queretanos y no solo de nuestros intereses personales o partidistas&#8221;, concluy\u00f3.<\/p>\n<p>&nbsp;<\/p>\n<p style=\"text-align: center;\" data-sourcepos=\"15:1-15:289\"><em><strong>\u00a1Informaci\u00f3n que transforma!<\/strong><\/em><\/p>\n","protected":false},"excerpt":{"rendered":"<p>El legislador queretano, Paul Ospital Carrera, ha mostrado su preocupaci\u00f3n por la baja productividad del Congreso local. En entrevista, el diputado priista asegur\u00f3 que &#8220;este primer trimestre ha sido el m\u00e1s improductivo de la historia legislativa moderna&#8221;.<\/p>\n","protected":false},"author":3,"featured_media":9010,"comment_status":"open","ping_status":"open","sticky":false,"template":"","format":"standard","meta":{"footnotes":""},"categories":[42,58],"tags":[2893,2895,2894,133],"class_list":["post-9008","post","type-post","status-publish","format-standard","has-post-thumbnail","hentry","category-estado","category-ultima-hora","tag-congresolocal","tag-ospitalcarrera","tag-productividadlegislativa","tag-queretaro"],"yoast_head":"<!-- This site is optimized with the Yoast SEO plugin v25.0 - https:\/\/yoast.com\/wordpress\/plugins\/seo\/ -->\n<title>Paul Ospital exige mayor productividad en el Congreso de Quer\u00e9taro: &quot;Estamos perdiendo el tiempo&quot; | Nexo Informativo Santiago de Quer\u00e9taro<\/title>\n<meta name=\"description\" content=\"Paul Ospital exige mayor productividad en el Congreso de Quer\u00e9taro: &quot;Estamos perdiendo el tiempo&quot;\" \/>\n<meta name=\"robots\" content=\"index, follow, max-snippet:-1, max-image-preview:large, max-video-preview:-1\" \/>\n<link rel=\"canonical\" href=\"https:\/\/www.nexoinformativo.mx\/index.php\/2024\/12\/29\/paul-ospital-exige-mayor-productividad-en-el-congreso-de-queretaro-estamos-perdiendo-el-tiempo\/\" \/>\n<meta property=\"og:locale\" content=\"es_MX\" \/>\n<meta property=\"og:type\" content=\"article\" \/>\n<meta property=\"og:title\" content=\"Paul Ospital exige mayor productividad en el Congreso de Quer\u00e9taro: &quot;Estamos perdiendo el tiempo&quot; | Nexo Informativo Santiago de Quer\u00e9taro\" \/>\n<meta property=\"og:description\" content=\"Paul Ospital exige mayor productividad en el Congreso de Quer\u00e9taro: &quot;Estamos perdiendo el tiempo&quot;\" \/>\n<meta property=\"og:url\" content=\"https:\/\/www.nexoinformativo.mx\/index.php\/2024\/12\/29\/paul-ospital-exige-mayor-productividad-en-el-congreso-de-queretaro-estamos-perdiendo-el-tiempo\/\" \/>\n<meta property=\"og:site_name\" content=\"Nexo Informativo Santiago de Quer\u00e9taro\" \/>\n<meta property=\"article:publisher\" content=\"https:\/\/www.facebook.com\/people\/Nexo-Informativo\/61564066885511\/\" \/>\n<meta property=\"article:published_time\" content=\"2024-12-29T18:00:33+00:00\" \/>\n<meta property=\"article:modified_time\" content=\"2024-12-29T21:09:16+00:00\" \/>\n<meta property=\"og:image\" content=\"https:\/\/www.nexoinformativo.mx\/wp-content\/uploads\/2024\/12\/PHOTO-2024-12-29-11-28-51-e1735506409782.jpg\" \/>\n\t<meta property=\"og:image:width\" content=\"700\" \/>\n\t<meta property=\"og:image:height\" content=\"1051\" \/>\n\t<meta property=\"og:image:type\" content=\"image\/jpeg\" \/>\n<meta name=\"author\" content=\"Nexo Informativo\" \/>\n<meta name=\"twitter:card\" content=\"summary_large_image\" \/>\n<meta name=\"twitter:label1\" content=\"Escrito por\" \/>\n\t<meta name=\"twitter:data1\" content=\"Nexo Informativo\" \/>\n\t<meta name=\"twitter:label2\" content=\"Tiempo de lectura\" \/>\n\t<meta name=\"twitter:data2\" content=\"2 minutos\" \/>\n<script type=\"application\/ld+json\" class=\"yoast-schema-graph\">{\"@context\":\"https:\/\/schema.org\",\"@graph\":[{\"@type\":\"Article\",\"@id\":\"https:\/\/www.nexoinformativo.mx\/index.php\/2024\/12\/29\/paul-ospital-exige-mayor-productividad-en-el-congreso-de-queretaro-estamos-perdiendo-el-tiempo\/#article\",\"isPartOf\":{\"@id\":\"https:\/\/www.nexoinformativo.mx\/index.php\/2024\/12\/29\/paul-ospital-exige-mayor-productividad-en-el-congreso-de-queretaro-estamos-perdiendo-el-tiempo\/\"},\"author\":{\"name\":\"Nexo Informativo\",\"@id\":\"https:\/\/www.nexoinformativo.mx\/#\/schema\/person\/7749d380ba08c8ca00d7bc76fd907b7d\"},\"headline\":\"Paul Ospital exige mayor productividad en el Congreso de Quer\u00e9taro: &#8220;Estamos perdiendo el tiempo&#8221;\",\"datePublished\":\"2024-12-29T18:00:33+00:00\",\"dateModified\":\"2024-12-29T21:09:16+00:00\",\"mainEntityOfPage\":{\"@id\":\"https:\/\/www.nexoinformativo.mx\/index.php\/2024\/12\/29\/paul-ospital-exige-mayor-productividad-en-el-congreso-de-queretaro-estamos-perdiendo-el-tiempo\/\"},\"wordCount\":227,\"commentCount\":0,\"publisher\":{\"@id\":\"https:\/\/www.nexoinformativo.mx\/#organization\"},\"image\":{\"@id\":\"https:\/\/www.nexoinformativo.mx\/index.php\/2024\/12\/29\/paul-ospital-exige-mayor-productividad-en-el-congreso-de-queretaro-estamos-perdiendo-el-tiempo\/#primaryimage\"},\"thumbnailUrl\":\"https:\/\/www.nexoinformativo.mx\/wp-content\/uploads\/2024\/12\/PHOTO-2024-12-29-11-28-51-e1735506409782.jpg\",\"keywords\":[\"CongresoLocal\",\"OspitalCarrera\",\"ProductividadLegislativa\",\"Quer\u00e9taro\"],\"articleSection\":[\"Estado\",\"\u00daltima Hora\"],\"inLanguage\":\"es\",\"potentialAction\":[{\"@type\":\"CommentAction\",\"name\":\"Comment\",\"target\":[\"https:\/\/www.nexoinformativo.mx\/index.php\/2024\/12\/29\/paul-ospital-exige-mayor-productividad-en-el-congreso-de-queretaro-estamos-perdiendo-el-tiempo\/#respond\"]}]},{\"@type\":\"WebPage\",\"@id\":\"https:\/\/www.nexoinformativo.mx\/index.php\/2024\/12\/29\/paul-ospital-exige-mayor-productividad-en-el-congreso-de-queretaro-estamos-perdiendo-el-tiempo\/\",\"url\":\"https:\/\/www.nexoinformativo.mx\/index.php\/2024\/12\/29\/paul-ospital-exige-mayor-productividad-en-el-congreso-de-queretaro-estamos-perdiendo-el-tiempo\/\",\"name\":\"Paul Ospital exige mayor productividad en el Congreso de Quer\u00e9taro: \\\"Estamos perdiendo el tiempo\\\" | Nexo Informativo Santiago de Quer\u00e9taro\",\"isPartOf\":{\"@id\":\"https:\/\/www.nexoinformativo.mx\/#website\"},\"primaryImageOfPage\":{\"@id\":\"https:\/\/www.nexoinformativo.mx\/index.php\/2024\/12\/29\/paul-ospital-exige-mayor-productividad-en-el-congreso-de-queretaro-estamos-perdiendo-el-tiempo\/#primaryimage\"},\"image\":{\"@id\":\"https:\/\/www.nexoinformativo.mx\/index.php\/2024\/12\/29\/paul-ospital-exige-mayor-productividad-en-el-congreso-de-queretaro-estamos-perdiendo-el-tiempo\/#primaryimage\"},\"thumbnailUrl\":\"https:\/\/www.nexoinformativo.mx\/wp-content\/uploads\/2024\/12\/PHOTO-2024-12-29-11-28-51-e1735506409782.jpg\",\"datePublished\":\"2024-12-29T18:00:33+00:00\",\"dateModified\":\"2024-12-29T21:09:16+00:00\",\"description\":\"Paul Ospital exige mayor productividad en el Congreso de Quer\u00e9taro: \\\"Estamos perdiendo el tiempo\\\"\",\"breadcrumb\":{\"@id\":\"https:\/\/www.nexoinformativo.mx\/index.php\/2024\/12\/29\/paul-ospital-exige-mayor-productividad-en-el-congreso-de-queretaro-estamos-perdiendo-el-tiempo\/#breadcrumb\"},\"inLanguage\":\"es\",\"potentialAction\":[{\"@type\":\"ReadAction\",\"target\":[\"https:\/\/www.nexoinformativo.mx\/index.php\/2024\/12\/29\/paul-ospital-exige-mayor-productividad-en-el-congreso-de-queretaro-estamos-perdiendo-el-tiempo\/\"]}]},{\"@type\":\"ImageObject\",\"inLanguage\":\"es\",\"@id\":\"https:\/\/www.nexoinformativo.mx\/index.php\/2024\/12\/29\/paul-ospital-exige-mayor-productividad-en-el-congreso-de-queretaro-estamos-perdiendo-el-tiempo\/#primaryimage\",\"url\":\"https:\/\/www.nexoinformativo.mx\/wp-content\/uploads\/2024\/12\/PHOTO-2024-12-29-11-28-51-e1735506409782.jpg\",\"contentUrl\":\"https:\/\/www.nexoinformativo.mx\/wp-content\/uploads\/2024\/12\/PHOTO-2024-12-29-11-28-51-e1735506409782.jpg\",\"width\":700,\"height\":1051},{\"@type\":\"BreadcrumbList\",\"@id\":\"https:\/\/www.nexoinformativo.mx\/index.php\/2024\/12\/29\/paul-ospital-exige-mayor-productividad-en-el-congreso-de-queretaro-estamos-perdiendo-el-tiempo\/#breadcrumb\",\"itemListElement\":[{\"@type\":\"ListItem\",\"position\":1,\"name\":\"Inicio\",\"item\":\"https:\/\/www.nexoinformativo.mx\/\"},{\"@type\":\"ListItem\",\"position\":2,\"name\":\"Paul Ospital exige mayor productividad en el Congreso de Quer\u00e9taro: &#8220;Estamos perdiendo el tiempo&#8221;\"}]},{\"@type\":\"WebSite\",\"@id\":\"https:\/\/www.nexoinformativo.mx\/#website\",\"url\":\"https:\/\/www.nexoinformativo.mx\/\",\"name\":\"Nexo Informativo Santiago de Quer\u00e9taro\",\"description\":\"Explora NexoInformativo y convi\u00e9rtete en parte de una comunidad que valora el conocimiento y la verdad. Tu nexoinformativo es tu puente hacia una comprensi\u00f3n m\u00e1s profunda del mundo que te rodea.\",\"publisher\":{\"@id\":\"https:\/\/www.nexoinformativo.mx\/#organization\"},\"potentialAction\":[{\"@type\":\"SearchAction\",\"target\":{\"@type\":\"EntryPoint\",\"urlTemplate\":\"https:\/\/www.nexoinformativo.mx\/?s={search_term_string}\"},\"query-input\":{\"@type\":\"PropertyValueSpecification\",\"valueRequired\":true,\"valueName\":\"search_term_string\"}}],\"inLanguage\":\"es\"},{\"@type\":\"Organization\",\"@id\":\"https:\/\/www.nexoinformativo.mx\/#organization\",\"name\":\"Nexo Informativo Santiago de Quer\u00e9taro\",\"url\":\"https:\/\/www.nexoinformativo.mx\/\",\"logo\":{\"@type\":\"ImageObject\",\"inLanguage\":\"es\",\"@id\":\"https:\/\/www.nexoinformativo.mx\/#\/schema\/logo\/image\/\",\"url\":\"https:\/\/www.nexoinformativo.mx\/wp-content\/uploads\/2024\/07\/nexoi-trasparente-2.png\",\"contentUrl\":\"https:\/\/www.nexoinformativo.mx\/wp-content\/uploads\/2024\/07\/nexoi-trasparente-2.png\",\"width\":816,\"height\":339,\"caption\":\"Nexo Informativo Santiago de Quer\u00e9taro\"},\"image\":{\"@id\":\"https:\/\/www.nexoinformativo.mx\/#\/schema\/logo\/image\/\"},\"sameAs\":[\"https:\/\/www.facebook.com\/people\/Nexo-Informativo\/61564066885511\/\"]},{\"@type\":\"Person\",\"@id\":\"https:\/\/www.nexoinformativo.mx\/#\/schema\/person\/7749d380ba08c8ca00d7bc76fd907b7d\",\"name\":\"Nexo Informativo\",\"image\":{\"@type\":\"ImageObject\",\"inLanguage\":\"es\",\"@id\":\"https:\/\/www.nexoinformativo.mx\/#\/schema\/person\/image\/\",\"url\":\"https:\/\/secure.gravatar.com\/avatar\/dde2928154642a13d95f87ddf1ea9718fe2b46760a005c53e41ff5ad610704e6?s=96&d=mm&r=g\",\"contentUrl\":\"https:\/\/secure.gravatar.com\/avatar\/dde2928154642a13d95f87ddf1ea9718fe2b46760a005c53e41ff5ad610704e6?s=96&d=mm&r=g\",\"caption\":\"Nexo Informativo\"},\"url\":\"https:\/\/www.nexoinformativo.mx\/index.php\/author\/edicion\/\"}]}<\/script>\n<!-- \/ Yoast SEO plugin. -->","yoast_head_json":{"title":"Paul Ospital exige mayor productividad en el Congreso de Quer\u00e9taro: \"Estamos perdiendo el tiempo\" | Nexo Informativo Santiago de Quer\u00e9taro","description":"Paul Ospital exige mayor productividad en el Congreso de Quer\u00e9taro: \"Estamos perdiendo el tiempo\"","robots":{"index":"index","follow":"follow","max-snippet":"max-snippet:-1","max-image-preview":"max-image-preview:large","max-video-preview":"max-video-preview:-1"},"canonical":"https:\/\/www.nexoinformativo.mx\/index.php\/2024\/12\/29\/paul-ospital-exige-mayor-productividad-en-el-congreso-de-queretaro-estamos-perdiendo-el-tiempo\/","og_locale":"es_MX","og_type":"article","og_title":"Paul Ospital exige mayor productividad en el Congreso de Quer\u00e9taro: \"Estamos perdiendo el tiempo\" | Nexo Informativo Santiago de Quer\u00e9taro","og_description":"Paul Ospital exige mayor productividad en el Congreso de Quer\u00e9taro: \"Estamos perdiendo el tiempo\"","og_url":"https:\/\/www.nexoinformativo.mx\/index.php\/2024\/12\/29\/paul-ospital-exige-mayor-productividad-en-el-congreso-de-queretaro-estamos-perdiendo-el-tiempo\/","og_site_name":"Nexo Informativo Santiago de Quer\u00e9taro","article_publisher":"https:\/\/www.facebook.com\/people\/Nexo-Informativo\/61564066885511\/","article_published_time":"2024-12-29T18:00:33+00:00","article_modified_time":"2024-12-29T21:09:16+00:00","og_image":[{"width":700,"height":1051,"url":"https:\/\/www.nexoinformativo.mx\/wp-content\/uploads\/2024\/12\/PHOTO-2024-12-29-11-28-51-e1735506409782.jpg","type":"image\/jpeg"}],"author":"Nexo Informativo","twitter_card":"summary_large_image","twitter_misc":{"Escrito por":"Nexo Informativo","Tiempo de lectura":"2 minutos"},"schema":{"@context":"https:\/\/schema.org","@graph":[{"@type":"Article","@id":"https:\/\/www.nexoinformativo.mx\/index.php\/2024\/12\/29\/paul-ospital-exige-mayor-productividad-en-el-congreso-de-queretaro-estamos-perdiendo-el-tiempo\/#article","isPartOf":{"@id":"https:\/\/www.nexoinformativo.mx\/index.php\/2024\/12\/29\/paul-ospital-exige-mayor-productividad-en-el-congreso-de-queretaro-estamos-perdiendo-el-tiempo\/"},"author":{"name":"Nexo Informativo","@id":"https:\/\/www.nexoinformativo.mx\/#\/schema\/person\/7749d380ba08c8ca00d7bc76fd907b7d"},"headline":"Paul Ospital exige mayor productividad en el Congreso de Quer\u00e9taro: &#8220;Estamos perdiendo el tiempo&#8221;","datePublished":"2024-12-29T18:00:33+00:00","dateModified":"2024-12-29T21:09:16+00:00","mainEntityOfPage":{"@id":"https:\/\/www.nexoinformativo.mx\/index.php\/2024\/12\/29\/paul-ospital-exige-mayor-productividad-en-el-congreso-de-queretaro-estamos-perdiendo-el-tiempo\/"},"wordCount":227,"commentCount":0,"publisher":{"@id":"https:\/\/www.nexoinformativo.mx\/#organization"},"image":{"@id":"https:\/\/www.nexoinformativo.mx\/index.php\/2024\/12\/29\/paul-ospital-exige-mayor-productividad-en-el-congreso-de-queretaro-estamos-perdiendo-el-tiempo\/#primaryimage"},"thumbnailUrl":"https:\/\/www.nexoinformativo.mx\/wp-content\/uploads\/2024\/12\/PHOTO-2024-12-29-11-28-51-e1735506409782.jpg","keywords":["CongresoLocal","OspitalCarrera","ProductividadLegislativa","Quer\u00e9taro"],"articleSection":["Estado","\u00daltima Hora"],"inLanguage":"es","potentialAction":[{"@type":"CommentAction","name":"Comment","target":["https:\/\/www.nexoinformativo.mx\/index.php\/2024\/12\/29\/paul-ospital-exige-mayor-productividad-en-el-congreso-de-queretaro-estamos-perdiendo-el-tiempo\/#respond"]}]},{"@type":"WebPage","@id":"https:\/\/www.nexoinformativo.mx\/index.php\/2024\/12\/29\/paul-ospital-exige-mayor-productividad-en-el-congreso-de-queretaro-estamos-perdiendo-el-tiempo\/","url":"https:\/\/www.nexoinformativo.mx\/index.php\/2024\/12\/29\/paul-ospital-exige-mayor-productividad-en-el-congreso-de-queretaro-estamos-perdiendo-el-tiempo\/","name":"Paul Ospital exige mayor productividad en el Congreso de Quer\u00e9taro: \"Estamos perdiendo el tiempo\" | Nexo Informativo Santiago de Quer\u00e9taro","isPartOf":{"@id":"https:\/\/www.nexoinformativo.mx\/#website"},"primaryImageOfPage":{"@id":"https:\/\/www.nexoinformativo.mx\/index.php\/2024\/12\/29\/paul-ospital-exige-mayor-productividad-en-el-congreso-de-queretaro-estamos-perdiendo-el-tiempo\/#primaryimage"},"image":{"@id":"https:\/\/www.nexoinformativo.mx\/index.php\/2024\/12\/29\/paul-ospital-exige-mayor-productividad-en-el-congreso-de-queretaro-estamos-perdiendo-el-tiempo\/#primaryimage"},"thumbnailUrl":"https:\/\/www.nexoinformativo.mx\/wp-content\/uploads\/2024\/12\/PHOTO-2024-12-29-11-28-51-e1735506409782.jpg","datePublished":"2024-12-29T18:00:33+00:00","dateModified":"2024-12-29T21:09:16+00:00","description":"Paul Ospital exige mayor productividad en el Congreso de Quer\u00e9taro: \"Estamos perdiendo el tiempo\"","breadcrumb":{"@id":"https:\/\/www.nexoinformativo.mx\/index.php\/2024\/12\/29\/paul-ospital-exige-mayor-productividad-en-el-congreso-de-queretaro-estamos-perdiendo-el-tiempo\/#breadcrumb"},"inLanguage":"es","potentialAction":[{"@type":"ReadAction","target":["https:\/\/www.nexoinformativo.mx\/index.php\/2024\/12\/29\/paul-ospital-exige-mayor-productividad-en-el-congreso-de-queretaro-estamos-perdiendo-el-tiempo\/"]}]},{"@type":"ImageObject","inLanguage":"es","@id":"https:\/\/www.nexoinformativo.mx\/index.php\/2024\/12\/29\/paul-ospital-exige-mayor-productividad-en-el-congreso-de-queretaro-estamos-perdiendo-el-tiempo\/#primaryimage","url":"https:\/\/www.nexoinformativo.mx\/wp-content\/uploads\/2024\/12\/PHOTO-2024-12-29-11-28-51-e1735506409782.jpg","contentUrl":"https:\/\/www.nexoinformativo.mx\/wp-content\/uploads\/2024\/12\/PHOTO-2024-12-29-11-28-51-e1735506409782.jpg","width":700,"height":1051},{"@type":"BreadcrumbList","@id":"https:\/\/www.nexoinformativo.mx\/index.php\/2024\/12\/29\/paul-ospital-exige-mayor-productividad-en-el-congreso-de-queretaro-estamos-perdiendo-el-tiempo\/#breadcrumb","itemListElement":[{"@type":"ListItem","position":1,"name":"Inicio","item":"https:\/\/www.nexoinformativo.mx\/"},{"@type":"ListItem","position":2,"name":"Paul Ospital exige mayor productividad en el Congreso de Quer\u00e9taro: &#8220;Estamos perdiendo el tiempo&#8221;"}]},{"@type":"WebSite","@id":"https:\/\/www.nexoinformativo.mx\/#website","url":"https:\/\/www.nexoinformativo.mx\/","name":"Nexo Informativo Santiago de Quer\u00e9taro","description":"Explora NexoInformativo y convi\u00e9rtete en parte de una comunidad que valora el conocimiento y la verdad. Tu nexoinformativo es tu puente hacia una comprensi\u00f3n m\u00e1s profunda del mundo que te rodea.","publisher":{"@id":"https:\/\/www.nexoinformativo.mx\/#organization"},"potentialAction":[{"@type":"SearchAction","target":{"@type":"EntryPoint","urlTemplate":"https:\/\/www.nexoinformativo.mx\/?s={search_term_string}"},"query-input":{"@type":"PropertyValueSpecification","valueRequired":true,"valueName":"search_term_string"}}],"inLanguage":"es"},{"@type":"Organization","@id":"https:\/\/www.nexoinformativo.mx\/#organization","name":"Nexo Informativo Santiago de Quer\u00e9taro","url":"https:\/\/www.nexoinformativo.mx\/","logo":{"@type":"ImageObject","inLanguage":"es","@id":"https:\/\/www.nexoinformativo.mx\/#\/schema\/logo\/image\/","url":"https:\/\/www.nexoinformativo.mx\/wp-content\/uploads\/2024\/07\/nexoi-trasparente-2.png","contentUrl":"https:\/\/www.nexoinformativo.mx\/wp-content\/uploads\/2024\/07\/nexoi-trasparente-2.png","width":816,"height":339,"caption":"Nexo Informativo Santiago de Quer\u00e9taro"},"image":{"@id":"https:\/\/www.nexoinformativo.mx\/#\/schema\/logo\/image\/"},"sameAs":["https:\/\/www.facebook.com\/people\/Nexo-Informativo\/61564066885511\/"]},{"@type":"Person","@id":"https:\/\/www.nexoinformativo.mx\/#\/schema\/person\/7749d380ba08c8ca00d7bc76fd907b7d","name":"Nexo Informativo","image":{"@type":"ImageObject","inLanguage":"es","@id":"https:\/\/www.nexoinformativo.mx\/#\/schema\/person\/image\/","url":"https:\/\/secure.gravatar.com\/avatar\/dde2928154642a13d95f87ddf1ea9718fe2b46760a005c53e41ff5ad610704e6?s=96&d=mm&r=g","contentUrl":"https:\/\/secure.gravatar.com\/avatar\/dde2928154642a13d95f87ddf1ea9718fe2b46760a005c53e41ff5ad610704e6?s=96&d=mm&r=g","caption":"Nexo Informativo"},"url":"https:\/\/www.nexoinformativo.mx\/index.php\/author\/edicion\/"}]}},"_links":{"self":[{"href":"https:\/\/www.nexoinformativo.mx\/index.php\/wp-json\/wp\/v2\/posts\/9008","targetHints":{"allow":["GET"]}}],"collection":[{"href":"https:\/\/www.nexoinformativo.mx\/index.php\/wp-json\/wp\/v2\/posts"}],"about":[{"href":"https:\/\/www.nexoinformativo.mx\/index.php\/wp-json\/wp\/v2\/types\/post"}],"author":[{"embeddable":true,"href":"https:\/\/www.nexoinformativo.mx\/index.php\/wp-json\/wp\/v2\/users\/3"}],"replies":[{"embeddable":true,"href":"https:\/\/www.nexoinformativo.mx\/index.php\/wp-json\/wp\/v2\/comments?post=9008"}],"version-history":[{"count":5,"href":"https:\/\/www.nexoinformativo.mx\/index.php\/wp-json\/wp\/v2\/posts\/9008\/revisions"}],"predecessor-version":[{"id":9012,"href":"https:\/\/www.nexoinformativo.mx\/index.php\/wp-json\/wp\/v2\/posts\/9008\/revisions\/9012"}],"wp:featuredmedia":[{"embeddable":true,"href":"https:\/\/www.nexoinformativo.mx\/index.php\/wp-json\/wp\/v2\/media\/9010"}],"wp:attachment":[{"href":"https:\/\/www.nexoinformativo.mx\/index.php\/wp-json\/wp\/v2\/media?parent=9008"}],"wp:term":[{"taxonomy":"category","embeddable":true,"href":"https:\/\/www.nexoinformativo.mx\/index.php\/wp-json\/wp\/v2\/categories?post=9008"},{"taxonomy":"post_tag","embeddable":true,"href":"https:\/\/www.nexoinformativo.mx\/index.php\/wp-json\/wp\/v2\/tags?post=9008"}],"curies":[{"name":"wp","href":"https:\/\/api.w.org\/{rel}","templated":true}]}}